{"id":170565,"date":"2023-07-18T16:08:28","date_gmt":"2023-07-18T23:08:28","guid":{"rendered":"https:\/\/www.sonoraenequipo.com.mx\/?p=170565"},"modified":"2023-07-18T18:57:49","modified_gmt":"2023-07-19T01:57:49","slug":"dan-pena-conjunta-de-mas-de-76-anos-de-prision-a-dos-sujetos-por-el-asesinato-del-comte-saulmartinez-de-la-amic","status":"publish","type":"post","link":"https:\/\/www.sonoraenequipo.com.mx\/dan-pena-conjunta-de-mas-de-76-anos-de-prision-a-dos-sujetos-por-el-asesinato-del-comte-saulmartinez-de-la-amic\/","title":{"rendered":"Dan pena conjunta de\u00a0 m\u00e1s de 76 a\u00f1os de prisi\u00f3n a dos sujetos por el asesinato del Comte. Sa\u00falMart\u00ednez , de la AMIC"},"content":{"rendered":"<p><strong>HERMOSILLO, SONORA,MX.<\/strong><strong>\u2500\u2500<\/strong> Dos homicidas del comandante(Comte.) de la AMIC, Jos\u00e9 Sa\u00fal Mart\u00ednez Trillas, quien fue asesinado el 30 de julio de 2021 en Magdalena de Kino, fueron sentenciados por el Juez a 38 a\u00f1os, 7 meses y 15 d\u00edas de prisi\u00f3n cada uno, condena dictada con base a las pruebas presentadas por la Fiscal\u00eda General de Justicia del Estado de Sonora (FGJE) durante el juicio.<\/p>\n<p>&nbsp;<\/p>\n<p>Tanto Gabriel Arturo \u201cN.\u201d, conocido como \u201cEl Lito\u201d, de 33 a\u00f1os de edad, como Francisco Tadeo \u201cN.\u201d, \u201cEl Bucho\u201d, de 31 a\u00f1os, recibieron cada uno la misma condena, adem\u00e1s, ambos deber\u00e1n pagar de manera conjunta la cantidad de 119 mil 15.36 pesos como multa y reparaci\u00f3n del da\u00f1o a favor de la familia de la v\u00edctima.<\/p>\n<p>&nbsp;<\/p>\n<p>El equipo de Litigaci\u00f3n de la Vicefiscal\u00eda de Control de Procesos de la Fiscal\u00eda de Sonora present\u00f3 s\u00f3lidas pruebas recopiladas durante las investigaciones que demostraron la participaci\u00f3n de ambos sujetos en el delito de homicidio calificado con premeditaci\u00f3n, alevos\u00eda y ventaja, as\u00ed como por asociaci\u00f3n delictuosa.<\/p>\n<p>&nbsp;<\/p>\n<p>El asesinato de Jos\u00e9 Sa\u00fal Mart\u00ednez Trillas ocurri\u00f3 el 30 de julio de 2021, cuando fung\u00eda como Jefe de Grupo de la Base Operativa de la Agencia Ministerial de Investigaci\u00f3n Criminal (AMIC) en S\u00e1ric. El incidente tuvo lugar en la colonia San Isidro, en Magdalena de Kino, Sonora, a la altura del kil\u00f3metro 01+500 de la carretera a Tubutama.<\/p>\n<p>&nbsp;<\/p>\n<p>Varios sujetos, portando armas de fuego, en su mayor\u00eda de alto calibre, emboscaron al mando policiaco cuando circulaba por la r\u00faa a bordo de su veh\u00edculo Ford Explorer, color blanco, modelo 1996. Como consecuencia de las heridas el agente ministerial falleci\u00f3 en el sitio mientras los atacantes huyeron en diversos veh\u00edculos.<\/p>\n<p>&nbsp;<\/p>\n<p>Con el trabajo de investigaci\u00f3n de gabinete y campo realizado por personal de la Fiscal\u00eda de Sonora, se logr\u00f3 establecer la participaci\u00f3n de Gabriel Arturo \u201cN.\u201d y Francisco Tadeo \u201cN.\u201d, quienes en acciones diversas fueron aprehendidos con base a mandatos judiciales cumplimentados en su momento.<\/p>\n<p>&nbsp;<\/p>\n<p>El personal de la Fiscal\u00eda de Sonora llev\u00f3 a cabo el trabajo de investigaci\u00f3n exhaustivo, combinando la investigaci\u00f3n de gabinete y campo, lo que permiti\u00f3 establecer la participaci\u00f3n de Gabriel Arturo \u201cN.\u201d y Francisco Tadeo \u201cN.\u201d, ambos capturados mediante el cumplimiento de mandatos judiciales en su contra.<\/p>\n<p>&nbsp;<\/p>\n<p>La condena reafirma el compromiso de la Fiscal\u00eda de Sonora en castigar a quienes cometen actos criminales, especialmente aquellos que atentan contra la vida de miembros del servicio p\u00fablico encargados de velar por la seguridad y el orden en la sociedad.<\/p>\n<p>&nbsp;<\/p>\n<p>Adem\u00e1s, con estas acciones, la Fiscal\u00eda General de Justicia del Estado de Sonora reafirma su compromiso con las v\u00edctimas al garantizar su derecho de acceso a la justicia, brindar un servicio eficiente y justo para las v\u00edctimas y sus familias.<\/p>\n<p><strong>Fecha de publicaci\u00f3n martes 18 de julio de 2023<\/strong><\/p>\n","protected":false},"excerpt":{"rendered":"<p>HERMOSILLO, SONORA,MX.\u2500\u2500 Dos homicidas del comandante(Comte.) de la AMIC, Jos\u00e9 Sa\u00fal Mart\u00ednez Trillas, quien fue&#8230;<\/p>\n","protected":false},"author":1,"featured_media":170566,"comment_status":"open","ping_status":"open","sticky":false,"template":"","format":"standard","meta":{"_monsterinsights_skip_tracking":false,"_monsterinsights_sitenote_active":false,"_monsterinsights_sitenote_note":"","_monsterinsights_sitenote_category":0,"footnotes":""},"categories":[3144],"tags":[299,15],"class_list":["post"],"yoast_head":" \n<title>Sonora en Equipo. Dan pena conjunta de\u00a0 m\u00e1s de 76 a\u00f1os de prisi\u00f3n a dos sujetos por el asesinato del Comte. Sa\u00falMart\u00ednez , de la AMIC Polic\u00edaca<\/title>\n<meta name=\"description\" content=\"HERMOSILLO, SONORA,MX.\u2500\u2500 Dos homicidas del comandante(Comte.) de la AMIC, Jos\u00e9 Sa\u00fal Mart\u00ednez Trillas, quien fue asesinado el 30 de julio de 2021 en En Sonora en Equipo publicamos toda la informaci\u00f3n de Sonora, M\u00e9xico y el Mundo de manera oportuna y busca que la libertad de expresi\u00f3n sea real. Visita nuestro medio informativo publicado desde Hermosillo, Sonora. %\" \/>\n<meta name=\"robots\" content=\"index, follow, max-snippet:-1, max-image-preview:large, max-video-preview:-1\" \/>\n<link rel=\"canonical\" href=\"https:\/\/www.sonoraenequipo.com.mx\/dan-pena-conjunta-de-mas-de-76-anos-de-prision-a-dos-sujetos-por-el-asesinato-del-comte-saulmartinez-de-la-amic\/\" \/>\n<meta property=\"og:locale\" content=\"es_ES\" \/>\n<meta property=\"og:type\" content=\"article\" \/>\n<meta property=\"og:title\" content=\"Sonora en Equipo. Dan pena conjunta de\u00a0 m\u00e1s de 76 a\u00f1os de prisi\u00f3n a dos sujetos por el asesinato del Comte. Sa\u00falMart\u00ednez , de la AMIC Polic\u00edaca\" \/>\n<meta property=\"og:description\" content=\"HERMOSILLO, SONORA,MX.\u2500\u2500 Dos homicidas del comandante(Comte.) de la AMIC, Jos\u00e9 Sa\u00fal Mart\u00ednez Trillas, quien fue asesinado el 30 de julio de 2021 en En Sonora en Equipo publicamos toda la informaci\u00f3n de Sonora, M\u00e9xico y el Mundo de manera oportuna y busca que la libertad de expresi\u00f3n sea real. Visita nuestro medio informativo publicado desde Hermosillo, Sonora. %\" \/>\n<meta property=\"og:url\" content=\"https:\/\/www.sonoraenequipo.com.mx\/dan-pena-conjunta-de-mas-de-76-anos-de-prision-a-dos-sujetos-por-el-asesinato-del-comte-saulmartinez-de-la-amic\/\" \/>\n<meta property=\"og:site_name\" content=\"Sonora en Equipo.\" \/>\n<meta property=\"article:publisher\" content=\"https:\/\/www.facebook.com\/SonoraEE\/\" \/>\n<meta property=\"article:author\" content=\"https:\/\/www.facebook.com\/SonoraEE\" \/>\n<meta property=\"article:published_time\" content=\"2023-07-18T23:08:28+00:00\" \/>\n<meta property=\"article:modified_time\" content=\"2023-07-19T01:57:49+00:00\" \/>\n<meta property=\"og:image\" content=\"https:\/\/www.sonoraenequipo.com.mx\/storage\/2023\/07\/trillas.jpg\" \/>\n\t<meta property=\"og:image:width\" content=\"600\" \/>\n\t<meta property=\"og:image:height\" content=\"400\" \/>\n\t<meta property=\"og:image:type\" content=\"image\/jpeg\" \/>\n<meta name=\"author\" content=\"enequipo\" \/>\n<meta name=\"twitter:card\" content=\"summary_large_image\" \/>\n<meta name=\"twitter:creator\" content=\"@sonoraenequipo\" \/>\n<meta name=\"twitter:site\" content=\"@sonoraenequipo\" \/>\n<meta name=\"twitter:label1\" content=\"Escrito por\" \/>\n\t<meta name=\"twitter:data1\" content=\"enequipo\" \/>\n\t<meta name=\"twitter:label2\" content=\"Tiempo de lectura\" \/>\n\t<meta name=\"twitter:data2\" content=\"2 minutos\" \/>\n<script type=\"application\/ld+json\" class=\"yoast-schema-graph\">{\"@context\":\"https:\/\/schema.org\",\"@graph\":[{\"@type\":\"Article\",\"@id\":\"https:\/\/www.sonoraenequipo.com.mx\/dan-pena-conjunta-de-mas-de-76-anos-de-prision-a-dos-sujetos-por-el-asesinato-del-comte-saulmartinez-de-la-amic\/#article\",\"isPartOf\":{\"@id\":\"https:\/\/www.sonoraenequipo.com.mx\/dan-pena-conjunta-de-mas-de-76-anos-de-prision-a-dos-sujetos-por-el-asesinato-del-comte-saulmartinez-de-la-amic\/\"},\"author\":{\"name\":\"enequipo\",\"@id\":\"https:\/\/www.sonoraenequipo.com.mx\/#\/schema\/person\/50102df0fb23a8fa9e8effad8fa81386\"},\"headline\":\"Dan pena conjunta de\u00a0 m\u00e1s de 76 a\u00f1os de prisi\u00f3n a dos sujetos por el asesinato del Comte. Sa\u00falMart\u00ednez , de la AMIC\",\"datePublished\":\"2023-07-18T23:08:28+00:00\",\"dateModified\":\"2023-07-19T01:57:49+00:00\",\"mainEntityOfPage\":{\"@id\":\"https:\/\/www.sonoraenequipo.com.mx\/dan-pena-conjunta-de-mas-de-76-anos-de-prision-a-dos-sujetos-por-el-asesinato-del-comte-saulmartinez-de-la-amic\/\"},\"wordCount\":525,\"commentCount\":0,\"publisher\":{\"@id\":\"https:\/\/www.sonoraenequipo.com.mx\/#organization\"},\"image\":{\"@id\":\"https:\/\/www.sonoraenequipo.com.mx\/dan-pena-conjunta-de-mas-de-76-anos-de-prision-a-dos-sujetos-por-el-asesinato-del-comte-saulmartinez-de-la-amic\/#primaryimage\"},\"thumbnailUrl\":\"https:\/\/www.sonoraenequipo.com.mx\/storage\/2023\/07\/trillas.jpg\",\"keywords\":[\"inseguridad\",\"Sonora\"],\"articleSection\":[\"Polic\u00edaca\"],\"inLanguage\":\"es\",\"potentialAction\":[{\"@type\":\"CommentAction\",\"name\":\"Comment\",\"target\":[\"https:\/\/www.sonoraenequipo.com.mx\/dan-pena-conjunta-de-mas-de-76-anos-de-prision-a-dos-sujetos-por-el-asesinato-del-comte-saulmartinez-de-la-amic\/#respond\"]}]},{\"@type\":\"WebPage\",\"@id\":\"https:\/\/www.sonoraenequipo.com.mx\/dan-pena-conjunta-de-mas-de-76-anos-de-prision-a-dos-sujetos-por-el-asesinato-del-comte-saulmartinez-de-la-amic\/\",\"url\":\"https:\/\/www.sonoraenequipo.com.mx\/dan-pena-conjunta-de-mas-de-76-anos-de-prision-a-dos-sujetos-por-el-asesinato-del-comte-saulmartinez-de-la-amic\/\",\"name\":\"Sonora en Equipo. Dan pena conjunta de\u00a0 m\u00e1s de 76 a\u00f1os de prisi\u00f3n a dos sujetos por el asesinato del Comte. Sa\u00falMart\u00ednez , de la AMIC Polic\u00edaca\",\"isPartOf\":{\"@id\":\"https:\/\/www.sonoraenequipo.com.mx\/#website\"},\"primaryImageOfPage\":{\"@id\":\"https:\/\/www.sonoraenequipo.com.mx\/dan-pena-conjunta-de-mas-de-76-anos-de-prision-a-dos-sujetos-por-el-asesinato-del-comte-saulmartinez-de-la-amic\/#primaryimage\"},\"image\":{\"@id\":\"https:\/\/www.sonoraenequipo.com.mx\/dan-pena-conjunta-de-mas-de-76-anos-de-prision-a-dos-sujetos-por-el-asesinato-del-comte-saulmartinez-de-la-amic\/#primaryimage\"},\"thumbnailUrl\":\"https:\/\/www.sonoraenequipo.com.mx\/storage\/2023\/07\/trillas.jpg\",\"datePublished\":\"2023-07-18T23:08:28+00:00\",\"dateModified\":\"2023-07-19T01:57:49+00:00\",\"description\":\"HERMOSILLO, SONORA,MX.\u2500\u2500 Dos homicidas del comandante(Comte.) de la AMIC, Jos\u00e9 Sa\u00fal Mart\u00ednez Trillas, quien fue asesinado el 30 de julio de 2021 en En Sonora en Equipo publicamos toda la informaci\u00f3n de Sonora, M\u00e9xico y el Mundo de manera oportuna y busca que la libertad de expresi\u00f3n sea real. Visita nuestro medio informativo publicado desde Hermosillo, Sonora. %\",\"breadcrumb\":{\"@id\":\"https:\/\/www.sonoraenequipo.com.mx\/dan-pena-conjunta-de-mas-de-76-anos-de-prision-a-dos-sujetos-por-el-asesinato-del-comte-saulmartinez-de-la-amic\/#breadcrumb\"},\"inLanguage\":\"es\",\"potentialAction\":[{\"@type\":\"ReadAction\",\"target\":[\"https:\/\/www.sonoraenequipo.com.mx\/dan-pena-conjunta-de-mas-de-76-anos-de-prision-a-dos-sujetos-por-el-asesinato-del-comte-saulmartinez-de-la-amic\/\"]}]},{\"@type\":\"ImageObject\",\"inLanguage\":\"es\",\"@id\":\"https:\/\/www.sonoraenequipo.com.mx\/dan-pena-conjunta-de-mas-de-76-anos-de-prision-a-dos-sujetos-por-el-asesinato-del-comte-saulmartinez-de-la-amic\/#primaryimage\",\"url\":\"https:\/\/www.sonoraenequipo.com.mx\/storage\/2023\/07\/trillas.jpg\",\"contentUrl\":\"https:\/\/www.sonoraenequipo.com.mx\/storage\/2023\/07\/trillas.jpg\",\"width\":600,\"height\":400},{\"@type\":\"BreadcrumbList\",\"@id\":\"https:\/\/www.sonoraenequipo.com.mx\/dan-pena-conjunta-de-mas-de-76-anos-de-prision-a-dos-sujetos-por-el-asesinato-del-comte-saulmartinez-de-la-amic\/#breadcrumb\",\"itemListElement\":[{\"@type\":\"ListItem\",\"position\":1,\"name\":\"Portada\",\"item\":\"https:\/\/www.sonoraenequipo.com.mx\/\"},{\"@type\":\"ListItem\",\"position\":2,\"name\":\"Dan pena conjunta de\u00a0 m\u00e1s de 76 a\u00f1os de prisi\u00f3n a dos sujetos por el asesinato del Comte. Sa\u00falMart\u00ednez , de la AMIC\"}]},{\"@type\":\"WebSite\",\"@id\":\"https:\/\/www.sonoraenequipo.com.mx\/#website\",\"url\":\"https:\/\/www.sonoraenequipo.com.mx\/\",\"name\":\"Sonora en Equipo.\",\"description\":\"Diario en l\u00ednea con Noticias desde Hermosillo, Sonora\",\"publisher\":{\"@id\":\"https:\/\/www.sonoraenequipo.com.mx\/#organization\"},\"potentialAction\":[{\"@type\":\"SearchAction\",\"target\":{\"@type\":\"EntryPoint\",\"urlTemplate\":\"https:\/\/www.sonoraenequipo.com.mx\/?s={search_term_string}\"},\"query-input\":{\"@type\":\"PropertyValueSpecification\",\"valueRequired\":true,\"valueName\":\"search_term_string\"}}],\"inLanguage\":\"es\"},{\"@type\":\"Organization\",\"@id\":\"https:\/\/www.sonoraenequipo.com.mx\/#organization\",\"name\":\"Sonoraenequipo.com.mx\",\"url\":\"https:\/\/www.sonoraenequipo.com.mx\/\",\"logo\":{\"@type\":\"ImageObject\",\"inLanguage\":\"es\",\"@id\":\"https:\/\/www.sonoraenequipo.com.mx\/#\/schema\/logo\/image\/\",\"url\":\"https:\/\/www.sonoraenequipo.com.mx\/storage\/2019\/01\/sonoraenequipo_opt.png\",\"contentUrl\":\"https:\/\/www.sonoraenequipo.com.mx\/storage\/2019\/01\/sonoraenequipo_opt.png\",\"width\":375,\"height\":125,\"caption\":\"Sonoraenequipo.com.mx\"},\"image\":{\"@id\":\"https:\/\/www.sonoraenequipo.com.mx\/#\/schema\/logo\/image\/\"},\"sameAs\":[\"https:\/\/www.facebook.com\/SonoraEE\/\",\"https:\/\/x.com\/sonoraenequipo\",\"https:\/\/www.youtube.com\/channel\/UC338nW-lPEYmJQs4ZABQ1SQ\"]},{\"@type\":\"Person\",\"@id\":\"https:\/\/www.sonoraenequipo.com.mx\/#\/schema\/person\/50102df0fb23a8fa9e8effad8fa81386\",\"name\":\"enequipo\",\"image\":{\"@type\":\"ImageObject\",\"inLanguage\":\"es\",\"@id\":\"https:\/\/www.sonoraenequipo.com.mx\/#\/schema\/person\/image\/\",\"url\":\"https:\/\/secure.gravatar.com\/avatar\/049821681b589dabc0bc20695993ccebb09f5b5d4d790cd9251b97faac7c652b?s=96&d=blank&r=g\",\"contentUrl\":\"https:\/\/secure.gravatar.com\/avatar\/049821681b589dabc0bc20695993ccebb09f5b5d4d790cd9251b97faac7c652b?s=96&d=blank&r=g\",\"caption\":\"enequipo\"},\"sameAs\":[\"https:\/\/www.facebook.com\/SonoraEE\"]}]}<\/script>\n ","yoast_head_json":{"title":"Sonora en Equipo. Dan pena conjunta de\u00a0 m\u00e1s de 76 a\u00f1os de prisi\u00f3n a dos sujetos por el asesinato del Comte. Sa\u00falMart\u00ednez , de la AMIC Polic\u00edaca","description":"HERMOSILLO, SONORA,MX.\u2500\u2500 Dos homicidas del comandante(Comte.) de la AMIC, Jos\u00e9 Sa\u00fal Mart\u00ednez Trillas, quien fue asesinado el 30 de julio de 2021 en En Sonora en Equipo publicamos toda la informaci\u00f3n de Sonora, M\u00e9xico y el Mundo de manera oportuna y busca que la libertad de expresi\u00f3n sea real. Visita nuestro medio informativo publicado desde Hermosillo, Sonora. %","robots":{"index":"index","follow":"follow","max-snippet":"max-snippet:-1","max-image-preview":"max-image-preview:large","max-video-preview":"max-video-preview:-1"},"canonical":"https:\/\/www.sonoraenequipo.com.mx\/dan-pena-conjunta-de-mas-de-76-anos-de-prision-a-dos-sujetos-por-el-asesinato-del-comte-saulmartinez-de-la-amic\/","og_locale":"es_ES","og_type":"article","og_title":"Sonora en Equipo. Dan pena conjunta de\u00a0 m\u00e1s de 76 a\u00f1os de prisi\u00f3n a dos sujetos por el asesinato del Comte. Sa\u00falMart\u00ednez , de la AMIC Polic\u00edaca","og_description":"HERMOSILLO, SONORA,MX.\u2500\u2500 Dos homicidas del comandante(Comte.) de la AMIC, Jos\u00e9 Sa\u00fal Mart\u00ednez Trillas, quien fue asesinado el 30 de julio de 2021 en En Sonora en Equipo publicamos toda la informaci\u00f3n de Sonora, M\u00e9xico y el Mundo de manera oportuna y busca que la libertad de expresi\u00f3n sea real. Visita nuestro medio informativo publicado desde Hermosillo, Sonora. %","og_url":"https:\/\/www.sonoraenequipo.com.mx\/dan-pena-conjunta-de-mas-de-76-anos-de-prision-a-dos-sujetos-por-el-asesinato-del-comte-saulmartinez-de-la-amic\/","og_site_name":"Sonora en Equipo.","article_publisher":"https:\/\/www.facebook.com\/SonoraEE\/","article_author":"https:\/\/www.facebook.com\/SonoraEE","article_published_time":"2023-07-18T23:08:28+00:00","article_modified_time":"2023-07-19T01:57:49+00:00","og_image":[{"width":600,"height":400,"url":"https:\/\/www.sonoraenequipo.com.mx\/storage\/2023\/07\/trillas.jpg","type":"image\/jpeg"}],"author":"enequipo","twitter_card":"summary_large_image","twitter_creator":"@sonoraenequipo","twitter_site":"@sonoraenequipo","twitter_misc":{"Escrito por":"enequipo","Tiempo de lectura":"2 minutos"},"schema":{"@context":"https:\/\/schema.org","@graph":[{"@type":"Article","@id":"https:\/\/www.sonoraenequipo.com.mx\/dan-pena-conjunta-de-mas-de-76-anos-de-prision-a-dos-sujetos-por-el-asesinato-del-comte-saulmartinez-de-la-amic\/#article","isPartOf":{"@id":"https:\/\/www.sonoraenequipo.com.mx\/dan-pena-conjunta-de-mas-de-76-anos-de-prision-a-dos-sujetos-por-el-asesinato-del-comte-saulmartinez-de-la-amic\/"},"author":{"name":"enequipo","@id":"https:\/\/www.sonoraenequipo.com.mx\/#\/schema\/person\/50102df0fb23a8fa9e8effad8fa81386"},"headline":"Dan pena conjunta de\u00a0 m\u00e1s de 76 a\u00f1os de prisi\u00f3n a dos sujetos por el asesinato del Comte. Sa\u00falMart\u00ednez , de la AMIC","datePublished":"2023-07-18T23:08:28+00:00","dateModified":"2023-07-19T01:57:49+00:00","mainEntityOfPage":{"@id":"https:\/\/www.sonoraenequipo.com.mx\/dan-pena-conjunta-de-mas-de-76-anos-de-prision-a-dos-sujetos-por-el-asesinato-del-comte-saulmartinez-de-la-amic\/"},"wordCount":525,"commentCount":0,"publisher":{"@id":"https:\/\/www.sonoraenequipo.com.mx\/#organization"},"image":{"@id":"https:\/\/www.sonoraenequipo.com.mx\/dan-pena-conjunta-de-mas-de-76-anos-de-prision-a-dos-sujetos-por-el-asesinato-del-comte-saulmartinez-de-la-amic\/#primaryimage"},"thumbnailUrl":"https:\/\/www.sonoraenequipo.com.mx\/storage\/2023\/07\/trillas.jpg","keywords":["inseguridad","Sonora"],"articleSection":["Polic\u00edaca"],"inLanguage":"es","potentialAction":[{"@type":"CommentAction","name":"Comment","target":["https:\/\/www.sonoraenequipo.com.mx\/dan-pena-conjunta-de-mas-de-76-anos-de-prision-a-dos-sujetos-por-el-asesinato-del-comte-saulmartinez-de-la-amic\/#respond"]}]},{"@type":"WebPage","@id":"https:\/\/www.sonoraenequipo.com.mx\/dan-pena-conjunta-de-mas-de-76-anos-de-prision-a-dos-sujetos-por-el-asesinato-del-comte-saulmartinez-de-la-amic\/","url":"https:\/\/www.sonoraenequipo.com.mx\/dan-pena-conjunta-de-mas-de-76-anos-de-prision-a-dos-sujetos-por-el-asesinato-del-comte-saulmartinez-de-la-amic\/","name":"Sonora en Equipo. Dan pena conjunta de\u00a0 m\u00e1s de 76 a\u00f1os de prisi\u00f3n a dos sujetos por el asesinato del Comte. Sa\u00falMart\u00ednez , de la AMIC Polic\u00edaca","isPartOf":{"@id":"https:\/\/www.sonoraenequipo.com.mx\/#website"},"primaryImageOfPage":{"@id":"https:\/\/www.sonoraenequipo.com.mx\/dan-pena-conjunta-de-mas-de-76-anos-de-prision-a-dos-sujetos-por-el-asesinato-del-comte-saulmartinez-de-la-amic\/#primaryimage"},"image":{"@id":"https:\/\/www.sonoraenequipo.com.mx\/dan-pena-conjunta-de-mas-de-76-anos-de-prision-a-dos-sujetos-por-el-asesinato-del-comte-saulmartinez-de-la-amic\/#primaryimage"},"thumbnailUrl":"https:\/\/www.sonoraenequipo.com.mx\/storage\/2023\/07\/trillas.jpg","datePublished":"2023-07-18T23:08:28+00:00","dateModified":"2023-07-19T01:57:49+00:00","description":"HERMOSILLO, SONORA,MX.\u2500\u2500 Dos homicidas del comandante(Comte.) de la AMIC, Jos\u00e9 Sa\u00fal Mart\u00ednez Trillas, quien fue asesinado el 30 de julio de 2021 en En Sonora en Equipo publicamos toda la informaci\u00f3n de Sonora, M\u00e9xico y el Mundo de manera oportuna y busca que la libertad de expresi\u00f3n sea real. Visita nuestro medio informativo publicado desde Hermosillo, Sonora. %","breadcrumb":{"@id":"https:\/\/www.sonoraenequipo.com.mx\/dan-pena-conjunta-de-mas-de-76-anos-de-prision-a-dos-sujetos-por-el-asesinato-del-comte-saulmartinez-de-la-amic\/#breadcrumb"},"inLanguage":"es","potentialAction":[{"@type":"ReadAction","target":["https:\/\/www.sonoraenequipo.com.mx\/dan-pena-conjunta-de-mas-de-76-anos-de-prision-a-dos-sujetos-por-el-asesinato-del-comte-saulmartinez-de-la-amic\/"]}]},{"@type":"ImageObject","inLanguage":"es","@id":"https:\/\/www.sonoraenequipo.com.mx\/dan-pena-conjunta-de-mas-de-76-anos-de-prision-a-dos-sujetos-por-el-asesinato-del-comte-saulmartinez-de-la-amic\/#primaryimage","url":"https:\/\/www.sonoraenequipo.com.mx\/storage\/2023\/07\/trillas.jpg","contentUrl":"https:\/\/www.sonoraenequipo.com.mx\/storage\/2023\/07\/trillas.jpg","width":600,"height":400},{"@type":"BreadcrumbList","@id":"https:\/\/www.sonoraenequipo.com.mx\/dan-pena-conjunta-de-mas-de-76-anos-de-prision-a-dos-sujetos-por-el-asesinato-del-comte-saulmartinez-de-la-amic\/#breadcrumb","itemListElement":[{"@type":"ListItem","position":1,"name":"Portada","item":"https:\/\/www.sonoraenequipo.com.mx\/"},{"@type":"ListItem","position":2,"name":"Dan pena conjunta de\u00a0 m\u00e1s de 76 a\u00f1os de prisi\u00f3n a dos sujetos por el asesinato del Comte. Sa\u00falMart\u00ednez , de la AMIC"}]},{"@type":"WebSite","@id":"https:\/\/www.sonoraenequipo.com.mx\/#website","url":"https:\/\/www.sonoraenequipo.com.mx\/","name":"Sonora en Equipo.","description":"Diario en l\u00ednea con Noticias desde Hermosillo, Sonora","publisher":{"@id":"https:\/\/www.sonoraenequipo.com.mx\/#organization"},"potentialAction":[{"@type":"SearchAction","target":{"@type":"EntryPoint","urlTemplate":"https:\/\/www.sonoraenequipo.com.mx\/?s={search_term_string}"},"query-input":{"@type":"PropertyValueSpecification","valueRequired":true,"valueName":"search_term_string"}}],"inLanguage":"es"},{"@type":"Organization","@id":"https:\/\/www.sonoraenequipo.com.mx\/#organization","name":"Sonoraenequipo.com.mx","url":"https:\/\/www.sonoraenequipo.com.mx\/","logo":{"@type":"ImageObject","inLanguage":"es","@id":"https:\/\/www.sonoraenequipo.com.mx\/#\/schema\/logo\/image\/","url":"https:\/\/www.sonoraenequipo.com.mx\/storage\/2019\/01\/sonoraenequipo_opt.png","contentUrl":"https:\/\/www.sonoraenequipo.com.mx\/storage\/2019\/01\/sonoraenequipo_opt.png","width":375,"height":125,"caption":"Sonoraenequipo.com.mx"},"image":{"@id":"https:\/\/www.sonoraenequipo.com.mx\/#\/schema\/logo\/image\/"},"sameAs":["https:\/\/www.facebook.com\/SonoraEE\/","https:\/\/x.com\/sonoraenequipo","https:\/\/www.youtube.com\/channel\/UC338nW-lPEYmJQs4ZABQ1SQ"]},{"@type":"Person","@id":"https:\/\/www.sonoraenequipo.com.mx\/#\/schema\/person\/50102df0fb23a8fa9e8effad8fa81386","name":"enequipo","image":{"@type":"ImageObject","inLanguage":"es","@id":"https:\/\/www.sonoraenequipo.com.mx\/#\/schema\/person\/image\/","url":"https:\/\/secure.gravatar.com\/avatar\/049821681b589dabc0bc20695993ccebb09f5b5d4d790cd9251b97faac7c652b?s=96&d=blank&r=g","contentUrl":"https:\/\/secure.gravatar.com\/avatar\/049821681b589dabc0bc20695993ccebb09f5b5d4d790cd9251b97faac7c652b?s=96&d=blank&r=g","caption":"enequipo"},"sameAs":["https:\/\/www.facebook.com\/SonoraEE"]}]}},"jetpack_featured_media_url":"https:\/\/www.sonoraenequipo.com.mx\/storage\/2023\/07\/trillas.jpg","_links":{"self":[{"href":"https:\/\/www.sonoraenequipo.com.mx\/api\/wp\/v2\/posts\/170565","targetHints":{"allow":["GET"]}}],"collection":[{"href":"https:\/\/www.sonoraenequipo.com.mx\/api\/wp\/v2\/posts"}],"about":[{"href":"https:\/\/www.sonoraenequipo.com.mx\/api\/wp\/v2\/types\/post"}],"author":[{"embeddable":true,"href":"https:\/\/www.sonoraenequipo.com.mx\/api\/wp\/v2\/users\/1"}],"replies":[{"embeddable":true,"href":"https:\/\/www.sonoraenequipo.com.mx\/api\/wp\/v2\/comments?post=170565"}],"version-history":[{"count":1,"href":"https:\/\/www.sonoraenequipo.com.mx\/api\/wp\/v2\/posts\/170565\/revisions"}],"predecessor-version":[{"id":170567,"href":"https:\/\/www.sonoraenequipo.com.mx\/api\/wp\/v2\/posts\/170565\/revisions\/170567"}],"wp:featuredmedia":[{"embeddable":true,"href":"https:\/\/www.sonoraenequipo.com.mx\/api\/wp\/v2\/media\/170566"}],"wp:attachment":[{"href":"https:\/\/www.sonoraenequipo.com.mx\/api\/wp\/v2\/media?parent=170565"}],"wp:term":[{"taxonomy":"category","embeddable":true,"href":"https:\/\/www.sonoraenequipo.com.mx\/api\/wp\/v2\/categories?post=170565"},{"taxonomy":"post_tag","embeddable":true,"href":"https:\/\/www.sonoraenequipo.com.mx\/api\/wp\/v2\/tags?post=170565"}],"curies":[{"name":"wp","href":"https:\/\/api.w.org\/{rel}","templated":true}]}}