{"id":170568,"date":"2023-07-18T15:18:09","date_gmt":"2023-07-18T22:18:09","guid":{"rendered":"https:\/\/www.sonoraenequipo.com.mx\/?p=170568"},"modified":"2023-07-18T19:00:30","modified_gmt":"2023-07-19T02:00:30","slug":"enigh-2024-del-inegi-incluira-nuevas-y-mas-inclusivas-variables-sociodemograficas","status":"publish","type":"post","link":"https:\/\/www.sonoraenequipo.com.mx\/enigh-2024-del-inegi-incluira-nuevas-y-mas-inclusivas-variables-sociodemograficas\/","title":{"rendered":"ENIGH 2024 del INEGI incluir\u00e1 nuevas y m\u00e1s inclusivas variables sociodemogr\u00e1ficas"},"content":{"rendered":"<p><strong>CIUDAD DE M\u00c9XICO.<\/strong><strong>\u2500\u2500<\/strong> El Instituto Nacional de Estad\u00edstica y Geograf\u00eda (INEGI) iniciar\u00e1 una consulta p\u00fablica para actualizar la edici\u00f3n 2024 de la Encuesta Nacional de Ingresos y Gastos de los Hogares (ENIGH).<\/p>\n<p>Con base en las mejores pr\u00e1cticas internacionales, la ENIGH 2024 adoptar\u00e1 la norma m\u00e1s reciente y ampliar\u00e1 su oferta de informaci\u00f3n con nuevas y m\u00e1s inclusivas variables sociodemogr\u00e1ficas.<\/p>\n<p>&nbsp;<\/p>\n<p>El INEGI se prepara para actualizar la metodolog\u00eda de la ENIGH 2024. Como parte de este proceso, realizar\u00e1 una consulta p\u00fablica entre el 19 de julio y el 15 de agosto de 2023.<\/p>\n<p>&nbsp;<\/p>\n<p>El objetivo es informar a las y los usuarios sobre la adopci\u00f3n de la Clasificaci\u00f3n del Consumo Individual por Finalidades (CCIF) para captar los gastos de los hogares. La clasificaci\u00f3n CCIF es la norma internacional aceptada m\u00e1s reciente.<\/p>\n<p>&nbsp;<\/p>\n<p>Asimismo, se consultar\u00e1 sobre cambios para visibilizar grupos vulnerables mediante la inclusi\u00f3n de nuevas preguntas. Estas ayudar\u00e1n a la identificaci\u00f3n de personas afrodescendientes, niveles de educaci\u00f3n inicial, razones de no asistencia escolar y acceso a servicios m\u00e9dicos.<\/p>\n<p><strong>Fecha de publicaci\u00f3n martes 18 de julio de 2023<\/strong><\/p>\n<p>&nbsp;<\/p>\n","protected":false},"excerpt":{"rendered":"<p>CIUDAD DE M\u00c9XICO.\u2500\u2500 El Instituto Nacional de Estad\u00edstica y Geograf\u00eda (INEGI) iniciar\u00e1 una consulta p\u00fablica&#8230;<\/p>\n","protected":false},"author":1,"featured_media":170569,"comment_status":"open","ping_status":"open","sticky":false,"template":"","format":"standard","meta":{"_monsterinsights_skip_tracking":false,"_monsterinsights_sitenote_active":false,"_monsterinsights_sitenote_note":"","_monsterinsights_sitenote_category":0,"footnotes":""},"categories":[6493],"tags":[3329,5213],"class_list":["post"],"yoast_head":" \n<title>Sonora en Equipo. ENIGH 2024 del INEGI incluir\u00e1 nuevas y m\u00e1s inclusivas variables sociodemogr\u00e1ficas PALABRAS Y N\u00daMEROS<\/title>\n<meta name=\"description\" content=\"CIUDAD DE M\u00c9XICO.\u2500\u2500 El Instituto Nacional de Estad\u00edstica y Geograf\u00eda (INEGI) iniciar\u00e1 una consulta p\u00fablica para actualizar la edici\u00f3n 2024 de la Encuesta En Sonora en Equipo publicamos toda la informaci\u00f3n de Sonora, M\u00e9xico y el Mundo de manera oportuna y busca que la libertad de expresi\u00f3n sea real. Visita nuestro medio informativo publicado desde Hermosillo, Sonora. %\" \/>\n<meta name=\"robots\" content=\"index, follow, max-snippet:-1, max-image-preview:large, max-video-preview:-1\" \/>\n<link rel=\"canonical\" href=\"https:\/\/www.sonoraenequipo.com.mx\/enigh-2024-del-inegi-incluira-nuevas-y-mas-inclusivas-variables-sociodemograficas\/\" \/>\n<meta property=\"og:locale\" content=\"es_ES\" \/>\n<meta property=\"og:type\" content=\"article\" \/>\n<meta property=\"og:title\" content=\"Sonora en Equipo. ENIGH 2024 del INEGI incluir\u00e1 nuevas y m\u00e1s inclusivas variables sociodemogr\u00e1ficas PALABRAS Y N\u00daMEROS\" \/>\n<meta property=\"og:description\" content=\"CIUDAD DE M\u00c9XICO.\u2500\u2500 El Instituto Nacional de Estad\u00edstica y Geograf\u00eda (INEGI) iniciar\u00e1 una consulta p\u00fablica para actualizar la edici\u00f3n 2024 de la Encuesta En Sonora en Equipo publicamos toda la informaci\u00f3n de Sonora, M\u00e9xico y el Mundo de manera oportuna y busca que la libertad de expresi\u00f3n sea real. Visita nuestro medio informativo publicado desde Hermosillo, Sonora. %\" \/>\n<meta property=\"og:url\" content=\"https:\/\/www.sonoraenequipo.com.mx\/enigh-2024-del-inegi-incluira-nuevas-y-mas-inclusivas-variables-sociodemograficas\/\" \/>\n<meta property=\"og:site_name\" content=\"Sonora en Equipo.\" \/>\n<meta property=\"article:publisher\" content=\"https:\/\/www.facebook.com\/SonoraEE\/\" \/>\n<meta property=\"article:author\" content=\"https:\/\/www.facebook.com\/SonoraEE\" \/>\n<meta property=\"article:published_time\" content=\"2023-07-18T22:18:09+00:00\" \/>\n<meta property=\"article:modified_time\" content=\"2023-07-19T02:00:30+00:00\" \/>\n<meta property=\"og:image\" content=\"https:\/\/www.sonoraenequipo.com.mx\/storage\/2023\/07\/ingresos-hogares.jpg\" \/>\n\t<meta property=\"og:image:width\" content=\"600\" \/>\n\t<meta property=\"og:image:height\" content=\"400\" \/>\n\t<meta property=\"og:image:type\" content=\"image\/jpeg\" \/>\n<meta name=\"author\" content=\"enequipo\" \/>\n<meta name=\"twitter:card\" content=\"summary_large_image\" \/>\n<meta name=\"twitter:creator\" content=\"@sonoraenequipo\" \/>\n<meta name=\"twitter:site\" content=\"@sonoraenequipo\" \/>\n<meta name=\"twitter:label1\" content=\"Escrito por\" \/>\n\t<meta name=\"twitter:data1\" content=\"enequipo\" \/>\n\t<meta name=\"twitter:label2\" content=\"Tiempo de lectura\" \/>\n\t<meta name=\"twitter:data2\" content=\"1 minuto\" \/>\n<script type=\"application\/ld+json\" class=\"yoast-schema-graph\">{\"@context\":\"https:\/\/schema.org\",\"@graph\":[{\"@type\":\"Article\",\"@id\":\"https:\/\/www.sonoraenequipo.com.mx\/enigh-2024-del-inegi-incluira-nuevas-y-mas-inclusivas-variables-sociodemograficas\/#article\",\"isPartOf\":{\"@id\":\"https:\/\/www.sonoraenequipo.com.mx\/enigh-2024-del-inegi-incluira-nuevas-y-mas-inclusivas-variables-sociodemograficas\/\"},\"author\":{\"name\":\"enequipo\",\"@id\":\"https:\/\/www.sonoraenequipo.com.mx\/#\/schema\/person\/50102df0fb23a8fa9e8effad8fa81386\"},\"headline\":\"ENIGH 2024 del INEGI incluir\u00e1 nuevas y m\u00e1s inclusivas variables sociodemogr\u00e1ficas\",\"datePublished\":\"2023-07-18T22:18:09+00:00\",\"dateModified\":\"2023-07-19T02:00:30+00:00\",\"mainEntityOfPage\":{\"@id\":\"https:\/\/www.sonoraenequipo.com.mx\/enigh-2024-del-inegi-incluira-nuevas-y-mas-inclusivas-variables-sociodemograficas\/\"},\"wordCount\":207,\"commentCount\":0,\"publisher\":{\"@id\":\"https:\/\/www.sonoraenequipo.com.mx\/#organization\"},\"image\":{\"@id\":\"https:\/\/www.sonoraenequipo.com.mx\/enigh-2024-del-inegi-incluira-nuevas-y-mas-inclusivas-variables-sociodemograficas\/#primaryimage\"},\"thumbnailUrl\":\"https:\/\/www.sonoraenequipo.com.mx\/storage\/2023\/07\/ingresos-hogares.jpg\",\"keywords\":[\"hogares\",\"ingresos\"],\"articleSection\":[\"PALABRAS Y N\u00daMEROS\"],\"inLanguage\":\"es\",\"potentialAction\":[{\"@type\":\"CommentAction\",\"name\":\"Comment\",\"target\":[\"https:\/\/www.sonoraenequipo.com.mx\/enigh-2024-del-inegi-incluira-nuevas-y-mas-inclusivas-variables-sociodemograficas\/#respond\"]}]},{\"@type\":\"WebPage\",\"@id\":\"https:\/\/www.sonoraenequipo.com.mx\/enigh-2024-del-inegi-incluira-nuevas-y-mas-inclusivas-variables-sociodemograficas\/\",\"url\":\"https:\/\/www.sonoraenequipo.com.mx\/enigh-2024-del-inegi-incluira-nuevas-y-mas-inclusivas-variables-sociodemograficas\/\",\"name\":\"Sonora en Equipo. ENIGH 2024 del INEGI incluir\u00e1 nuevas y m\u00e1s inclusivas variables sociodemogr\u00e1ficas PALABRAS Y N\u00daMEROS\",\"isPartOf\":{\"@id\":\"https:\/\/www.sonoraenequipo.com.mx\/#website\"},\"primaryImageOfPage\":{\"@id\":\"https:\/\/www.sonoraenequipo.com.mx\/enigh-2024-del-inegi-incluira-nuevas-y-mas-inclusivas-variables-sociodemograficas\/#primaryimage\"},\"image\":{\"@id\":\"https:\/\/www.sonoraenequipo.com.mx\/enigh-2024-del-inegi-incluira-nuevas-y-mas-inclusivas-variables-sociodemograficas\/#primaryimage\"},\"thumbnailUrl\":\"https:\/\/www.sonoraenequipo.com.mx\/storage\/2023\/07\/ingresos-hogares.jpg\",\"datePublished\":\"2023-07-18T22:18:09+00:00\",\"dateModified\":\"2023-07-19T02:00:30+00:00\",\"description\":\"CIUDAD DE M\u00c9XICO.\u2500\u2500 El Instituto Nacional de Estad\u00edstica y Geograf\u00eda (INEGI) iniciar\u00e1 una consulta p\u00fablica para actualizar la edici\u00f3n 2024 de la Encuesta En Sonora en Equipo publicamos toda la informaci\u00f3n de Sonora, M\u00e9xico y el Mundo de manera oportuna y busca que la libertad de expresi\u00f3n sea real. Visita nuestro medio informativo publicado desde Hermosillo, Sonora. %\",\"breadcrumb\":{\"@id\":\"https:\/\/www.sonoraenequipo.com.mx\/enigh-2024-del-inegi-incluira-nuevas-y-mas-inclusivas-variables-sociodemograficas\/#breadcrumb\"},\"inLanguage\":\"es\",\"potentialAction\":[{\"@type\":\"ReadAction\",\"target\":[\"https:\/\/www.sonoraenequipo.com.mx\/enigh-2024-del-inegi-incluira-nuevas-y-mas-inclusivas-variables-sociodemograficas\/\"]}]},{\"@type\":\"ImageObject\",\"inLanguage\":\"es\",\"@id\":\"https:\/\/www.sonoraenequipo.com.mx\/enigh-2024-del-inegi-incluira-nuevas-y-mas-inclusivas-variables-sociodemograficas\/#primaryimage\",\"url\":\"https:\/\/www.sonoraenequipo.com.mx\/storage\/2023\/07\/ingresos-hogares.jpg\",\"contentUrl\":\"https:\/\/www.sonoraenequipo.com.mx\/storage\/2023\/07\/ingresos-hogares.jpg\",\"width\":600,\"height\":400},{\"@type\":\"BreadcrumbList\",\"@id\":\"https:\/\/www.sonoraenequipo.com.mx\/enigh-2024-del-inegi-incluira-nuevas-y-mas-inclusivas-variables-sociodemograficas\/#breadcrumb\",\"itemListElement\":[{\"@type\":\"ListItem\",\"position\":1,\"name\":\"Portada\",\"item\":\"https:\/\/www.sonoraenequipo.com.mx\/\"},{\"@type\":\"ListItem\",\"position\":2,\"name\":\"ENIGH 2024 del INEGI incluir\u00e1 nuevas y m\u00e1s inclusivas variables sociodemogr\u00e1ficas\"}]},{\"@type\":\"WebSite\",\"@id\":\"https:\/\/www.sonoraenequipo.com.mx\/#website\",\"url\":\"https:\/\/www.sonoraenequipo.com.mx\/\",\"name\":\"Sonora en Equipo.\",\"description\":\"Diario en l\u00ednea con Noticias desde Hermosillo, Sonora\",\"publisher\":{\"@id\":\"https:\/\/www.sonoraenequipo.com.mx\/#organization\"},\"potentialAction\":[{\"@type\":\"SearchAction\",\"target\":{\"@type\":\"EntryPoint\",\"urlTemplate\":\"https:\/\/www.sonoraenequipo.com.mx\/?s={search_term_string}\"},\"query-input\":{\"@type\":\"PropertyValueSpecification\",\"valueRequired\":true,\"valueName\":\"search_term_string\"}}],\"inLanguage\":\"es\"},{\"@type\":\"Organization\",\"@id\":\"https:\/\/www.sonoraenequipo.com.mx\/#organization\",\"name\":\"Sonoraenequipo.com.mx\",\"url\":\"https:\/\/www.sonoraenequipo.com.mx\/\",\"logo\":{\"@type\":\"ImageObject\",\"inLanguage\":\"es\",\"@id\":\"https:\/\/www.sonoraenequipo.com.mx\/#\/schema\/logo\/image\/\",\"url\":\"https:\/\/www.sonoraenequipo.com.mx\/storage\/2019\/01\/sonoraenequipo_opt.png\",\"contentUrl\":\"https:\/\/www.sonoraenequipo.com.mx\/storage\/2019\/01\/sonoraenequipo_opt.png\",\"width\":375,\"height\":125,\"caption\":\"Sonoraenequipo.com.mx\"},\"image\":{\"@id\":\"https:\/\/www.sonoraenequipo.com.mx\/#\/schema\/logo\/image\/\"},\"sameAs\":[\"https:\/\/www.facebook.com\/SonoraEE\/\",\"https:\/\/x.com\/sonoraenequipo\",\"https:\/\/www.youtube.com\/channel\/UC338nW-lPEYmJQs4ZABQ1SQ\"]},{\"@type\":\"Person\",\"@id\":\"https:\/\/www.sonoraenequipo.com.mx\/#\/schema\/person\/50102df0fb23a8fa9e8effad8fa81386\",\"name\":\"enequipo\",\"image\":{\"@type\":\"ImageObject\",\"inLanguage\":\"es\",\"@id\":\"https:\/\/www.sonoraenequipo.com.mx\/#\/schema\/person\/image\/\",\"url\":\"https:\/\/secure.gravatar.com\/avatar\/049821681b589dabc0bc20695993ccebb09f5b5d4d790cd9251b97faac7c652b?s=96&d=blank&r=g\",\"contentUrl\":\"https:\/\/secure.gravatar.com\/avatar\/049821681b589dabc0bc20695993ccebb09f5b5d4d790cd9251b97faac7c652b?s=96&d=blank&r=g\",\"caption\":\"enequipo\"},\"sameAs\":[\"https:\/\/www.facebook.com\/SonoraEE\"]}]}<\/script>\n ","yoast_head_json":{"title":"Sonora en Equipo. ENIGH 2024 del INEGI incluir\u00e1 nuevas y m\u00e1s inclusivas variables sociodemogr\u00e1ficas PALABRAS Y N\u00daMEROS","description":"CIUDAD DE M\u00c9XICO.\u2500\u2500 El Instituto Nacional de Estad\u00edstica y Geograf\u00eda (INEGI) iniciar\u00e1 una consulta p\u00fablica para actualizar la edici\u00f3n 2024 de la Encuesta En Sonora en Equipo publicamos toda la informaci\u00f3n de Sonora, M\u00e9xico y el Mundo de manera oportuna y busca que la libertad de expresi\u00f3n sea real. Visita nuestro medio informativo publicado desde Hermosillo, Sonora. %","robots":{"index":"index","follow":"follow","max-snippet":"max-snippet:-1","max-image-preview":"max-image-preview:large","max-video-preview":"max-video-preview:-1"},"canonical":"https:\/\/www.sonoraenequipo.com.mx\/enigh-2024-del-inegi-incluira-nuevas-y-mas-inclusivas-variables-sociodemograficas\/","og_locale":"es_ES","og_type":"article","og_title":"Sonora en Equipo. ENIGH 2024 del INEGI incluir\u00e1 nuevas y m\u00e1s inclusivas variables sociodemogr\u00e1ficas PALABRAS Y N\u00daMEROS","og_description":"CIUDAD DE M\u00c9XICO.\u2500\u2500 El Instituto Nacional de Estad\u00edstica y Geograf\u00eda (INEGI) iniciar\u00e1 una consulta p\u00fablica para actualizar la edici\u00f3n 2024 de la Encuesta En Sonora en Equipo publicamos toda la informaci\u00f3n de Sonora, M\u00e9xico y el Mundo de manera oportuna y busca que la libertad de expresi\u00f3n sea real. Visita nuestro medio informativo publicado desde Hermosillo, Sonora. %","og_url":"https:\/\/www.sonoraenequipo.com.mx\/enigh-2024-del-inegi-incluira-nuevas-y-mas-inclusivas-variables-sociodemograficas\/","og_site_name":"Sonora en Equipo.","article_publisher":"https:\/\/www.facebook.com\/SonoraEE\/","article_author":"https:\/\/www.facebook.com\/SonoraEE","article_published_time":"2023-07-18T22:18:09+00:00","article_modified_time":"2023-07-19T02:00:30+00:00","og_image":[{"width":600,"height":400,"url":"https:\/\/www.sonoraenequipo.com.mx\/storage\/2023\/07\/ingresos-hogares.jpg","type":"image\/jpeg"}],"author":"enequipo","twitter_card":"summary_large_image","twitter_creator":"@sonoraenequipo","twitter_site":"@sonoraenequipo","twitter_misc":{"Escrito por":"enequipo","Tiempo de lectura":"1 minuto"},"schema":{"@context":"https:\/\/schema.org","@graph":[{"@type":"Article","@id":"https:\/\/www.sonoraenequipo.com.mx\/enigh-2024-del-inegi-incluira-nuevas-y-mas-inclusivas-variables-sociodemograficas\/#article","isPartOf":{"@id":"https:\/\/www.sonoraenequipo.com.mx\/enigh-2024-del-inegi-incluira-nuevas-y-mas-inclusivas-variables-sociodemograficas\/"},"author":{"name":"enequipo","@id":"https:\/\/www.sonoraenequipo.com.mx\/#\/schema\/person\/50102df0fb23a8fa9e8effad8fa81386"},"headline":"ENIGH 2024 del INEGI incluir\u00e1 nuevas y m\u00e1s inclusivas variables sociodemogr\u00e1ficas","datePublished":"2023-07-18T22:18:09+00:00","dateModified":"2023-07-19T02:00:30+00:00","mainEntityOfPage":{"@id":"https:\/\/www.sonoraenequipo.com.mx\/enigh-2024-del-inegi-incluira-nuevas-y-mas-inclusivas-variables-sociodemograficas\/"},"wordCount":207,"commentCount":0,"publisher":{"@id":"https:\/\/www.sonoraenequipo.com.mx\/#organization"},"image":{"@id":"https:\/\/www.sonoraenequipo.com.mx\/enigh-2024-del-inegi-incluira-nuevas-y-mas-inclusivas-variables-sociodemograficas\/#primaryimage"},"thumbnailUrl":"https:\/\/www.sonoraenequipo.com.mx\/storage\/2023\/07\/ingresos-hogares.jpg","keywords":["hogares","ingresos"],"articleSection":["PALABRAS Y N\u00daMEROS"],"inLanguage":"es","potentialAction":[{"@type":"CommentAction","name":"Comment","target":["https:\/\/www.sonoraenequipo.com.mx\/enigh-2024-del-inegi-incluira-nuevas-y-mas-inclusivas-variables-sociodemograficas\/#respond"]}]},{"@type":"WebPage","@id":"https:\/\/www.sonoraenequipo.com.mx\/enigh-2024-del-inegi-incluira-nuevas-y-mas-inclusivas-variables-sociodemograficas\/","url":"https:\/\/www.sonoraenequipo.com.mx\/enigh-2024-del-inegi-incluira-nuevas-y-mas-inclusivas-variables-sociodemograficas\/","name":"Sonora en Equipo. ENIGH 2024 del INEGI incluir\u00e1 nuevas y m\u00e1s inclusivas variables sociodemogr\u00e1ficas PALABRAS Y N\u00daMEROS","isPartOf":{"@id":"https:\/\/www.sonoraenequipo.com.mx\/#website"},"primaryImageOfPage":{"@id":"https:\/\/www.sonoraenequipo.com.mx\/enigh-2024-del-inegi-incluira-nuevas-y-mas-inclusivas-variables-sociodemograficas\/#primaryimage"},"image":{"@id":"https:\/\/www.sonoraenequipo.com.mx\/enigh-2024-del-inegi-incluira-nuevas-y-mas-inclusivas-variables-sociodemograficas\/#primaryimage"},"thumbnailUrl":"https:\/\/www.sonoraenequipo.com.mx\/storage\/2023\/07\/ingresos-hogares.jpg","datePublished":"2023-07-18T22:18:09+00:00","dateModified":"2023-07-19T02:00:30+00:00","description":"CIUDAD DE M\u00c9XICO.\u2500\u2500 El Instituto Nacional de Estad\u00edstica y Geograf\u00eda (INEGI) iniciar\u00e1 una consulta p\u00fablica para actualizar la edici\u00f3n 2024 de la Encuesta En Sonora en Equipo publicamos toda la informaci\u00f3n de Sonora, M\u00e9xico y el Mundo de manera oportuna y busca que la libertad de expresi\u00f3n sea real. Visita nuestro medio informativo publicado desde Hermosillo, Sonora. %","breadcrumb":{"@id":"https:\/\/www.sonoraenequipo.com.mx\/enigh-2024-del-inegi-incluira-nuevas-y-mas-inclusivas-variables-sociodemograficas\/#breadcrumb"},"inLanguage":"es","potentialAction":[{"@type":"ReadAction","target":["https:\/\/www.sonoraenequipo.com.mx\/enigh-2024-del-inegi-incluira-nuevas-y-mas-inclusivas-variables-sociodemograficas\/"]}]},{"@type":"ImageObject","inLanguage":"es","@id":"https:\/\/www.sonoraenequipo.com.mx\/enigh-2024-del-inegi-incluira-nuevas-y-mas-inclusivas-variables-sociodemograficas\/#primaryimage","url":"https:\/\/www.sonoraenequipo.com.mx\/storage\/2023\/07\/ingresos-hogares.jpg","contentUrl":"https:\/\/www.sonoraenequipo.com.mx\/storage\/2023\/07\/ingresos-hogares.jpg","width":600,"height":400},{"@type":"BreadcrumbList","@id":"https:\/\/www.sonoraenequipo.com.mx\/enigh-2024-del-inegi-incluira-nuevas-y-mas-inclusivas-variables-sociodemograficas\/#breadcrumb","itemListElement":[{"@type":"ListItem","position":1,"name":"Portada","item":"https:\/\/www.sonoraenequipo.com.mx\/"},{"@type":"ListItem","position":2,"name":"ENIGH 2024 del INEGI incluir\u00e1 nuevas y m\u00e1s inclusivas variables sociodemogr\u00e1ficas"}]},{"@type":"WebSite","@id":"https:\/\/www.sonoraenequipo.com.mx\/#website","url":"https:\/\/www.sonoraenequipo.com.mx\/","name":"Sonora en Equipo.","description":"Diario en l\u00ednea con Noticias desde Hermosillo, Sonora","publisher":{"@id":"https:\/\/www.sonoraenequipo.com.mx\/#organization"},"potentialAction":[{"@type":"SearchAction","target":{"@type":"EntryPoint","urlTemplate":"https:\/\/www.sonoraenequipo.com.mx\/?s={search_term_string}"},"query-input":{"@type":"PropertyValueSpecification","valueRequired":true,"valueName":"search_term_string"}}],"inLanguage":"es"},{"@type":"Organization","@id":"https:\/\/www.sonoraenequipo.com.mx\/#organization","name":"Sonoraenequipo.com.mx","url":"https:\/\/www.sonoraenequipo.com.mx\/","logo":{"@type":"ImageObject","inLanguage":"es","@id":"https:\/\/www.sonoraenequipo.com.mx\/#\/schema\/logo\/image\/","url":"https:\/\/www.sonoraenequipo.com.mx\/storage\/2019\/01\/sonoraenequipo_opt.png","contentUrl":"https:\/\/www.sonoraenequipo.com.mx\/storage\/2019\/01\/sonoraenequipo_opt.png","width":375,"height":125,"caption":"Sonoraenequipo.com.mx"},"image":{"@id":"https:\/\/www.sonoraenequipo.com.mx\/#\/schema\/logo\/image\/"},"sameAs":["https:\/\/www.facebook.com\/SonoraEE\/","https:\/\/x.com\/sonoraenequipo","https:\/\/www.youtube.com\/channel\/UC338nW-lPEYmJQs4ZABQ1SQ"]},{"@type":"Person","@id":"https:\/\/www.sonoraenequipo.com.mx\/#\/schema\/person\/50102df0fb23a8fa9e8effad8fa81386","name":"enequipo","image":{"@type":"ImageObject","inLanguage":"es","@id":"https:\/\/www.sonoraenequipo.com.mx\/#\/schema\/person\/image\/","url":"https:\/\/secure.gravatar.com\/avatar\/049821681b589dabc0bc20695993ccebb09f5b5d4d790cd9251b97faac7c652b?s=96&d=blank&r=g","contentUrl":"https:\/\/secure.gravatar.com\/avatar\/049821681b589dabc0bc20695993ccebb09f5b5d4d790cd9251b97faac7c652b?s=96&d=blank&r=g","caption":"enequipo"},"sameAs":["https:\/\/www.facebook.com\/SonoraEE"]}]}},"jetpack_featured_media_url":"https:\/\/www.sonoraenequipo.com.mx\/storage\/2023\/07\/ingresos-hogares.jpg","_links":{"self":[{"href":"https:\/\/www.sonoraenequipo.com.mx\/api\/wp\/v2\/posts\/170568","targetHints":{"allow":["GET"]}}],"collection":[{"href":"https:\/\/www.sonoraenequipo.com.mx\/api\/wp\/v2\/posts"}],"about":[{"href":"https:\/\/www.sonoraenequipo.com.mx\/api\/wp\/v2\/types\/post"}],"author":[{"embeddable":true,"href":"https:\/\/www.sonoraenequipo.com.mx\/api\/wp\/v2\/users\/1"}],"replies":[{"embeddable":true,"href":"https:\/\/www.sonoraenequipo.com.mx\/api\/wp\/v2\/comments?post=170568"}],"version-history":[{"count":1,"href":"https:\/\/www.sonoraenequipo.com.mx\/api\/wp\/v2\/posts\/170568\/revisions"}],"predecessor-version":[{"id":170570,"href":"https:\/\/www.sonoraenequipo.com.mx\/api\/wp\/v2\/posts\/170568\/revisions\/170570"}],"wp:featuredmedia":[{"embeddable":true,"href":"https:\/\/www.sonoraenequipo.com.mx\/api\/wp\/v2\/media\/170569"}],"wp:attachment":[{"href":"https:\/\/www.sonoraenequipo.com.mx\/api\/wp\/v2\/media?parent=170568"}],"wp:term":[{"taxonomy":"category","embeddable":true,"href":"https:\/\/www.sonoraenequipo.com.mx\/api\/wp\/v2\/categories?post=170568"},{"taxonomy":"post_tag","embeddable":true,"href":"https:\/\/www.sonoraenequipo.com.mx\/api\/wp\/v2\/tags?post=170568"}],"curies":[{"name":"wp","href":"https:\/\/api.w.org\/{rel}","templated":true}]}}