{"id":170586,"date":"2023-07-18T13:32:42","date_gmt":"2023-07-18T20:32:42","guid":{"rendered":"https:\/\/www.sonoraenequipo.com.mx\/?p=170586"},"modified":"2023-07-18T18:11:01","modified_gmt":"2023-07-19T01:11:01","slug":"fiscalia-de-costa-rica-investiga-a-presidente-chaves-por-abuso-de-poder","status":"publish","type":"post","link":"https:\/\/www.sonoraenequipo.com.mx\/fiscalia-de-costa-rica-investiga-a-presidente-chaves-por-abuso-de-poder\/","title":{"rendered":"Fiscal\u00eda de Costa Rica investiga a presidente Chaves por abuso de poder"},"content":{"rendered":"<p><strong>COSTA RICA. \u2014<\/strong> La Fiscal\u00eda de Costa Rica inform\u00f3 a la AFP este martes que investiga al presidente Rodrigo Chaves por la presunta comisi\u00f3n del delito de abuso de poder por un viaje previsto a Letonia al t\u00e9rmino de su participaci\u00f3n en la cumbre UE-CELAC en B\u00e9lgica.<\/p>\n<p>&nbsp;<\/p>\n<p> <\/p>\n<p>\u201cLa fiscal\u00eda general confirm\u00f3 que de oficio abri\u00f3 una investigaci\u00f3n en contra del se\u00f1or Chaves, por el aparente delito de influencia en contra de la Hacienda P\u00fablica\u201d, indicaron desde el Ministerio P\u00fablico.<\/p>\n<p>&nbsp;<\/p>\n<p>&nbsp;<\/p>\n<p>Chaves, quien se encuentra en Bruselas para participar en la cumbre entre la Uni\u00f3n Europea y la Comunidad de Estados Latinoamericanos y Caribe\u00f1os (CELAC), tiene previsto visitar al presidente electo de Letonia, Edgars Rinkevics, al t\u00e9rmino de la cumbre, de acuerdo con un comunicado de la presidencia costarricense.<\/p>\n<p>&nbsp;<\/p>\n<p>&nbsp;<\/p>\n<p>Aunque la Fiscal\u00eda no ofreci\u00f3 m\u00e1s detalles sobre la investigaci\u00f3n abierta contra el mandatario, el delito por el que se le investiga consiste en la utilizaci\u00f3n de fondos p\u00fablicos para fines no destinados para ello y considera penas de prisi\u00f3n de dos a ocho a\u00f1os, seg\u00fan el C\u00f3digo Penal.<\/p>\n<p>&nbsp;<\/p>\n<p>&nbsp;<\/p>\n<p>El mandatario ya advirti\u00f3 el pasado martes en la rueda de prensa semanal del gobierno que le estaban \u201carreando en redes\u201d sociales por viajar a Letonia, pa\u00eds de origen de la primera dama Signe Zeikate, y que le critican por \u201cir a ver a los suegros\u201d.<\/p>\n<p>&nbsp;<\/p>\n<p><em><strong>\u201cS\u00ed los voy a ver, para qu\u00e9 les voy a mentir. Imagino que hay que ir a saludarlos, ser\u00eda de mala educaci\u00f3n\u201d,<\/strong><\/em> brome\u00f3 el presidente.<\/p>\n<p>&nbsp;<\/p>\n<p>&nbsp;<\/p>\n<p>PUBLICADO EL 18 DE JULIO DE 2023\/<\/p>\n","protected":false},"excerpt":{"rendered":"<p>COSTA RICA. \u2014 La Fiscal\u00eda de Costa Rica inform\u00f3 a la AFP este martes que&#8230;<\/p>\n","protected":false},"author":1,"featured_media":170588,"comment_status":"open","ping_status":"open","sticky":false,"template":"","format":"standard","meta":{"_monsterinsights_skip_tracking":false,"_monsterinsights_sitenote_active":false,"_monsterinsights_sitenote_note":"","_monsterinsights_sitenote_category":0,"footnotes":""},"categories":[3],"tags":[],"class_list":["post"],"yoast_head":" \n<title>Sonora en Equipo. Fiscal\u00eda de Costa Rica investiga a presidente Chaves por abuso de poder MUNDO<\/title>\n<meta name=\"description\" content=\"COSTA RICA. \u2014 La Fiscal\u00eda de Costa Rica inform\u00f3 a la AFP este martes que investiga al presidente Rodrigo Chaves por la presunta comisi\u00f3n del delito de En Sonora en Equipo publicamos toda la informaci\u00f3n de Sonora, M\u00e9xico y el Mundo de manera oportuna y busca que la libertad de expresi\u00f3n sea real. Visita nuestro medio informativo publicado desde Hermosillo, Sonora. %\" \/>\n<meta name=\"robots\" content=\"index, follow, max-snippet:-1, max-image-preview:large, max-video-preview:-1\" \/>\n<link rel=\"canonical\" href=\"https:\/\/www.sonoraenequipo.com.mx\/fiscalia-de-costa-rica-investiga-a-presidente-chaves-por-abuso-de-poder\/\" \/>\n<meta property=\"og:locale\" content=\"es_ES\" \/>\n<meta property=\"og:type\" content=\"article\" \/>\n<meta property=\"og:title\" content=\"Sonora en Equipo. Fiscal\u00eda de Costa Rica investiga a presidente Chaves por abuso de poder MUNDO\" \/>\n<meta property=\"og:description\" content=\"COSTA RICA. \u2014 La Fiscal\u00eda de Costa Rica inform\u00f3 a la AFP este martes que investiga al presidente Rodrigo Chaves por la presunta comisi\u00f3n del delito de En Sonora en Equipo publicamos toda la informaci\u00f3n de Sonora, M\u00e9xico y el Mundo de manera oportuna y busca que la libertad de expresi\u00f3n sea real. Visita nuestro medio informativo publicado desde Hermosillo, Sonora. %\" \/>\n<meta property=\"og:url\" content=\"https:\/\/www.sonoraenequipo.com.mx\/fiscalia-de-costa-rica-investiga-a-presidente-chaves-por-abuso-de-poder\/\" \/>\n<meta property=\"og:site_name\" content=\"Sonora en Equipo.\" \/>\n<meta property=\"article:publisher\" content=\"https:\/\/www.facebook.com\/SonoraEE\/\" \/>\n<meta property=\"article:author\" content=\"https:\/\/www.facebook.com\/SonoraEE\" \/>\n<meta property=\"article:published_time\" content=\"2023-07-18T20:32:42+00:00\" \/>\n<meta property=\"article:modified_time\" content=\"2023-07-19T01:11:01+00:00\" \/>\n<meta property=\"og:image\" content=\"https:\/\/www.sonoraenequipo.com.mx\/storage\/2023\/07\/chavez-de-costa-rica..-min.jpg\" \/>\n\t<meta property=\"og:image:width\" content=\"900\" \/>\n\t<meta property=\"og:image:height\" content=\"506\" \/>\n\t<meta property=\"og:image:type\" content=\"image\/jpeg\" \/>\n<meta name=\"author\" content=\"enequipo\" \/>\n<meta name=\"twitter:card\" content=\"summary_large_image\" \/>\n<meta name=\"twitter:creator\" content=\"@sonoraenequipo\" \/>\n<meta name=\"twitter:site\" content=\"@sonoraenequipo\" \/>\n<meta name=\"twitter:label1\" content=\"Escrito por\" \/>\n\t<meta name=\"twitter:data1\" content=\"enequipo\" \/>\n\t<meta name=\"twitter:label2\" content=\"Tiempo de lectura\" \/>\n\t<meta name=\"twitter:data2\" content=\"1 minuto\" \/>\n<script type=\"application\/ld+json\" class=\"yoast-schema-graph\">{\"@context\":\"https:\/\/schema.org\",\"@graph\":[{\"@type\":\"Article\",\"@id\":\"https:\/\/www.sonoraenequipo.com.mx\/fiscalia-de-costa-rica-investiga-a-presidente-chaves-por-abuso-de-poder\/#article\",\"isPartOf\":{\"@id\":\"https:\/\/www.sonoraenequipo.com.mx\/fiscalia-de-costa-rica-investiga-a-presidente-chaves-por-abuso-de-poder\/\"},\"author\":{\"name\":\"enequipo\",\"@id\":\"https:\/\/www.sonoraenequipo.com.mx\/#\/schema\/person\/50102df0fb23a8fa9e8effad8fa81386\"},\"headline\":\"Fiscal\u00eda de Costa Rica investiga a presidente Chaves por abuso de poder\",\"datePublished\":\"2023-07-18T20:32:42+00:00\",\"dateModified\":\"2023-07-19T01:11:01+00:00\",\"mainEntityOfPage\":{\"@id\":\"https:\/\/www.sonoraenequipo.com.mx\/fiscalia-de-costa-rica-investiga-a-presidente-chaves-por-abuso-de-poder\/\"},\"wordCount\":299,\"commentCount\":0,\"publisher\":{\"@id\":\"https:\/\/www.sonoraenequipo.com.mx\/#organization\"},\"image\":{\"@id\":\"https:\/\/www.sonoraenequipo.com.mx\/fiscalia-de-costa-rica-investiga-a-presidente-chaves-por-abuso-de-poder\/#primaryimage\"},\"thumbnailUrl\":\"https:\/\/www.sonoraenequipo.com.mx\/storage\/2023\/07\/chavez-de-costa-rica..-min.jpg\",\"articleSection\":[\"MUNDO\"],\"inLanguage\":\"es\",\"potentialAction\":[{\"@type\":\"CommentAction\",\"name\":\"Comment\",\"target\":[\"https:\/\/www.sonoraenequipo.com.mx\/fiscalia-de-costa-rica-investiga-a-presidente-chaves-por-abuso-de-poder\/#respond\"]}]},{\"@type\":\"WebPage\",\"@id\":\"https:\/\/www.sonoraenequipo.com.mx\/fiscalia-de-costa-rica-investiga-a-presidente-chaves-por-abuso-de-poder\/\",\"url\":\"https:\/\/www.sonoraenequipo.com.mx\/fiscalia-de-costa-rica-investiga-a-presidente-chaves-por-abuso-de-poder\/\",\"name\":\"Sonora en Equipo. Fiscal\u00eda de Costa Rica investiga a presidente Chaves por abuso de poder MUNDO\",\"isPartOf\":{\"@id\":\"https:\/\/www.sonoraenequipo.com.mx\/#website\"},\"primaryImageOfPage\":{\"@id\":\"https:\/\/www.sonoraenequipo.com.mx\/fiscalia-de-costa-rica-investiga-a-presidente-chaves-por-abuso-de-poder\/#primaryimage\"},\"image\":{\"@id\":\"https:\/\/www.sonoraenequipo.com.mx\/fiscalia-de-costa-rica-investiga-a-presidente-chaves-por-abuso-de-poder\/#primaryimage\"},\"thumbnailUrl\":\"https:\/\/www.sonoraenequipo.com.mx\/storage\/2023\/07\/chavez-de-costa-rica..-min.jpg\",\"datePublished\":\"2023-07-18T20:32:42+00:00\",\"dateModified\":\"2023-07-19T01:11:01+00:00\",\"description\":\"COSTA RICA. \u2014 La Fiscal\u00eda de Costa Rica inform\u00f3 a la AFP este martes que investiga al presidente Rodrigo Chaves por la presunta comisi\u00f3n del delito de En Sonora en Equipo publicamos toda la informaci\u00f3n de Sonora, M\u00e9xico y el Mundo de manera oportuna y busca que la libertad de expresi\u00f3n sea real. Visita nuestro medio informativo publicado desde Hermosillo, Sonora. %\",\"breadcrumb\":{\"@id\":\"https:\/\/www.sonoraenequipo.com.mx\/fiscalia-de-costa-rica-investiga-a-presidente-chaves-por-abuso-de-poder\/#breadcrumb\"},\"inLanguage\":\"es\",\"potentialAction\":[{\"@type\":\"ReadAction\",\"target\":[\"https:\/\/www.sonoraenequipo.com.mx\/fiscalia-de-costa-rica-investiga-a-presidente-chaves-por-abuso-de-poder\/\"]}]},{\"@type\":\"ImageObject\",\"inLanguage\":\"es\",\"@id\":\"https:\/\/www.sonoraenequipo.com.mx\/fiscalia-de-costa-rica-investiga-a-presidente-chaves-por-abuso-de-poder\/#primaryimage\",\"url\":\"https:\/\/www.sonoraenequipo.com.mx\/storage\/2023\/07\/chavez-de-costa-rica..-min.jpg\",\"contentUrl\":\"https:\/\/www.sonoraenequipo.com.mx\/storage\/2023\/07\/chavez-de-costa-rica..-min.jpg\",\"width\":900,\"height\":506},{\"@type\":\"BreadcrumbList\",\"@id\":\"https:\/\/www.sonoraenequipo.com.mx\/fiscalia-de-costa-rica-investiga-a-presidente-chaves-por-abuso-de-poder\/#breadcrumb\",\"itemListElement\":[{\"@type\":\"ListItem\",\"position\":1,\"name\":\"Portada\",\"item\":\"https:\/\/www.sonoraenequipo.com.mx\/\"},{\"@type\":\"ListItem\",\"position\":2,\"name\":\"Fiscal\u00eda de Costa Rica investiga a presidente Chaves por abuso de poder\"}]},{\"@type\":\"WebSite\",\"@id\":\"https:\/\/www.sonoraenequipo.com.mx\/#website\",\"url\":\"https:\/\/www.sonoraenequipo.com.mx\/\",\"name\":\"Sonora en Equipo.\",\"description\":\"Diario en l\u00ednea con Noticias desde Hermosillo, Sonora\",\"publisher\":{\"@id\":\"https:\/\/www.sonoraenequipo.com.mx\/#organization\"},\"potentialAction\":[{\"@type\":\"SearchAction\",\"target\":{\"@type\":\"EntryPoint\",\"urlTemplate\":\"https:\/\/www.sonoraenequipo.com.mx\/?s={search_term_string}\"},\"query-input\":{\"@type\":\"PropertyValueSpecification\",\"valueRequired\":true,\"valueName\":\"search_term_string\"}}],\"inLanguage\":\"es\"},{\"@type\":\"Organization\",\"@id\":\"https:\/\/www.sonoraenequipo.com.mx\/#organization\",\"name\":\"Sonoraenequipo.com.mx\",\"url\":\"https:\/\/www.sonoraenequipo.com.mx\/\",\"logo\":{\"@type\":\"ImageObject\",\"inLanguage\":\"es\",\"@id\":\"https:\/\/www.sonoraenequipo.com.mx\/#\/schema\/logo\/image\/\",\"url\":\"https:\/\/www.sonoraenequipo.com.mx\/storage\/2019\/01\/sonoraenequipo_opt.png\",\"contentUrl\":\"https:\/\/www.sonoraenequipo.com.mx\/storage\/2019\/01\/sonoraenequipo_opt.png\",\"width\":375,\"height\":125,\"caption\":\"Sonoraenequipo.com.mx\"},\"image\":{\"@id\":\"https:\/\/www.sonoraenequipo.com.mx\/#\/schema\/logo\/image\/\"},\"sameAs\":[\"https:\/\/www.facebook.com\/SonoraEE\/\",\"https:\/\/x.com\/sonoraenequipo\",\"https:\/\/www.youtube.com\/channel\/UC338nW-lPEYmJQs4ZABQ1SQ\"]},{\"@type\":\"Person\",\"@id\":\"https:\/\/www.sonoraenequipo.com.mx\/#\/schema\/person\/50102df0fb23a8fa9e8effad8fa81386\",\"name\":\"enequipo\",\"image\":{\"@type\":\"ImageObject\",\"inLanguage\":\"es\",\"@id\":\"https:\/\/www.sonoraenequipo.com.mx\/#\/schema\/person\/image\/\",\"url\":\"https:\/\/secure.gravatar.com\/avatar\/049821681b589dabc0bc20695993ccebb09f5b5d4d790cd9251b97faac7c652b?s=96&d=blank&r=g\",\"contentUrl\":\"https:\/\/secure.gravatar.com\/avatar\/049821681b589dabc0bc20695993ccebb09f5b5d4d790cd9251b97faac7c652b?s=96&d=blank&r=g\",\"caption\":\"enequipo\"},\"sameAs\":[\"https:\/\/www.facebook.com\/SonoraEE\"]}]}<\/script>\n ","yoast_head_json":{"title":"Sonora en Equipo. Fiscal\u00eda de Costa Rica investiga a presidente Chaves por abuso de poder MUNDO","description":"COSTA RICA. \u2014 La Fiscal\u00eda de Costa Rica inform\u00f3 a la AFP este martes que investiga al presidente Rodrigo Chaves por la presunta comisi\u00f3n del delito de En Sonora en Equipo publicamos toda la informaci\u00f3n de Sonora, M\u00e9xico y el Mundo de manera oportuna y busca que la libertad de expresi\u00f3n sea real. Visita nuestro medio informativo publicado desde Hermosillo, Sonora. %","robots":{"index":"index","follow":"follow","max-snippet":"max-snippet:-1","max-image-preview":"max-image-preview:large","max-video-preview":"max-video-preview:-1"},"canonical":"https:\/\/www.sonoraenequipo.com.mx\/fiscalia-de-costa-rica-investiga-a-presidente-chaves-por-abuso-de-poder\/","og_locale":"es_ES","og_type":"article","og_title":"Sonora en Equipo. Fiscal\u00eda de Costa Rica investiga a presidente Chaves por abuso de poder MUNDO","og_description":"COSTA RICA. \u2014 La Fiscal\u00eda de Costa Rica inform\u00f3 a la AFP este martes que investiga al presidente Rodrigo Chaves por la presunta comisi\u00f3n del delito de En Sonora en Equipo publicamos toda la informaci\u00f3n de Sonora, M\u00e9xico y el Mundo de manera oportuna y busca que la libertad de expresi\u00f3n sea real. Visita nuestro medio informativo publicado desde Hermosillo, Sonora. %","og_url":"https:\/\/www.sonoraenequipo.com.mx\/fiscalia-de-costa-rica-investiga-a-presidente-chaves-por-abuso-de-poder\/","og_site_name":"Sonora en Equipo.","article_publisher":"https:\/\/www.facebook.com\/SonoraEE\/","article_author":"https:\/\/www.facebook.com\/SonoraEE","article_published_time":"2023-07-18T20:32:42+00:00","article_modified_time":"2023-07-19T01:11:01+00:00","og_image":[{"width":900,"height":506,"url":"https:\/\/www.sonoraenequipo.com.mx\/storage\/2023\/07\/chavez-de-costa-rica..-min.jpg","type":"image\/jpeg"}],"author":"enequipo","twitter_card":"summary_large_image","twitter_creator":"@sonoraenequipo","twitter_site":"@sonoraenequipo","twitter_misc":{"Escrito por":"enequipo","Tiempo de lectura":"1 minuto"},"schema":{"@context":"https:\/\/schema.org","@graph":[{"@type":"Article","@id":"https:\/\/www.sonoraenequipo.com.mx\/fiscalia-de-costa-rica-investiga-a-presidente-chaves-por-abuso-de-poder\/#article","isPartOf":{"@id":"https:\/\/www.sonoraenequipo.com.mx\/fiscalia-de-costa-rica-investiga-a-presidente-chaves-por-abuso-de-poder\/"},"author":{"name":"enequipo","@id":"https:\/\/www.sonoraenequipo.com.mx\/#\/schema\/person\/50102df0fb23a8fa9e8effad8fa81386"},"headline":"Fiscal\u00eda de Costa Rica investiga a presidente Chaves por abuso de poder","datePublished":"2023-07-18T20:32:42+00:00","dateModified":"2023-07-19T01:11:01+00:00","mainEntityOfPage":{"@id":"https:\/\/www.sonoraenequipo.com.mx\/fiscalia-de-costa-rica-investiga-a-presidente-chaves-por-abuso-de-poder\/"},"wordCount":299,"commentCount":0,"publisher":{"@id":"https:\/\/www.sonoraenequipo.com.mx\/#organization"},"image":{"@id":"https:\/\/www.sonoraenequipo.com.mx\/fiscalia-de-costa-rica-investiga-a-presidente-chaves-por-abuso-de-poder\/#primaryimage"},"thumbnailUrl":"https:\/\/www.sonoraenequipo.com.mx\/storage\/2023\/07\/chavez-de-costa-rica..-min.jpg","articleSection":["MUNDO"],"inLanguage":"es","potentialAction":[{"@type":"CommentAction","name":"Comment","target":["https:\/\/www.sonoraenequipo.com.mx\/fiscalia-de-costa-rica-investiga-a-presidente-chaves-por-abuso-de-poder\/#respond"]}]},{"@type":"WebPage","@id":"https:\/\/www.sonoraenequipo.com.mx\/fiscalia-de-costa-rica-investiga-a-presidente-chaves-por-abuso-de-poder\/","url":"https:\/\/www.sonoraenequipo.com.mx\/fiscalia-de-costa-rica-investiga-a-presidente-chaves-por-abuso-de-poder\/","name":"Sonora en Equipo. Fiscal\u00eda de Costa Rica investiga a presidente Chaves por abuso de poder MUNDO","isPartOf":{"@id":"https:\/\/www.sonoraenequipo.com.mx\/#website"},"primaryImageOfPage":{"@id":"https:\/\/www.sonoraenequipo.com.mx\/fiscalia-de-costa-rica-investiga-a-presidente-chaves-por-abuso-de-poder\/#primaryimage"},"image":{"@id":"https:\/\/www.sonoraenequipo.com.mx\/fiscalia-de-costa-rica-investiga-a-presidente-chaves-por-abuso-de-poder\/#primaryimage"},"thumbnailUrl":"https:\/\/www.sonoraenequipo.com.mx\/storage\/2023\/07\/chavez-de-costa-rica..-min.jpg","datePublished":"2023-07-18T20:32:42+00:00","dateModified":"2023-07-19T01:11:01+00:00","description":"COSTA RICA. \u2014 La Fiscal\u00eda de Costa Rica inform\u00f3 a la AFP este martes que investiga al presidente Rodrigo Chaves por la presunta comisi\u00f3n del delito de En Sonora en Equipo publicamos toda la informaci\u00f3n de Sonora, M\u00e9xico y el Mundo de manera oportuna y busca que la libertad de expresi\u00f3n sea real. Visita nuestro medio informativo publicado desde Hermosillo, Sonora. %","breadcrumb":{"@id":"https:\/\/www.sonoraenequipo.com.mx\/fiscalia-de-costa-rica-investiga-a-presidente-chaves-por-abuso-de-poder\/#breadcrumb"},"inLanguage":"es","potentialAction":[{"@type":"ReadAction","target":["https:\/\/www.sonoraenequipo.com.mx\/fiscalia-de-costa-rica-investiga-a-presidente-chaves-por-abuso-de-poder\/"]}]},{"@type":"ImageObject","inLanguage":"es","@id":"https:\/\/www.sonoraenequipo.com.mx\/fiscalia-de-costa-rica-investiga-a-presidente-chaves-por-abuso-de-poder\/#primaryimage","url":"https:\/\/www.sonoraenequipo.com.mx\/storage\/2023\/07\/chavez-de-costa-rica..-min.jpg","contentUrl":"https:\/\/www.sonoraenequipo.com.mx\/storage\/2023\/07\/chavez-de-costa-rica..-min.jpg","width":900,"height":506},{"@type":"BreadcrumbList","@id":"https:\/\/www.sonoraenequipo.com.mx\/fiscalia-de-costa-rica-investiga-a-presidente-chaves-por-abuso-de-poder\/#breadcrumb","itemListElement":[{"@type":"ListItem","position":1,"name":"Portada","item":"https:\/\/www.sonoraenequipo.com.mx\/"},{"@type":"ListItem","position":2,"name":"Fiscal\u00eda de Costa Rica investiga a presidente Chaves por abuso de poder"}]},{"@type":"WebSite","@id":"https:\/\/www.sonoraenequipo.com.mx\/#website","url":"https:\/\/www.sonoraenequipo.com.mx\/","name":"Sonora en Equipo.","description":"Diario en l\u00ednea con Noticias desde Hermosillo, Sonora","publisher":{"@id":"https:\/\/www.sonoraenequipo.com.mx\/#organization"},"potentialAction":[{"@type":"SearchAction","target":{"@type":"EntryPoint","urlTemplate":"https:\/\/www.sonoraenequipo.com.mx\/?s={search_term_string}"},"query-input":{"@type":"PropertyValueSpecification","valueRequired":true,"valueName":"search_term_string"}}],"inLanguage":"es"},{"@type":"Organization","@id":"https:\/\/www.sonoraenequipo.com.mx\/#organization","name":"Sonoraenequipo.com.mx","url":"https:\/\/www.sonoraenequipo.com.mx\/","logo":{"@type":"ImageObject","inLanguage":"es","@id":"https:\/\/www.sonoraenequipo.com.mx\/#\/schema\/logo\/image\/","url":"https:\/\/www.sonoraenequipo.com.mx\/storage\/2019\/01\/sonoraenequipo_opt.png","contentUrl":"https:\/\/www.sonoraenequipo.com.mx\/storage\/2019\/01\/sonoraenequipo_opt.png","width":375,"height":125,"caption":"Sonoraenequipo.com.mx"},"image":{"@id":"https:\/\/www.sonoraenequipo.com.mx\/#\/schema\/logo\/image\/"},"sameAs":["https:\/\/www.facebook.com\/SonoraEE\/","https:\/\/x.com\/sonoraenequipo","https:\/\/www.youtube.com\/channel\/UC338nW-lPEYmJQs4ZABQ1SQ"]},{"@type":"Person","@id":"https:\/\/www.sonoraenequipo.com.mx\/#\/schema\/person\/50102df0fb23a8fa9e8effad8fa81386","name":"enequipo","image":{"@type":"ImageObject","inLanguage":"es","@id":"https:\/\/www.sonoraenequipo.com.mx\/#\/schema\/person\/image\/","url":"https:\/\/secure.gravatar.com\/avatar\/049821681b589dabc0bc20695993ccebb09f5b5d4d790cd9251b97faac7c652b?s=96&d=blank&r=g","contentUrl":"https:\/\/secure.gravatar.com\/avatar\/049821681b589dabc0bc20695993ccebb09f5b5d4d790cd9251b97faac7c652b?s=96&d=blank&r=g","caption":"enequipo"},"sameAs":["https:\/\/www.facebook.com\/SonoraEE"]}]}},"jetpack_featured_media_url":"https:\/\/www.sonoraenequipo.com.mx\/storage\/2023\/07\/chavez-de-costa-rica..-min.jpg","_links":{"self":[{"href":"https:\/\/www.sonoraenequipo.com.mx\/api\/wp\/v2\/posts\/170586","targetHints":{"allow":["GET"]}}],"collection":[{"href":"https:\/\/www.sonoraenequipo.com.mx\/api\/wp\/v2\/posts"}],"about":[{"href":"https:\/\/www.sonoraenequipo.com.mx\/api\/wp\/v2\/types\/post"}],"author":[{"embeddable":true,"href":"https:\/\/www.sonoraenequipo.com.mx\/api\/wp\/v2\/users\/1"}],"replies":[{"embeddable":true,"href":"https:\/\/www.sonoraenequipo.com.mx\/api\/wp\/v2\/comments?post=170586"}],"version-history":[{"count":1,"href":"https:\/\/www.sonoraenequipo.com.mx\/api\/wp\/v2\/posts\/170586\/revisions"}],"predecessor-version":[{"id":170590,"href":"https:\/\/www.sonoraenequipo.com.mx\/api\/wp\/v2\/posts\/170586\/revisions\/170590"}],"wp:featuredmedia":[{"embeddable":true,"href":"https:\/\/www.sonoraenequipo.com.mx\/api\/wp\/v2\/media\/170588"}],"wp:attachment":[{"href":"https:\/\/www.sonoraenequipo.com.mx\/api\/wp\/v2\/media?parent=170586"}],"wp:term":[{"taxonomy":"category","embeddable":true,"href":"https:\/\/www.sonoraenequipo.com.mx\/api\/wp\/v2\/categories?post=170586"},{"taxonomy":"post_tag","embeddable":true,"href":"https:\/\/www.sonoraenequipo.com.mx\/api\/wp\/v2\/tags?post=170586"}],"curies":[{"name":"wp","href":"https:\/\/api.w.org\/{rel}","templated":true}]}}