{"id":170921,"date":"2023-07-21T19:32:55","date_gmt":"2023-07-22T02:32:55","guid":{"rendered":"https:\/\/www.sonoraenequipo.com.mx\/?p=170921"},"modified":"2023-07-23T17:42:50","modified_gmt":"2023-07-24T00:42:50","slug":"presidente-del-cacif-da-declaraciones-sobre-la-coyuntura-nacional","status":"publish","type":"post","link":"https:\/\/www.sonoraenequipo.com.mx\/presidente-del-cacif-da-declaraciones-sobre-la-coyuntura-nacional\/","title":{"rendered":"Presidente del CACIF da declaraciones sobre la coyuntura nacional"},"content":{"rendered":"<p><strong>CIUDAD DE GUATEMALA, GUATEMALA. \u2014<em> \u201cEl Tribunal Supremo Electoral est\u00e1 utilizando las acciones legales correspondientes para asegurar, por medio de la Corte de Constitucionalidad, que la segunda vuelta electoral tenga lugar el 20 de agosto y en las condiciones en las que el propio TSE dictamin\u00f3, oportunamente, en su resoluci\u00f3n 1328-2023\u201d,<\/em><\/strong> dicen las declaraciones de Lejarraga.<\/p>\n<p>&nbsp;<\/p>\n<p> <\/p>\n<p>&nbsp;<\/p>\n<p><em><strong>\u201cEs importante que la m\u00e1xima autoridad constitucional resuelva a favor de la protecci\u00f3n legal, por medio de las prevenciones necesarias para que el evento eleccionario pueda llevarse a cabo y , de esta forma, permitir que sean los ciudadanos quienes libremente decidan en las urnas\u201d,<\/strong><\/em> finalizan las declaraciones.<\/p>\n<blockquote class=\"twitter-tweet\" data-width=\"550\" data-dnt=\"true\">\n<p lang=\"es\" dir=\"ltr\"><a href=\"https:\/\/twitter.com\/hashtag\/EleccionesGT2023?src=hash&amp;ref_src=twsrc%5Etfw\">#EleccionesGT2023<\/a><br \/>Declaraci\u00f3n del presidente de CACIF, Ignacio Lejarraga, acerca de la coyuntura nacional: <a href=\"https:\/\/t.co\/XxGE3h17RE\">pic.twitter.com\/XxGE3h17RE<\/a><\/p>\n<p>&mdash; CACIF (@CACIFGuatemala) <a href=\"https:\/\/twitter.com\/CACIFGuatemala\/status\/1682543934377979904?ref_src=twsrc%5Etfw\">July 22, 2023<\/a><\/p><\/blockquote>\n<p><script async src=\"https:\/\/platform.twitter.com\/widgets.js\" charset=\"utf-8\"><\/script><\/p>\n<p>PUBLICADO EL 21 DE JULIO DE 2023\/ Con informaci\u00f3n de<\/p>\n","protected":false},"excerpt":{"rendered":"<p>CIUDAD DE GUATEMALA, GUATEMALA. \u2014 \u201cEl Tribunal Supremo Electoral est\u00e1 utilizando las acciones legales correspondientes&#8230;<\/p>\n","protected":false},"author":1,"featured_media":170922,"comment_status":"open","ping_status":"open","sticky":false,"template":"","format":"standard","meta":{"_monsterinsights_skip_tracking":false,"_monsterinsights_sitenote_active":false,"_monsterinsights_sitenote_note":"","_monsterinsights_sitenote_category":0,"footnotes":""},"categories":[3],"tags":[],"class_list":["post"],"yoast_head":" \n<title>Sonora en Equipo. Presidente del CACIF da declaraciones sobre la coyuntura nacional MUNDO<\/title>\n<meta name=\"description\" content=\"CIUDAD DE GUATEMALA, GUATEMALA. \u2014 \u201cEl Tribunal Supremo Electoral est\u00e1 utilizando las acciones legales correspondientes para asegurar, por medio de la En Sonora en Equipo publicamos toda la informaci\u00f3n de Sonora, M\u00e9xico y el Mundo de manera oportuna y busca que la libertad de expresi\u00f3n sea real. Visita nuestro medio informativo publicado desde Hermosillo, Sonora. %\" \/>\n<meta name=\"robots\" content=\"index, follow, max-snippet:-1, max-image-preview:large, max-video-preview:-1\" \/>\n<link rel=\"canonical\" href=\"https:\/\/www.sonoraenequipo.com.mx\/presidente-del-cacif-da-declaraciones-sobre-la-coyuntura-nacional\/\" \/>\n<meta property=\"og:locale\" content=\"es_ES\" \/>\n<meta property=\"og:type\" content=\"article\" \/>\n<meta property=\"og:title\" content=\"Sonora en Equipo. Presidente del CACIF da declaraciones sobre la coyuntura nacional MUNDO\" \/>\n<meta property=\"og:description\" content=\"CIUDAD DE GUATEMALA, GUATEMALA. \u2014 \u201cEl Tribunal Supremo Electoral est\u00e1 utilizando las acciones legales correspondientes para asegurar, por medio de la En Sonora en Equipo publicamos toda la informaci\u00f3n de Sonora, M\u00e9xico y el Mundo de manera oportuna y busca que la libertad de expresi\u00f3n sea real. Visita nuestro medio informativo publicado desde Hermosillo, Sonora. %\" \/>\n<meta property=\"og:url\" content=\"https:\/\/www.sonoraenequipo.com.mx\/presidente-del-cacif-da-declaraciones-sobre-la-coyuntura-nacional\/\" \/>\n<meta property=\"og:site_name\" content=\"Sonora en Equipo.\" \/>\n<meta property=\"article:publisher\" content=\"https:\/\/www.facebook.com\/SonoraEE\/\" \/>\n<meta property=\"article:author\" content=\"https:\/\/www.facebook.com\/SonoraEE\" \/>\n<meta property=\"article:published_time\" content=\"2023-07-22T02:32:55+00:00\" \/>\n<meta property=\"article:modified_time\" content=\"2023-07-24T00:42:50+00:00\" \/>\n<meta property=\"og:image\" content=\"https:\/\/www.sonoraenequipo.com.mx\/storage\/2023\/07\/Presidente-del-CACIF-da-declaraciones-sobre-la-coyuntura-nacional..-min.jpg\" \/>\n\t<meta property=\"og:image:width\" content=\"900\" \/>\n\t<meta property=\"og:image:height\" content=\"561\" \/>\n\t<meta property=\"og:image:type\" content=\"image\/jpeg\" \/>\n<meta name=\"author\" content=\"enequipo\" \/>\n<meta name=\"twitter:card\" content=\"summary_large_image\" \/>\n<meta name=\"twitter:creator\" content=\"@sonoraenequipo\" \/>\n<meta name=\"twitter:site\" content=\"@sonoraenequipo\" \/>\n<meta name=\"twitter:label1\" content=\"Escrito por\" \/>\n\t<meta name=\"twitter:data1\" content=\"enequipo\" \/>\n\t<meta name=\"twitter:label2\" content=\"Tiempo de lectura\" \/>\n\t<meta name=\"twitter:data2\" content=\"1 minuto\" \/>\n<script type=\"application\/ld+json\" class=\"yoast-schema-graph\">{\"@context\":\"https:\/\/schema.org\",\"@graph\":[{\"@type\":\"Article\",\"@id\":\"https:\/\/www.sonoraenequipo.com.mx\/presidente-del-cacif-da-declaraciones-sobre-la-coyuntura-nacional\/#article\",\"isPartOf\":{\"@id\":\"https:\/\/www.sonoraenequipo.com.mx\/presidente-del-cacif-da-declaraciones-sobre-la-coyuntura-nacional\/\"},\"author\":{\"name\":\"enequipo\",\"@id\":\"https:\/\/www.sonoraenequipo.com.mx\/#\/schema\/person\/50102df0fb23a8fa9e8effad8fa81386\"},\"headline\":\"Presidente del CACIF da declaraciones sobre la coyuntura nacional\",\"datePublished\":\"2023-07-22T02:32:55+00:00\",\"dateModified\":\"2023-07-24T00:42:50+00:00\",\"mainEntityOfPage\":{\"@id\":\"https:\/\/www.sonoraenequipo.com.mx\/presidente-del-cacif-da-declaraciones-sobre-la-coyuntura-nacional\/\"},\"wordCount\":129,\"commentCount\":0,\"publisher\":{\"@id\":\"https:\/\/www.sonoraenequipo.com.mx\/#organization\"},\"image\":{\"@id\":\"https:\/\/www.sonoraenequipo.com.mx\/presidente-del-cacif-da-declaraciones-sobre-la-coyuntura-nacional\/#primaryimage\"},\"thumbnailUrl\":\"https:\/\/www.sonoraenequipo.com.mx\/storage\/2023\/07\/Presidente-del-CACIF-da-declaraciones-sobre-la-coyuntura-nacional..-min.jpg\",\"articleSection\":[\"MUNDO\"],\"inLanguage\":\"es\",\"potentialAction\":[{\"@type\":\"CommentAction\",\"name\":\"Comment\",\"target\":[\"https:\/\/www.sonoraenequipo.com.mx\/presidente-del-cacif-da-declaraciones-sobre-la-coyuntura-nacional\/#respond\"]}]},{\"@type\":\"WebPage\",\"@id\":\"https:\/\/www.sonoraenequipo.com.mx\/presidente-del-cacif-da-declaraciones-sobre-la-coyuntura-nacional\/\",\"url\":\"https:\/\/www.sonoraenequipo.com.mx\/presidente-del-cacif-da-declaraciones-sobre-la-coyuntura-nacional\/\",\"name\":\"Sonora en Equipo. Presidente del CACIF da declaraciones sobre la coyuntura nacional MUNDO\",\"isPartOf\":{\"@id\":\"https:\/\/www.sonoraenequipo.com.mx\/#website\"},\"primaryImageOfPage\":{\"@id\":\"https:\/\/www.sonoraenequipo.com.mx\/presidente-del-cacif-da-declaraciones-sobre-la-coyuntura-nacional\/#primaryimage\"},\"image\":{\"@id\":\"https:\/\/www.sonoraenequipo.com.mx\/presidente-del-cacif-da-declaraciones-sobre-la-coyuntura-nacional\/#primaryimage\"},\"thumbnailUrl\":\"https:\/\/www.sonoraenequipo.com.mx\/storage\/2023\/07\/Presidente-del-CACIF-da-declaraciones-sobre-la-coyuntura-nacional..-min.jpg\",\"datePublished\":\"2023-07-22T02:32:55+00:00\",\"dateModified\":\"2023-07-24T00:42:50+00:00\",\"description\":\"CIUDAD DE GUATEMALA, GUATEMALA. \u2014 \u201cEl Tribunal Supremo Electoral est\u00e1 utilizando las acciones legales correspondientes para asegurar, por medio de la En Sonora en Equipo publicamos toda la informaci\u00f3n de Sonora, M\u00e9xico y el Mundo de manera oportuna y busca que la libertad de expresi\u00f3n sea real. Visita nuestro medio informativo publicado desde Hermosillo, Sonora. %\",\"breadcrumb\":{\"@id\":\"https:\/\/www.sonoraenequipo.com.mx\/presidente-del-cacif-da-declaraciones-sobre-la-coyuntura-nacional\/#breadcrumb\"},\"inLanguage\":\"es\",\"potentialAction\":[{\"@type\":\"ReadAction\",\"target\":[\"https:\/\/www.sonoraenequipo.com.mx\/presidente-del-cacif-da-declaraciones-sobre-la-coyuntura-nacional\/\"]}]},{\"@type\":\"ImageObject\",\"inLanguage\":\"es\",\"@id\":\"https:\/\/www.sonoraenequipo.com.mx\/presidente-del-cacif-da-declaraciones-sobre-la-coyuntura-nacional\/#primaryimage\",\"url\":\"https:\/\/www.sonoraenequipo.com.mx\/storage\/2023\/07\/Presidente-del-CACIF-da-declaraciones-sobre-la-coyuntura-nacional..-min.jpg\",\"contentUrl\":\"https:\/\/www.sonoraenequipo.com.mx\/storage\/2023\/07\/Presidente-del-CACIF-da-declaraciones-sobre-la-coyuntura-nacional..-min.jpg\",\"width\":900,\"height\":561},{\"@type\":\"BreadcrumbList\",\"@id\":\"https:\/\/www.sonoraenequipo.com.mx\/presidente-del-cacif-da-declaraciones-sobre-la-coyuntura-nacional\/#breadcrumb\",\"itemListElement\":[{\"@type\":\"ListItem\",\"position\":1,\"name\":\"Portada\",\"item\":\"https:\/\/www.sonoraenequipo.com.mx\/\"},{\"@type\":\"ListItem\",\"position\":2,\"name\":\"Presidente del CACIF da declaraciones sobre la coyuntura nacional\"}]},{\"@type\":\"WebSite\",\"@id\":\"https:\/\/www.sonoraenequipo.com.mx\/#website\",\"url\":\"https:\/\/www.sonoraenequipo.com.mx\/\",\"name\":\"Sonora en Equipo.\",\"description\":\"Diario en l\u00ednea con Noticias desde Hermosillo, Sonora\",\"publisher\":{\"@id\":\"https:\/\/www.sonoraenequipo.com.mx\/#organization\"},\"potentialAction\":[{\"@type\":\"SearchAction\",\"target\":{\"@type\":\"EntryPoint\",\"urlTemplate\":\"https:\/\/www.sonoraenequipo.com.mx\/?s={search_term_string}\"},\"query-input\":{\"@type\":\"PropertyValueSpecification\",\"valueRequired\":true,\"valueName\":\"search_term_string\"}}],\"inLanguage\":\"es\"},{\"@type\":\"Organization\",\"@id\":\"https:\/\/www.sonoraenequipo.com.mx\/#organization\",\"name\":\"Sonoraenequipo.com.mx\",\"url\":\"https:\/\/www.sonoraenequipo.com.mx\/\",\"logo\":{\"@type\":\"ImageObject\",\"inLanguage\":\"es\",\"@id\":\"https:\/\/www.sonoraenequipo.com.mx\/#\/schema\/logo\/image\/\",\"url\":\"https:\/\/www.sonoraenequipo.com.mx\/storage\/2019\/01\/sonoraenequipo_opt.png\",\"contentUrl\":\"https:\/\/www.sonoraenequipo.com.mx\/storage\/2019\/01\/sonoraenequipo_opt.png\",\"width\":375,\"height\":125,\"caption\":\"Sonoraenequipo.com.mx\"},\"image\":{\"@id\":\"https:\/\/www.sonoraenequipo.com.mx\/#\/schema\/logo\/image\/\"},\"sameAs\":[\"https:\/\/www.facebook.com\/SonoraEE\/\",\"https:\/\/x.com\/sonoraenequipo\",\"https:\/\/www.youtube.com\/channel\/UC338nW-lPEYmJQs4ZABQ1SQ\"]},{\"@type\":\"Person\",\"@id\":\"https:\/\/www.sonoraenequipo.com.mx\/#\/schema\/person\/50102df0fb23a8fa9e8effad8fa81386\",\"name\":\"enequipo\",\"image\":{\"@type\":\"ImageObject\",\"inLanguage\":\"es\",\"@id\":\"https:\/\/www.sonoraenequipo.com.mx\/#\/schema\/person\/image\/\",\"url\":\"https:\/\/secure.gravatar.com\/avatar\/049821681b589dabc0bc20695993ccebb09f5b5d4d790cd9251b97faac7c652b?s=96&d=blank&r=g\",\"contentUrl\":\"https:\/\/secure.gravatar.com\/avatar\/049821681b589dabc0bc20695993ccebb09f5b5d4d790cd9251b97faac7c652b?s=96&d=blank&r=g\",\"caption\":\"enequipo\"},\"sameAs\":[\"https:\/\/www.facebook.com\/SonoraEE\"]}]}<\/script>\n ","yoast_head_json":{"title":"Sonora en Equipo. Presidente del CACIF da declaraciones sobre la coyuntura nacional MUNDO","description":"CIUDAD DE GUATEMALA, GUATEMALA. \u2014 \u201cEl Tribunal Supremo Electoral est\u00e1 utilizando las acciones legales correspondientes para asegurar, por medio de la En Sonora en Equipo publicamos toda la informaci\u00f3n de Sonora, M\u00e9xico y el Mundo de manera oportuna y busca que la libertad de expresi\u00f3n sea real. Visita nuestro medio informativo publicado desde Hermosillo, Sonora. %","robots":{"index":"index","follow":"follow","max-snippet":"max-snippet:-1","max-image-preview":"max-image-preview:large","max-video-preview":"max-video-preview:-1"},"canonical":"https:\/\/www.sonoraenequipo.com.mx\/presidente-del-cacif-da-declaraciones-sobre-la-coyuntura-nacional\/","og_locale":"es_ES","og_type":"article","og_title":"Sonora en Equipo. Presidente del CACIF da declaraciones sobre la coyuntura nacional MUNDO","og_description":"CIUDAD DE GUATEMALA, GUATEMALA. \u2014 \u201cEl Tribunal Supremo Electoral est\u00e1 utilizando las acciones legales correspondientes para asegurar, por medio de la En Sonora en Equipo publicamos toda la informaci\u00f3n de Sonora, M\u00e9xico y el Mundo de manera oportuna y busca que la libertad de expresi\u00f3n sea real. Visita nuestro medio informativo publicado desde Hermosillo, Sonora. %","og_url":"https:\/\/www.sonoraenequipo.com.mx\/presidente-del-cacif-da-declaraciones-sobre-la-coyuntura-nacional\/","og_site_name":"Sonora en Equipo.","article_publisher":"https:\/\/www.facebook.com\/SonoraEE\/","article_author":"https:\/\/www.facebook.com\/SonoraEE","article_published_time":"2023-07-22T02:32:55+00:00","article_modified_time":"2023-07-24T00:42:50+00:00","og_image":[{"width":900,"height":561,"url":"https:\/\/www.sonoraenequipo.com.mx\/storage\/2023\/07\/Presidente-del-CACIF-da-declaraciones-sobre-la-coyuntura-nacional..-min.jpg","type":"image\/jpeg"}],"author":"enequipo","twitter_card":"summary_large_image","twitter_creator":"@sonoraenequipo","twitter_site":"@sonoraenequipo","twitter_misc":{"Escrito por":"enequipo","Tiempo de lectura":"1 minuto"},"schema":{"@context":"https:\/\/schema.org","@graph":[{"@type":"Article","@id":"https:\/\/www.sonoraenequipo.com.mx\/presidente-del-cacif-da-declaraciones-sobre-la-coyuntura-nacional\/#article","isPartOf":{"@id":"https:\/\/www.sonoraenequipo.com.mx\/presidente-del-cacif-da-declaraciones-sobre-la-coyuntura-nacional\/"},"author":{"name":"enequipo","@id":"https:\/\/www.sonoraenequipo.com.mx\/#\/schema\/person\/50102df0fb23a8fa9e8effad8fa81386"},"headline":"Presidente del CACIF da declaraciones sobre la coyuntura nacional","datePublished":"2023-07-22T02:32:55+00:00","dateModified":"2023-07-24T00:42:50+00:00","mainEntityOfPage":{"@id":"https:\/\/www.sonoraenequipo.com.mx\/presidente-del-cacif-da-declaraciones-sobre-la-coyuntura-nacional\/"},"wordCount":129,"commentCount":0,"publisher":{"@id":"https:\/\/www.sonoraenequipo.com.mx\/#organization"},"image":{"@id":"https:\/\/www.sonoraenequipo.com.mx\/presidente-del-cacif-da-declaraciones-sobre-la-coyuntura-nacional\/#primaryimage"},"thumbnailUrl":"https:\/\/www.sonoraenequipo.com.mx\/storage\/2023\/07\/Presidente-del-CACIF-da-declaraciones-sobre-la-coyuntura-nacional..-min.jpg","articleSection":["MUNDO"],"inLanguage":"es","potentialAction":[{"@type":"CommentAction","name":"Comment","target":["https:\/\/www.sonoraenequipo.com.mx\/presidente-del-cacif-da-declaraciones-sobre-la-coyuntura-nacional\/#respond"]}]},{"@type":"WebPage","@id":"https:\/\/www.sonoraenequipo.com.mx\/presidente-del-cacif-da-declaraciones-sobre-la-coyuntura-nacional\/","url":"https:\/\/www.sonoraenequipo.com.mx\/presidente-del-cacif-da-declaraciones-sobre-la-coyuntura-nacional\/","name":"Sonora en Equipo. Presidente del CACIF da declaraciones sobre la coyuntura nacional MUNDO","isPartOf":{"@id":"https:\/\/www.sonoraenequipo.com.mx\/#website"},"primaryImageOfPage":{"@id":"https:\/\/www.sonoraenequipo.com.mx\/presidente-del-cacif-da-declaraciones-sobre-la-coyuntura-nacional\/#primaryimage"},"image":{"@id":"https:\/\/www.sonoraenequipo.com.mx\/presidente-del-cacif-da-declaraciones-sobre-la-coyuntura-nacional\/#primaryimage"},"thumbnailUrl":"https:\/\/www.sonoraenequipo.com.mx\/storage\/2023\/07\/Presidente-del-CACIF-da-declaraciones-sobre-la-coyuntura-nacional..-min.jpg","datePublished":"2023-07-22T02:32:55+00:00","dateModified":"2023-07-24T00:42:50+00:00","description":"CIUDAD DE GUATEMALA, GUATEMALA. \u2014 \u201cEl Tribunal Supremo Electoral est\u00e1 utilizando las acciones legales correspondientes para asegurar, por medio de la En Sonora en Equipo publicamos toda la informaci\u00f3n de Sonora, M\u00e9xico y el Mundo de manera oportuna y busca que la libertad de expresi\u00f3n sea real. Visita nuestro medio informativo publicado desde Hermosillo, Sonora. %","breadcrumb":{"@id":"https:\/\/www.sonoraenequipo.com.mx\/presidente-del-cacif-da-declaraciones-sobre-la-coyuntura-nacional\/#breadcrumb"},"inLanguage":"es","potentialAction":[{"@type":"ReadAction","target":["https:\/\/www.sonoraenequipo.com.mx\/presidente-del-cacif-da-declaraciones-sobre-la-coyuntura-nacional\/"]}]},{"@type":"ImageObject","inLanguage":"es","@id":"https:\/\/www.sonoraenequipo.com.mx\/presidente-del-cacif-da-declaraciones-sobre-la-coyuntura-nacional\/#primaryimage","url":"https:\/\/www.sonoraenequipo.com.mx\/storage\/2023\/07\/Presidente-del-CACIF-da-declaraciones-sobre-la-coyuntura-nacional..-min.jpg","contentUrl":"https:\/\/www.sonoraenequipo.com.mx\/storage\/2023\/07\/Presidente-del-CACIF-da-declaraciones-sobre-la-coyuntura-nacional..-min.jpg","width":900,"height":561},{"@type":"BreadcrumbList","@id":"https:\/\/www.sonoraenequipo.com.mx\/presidente-del-cacif-da-declaraciones-sobre-la-coyuntura-nacional\/#breadcrumb","itemListElement":[{"@type":"ListItem","position":1,"name":"Portada","item":"https:\/\/www.sonoraenequipo.com.mx\/"},{"@type":"ListItem","position":2,"name":"Presidente del CACIF da declaraciones sobre la coyuntura nacional"}]},{"@type":"WebSite","@id":"https:\/\/www.sonoraenequipo.com.mx\/#website","url":"https:\/\/www.sonoraenequipo.com.mx\/","name":"Sonora en Equipo.","description":"Diario en l\u00ednea con Noticias desde Hermosillo, Sonora","publisher":{"@id":"https:\/\/www.sonoraenequipo.com.mx\/#organization"},"potentialAction":[{"@type":"SearchAction","target":{"@type":"EntryPoint","urlTemplate":"https:\/\/www.sonoraenequipo.com.mx\/?s={search_term_string}"},"query-input":{"@type":"PropertyValueSpecification","valueRequired":true,"valueName":"search_term_string"}}],"inLanguage":"es"},{"@type":"Organization","@id":"https:\/\/www.sonoraenequipo.com.mx\/#organization","name":"Sonoraenequipo.com.mx","url":"https:\/\/www.sonoraenequipo.com.mx\/","logo":{"@type":"ImageObject","inLanguage":"es","@id":"https:\/\/www.sonoraenequipo.com.mx\/#\/schema\/logo\/image\/","url":"https:\/\/www.sonoraenequipo.com.mx\/storage\/2019\/01\/sonoraenequipo_opt.png","contentUrl":"https:\/\/www.sonoraenequipo.com.mx\/storage\/2019\/01\/sonoraenequipo_opt.png","width":375,"height":125,"caption":"Sonoraenequipo.com.mx"},"image":{"@id":"https:\/\/www.sonoraenequipo.com.mx\/#\/schema\/logo\/image\/"},"sameAs":["https:\/\/www.facebook.com\/SonoraEE\/","https:\/\/x.com\/sonoraenequipo","https:\/\/www.youtube.com\/channel\/UC338nW-lPEYmJQs4ZABQ1SQ"]},{"@type":"Person","@id":"https:\/\/www.sonoraenequipo.com.mx\/#\/schema\/person\/50102df0fb23a8fa9e8effad8fa81386","name":"enequipo","image":{"@type":"ImageObject","inLanguage":"es","@id":"https:\/\/www.sonoraenequipo.com.mx\/#\/schema\/person\/image\/","url":"https:\/\/secure.gravatar.com\/avatar\/049821681b589dabc0bc20695993ccebb09f5b5d4d790cd9251b97faac7c652b?s=96&d=blank&r=g","contentUrl":"https:\/\/secure.gravatar.com\/avatar\/049821681b589dabc0bc20695993ccebb09f5b5d4d790cd9251b97faac7c652b?s=96&d=blank&r=g","caption":"enequipo"},"sameAs":["https:\/\/www.facebook.com\/SonoraEE"]}]}},"jetpack_featured_media_url":"https:\/\/www.sonoraenequipo.com.mx\/storage\/2023\/07\/Presidente-del-CACIF-da-declaraciones-sobre-la-coyuntura-nacional..-min.jpg","_links":{"self":[{"href":"https:\/\/www.sonoraenequipo.com.mx\/api\/wp\/v2\/posts\/170921","targetHints":{"allow":["GET"]}}],"collection":[{"href":"https:\/\/www.sonoraenequipo.com.mx\/api\/wp\/v2\/posts"}],"about":[{"href":"https:\/\/www.sonoraenequipo.com.mx\/api\/wp\/v2\/types\/post"}],"author":[{"embeddable":true,"href":"https:\/\/www.sonoraenequipo.com.mx\/api\/wp\/v2\/users\/1"}],"replies":[{"embeddable":true,"href":"https:\/\/www.sonoraenequipo.com.mx\/api\/wp\/v2\/comments?post=170921"}],"version-history":[{"count":1,"href":"https:\/\/www.sonoraenequipo.com.mx\/api\/wp\/v2\/posts\/170921\/revisions"}],"predecessor-version":[{"id":170923,"href":"https:\/\/www.sonoraenequipo.com.mx\/api\/wp\/v2\/posts\/170921\/revisions\/170923"}],"wp:featuredmedia":[{"embeddable":true,"href":"https:\/\/www.sonoraenequipo.com.mx\/api\/wp\/v2\/media\/170922"}],"wp:attachment":[{"href":"https:\/\/www.sonoraenequipo.com.mx\/api\/wp\/v2\/media?parent=170921"}],"wp:term":[{"taxonomy":"category","embeddable":true,"href":"https:\/\/www.sonoraenequipo.com.mx\/api\/wp\/v2\/categories?post=170921"},{"taxonomy":"post_tag","embeddable":true,"href":"https:\/\/www.sonoraenequipo.com.mx\/api\/wp\/v2\/tags?post=170921"}],"curies":[{"name":"wp","href":"https:\/\/api.w.org\/{rel}","templated":true}]}}