{"id":170965,"date":"2023-07-23T20:23:50","date_gmt":"2023-07-24T03:23:50","guid":{"rendered":"https:\/\/www.sonoraenequipo.com.mx\/?p=170965"},"modified":"2023-07-23T22:18:33","modified_gmt":"2023-07-24T05:18:33","slug":"una-espana-dividida-deja-en-suspenso-su-futuro-gobierno","status":"publish","type":"post","link":"https:\/\/www.sonoraenequipo.com.mx\/una-espana-dividida-deja-en-suspenso-su-futuro-gobierno\/","title":{"rendered":"Una Espa\u00f1a dividida deja en suspenso su futuro gobierno"},"content":{"rendered":"<p><strong>MADRID, ESPA\u00d1A. \u2013<\/strong> Los espa\u00f1oles dejaron en suspenso el futuro de su pa\u00eds tras las elecciones generales de este domingo, en las que ni el bloque de derechas ni el de izquierdas obtuvo una mayor\u00eda suficiente para gobernar, por lo que los pactos jugar\u00e1n un papel fundamental en ambos casos.<\/p>\n<p>&nbsp;<\/p>\n<p> <\/p>\n<p>&nbsp;<\/p>\n<p>&nbsp;<\/p>\n<p>El conservador Partido Popular (PP) de Alberto N\u00fa\u00f1ez Feij\u00f3o fue el vencedor con 136 diputados, escrutado m\u00e1s del 99% de los votos, mientras que los socialistas del PSOE del ahora presidente del Gobierno en funciones, Pedro S\u00e1nchez, sumaron 122 esca\u00f1os.<\/p>\n<p>&nbsp;<\/p>\n<p>La formaci\u00f3n de ultraderecha Vox de Santiago Abascal perdi\u00f3 19 esca\u00f1os en estas elecciones y se qued\u00f3 con 33 diputados en el Congreso, mientras Sumar, la coalici\u00f3n de izquierdas encabezada por la vicepresidenta segunda del Gobierno y ministra de Trabajo, Yolanda D\u00edaz, se situ\u00f3 como cuarta fuerza con 31 esca\u00f1os, cuatro menos que los que obtuvieron sus antecesores, Unidas Podemos, en los anteriores comicios.<\/p>\n<p>&nbsp;<\/p>\n<p>&nbsp;<\/p>\n<p>Con estos resultados, ninguno de los dos bloques de izquierda y derecha sumar\u00eda la mayor\u00eda absoluta que en Espa\u00f1a est\u00e1 fijada en 176 esca\u00f1os.<\/p>\n<p>&nbsp;<\/p>\n<p>&nbsp;<\/p>\n<p>Entre las fuerzas independentistas catalanas, ERC sufri\u00f3 un duro rev\u00e9s, al caer de 13 a 7 representantes, Junts per Catalunya perdi\u00f3 uno y se qued\u00f3 con seis, mientras que los independentistas vascos de EH-Bildu superaron por vez primera al Partido Nacionalista Vasco (PNV), con seis diputados frente a cinco.<\/p>\n<p>&nbsp;<\/p>\n<p>&nbsp;<\/p>\n<p>A pesar de este descenso, estas formaciones pueden seguir teniendo la llave para la formaci\u00f3n del Gobierno.<\/p>\n<p>&nbsp;<\/p>\n<p>&nbsp;<\/p>\n<p>La participaci\u00f3n en estas elecciones fue del 70,18 por ciento, casi 4 puntos m\u00e1s que las cifras registradas en las generales del 10 de noviembre de 2019, cuando fue del 66,23 por ciento, seg\u00fan datos oficiales.<\/p>\n<p>&nbsp;<\/p>\n<p>&nbsp;<\/p>\n<p>Un aumento en el que incidi\u00f3 el voto por correo de 2,4 millones de electores, una\u00a0cifra hist\u00f3rica en la democracia espa\u00f1ola propiciada por el periodo vacacional en el que fueron convocadas estas elecciones.<\/p>\n<p>&nbsp;<\/p>\n<h3><\/h3>\n<h3>EL PP AVANZA Y EL PSOE RESISTE<\/h3>\n<p>&nbsp;<\/p>\n<p>&nbsp;<\/p>\n<p>El PP logr\u00f3 este domingo 47 esca\u00f1os m\u00e1s que en las elecciones de 2019 y confirm\u00f3 la tendencia al alza de los conservadores desde las elecciones municipales y regionales del pasado 28 de mayo, cuando la formaci\u00f3n de N\u00fa\u00f1ez Feij\u00f3o se hizo con feudos tradicionales socialistas y consigui\u00f3 adem\u00e1s mayor\u00edas absolutas en el Ayuntamiento madrile\u00f1o y el gobierno regional.<\/p>\n<p>&nbsp;<\/p>\n<p>&nbsp;<\/p>\n<p>Ese fue el detonante del adelanto de los comicios generales, previstos para finales de a\u00f1o, anunciado por S\u00e1nchez al d\u00eda siguiente de los comicios de mayo.<\/p>\n<p>&nbsp;<\/p>\n<p>&nbsp;<\/p>\n<p><em><strong>\u00abMe hago cargo para formar gobierno de acuerdo con la voluntad mayoritaria de los espa\u00f1oles y pido que nadie tenga la tentaci\u00f3n de volver a bloquear Espa\u00f1a\u00bb<\/strong><\/em>, dijo N\u00fa\u00f1ez Feij\u00f3o al reivindicar que le \u00abcorresponde intentar\u00bb formar Gobierno mientras era jaleado por sus simpatizantes. <em><strong>\u00abTodos los candidatos m\u00e1s votados han gobernado\u00bb,<\/strong><\/em> recalc\u00f3.<\/p>\n<p>&nbsp;<\/p>\n<p>&nbsp;<\/p>\n<p>Mientras tanto, el PSOE, contra todo pron\u00f3stico, resisti\u00f3 la embestida de la derecha y sum\u00f3 dos diputados m\u00e1s que en las elecciones generales de 2019.<\/p>\n<p>&nbsp;<\/p>\n<p>&nbsp;<\/p>\n<p>La derecha hab\u00eda planteado estas elecciones como una disputa entre \u00abel Sanchismo\u00bb o el cambio de tim\u00f3n en Espa\u00f1a, algo que finalmente contin\u00faa en el aire.<\/p>\n<p>&nbsp;<\/p>\n<p>&nbsp;<\/p>\n<p>\u00abSomos m\u00e1s, muchos m\u00e1s los que queremos que Espa\u00f1a avance, y as\u00ed seguir\u00e1 siendo\u00bb, afirm\u00f3 Pedro S\u00e1nchez ante los seguidores congregados en las puertas de la sede del PSOE en Madrid, a los que dijo que su intenci\u00f3n es seguir gobernando en Espa\u00f1a.<\/p>\n<p>&nbsp;<\/p>\n<h3><\/h3>\n<h3>EL REGRESO DEL BIPARTIDISMO<\/h3>\n<p>&nbsp;<\/p>\n<p>El bipartidismo, encarnado por el PP y PSOE, gan\u00f3 fuerza en estas elecciones y obtuvo su mejor resultado en una d\u00e9cada despu\u00e9s de varios comicios en los que la irrupci\u00f3n de nuevos partidos como Podemos (izquierda), Ciudadanos (liberales) y Vox lo hab\u00eda llevado a sus peores n\u00fameros desde el inicio de la democracia.<\/p>\n<p>&nbsp;<\/p>\n<p>&nbsp;<\/p>\n<p>De esas fuerzas, Ciudadanos desapareci\u00f3 del mapa electoral, lo que modific\u00f3 radicalmente el escenario pol\u00edtico y empuj\u00f3 a ese reforzamiento del bipartidismo, junto a la fuerte ca\u00edda de Vox, que se dej\u00f3 19 diputados este domingo.<\/p>\n<p>&nbsp;<\/p>\n<p>&nbsp;<\/p>\n<p>Los cambios no se produjeron solo en la derecha, sino tambi\u00e9n en la izquierda.<\/p>\n<p>&nbsp;<\/p>\n<p>&nbsp;<\/p>\n<p>El espacio pol\u00edtico de Unidas Podemos, ahora dentro de la plataforma Sumar, perdi\u00f3 m\u00e1s de la mitad de sus esca\u00f1os desde 2016, momento en el que el partido, entonces liderado por Pablo Iglesias, lleg\u00f3 a obtener 71 diputados en el Congreso espa\u00f1ol.<\/p>\n<p>&nbsp;<\/p>\n<p>&nbsp;<\/p>\n<p>Adem\u00e1s, en estas elecciones desaparecieron del panorama pol\u00edtico la formaci\u00f3n independentista de izquierda radical CUP y el partido Teruel Existe, \u00fanico representante de la conocida como Espa\u00f1a vaciada.<\/p>\n<p>&nbsp;<\/p>\n<p>&nbsp;<\/p>\n<p>&nbsp;<\/p>\n<p>PUBLICADO EL 23 DE JULIO DE 2023\/ Con informaci\u00f3n de GOBSON 0723-123)<\/p>\n","protected":false},"excerpt":{"rendered":"<p>MADRID, ESPA\u00d1A. \u2013 Los espa\u00f1oles dejaron en suspenso el futuro de su pa\u00eds tras las&#8230;<\/p>\n","protected":false},"author":1,"featured_media":170963,"comment_status":"open","ping_status":"open","sticky":false,"template":"","format":"standard","meta":{"_monsterinsights_skip_tracking":false,"_monsterinsights_sitenote_active":false,"_monsterinsights_sitenote_note":"","_monsterinsights_sitenote_category":0,"footnotes":""},"categories":[3],"tags":[],"class_list":["post"],"yoast_head":" \n<title>Sonora en Equipo. Una Espa\u00f1a dividida deja en suspenso su futuro gobierno MUNDO<\/title>\n<meta name=\"description\" content=\"MADRID, ESPA\u00d1A. \u2013 Los espa\u00f1oles dejaron en suspenso el futuro de su pa\u00eds tras las elecciones generales de este domingo, en las que ni el bloque de En Sonora en Equipo publicamos toda la informaci\u00f3n de Sonora, M\u00e9xico y el Mundo de manera oportuna y busca que la libertad de expresi\u00f3n sea real. Visita nuestro medio informativo publicado desde Hermosillo, Sonora. %\" \/>\n<meta name=\"robots\" content=\"index, follow, max-snippet:-1, max-image-preview:large, max-video-preview:-1\" \/>\n<link rel=\"canonical\" href=\"https:\/\/www.sonoraenequipo.com.mx\/una-espana-dividida-deja-en-suspenso-su-futuro-gobierno\/\" \/>\n<meta property=\"og:locale\" content=\"es_ES\" \/>\n<meta property=\"og:type\" content=\"article\" \/>\n<meta property=\"og:title\" content=\"Sonora en Equipo. Una Espa\u00f1a dividida deja en suspenso su futuro gobierno MUNDO\" \/>\n<meta property=\"og:description\" content=\"MADRID, ESPA\u00d1A. \u2013 Los espa\u00f1oles dejaron en suspenso el futuro de su pa\u00eds tras las elecciones generales de este domingo, en las que ni el bloque de En Sonora en Equipo publicamos toda la informaci\u00f3n de Sonora, M\u00e9xico y el Mundo de manera oportuna y busca que la libertad de expresi\u00f3n sea real. Visita nuestro medio informativo publicado desde Hermosillo, Sonora. %\" \/>\n<meta property=\"og:url\" content=\"https:\/\/www.sonoraenequipo.com.mx\/una-espana-dividida-deja-en-suspenso-su-futuro-gobierno\/\" \/>\n<meta property=\"og:site_name\" content=\"Sonora en Equipo.\" \/>\n<meta property=\"article:publisher\" content=\"https:\/\/www.facebook.com\/SonoraEE\/\" \/>\n<meta property=\"article:author\" content=\"https:\/\/www.facebook.com\/SonoraEE\" \/>\n<meta property=\"article:published_time\" content=\"2023-07-24T03:23:50+00:00\" \/>\n<meta property=\"article:modified_time\" content=\"2023-07-24T05:18:33+00:00\" \/>\n<meta property=\"og:image\" content=\"https:\/\/www.sonoraenequipo.com.mx\/storage\/2023\/07\/elecciones-en-espana.-Alberto-Nunez-Feijoo-min.jpg\" \/>\n\t<meta property=\"og:image:width\" content=\"800\" \/>\n\t<meta property=\"og:image:height\" content=\"450\" \/>\n\t<meta property=\"og:image:type\" content=\"image\/jpeg\" \/>\n<meta name=\"author\" content=\"enequipo\" \/>\n<meta name=\"twitter:card\" content=\"summary_large_image\" \/>\n<meta name=\"twitter:creator\" content=\"@sonoraenequipo\" \/>\n<meta name=\"twitter:site\" content=\"@sonoraenequipo\" \/>\n<meta name=\"twitter:label1\" content=\"Escrito por\" \/>\n\t<meta name=\"twitter:data1\" content=\"enequipo\" \/>\n\t<meta name=\"twitter:label2\" content=\"Tiempo de lectura\" \/>\n\t<meta name=\"twitter:data2\" content=\"4 minutos\" \/>\n<script type=\"application\/ld+json\" class=\"yoast-schema-graph\">{\"@context\":\"https:\/\/schema.org\",\"@graph\":[{\"@type\":\"Article\",\"@id\":\"https:\/\/www.sonoraenequipo.com.mx\/una-espana-dividida-deja-en-suspenso-su-futuro-gobierno\/#article\",\"isPartOf\":{\"@id\":\"https:\/\/www.sonoraenequipo.com.mx\/una-espana-dividida-deja-en-suspenso-su-futuro-gobierno\/\"},\"author\":{\"name\":\"enequipo\",\"@id\":\"https:\/\/www.sonoraenequipo.com.mx\/#\/schema\/person\/50102df0fb23a8fa9e8effad8fa81386\"},\"headline\":\"Una Espa\u00f1a dividida deja en suspenso su futuro gobierno\",\"datePublished\":\"2023-07-24T03:23:50+00:00\",\"dateModified\":\"2023-07-24T05:18:33+00:00\",\"mainEntityOfPage\":{\"@id\":\"https:\/\/www.sonoraenequipo.com.mx\/una-espana-dividida-deja-en-suspenso-su-futuro-gobierno\/\"},\"wordCount\":838,\"commentCount\":0,\"publisher\":{\"@id\":\"https:\/\/www.sonoraenequipo.com.mx\/#organization\"},\"image\":{\"@id\":\"https:\/\/www.sonoraenequipo.com.mx\/una-espana-dividida-deja-en-suspenso-su-futuro-gobierno\/#primaryimage\"},\"thumbnailUrl\":\"https:\/\/www.sonoraenequipo.com.mx\/storage\/2023\/07\/elecciones-en-espana.-Alberto-Nunez-Feijoo-min.jpg\",\"articleSection\":[\"MUNDO\"],\"inLanguage\":\"es\",\"potentialAction\":[{\"@type\":\"CommentAction\",\"name\":\"Comment\",\"target\":[\"https:\/\/www.sonoraenequipo.com.mx\/una-espana-dividida-deja-en-suspenso-su-futuro-gobierno\/#respond\"]}]},{\"@type\":\"WebPage\",\"@id\":\"https:\/\/www.sonoraenequipo.com.mx\/una-espana-dividida-deja-en-suspenso-su-futuro-gobierno\/\",\"url\":\"https:\/\/www.sonoraenequipo.com.mx\/una-espana-dividida-deja-en-suspenso-su-futuro-gobierno\/\",\"name\":\"Sonora en Equipo. Una Espa\u00f1a dividida deja en suspenso su futuro gobierno MUNDO\",\"isPartOf\":{\"@id\":\"https:\/\/www.sonoraenequipo.com.mx\/#website\"},\"primaryImageOfPage\":{\"@id\":\"https:\/\/www.sonoraenequipo.com.mx\/una-espana-dividida-deja-en-suspenso-su-futuro-gobierno\/#primaryimage\"},\"image\":{\"@id\":\"https:\/\/www.sonoraenequipo.com.mx\/una-espana-dividida-deja-en-suspenso-su-futuro-gobierno\/#primaryimage\"},\"thumbnailUrl\":\"https:\/\/www.sonoraenequipo.com.mx\/storage\/2023\/07\/elecciones-en-espana.-Alberto-Nunez-Feijoo-min.jpg\",\"datePublished\":\"2023-07-24T03:23:50+00:00\",\"dateModified\":\"2023-07-24T05:18:33+00:00\",\"description\":\"MADRID, ESPA\u00d1A. \u2013 Los espa\u00f1oles dejaron en suspenso el futuro de su pa\u00eds tras las elecciones generales de este domingo, en las que ni el bloque de En Sonora en Equipo publicamos toda la informaci\u00f3n de Sonora, M\u00e9xico y el Mundo de manera oportuna y busca que la libertad de expresi\u00f3n sea real. Visita nuestro medio informativo publicado desde Hermosillo, Sonora. %\",\"breadcrumb\":{\"@id\":\"https:\/\/www.sonoraenequipo.com.mx\/una-espana-dividida-deja-en-suspenso-su-futuro-gobierno\/#breadcrumb\"},\"inLanguage\":\"es\",\"potentialAction\":[{\"@type\":\"ReadAction\",\"target\":[\"https:\/\/www.sonoraenequipo.com.mx\/una-espana-dividida-deja-en-suspenso-su-futuro-gobierno\/\"]}]},{\"@type\":\"ImageObject\",\"inLanguage\":\"es\",\"@id\":\"https:\/\/www.sonoraenequipo.com.mx\/una-espana-dividida-deja-en-suspenso-su-futuro-gobierno\/#primaryimage\",\"url\":\"https:\/\/www.sonoraenequipo.com.mx\/storage\/2023\/07\/elecciones-en-espana.-Alberto-Nunez-Feijoo-min.jpg\",\"contentUrl\":\"https:\/\/www.sonoraenequipo.com.mx\/storage\/2023\/07\/elecciones-en-espana.-Alberto-Nunez-Feijoo-min.jpg\",\"width\":800,\"height\":450},{\"@type\":\"BreadcrumbList\",\"@id\":\"https:\/\/www.sonoraenequipo.com.mx\/una-espana-dividida-deja-en-suspenso-su-futuro-gobierno\/#breadcrumb\",\"itemListElement\":[{\"@type\":\"ListItem\",\"position\":1,\"name\":\"Portada\",\"item\":\"https:\/\/www.sonoraenequipo.com.mx\/\"},{\"@type\":\"ListItem\",\"position\":2,\"name\":\"Una Espa\u00f1a dividida deja en suspenso su futuro gobierno\"}]},{\"@type\":\"WebSite\",\"@id\":\"https:\/\/www.sonoraenequipo.com.mx\/#website\",\"url\":\"https:\/\/www.sonoraenequipo.com.mx\/\",\"name\":\"Sonora en Equipo.\",\"description\":\"Diario en l\u00ednea con Noticias desde Hermosillo, Sonora\",\"publisher\":{\"@id\":\"https:\/\/www.sonoraenequipo.com.mx\/#organization\"},\"potentialAction\":[{\"@type\":\"SearchAction\",\"target\":{\"@type\":\"EntryPoint\",\"urlTemplate\":\"https:\/\/www.sonoraenequipo.com.mx\/?s={search_term_string}\"},\"query-input\":{\"@type\":\"PropertyValueSpecification\",\"valueRequired\":true,\"valueName\":\"search_term_string\"}}],\"inLanguage\":\"es\"},{\"@type\":\"Organization\",\"@id\":\"https:\/\/www.sonoraenequipo.com.mx\/#organization\",\"name\":\"Sonoraenequipo.com.mx\",\"url\":\"https:\/\/www.sonoraenequipo.com.mx\/\",\"logo\":{\"@type\":\"ImageObject\",\"inLanguage\":\"es\",\"@id\":\"https:\/\/www.sonoraenequipo.com.mx\/#\/schema\/logo\/image\/\",\"url\":\"https:\/\/www.sonoraenequipo.com.mx\/storage\/2019\/01\/sonoraenequipo_opt.png\",\"contentUrl\":\"https:\/\/www.sonoraenequipo.com.mx\/storage\/2019\/01\/sonoraenequipo_opt.png\",\"width\":375,\"height\":125,\"caption\":\"Sonoraenequipo.com.mx\"},\"image\":{\"@id\":\"https:\/\/www.sonoraenequipo.com.mx\/#\/schema\/logo\/image\/\"},\"sameAs\":[\"https:\/\/www.facebook.com\/SonoraEE\/\",\"https:\/\/x.com\/sonoraenequipo\",\"https:\/\/www.youtube.com\/channel\/UC338nW-lPEYmJQs4ZABQ1SQ\"]},{\"@type\":\"Person\",\"@id\":\"https:\/\/www.sonoraenequipo.com.mx\/#\/schema\/person\/50102df0fb23a8fa9e8effad8fa81386\",\"name\":\"enequipo\",\"image\":{\"@type\":\"ImageObject\",\"inLanguage\":\"es\",\"@id\":\"https:\/\/www.sonoraenequipo.com.mx\/#\/schema\/person\/image\/\",\"url\":\"https:\/\/secure.gravatar.com\/avatar\/049821681b589dabc0bc20695993ccebb09f5b5d4d790cd9251b97faac7c652b?s=96&d=blank&r=g\",\"contentUrl\":\"https:\/\/secure.gravatar.com\/avatar\/049821681b589dabc0bc20695993ccebb09f5b5d4d790cd9251b97faac7c652b?s=96&d=blank&r=g\",\"caption\":\"enequipo\"},\"sameAs\":[\"https:\/\/www.facebook.com\/SonoraEE\"]}]}<\/script>\n ","yoast_head_json":{"title":"Sonora en Equipo. Una Espa\u00f1a dividida deja en suspenso su futuro gobierno MUNDO","description":"MADRID, ESPA\u00d1A. \u2013 Los espa\u00f1oles dejaron en suspenso el futuro de su pa\u00eds tras las elecciones generales de este domingo, en las que ni el bloque de En Sonora en Equipo publicamos toda la informaci\u00f3n de Sonora, M\u00e9xico y el Mundo de manera oportuna y busca que la libertad de expresi\u00f3n sea real. Visita nuestro medio informativo publicado desde Hermosillo, Sonora. %","robots":{"index":"index","follow":"follow","max-snippet":"max-snippet:-1","max-image-preview":"max-image-preview:large","max-video-preview":"max-video-preview:-1"},"canonical":"https:\/\/www.sonoraenequipo.com.mx\/una-espana-dividida-deja-en-suspenso-su-futuro-gobierno\/","og_locale":"es_ES","og_type":"article","og_title":"Sonora en Equipo. Una Espa\u00f1a dividida deja en suspenso su futuro gobierno MUNDO","og_description":"MADRID, ESPA\u00d1A. \u2013 Los espa\u00f1oles dejaron en suspenso el futuro de su pa\u00eds tras las elecciones generales de este domingo, en las que ni el bloque de En Sonora en Equipo publicamos toda la informaci\u00f3n de Sonora, M\u00e9xico y el Mundo de manera oportuna y busca que la libertad de expresi\u00f3n sea real. Visita nuestro medio informativo publicado desde Hermosillo, Sonora. %","og_url":"https:\/\/www.sonoraenequipo.com.mx\/una-espana-dividida-deja-en-suspenso-su-futuro-gobierno\/","og_site_name":"Sonora en Equipo.","article_publisher":"https:\/\/www.facebook.com\/SonoraEE\/","article_author":"https:\/\/www.facebook.com\/SonoraEE","article_published_time":"2023-07-24T03:23:50+00:00","article_modified_time":"2023-07-24T05:18:33+00:00","og_image":[{"width":800,"height":450,"url":"https:\/\/www.sonoraenequipo.com.mx\/storage\/2023\/07\/elecciones-en-espana.-Alberto-Nunez-Feijoo-min.jpg","type":"image\/jpeg"}],"author":"enequipo","twitter_card":"summary_large_image","twitter_creator":"@sonoraenequipo","twitter_site":"@sonoraenequipo","twitter_misc":{"Escrito por":"enequipo","Tiempo de lectura":"4 minutos"},"schema":{"@context":"https:\/\/schema.org","@graph":[{"@type":"Article","@id":"https:\/\/www.sonoraenequipo.com.mx\/una-espana-dividida-deja-en-suspenso-su-futuro-gobierno\/#article","isPartOf":{"@id":"https:\/\/www.sonoraenequipo.com.mx\/una-espana-dividida-deja-en-suspenso-su-futuro-gobierno\/"},"author":{"name":"enequipo","@id":"https:\/\/www.sonoraenequipo.com.mx\/#\/schema\/person\/50102df0fb23a8fa9e8effad8fa81386"},"headline":"Una Espa\u00f1a dividida deja en suspenso su futuro gobierno","datePublished":"2023-07-24T03:23:50+00:00","dateModified":"2023-07-24T05:18:33+00:00","mainEntityOfPage":{"@id":"https:\/\/www.sonoraenequipo.com.mx\/una-espana-dividida-deja-en-suspenso-su-futuro-gobierno\/"},"wordCount":838,"commentCount":0,"publisher":{"@id":"https:\/\/www.sonoraenequipo.com.mx\/#organization"},"image":{"@id":"https:\/\/www.sonoraenequipo.com.mx\/una-espana-dividida-deja-en-suspenso-su-futuro-gobierno\/#primaryimage"},"thumbnailUrl":"https:\/\/www.sonoraenequipo.com.mx\/storage\/2023\/07\/elecciones-en-espana.-Alberto-Nunez-Feijoo-min.jpg","articleSection":["MUNDO"],"inLanguage":"es","potentialAction":[{"@type":"CommentAction","name":"Comment","target":["https:\/\/www.sonoraenequipo.com.mx\/una-espana-dividida-deja-en-suspenso-su-futuro-gobierno\/#respond"]}]},{"@type":"WebPage","@id":"https:\/\/www.sonoraenequipo.com.mx\/una-espana-dividida-deja-en-suspenso-su-futuro-gobierno\/","url":"https:\/\/www.sonoraenequipo.com.mx\/una-espana-dividida-deja-en-suspenso-su-futuro-gobierno\/","name":"Sonora en Equipo. Una Espa\u00f1a dividida deja en suspenso su futuro gobierno MUNDO","isPartOf":{"@id":"https:\/\/www.sonoraenequipo.com.mx\/#website"},"primaryImageOfPage":{"@id":"https:\/\/www.sonoraenequipo.com.mx\/una-espana-dividida-deja-en-suspenso-su-futuro-gobierno\/#primaryimage"},"image":{"@id":"https:\/\/www.sonoraenequipo.com.mx\/una-espana-dividida-deja-en-suspenso-su-futuro-gobierno\/#primaryimage"},"thumbnailUrl":"https:\/\/www.sonoraenequipo.com.mx\/storage\/2023\/07\/elecciones-en-espana.-Alberto-Nunez-Feijoo-min.jpg","datePublished":"2023-07-24T03:23:50+00:00","dateModified":"2023-07-24T05:18:33+00:00","description":"MADRID, ESPA\u00d1A. \u2013 Los espa\u00f1oles dejaron en suspenso el futuro de su pa\u00eds tras las elecciones generales de este domingo, en las que ni el bloque de En Sonora en Equipo publicamos toda la informaci\u00f3n de Sonora, M\u00e9xico y el Mundo de manera oportuna y busca que la libertad de expresi\u00f3n sea real. Visita nuestro medio informativo publicado desde Hermosillo, Sonora. %","breadcrumb":{"@id":"https:\/\/www.sonoraenequipo.com.mx\/una-espana-dividida-deja-en-suspenso-su-futuro-gobierno\/#breadcrumb"},"inLanguage":"es","potentialAction":[{"@type":"ReadAction","target":["https:\/\/www.sonoraenequipo.com.mx\/una-espana-dividida-deja-en-suspenso-su-futuro-gobierno\/"]}]},{"@type":"ImageObject","inLanguage":"es","@id":"https:\/\/www.sonoraenequipo.com.mx\/una-espana-dividida-deja-en-suspenso-su-futuro-gobierno\/#primaryimage","url":"https:\/\/www.sonoraenequipo.com.mx\/storage\/2023\/07\/elecciones-en-espana.-Alberto-Nunez-Feijoo-min.jpg","contentUrl":"https:\/\/www.sonoraenequipo.com.mx\/storage\/2023\/07\/elecciones-en-espana.-Alberto-Nunez-Feijoo-min.jpg","width":800,"height":450},{"@type":"BreadcrumbList","@id":"https:\/\/www.sonoraenequipo.com.mx\/una-espana-dividida-deja-en-suspenso-su-futuro-gobierno\/#breadcrumb","itemListElement":[{"@type":"ListItem","position":1,"name":"Portada","item":"https:\/\/www.sonoraenequipo.com.mx\/"},{"@type":"ListItem","position":2,"name":"Una Espa\u00f1a dividida deja en suspenso su futuro gobierno"}]},{"@type":"WebSite","@id":"https:\/\/www.sonoraenequipo.com.mx\/#website","url":"https:\/\/www.sonoraenequipo.com.mx\/","name":"Sonora en Equipo.","description":"Diario en l\u00ednea con Noticias desde Hermosillo, Sonora","publisher":{"@id":"https:\/\/www.sonoraenequipo.com.mx\/#organization"},"potentialAction":[{"@type":"SearchAction","target":{"@type":"EntryPoint","urlTemplate":"https:\/\/www.sonoraenequipo.com.mx\/?s={search_term_string}"},"query-input":{"@type":"PropertyValueSpecification","valueRequired":true,"valueName":"search_term_string"}}],"inLanguage":"es"},{"@type":"Organization","@id":"https:\/\/www.sonoraenequipo.com.mx\/#organization","name":"Sonoraenequipo.com.mx","url":"https:\/\/www.sonoraenequipo.com.mx\/","logo":{"@type":"ImageObject","inLanguage":"es","@id":"https:\/\/www.sonoraenequipo.com.mx\/#\/schema\/logo\/image\/","url":"https:\/\/www.sonoraenequipo.com.mx\/storage\/2019\/01\/sonoraenequipo_opt.png","contentUrl":"https:\/\/www.sonoraenequipo.com.mx\/storage\/2019\/01\/sonoraenequipo_opt.png","width":375,"height":125,"caption":"Sonoraenequipo.com.mx"},"image":{"@id":"https:\/\/www.sonoraenequipo.com.mx\/#\/schema\/logo\/image\/"},"sameAs":["https:\/\/www.facebook.com\/SonoraEE\/","https:\/\/x.com\/sonoraenequipo","https:\/\/www.youtube.com\/channel\/UC338nW-lPEYmJQs4ZABQ1SQ"]},{"@type":"Person","@id":"https:\/\/www.sonoraenequipo.com.mx\/#\/schema\/person\/50102df0fb23a8fa9e8effad8fa81386","name":"enequipo","image":{"@type":"ImageObject","inLanguage":"es","@id":"https:\/\/www.sonoraenequipo.com.mx\/#\/schema\/person\/image\/","url":"https:\/\/secure.gravatar.com\/avatar\/049821681b589dabc0bc20695993ccebb09f5b5d4d790cd9251b97faac7c652b?s=96&d=blank&r=g","contentUrl":"https:\/\/secure.gravatar.com\/avatar\/049821681b589dabc0bc20695993ccebb09f5b5d4d790cd9251b97faac7c652b?s=96&d=blank&r=g","caption":"enequipo"},"sameAs":["https:\/\/www.facebook.com\/SonoraEE"]}]}},"jetpack_featured_media_url":"https:\/\/www.sonoraenequipo.com.mx\/storage\/2023\/07\/elecciones-en-espana.-Alberto-Nunez-Feijoo-min.jpg","_links":{"self":[{"href":"https:\/\/www.sonoraenequipo.com.mx\/api\/wp\/v2\/posts\/170965","targetHints":{"allow":["GET"]}}],"collection":[{"href":"https:\/\/www.sonoraenequipo.com.mx\/api\/wp\/v2\/posts"}],"about":[{"href":"https:\/\/www.sonoraenequipo.com.mx\/api\/wp\/v2\/types\/post"}],"author":[{"embeddable":true,"href":"https:\/\/www.sonoraenequipo.com.mx\/api\/wp\/v2\/users\/1"}],"replies":[{"embeddable":true,"href":"https:\/\/www.sonoraenequipo.com.mx\/api\/wp\/v2\/comments?post=170965"}],"version-history":[{"count":1,"href":"https:\/\/www.sonoraenequipo.com.mx\/api\/wp\/v2\/posts\/170965\/revisions"}],"predecessor-version":[{"id":170968,"href":"https:\/\/www.sonoraenequipo.com.mx\/api\/wp\/v2\/posts\/170965\/revisions\/170968"}],"wp:featuredmedia":[{"embeddable":true,"href":"https:\/\/www.sonoraenequipo.com.mx\/api\/wp\/v2\/media\/170963"}],"wp:attachment":[{"href":"https:\/\/www.sonoraenequipo.com.mx\/api\/wp\/v2\/media?parent=170965"}],"wp:term":[{"taxonomy":"category","embeddable":true,"href":"https:\/\/www.sonoraenequipo.com.mx\/api\/wp\/v2\/categories?post=170965"},{"taxonomy":"post_tag","embeddable":true,"href":"https:\/\/www.sonoraenequipo.com.mx\/api\/wp\/v2\/tags?post=170965"}],"curies":[{"name":"wp","href":"https:\/\/api.w.org\/{rel}","templated":true}]}}