{"id":170979,"date":"2023-07-23T21:54:49","date_gmt":"2023-07-24T04:54:49","guid":{"rendered":"https:\/\/www.sonoraenequipo.com.mx\/?p=170979"},"modified":"2023-07-24T09:12:18","modified_gmt":"2023-07-24T16:12:18","slug":"alcalde-de-acora-pide-perdon-de-rodillas-a-su-pueblo-por-haberse-reunido-con-dina-boluarte","status":"publish","type":"post","link":"https:\/\/www.sonoraenequipo.com.mx\/alcalde-de-acora-pide-perdon-de-rodillas-a-su-pueblo-por-haberse-reunido-con-dina-boluarte\/","title":{"rendered":"Alcalde de \u00c1cora pide perd\u00f3n de rodillas a su pueblo por haberse reunido con Dina Boluarte"},"content":{"rendered":"<p><strong>\u00c1CORA, PER\u00da. \u2014<\/strong> El alcalde de la Municipalidad Distrital de \u00c1cora, en la regi\u00f3n Puno, Hern\u00e1n Crisisto Aycaya, pidi\u00f3 este domingo perd\u00f3n de rodillas por haberse reunido con la presidenta Dina Boluarte el pasado 18 de julio en Palacio de Gobierno.<\/p>\n<p>&nbsp;<\/p>\n<p> <\/p>\n<p>Este acto se realiz\u00f3 en la plaza de Armas de \u00c1cora, donde el burgomaestre se quit\u00f3 el sombrero y pidi\u00f3 disculpas en aymara y castellano ante vecinos, dirigentes y autoridades locales.<\/p>\n<p>&nbsp;<\/p>\n<p>Crisisto dijo a la poblaci\u00f3n que no recibi\u00f3 dinero alguno en la reuni\u00f3n con Dina Boluarte y que asisti\u00f3 a la cita como representante de los alcaldes de la zona sur de Puno, de acuerdo con la reuni\u00f3n que sostuvieron en el distrito de San Miguel, en la provincia de San Rom\u00e1n.<\/p>\n<p>&nbsp;<\/p>\n<p>Los dirigentes pidieron que no se burle de la inteligencia de la poblaci\u00f3n y le advirtieron que no debe volver a comportarse como el pasado 18 de julio, sino que de ahora en adelante, cuando vaya a Lima, debe exigir lo que es justo para el distrito de \u00c1cora.<\/p>\n<p>&nbsp;<\/p>\n<p>&nbsp;<\/p>\n<p>Todas las zonas y comunidades de \u00c1cora acordaron acatar un paro seco desde ma\u00f1ana lunes 24 de julio en respaldo de sus compa\u00f1eros quechuas y aymaras que se encuentran en la capital, tambi\u00e9n coincidieron que las protestas contra el gobierno no cesar\u00e1n hasta conseguir la renuncia de la mandataria, el cierre del Congreso y nuevas elecciones.<\/p>\n<p>&nbsp;<\/p>\n<p>El puente Internacional de Ilave, en la provincia de El Collao, regi\u00f3n Puno, se encuentra desbloqueado luego de que los manifestantes se retiraran del lugar despu\u00e9s de nueve horas. Los conductores se reunieron para retirar las piedras y la estructura met\u00e1lica que se encontraba obstaculizando la v\u00eda.<\/p>\n<p>&nbsp;<\/p>\n<p>Los transportistas que cubren ruta desde Desaguadero, Juli, Yunguyo y otros distritos quedaron varados durante horas hasta que finalmente se reabri\u00f3 la v\u00eda entre la frontera con Bolivia.<\/p>\n<p>&nbsp;<\/p>\n<p>El mi\u00e9rcoles pasado los manifestantes bloquearon la carretera con quema de llantas y una estructura met\u00e1lica en el reinicio de las protestas contra el gobierno. Sin embargo, esta medida solo dur\u00f3 un d\u00eda.<\/p>\n<p>&nbsp;<\/p>\n<p>&nbsp;<\/p>\n<p>En la ciudad de Ilave, las clases presenciales se suspendieron en las instituciones p\u00fablicas de educaci\u00f3n inicial, primaria y secundaria. Sus docentes se trasladaron hasta la ciudad de Puno, donde realizaron con movilizaciones de manera pac\u00edfica.<\/p>\n<p>&nbsp;<\/p>\n<p>&nbsp;<\/p>\n<p>PUBLICADO EL 23 DE JULIO DE 2023\/ Con informaci\u00f3n de Pedro Luis Ramos Mart\u00ednez)<\/p>\n","protected":false},"excerpt":{"rendered":"<p>\u00c1CORA, PER\u00da. \u2014 El alcalde de la Municipalidad Distrital de \u00c1cora, en la regi\u00f3n Puno,&#8230;<\/p>\n","protected":false},"author":1,"featured_media":170982,"comment_status":"open","ping_status":"open","sticky":false,"template":"","format":"standard","meta":{"_monsterinsights_skip_tracking":false,"_monsterinsights_sitenote_active":false,"_monsterinsights_sitenote_note":"","_monsterinsights_sitenote_category":0,"footnotes":""},"categories":[3],"tags":[],"class_list":["post"],"yoast_head":" \n<title>Sonora en Equipo. Alcalde de \u00c1cora pide perd\u00f3n de rodillas a su pueblo por haberse reunido con Dina Boluarte MUNDO<\/title>\n<meta name=\"description\" content=\"\u00c1CORA, PER\u00da. \u2014 El alcalde de la Municipalidad Distrital de \u00c1cora, en la regi\u00f3n Puno, Hern\u00e1n Crisisto Aycaya, pidi\u00f3 este domingo perd\u00f3n de rodillas por En Sonora en Equipo publicamos toda la informaci\u00f3n de Sonora, M\u00e9xico y el Mundo de manera oportuna y busca que la libertad de expresi\u00f3n sea real. Visita nuestro medio informativo publicado desde Hermosillo, Sonora. %\" \/>\n<meta name=\"robots\" content=\"index, follow, max-snippet:-1, max-image-preview:large, max-video-preview:-1\" \/>\n<link rel=\"canonical\" href=\"https:\/\/www.sonoraenequipo.com.mx\/alcalde-de-acora-pide-perdon-de-rodillas-a-su-pueblo-por-haberse-reunido-con-dina-boluarte\/\" \/>\n<meta property=\"og:locale\" content=\"es_ES\" \/>\n<meta property=\"og:type\" content=\"article\" \/>\n<meta property=\"og:title\" content=\"Sonora en Equipo. Alcalde de \u00c1cora pide perd\u00f3n de rodillas a su pueblo por haberse reunido con Dina Boluarte MUNDO\" \/>\n<meta property=\"og:description\" content=\"\u00c1CORA, PER\u00da. \u2014 El alcalde de la Municipalidad Distrital de \u00c1cora, en la regi\u00f3n Puno, Hern\u00e1n Crisisto Aycaya, pidi\u00f3 este domingo perd\u00f3n de rodillas por En Sonora en Equipo publicamos toda la informaci\u00f3n de Sonora, M\u00e9xico y el Mundo de manera oportuna y busca que la libertad de expresi\u00f3n sea real. Visita nuestro medio informativo publicado desde Hermosillo, Sonora. %\" \/>\n<meta property=\"og:url\" content=\"https:\/\/www.sonoraenequipo.com.mx\/alcalde-de-acora-pide-perdon-de-rodillas-a-su-pueblo-por-haberse-reunido-con-dina-boluarte\/\" \/>\n<meta property=\"og:site_name\" content=\"Sonora en Equipo.\" \/>\n<meta property=\"article:publisher\" content=\"https:\/\/www.facebook.com\/SonoraEE\/\" \/>\n<meta property=\"article:author\" content=\"https:\/\/www.facebook.com\/SonoraEE\" \/>\n<meta property=\"article:published_time\" content=\"2023-07-24T04:54:49+00:00\" \/>\n<meta property=\"article:modified_time\" content=\"2023-07-24T16:12:18+00:00\" \/>\n<meta property=\"og:image\" content=\"https:\/\/www.sonoraenequipo.com.mx\/storage\/2023\/07\/Alcalde-peruano-pide-perdon-de-rodillas-a-su-pueblo...-min-1.jpg\" \/>\n\t<meta property=\"og:image:width\" content=\"900\" \/>\n\t<meta property=\"og:image:height\" content=\"506\" \/>\n\t<meta property=\"og:image:type\" content=\"image\/jpeg\" \/>\n<meta name=\"author\" content=\"enequipo\" \/>\n<meta name=\"twitter:card\" content=\"summary_large_image\" \/>\n<meta name=\"twitter:creator\" content=\"@sonoraenequipo\" \/>\n<meta name=\"twitter:site\" content=\"@sonoraenequipo\" \/>\n<meta name=\"twitter:label1\" content=\"Escrito por\" \/>\n\t<meta name=\"twitter:data1\" content=\"enequipo\" \/>\n\t<meta name=\"twitter:label2\" content=\"Tiempo de lectura\" \/>\n\t<meta name=\"twitter:data2\" content=\"2 minutos\" \/>\n<script type=\"application\/ld+json\" class=\"yoast-schema-graph\">{\"@context\":\"https:\/\/schema.org\",\"@graph\":[{\"@type\":\"Article\",\"@id\":\"https:\/\/www.sonoraenequipo.com.mx\/alcalde-de-acora-pide-perdon-de-rodillas-a-su-pueblo-por-haberse-reunido-con-dina-boluarte\/#article\",\"isPartOf\":{\"@id\":\"https:\/\/www.sonoraenequipo.com.mx\/alcalde-de-acora-pide-perdon-de-rodillas-a-su-pueblo-por-haberse-reunido-con-dina-boluarte\/\"},\"author\":{\"name\":\"enequipo\",\"@id\":\"https:\/\/www.sonoraenequipo.com.mx\/#\/schema\/person\/50102df0fb23a8fa9e8effad8fa81386\"},\"headline\":\"Alcalde de \u00c1cora pide perd\u00f3n de rodillas a su pueblo por haberse reunido con Dina Boluarte\",\"datePublished\":\"2023-07-24T04:54:49+00:00\",\"dateModified\":\"2023-07-24T16:12:18+00:00\",\"mainEntityOfPage\":{\"@id\":\"https:\/\/www.sonoraenequipo.com.mx\/alcalde-de-acora-pide-perdon-de-rodillas-a-su-pueblo-por-haberse-reunido-con-dina-boluarte\/\"},\"wordCount\":435,\"commentCount\":0,\"publisher\":{\"@id\":\"https:\/\/www.sonoraenequipo.com.mx\/#organization\"},\"image\":{\"@id\":\"https:\/\/www.sonoraenequipo.com.mx\/alcalde-de-acora-pide-perdon-de-rodillas-a-su-pueblo-por-haberse-reunido-con-dina-boluarte\/#primaryimage\"},\"thumbnailUrl\":\"https:\/\/www.sonoraenequipo.com.mx\/storage\/2023\/07\/Alcalde-peruano-pide-perdon-de-rodillas-a-su-pueblo...-min-1.jpg\",\"articleSection\":[\"MUNDO\"],\"inLanguage\":\"es\",\"potentialAction\":[{\"@type\":\"CommentAction\",\"name\":\"Comment\",\"target\":[\"https:\/\/www.sonoraenequipo.com.mx\/alcalde-de-acora-pide-perdon-de-rodillas-a-su-pueblo-por-haberse-reunido-con-dina-boluarte\/#respond\"]}]},{\"@type\":\"WebPage\",\"@id\":\"https:\/\/www.sonoraenequipo.com.mx\/alcalde-de-acora-pide-perdon-de-rodillas-a-su-pueblo-por-haberse-reunido-con-dina-boluarte\/\",\"url\":\"https:\/\/www.sonoraenequipo.com.mx\/alcalde-de-acora-pide-perdon-de-rodillas-a-su-pueblo-por-haberse-reunido-con-dina-boluarte\/\",\"name\":\"Sonora en Equipo. Alcalde de \u00c1cora pide perd\u00f3n de rodillas a su pueblo por haberse reunido con Dina Boluarte MUNDO\",\"isPartOf\":{\"@id\":\"https:\/\/www.sonoraenequipo.com.mx\/#website\"},\"primaryImageOfPage\":{\"@id\":\"https:\/\/www.sonoraenequipo.com.mx\/alcalde-de-acora-pide-perdon-de-rodillas-a-su-pueblo-por-haberse-reunido-con-dina-boluarte\/#primaryimage\"},\"image\":{\"@id\":\"https:\/\/www.sonoraenequipo.com.mx\/alcalde-de-acora-pide-perdon-de-rodillas-a-su-pueblo-por-haberse-reunido-con-dina-boluarte\/#primaryimage\"},\"thumbnailUrl\":\"https:\/\/www.sonoraenequipo.com.mx\/storage\/2023\/07\/Alcalde-peruano-pide-perdon-de-rodillas-a-su-pueblo...-min-1.jpg\",\"datePublished\":\"2023-07-24T04:54:49+00:00\",\"dateModified\":\"2023-07-24T16:12:18+00:00\",\"description\":\"\u00c1CORA, PER\u00da. \u2014 El alcalde de la Municipalidad Distrital de \u00c1cora, en la regi\u00f3n Puno, Hern\u00e1n Crisisto Aycaya, pidi\u00f3 este domingo perd\u00f3n de rodillas por En Sonora en Equipo publicamos toda la informaci\u00f3n de Sonora, M\u00e9xico y el Mundo de manera oportuna y busca que la libertad de expresi\u00f3n sea real. Visita nuestro medio informativo publicado desde Hermosillo, Sonora. %\",\"breadcrumb\":{\"@id\":\"https:\/\/www.sonoraenequipo.com.mx\/alcalde-de-acora-pide-perdon-de-rodillas-a-su-pueblo-por-haberse-reunido-con-dina-boluarte\/#breadcrumb\"},\"inLanguage\":\"es\",\"potentialAction\":[{\"@type\":\"ReadAction\",\"target\":[\"https:\/\/www.sonoraenequipo.com.mx\/alcalde-de-acora-pide-perdon-de-rodillas-a-su-pueblo-por-haberse-reunido-con-dina-boluarte\/\"]}]},{\"@type\":\"ImageObject\",\"inLanguage\":\"es\",\"@id\":\"https:\/\/www.sonoraenequipo.com.mx\/alcalde-de-acora-pide-perdon-de-rodillas-a-su-pueblo-por-haberse-reunido-con-dina-boluarte\/#primaryimage\",\"url\":\"https:\/\/www.sonoraenequipo.com.mx\/storage\/2023\/07\/Alcalde-peruano-pide-perdon-de-rodillas-a-su-pueblo...-min-1.jpg\",\"contentUrl\":\"https:\/\/www.sonoraenequipo.com.mx\/storage\/2023\/07\/Alcalde-peruano-pide-perdon-de-rodillas-a-su-pueblo...-min-1.jpg\",\"width\":900,\"height\":506},{\"@type\":\"BreadcrumbList\",\"@id\":\"https:\/\/www.sonoraenequipo.com.mx\/alcalde-de-acora-pide-perdon-de-rodillas-a-su-pueblo-por-haberse-reunido-con-dina-boluarte\/#breadcrumb\",\"itemListElement\":[{\"@type\":\"ListItem\",\"position\":1,\"name\":\"Portada\",\"item\":\"https:\/\/www.sonoraenequipo.com.mx\/\"},{\"@type\":\"ListItem\",\"position\":2,\"name\":\"Alcalde de \u00c1cora pide perd\u00f3n de rodillas a su pueblo por haberse reunido con Dina Boluarte\"}]},{\"@type\":\"WebSite\",\"@id\":\"https:\/\/www.sonoraenequipo.com.mx\/#website\",\"url\":\"https:\/\/www.sonoraenequipo.com.mx\/\",\"name\":\"Sonora en Equipo.\",\"description\":\"Diario en l\u00ednea con Noticias desde Hermosillo, Sonora\",\"publisher\":{\"@id\":\"https:\/\/www.sonoraenequipo.com.mx\/#organization\"},\"potentialAction\":[{\"@type\":\"SearchAction\",\"target\":{\"@type\":\"EntryPoint\",\"urlTemplate\":\"https:\/\/www.sonoraenequipo.com.mx\/?s={search_term_string}\"},\"query-input\":{\"@type\":\"PropertyValueSpecification\",\"valueRequired\":true,\"valueName\":\"search_term_string\"}}],\"inLanguage\":\"es\"},{\"@type\":\"Organization\",\"@id\":\"https:\/\/www.sonoraenequipo.com.mx\/#organization\",\"name\":\"Sonoraenequipo.com.mx\",\"url\":\"https:\/\/www.sonoraenequipo.com.mx\/\",\"logo\":{\"@type\":\"ImageObject\",\"inLanguage\":\"es\",\"@id\":\"https:\/\/www.sonoraenequipo.com.mx\/#\/schema\/logo\/image\/\",\"url\":\"https:\/\/www.sonoraenequipo.com.mx\/storage\/2019\/01\/sonoraenequipo_opt.png\",\"contentUrl\":\"https:\/\/www.sonoraenequipo.com.mx\/storage\/2019\/01\/sonoraenequipo_opt.png\",\"width\":375,\"height\":125,\"caption\":\"Sonoraenequipo.com.mx\"},\"image\":{\"@id\":\"https:\/\/www.sonoraenequipo.com.mx\/#\/schema\/logo\/image\/\"},\"sameAs\":[\"https:\/\/www.facebook.com\/SonoraEE\/\",\"https:\/\/x.com\/sonoraenequipo\",\"https:\/\/www.youtube.com\/channel\/UC338nW-lPEYmJQs4ZABQ1SQ\"]},{\"@type\":\"Person\",\"@id\":\"https:\/\/www.sonoraenequipo.com.mx\/#\/schema\/person\/50102df0fb23a8fa9e8effad8fa81386\",\"name\":\"enequipo\",\"image\":{\"@type\":\"ImageObject\",\"inLanguage\":\"es\",\"@id\":\"https:\/\/www.sonoraenequipo.com.mx\/#\/schema\/person\/image\/\",\"url\":\"https:\/\/secure.gravatar.com\/avatar\/049821681b589dabc0bc20695993ccebb09f5b5d4d790cd9251b97faac7c652b?s=96&d=blank&r=g\",\"contentUrl\":\"https:\/\/secure.gravatar.com\/avatar\/049821681b589dabc0bc20695993ccebb09f5b5d4d790cd9251b97faac7c652b?s=96&d=blank&r=g\",\"caption\":\"enequipo\"},\"sameAs\":[\"https:\/\/www.facebook.com\/SonoraEE\"]}]}<\/script>\n ","yoast_head_json":{"title":"Sonora en Equipo. Alcalde de \u00c1cora pide perd\u00f3n de rodillas a su pueblo por haberse reunido con Dina Boluarte MUNDO","description":"\u00c1CORA, PER\u00da. \u2014 El alcalde de la Municipalidad Distrital de \u00c1cora, en la regi\u00f3n Puno, Hern\u00e1n Crisisto Aycaya, pidi\u00f3 este domingo perd\u00f3n de rodillas por En Sonora en Equipo publicamos toda la informaci\u00f3n de Sonora, M\u00e9xico y el Mundo de manera oportuna y busca que la libertad de expresi\u00f3n sea real. Visita nuestro medio informativo publicado desde Hermosillo, Sonora. %","robots":{"index":"index","follow":"follow","max-snippet":"max-snippet:-1","max-image-preview":"max-image-preview:large","max-video-preview":"max-video-preview:-1"},"canonical":"https:\/\/www.sonoraenequipo.com.mx\/alcalde-de-acora-pide-perdon-de-rodillas-a-su-pueblo-por-haberse-reunido-con-dina-boluarte\/","og_locale":"es_ES","og_type":"article","og_title":"Sonora en Equipo. Alcalde de \u00c1cora pide perd\u00f3n de rodillas a su pueblo por haberse reunido con Dina Boluarte MUNDO","og_description":"\u00c1CORA, PER\u00da. \u2014 El alcalde de la Municipalidad Distrital de \u00c1cora, en la regi\u00f3n Puno, Hern\u00e1n Crisisto Aycaya, pidi\u00f3 este domingo perd\u00f3n de rodillas por En Sonora en Equipo publicamos toda la informaci\u00f3n de Sonora, M\u00e9xico y el Mundo de manera oportuna y busca que la libertad de expresi\u00f3n sea real. Visita nuestro medio informativo publicado desde Hermosillo, Sonora. %","og_url":"https:\/\/www.sonoraenequipo.com.mx\/alcalde-de-acora-pide-perdon-de-rodillas-a-su-pueblo-por-haberse-reunido-con-dina-boluarte\/","og_site_name":"Sonora en Equipo.","article_publisher":"https:\/\/www.facebook.com\/SonoraEE\/","article_author":"https:\/\/www.facebook.com\/SonoraEE","article_published_time":"2023-07-24T04:54:49+00:00","article_modified_time":"2023-07-24T16:12:18+00:00","og_image":[{"width":900,"height":506,"url":"https:\/\/www.sonoraenequipo.com.mx\/storage\/2023\/07\/Alcalde-peruano-pide-perdon-de-rodillas-a-su-pueblo...-min-1.jpg","type":"image\/jpeg"}],"author":"enequipo","twitter_card":"summary_large_image","twitter_creator":"@sonoraenequipo","twitter_site":"@sonoraenequipo","twitter_misc":{"Escrito por":"enequipo","Tiempo de lectura":"2 minutos"},"schema":{"@context":"https:\/\/schema.org","@graph":[{"@type":"Article","@id":"https:\/\/www.sonoraenequipo.com.mx\/alcalde-de-acora-pide-perdon-de-rodillas-a-su-pueblo-por-haberse-reunido-con-dina-boluarte\/#article","isPartOf":{"@id":"https:\/\/www.sonoraenequipo.com.mx\/alcalde-de-acora-pide-perdon-de-rodillas-a-su-pueblo-por-haberse-reunido-con-dina-boluarte\/"},"author":{"name":"enequipo","@id":"https:\/\/www.sonoraenequipo.com.mx\/#\/schema\/person\/50102df0fb23a8fa9e8effad8fa81386"},"headline":"Alcalde de \u00c1cora pide perd\u00f3n de rodillas a su pueblo por haberse reunido con Dina Boluarte","datePublished":"2023-07-24T04:54:49+00:00","dateModified":"2023-07-24T16:12:18+00:00","mainEntityOfPage":{"@id":"https:\/\/www.sonoraenequipo.com.mx\/alcalde-de-acora-pide-perdon-de-rodillas-a-su-pueblo-por-haberse-reunido-con-dina-boluarte\/"},"wordCount":435,"commentCount":0,"publisher":{"@id":"https:\/\/www.sonoraenequipo.com.mx\/#organization"},"image":{"@id":"https:\/\/www.sonoraenequipo.com.mx\/alcalde-de-acora-pide-perdon-de-rodillas-a-su-pueblo-por-haberse-reunido-con-dina-boluarte\/#primaryimage"},"thumbnailUrl":"https:\/\/www.sonoraenequipo.com.mx\/storage\/2023\/07\/Alcalde-peruano-pide-perdon-de-rodillas-a-su-pueblo...-min-1.jpg","articleSection":["MUNDO"],"inLanguage":"es","potentialAction":[{"@type":"CommentAction","name":"Comment","target":["https:\/\/www.sonoraenequipo.com.mx\/alcalde-de-acora-pide-perdon-de-rodillas-a-su-pueblo-por-haberse-reunido-con-dina-boluarte\/#respond"]}]},{"@type":"WebPage","@id":"https:\/\/www.sonoraenequipo.com.mx\/alcalde-de-acora-pide-perdon-de-rodillas-a-su-pueblo-por-haberse-reunido-con-dina-boluarte\/","url":"https:\/\/www.sonoraenequipo.com.mx\/alcalde-de-acora-pide-perdon-de-rodillas-a-su-pueblo-por-haberse-reunido-con-dina-boluarte\/","name":"Sonora en Equipo. Alcalde de \u00c1cora pide perd\u00f3n de rodillas a su pueblo por haberse reunido con Dina Boluarte MUNDO","isPartOf":{"@id":"https:\/\/www.sonoraenequipo.com.mx\/#website"},"primaryImageOfPage":{"@id":"https:\/\/www.sonoraenequipo.com.mx\/alcalde-de-acora-pide-perdon-de-rodillas-a-su-pueblo-por-haberse-reunido-con-dina-boluarte\/#primaryimage"},"image":{"@id":"https:\/\/www.sonoraenequipo.com.mx\/alcalde-de-acora-pide-perdon-de-rodillas-a-su-pueblo-por-haberse-reunido-con-dina-boluarte\/#primaryimage"},"thumbnailUrl":"https:\/\/www.sonoraenequipo.com.mx\/storage\/2023\/07\/Alcalde-peruano-pide-perdon-de-rodillas-a-su-pueblo...-min-1.jpg","datePublished":"2023-07-24T04:54:49+00:00","dateModified":"2023-07-24T16:12:18+00:00","description":"\u00c1CORA, PER\u00da. \u2014 El alcalde de la Municipalidad Distrital de \u00c1cora, en la regi\u00f3n Puno, Hern\u00e1n Crisisto Aycaya, pidi\u00f3 este domingo perd\u00f3n de rodillas por En Sonora en Equipo publicamos toda la informaci\u00f3n de Sonora, M\u00e9xico y el Mundo de manera oportuna y busca que la libertad de expresi\u00f3n sea real. Visita nuestro medio informativo publicado desde Hermosillo, Sonora. %","breadcrumb":{"@id":"https:\/\/www.sonoraenequipo.com.mx\/alcalde-de-acora-pide-perdon-de-rodillas-a-su-pueblo-por-haberse-reunido-con-dina-boluarte\/#breadcrumb"},"inLanguage":"es","potentialAction":[{"@type":"ReadAction","target":["https:\/\/www.sonoraenequipo.com.mx\/alcalde-de-acora-pide-perdon-de-rodillas-a-su-pueblo-por-haberse-reunido-con-dina-boluarte\/"]}]},{"@type":"ImageObject","inLanguage":"es","@id":"https:\/\/www.sonoraenequipo.com.mx\/alcalde-de-acora-pide-perdon-de-rodillas-a-su-pueblo-por-haberse-reunido-con-dina-boluarte\/#primaryimage","url":"https:\/\/www.sonoraenequipo.com.mx\/storage\/2023\/07\/Alcalde-peruano-pide-perdon-de-rodillas-a-su-pueblo...-min-1.jpg","contentUrl":"https:\/\/www.sonoraenequipo.com.mx\/storage\/2023\/07\/Alcalde-peruano-pide-perdon-de-rodillas-a-su-pueblo...-min-1.jpg","width":900,"height":506},{"@type":"BreadcrumbList","@id":"https:\/\/www.sonoraenequipo.com.mx\/alcalde-de-acora-pide-perdon-de-rodillas-a-su-pueblo-por-haberse-reunido-con-dina-boluarte\/#breadcrumb","itemListElement":[{"@type":"ListItem","position":1,"name":"Portada","item":"https:\/\/www.sonoraenequipo.com.mx\/"},{"@type":"ListItem","position":2,"name":"Alcalde de \u00c1cora pide perd\u00f3n de rodillas a su pueblo por haberse reunido con Dina Boluarte"}]},{"@type":"WebSite","@id":"https:\/\/www.sonoraenequipo.com.mx\/#website","url":"https:\/\/www.sonoraenequipo.com.mx\/","name":"Sonora en Equipo.","description":"Diario en l\u00ednea con Noticias desde Hermosillo, Sonora","publisher":{"@id":"https:\/\/www.sonoraenequipo.com.mx\/#organization"},"potentialAction":[{"@type":"SearchAction","target":{"@type":"EntryPoint","urlTemplate":"https:\/\/www.sonoraenequipo.com.mx\/?s={search_term_string}"},"query-input":{"@type":"PropertyValueSpecification","valueRequired":true,"valueName":"search_term_string"}}],"inLanguage":"es"},{"@type":"Organization","@id":"https:\/\/www.sonoraenequipo.com.mx\/#organization","name":"Sonoraenequipo.com.mx","url":"https:\/\/www.sonoraenequipo.com.mx\/","logo":{"@type":"ImageObject","inLanguage":"es","@id":"https:\/\/www.sonoraenequipo.com.mx\/#\/schema\/logo\/image\/","url":"https:\/\/www.sonoraenequipo.com.mx\/storage\/2019\/01\/sonoraenequipo_opt.png","contentUrl":"https:\/\/www.sonoraenequipo.com.mx\/storage\/2019\/01\/sonoraenequipo_opt.png","width":375,"height":125,"caption":"Sonoraenequipo.com.mx"},"image":{"@id":"https:\/\/www.sonoraenequipo.com.mx\/#\/schema\/logo\/image\/"},"sameAs":["https:\/\/www.facebook.com\/SonoraEE\/","https:\/\/x.com\/sonoraenequipo","https:\/\/www.youtube.com\/channel\/UC338nW-lPEYmJQs4ZABQ1SQ"]},{"@type":"Person","@id":"https:\/\/www.sonoraenequipo.com.mx\/#\/schema\/person\/50102df0fb23a8fa9e8effad8fa81386","name":"enequipo","image":{"@type":"ImageObject","inLanguage":"es","@id":"https:\/\/www.sonoraenequipo.com.mx\/#\/schema\/person\/image\/","url":"https:\/\/secure.gravatar.com\/avatar\/049821681b589dabc0bc20695993ccebb09f5b5d4d790cd9251b97faac7c652b?s=96&d=blank&r=g","contentUrl":"https:\/\/secure.gravatar.com\/avatar\/049821681b589dabc0bc20695993ccebb09f5b5d4d790cd9251b97faac7c652b?s=96&d=blank&r=g","caption":"enequipo"},"sameAs":["https:\/\/www.facebook.com\/SonoraEE"]}]}},"jetpack_featured_media_url":"https:\/\/www.sonoraenequipo.com.mx\/storage\/2023\/07\/Alcalde-peruano-pide-perdon-de-rodillas-a-su-pueblo...-min-1.jpg","_links":{"self":[{"href":"https:\/\/www.sonoraenequipo.com.mx\/api\/wp\/v2\/posts\/170979","targetHints":{"allow":["GET"]}}],"collection":[{"href":"https:\/\/www.sonoraenequipo.com.mx\/api\/wp\/v2\/posts"}],"about":[{"href":"https:\/\/www.sonoraenequipo.com.mx\/api\/wp\/v2\/types\/post"}],"author":[{"embeddable":true,"href":"https:\/\/www.sonoraenequipo.com.mx\/api\/wp\/v2\/users\/1"}],"replies":[{"embeddable":true,"href":"https:\/\/www.sonoraenequipo.com.mx\/api\/wp\/v2\/comments?post=170979"}],"version-history":[{"count":1,"href":"https:\/\/www.sonoraenequipo.com.mx\/api\/wp\/v2\/posts\/170979\/revisions"}],"predecessor-version":[{"id":170983,"href":"https:\/\/www.sonoraenequipo.com.mx\/api\/wp\/v2\/posts\/170979\/revisions\/170983"}],"wp:featuredmedia":[{"embeddable":true,"href":"https:\/\/www.sonoraenequipo.com.mx\/api\/wp\/v2\/media\/170982"}],"wp:attachment":[{"href":"https:\/\/www.sonoraenequipo.com.mx\/api\/wp\/v2\/media?parent=170979"}],"wp:term":[{"taxonomy":"category","embeddable":true,"href":"https:\/\/www.sonoraenequipo.com.mx\/api\/wp\/v2\/categories?post=170979"},{"taxonomy":"post_tag","embeddable":true,"href":"https:\/\/www.sonoraenequipo.com.mx\/api\/wp\/v2\/tags?post=170979"}],"curies":[{"name":"wp","href":"https:\/\/api.w.org\/{rel}","templated":true}]}}