{"id":170992,"date":"2023-07-24T10:05:42","date_gmt":"2023-07-24T17:05:42","guid":{"rendered":"https:\/\/www.sonoraenequipo.com.mx\/?p=170992"},"modified":"2023-07-24T11:25:16","modified_gmt":"2023-07-24T18:25:16","slug":"amlo-felicita-al-pueblo-espanol-por-no-caer-en-trampa-de-la-derecha-en-elecciones","status":"publish","type":"post","link":"https:\/\/www.sonoraenequipo.com.mx\/amlo-felicita-al-pueblo-espanol-por-no-caer-en-trampa-de-la-derecha-en-elecciones\/","title":{"rendered":"AMLO felicita al pueblo espa\u00f1ol por no caer en \u00abtrampa de la derecha\u00bb en elecciones"},"content":{"rendered":"<p><strong>\u201cSe pensaba que la derecha iba a arrasar y no pas\u00f3 eso, afortunadamente\u201d,<\/strong> expres\u00f3 L\u00f3pez Obrador tras comicios en Espa\u00f1a<\/p>\n<p>&nbsp;<\/p>\n<p><strong>CIUDAD DE M\u00c9XICO. MX.<\/strong> \u2014 El presidente Andr\u00e9s Manuel L\u00f3pez Obrador (AMLO) felicit\u00f3 a Espa\u00f1a por \u00abno caer en la trampa de la derecha\u00bb en las elecciones del domingo 23 de julio de 2023, cuando el Partido Popular (PP) y Vox no alcanzaron la mayor\u00eda absoluta para formar un Gobierno conjunto.<\/p>\n<p>&nbsp;<\/p>\n<p> <\/p>\n<p><em><strong>\u201cMe dio mucho gusto lo que sucedi\u00f3 ayer en Espa\u00f1a, felicito al pueblo espa\u00f1ol porque no cay\u00f3 en la trampa de la derecha, del conservadurismo. Me dio mucho gusto porque se pensaba que la derecha iba a arrasar y no pas\u00f3 eso, afortunadamente, estoy contento\u00bb,<\/strong><\/em> declar\u00f3 en su conferencia de prensa ma\u00f1anera.<\/p>\n<p>&nbsp;<\/p>\n<p>El mandatario nacional consider\u00f3 que los espa\u00f1oles \u201cvolvieron a demostrar ahora, ayer, que tienen alma libertaria y que no quieren el autoritarismo, mucho menos el fascismo que se padeci\u00f3 durante la dictadura de (Francisco) Franco, pero falleci\u00f3 Franco y continu\u00f3 el franquismo\u201d.<\/p>\n<p>&nbsp;<\/p>\n<p>El conservador PP gan\u00f3 las elecciones generales de Espa\u00f1a al lograr 136 esca\u00f1os, aunque sin la mayor\u00eda suficiente para gobernar, situada en los 176 diputados.<\/p>\n<p>&nbsp;<\/p>\n<p>En segundo lugar, qued\u00f3 el Partido Socialista Obrero Espa\u00f1ol (PSOE), del actual presidente de Gobierno, Pedro S\u00e1nchez, que obtuvo 122; seguido por la formaci\u00f3n de ultraderecha Vox, 33, y la coalici\u00f3n de izquierdas Sumar, 31, unos resultados con los que la izquierda ve posible gobernar.<\/p>\n<p>&nbsp;<\/p>\n<p>En cuanto a Espa\u00f1a, no puedo hablar con Pedro S\u00e1nchez, presidente del Gobierno espa\u00f1ol, porque de acuerdo con los resultados hay un procedimiento (que esperar).<\/p>\n<p>&nbsp;<\/p>\n<p>El mandatario ha tenido roces con Vox por su visi\u00f3n sobre la conquista espa\u00f1ola y por la visita a M\u00e9xico del l\u00edder del partido, Santiago Abascal, en septiembre de 2021, cuando se reuni\u00f3 con legisladores del Partido Acci\u00f3n Nacional (PAN).<\/p>\n<p>&nbsp;<\/p>\n<p>Pero el presidente a\u00f1adi\u00f3 ahora que \u00ab<em><strong>toda la derecha es extrema\u00bb<\/strong><\/em>, en referencia tambi\u00e9n al PP.<\/p>\n<p>&nbsp;<\/p>\n<p>Lo importante es que no avanzaron y eso es muy bueno para Espa\u00f1a porque es muy inhumano el modelo conservador, muy individualista, es darles la espalda a los dolores de la humanidad, eso es el conservadurismo, esa es la derecha en el mundo, por eso estoy contento.<\/p>\n<p>&nbsp;<\/p>\n<p>&nbsp;<\/p>\n<p>El titular del Ejecutivo mexicano \u2014quien sostiene que existe una pausa en las relaciones con Espa\u00f1a desde febrero de 2022\u2014, tambi\u00e9n cuestion\u00f3 a los medios y las encuestadoras espa\u00f1olas por, seg\u00fan \u00e9l, augurar una victoria del bloque de PP y Vox.<\/p>\n<p>&nbsp;<\/p>\n<p><em><strong>\u201cHab\u00eda much\u00edsima propaganda de derecha, as\u00ed como aqu\u00ed tambi\u00e9n, y mucho manejo medi\u00e1tico, mucho control de medios de manipulaci\u00f3n, que no de informaci\u00f3n, es que esto es un fen\u00f3meno mundial y (hubo) encuestadoras, en efecto, que fallaron por completo\u00bb,<\/strong> <\/em>concluy\u00f3.<\/p>\n<p>&nbsp;<\/p>\n<p>&nbsp;<\/p>\n<p>PUBLICADO EL 24 DE JULIO DE 2023\/ Con informaci\u00f3n de EFE.<\/p>\n","protected":false},"excerpt":{"rendered":"<p>\u201cSe pensaba que la derecha iba a arrasar y no pas\u00f3 eso, afortunadamente\u201d, expres\u00f3 L\u00f3pez&#8230;<\/p>\n","protected":false},"author":1,"featured_media":170981,"comment_status":"open","ping_status":"open","sticky":false,"template":"","format":"standard","meta":{"_monsterinsights_skip_tracking":false,"_monsterinsights_sitenote_active":false,"_monsterinsights_sitenote_note":"","_monsterinsights_sitenote_category":0,"footnotes":""},"categories":[5],"tags":[],"class_list":["post"],"yoast_head":" \n<title>Sonora en Equipo. AMLO felicita al pueblo espa\u00f1ol por no caer en &quot;trampa de la derecha&quot; en elecciones Rep\u00fablica<\/title>\n<meta name=\"description\" content=\"\u201cSe pensaba que la derecha iba a arrasar y no pas\u00f3 eso, afortunadamente\u201d, expres\u00f3 L\u00f3pez Obrador tras comicios en Espa\u00f1a &nbsp; CIUDAD DE M\u00c9XICO. MX. \u2014 El En Sonora en Equipo publicamos toda la informaci\u00f3n de Sonora, M\u00e9xico y el Mundo de manera oportuna y busca que la libertad de expresi\u00f3n sea real. Visita nuestro medio informativo publicado desde Hermosillo, Sonora. %\" \/>\n<meta name=\"robots\" content=\"index, follow, max-snippet:-1, max-image-preview:large, max-video-preview:-1\" \/>\n<link rel=\"canonical\" href=\"https:\/\/www.sonoraenequipo.com.mx\/amlo-felicita-al-pueblo-espanol-por-no-caer-en-trampa-de-la-derecha-en-elecciones\/\" \/>\n<meta property=\"og:locale\" content=\"es_ES\" \/>\n<meta property=\"og:type\" content=\"article\" \/>\n<meta property=\"og:title\" content=\"Sonora en Equipo. AMLO felicita al pueblo espa\u00f1ol por no caer en &quot;trampa de la derecha&quot; en elecciones Rep\u00fablica\" \/>\n<meta property=\"og:description\" content=\"\u201cSe pensaba que la derecha iba a arrasar y no pas\u00f3 eso, afortunadamente\u201d, expres\u00f3 L\u00f3pez Obrador tras comicios en Espa\u00f1a &nbsp; CIUDAD DE M\u00c9XICO. MX. \u2014 El En Sonora en Equipo publicamos toda la informaci\u00f3n de Sonora, M\u00e9xico y el Mundo de manera oportuna y busca que la libertad de expresi\u00f3n sea real. Visita nuestro medio informativo publicado desde Hermosillo, Sonora. %\" \/>\n<meta property=\"og:url\" content=\"https:\/\/www.sonoraenequipo.com.mx\/amlo-felicita-al-pueblo-espanol-por-no-caer-en-trampa-de-la-derecha-en-elecciones\/\" \/>\n<meta property=\"og:site_name\" content=\"Sonora en Equipo.\" \/>\n<meta property=\"article:publisher\" content=\"https:\/\/www.facebook.com\/SonoraEE\/\" \/>\n<meta property=\"article:author\" content=\"https:\/\/www.facebook.com\/SonoraEE\" \/>\n<meta property=\"article:published_time\" content=\"2023-07-24T17:05:42+00:00\" \/>\n<meta property=\"article:modified_time\" content=\"2023-07-24T18:25:16+00:00\" \/>\n<meta property=\"og:image\" content=\"https:\/\/www.sonoraenequipo.com.mx\/storage\/2023\/07\/AMLO-2407.2023-min.jpeg\" \/>\n\t<meta property=\"og:image:width\" content=\"796\" \/>\n\t<meta property=\"og:image:height\" content=\"534\" \/>\n\t<meta property=\"og:image:type\" content=\"image\/jpeg\" \/>\n<meta name=\"author\" content=\"enequipo\" \/>\n<meta name=\"twitter:card\" content=\"summary_large_image\" \/>\n<meta name=\"twitter:creator\" content=\"@sonoraenequipo\" \/>\n<meta name=\"twitter:site\" content=\"@sonoraenequipo\" \/>\n<meta name=\"twitter:label1\" content=\"Escrito por\" \/>\n\t<meta name=\"twitter:data1\" content=\"enequipo\" \/>\n\t<meta name=\"twitter:label2\" content=\"Tiempo de lectura\" \/>\n\t<meta name=\"twitter:data2\" content=\"2 minutos\" \/>\n<script type=\"application\/ld+json\" class=\"yoast-schema-graph\">{\"@context\":\"https:\/\/schema.org\",\"@graph\":[{\"@type\":\"Article\",\"@id\":\"https:\/\/www.sonoraenequipo.com.mx\/amlo-felicita-al-pueblo-espanol-por-no-caer-en-trampa-de-la-derecha-en-elecciones\/#article\",\"isPartOf\":{\"@id\":\"https:\/\/www.sonoraenequipo.com.mx\/amlo-felicita-al-pueblo-espanol-por-no-caer-en-trampa-de-la-derecha-en-elecciones\/\"},\"author\":{\"name\":\"enequipo\",\"@id\":\"https:\/\/www.sonoraenequipo.com.mx\/#\/schema\/person\/50102df0fb23a8fa9e8effad8fa81386\"},\"headline\":\"AMLO felicita al pueblo espa\u00f1ol por no caer en \u00abtrampa de la derecha\u00bb en elecciones\",\"datePublished\":\"2023-07-24T17:05:42+00:00\",\"dateModified\":\"2023-07-24T18:25:16+00:00\",\"mainEntityOfPage\":{\"@id\":\"https:\/\/www.sonoraenequipo.com.mx\/amlo-felicita-al-pueblo-espanol-por-no-caer-en-trampa-de-la-derecha-en-elecciones\/\"},\"wordCount\":514,\"commentCount\":0,\"publisher\":{\"@id\":\"https:\/\/www.sonoraenequipo.com.mx\/#organization\"},\"image\":{\"@id\":\"https:\/\/www.sonoraenequipo.com.mx\/amlo-felicita-al-pueblo-espanol-por-no-caer-en-trampa-de-la-derecha-en-elecciones\/#primaryimage\"},\"thumbnailUrl\":\"https:\/\/www.sonoraenequipo.com.mx\/storage\/2023\/07\/AMLO-2407.2023-min.jpeg\",\"articleSection\":[\"Rep\u00fablica\"],\"inLanguage\":\"es\",\"potentialAction\":[{\"@type\":\"CommentAction\",\"name\":\"Comment\",\"target\":[\"https:\/\/www.sonoraenequipo.com.mx\/amlo-felicita-al-pueblo-espanol-por-no-caer-en-trampa-de-la-derecha-en-elecciones\/#respond\"]}]},{\"@type\":\"WebPage\",\"@id\":\"https:\/\/www.sonoraenequipo.com.mx\/amlo-felicita-al-pueblo-espanol-por-no-caer-en-trampa-de-la-derecha-en-elecciones\/\",\"url\":\"https:\/\/www.sonoraenequipo.com.mx\/amlo-felicita-al-pueblo-espanol-por-no-caer-en-trampa-de-la-derecha-en-elecciones\/\",\"name\":\"Sonora en Equipo. AMLO felicita al pueblo espa\u00f1ol por no caer en \\\"trampa de la derecha\\\" en elecciones Rep\u00fablica\",\"isPartOf\":{\"@id\":\"https:\/\/www.sonoraenequipo.com.mx\/#website\"},\"primaryImageOfPage\":{\"@id\":\"https:\/\/www.sonoraenequipo.com.mx\/amlo-felicita-al-pueblo-espanol-por-no-caer-en-trampa-de-la-derecha-en-elecciones\/#primaryimage\"},\"image\":{\"@id\":\"https:\/\/www.sonoraenequipo.com.mx\/amlo-felicita-al-pueblo-espanol-por-no-caer-en-trampa-de-la-derecha-en-elecciones\/#primaryimage\"},\"thumbnailUrl\":\"https:\/\/www.sonoraenequipo.com.mx\/storage\/2023\/07\/AMLO-2407.2023-min.jpeg\",\"datePublished\":\"2023-07-24T17:05:42+00:00\",\"dateModified\":\"2023-07-24T18:25:16+00:00\",\"description\":\"\u201cSe pensaba que la derecha iba a arrasar y no pas\u00f3 eso, afortunadamente\u201d, expres\u00f3 L\u00f3pez Obrador tras comicios en Espa\u00f1a &nbsp; CIUDAD DE M\u00c9XICO. MX. \u2014 El En Sonora en Equipo publicamos toda la informaci\u00f3n de Sonora, M\u00e9xico y el Mundo de manera oportuna y busca que la libertad de expresi\u00f3n sea real. Visita nuestro medio informativo publicado desde Hermosillo, Sonora. %\",\"breadcrumb\":{\"@id\":\"https:\/\/www.sonoraenequipo.com.mx\/amlo-felicita-al-pueblo-espanol-por-no-caer-en-trampa-de-la-derecha-en-elecciones\/#breadcrumb\"},\"inLanguage\":\"es\",\"potentialAction\":[{\"@type\":\"ReadAction\",\"target\":[\"https:\/\/www.sonoraenequipo.com.mx\/amlo-felicita-al-pueblo-espanol-por-no-caer-en-trampa-de-la-derecha-en-elecciones\/\"]}]},{\"@type\":\"ImageObject\",\"inLanguage\":\"es\",\"@id\":\"https:\/\/www.sonoraenequipo.com.mx\/amlo-felicita-al-pueblo-espanol-por-no-caer-en-trampa-de-la-derecha-en-elecciones\/#primaryimage\",\"url\":\"https:\/\/www.sonoraenequipo.com.mx\/storage\/2023\/07\/AMLO-2407.2023-min.jpeg\",\"contentUrl\":\"https:\/\/www.sonoraenequipo.com.mx\/storage\/2023\/07\/AMLO-2407.2023-min.jpeg\",\"width\":796,\"height\":534},{\"@type\":\"BreadcrumbList\",\"@id\":\"https:\/\/www.sonoraenequipo.com.mx\/amlo-felicita-al-pueblo-espanol-por-no-caer-en-trampa-de-la-derecha-en-elecciones\/#breadcrumb\",\"itemListElement\":[{\"@type\":\"ListItem\",\"position\":1,\"name\":\"Portada\",\"item\":\"https:\/\/www.sonoraenequipo.com.mx\/\"},{\"@type\":\"ListItem\",\"position\":2,\"name\":\"AMLO felicita al pueblo espa\u00f1ol por no caer en \u00abtrampa de la derecha\u00bb en elecciones\"}]},{\"@type\":\"WebSite\",\"@id\":\"https:\/\/www.sonoraenequipo.com.mx\/#website\",\"url\":\"https:\/\/www.sonoraenequipo.com.mx\/\",\"name\":\"Sonora en Equipo.\",\"description\":\"Diario en l\u00ednea con Noticias desde Hermosillo, Sonora\",\"publisher\":{\"@id\":\"https:\/\/www.sonoraenequipo.com.mx\/#organization\"},\"potentialAction\":[{\"@type\":\"SearchAction\",\"target\":{\"@type\":\"EntryPoint\",\"urlTemplate\":\"https:\/\/www.sonoraenequipo.com.mx\/?s={search_term_string}\"},\"query-input\":{\"@type\":\"PropertyValueSpecification\",\"valueRequired\":true,\"valueName\":\"search_term_string\"}}],\"inLanguage\":\"es\"},{\"@type\":\"Organization\",\"@id\":\"https:\/\/www.sonoraenequipo.com.mx\/#organization\",\"name\":\"Sonoraenequipo.com.mx\",\"url\":\"https:\/\/www.sonoraenequipo.com.mx\/\",\"logo\":{\"@type\":\"ImageObject\",\"inLanguage\":\"es\",\"@id\":\"https:\/\/www.sonoraenequipo.com.mx\/#\/schema\/logo\/image\/\",\"url\":\"https:\/\/www.sonoraenequipo.com.mx\/storage\/2019\/01\/sonoraenequipo_opt.png\",\"contentUrl\":\"https:\/\/www.sonoraenequipo.com.mx\/storage\/2019\/01\/sonoraenequipo_opt.png\",\"width\":375,\"height\":125,\"caption\":\"Sonoraenequipo.com.mx\"},\"image\":{\"@id\":\"https:\/\/www.sonoraenequipo.com.mx\/#\/schema\/logo\/image\/\"},\"sameAs\":[\"https:\/\/www.facebook.com\/SonoraEE\/\",\"https:\/\/x.com\/sonoraenequipo\",\"https:\/\/www.youtube.com\/channel\/UC338nW-lPEYmJQs4ZABQ1SQ\"]},{\"@type\":\"Person\",\"@id\":\"https:\/\/www.sonoraenequipo.com.mx\/#\/schema\/person\/50102df0fb23a8fa9e8effad8fa81386\",\"name\":\"enequipo\",\"image\":{\"@type\":\"ImageObject\",\"inLanguage\":\"es\",\"@id\":\"https:\/\/www.sonoraenequipo.com.mx\/#\/schema\/person\/image\/\",\"url\":\"https:\/\/secure.gravatar.com\/avatar\/049821681b589dabc0bc20695993ccebb09f5b5d4d790cd9251b97faac7c652b?s=96&d=blank&r=g\",\"contentUrl\":\"https:\/\/secure.gravatar.com\/avatar\/049821681b589dabc0bc20695993ccebb09f5b5d4d790cd9251b97faac7c652b?s=96&d=blank&r=g\",\"caption\":\"enequipo\"},\"sameAs\":[\"https:\/\/www.facebook.com\/SonoraEE\"]}]}<\/script>\n ","yoast_head_json":{"title":"Sonora en Equipo. AMLO felicita al pueblo espa\u00f1ol por no caer en \"trampa de la derecha\" en elecciones Rep\u00fablica","description":"\u201cSe pensaba que la derecha iba a arrasar y no pas\u00f3 eso, afortunadamente\u201d, expres\u00f3 L\u00f3pez Obrador tras comicios en Espa\u00f1a &nbsp; CIUDAD DE M\u00c9XICO. MX. \u2014 El En Sonora en Equipo publicamos toda la informaci\u00f3n de Sonora, M\u00e9xico y el Mundo de manera oportuna y busca que la libertad de expresi\u00f3n sea real. Visita nuestro medio informativo publicado desde Hermosillo, Sonora. %","robots":{"index":"index","follow":"follow","max-snippet":"max-snippet:-1","max-image-preview":"max-image-preview:large","max-video-preview":"max-video-preview:-1"},"canonical":"https:\/\/www.sonoraenequipo.com.mx\/amlo-felicita-al-pueblo-espanol-por-no-caer-en-trampa-de-la-derecha-en-elecciones\/","og_locale":"es_ES","og_type":"article","og_title":"Sonora en Equipo. AMLO felicita al pueblo espa\u00f1ol por no caer en \"trampa de la derecha\" en elecciones Rep\u00fablica","og_description":"\u201cSe pensaba que la derecha iba a arrasar y no pas\u00f3 eso, afortunadamente\u201d, expres\u00f3 L\u00f3pez Obrador tras comicios en Espa\u00f1a &nbsp; CIUDAD DE M\u00c9XICO. MX. \u2014 El En Sonora en Equipo publicamos toda la informaci\u00f3n de Sonora, M\u00e9xico y el Mundo de manera oportuna y busca que la libertad de expresi\u00f3n sea real. Visita nuestro medio informativo publicado desde Hermosillo, Sonora. %","og_url":"https:\/\/www.sonoraenequipo.com.mx\/amlo-felicita-al-pueblo-espanol-por-no-caer-en-trampa-de-la-derecha-en-elecciones\/","og_site_name":"Sonora en Equipo.","article_publisher":"https:\/\/www.facebook.com\/SonoraEE\/","article_author":"https:\/\/www.facebook.com\/SonoraEE","article_published_time":"2023-07-24T17:05:42+00:00","article_modified_time":"2023-07-24T18:25:16+00:00","og_image":[{"width":796,"height":534,"url":"https:\/\/www.sonoraenequipo.com.mx\/storage\/2023\/07\/AMLO-2407.2023-min.jpeg","type":"image\/jpeg"}],"author":"enequipo","twitter_card":"summary_large_image","twitter_creator":"@sonoraenequipo","twitter_site":"@sonoraenequipo","twitter_misc":{"Escrito por":"enequipo","Tiempo de lectura":"2 minutos"},"schema":{"@context":"https:\/\/schema.org","@graph":[{"@type":"Article","@id":"https:\/\/www.sonoraenequipo.com.mx\/amlo-felicita-al-pueblo-espanol-por-no-caer-en-trampa-de-la-derecha-en-elecciones\/#article","isPartOf":{"@id":"https:\/\/www.sonoraenequipo.com.mx\/amlo-felicita-al-pueblo-espanol-por-no-caer-en-trampa-de-la-derecha-en-elecciones\/"},"author":{"name":"enequipo","@id":"https:\/\/www.sonoraenequipo.com.mx\/#\/schema\/person\/50102df0fb23a8fa9e8effad8fa81386"},"headline":"AMLO felicita al pueblo espa\u00f1ol por no caer en \u00abtrampa de la derecha\u00bb en elecciones","datePublished":"2023-07-24T17:05:42+00:00","dateModified":"2023-07-24T18:25:16+00:00","mainEntityOfPage":{"@id":"https:\/\/www.sonoraenequipo.com.mx\/amlo-felicita-al-pueblo-espanol-por-no-caer-en-trampa-de-la-derecha-en-elecciones\/"},"wordCount":514,"commentCount":0,"publisher":{"@id":"https:\/\/www.sonoraenequipo.com.mx\/#organization"},"image":{"@id":"https:\/\/www.sonoraenequipo.com.mx\/amlo-felicita-al-pueblo-espanol-por-no-caer-en-trampa-de-la-derecha-en-elecciones\/#primaryimage"},"thumbnailUrl":"https:\/\/www.sonoraenequipo.com.mx\/storage\/2023\/07\/AMLO-2407.2023-min.jpeg","articleSection":["Rep\u00fablica"],"inLanguage":"es","potentialAction":[{"@type":"CommentAction","name":"Comment","target":["https:\/\/www.sonoraenequipo.com.mx\/amlo-felicita-al-pueblo-espanol-por-no-caer-en-trampa-de-la-derecha-en-elecciones\/#respond"]}]},{"@type":"WebPage","@id":"https:\/\/www.sonoraenequipo.com.mx\/amlo-felicita-al-pueblo-espanol-por-no-caer-en-trampa-de-la-derecha-en-elecciones\/","url":"https:\/\/www.sonoraenequipo.com.mx\/amlo-felicita-al-pueblo-espanol-por-no-caer-en-trampa-de-la-derecha-en-elecciones\/","name":"Sonora en Equipo. AMLO felicita al pueblo espa\u00f1ol por no caer en \"trampa de la derecha\" en elecciones Rep\u00fablica","isPartOf":{"@id":"https:\/\/www.sonoraenequipo.com.mx\/#website"},"primaryImageOfPage":{"@id":"https:\/\/www.sonoraenequipo.com.mx\/amlo-felicita-al-pueblo-espanol-por-no-caer-en-trampa-de-la-derecha-en-elecciones\/#primaryimage"},"image":{"@id":"https:\/\/www.sonoraenequipo.com.mx\/amlo-felicita-al-pueblo-espanol-por-no-caer-en-trampa-de-la-derecha-en-elecciones\/#primaryimage"},"thumbnailUrl":"https:\/\/www.sonoraenequipo.com.mx\/storage\/2023\/07\/AMLO-2407.2023-min.jpeg","datePublished":"2023-07-24T17:05:42+00:00","dateModified":"2023-07-24T18:25:16+00:00","description":"\u201cSe pensaba que la derecha iba a arrasar y no pas\u00f3 eso, afortunadamente\u201d, expres\u00f3 L\u00f3pez Obrador tras comicios en Espa\u00f1a &nbsp; CIUDAD DE M\u00c9XICO. MX. \u2014 El En Sonora en Equipo publicamos toda la informaci\u00f3n de Sonora, M\u00e9xico y el Mundo de manera oportuna y busca que la libertad de expresi\u00f3n sea real. Visita nuestro medio informativo publicado desde Hermosillo, Sonora. %","breadcrumb":{"@id":"https:\/\/www.sonoraenequipo.com.mx\/amlo-felicita-al-pueblo-espanol-por-no-caer-en-trampa-de-la-derecha-en-elecciones\/#breadcrumb"},"inLanguage":"es","potentialAction":[{"@type":"ReadAction","target":["https:\/\/www.sonoraenequipo.com.mx\/amlo-felicita-al-pueblo-espanol-por-no-caer-en-trampa-de-la-derecha-en-elecciones\/"]}]},{"@type":"ImageObject","inLanguage":"es","@id":"https:\/\/www.sonoraenequipo.com.mx\/amlo-felicita-al-pueblo-espanol-por-no-caer-en-trampa-de-la-derecha-en-elecciones\/#primaryimage","url":"https:\/\/www.sonoraenequipo.com.mx\/storage\/2023\/07\/AMLO-2407.2023-min.jpeg","contentUrl":"https:\/\/www.sonoraenequipo.com.mx\/storage\/2023\/07\/AMLO-2407.2023-min.jpeg","width":796,"height":534},{"@type":"BreadcrumbList","@id":"https:\/\/www.sonoraenequipo.com.mx\/amlo-felicita-al-pueblo-espanol-por-no-caer-en-trampa-de-la-derecha-en-elecciones\/#breadcrumb","itemListElement":[{"@type":"ListItem","position":1,"name":"Portada","item":"https:\/\/www.sonoraenequipo.com.mx\/"},{"@type":"ListItem","position":2,"name":"AMLO felicita al pueblo espa\u00f1ol por no caer en \u00abtrampa de la derecha\u00bb en elecciones"}]},{"@type":"WebSite","@id":"https:\/\/www.sonoraenequipo.com.mx\/#website","url":"https:\/\/www.sonoraenequipo.com.mx\/","name":"Sonora en Equipo.","description":"Diario en l\u00ednea con Noticias desde Hermosillo, Sonora","publisher":{"@id":"https:\/\/www.sonoraenequipo.com.mx\/#organization"},"potentialAction":[{"@type":"SearchAction","target":{"@type":"EntryPoint","urlTemplate":"https:\/\/www.sonoraenequipo.com.mx\/?s={search_term_string}"},"query-input":{"@type":"PropertyValueSpecification","valueRequired":true,"valueName":"search_term_string"}}],"inLanguage":"es"},{"@type":"Organization","@id":"https:\/\/www.sonoraenequipo.com.mx\/#organization","name":"Sonoraenequipo.com.mx","url":"https:\/\/www.sonoraenequipo.com.mx\/","logo":{"@type":"ImageObject","inLanguage":"es","@id":"https:\/\/www.sonoraenequipo.com.mx\/#\/schema\/logo\/image\/","url":"https:\/\/www.sonoraenequipo.com.mx\/storage\/2019\/01\/sonoraenequipo_opt.png","contentUrl":"https:\/\/www.sonoraenequipo.com.mx\/storage\/2019\/01\/sonoraenequipo_opt.png","width":375,"height":125,"caption":"Sonoraenequipo.com.mx"},"image":{"@id":"https:\/\/www.sonoraenequipo.com.mx\/#\/schema\/logo\/image\/"},"sameAs":["https:\/\/www.facebook.com\/SonoraEE\/","https:\/\/x.com\/sonoraenequipo","https:\/\/www.youtube.com\/channel\/UC338nW-lPEYmJQs4ZABQ1SQ"]},{"@type":"Person","@id":"https:\/\/www.sonoraenequipo.com.mx\/#\/schema\/person\/50102df0fb23a8fa9e8effad8fa81386","name":"enequipo","image":{"@type":"ImageObject","inLanguage":"es","@id":"https:\/\/www.sonoraenequipo.com.mx\/#\/schema\/person\/image\/","url":"https:\/\/secure.gravatar.com\/avatar\/049821681b589dabc0bc20695993ccebb09f5b5d4d790cd9251b97faac7c652b?s=96&d=blank&r=g","contentUrl":"https:\/\/secure.gravatar.com\/avatar\/049821681b589dabc0bc20695993ccebb09f5b5d4d790cd9251b97faac7c652b?s=96&d=blank&r=g","caption":"enequipo"},"sameAs":["https:\/\/www.facebook.com\/SonoraEE"]}]}},"jetpack_featured_media_url":"https:\/\/www.sonoraenequipo.com.mx\/storage\/2023\/07\/AMLO-2407.2023-min.jpeg","_links":{"self":[{"href":"https:\/\/www.sonoraenequipo.com.mx\/api\/wp\/v2\/posts\/170992","targetHints":{"allow":["GET"]}}],"collection":[{"href":"https:\/\/www.sonoraenequipo.com.mx\/api\/wp\/v2\/posts"}],"about":[{"href":"https:\/\/www.sonoraenequipo.com.mx\/api\/wp\/v2\/types\/post"}],"author":[{"embeddable":true,"href":"https:\/\/www.sonoraenequipo.com.mx\/api\/wp\/v2\/users\/1"}],"replies":[{"embeddable":true,"href":"https:\/\/www.sonoraenequipo.com.mx\/api\/wp\/v2\/comments?post=170992"}],"version-history":[{"count":1,"href":"https:\/\/www.sonoraenequipo.com.mx\/api\/wp\/v2\/posts\/170992\/revisions"}],"predecessor-version":[{"id":170993,"href":"https:\/\/www.sonoraenequipo.com.mx\/api\/wp\/v2\/posts\/170992\/revisions\/170993"}],"wp:featuredmedia":[{"embeddable":true,"href":"https:\/\/www.sonoraenequipo.com.mx\/api\/wp\/v2\/media\/170981"}],"wp:attachment":[{"href":"https:\/\/www.sonoraenequipo.com.mx\/api\/wp\/v2\/media?parent=170992"}],"wp:term":[{"taxonomy":"category","embeddable":true,"href":"https:\/\/www.sonoraenequipo.com.mx\/api\/wp\/v2\/categories?post=170992"},{"taxonomy":"post_tag","embeddable":true,"href":"https:\/\/www.sonoraenequipo.com.mx\/api\/wp\/v2\/tags?post=170992"}],"curies":[{"name":"wp","href":"https:\/\/api.w.org\/{rel}","templated":true}]}}