{"id":171002,"date":"2023-07-24T12:39:24","date_gmt":"2023-07-24T19:39:24","guid":{"rendered":"https:\/\/www.sonoraenequipo.com.mx\/?p=171002"},"modified":"2023-07-24T17:49:24","modified_gmt":"2023-07-25T00:49:24","slug":"permanecera-abierto-instituto-sonorense-de-las-mujeres-durante-el-periodo-vacacional","status":"publish","type":"post","link":"https:\/\/www.sonoraenequipo.com.mx\/permanecera-abierto-instituto-sonorense-de-las-mujeres-durante-el-periodo-vacacional\/","title":{"rendered":"Permanecer\u00e1 abierto Instituto Sonorense de las Mujeres durante el per\u00edodo vacacional"},"content":{"rendered":"<p>&nbsp;<\/p>\n<p><strong>HERMOSILLO, SONORA,MX.<\/strong><strong>\u2500\u2500<\/strong> Durante este periodo vacacional del gobierno estatal, del 24 de julio al 4 de agosto, las oficinas centrales del Instituto Sonorense de las Mujeres (ISM), sus ocho coordinaciones regionales y los Centros para el Desarrollo de las Mujeres (CDM) en 12 municipios de Sonora, permanecer\u00e1n abiertas y al servicio de las mujeres v\u00edctimas de violencia que as\u00ed lo requieran.<\/p>\n<p>&nbsp;<\/p>\n<p>&nbsp;<\/p>\n<p>&nbsp;<\/p>\n<p>En las oficinas de la dependencia se seguir\u00e1n ofreciendo servicios de atenci\u00f3n psicol\u00f3gica, asesor\u00eda legal y gestiones sociales de manera presencial; as\u00ed como capacitaciones y pl\u00e1ticas para el empoderamiento de las mujeres. Asimismo, estar\u00e1 disponible la atenci\u00f3n a trav\u00e9s de la L\u00ednea Naranja, en el n\u00famero 662 424 1397, la cual brinda asesor\u00eda legal y psicol\u00f3gica de manera gratuita las 24 horas, los 365 d\u00edas del a\u00f1o.<\/p>\n<p>&nbsp;<\/p>\n<p>&nbsp;<\/p>\n<p>&nbsp;<\/p>\n<p>La coordinadora ejecutiva del ISM, Mireya Scarone Adarga, inform\u00f3 que, en las coordinaciones regionales ubicadas en Caborca, Cajeme, Guaymas, Nogales, Navojoa, Magdalena, San Luis R\u00edo Colorado y Hermosillo, se trabajar\u00e1 de lunes a viernes con un horario de 9:00 a 13:00 horas. En la coordinaci\u00f3n regional del Poblado Miguel Alem\u00e1n, la atenci\u00f3n se brindar\u00e1 los d\u00edas martes y jueves, en el mismo horario de 9:00 a 13:00 horas.<\/p>\n<p>&nbsp;<\/p>\n<p>&nbsp;<\/p>\n<p>&nbsp;<\/p>\n<p>Las profesionistas de los Centros para el Desarrollo de las Mujeres continuar\u00e1n laborando de manera normal en los municipios de Agua Prieta, Caborca, Cajeme, Cananea, Empalme, Etchojoa, Guaymas, Huatabampo, Magdalena, Moctezuma, Santa Ana y Ures, donde se ofrecen servicios de acompa\u00f1amiento, orientaci\u00f3n y formaci\u00f3n que contribuyen al empoderamiento y desarrollo de habilidades, conocimientos y capacidades de las sonorenses.<\/p>\n<p><strong>Fecha de publicaci\u00f3n\u00a0 lunes 24 de julio de 2023<\/strong><\/p>\n<p>&nbsp;<\/p>\n<p>&nbsp;<\/p>\n<p>&nbsp;<\/p>\n<p>&nbsp;<\/p>\n<p>Instituto Sonorense de las Mujeres<\/p>\n<p>&nbsp;<\/p>\n<p>Horario de atenci\u00f3n: lunes a viernes de 9:00 a 13:00 horas.<\/p>\n<p>&nbsp;<\/p>\n<p>&nbsp;<\/p>\n<p>&nbsp;<\/p>\n<p>Oficinas en Hermosillo: Perif\u00e9rico Poniente 328, colonia Balderrama. Tel\u00e9fono: 662 217 4986.<\/p>\n<p>&nbsp;<\/p>\n<p>&nbsp;<\/p>\n<p>&nbsp;<\/p>\n<p>L\u00ednea Naranja: atiende las 24 horas los 365 d\u00edas del a\u00f1o y a trav\u00e9s de WhatsApp, en el n\u00famero 6624 24 13 97.<\/p>\n<p><strong>Fecha de publicaci\u00f3n\u00a0 lunes 24 de julio de 2023<\/strong><\/p>\n<p>&nbsp;<\/p>\n","protected":false},"excerpt":{"rendered":"<p>&nbsp; HERMOSILLO, SONORA,MX.\u2500\u2500 Durante este periodo vacacional del gobierno estatal, del 24 de julio al&#8230;<\/p>\n","protected":false},"author":1,"featured_media":171003,"comment_status":"open","ping_status":"open","sticky":false,"template":"","format":"standard","meta":{"_monsterinsights_skip_tracking":false,"_monsterinsights_sitenote_active":false,"_monsterinsights_sitenote_note":"","_monsterinsights_sitenote_category":0,"footnotes":""},"categories":[22],"tags":[],"class_list":["post"],"yoast_head":" \n<title>Sonora en Equipo. Permanecer\u00e1 abierto Instituto Sonorense de las Mujeres durante el per\u00edodo vacacional Sonora<\/title>\n<meta name=\"description\" content=\"&nbsp; HERMOSILLO, SONORA,MX.\u2500\u2500 Durante este periodo vacacional del gobierno estatal, del 24 de julio al 4 de agosto, las oficinas centrales del Instituto En Sonora en Equipo publicamos toda la informaci\u00f3n de Sonora, M\u00e9xico y el Mundo de manera oportuna y busca que la libertad de expresi\u00f3n sea real. Visita nuestro medio informativo publicado desde Hermosillo, Sonora. %\" \/>\n<meta name=\"robots\" content=\"index, follow, max-snippet:-1, max-image-preview:large, max-video-preview:-1\" \/>\n<link rel=\"canonical\" href=\"https:\/\/www.sonoraenequipo.com.mx\/permanecera-abierto-instituto-sonorense-de-las-mujeres-durante-el-periodo-vacacional\/\" \/>\n<meta property=\"og:locale\" content=\"es_ES\" \/>\n<meta property=\"og:type\" content=\"article\" \/>\n<meta property=\"og:title\" content=\"Sonora en Equipo. Permanecer\u00e1 abierto Instituto Sonorense de las Mujeres durante el per\u00edodo vacacional Sonora\" \/>\n<meta property=\"og:description\" content=\"&nbsp; HERMOSILLO, SONORA,MX.\u2500\u2500 Durante este periodo vacacional del gobierno estatal, del 24 de julio al 4 de agosto, las oficinas centrales del Instituto En Sonora en Equipo publicamos toda la informaci\u00f3n de Sonora, M\u00e9xico y el Mundo de manera oportuna y busca que la libertad de expresi\u00f3n sea real. Visita nuestro medio informativo publicado desde Hermosillo, Sonora. %\" \/>\n<meta property=\"og:url\" content=\"https:\/\/www.sonoraenequipo.com.mx\/permanecera-abierto-instituto-sonorense-de-las-mujeres-durante-el-periodo-vacacional\/\" \/>\n<meta property=\"og:site_name\" content=\"Sonora en Equipo.\" \/>\n<meta property=\"article:publisher\" content=\"https:\/\/www.facebook.com\/SonoraEE\/\" \/>\n<meta property=\"article:author\" content=\"https:\/\/www.facebook.com\/SonoraEE\" \/>\n<meta property=\"article:published_time\" content=\"2023-07-24T19:39:24+00:00\" \/>\n<meta property=\"article:modified_time\" content=\"2023-07-25T00:49:24+00:00\" \/>\n<meta property=\"og:image\" content=\"https:\/\/www.sonoraenequipo.com.mx\/storage\/2023\/07\/ism.jpg\" \/>\n\t<meta property=\"og:image:width\" content=\"600\" \/>\n\t<meta property=\"og:image:height\" content=\"400\" \/>\n\t<meta property=\"og:image:type\" content=\"image\/jpeg\" \/>\n<meta name=\"author\" content=\"enequipo\" \/>\n<meta name=\"twitter:card\" content=\"summary_large_image\" \/>\n<meta name=\"twitter:creator\" content=\"@sonoraenequipo\" \/>\n<meta name=\"twitter:site\" content=\"@sonoraenequipo\" \/>\n<meta name=\"twitter:label1\" content=\"Escrito por\" \/>\n\t<meta name=\"twitter:data1\" content=\"enequipo\" \/>\n\t<meta name=\"twitter:label2\" content=\"Tiempo de lectura\" \/>\n\t<meta name=\"twitter:data2\" content=\"2 minutos\" \/>\n<script type=\"application\/ld+json\" class=\"yoast-schema-graph\">{\"@context\":\"https:\/\/schema.org\",\"@graph\":[{\"@type\":\"Article\",\"@id\":\"https:\/\/www.sonoraenequipo.com.mx\/permanecera-abierto-instituto-sonorense-de-las-mujeres-durante-el-periodo-vacacional\/#article\",\"isPartOf\":{\"@id\":\"https:\/\/www.sonoraenequipo.com.mx\/permanecera-abierto-instituto-sonorense-de-las-mujeres-durante-el-periodo-vacacional\/\"},\"author\":{\"name\":\"enequipo\",\"@id\":\"https:\/\/www.sonoraenequipo.com.mx\/#\/schema\/person\/50102df0fb23a8fa9e8effad8fa81386\"},\"headline\":\"Permanecer\u00e1 abierto Instituto Sonorense de las Mujeres durante el per\u00edodo vacacional\",\"datePublished\":\"2023-07-24T19:39:24+00:00\",\"dateModified\":\"2023-07-25T00:49:24+00:00\",\"mainEntityOfPage\":{\"@id\":\"https:\/\/www.sonoraenequipo.com.mx\/permanecera-abierto-instituto-sonorense-de-las-mujeres-durante-el-periodo-vacacional\/\"},\"wordCount\":364,\"commentCount\":0,\"publisher\":{\"@id\":\"https:\/\/www.sonoraenequipo.com.mx\/#organization\"},\"image\":{\"@id\":\"https:\/\/www.sonoraenequipo.com.mx\/permanecera-abierto-instituto-sonorense-de-las-mujeres-durante-el-periodo-vacacional\/#primaryimage\"},\"thumbnailUrl\":\"https:\/\/www.sonoraenequipo.com.mx\/storage\/2023\/07\/ism.jpg\",\"articleSection\":[\"Sonora\"],\"inLanguage\":\"es\",\"potentialAction\":[{\"@type\":\"CommentAction\",\"name\":\"Comment\",\"target\":[\"https:\/\/www.sonoraenequipo.com.mx\/permanecera-abierto-instituto-sonorense-de-las-mujeres-durante-el-periodo-vacacional\/#respond\"]}]},{\"@type\":\"WebPage\",\"@id\":\"https:\/\/www.sonoraenequipo.com.mx\/permanecera-abierto-instituto-sonorense-de-las-mujeres-durante-el-periodo-vacacional\/\",\"url\":\"https:\/\/www.sonoraenequipo.com.mx\/permanecera-abierto-instituto-sonorense-de-las-mujeres-durante-el-periodo-vacacional\/\",\"name\":\"Sonora en Equipo. Permanecer\u00e1 abierto Instituto Sonorense de las Mujeres durante el per\u00edodo vacacional Sonora\",\"isPartOf\":{\"@id\":\"https:\/\/www.sonoraenequipo.com.mx\/#website\"},\"primaryImageOfPage\":{\"@id\":\"https:\/\/www.sonoraenequipo.com.mx\/permanecera-abierto-instituto-sonorense-de-las-mujeres-durante-el-periodo-vacacional\/#primaryimage\"},\"image\":{\"@id\":\"https:\/\/www.sonoraenequipo.com.mx\/permanecera-abierto-instituto-sonorense-de-las-mujeres-durante-el-periodo-vacacional\/#primaryimage\"},\"thumbnailUrl\":\"https:\/\/www.sonoraenequipo.com.mx\/storage\/2023\/07\/ism.jpg\",\"datePublished\":\"2023-07-24T19:39:24+00:00\",\"dateModified\":\"2023-07-25T00:49:24+00:00\",\"description\":\"&nbsp; HERMOSILLO, SONORA,MX.\u2500\u2500 Durante este periodo vacacional del gobierno estatal, del 24 de julio al 4 de agosto, las oficinas centrales del Instituto En Sonora en Equipo publicamos toda la informaci\u00f3n de Sonora, M\u00e9xico y el Mundo de manera oportuna y busca que la libertad de expresi\u00f3n sea real. Visita nuestro medio informativo publicado desde Hermosillo, Sonora. %\",\"breadcrumb\":{\"@id\":\"https:\/\/www.sonoraenequipo.com.mx\/permanecera-abierto-instituto-sonorense-de-las-mujeres-durante-el-periodo-vacacional\/#breadcrumb\"},\"inLanguage\":\"es\",\"potentialAction\":[{\"@type\":\"ReadAction\",\"target\":[\"https:\/\/www.sonoraenequipo.com.mx\/permanecera-abierto-instituto-sonorense-de-las-mujeres-durante-el-periodo-vacacional\/\"]}]},{\"@type\":\"ImageObject\",\"inLanguage\":\"es\",\"@id\":\"https:\/\/www.sonoraenequipo.com.mx\/permanecera-abierto-instituto-sonorense-de-las-mujeres-durante-el-periodo-vacacional\/#primaryimage\",\"url\":\"https:\/\/www.sonoraenequipo.com.mx\/storage\/2023\/07\/ism.jpg\",\"contentUrl\":\"https:\/\/www.sonoraenequipo.com.mx\/storage\/2023\/07\/ism.jpg\",\"width\":600,\"height\":400},{\"@type\":\"BreadcrumbList\",\"@id\":\"https:\/\/www.sonoraenequipo.com.mx\/permanecera-abierto-instituto-sonorense-de-las-mujeres-durante-el-periodo-vacacional\/#breadcrumb\",\"itemListElement\":[{\"@type\":\"ListItem\",\"position\":1,\"name\":\"Portada\",\"item\":\"https:\/\/www.sonoraenequipo.com.mx\/\"},{\"@type\":\"ListItem\",\"position\":2,\"name\":\"Permanecer\u00e1 abierto Instituto Sonorense de las Mujeres durante el per\u00edodo vacacional\"}]},{\"@type\":\"WebSite\",\"@id\":\"https:\/\/www.sonoraenequipo.com.mx\/#website\",\"url\":\"https:\/\/www.sonoraenequipo.com.mx\/\",\"name\":\"Sonora en Equipo.\",\"description\":\"Diario en l\u00ednea con Noticias desde Hermosillo, Sonora\",\"publisher\":{\"@id\":\"https:\/\/www.sonoraenequipo.com.mx\/#organization\"},\"potentialAction\":[{\"@type\":\"SearchAction\",\"target\":{\"@type\":\"EntryPoint\",\"urlTemplate\":\"https:\/\/www.sonoraenequipo.com.mx\/?s={search_term_string}\"},\"query-input\":{\"@type\":\"PropertyValueSpecification\",\"valueRequired\":true,\"valueName\":\"search_term_string\"}}],\"inLanguage\":\"es\"},{\"@type\":\"Organization\",\"@id\":\"https:\/\/www.sonoraenequipo.com.mx\/#organization\",\"name\":\"Sonoraenequipo.com.mx\",\"url\":\"https:\/\/www.sonoraenequipo.com.mx\/\",\"logo\":{\"@type\":\"ImageObject\",\"inLanguage\":\"es\",\"@id\":\"https:\/\/www.sonoraenequipo.com.mx\/#\/schema\/logo\/image\/\",\"url\":\"https:\/\/www.sonoraenequipo.com.mx\/storage\/2019\/01\/sonoraenequipo_opt.png\",\"contentUrl\":\"https:\/\/www.sonoraenequipo.com.mx\/storage\/2019\/01\/sonoraenequipo_opt.png\",\"width\":375,\"height\":125,\"caption\":\"Sonoraenequipo.com.mx\"},\"image\":{\"@id\":\"https:\/\/www.sonoraenequipo.com.mx\/#\/schema\/logo\/image\/\"},\"sameAs\":[\"https:\/\/www.facebook.com\/SonoraEE\/\",\"https:\/\/x.com\/sonoraenequipo\",\"https:\/\/www.youtube.com\/channel\/UC338nW-lPEYmJQs4ZABQ1SQ\"]},{\"@type\":\"Person\",\"@id\":\"https:\/\/www.sonoraenequipo.com.mx\/#\/schema\/person\/50102df0fb23a8fa9e8effad8fa81386\",\"name\":\"enequipo\",\"image\":{\"@type\":\"ImageObject\",\"inLanguage\":\"es\",\"@id\":\"https:\/\/www.sonoraenequipo.com.mx\/#\/schema\/person\/image\/\",\"url\":\"https:\/\/secure.gravatar.com\/avatar\/049821681b589dabc0bc20695993ccebb09f5b5d4d790cd9251b97faac7c652b?s=96&d=blank&r=g\",\"contentUrl\":\"https:\/\/secure.gravatar.com\/avatar\/049821681b589dabc0bc20695993ccebb09f5b5d4d790cd9251b97faac7c652b?s=96&d=blank&r=g\",\"caption\":\"enequipo\"},\"sameAs\":[\"https:\/\/www.facebook.com\/SonoraEE\"]}]}<\/script>\n ","yoast_head_json":{"title":"Sonora en Equipo. Permanecer\u00e1 abierto Instituto Sonorense de las Mujeres durante el per\u00edodo vacacional Sonora","description":"&nbsp; HERMOSILLO, SONORA,MX.\u2500\u2500 Durante este periodo vacacional del gobierno estatal, del 24 de julio al 4 de agosto, las oficinas centrales del Instituto En Sonora en Equipo publicamos toda la informaci\u00f3n de Sonora, M\u00e9xico y el Mundo de manera oportuna y busca que la libertad de expresi\u00f3n sea real. Visita nuestro medio informativo publicado desde Hermosillo, Sonora. %","robots":{"index":"index","follow":"follow","max-snippet":"max-snippet:-1","max-image-preview":"max-image-preview:large","max-video-preview":"max-video-preview:-1"},"canonical":"https:\/\/www.sonoraenequipo.com.mx\/permanecera-abierto-instituto-sonorense-de-las-mujeres-durante-el-periodo-vacacional\/","og_locale":"es_ES","og_type":"article","og_title":"Sonora en Equipo. Permanecer\u00e1 abierto Instituto Sonorense de las Mujeres durante el per\u00edodo vacacional Sonora","og_description":"&nbsp; HERMOSILLO, SONORA,MX.\u2500\u2500 Durante este periodo vacacional del gobierno estatal, del 24 de julio al 4 de agosto, las oficinas centrales del Instituto En Sonora en Equipo publicamos toda la informaci\u00f3n de Sonora, M\u00e9xico y el Mundo de manera oportuna y busca que la libertad de expresi\u00f3n sea real. Visita nuestro medio informativo publicado desde Hermosillo, Sonora. %","og_url":"https:\/\/www.sonoraenequipo.com.mx\/permanecera-abierto-instituto-sonorense-de-las-mujeres-durante-el-periodo-vacacional\/","og_site_name":"Sonora en Equipo.","article_publisher":"https:\/\/www.facebook.com\/SonoraEE\/","article_author":"https:\/\/www.facebook.com\/SonoraEE","article_published_time":"2023-07-24T19:39:24+00:00","article_modified_time":"2023-07-25T00:49:24+00:00","og_image":[{"width":600,"height":400,"url":"https:\/\/www.sonoraenequipo.com.mx\/storage\/2023\/07\/ism.jpg","type":"image\/jpeg"}],"author":"enequipo","twitter_card":"summary_large_image","twitter_creator":"@sonoraenequipo","twitter_site":"@sonoraenequipo","twitter_misc":{"Escrito por":"enequipo","Tiempo de lectura":"2 minutos"},"schema":{"@context":"https:\/\/schema.org","@graph":[{"@type":"Article","@id":"https:\/\/www.sonoraenequipo.com.mx\/permanecera-abierto-instituto-sonorense-de-las-mujeres-durante-el-periodo-vacacional\/#article","isPartOf":{"@id":"https:\/\/www.sonoraenequipo.com.mx\/permanecera-abierto-instituto-sonorense-de-las-mujeres-durante-el-periodo-vacacional\/"},"author":{"name":"enequipo","@id":"https:\/\/www.sonoraenequipo.com.mx\/#\/schema\/person\/50102df0fb23a8fa9e8effad8fa81386"},"headline":"Permanecer\u00e1 abierto Instituto Sonorense de las Mujeres durante el per\u00edodo vacacional","datePublished":"2023-07-24T19:39:24+00:00","dateModified":"2023-07-25T00:49:24+00:00","mainEntityOfPage":{"@id":"https:\/\/www.sonoraenequipo.com.mx\/permanecera-abierto-instituto-sonorense-de-las-mujeres-durante-el-periodo-vacacional\/"},"wordCount":364,"commentCount":0,"publisher":{"@id":"https:\/\/www.sonoraenequipo.com.mx\/#organization"},"image":{"@id":"https:\/\/www.sonoraenequipo.com.mx\/permanecera-abierto-instituto-sonorense-de-las-mujeres-durante-el-periodo-vacacional\/#primaryimage"},"thumbnailUrl":"https:\/\/www.sonoraenequipo.com.mx\/storage\/2023\/07\/ism.jpg","articleSection":["Sonora"],"inLanguage":"es","potentialAction":[{"@type":"CommentAction","name":"Comment","target":["https:\/\/www.sonoraenequipo.com.mx\/permanecera-abierto-instituto-sonorense-de-las-mujeres-durante-el-periodo-vacacional\/#respond"]}]},{"@type":"WebPage","@id":"https:\/\/www.sonoraenequipo.com.mx\/permanecera-abierto-instituto-sonorense-de-las-mujeres-durante-el-periodo-vacacional\/","url":"https:\/\/www.sonoraenequipo.com.mx\/permanecera-abierto-instituto-sonorense-de-las-mujeres-durante-el-periodo-vacacional\/","name":"Sonora en Equipo. Permanecer\u00e1 abierto Instituto Sonorense de las Mujeres durante el per\u00edodo vacacional Sonora","isPartOf":{"@id":"https:\/\/www.sonoraenequipo.com.mx\/#website"},"primaryImageOfPage":{"@id":"https:\/\/www.sonoraenequipo.com.mx\/permanecera-abierto-instituto-sonorense-de-las-mujeres-durante-el-periodo-vacacional\/#primaryimage"},"image":{"@id":"https:\/\/www.sonoraenequipo.com.mx\/permanecera-abierto-instituto-sonorense-de-las-mujeres-durante-el-periodo-vacacional\/#primaryimage"},"thumbnailUrl":"https:\/\/www.sonoraenequipo.com.mx\/storage\/2023\/07\/ism.jpg","datePublished":"2023-07-24T19:39:24+00:00","dateModified":"2023-07-25T00:49:24+00:00","description":"&nbsp; HERMOSILLO, SONORA,MX.\u2500\u2500 Durante este periodo vacacional del gobierno estatal, del 24 de julio al 4 de agosto, las oficinas centrales del Instituto En Sonora en Equipo publicamos toda la informaci\u00f3n de Sonora, M\u00e9xico y el Mundo de manera oportuna y busca que la libertad de expresi\u00f3n sea real. Visita nuestro medio informativo publicado desde Hermosillo, Sonora. %","breadcrumb":{"@id":"https:\/\/www.sonoraenequipo.com.mx\/permanecera-abierto-instituto-sonorense-de-las-mujeres-durante-el-periodo-vacacional\/#breadcrumb"},"inLanguage":"es","potentialAction":[{"@type":"ReadAction","target":["https:\/\/www.sonoraenequipo.com.mx\/permanecera-abierto-instituto-sonorense-de-las-mujeres-durante-el-periodo-vacacional\/"]}]},{"@type":"ImageObject","inLanguage":"es","@id":"https:\/\/www.sonoraenequipo.com.mx\/permanecera-abierto-instituto-sonorense-de-las-mujeres-durante-el-periodo-vacacional\/#primaryimage","url":"https:\/\/www.sonoraenequipo.com.mx\/storage\/2023\/07\/ism.jpg","contentUrl":"https:\/\/www.sonoraenequipo.com.mx\/storage\/2023\/07\/ism.jpg","width":600,"height":400},{"@type":"BreadcrumbList","@id":"https:\/\/www.sonoraenequipo.com.mx\/permanecera-abierto-instituto-sonorense-de-las-mujeres-durante-el-periodo-vacacional\/#breadcrumb","itemListElement":[{"@type":"ListItem","position":1,"name":"Portada","item":"https:\/\/www.sonoraenequipo.com.mx\/"},{"@type":"ListItem","position":2,"name":"Permanecer\u00e1 abierto Instituto Sonorense de las Mujeres durante el per\u00edodo vacacional"}]},{"@type":"WebSite","@id":"https:\/\/www.sonoraenequipo.com.mx\/#website","url":"https:\/\/www.sonoraenequipo.com.mx\/","name":"Sonora en Equipo.","description":"Diario en l\u00ednea con Noticias desde Hermosillo, Sonora","publisher":{"@id":"https:\/\/www.sonoraenequipo.com.mx\/#organization"},"potentialAction":[{"@type":"SearchAction","target":{"@type":"EntryPoint","urlTemplate":"https:\/\/www.sonoraenequipo.com.mx\/?s={search_term_string}"},"query-input":{"@type":"PropertyValueSpecification","valueRequired":true,"valueName":"search_term_string"}}],"inLanguage":"es"},{"@type":"Organization","@id":"https:\/\/www.sonoraenequipo.com.mx\/#organization","name":"Sonoraenequipo.com.mx","url":"https:\/\/www.sonoraenequipo.com.mx\/","logo":{"@type":"ImageObject","inLanguage":"es","@id":"https:\/\/www.sonoraenequipo.com.mx\/#\/schema\/logo\/image\/","url":"https:\/\/www.sonoraenequipo.com.mx\/storage\/2019\/01\/sonoraenequipo_opt.png","contentUrl":"https:\/\/www.sonoraenequipo.com.mx\/storage\/2019\/01\/sonoraenequipo_opt.png","width":375,"height":125,"caption":"Sonoraenequipo.com.mx"},"image":{"@id":"https:\/\/www.sonoraenequipo.com.mx\/#\/schema\/logo\/image\/"},"sameAs":["https:\/\/www.facebook.com\/SonoraEE\/","https:\/\/x.com\/sonoraenequipo","https:\/\/www.youtube.com\/channel\/UC338nW-lPEYmJQs4ZABQ1SQ"]},{"@type":"Person","@id":"https:\/\/www.sonoraenequipo.com.mx\/#\/schema\/person\/50102df0fb23a8fa9e8effad8fa81386","name":"enequipo","image":{"@type":"ImageObject","inLanguage":"es","@id":"https:\/\/www.sonoraenequipo.com.mx\/#\/schema\/person\/image\/","url":"https:\/\/secure.gravatar.com\/avatar\/049821681b589dabc0bc20695993ccebb09f5b5d4d790cd9251b97faac7c652b?s=96&d=blank&r=g","contentUrl":"https:\/\/secure.gravatar.com\/avatar\/049821681b589dabc0bc20695993ccebb09f5b5d4d790cd9251b97faac7c652b?s=96&d=blank&r=g","caption":"enequipo"},"sameAs":["https:\/\/www.facebook.com\/SonoraEE"]}]}},"jetpack_featured_media_url":"https:\/\/www.sonoraenequipo.com.mx\/storage\/2023\/07\/ism.jpg","_links":{"self":[{"href":"https:\/\/www.sonoraenequipo.com.mx\/api\/wp\/v2\/posts\/171002","targetHints":{"allow":["GET"]}}],"collection":[{"href":"https:\/\/www.sonoraenequipo.com.mx\/api\/wp\/v2\/posts"}],"about":[{"href":"https:\/\/www.sonoraenequipo.com.mx\/api\/wp\/v2\/types\/post"}],"author":[{"embeddable":true,"href":"https:\/\/www.sonoraenequipo.com.mx\/api\/wp\/v2\/users\/1"}],"replies":[{"embeddable":true,"href":"https:\/\/www.sonoraenequipo.com.mx\/api\/wp\/v2\/comments?post=171002"}],"version-history":[{"count":1,"href":"https:\/\/www.sonoraenequipo.com.mx\/api\/wp\/v2\/posts\/171002\/revisions"}],"predecessor-version":[{"id":171004,"href":"https:\/\/www.sonoraenequipo.com.mx\/api\/wp\/v2\/posts\/171002\/revisions\/171004"}],"wp:featuredmedia":[{"embeddable":true,"href":"https:\/\/www.sonoraenequipo.com.mx\/api\/wp\/v2\/media\/171003"}],"wp:attachment":[{"href":"https:\/\/www.sonoraenequipo.com.mx\/api\/wp\/v2\/media?parent=171002"}],"wp:term":[{"taxonomy":"category","embeddable":true,"href":"https:\/\/www.sonoraenequipo.com.mx\/api\/wp\/v2\/categories?post=171002"},{"taxonomy":"post_tag","embeddable":true,"href":"https:\/\/www.sonoraenequipo.com.mx\/api\/wp\/v2\/tags?post=171002"}],"curies":[{"name":"wp","href":"https:\/\/api.w.org\/{rel}","templated":true}]}}