{"id":171013,"date":"2023-07-24T14:16:56","date_gmt":"2023-07-24T21:16:56","guid":{"rendered":"https:\/\/www.sonoraenequipo.com.mx\/?p=171013"},"modified":"2023-07-24T14:16:56","modified_gmt":"2023-07-24T21:16:56","slug":"habra-atencion-en-oficinas-de-gobierno-estatal-durante-vacaciones","status":"publish","type":"post","link":"https:\/\/www.sonoraenequipo.com.mx\/habra-atencion-en-oficinas-de-gobierno-estatal-durante-vacaciones\/","title":{"rendered":"Habr\u00e1 atenci\u00f3n en oficinas de gobierno estatal durante vacaciones"},"content":{"rendered":"<p><strong>HERMOSILLO, SONORA,MX.\u2500\u2500<\/strong> El gobierno del estado inform\u00f3 que varias de sus dependencias brindar\u00e1n atenci\u00f3n p\u00fablica normal durante el per\u00edodo vacacional del 24 de julio al 4 de agosto.<\/p>\n<p>Es el caso de la secretar\u00eda del trabajo, el registro civil,\u00a0 Isssteson, as\u00ed como las agencias fiscales.<\/p>\n<p><strong>Fecha de publicaci\u00f3n\u00a0 lunes 24 de julio de 2023<\/strong><\/p>\n","protected":false},"excerpt":{"rendered":"<p>HERMOSILLO, SONORA,MX.\u2500\u2500 El gobierno del estado inform\u00f3 que varias de sus dependencias brindar\u00e1n atenci\u00f3n p\u00fablica&#8230;<\/p>\n","protected":false},"author":1,"featured_media":30057,"comment_status":"open","ping_status":"open","sticky":false,"template":"","format":"standard","meta":{"_monsterinsights_skip_tracking":false,"_monsterinsights_sitenote_active":false,"_monsterinsights_sitenote_note":"","_monsterinsights_sitenote_category":0,"footnotes":""},"categories":[22],"tags":[1725],"class_list":["post"],"yoast_head":" \n<title>Sonora en Equipo. Habr\u00e1 atenci\u00f3n en oficinas de gobierno estatal durante vacaciones Sonora<\/title>\n<meta name=\"description\" content=\"HERMOSILLO, SONORA,MX.\u2500\u2500 El gobierno del estado inform\u00f3 que varias de sus dependencias brindar\u00e1n atenci\u00f3n p\u00fablica normal durante el per\u00edodo vacacional del En Sonora en Equipo publicamos toda la informaci\u00f3n de Sonora, M\u00e9xico y el Mundo de manera oportuna y busca que la libertad de expresi\u00f3n sea real. Visita nuestro medio informativo publicado desde Hermosillo, Sonora. %\" \/>\n<meta name=\"robots\" content=\"index, follow, max-snippet:-1, max-image-preview:large, max-video-preview:-1\" \/>\n<link rel=\"canonical\" href=\"https:\/\/www.sonoraenequipo.com.mx\/habra-atencion-en-oficinas-de-gobierno-estatal-durante-vacaciones\/\" \/>\n<meta property=\"og:locale\" content=\"es_ES\" \/>\n<meta property=\"og:type\" content=\"article\" \/>\n<meta property=\"og:title\" content=\"Sonora en Equipo. Habr\u00e1 atenci\u00f3n en oficinas de gobierno estatal durante vacaciones Sonora\" \/>\n<meta property=\"og:description\" content=\"HERMOSILLO, SONORA,MX.\u2500\u2500 El gobierno del estado inform\u00f3 que varias de sus dependencias brindar\u00e1n atenci\u00f3n p\u00fablica normal durante el per\u00edodo vacacional del En Sonora en Equipo publicamos toda la informaci\u00f3n de Sonora, M\u00e9xico y el Mundo de manera oportuna y busca que la libertad de expresi\u00f3n sea real. Visita nuestro medio informativo publicado desde Hermosillo, Sonora. %\" \/>\n<meta property=\"og:url\" content=\"https:\/\/www.sonoraenequipo.com.mx\/habra-atencion-en-oficinas-de-gobierno-estatal-durante-vacaciones\/\" \/>\n<meta property=\"og:site_name\" content=\"Sonora en Equipo.\" \/>\n<meta property=\"article:publisher\" content=\"https:\/\/www.facebook.com\/SonoraEE\/\" \/>\n<meta property=\"article:author\" content=\"https:\/\/www.facebook.com\/SonoraEE\" \/>\n<meta property=\"article:published_time\" content=\"2023-07-24T21:16:56+00:00\" \/>\n<meta property=\"og:image\" content=\"https:\/\/www.sonoraenequipo.com.mx\/storage\/2017\/12\/palaciogobiernosonora_opt.jpg\" \/>\n\t<meta property=\"og:image:width\" content=\"756\" \/>\n\t<meta property=\"og:image:height\" content=\"400\" \/>\n\t<meta property=\"og:image:type\" content=\"image\/jpeg\" \/>\n<meta name=\"author\" content=\"enequipo\" \/>\n<meta name=\"twitter:card\" content=\"summary_large_image\" \/>\n<meta name=\"twitter:creator\" content=\"@sonoraenequipo\" \/>\n<meta name=\"twitter:site\" content=\"@sonoraenequipo\" \/>\n<meta name=\"twitter:label1\" content=\"Escrito por\" \/>\n\t<meta name=\"twitter:data1\" content=\"enequipo\" \/>\n<script type=\"application\/ld+json\" class=\"yoast-schema-graph\">{\"@context\":\"https:\/\/schema.org\",\"@graph\":[{\"@type\":\"Article\",\"@id\":\"https:\/\/www.sonoraenequipo.com.mx\/habra-atencion-en-oficinas-de-gobierno-estatal-durante-vacaciones\/#article\",\"isPartOf\":{\"@id\":\"https:\/\/www.sonoraenequipo.com.mx\/habra-atencion-en-oficinas-de-gobierno-estatal-durante-vacaciones\/\"},\"author\":{\"name\":\"enequipo\",\"@id\":\"https:\/\/www.sonoraenequipo.com.mx\/#\/schema\/person\/50102df0fb23a8fa9e8effad8fa81386\"},\"headline\":\"Habr\u00e1 atenci\u00f3n en oficinas de gobierno estatal durante vacaciones\",\"datePublished\":\"2023-07-24T21:16:56+00:00\",\"mainEntityOfPage\":{\"@id\":\"https:\/\/www.sonoraenequipo.com.mx\/habra-atencion-en-oficinas-de-gobierno-estatal-durante-vacaciones\/\"},\"wordCount\":67,\"commentCount\":0,\"publisher\":{\"@id\":\"https:\/\/www.sonoraenequipo.com.mx\/#organization\"},\"image\":{\"@id\":\"https:\/\/www.sonoraenequipo.com.mx\/habra-atencion-en-oficinas-de-gobierno-estatal-durante-vacaciones\/#primaryimage\"},\"thumbnailUrl\":\"https:\/\/www.sonoraenequipo.com.mx\/storage\/2017\/12\/palaciogobiernosonora_opt.jpg\",\"keywords\":[\"vacaciones\"],\"articleSection\":[\"Sonora\"],\"inLanguage\":\"es\",\"potentialAction\":[{\"@type\":\"CommentAction\",\"name\":\"Comment\",\"target\":[\"https:\/\/www.sonoraenequipo.com.mx\/habra-atencion-en-oficinas-de-gobierno-estatal-durante-vacaciones\/#respond\"]}]},{\"@type\":\"WebPage\",\"@id\":\"https:\/\/www.sonoraenequipo.com.mx\/habra-atencion-en-oficinas-de-gobierno-estatal-durante-vacaciones\/\",\"url\":\"https:\/\/www.sonoraenequipo.com.mx\/habra-atencion-en-oficinas-de-gobierno-estatal-durante-vacaciones\/\",\"name\":\"Sonora en Equipo. Habr\u00e1 atenci\u00f3n en oficinas de gobierno estatal durante vacaciones Sonora\",\"isPartOf\":{\"@id\":\"https:\/\/www.sonoraenequipo.com.mx\/#website\"},\"primaryImageOfPage\":{\"@id\":\"https:\/\/www.sonoraenequipo.com.mx\/habra-atencion-en-oficinas-de-gobierno-estatal-durante-vacaciones\/#primaryimage\"},\"image\":{\"@id\":\"https:\/\/www.sonoraenequipo.com.mx\/habra-atencion-en-oficinas-de-gobierno-estatal-durante-vacaciones\/#primaryimage\"},\"thumbnailUrl\":\"https:\/\/www.sonoraenequipo.com.mx\/storage\/2017\/12\/palaciogobiernosonora_opt.jpg\",\"datePublished\":\"2023-07-24T21:16:56+00:00\",\"description\":\"HERMOSILLO, SONORA,MX.\u2500\u2500 El gobierno del estado inform\u00f3 que varias de sus dependencias brindar\u00e1n atenci\u00f3n p\u00fablica normal durante el per\u00edodo vacacional del En Sonora en Equipo publicamos toda la informaci\u00f3n de Sonora, M\u00e9xico y el Mundo de manera oportuna y busca que la libertad de expresi\u00f3n sea real. Visita nuestro medio informativo publicado desde Hermosillo, Sonora. %\",\"breadcrumb\":{\"@id\":\"https:\/\/www.sonoraenequipo.com.mx\/habra-atencion-en-oficinas-de-gobierno-estatal-durante-vacaciones\/#breadcrumb\"},\"inLanguage\":\"es\",\"potentialAction\":[{\"@type\":\"ReadAction\",\"target\":[\"https:\/\/www.sonoraenequipo.com.mx\/habra-atencion-en-oficinas-de-gobierno-estatal-durante-vacaciones\/\"]}]},{\"@type\":\"ImageObject\",\"inLanguage\":\"es\",\"@id\":\"https:\/\/www.sonoraenequipo.com.mx\/habra-atencion-en-oficinas-de-gobierno-estatal-durante-vacaciones\/#primaryimage\",\"url\":\"https:\/\/www.sonoraenequipo.com.mx\/storage\/2017\/12\/palaciogobiernosonora_opt.jpg\",\"contentUrl\":\"https:\/\/www.sonoraenequipo.com.mx\/storage\/2017\/12\/palaciogobiernosonora_opt.jpg\",\"width\":756,\"height\":400},{\"@type\":\"BreadcrumbList\",\"@id\":\"https:\/\/www.sonoraenequipo.com.mx\/habra-atencion-en-oficinas-de-gobierno-estatal-durante-vacaciones\/#breadcrumb\",\"itemListElement\":[{\"@type\":\"ListItem\",\"position\":1,\"name\":\"Portada\",\"item\":\"https:\/\/www.sonoraenequipo.com.mx\/\"},{\"@type\":\"ListItem\",\"position\":2,\"name\":\"Habr\u00e1 atenci\u00f3n en oficinas de gobierno estatal durante vacaciones\"}]},{\"@type\":\"WebSite\",\"@id\":\"https:\/\/www.sonoraenequipo.com.mx\/#website\",\"url\":\"https:\/\/www.sonoraenequipo.com.mx\/\",\"name\":\"Sonora en Equipo.\",\"description\":\"Diario en l\u00ednea con Noticias desde Hermosillo, Sonora\",\"publisher\":{\"@id\":\"https:\/\/www.sonoraenequipo.com.mx\/#organization\"},\"potentialAction\":[{\"@type\":\"SearchAction\",\"target\":{\"@type\":\"EntryPoint\",\"urlTemplate\":\"https:\/\/www.sonoraenequipo.com.mx\/?s={search_term_string}\"},\"query-input\":{\"@type\":\"PropertyValueSpecification\",\"valueRequired\":true,\"valueName\":\"search_term_string\"}}],\"inLanguage\":\"es\"},{\"@type\":\"Organization\",\"@id\":\"https:\/\/www.sonoraenequipo.com.mx\/#organization\",\"name\":\"Sonoraenequipo.com.mx\",\"url\":\"https:\/\/www.sonoraenequipo.com.mx\/\",\"logo\":{\"@type\":\"ImageObject\",\"inLanguage\":\"es\",\"@id\":\"https:\/\/www.sonoraenequipo.com.mx\/#\/schema\/logo\/image\/\",\"url\":\"https:\/\/www.sonoraenequipo.com.mx\/storage\/2019\/01\/sonoraenequipo_opt.png\",\"contentUrl\":\"https:\/\/www.sonoraenequipo.com.mx\/storage\/2019\/01\/sonoraenequipo_opt.png\",\"width\":375,\"height\":125,\"caption\":\"Sonoraenequipo.com.mx\"},\"image\":{\"@id\":\"https:\/\/www.sonoraenequipo.com.mx\/#\/schema\/logo\/image\/\"},\"sameAs\":[\"https:\/\/www.facebook.com\/SonoraEE\/\",\"https:\/\/x.com\/sonoraenequipo\",\"https:\/\/www.youtube.com\/channel\/UC338nW-lPEYmJQs4ZABQ1SQ\"]},{\"@type\":\"Person\",\"@id\":\"https:\/\/www.sonoraenequipo.com.mx\/#\/schema\/person\/50102df0fb23a8fa9e8effad8fa81386\",\"name\":\"enequipo\",\"image\":{\"@type\":\"ImageObject\",\"inLanguage\":\"es\",\"@id\":\"https:\/\/www.sonoraenequipo.com.mx\/#\/schema\/person\/image\/\",\"url\":\"https:\/\/secure.gravatar.com\/avatar\/049821681b589dabc0bc20695993ccebb09f5b5d4d790cd9251b97faac7c652b?s=96&d=blank&r=g\",\"contentUrl\":\"https:\/\/secure.gravatar.com\/avatar\/049821681b589dabc0bc20695993ccebb09f5b5d4d790cd9251b97faac7c652b?s=96&d=blank&r=g\",\"caption\":\"enequipo\"},\"sameAs\":[\"https:\/\/www.facebook.com\/SonoraEE\"]}]}<\/script>\n ","yoast_head_json":{"title":"Sonora en Equipo. Habr\u00e1 atenci\u00f3n en oficinas de gobierno estatal durante vacaciones Sonora","description":"HERMOSILLO, SONORA,MX.\u2500\u2500 El gobierno del estado inform\u00f3 que varias de sus dependencias brindar\u00e1n atenci\u00f3n p\u00fablica normal durante el per\u00edodo vacacional del En Sonora en Equipo publicamos toda la informaci\u00f3n de Sonora, M\u00e9xico y el Mundo de manera oportuna y busca que la libertad de expresi\u00f3n sea real. Visita nuestro medio informativo publicado desde Hermosillo, Sonora. %","robots":{"index":"index","follow":"follow","max-snippet":"max-snippet:-1","max-image-preview":"max-image-preview:large","max-video-preview":"max-video-preview:-1"},"canonical":"https:\/\/www.sonoraenequipo.com.mx\/habra-atencion-en-oficinas-de-gobierno-estatal-durante-vacaciones\/","og_locale":"es_ES","og_type":"article","og_title":"Sonora en Equipo. Habr\u00e1 atenci\u00f3n en oficinas de gobierno estatal durante vacaciones Sonora","og_description":"HERMOSILLO, SONORA,MX.\u2500\u2500 El gobierno del estado inform\u00f3 que varias de sus dependencias brindar\u00e1n atenci\u00f3n p\u00fablica normal durante el per\u00edodo vacacional del En Sonora en Equipo publicamos toda la informaci\u00f3n de Sonora, M\u00e9xico y el Mundo de manera oportuna y busca que la libertad de expresi\u00f3n sea real. Visita nuestro medio informativo publicado desde Hermosillo, Sonora. %","og_url":"https:\/\/www.sonoraenequipo.com.mx\/habra-atencion-en-oficinas-de-gobierno-estatal-durante-vacaciones\/","og_site_name":"Sonora en Equipo.","article_publisher":"https:\/\/www.facebook.com\/SonoraEE\/","article_author":"https:\/\/www.facebook.com\/SonoraEE","article_published_time":"2023-07-24T21:16:56+00:00","og_image":[{"width":756,"height":400,"url":"https:\/\/www.sonoraenequipo.com.mx\/storage\/2017\/12\/palaciogobiernosonora_opt.jpg","type":"image\/jpeg"}],"author":"enequipo","twitter_card":"summary_large_image","twitter_creator":"@sonoraenequipo","twitter_site":"@sonoraenequipo","twitter_misc":{"Escrito por":"enequipo"},"schema":{"@context":"https:\/\/schema.org","@graph":[{"@type":"Article","@id":"https:\/\/www.sonoraenequipo.com.mx\/habra-atencion-en-oficinas-de-gobierno-estatal-durante-vacaciones\/#article","isPartOf":{"@id":"https:\/\/www.sonoraenequipo.com.mx\/habra-atencion-en-oficinas-de-gobierno-estatal-durante-vacaciones\/"},"author":{"name":"enequipo","@id":"https:\/\/www.sonoraenequipo.com.mx\/#\/schema\/person\/50102df0fb23a8fa9e8effad8fa81386"},"headline":"Habr\u00e1 atenci\u00f3n en oficinas de gobierno estatal durante vacaciones","datePublished":"2023-07-24T21:16:56+00:00","mainEntityOfPage":{"@id":"https:\/\/www.sonoraenequipo.com.mx\/habra-atencion-en-oficinas-de-gobierno-estatal-durante-vacaciones\/"},"wordCount":67,"commentCount":0,"publisher":{"@id":"https:\/\/www.sonoraenequipo.com.mx\/#organization"},"image":{"@id":"https:\/\/www.sonoraenequipo.com.mx\/habra-atencion-en-oficinas-de-gobierno-estatal-durante-vacaciones\/#primaryimage"},"thumbnailUrl":"https:\/\/www.sonoraenequipo.com.mx\/storage\/2017\/12\/palaciogobiernosonora_opt.jpg","keywords":["vacaciones"],"articleSection":["Sonora"],"inLanguage":"es","potentialAction":[{"@type":"CommentAction","name":"Comment","target":["https:\/\/www.sonoraenequipo.com.mx\/habra-atencion-en-oficinas-de-gobierno-estatal-durante-vacaciones\/#respond"]}]},{"@type":"WebPage","@id":"https:\/\/www.sonoraenequipo.com.mx\/habra-atencion-en-oficinas-de-gobierno-estatal-durante-vacaciones\/","url":"https:\/\/www.sonoraenequipo.com.mx\/habra-atencion-en-oficinas-de-gobierno-estatal-durante-vacaciones\/","name":"Sonora en Equipo. Habr\u00e1 atenci\u00f3n en oficinas de gobierno estatal durante vacaciones Sonora","isPartOf":{"@id":"https:\/\/www.sonoraenequipo.com.mx\/#website"},"primaryImageOfPage":{"@id":"https:\/\/www.sonoraenequipo.com.mx\/habra-atencion-en-oficinas-de-gobierno-estatal-durante-vacaciones\/#primaryimage"},"image":{"@id":"https:\/\/www.sonoraenequipo.com.mx\/habra-atencion-en-oficinas-de-gobierno-estatal-durante-vacaciones\/#primaryimage"},"thumbnailUrl":"https:\/\/www.sonoraenequipo.com.mx\/storage\/2017\/12\/palaciogobiernosonora_opt.jpg","datePublished":"2023-07-24T21:16:56+00:00","description":"HERMOSILLO, SONORA,MX.\u2500\u2500 El gobierno del estado inform\u00f3 que varias de sus dependencias brindar\u00e1n atenci\u00f3n p\u00fablica normal durante el per\u00edodo vacacional del En Sonora en Equipo publicamos toda la informaci\u00f3n de Sonora, M\u00e9xico y el Mundo de manera oportuna y busca que la libertad de expresi\u00f3n sea real. Visita nuestro medio informativo publicado desde Hermosillo, Sonora. %","breadcrumb":{"@id":"https:\/\/www.sonoraenequipo.com.mx\/habra-atencion-en-oficinas-de-gobierno-estatal-durante-vacaciones\/#breadcrumb"},"inLanguage":"es","potentialAction":[{"@type":"ReadAction","target":["https:\/\/www.sonoraenequipo.com.mx\/habra-atencion-en-oficinas-de-gobierno-estatal-durante-vacaciones\/"]}]},{"@type":"ImageObject","inLanguage":"es","@id":"https:\/\/www.sonoraenequipo.com.mx\/habra-atencion-en-oficinas-de-gobierno-estatal-durante-vacaciones\/#primaryimage","url":"https:\/\/www.sonoraenequipo.com.mx\/storage\/2017\/12\/palaciogobiernosonora_opt.jpg","contentUrl":"https:\/\/www.sonoraenequipo.com.mx\/storage\/2017\/12\/palaciogobiernosonora_opt.jpg","width":756,"height":400},{"@type":"BreadcrumbList","@id":"https:\/\/www.sonoraenequipo.com.mx\/habra-atencion-en-oficinas-de-gobierno-estatal-durante-vacaciones\/#breadcrumb","itemListElement":[{"@type":"ListItem","position":1,"name":"Portada","item":"https:\/\/www.sonoraenequipo.com.mx\/"},{"@type":"ListItem","position":2,"name":"Habr\u00e1 atenci\u00f3n en oficinas de gobierno estatal durante vacaciones"}]},{"@type":"WebSite","@id":"https:\/\/www.sonoraenequipo.com.mx\/#website","url":"https:\/\/www.sonoraenequipo.com.mx\/","name":"Sonora en Equipo.","description":"Diario en l\u00ednea con Noticias desde Hermosillo, Sonora","publisher":{"@id":"https:\/\/www.sonoraenequipo.com.mx\/#organization"},"potentialAction":[{"@type":"SearchAction","target":{"@type":"EntryPoint","urlTemplate":"https:\/\/www.sonoraenequipo.com.mx\/?s={search_term_string}"},"query-input":{"@type":"PropertyValueSpecification","valueRequired":true,"valueName":"search_term_string"}}],"inLanguage":"es"},{"@type":"Organization","@id":"https:\/\/www.sonoraenequipo.com.mx\/#organization","name":"Sonoraenequipo.com.mx","url":"https:\/\/www.sonoraenequipo.com.mx\/","logo":{"@type":"ImageObject","inLanguage":"es","@id":"https:\/\/www.sonoraenequipo.com.mx\/#\/schema\/logo\/image\/","url":"https:\/\/www.sonoraenequipo.com.mx\/storage\/2019\/01\/sonoraenequipo_opt.png","contentUrl":"https:\/\/www.sonoraenequipo.com.mx\/storage\/2019\/01\/sonoraenequipo_opt.png","width":375,"height":125,"caption":"Sonoraenequipo.com.mx"},"image":{"@id":"https:\/\/www.sonoraenequipo.com.mx\/#\/schema\/logo\/image\/"},"sameAs":["https:\/\/www.facebook.com\/SonoraEE\/","https:\/\/x.com\/sonoraenequipo","https:\/\/www.youtube.com\/channel\/UC338nW-lPEYmJQs4ZABQ1SQ"]},{"@type":"Person","@id":"https:\/\/www.sonoraenequipo.com.mx\/#\/schema\/person\/50102df0fb23a8fa9e8effad8fa81386","name":"enequipo","image":{"@type":"ImageObject","inLanguage":"es","@id":"https:\/\/www.sonoraenequipo.com.mx\/#\/schema\/person\/image\/","url":"https:\/\/secure.gravatar.com\/avatar\/049821681b589dabc0bc20695993ccebb09f5b5d4d790cd9251b97faac7c652b?s=96&d=blank&r=g","contentUrl":"https:\/\/secure.gravatar.com\/avatar\/049821681b589dabc0bc20695993ccebb09f5b5d4d790cd9251b97faac7c652b?s=96&d=blank&r=g","caption":"enequipo"},"sameAs":["https:\/\/www.facebook.com\/SonoraEE"]}]}},"jetpack_featured_media_url":"https:\/\/www.sonoraenequipo.com.mx\/storage\/2017\/12\/palaciogobiernosonora_opt.jpg","_links":{"self":[{"href":"https:\/\/www.sonoraenequipo.com.mx\/api\/wp\/v2\/posts\/171013","targetHints":{"allow":["GET"]}}],"collection":[{"href":"https:\/\/www.sonoraenequipo.com.mx\/api\/wp\/v2\/posts"}],"about":[{"href":"https:\/\/www.sonoraenequipo.com.mx\/api\/wp\/v2\/types\/post"}],"author":[{"embeddable":true,"href":"https:\/\/www.sonoraenequipo.com.mx\/api\/wp\/v2\/users\/1"}],"replies":[{"embeddable":true,"href":"https:\/\/www.sonoraenequipo.com.mx\/api\/wp\/v2\/comments?post=171013"}],"version-history":[{"count":1,"href":"https:\/\/www.sonoraenequipo.com.mx\/api\/wp\/v2\/posts\/171013\/revisions"}],"predecessor-version":[{"id":171014,"href":"https:\/\/www.sonoraenequipo.com.mx\/api\/wp\/v2\/posts\/171013\/revisions\/171014"}],"wp:featuredmedia":[{"embeddable":true,"href":"https:\/\/www.sonoraenequipo.com.mx\/api\/wp\/v2\/media\/30057"}],"wp:attachment":[{"href":"https:\/\/www.sonoraenequipo.com.mx\/api\/wp\/v2\/media?parent=171013"}],"wp:term":[{"taxonomy":"category","embeddable":true,"href":"https:\/\/www.sonoraenequipo.com.mx\/api\/wp\/v2\/categories?post=171013"},{"taxonomy":"post_tag","embeddable":true,"href":"https:\/\/www.sonoraenequipo.com.mx\/api\/wp\/v2\/tags?post=171013"}],"curies":[{"name":"wp","href":"https:\/\/api.w.org\/{rel}","templated":true}]}}