{"id":171015,"date":"2023-07-24T14:49:02","date_gmt":"2023-07-24T21:49:02","guid":{"rendered":"https:\/\/www.sonoraenequipo.com.mx\/?p=171015"},"modified":"2023-07-24T14:49:02","modified_gmt":"2023-07-24T21:49:02","slug":"fiscalia-de-sonora-inicia-proceso-contra-probable-responsable-de-incendio-en-bar-de-slrc","status":"publish","type":"post","link":"https:\/\/www.sonoraenequipo.com.mx\/fiscalia-de-sonora-inicia-proceso-contra-probable-responsable-de-incendio-en-bar-de-slrc\/","title":{"rendered":"Fiscal\u00eda de Sonora inicia  proceso contra probable responsable de incendio en bar de SLRC"},"content":{"rendered":"<p><strong>SAN LUIS R\u00cdO COLORADO, SONORA,MX.<\/strong><strong>\u2500\u2500<\/strong> La Fiscal\u00eda General de Justicia del Estado de Sonora ejecut\u00f3 orden de aprehensi\u00f3n en contra de Jos\u00e9 Luis \u201cN.\u201d, de 28 a\u00f1os de edad, esto por el delito de homicidio calificado por incendio en n\u00famero de 11, tentativa de homicidio calificado por incendio en n\u00famero de seis y da\u00f1os agravados por incendio, hechos ocurridos el 22 de julio de 2023.<\/p>\n<p>&nbsp;<\/p>\n<p>Con base en los datos de prueba recabados en la carpeta de investigaci\u00f3n, el juez correspondiente otorg\u00f3 la orden de aprehensi\u00f3n en internamiento penal en contra de Jos\u00e9 Luis \u201cN.\u201d, a quien se le se\u00f1ala como el probable responsable del incendio provocado en un bar de la colonia Comercial de San Luis R\u00edo Colorado (SLRC), hecho que dej\u00f3 un saldo de cuatro f\u00e9minas y siete masculinos sin vida,\u00a0 seis personas m\u00e1s lesionadas y da\u00f1os en el establecimiento.<\/p>\n<p>&nbsp;<\/p>\n<p>Los hechos que se imputan a Jos\u00e9 Luis \u201cN.\u201d inician 01:33 horas del pasado s\u00e1bado, momento en el que de forma intencional provoca el incendio del bar Beer House, al arrojar y encender combustible en la puerta del recinto tras ser expulsado del mismo a causa de su conducta, al acosar a mujeres dentro del establecimiento, ocasionado el citado saldo de muertos, heridos y da\u00f1os.<\/p>\n<p>&nbsp;<\/p>\n<p>Con este conocimiento, la Fiscal\u00eda General de Justicia del Estado de Sonora logr\u00f3 la detenci\u00f3n del se\u00f1alado, quien ser\u00e1 sujeto al proceso judicial correspondiente en estricto apego a la ley y para quien se pedir\u00e1 la m\u00e1xima pena que la ley contemple como sanci\u00f3n.<\/p>\n<p>&nbsp;<\/p>\n<p>La Fiscal\u00eda General de Justicia del Estado de Sonora reitera su compromiso de garantizar el acceso a la justicia a las V\u00edctimas del delito y combatir la impunidad.<\/p>\n<p><strong>Fecha de publicaci\u00f3n\u00a0 lunes 24 de julio de 2023<\/strong><\/p>\n","protected":false},"excerpt":{"rendered":"<p>SAN LUIS R\u00cdO COLORADO, SONORA,MX.\u2500\u2500 La Fiscal\u00eda General de Justicia del Estado de Sonora ejecut\u00f3&#8230;<\/p>\n","protected":false},"author":1,"featured_media":171016,"comment_status":"open","ping_status":"open","sticky":false,"template":"","format":"standard","meta":{"_monsterinsights_skip_tracking":false,"_monsterinsights_sitenote_active":false,"_monsterinsights_sitenote_note":"","_monsterinsights_sitenote_category":0,"footnotes":""},"categories":[3144],"tags":[3869,6973,7406,15],"class_list":["post"],"yoast_head":" \n<title>Sonora en Equipo. Fiscal\u00eda de Sonora inicia proceso contra probable responsable de incendio en bar de SLRC Polic\u00edaca<\/title>\n<meta name=\"description\" content=\"SAN LUIS R\u00cdO COLORADO, SONORA,MX.\u2500\u2500 La Fiscal\u00eda General de Justicia del Estado de Sonora ejecut\u00f3 orden de aprehensi\u00f3n en contra de Jos\u00e9 Luis \u201cN.\u201d, de 28 En Sonora en Equipo publicamos toda la informaci\u00f3n de Sonora, M\u00e9xico y el Mundo de manera oportuna y busca que la libertad de expresi\u00f3n sea real. Visita nuestro medio informativo publicado desde Hermosillo, Sonora. %\" \/>\n<meta name=\"robots\" content=\"index, follow, max-snippet:-1, max-image-preview:large, max-video-preview:-1\" \/>\n<link rel=\"canonical\" href=\"https:\/\/www.sonoraenequipo.com.mx\/fiscalia-de-sonora-inicia-proceso-contra-probable-responsable-de-incendio-en-bar-de-slrc\/\" \/>\n<meta property=\"og:locale\" content=\"es_ES\" \/>\n<meta property=\"og:type\" content=\"article\" \/>\n<meta property=\"og:title\" content=\"Sonora en Equipo. Fiscal\u00eda de Sonora inicia proceso contra probable responsable de incendio en bar de SLRC Polic\u00edaca\" \/>\n<meta property=\"og:description\" content=\"SAN LUIS R\u00cdO COLORADO, SONORA,MX.\u2500\u2500 La Fiscal\u00eda General de Justicia del Estado de Sonora ejecut\u00f3 orden de aprehensi\u00f3n en contra de Jos\u00e9 Luis \u201cN.\u201d, de 28 En Sonora en Equipo publicamos toda la informaci\u00f3n de Sonora, M\u00e9xico y el Mundo de manera oportuna y busca que la libertad de expresi\u00f3n sea real. Visita nuestro medio informativo publicado desde Hermosillo, Sonora. %\" \/>\n<meta property=\"og:url\" content=\"https:\/\/www.sonoraenequipo.com.mx\/fiscalia-de-sonora-inicia-proceso-contra-probable-responsable-de-incendio-en-bar-de-slrc\/\" \/>\n<meta property=\"og:site_name\" content=\"Sonora en Equipo.\" \/>\n<meta property=\"article:publisher\" content=\"https:\/\/www.facebook.com\/SonoraEE\/\" \/>\n<meta property=\"article:author\" content=\"https:\/\/www.facebook.com\/SonoraEE\" \/>\n<meta property=\"article:published_time\" content=\"2023-07-24T21:49:02+00:00\" \/>\n<meta property=\"og:image\" content=\"https:\/\/www.sonoraenequipo.com.mx\/storage\/2023\/07\/jose-luis.jpg\" \/>\n\t<meta property=\"og:image:width\" content=\"600\" \/>\n\t<meta property=\"og:image:height\" content=\"400\" \/>\n\t<meta property=\"og:image:type\" content=\"image\/jpeg\" \/>\n<meta name=\"author\" content=\"enequipo\" \/>\n<meta name=\"twitter:card\" content=\"summary_large_image\" \/>\n<meta name=\"twitter:creator\" content=\"@sonoraenequipo\" \/>\n<meta name=\"twitter:site\" content=\"@sonoraenequipo\" \/>\n<meta name=\"twitter:label1\" content=\"Escrito por\" \/>\n\t<meta name=\"twitter:data1\" content=\"enequipo\" \/>\n\t<meta name=\"twitter:label2\" content=\"Tiempo de lectura\" \/>\n\t<meta name=\"twitter:data2\" content=\"2 minutos\" \/>\n<script type=\"application\/ld+json\" class=\"yoast-schema-graph\">{\"@context\":\"https:\/\/schema.org\",\"@graph\":[{\"@type\":\"Article\",\"@id\":\"https:\/\/www.sonoraenequipo.com.mx\/fiscalia-de-sonora-inicia-proceso-contra-probable-responsable-de-incendio-en-bar-de-slrc\/#article\",\"isPartOf\":{\"@id\":\"https:\/\/www.sonoraenequipo.com.mx\/fiscalia-de-sonora-inicia-proceso-contra-probable-responsable-de-incendio-en-bar-de-slrc\/\"},\"author\":{\"name\":\"enequipo\",\"@id\":\"https:\/\/www.sonoraenequipo.com.mx\/#\/schema\/person\/50102df0fb23a8fa9e8effad8fa81386\"},\"headline\":\"Fiscal\u00eda de Sonora inicia proceso contra probable responsable de incendio en bar de SLRC\",\"datePublished\":\"2023-07-24T21:49:02+00:00\",\"mainEntityOfPage\":{\"@id\":\"https:\/\/www.sonoraenequipo.com.mx\/fiscalia-de-sonora-inicia-proceso-contra-probable-responsable-de-incendio-en-bar-de-slrc\/\"},\"wordCount\":325,\"commentCount\":0,\"publisher\":{\"@id\":\"https:\/\/www.sonoraenequipo.com.mx\/#organization\"},\"image\":{\"@id\":\"https:\/\/www.sonoraenequipo.com.mx\/fiscalia-de-sonora-inicia-proceso-contra-probable-responsable-de-incendio-en-bar-de-slrc\/#primaryimage\"},\"thumbnailUrl\":\"https:\/\/www.sonoraenequipo.com.mx\/storage\/2023\/07\/jose-luis.jpg\",\"keywords\":[\"fiscal\u00eda\",\"pir\u00f3mano\",\"slrc\",\"Sonora\"],\"articleSection\":[\"Polic\u00edaca\"],\"inLanguage\":\"es\",\"potentialAction\":[{\"@type\":\"CommentAction\",\"name\":\"Comment\",\"target\":[\"https:\/\/www.sonoraenequipo.com.mx\/fiscalia-de-sonora-inicia-proceso-contra-probable-responsable-de-incendio-en-bar-de-slrc\/#respond\"]}]},{\"@type\":\"WebPage\",\"@id\":\"https:\/\/www.sonoraenequipo.com.mx\/fiscalia-de-sonora-inicia-proceso-contra-probable-responsable-de-incendio-en-bar-de-slrc\/\",\"url\":\"https:\/\/www.sonoraenequipo.com.mx\/fiscalia-de-sonora-inicia-proceso-contra-probable-responsable-de-incendio-en-bar-de-slrc\/\",\"name\":\"Sonora en Equipo. Fiscal\u00eda de Sonora inicia proceso contra probable responsable de incendio en bar de SLRC Polic\u00edaca\",\"isPartOf\":{\"@id\":\"https:\/\/www.sonoraenequipo.com.mx\/#website\"},\"primaryImageOfPage\":{\"@id\":\"https:\/\/www.sonoraenequipo.com.mx\/fiscalia-de-sonora-inicia-proceso-contra-probable-responsable-de-incendio-en-bar-de-slrc\/#primaryimage\"},\"image\":{\"@id\":\"https:\/\/www.sonoraenequipo.com.mx\/fiscalia-de-sonora-inicia-proceso-contra-probable-responsable-de-incendio-en-bar-de-slrc\/#primaryimage\"},\"thumbnailUrl\":\"https:\/\/www.sonoraenequipo.com.mx\/storage\/2023\/07\/jose-luis.jpg\",\"datePublished\":\"2023-07-24T21:49:02+00:00\",\"description\":\"SAN LUIS R\u00cdO COLORADO, SONORA,MX.\u2500\u2500 La Fiscal\u00eda General de Justicia del Estado de Sonora ejecut\u00f3 orden de aprehensi\u00f3n en contra de Jos\u00e9 Luis \u201cN.\u201d, de 28 En Sonora en Equipo publicamos toda la informaci\u00f3n de Sonora, M\u00e9xico y el Mundo de manera oportuna y busca que la libertad de expresi\u00f3n sea real. Visita nuestro medio informativo publicado desde Hermosillo, Sonora. %\",\"breadcrumb\":{\"@id\":\"https:\/\/www.sonoraenequipo.com.mx\/fiscalia-de-sonora-inicia-proceso-contra-probable-responsable-de-incendio-en-bar-de-slrc\/#breadcrumb\"},\"inLanguage\":\"es\",\"potentialAction\":[{\"@type\":\"ReadAction\",\"target\":[\"https:\/\/www.sonoraenequipo.com.mx\/fiscalia-de-sonora-inicia-proceso-contra-probable-responsable-de-incendio-en-bar-de-slrc\/\"]}]},{\"@type\":\"ImageObject\",\"inLanguage\":\"es\",\"@id\":\"https:\/\/www.sonoraenequipo.com.mx\/fiscalia-de-sonora-inicia-proceso-contra-probable-responsable-de-incendio-en-bar-de-slrc\/#primaryimage\",\"url\":\"https:\/\/www.sonoraenequipo.com.mx\/storage\/2023\/07\/jose-luis.jpg\",\"contentUrl\":\"https:\/\/www.sonoraenequipo.com.mx\/storage\/2023\/07\/jose-luis.jpg\",\"width\":600,\"height\":400,\"caption\":\"Jos\u00e9 Luis N es el imputado en el caso del incendio intencional del bar Beer House de San Luis R\u00edo Colorado en hechos sucedidos el 22 de julio donde hay otros tre heridos\"},{\"@type\":\"BreadcrumbList\",\"@id\":\"https:\/\/www.sonoraenequipo.com.mx\/fiscalia-de-sonora-inicia-proceso-contra-probable-responsable-de-incendio-en-bar-de-slrc\/#breadcrumb\",\"itemListElement\":[{\"@type\":\"ListItem\",\"position\":1,\"name\":\"Portada\",\"item\":\"https:\/\/www.sonoraenequipo.com.mx\/\"},{\"@type\":\"ListItem\",\"position\":2,\"name\":\"Fiscal\u00eda de Sonora inicia proceso contra probable responsable de incendio en bar de SLRC\"}]},{\"@type\":\"WebSite\",\"@id\":\"https:\/\/www.sonoraenequipo.com.mx\/#website\",\"url\":\"https:\/\/www.sonoraenequipo.com.mx\/\",\"name\":\"Sonora en Equipo.\",\"description\":\"Diario en l\u00ednea con Noticias desde Hermosillo, Sonora\",\"publisher\":{\"@id\":\"https:\/\/www.sonoraenequipo.com.mx\/#organization\"},\"potentialAction\":[{\"@type\":\"SearchAction\",\"target\":{\"@type\":\"EntryPoint\",\"urlTemplate\":\"https:\/\/www.sonoraenequipo.com.mx\/?s={search_term_string}\"},\"query-input\":{\"@type\":\"PropertyValueSpecification\",\"valueRequired\":true,\"valueName\":\"search_term_string\"}}],\"inLanguage\":\"es\"},{\"@type\":\"Organization\",\"@id\":\"https:\/\/www.sonoraenequipo.com.mx\/#organization\",\"name\":\"Sonoraenequipo.com.mx\",\"url\":\"https:\/\/www.sonoraenequipo.com.mx\/\",\"logo\":{\"@type\":\"ImageObject\",\"inLanguage\":\"es\",\"@id\":\"https:\/\/www.sonoraenequipo.com.mx\/#\/schema\/logo\/image\/\",\"url\":\"https:\/\/www.sonoraenequipo.com.mx\/storage\/2019\/01\/sonoraenequipo_opt.png\",\"contentUrl\":\"https:\/\/www.sonoraenequipo.com.mx\/storage\/2019\/01\/sonoraenequipo_opt.png\",\"width\":375,\"height\":125,\"caption\":\"Sonoraenequipo.com.mx\"},\"image\":{\"@id\":\"https:\/\/www.sonoraenequipo.com.mx\/#\/schema\/logo\/image\/\"},\"sameAs\":[\"https:\/\/www.facebook.com\/SonoraEE\/\",\"https:\/\/x.com\/sonoraenequipo\",\"https:\/\/www.youtube.com\/channel\/UC338nW-lPEYmJQs4ZABQ1SQ\"]},{\"@type\":\"Person\",\"@id\":\"https:\/\/www.sonoraenequipo.com.mx\/#\/schema\/person\/50102df0fb23a8fa9e8effad8fa81386\",\"name\":\"enequipo\",\"image\":{\"@type\":\"ImageObject\",\"inLanguage\":\"es\",\"@id\":\"https:\/\/www.sonoraenequipo.com.mx\/#\/schema\/person\/image\/\",\"url\":\"https:\/\/secure.gravatar.com\/avatar\/049821681b589dabc0bc20695993ccebb09f5b5d4d790cd9251b97faac7c652b?s=96&d=blank&r=g\",\"contentUrl\":\"https:\/\/secure.gravatar.com\/avatar\/049821681b589dabc0bc20695993ccebb09f5b5d4d790cd9251b97faac7c652b?s=96&d=blank&r=g\",\"caption\":\"enequipo\"},\"sameAs\":[\"https:\/\/www.facebook.com\/SonoraEE\"]}]}<\/script>\n ","yoast_head_json":{"title":"Sonora en Equipo. Fiscal\u00eda de Sonora inicia proceso contra probable responsable de incendio en bar de SLRC Polic\u00edaca","description":"SAN LUIS R\u00cdO COLORADO, SONORA,MX.\u2500\u2500 La Fiscal\u00eda General de Justicia del Estado de Sonora ejecut\u00f3 orden de aprehensi\u00f3n en contra de Jos\u00e9 Luis \u201cN.\u201d, de 28 En Sonora en Equipo publicamos toda la informaci\u00f3n de Sonora, M\u00e9xico y el Mundo de manera oportuna y busca que la libertad de expresi\u00f3n sea real. Visita nuestro medio informativo publicado desde Hermosillo, Sonora. %","robots":{"index":"index","follow":"follow","max-snippet":"max-snippet:-1","max-image-preview":"max-image-preview:large","max-video-preview":"max-video-preview:-1"},"canonical":"https:\/\/www.sonoraenequipo.com.mx\/fiscalia-de-sonora-inicia-proceso-contra-probable-responsable-de-incendio-en-bar-de-slrc\/","og_locale":"es_ES","og_type":"article","og_title":"Sonora en Equipo. Fiscal\u00eda de Sonora inicia proceso contra probable responsable de incendio en bar de SLRC Polic\u00edaca","og_description":"SAN LUIS R\u00cdO COLORADO, SONORA,MX.\u2500\u2500 La Fiscal\u00eda General de Justicia del Estado de Sonora ejecut\u00f3 orden de aprehensi\u00f3n en contra de Jos\u00e9 Luis \u201cN.\u201d, de 28 En Sonora en Equipo publicamos toda la informaci\u00f3n de Sonora, M\u00e9xico y el Mundo de manera oportuna y busca que la libertad de expresi\u00f3n sea real. Visita nuestro medio informativo publicado desde Hermosillo, Sonora. %","og_url":"https:\/\/www.sonoraenequipo.com.mx\/fiscalia-de-sonora-inicia-proceso-contra-probable-responsable-de-incendio-en-bar-de-slrc\/","og_site_name":"Sonora en Equipo.","article_publisher":"https:\/\/www.facebook.com\/SonoraEE\/","article_author":"https:\/\/www.facebook.com\/SonoraEE","article_published_time":"2023-07-24T21:49:02+00:00","og_image":[{"width":600,"height":400,"url":"https:\/\/www.sonoraenequipo.com.mx\/storage\/2023\/07\/jose-luis.jpg","type":"image\/jpeg"}],"author":"enequipo","twitter_card":"summary_large_image","twitter_creator":"@sonoraenequipo","twitter_site":"@sonoraenequipo","twitter_misc":{"Escrito por":"enequipo","Tiempo de lectura":"2 minutos"},"schema":{"@context":"https:\/\/schema.org","@graph":[{"@type":"Article","@id":"https:\/\/www.sonoraenequipo.com.mx\/fiscalia-de-sonora-inicia-proceso-contra-probable-responsable-de-incendio-en-bar-de-slrc\/#article","isPartOf":{"@id":"https:\/\/www.sonoraenequipo.com.mx\/fiscalia-de-sonora-inicia-proceso-contra-probable-responsable-de-incendio-en-bar-de-slrc\/"},"author":{"name":"enequipo","@id":"https:\/\/www.sonoraenequipo.com.mx\/#\/schema\/person\/50102df0fb23a8fa9e8effad8fa81386"},"headline":"Fiscal\u00eda de Sonora inicia proceso contra probable responsable de incendio en bar de SLRC","datePublished":"2023-07-24T21:49:02+00:00","mainEntityOfPage":{"@id":"https:\/\/www.sonoraenequipo.com.mx\/fiscalia-de-sonora-inicia-proceso-contra-probable-responsable-de-incendio-en-bar-de-slrc\/"},"wordCount":325,"commentCount":0,"publisher":{"@id":"https:\/\/www.sonoraenequipo.com.mx\/#organization"},"image":{"@id":"https:\/\/www.sonoraenequipo.com.mx\/fiscalia-de-sonora-inicia-proceso-contra-probable-responsable-de-incendio-en-bar-de-slrc\/#primaryimage"},"thumbnailUrl":"https:\/\/www.sonoraenequipo.com.mx\/storage\/2023\/07\/jose-luis.jpg","keywords":["fiscal\u00eda","pir\u00f3mano","slrc","Sonora"],"articleSection":["Polic\u00edaca"],"inLanguage":"es","potentialAction":[{"@type":"CommentAction","name":"Comment","target":["https:\/\/www.sonoraenequipo.com.mx\/fiscalia-de-sonora-inicia-proceso-contra-probable-responsable-de-incendio-en-bar-de-slrc\/#respond"]}]},{"@type":"WebPage","@id":"https:\/\/www.sonoraenequipo.com.mx\/fiscalia-de-sonora-inicia-proceso-contra-probable-responsable-de-incendio-en-bar-de-slrc\/","url":"https:\/\/www.sonoraenequipo.com.mx\/fiscalia-de-sonora-inicia-proceso-contra-probable-responsable-de-incendio-en-bar-de-slrc\/","name":"Sonora en Equipo. Fiscal\u00eda de Sonora inicia proceso contra probable responsable de incendio en bar de SLRC Polic\u00edaca","isPartOf":{"@id":"https:\/\/www.sonoraenequipo.com.mx\/#website"},"primaryImageOfPage":{"@id":"https:\/\/www.sonoraenequipo.com.mx\/fiscalia-de-sonora-inicia-proceso-contra-probable-responsable-de-incendio-en-bar-de-slrc\/#primaryimage"},"image":{"@id":"https:\/\/www.sonoraenequipo.com.mx\/fiscalia-de-sonora-inicia-proceso-contra-probable-responsable-de-incendio-en-bar-de-slrc\/#primaryimage"},"thumbnailUrl":"https:\/\/www.sonoraenequipo.com.mx\/storage\/2023\/07\/jose-luis.jpg","datePublished":"2023-07-24T21:49:02+00:00","description":"SAN LUIS R\u00cdO COLORADO, SONORA,MX.\u2500\u2500 La Fiscal\u00eda General de Justicia del Estado de Sonora ejecut\u00f3 orden de aprehensi\u00f3n en contra de Jos\u00e9 Luis \u201cN.\u201d, de 28 En Sonora en Equipo publicamos toda la informaci\u00f3n de Sonora, M\u00e9xico y el Mundo de manera oportuna y busca que la libertad de expresi\u00f3n sea real. Visita nuestro medio informativo publicado desde Hermosillo, Sonora. %","breadcrumb":{"@id":"https:\/\/www.sonoraenequipo.com.mx\/fiscalia-de-sonora-inicia-proceso-contra-probable-responsable-de-incendio-en-bar-de-slrc\/#breadcrumb"},"inLanguage":"es","potentialAction":[{"@type":"ReadAction","target":["https:\/\/www.sonoraenequipo.com.mx\/fiscalia-de-sonora-inicia-proceso-contra-probable-responsable-de-incendio-en-bar-de-slrc\/"]}]},{"@type":"ImageObject","inLanguage":"es","@id":"https:\/\/www.sonoraenequipo.com.mx\/fiscalia-de-sonora-inicia-proceso-contra-probable-responsable-de-incendio-en-bar-de-slrc\/#primaryimage","url":"https:\/\/www.sonoraenequipo.com.mx\/storage\/2023\/07\/jose-luis.jpg","contentUrl":"https:\/\/www.sonoraenequipo.com.mx\/storage\/2023\/07\/jose-luis.jpg","width":600,"height":400,"caption":"Jos\u00e9 Luis N es el imputado en el caso del incendio intencional del bar Beer House de San Luis R\u00edo Colorado en hechos sucedidos el 22 de julio donde hay otros tre heridos"},{"@type":"BreadcrumbList","@id":"https:\/\/www.sonoraenequipo.com.mx\/fiscalia-de-sonora-inicia-proceso-contra-probable-responsable-de-incendio-en-bar-de-slrc\/#breadcrumb","itemListElement":[{"@type":"ListItem","position":1,"name":"Portada","item":"https:\/\/www.sonoraenequipo.com.mx\/"},{"@type":"ListItem","position":2,"name":"Fiscal\u00eda de Sonora inicia proceso contra probable responsable de incendio en bar de SLRC"}]},{"@type":"WebSite","@id":"https:\/\/www.sonoraenequipo.com.mx\/#website","url":"https:\/\/www.sonoraenequipo.com.mx\/","name":"Sonora en Equipo.","description":"Diario en l\u00ednea con Noticias desde Hermosillo, Sonora","publisher":{"@id":"https:\/\/www.sonoraenequipo.com.mx\/#organization"},"potentialAction":[{"@type":"SearchAction","target":{"@type":"EntryPoint","urlTemplate":"https:\/\/www.sonoraenequipo.com.mx\/?s={search_term_string}"},"query-input":{"@type":"PropertyValueSpecification","valueRequired":true,"valueName":"search_term_string"}}],"inLanguage":"es"},{"@type":"Organization","@id":"https:\/\/www.sonoraenequipo.com.mx\/#organization","name":"Sonoraenequipo.com.mx","url":"https:\/\/www.sonoraenequipo.com.mx\/","logo":{"@type":"ImageObject","inLanguage":"es","@id":"https:\/\/www.sonoraenequipo.com.mx\/#\/schema\/logo\/image\/","url":"https:\/\/www.sonoraenequipo.com.mx\/storage\/2019\/01\/sonoraenequipo_opt.png","contentUrl":"https:\/\/www.sonoraenequipo.com.mx\/storage\/2019\/01\/sonoraenequipo_opt.png","width":375,"height":125,"caption":"Sonoraenequipo.com.mx"},"image":{"@id":"https:\/\/www.sonoraenequipo.com.mx\/#\/schema\/logo\/image\/"},"sameAs":["https:\/\/www.facebook.com\/SonoraEE\/","https:\/\/x.com\/sonoraenequipo","https:\/\/www.youtube.com\/channel\/UC338nW-lPEYmJQs4ZABQ1SQ"]},{"@type":"Person","@id":"https:\/\/www.sonoraenequipo.com.mx\/#\/schema\/person\/50102df0fb23a8fa9e8effad8fa81386","name":"enequipo","image":{"@type":"ImageObject","inLanguage":"es","@id":"https:\/\/www.sonoraenequipo.com.mx\/#\/schema\/person\/image\/","url":"https:\/\/secure.gravatar.com\/avatar\/049821681b589dabc0bc20695993ccebb09f5b5d4d790cd9251b97faac7c652b?s=96&d=blank&r=g","contentUrl":"https:\/\/secure.gravatar.com\/avatar\/049821681b589dabc0bc20695993ccebb09f5b5d4d790cd9251b97faac7c652b?s=96&d=blank&r=g","caption":"enequipo"},"sameAs":["https:\/\/www.facebook.com\/SonoraEE"]}]}},"jetpack_featured_media_url":"https:\/\/www.sonoraenequipo.com.mx\/storage\/2023\/07\/jose-luis.jpg","_links":{"self":[{"href":"https:\/\/www.sonoraenequipo.com.mx\/api\/wp\/v2\/posts\/171015","targetHints":{"allow":["GET"]}}],"collection":[{"href":"https:\/\/www.sonoraenequipo.com.mx\/api\/wp\/v2\/posts"}],"about":[{"href":"https:\/\/www.sonoraenequipo.com.mx\/api\/wp\/v2\/types\/post"}],"author":[{"embeddable":true,"href":"https:\/\/www.sonoraenequipo.com.mx\/api\/wp\/v2\/users\/1"}],"replies":[{"embeddable":true,"href":"https:\/\/www.sonoraenequipo.com.mx\/api\/wp\/v2\/comments?post=171015"}],"version-history":[{"count":1,"href":"https:\/\/www.sonoraenequipo.com.mx\/api\/wp\/v2\/posts\/171015\/revisions"}],"predecessor-version":[{"id":171017,"href":"https:\/\/www.sonoraenequipo.com.mx\/api\/wp\/v2\/posts\/171015\/revisions\/171017"}],"wp:featuredmedia":[{"embeddable":true,"href":"https:\/\/www.sonoraenequipo.com.mx\/api\/wp\/v2\/media\/171016"}],"wp:attachment":[{"href":"https:\/\/www.sonoraenequipo.com.mx\/api\/wp\/v2\/media?parent=171015"}],"wp:term":[{"taxonomy":"category","embeddable":true,"href":"https:\/\/www.sonoraenequipo.com.mx\/api\/wp\/v2\/categories?post=171015"},{"taxonomy":"post_tag","embeddable":true,"href":"https:\/\/www.sonoraenequipo.com.mx\/api\/wp\/v2\/tags?post=171015"}],"curies":[{"name":"wp","href":"https:\/\/api.w.org\/{rel}","templated":true}]}}