{"id":171031,"date":"2023-07-24T17:52:23","date_gmt":"2023-07-25T00:52:23","guid":{"rendered":"https:\/\/www.sonoraenequipo.com.mx\/?p=171031"},"modified":"2023-07-24T19:14:21","modified_gmt":"2023-07-25T02:14:21","slug":"el-logo-de-twitter-desaparece-de-las-redes-sociales-por-decision-de-elon-musk","status":"publish","type":"post","link":"https:\/\/www.sonoraenequipo.com.mx\/el-logo-de-twitter-desaparece-de-las-redes-sociales-por-decision-de-elon-musk\/","title":{"rendered":"El logo de Twitter desaparece de las redes sociales por decisi\u00f3n de Elon Musk"},"content":{"rendered":"<p><strong>ESTADOS UNIDOS. \u2014<\/strong> La nueva imagen ilumin\u00f3 la oficina corporativa y \u00e9ste es un nuevo cambio desde que Musk compr\u00f3 la red social por 44 mil millones de d\u00f3lares el a\u00f1o pasado<\/p>\n<p>&nbsp;<\/p>\n<p> <\/p>\n<p>&nbsp;<\/p>\n<p>El nuevo logotipo de Twitter fue proyectado en el edificio de la sede corporativa en el centro de San Francisco, California, en Estados Unidos; mientras que en la p\u00e1gina del microblogging ya aparece la letra X en lugar del pajarito azul.<\/p>\n<p>&nbsp;<\/p>\n<p>&nbsp;<\/p>\n<p>La directora ejecutiva, Linda Yaccarino, anunci\u00f3 a trav\u00e9s de sus redes sociales la proyecci\u00f3n y en una especie de cuenta regresiva afirm\u00f3:<\/p>\n<p>&nbsp;<\/p>\n<p>X is here! Let\u2019s do this (\u00a1X est\u00e1 aqu\u00ed! Hag\u00e1moslo)<\/p>\n<blockquote class=\"twitter-tweet\" data-width=\"550\" data-dnt=\"true\">\n<p lang=\"en\" dir=\"ltr\">X is here! Let\u2019s do this. <a href=\"https:\/\/t.co\/1VqEPlLchj\">pic.twitter.com\/1VqEPlLchj<\/a><\/p>\n<p>&mdash; Linda Yaccarino (@lindayaX) <a href=\"https:\/\/twitter.com\/lindayaX\/status\/1683353772917940225?ref_src=twsrc%5Etfw\">July 24, 2023<\/a><\/p><\/blockquote>\n<p><script async src=\"https:\/\/platform.twitter.com\/widgets.js\" charset=\"utf-8\"><\/script><\/p>\n<p>Horas m\u00e1s tarde, Elon Musk replic\u00f3 el mensaje acompa\u00f1ado de la fotograf\u00eda y un breve texto que dec\u00eda:<\/p>\n<blockquote class=\"twitter-tweet\" data-width=\"550\" data-dnt=\"true\">\n<p lang=\"en\" dir=\"ltr\">Our headquarters tonight <a href=\"https:\/\/t.co\/GO6yY8R7fO\">pic.twitter.com\/GO6yY8R7fO<\/a><\/p>\n<p>&mdash; Elon Musk (@elonmusk) <a href=\"https:\/\/twitter.com\/elonmusk\/status\/1683378289031761920?ref_src=twsrc%5Etfw\">July 24, 2023<\/a><\/p><\/blockquote>\n<p><script async src=\"https:\/\/platform.twitter.com\/widgets.js\" charset=\"utf-8\"><\/script><\/p>\n<p>&nbsp;<\/p>\n<p>Cerca de la medianoche del s\u00e1bado, Musk y Yaccarino hab\u00edan anunciado que ese ten\u00eda previsto cambiar la imagen del p\u00e1jaro azul por un X.<\/p>\n<p>&nbsp;<\/p>\n<p>Pronto nos despediremos de la marca Twitter y, poco a poco, de todos los p\u00e1jaros<\/p>\n<p>&nbsp;<\/p>\n<p>\u00c9ste es un nuevo cambio importante desde que compr\u00f3 la red social por 44 mil millones de d\u00f3lares el a\u00f1o pasado.<\/p>\n<p>&nbsp;<\/p>\n<p>En una serie de tuits iniciados justo pasada la medianoche del este de Estados Unidos, el propietario de Twitter dijo que quer\u00eda hacer el cambio en todo el mundo a partir de este lunes.<\/p>\n<p>&nbsp;<\/p>\n<p>Ya aparece la X en la red social<\/p>\n<p>&nbsp;<\/p>\n<p>Como era de esperarse, el cambio tambi\u00e9n estar\u00eda en la red social Twitter y desde este lunes el nuevo logotipo sustituye el p\u00e1jaro azul en su sitio web. De esta manera, se muestra la X como un cambio de imagen m\u00e1s amplio.<\/p>\n<p>&nbsp;<\/p>\n<p>&nbsp;<\/p>\n<p>El sitio de la red social muestra ahora el nuevo logotipo de la empresa: una X blanca sobre un fondo negro.<\/p>\n<p>&nbsp;<\/p>\n<p>&nbsp;<\/p>\n<p>&nbsp;<\/p>\n<p>PUBLICADO EL 24 DE JULIO DE 2023\/Redes sociales)<\/p>\n","protected":false},"excerpt":{"rendered":"<p>ESTADOS UNIDOS. \u2014 La nueva imagen ilumin\u00f3 la oficina corporativa y \u00e9ste es un nuevo&#8230;<\/p>\n","protected":false},"author":1,"featured_media":171033,"comment_status":"open","ping_status":"open","sticky":false,"template":"","format":"standard","meta":{"_monsterinsights_skip_tracking":false,"_monsterinsights_sitenote_active":false,"_monsterinsights_sitenote_note":"","_monsterinsights_sitenote_category":0,"footnotes":""},"categories":[2216,3],"tags":[],"class_list":["post"],"yoast_head":" \n<title>Sonora en Equipo. El logo de Twitter desaparece de las redes sociales por decisi\u00f3n de Elon Musk Ciencia y Tecnolog\u00eda<\/title>\n<meta name=\"description\" content=\"ESTADOS UNIDOS. \u2014 La nueva imagen ilumin\u00f3 la oficina corporativa y \u00e9ste es un nuevo cambio desde que Musk compr\u00f3 la red social por 44 mil millones de En Sonora en Equipo publicamos toda la informaci\u00f3n de Sonora, M\u00e9xico y el Mundo de manera oportuna y busca que la libertad de expresi\u00f3n sea real. Visita nuestro medio informativo publicado desde Hermosillo, Sonora. %\" \/>\n<meta name=\"robots\" content=\"index, follow, max-snippet:-1, max-image-preview:large, max-video-preview:-1\" \/>\n<link rel=\"canonical\" href=\"https:\/\/www.sonoraenequipo.com.mx\/el-logo-de-twitter-desaparece-de-las-redes-sociales-por-decision-de-elon-musk\/\" \/>\n<meta property=\"og:locale\" content=\"es_ES\" \/>\n<meta property=\"og:type\" content=\"article\" \/>\n<meta property=\"og:title\" content=\"Sonora en Equipo. El logo de Twitter desaparece de las redes sociales por decisi\u00f3n de Elon Musk Ciencia y Tecnolog\u00eda\" \/>\n<meta property=\"og:description\" content=\"ESTADOS UNIDOS. \u2014 La nueva imagen ilumin\u00f3 la oficina corporativa y \u00e9ste es un nuevo cambio desde que Musk compr\u00f3 la red social por 44 mil millones de En Sonora en Equipo publicamos toda la informaci\u00f3n de Sonora, M\u00e9xico y el Mundo de manera oportuna y busca que la libertad de expresi\u00f3n sea real. Visita nuestro medio informativo publicado desde Hermosillo, Sonora. %\" \/>\n<meta property=\"og:url\" content=\"https:\/\/www.sonoraenequipo.com.mx\/el-logo-de-twitter-desaparece-de-las-redes-sociales-por-decision-de-elon-musk\/\" \/>\n<meta property=\"og:site_name\" content=\"Sonora en Equipo.\" \/>\n<meta property=\"article:publisher\" content=\"https:\/\/www.facebook.com\/SonoraEE\/\" \/>\n<meta property=\"article:author\" content=\"https:\/\/www.facebook.com\/SonoraEE\" \/>\n<meta property=\"article:published_time\" content=\"2023-07-25T00:52:23+00:00\" \/>\n<meta property=\"article:modified_time\" content=\"2023-07-25T02:14:21+00:00\" \/>\n<meta property=\"og:image\" content=\"https:\/\/www.sonoraenequipo.com.mx\/storage\/2023\/07\/TWITTER-desaparece-el-logo-quetodos-conocemos...-min-1.jpg\" \/>\n\t<meta property=\"og:image:width\" content=\"900\" \/>\n\t<meta property=\"og:image:height\" content=\"471\" \/>\n\t<meta property=\"og:image:type\" content=\"image\/jpeg\" \/>\n<meta name=\"author\" content=\"enequipo\" \/>\n<meta name=\"twitter:card\" content=\"summary_large_image\" \/>\n<meta name=\"twitter:creator\" content=\"@sonoraenequipo\" \/>\n<meta name=\"twitter:site\" content=\"@sonoraenequipo\" \/>\n<meta name=\"twitter:label1\" content=\"Escrito por\" \/>\n\t<meta name=\"twitter:data1\" content=\"enequipo\" \/>\n\t<meta name=\"twitter:label2\" content=\"Tiempo de lectura\" \/>\n\t<meta name=\"twitter:data2\" content=\"2 minutos\" \/>\n<script type=\"application\/ld+json\" class=\"yoast-schema-graph\">{\"@context\":\"https:\/\/schema.org\",\"@graph\":[{\"@type\":\"Article\",\"@id\":\"https:\/\/www.sonoraenequipo.com.mx\/el-logo-de-twitter-desaparece-de-las-redes-sociales-por-decision-de-elon-musk\/#article\",\"isPartOf\":{\"@id\":\"https:\/\/www.sonoraenequipo.com.mx\/el-logo-de-twitter-desaparece-de-las-redes-sociales-por-decision-de-elon-musk\/\"},\"author\":{\"name\":\"enequipo\",\"@id\":\"https:\/\/www.sonoraenequipo.com.mx\/#\/schema\/person\/50102df0fb23a8fa9e8effad8fa81386\"},\"headline\":\"El logo de Twitter desaparece de las redes sociales por decisi\u00f3n de Elon Musk\",\"datePublished\":\"2023-07-25T00:52:23+00:00\",\"dateModified\":\"2023-07-25T02:14:21+00:00\",\"mainEntityOfPage\":{\"@id\":\"https:\/\/www.sonoraenequipo.com.mx\/el-logo-de-twitter-desaparece-de-las-redes-sociales-por-decision-de-elon-musk\/\"},\"wordCount\":356,\"commentCount\":0,\"publisher\":{\"@id\":\"https:\/\/www.sonoraenequipo.com.mx\/#organization\"},\"image\":{\"@id\":\"https:\/\/www.sonoraenequipo.com.mx\/el-logo-de-twitter-desaparece-de-las-redes-sociales-por-decision-de-elon-musk\/#primaryimage\"},\"thumbnailUrl\":\"https:\/\/www.sonoraenequipo.com.mx\/storage\/2023\/07\/TWITTER-desaparece-el-logo-quetodos-conocemos...-min-1.jpg\",\"articleSection\":[\"Ciencia y Tecnolog\u00eda\",\"MUNDO\"],\"inLanguage\":\"es\",\"potentialAction\":[{\"@type\":\"CommentAction\",\"name\":\"Comment\",\"target\":[\"https:\/\/www.sonoraenequipo.com.mx\/el-logo-de-twitter-desaparece-de-las-redes-sociales-por-decision-de-elon-musk\/#respond\"]}]},{\"@type\":\"WebPage\",\"@id\":\"https:\/\/www.sonoraenequipo.com.mx\/el-logo-de-twitter-desaparece-de-las-redes-sociales-por-decision-de-elon-musk\/\",\"url\":\"https:\/\/www.sonoraenequipo.com.mx\/el-logo-de-twitter-desaparece-de-las-redes-sociales-por-decision-de-elon-musk\/\",\"name\":\"Sonora en Equipo. El logo de Twitter desaparece de las redes sociales por decisi\u00f3n de Elon Musk Ciencia y Tecnolog\u00eda\",\"isPartOf\":{\"@id\":\"https:\/\/www.sonoraenequipo.com.mx\/#website\"},\"primaryImageOfPage\":{\"@id\":\"https:\/\/www.sonoraenequipo.com.mx\/el-logo-de-twitter-desaparece-de-las-redes-sociales-por-decision-de-elon-musk\/#primaryimage\"},\"image\":{\"@id\":\"https:\/\/www.sonoraenequipo.com.mx\/el-logo-de-twitter-desaparece-de-las-redes-sociales-por-decision-de-elon-musk\/#primaryimage\"},\"thumbnailUrl\":\"https:\/\/www.sonoraenequipo.com.mx\/storage\/2023\/07\/TWITTER-desaparece-el-logo-quetodos-conocemos...-min-1.jpg\",\"datePublished\":\"2023-07-25T00:52:23+00:00\",\"dateModified\":\"2023-07-25T02:14:21+00:00\",\"description\":\"ESTADOS UNIDOS. \u2014 La nueva imagen ilumin\u00f3 la oficina corporativa y \u00e9ste es un nuevo cambio desde que Musk compr\u00f3 la red social por 44 mil millones de En Sonora en Equipo publicamos toda la informaci\u00f3n de Sonora, M\u00e9xico y el Mundo de manera oportuna y busca que la libertad de expresi\u00f3n sea real. Visita nuestro medio informativo publicado desde Hermosillo, Sonora. %\",\"breadcrumb\":{\"@id\":\"https:\/\/www.sonoraenequipo.com.mx\/el-logo-de-twitter-desaparece-de-las-redes-sociales-por-decision-de-elon-musk\/#breadcrumb\"},\"inLanguage\":\"es\",\"potentialAction\":[{\"@type\":\"ReadAction\",\"target\":[\"https:\/\/www.sonoraenequipo.com.mx\/el-logo-de-twitter-desaparece-de-las-redes-sociales-por-decision-de-elon-musk\/\"]}]},{\"@type\":\"ImageObject\",\"inLanguage\":\"es\",\"@id\":\"https:\/\/www.sonoraenequipo.com.mx\/el-logo-de-twitter-desaparece-de-las-redes-sociales-por-decision-de-elon-musk\/#primaryimage\",\"url\":\"https:\/\/www.sonoraenequipo.com.mx\/storage\/2023\/07\/TWITTER-desaparece-el-logo-quetodos-conocemos...-min-1.jpg\",\"contentUrl\":\"https:\/\/www.sonoraenequipo.com.mx\/storage\/2023\/07\/TWITTER-desaparece-el-logo-quetodos-conocemos...-min-1.jpg\",\"width\":900,\"height\":471},{\"@type\":\"BreadcrumbList\",\"@id\":\"https:\/\/www.sonoraenequipo.com.mx\/el-logo-de-twitter-desaparece-de-las-redes-sociales-por-decision-de-elon-musk\/#breadcrumb\",\"itemListElement\":[{\"@type\":\"ListItem\",\"position\":1,\"name\":\"Portada\",\"item\":\"https:\/\/www.sonoraenequipo.com.mx\/\"},{\"@type\":\"ListItem\",\"position\":2,\"name\":\"El logo de Twitter desaparece de las redes sociales por decisi\u00f3n de Elon Musk\"}]},{\"@type\":\"WebSite\",\"@id\":\"https:\/\/www.sonoraenequipo.com.mx\/#website\",\"url\":\"https:\/\/www.sonoraenequipo.com.mx\/\",\"name\":\"Sonora en Equipo.\",\"description\":\"Diario en l\u00ednea con Noticias desde Hermosillo, Sonora\",\"publisher\":{\"@id\":\"https:\/\/www.sonoraenequipo.com.mx\/#organization\"},\"potentialAction\":[{\"@type\":\"SearchAction\",\"target\":{\"@type\":\"EntryPoint\",\"urlTemplate\":\"https:\/\/www.sonoraenequipo.com.mx\/?s={search_term_string}\"},\"query-input\":{\"@type\":\"PropertyValueSpecification\",\"valueRequired\":true,\"valueName\":\"search_term_string\"}}],\"inLanguage\":\"es\"},{\"@type\":\"Organization\",\"@id\":\"https:\/\/www.sonoraenequipo.com.mx\/#organization\",\"name\":\"Sonoraenequipo.com.mx\",\"url\":\"https:\/\/www.sonoraenequipo.com.mx\/\",\"logo\":{\"@type\":\"ImageObject\",\"inLanguage\":\"es\",\"@id\":\"https:\/\/www.sonoraenequipo.com.mx\/#\/schema\/logo\/image\/\",\"url\":\"https:\/\/www.sonoraenequipo.com.mx\/storage\/2019\/01\/sonoraenequipo_opt.png\",\"contentUrl\":\"https:\/\/www.sonoraenequipo.com.mx\/storage\/2019\/01\/sonoraenequipo_opt.png\",\"width\":375,\"height\":125,\"caption\":\"Sonoraenequipo.com.mx\"},\"image\":{\"@id\":\"https:\/\/www.sonoraenequipo.com.mx\/#\/schema\/logo\/image\/\"},\"sameAs\":[\"https:\/\/www.facebook.com\/SonoraEE\/\",\"https:\/\/x.com\/sonoraenequipo\",\"https:\/\/www.youtube.com\/channel\/UC338nW-lPEYmJQs4ZABQ1SQ\"]},{\"@type\":\"Person\",\"@id\":\"https:\/\/www.sonoraenequipo.com.mx\/#\/schema\/person\/50102df0fb23a8fa9e8effad8fa81386\",\"name\":\"enequipo\",\"image\":{\"@type\":\"ImageObject\",\"inLanguage\":\"es\",\"@id\":\"https:\/\/www.sonoraenequipo.com.mx\/#\/schema\/person\/image\/\",\"url\":\"https:\/\/secure.gravatar.com\/avatar\/049821681b589dabc0bc20695993ccebb09f5b5d4d790cd9251b97faac7c652b?s=96&d=blank&r=g\",\"contentUrl\":\"https:\/\/secure.gravatar.com\/avatar\/049821681b589dabc0bc20695993ccebb09f5b5d4d790cd9251b97faac7c652b?s=96&d=blank&r=g\",\"caption\":\"enequipo\"},\"sameAs\":[\"https:\/\/www.facebook.com\/SonoraEE\"]}]}<\/script>\n ","yoast_head_json":{"title":"Sonora en Equipo. El logo de Twitter desaparece de las redes sociales por decisi\u00f3n de Elon Musk Ciencia y Tecnolog\u00eda","description":"ESTADOS UNIDOS. \u2014 La nueva imagen ilumin\u00f3 la oficina corporativa y \u00e9ste es un nuevo cambio desde que Musk compr\u00f3 la red social por 44 mil millones de En Sonora en Equipo publicamos toda la informaci\u00f3n de Sonora, M\u00e9xico y el Mundo de manera oportuna y busca que la libertad de expresi\u00f3n sea real. Visita nuestro medio informativo publicado desde Hermosillo, Sonora. %","robots":{"index":"index","follow":"follow","max-snippet":"max-snippet:-1","max-image-preview":"max-image-preview:large","max-video-preview":"max-video-preview:-1"},"canonical":"https:\/\/www.sonoraenequipo.com.mx\/el-logo-de-twitter-desaparece-de-las-redes-sociales-por-decision-de-elon-musk\/","og_locale":"es_ES","og_type":"article","og_title":"Sonora en Equipo. El logo de Twitter desaparece de las redes sociales por decisi\u00f3n de Elon Musk Ciencia y Tecnolog\u00eda","og_description":"ESTADOS UNIDOS. \u2014 La nueva imagen ilumin\u00f3 la oficina corporativa y \u00e9ste es un nuevo cambio desde que Musk compr\u00f3 la red social por 44 mil millones de En Sonora en Equipo publicamos toda la informaci\u00f3n de Sonora, M\u00e9xico y el Mundo de manera oportuna y busca que la libertad de expresi\u00f3n sea real. Visita nuestro medio informativo publicado desde Hermosillo, Sonora. %","og_url":"https:\/\/www.sonoraenequipo.com.mx\/el-logo-de-twitter-desaparece-de-las-redes-sociales-por-decision-de-elon-musk\/","og_site_name":"Sonora en Equipo.","article_publisher":"https:\/\/www.facebook.com\/SonoraEE\/","article_author":"https:\/\/www.facebook.com\/SonoraEE","article_published_time":"2023-07-25T00:52:23+00:00","article_modified_time":"2023-07-25T02:14:21+00:00","og_image":[{"width":900,"height":471,"url":"https:\/\/www.sonoraenequipo.com.mx\/storage\/2023\/07\/TWITTER-desaparece-el-logo-quetodos-conocemos...-min-1.jpg","type":"image\/jpeg"}],"author":"enequipo","twitter_card":"summary_large_image","twitter_creator":"@sonoraenequipo","twitter_site":"@sonoraenequipo","twitter_misc":{"Escrito por":"enequipo","Tiempo de lectura":"2 minutos"},"schema":{"@context":"https:\/\/schema.org","@graph":[{"@type":"Article","@id":"https:\/\/www.sonoraenequipo.com.mx\/el-logo-de-twitter-desaparece-de-las-redes-sociales-por-decision-de-elon-musk\/#article","isPartOf":{"@id":"https:\/\/www.sonoraenequipo.com.mx\/el-logo-de-twitter-desaparece-de-las-redes-sociales-por-decision-de-elon-musk\/"},"author":{"name":"enequipo","@id":"https:\/\/www.sonoraenequipo.com.mx\/#\/schema\/person\/50102df0fb23a8fa9e8effad8fa81386"},"headline":"El logo de Twitter desaparece de las redes sociales por decisi\u00f3n de Elon Musk","datePublished":"2023-07-25T00:52:23+00:00","dateModified":"2023-07-25T02:14:21+00:00","mainEntityOfPage":{"@id":"https:\/\/www.sonoraenequipo.com.mx\/el-logo-de-twitter-desaparece-de-las-redes-sociales-por-decision-de-elon-musk\/"},"wordCount":356,"commentCount":0,"publisher":{"@id":"https:\/\/www.sonoraenequipo.com.mx\/#organization"},"image":{"@id":"https:\/\/www.sonoraenequipo.com.mx\/el-logo-de-twitter-desaparece-de-las-redes-sociales-por-decision-de-elon-musk\/#primaryimage"},"thumbnailUrl":"https:\/\/www.sonoraenequipo.com.mx\/storage\/2023\/07\/TWITTER-desaparece-el-logo-quetodos-conocemos...-min-1.jpg","articleSection":["Ciencia y Tecnolog\u00eda","MUNDO"],"inLanguage":"es","potentialAction":[{"@type":"CommentAction","name":"Comment","target":["https:\/\/www.sonoraenequipo.com.mx\/el-logo-de-twitter-desaparece-de-las-redes-sociales-por-decision-de-elon-musk\/#respond"]}]},{"@type":"WebPage","@id":"https:\/\/www.sonoraenequipo.com.mx\/el-logo-de-twitter-desaparece-de-las-redes-sociales-por-decision-de-elon-musk\/","url":"https:\/\/www.sonoraenequipo.com.mx\/el-logo-de-twitter-desaparece-de-las-redes-sociales-por-decision-de-elon-musk\/","name":"Sonora en Equipo. El logo de Twitter desaparece de las redes sociales por decisi\u00f3n de Elon Musk Ciencia y Tecnolog\u00eda","isPartOf":{"@id":"https:\/\/www.sonoraenequipo.com.mx\/#website"},"primaryImageOfPage":{"@id":"https:\/\/www.sonoraenequipo.com.mx\/el-logo-de-twitter-desaparece-de-las-redes-sociales-por-decision-de-elon-musk\/#primaryimage"},"image":{"@id":"https:\/\/www.sonoraenequipo.com.mx\/el-logo-de-twitter-desaparece-de-las-redes-sociales-por-decision-de-elon-musk\/#primaryimage"},"thumbnailUrl":"https:\/\/www.sonoraenequipo.com.mx\/storage\/2023\/07\/TWITTER-desaparece-el-logo-quetodos-conocemos...-min-1.jpg","datePublished":"2023-07-25T00:52:23+00:00","dateModified":"2023-07-25T02:14:21+00:00","description":"ESTADOS UNIDOS. \u2014 La nueva imagen ilumin\u00f3 la oficina corporativa y \u00e9ste es un nuevo cambio desde que Musk compr\u00f3 la red social por 44 mil millones de En Sonora en Equipo publicamos toda la informaci\u00f3n de Sonora, M\u00e9xico y el Mundo de manera oportuna y busca que la libertad de expresi\u00f3n sea real. Visita nuestro medio informativo publicado desde Hermosillo, Sonora. %","breadcrumb":{"@id":"https:\/\/www.sonoraenequipo.com.mx\/el-logo-de-twitter-desaparece-de-las-redes-sociales-por-decision-de-elon-musk\/#breadcrumb"},"inLanguage":"es","potentialAction":[{"@type":"ReadAction","target":["https:\/\/www.sonoraenequipo.com.mx\/el-logo-de-twitter-desaparece-de-las-redes-sociales-por-decision-de-elon-musk\/"]}]},{"@type":"ImageObject","inLanguage":"es","@id":"https:\/\/www.sonoraenequipo.com.mx\/el-logo-de-twitter-desaparece-de-las-redes-sociales-por-decision-de-elon-musk\/#primaryimage","url":"https:\/\/www.sonoraenequipo.com.mx\/storage\/2023\/07\/TWITTER-desaparece-el-logo-quetodos-conocemos...-min-1.jpg","contentUrl":"https:\/\/www.sonoraenequipo.com.mx\/storage\/2023\/07\/TWITTER-desaparece-el-logo-quetodos-conocemos...-min-1.jpg","width":900,"height":471},{"@type":"BreadcrumbList","@id":"https:\/\/www.sonoraenequipo.com.mx\/el-logo-de-twitter-desaparece-de-las-redes-sociales-por-decision-de-elon-musk\/#breadcrumb","itemListElement":[{"@type":"ListItem","position":1,"name":"Portada","item":"https:\/\/www.sonoraenequipo.com.mx\/"},{"@type":"ListItem","position":2,"name":"El logo de Twitter desaparece de las redes sociales por decisi\u00f3n de Elon Musk"}]},{"@type":"WebSite","@id":"https:\/\/www.sonoraenequipo.com.mx\/#website","url":"https:\/\/www.sonoraenequipo.com.mx\/","name":"Sonora en Equipo.","description":"Diario en l\u00ednea con Noticias desde Hermosillo, Sonora","publisher":{"@id":"https:\/\/www.sonoraenequipo.com.mx\/#organization"},"potentialAction":[{"@type":"SearchAction","target":{"@type":"EntryPoint","urlTemplate":"https:\/\/www.sonoraenequipo.com.mx\/?s={search_term_string}"},"query-input":{"@type":"PropertyValueSpecification","valueRequired":true,"valueName":"search_term_string"}}],"inLanguage":"es"},{"@type":"Organization","@id":"https:\/\/www.sonoraenequipo.com.mx\/#organization","name":"Sonoraenequipo.com.mx","url":"https:\/\/www.sonoraenequipo.com.mx\/","logo":{"@type":"ImageObject","inLanguage":"es","@id":"https:\/\/www.sonoraenequipo.com.mx\/#\/schema\/logo\/image\/","url":"https:\/\/www.sonoraenequipo.com.mx\/storage\/2019\/01\/sonoraenequipo_opt.png","contentUrl":"https:\/\/www.sonoraenequipo.com.mx\/storage\/2019\/01\/sonoraenequipo_opt.png","width":375,"height":125,"caption":"Sonoraenequipo.com.mx"},"image":{"@id":"https:\/\/www.sonoraenequipo.com.mx\/#\/schema\/logo\/image\/"},"sameAs":["https:\/\/www.facebook.com\/SonoraEE\/","https:\/\/x.com\/sonoraenequipo","https:\/\/www.youtube.com\/channel\/UC338nW-lPEYmJQs4ZABQ1SQ"]},{"@type":"Person","@id":"https:\/\/www.sonoraenequipo.com.mx\/#\/schema\/person\/50102df0fb23a8fa9e8effad8fa81386","name":"enequipo","image":{"@type":"ImageObject","inLanguage":"es","@id":"https:\/\/www.sonoraenequipo.com.mx\/#\/schema\/person\/image\/","url":"https:\/\/secure.gravatar.com\/avatar\/049821681b589dabc0bc20695993ccebb09f5b5d4d790cd9251b97faac7c652b?s=96&d=blank&r=g","contentUrl":"https:\/\/secure.gravatar.com\/avatar\/049821681b589dabc0bc20695993ccebb09f5b5d4d790cd9251b97faac7c652b?s=96&d=blank&r=g","caption":"enequipo"},"sameAs":["https:\/\/www.facebook.com\/SonoraEE"]}]}},"jetpack_featured_media_url":"https:\/\/www.sonoraenequipo.com.mx\/storage\/2023\/07\/TWITTER-desaparece-el-logo-quetodos-conocemos...-min-1.jpg","_links":{"self":[{"href":"https:\/\/www.sonoraenequipo.com.mx\/api\/wp\/v2\/posts\/171031","targetHints":{"allow":["GET"]}}],"collection":[{"href":"https:\/\/www.sonoraenequipo.com.mx\/api\/wp\/v2\/posts"}],"about":[{"href":"https:\/\/www.sonoraenequipo.com.mx\/api\/wp\/v2\/types\/post"}],"author":[{"embeddable":true,"href":"https:\/\/www.sonoraenequipo.com.mx\/api\/wp\/v2\/users\/1"}],"replies":[{"embeddable":true,"href":"https:\/\/www.sonoraenequipo.com.mx\/api\/wp\/v2\/comments?post=171031"}],"version-history":[{"count":1,"href":"https:\/\/www.sonoraenequipo.com.mx\/api\/wp\/v2\/posts\/171031\/revisions"}],"predecessor-version":[{"id":171034,"href":"https:\/\/www.sonoraenequipo.com.mx\/api\/wp\/v2\/posts\/171031\/revisions\/171034"}],"wp:featuredmedia":[{"embeddable":true,"href":"https:\/\/www.sonoraenequipo.com.mx\/api\/wp\/v2\/media\/171033"}],"wp:attachment":[{"href":"https:\/\/www.sonoraenequipo.com.mx\/api\/wp\/v2\/media?parent=171031"}],"wp:term":[{"taxonomy":"category","embeddable":true,"href":"https:\/\/www.sonoraenequipo.com.mx\/api\/wp\/v2\/categories?post=171031"},{"taxonomy":"post_tag","embeddable":true,"href":"https:\/\/www.sonoraenequipo.com.mx\/api\/wp\/v2\/tags?post=171031"}],"curies":[{"name":"wp","href":"https:\/\/api.w.org\/{rel}","templated":true}]}}