{"id":171035,"date":"2023-07-24T18:10:28","date_gmt":"2023-07-25T01:10:28","guid":{"rendered":"https:\/\/www.sonoraenequipo.com.mx\/?p=171035"},"modified":"2023-07-24T19:34:19","modified_gmt":"2023-07-25T02:34:19","slug":"exhorta-isea-a-aprovechar-los-servicios-de-las-plazas-comunitarias","status":"publish","type":"post","link":"https:\/\/www.sonoraenequipo.com.mx\/exhorta-isea-a-aprovechar-los-servicios-de-las-plazas-comunitarias\/","title":{"rendered":"Exhorta ISEA a aprovechar los servicios de las Plazas Comunitarias"},"content":{"rendered":"<p><strong>HERMOSILLO, SONORA. MX. \u2014<\/strong> Como parte del fortalecimiento de los servicios educativos que ofrece el Gobierno de Sonora a la comunidad, el Instituto Sonorense de Educaci\u00f3n para los Adultos (ISEA) mantendr\u00e1 en operaci\u00f3n las Plazas Comunitarias donde se ofrece alfabetizaci\u00f3n y acreditaci\u00f3n de primaria y\/o secundaria.<\/p>\n<p>&nbsp;<\/p>\n<p> <\/p>\n<p>&nbsp;<\/p>\n<p>Mar\u00eda Engracia Carrazco Valenzuela, directora general del ISEA, detall\u00f3 que en la entidad operan 77 Plazas Comunitarias de apoyo en distintos municipios, donde los beneficiarios de los programas de alfabetizaci\u00f3n, primaria y secundaria tienen a su disposici\u00f3n computadoras con conectividad a Internet, acceso a plataformas educativas, materiales did\u00e1cticos, asesor\u00edas y un lugar seguro y digno donde estudiar.<\/p>\n<p>&nbsp;<\/p>\n<p>&nbsp;<\/p>\n<p><em><strong>\u201cAl final del d\u00eda, de lo que se trata es de que se enriquezca la vida de quienes tienen inter\u00e9s en alfabetizarse o bien acreditar la primaria y\/o secundaria, y que por las m\u00e1s diversas circunstancias de la vida no lograron hacerlo a trav\u00e9s del sistema escolarizado\u201d<\/strong><\/em>, manifest\u00f3.<\/p>\n<p>&nbsp;<\/p>\n<p>&nbsp;<\/p>\n<p>Las personas, explic\u00f3, pueden conocer las direcciones y medios de contacto de las Plazas Comunitarias, no solo de Sonora sino del resto de estados del pa\u00eds y EEUU, a trav\u00e9s de la plataforma digital bit.ly\/2R2b2U8 donde encontrar\u00e1n un mapa que los lleva a la informaci\u00f3n correspondiente.<\/p>\n<p>&nbsp;<\/p>\n<p>&nbsp;<\/p>\n<p>Mencion\u00f3 que, en dichos espacios, podr\u00e1n encontrar la informaci\u00f3n necesaria para incorporase a los programas del ISEA.<\/p>\n<p>&nbsp;<\/p>\n<p>&nbsp;<\/p>\n<p><strong><em>\u201cLa experiencia acumulada a la fecha, desde que empezaron a operar en 2001, ha demostrado que estas plazas son cruciales para la dignificaci\u00f3n de la educaci\u00f3n para los adultos, y de all\u00ed la importancia de apoyar su quehacer, sus servicios, instalaciones, equipamiento y promoci\u00f3n entre la poblaci\u00f3n, para que cada vez m\u00e1s mujeres y hombres las aprovechen\u201d<\/em><\/strong>, reiter\u00f3.<\/p>\n<p>&nbsp;<\/p>\n<p>&nbsp;<\/p>\n<p>PUBLICADO EL 24 DE JULIO DE 2023\/ Con informaci\u00f3n de GOBSON 0723-147)<\/p>\n","protected":false},"excerpt":{"rendered":"<p>HERMOSILLO, SONORA. MX. \u2014 Como parte del fortalecimiento de los servicios educativos que ofrece el&#8230;<\/p>\n","protected":false},"author":1,"featured_media":171037,"comment_status":"open","ping_status":"open","sticky":false,"template":"","format":"standard","meta":{"_monsterinsights_skip_tracking":false,"_monsterinsights_sitenote_active":false,"_monsterinsights_sitenote_note":"","_monsterinsights_sitenote_category":0,"footnotes":""},"categories":[22],"tags":[],"class_list":["post"],"yoast_head":" \n<title>Sonora en Equipo. Exhorta ISEA a aprovechar los servicios de las Plazas Comunitarias Sonora<\/title>\n<meta name=\"description\" content=\"HERMOSILLO, SONORA. MX. \u2014 Como parte del fortalecimiento de los servicios educativos que ofrece el Gobierno de Sonora a la comunidad, el Instituto En Sonora en Equipo publicamos toda la informaci\u00f3n de Sonora, M\u00e9xico y el Mundo de manera oportuna y busca que la libertad de expresi\u00f3n sea real. Visita nuestro medio informativo publicado desde Hermosillo, Sonora. %\" \/>\n<meta name=\"robots\" content=\"index, follow, max-snippet:-1, max-image-preview:large, max-video-preview:-1\" \/>\n<link rel=\"canonical\" href=\"https:\/\/www.sonoraenequipo.com.mx\/exhorta-isea-a-aprovechar-los-servicios-de-las-plazas-comunitarias\/\" \/>\n<meta property=\"og:locale\" content=\"es_ES\" \/>\n<meta property=\"og:type\" content=\"article\" \/>\n<meta property=\"og:title\" content=\"Sonora en Equipo. Exhorta ISEA a aprovechar los servicios de las Plazas Comunitarias Sonora\" \/>\n<meta property=\"og:description\" content=\"HERMOSILLO, SONORA. MX. \u2014 Como parte del fortalecimiento de los servicios educativos que ofrece el Gobierno de Sonora a la comunidad, el Instituto En Sonora en Equipo publicamos toda la informaci\u00f3n de Sonora, M\u00e9xico y el Mundo de manera oportuna y busca que la libertad de expresi\u00f3n sea real. Visita nuestro medio informativo publicado desde Hermosillo, Sonora. %\" \/>\n<meta property=\"og:url\" content=\"https:\/\/www.sonoraenequipo.com.mx\/exhorta-isea-a-aprovechar-los-servicios-de-las-plazas-comunitarias\/\" \/>\n<meta property=\"og:site_name\" content=\"Sonora en Equipo.\" \/>\n<meta property=\"article:publisher\" content=\"https:\/\/www.facebook.com\/SonoraEE\/\" \/>\n<meta property=\"article:author\" content=\"https:\/\/www.facebook.com\/SonoraEE\" \/>\n<meta property=\"article:published_time\" content=\"2023-07-25T01:10:28+00:00\" \/>\n<meta property=\"article:modified_time\" content=\"2023-07-25T02:34:19+00:00\" \/>\n<meta property=\"og:image\" content=\"https:\/\/www.sonoraenequipo.com.mx\/storage\/2023\/07\/Exhorta-ISEA-a-aprovechar-los-servicios-de-las-Plazas-Comunitarias4-min-1.jpg\" \/>\n\t<meta property=\"og:image:width\" content=\"1024\" \/>\n\t<meta property=\"og:image:height\" content=\"768\" \/>\n\t<meta property=\"og:image:type\" content=\"image\/jpeg\" \/>\n<meta name=\"author\" content=\"enequipo\" \/>\n<meta name=\"twitter:card\" content=\"summary_large_image\" \/>\n<meta name=\"twitter:creator\" content=\"@sonoraenequipo\" \/>\n<meta name=\"twitter:site\" content=\"@sonoraenequipo\" \/>\n<meta name=\"twitter:label1\" content=\"Escrito por\" \/>\n\t<meta name=\"twitter:data1\" content=\"enequipo\" \/>\n\t<meta name=\"twitter:label2\" content=\"Tiempo de lectura\" \/>\n\t<meta name=\"twitter:data2\" content=\"2 minutos\" \/>\n<script type=\"application\/ld+json\" class=\"yoast-schema-graph\">{\"@context\":\"https:\/\/schema.org\",\"@graph\":[{\"@type\":\"Article\",\"@id\":\"https:\/\/www.sonoraenequipo.com.mx\/exhorta-isea-a-aprovechar-los-servicios-de-las-plazas-comunitarias\/#article\",\"isPartOf\":{\"@id\":\"https:\/\/www.sonoraenequipo.com.mx\/exhorta-isea-a-aprovechar-los-servicios-de-las-plazas-comunitarias\/\"},\"author\":{\"name\":\"enequipo\",\"@id\":\"https:\/\/www.sonoraenequipo.com.mx\/#\/schema\/person\/50102df0fb23a8fa9e8effad8fa81386\"},\"headline\":\"Exhorta ISEA a aprovechar los servicios de las Plazas Comunitarias\",\"datePublished\":\"2023-07-25T01:10:28+00:00\",\"dateModified\":\"2023-07-25T02:34:19+00:00\",\"mainEntityOfPage\":{\"@id\":\"https:\/\/www.sonoraenequipo.com.mx\/exhorta-isea-a-aprovechar-los-servicios-de-las-plazas-comunitarias\/\"},\"wordCount\":332,\"commentCount\":0,\"publisher\":{\"@id\":\"https:\/\/www.sonoraenequipo.com.mx\/#organization\"},\"image\":{\"@id\":\"https:\/\/www.sonoraenequipo.com.mx\/exhorta-isea-a-aprovechar-los-servicios-de-las-plazas-comunitarias\/#primaryimage\"},\"thumbnailUrl\":\"https:\/\/www.sonoraenequipo.com.mx\/storage\/2023\/07\/Exhorta-ISEA-a-aprovechar-los-servicios-de-las-Plazas-Comunitarias4-min-1.jpg\",\"articleSection\":[\"Sonora\"],\"inLanguage\":\"es\",\"potentialAction\":[{\"@type\":\"CommentAction\",\"name\":\"Comment\",\"target\":[\"https:\/\/www.sonoraenequipo.com.mx\/exhorta-isea-a-aprovechar-los-servicios-de-las-plazas-comunitarias\/#respond\"]}]},{\"@type\":\"WebPage\",\"@id\":\"https:\/\/www.sonoraenequipo.com.mx\/exhorta-isea-a-aprovechar-los-servicios-de-las-plazas-comunitarias\/\",\"url\":\"https:\/\/www.sonoraenequipo.com.mx\/exhorta-isea-a-aprovechar-los-servicios-de-las-plazas-comunitarias\/\",\"name\":\"Sonora en Equipo. Exhorta ISEA a aprovechar los servicios de las Plazas Comunitarias Sonora\",\"isPartOf\":{\"@id\":\"https:\/\/www.sonoraenequipo.com.mx\/#website\"},\"primaryImageOfPage\":{\"@id\":\"https:\/\/www.sonoraenequipo.com.mx\/exhorta-isea-a-aprovechar-los-servicios-de-las-plazas-comunitarias\/#primaryimage\"},\"image\":{\"@id\":\"https:\/\/www.sonoraenequipo.com.mx\/exhorta-isea-a-aprovechar-los-servicios-de-las-plazas-comunitarias\/#primaryimage\"},\"thumbnailUrl\":\"https:\/\/www.sonoraenequipo.com.mx\/storage\/2023\/07\/Exhorta-ISEA-a-aprovechar-los-servicios-de-las-Plazas-Comunitarias4-min-1.jpg\",\"datePublished\":\"2023-07-25T01:10:28+00:00\",\"dateModified\":\"2023-07-25T02:34:19+00:00\",\"description\":\"HERMOSILLO, SONORA. MX. \u2014 Como parte del fortalecimiento de los servicios educativos que ofrece el Gobierno de Sonora a la comunidad, el Instituto En Sonora en Equipo publicamos toda la informaci\u00f3n de Sonora, M\u00e9xico y el Mundo de manera oportuna y busca que la libertad de expresi\u00f3n sea real. Visita nuestro medio informativo publicado desde Hermosillo, Sonora. %\",\"breadcrumb\":{\"@id\":\"https:\/\/www.sonoraenequipo.com.mx\/exhorta-isea-a-aprovechar-los-servicios-de-las-plazas-comunitarias\/#breadcrumb\"},\"inLanguage\":\"es\",\"potentialAction\":[{\"@type\":\"ReadAction\",\"target\":[\"https:\/\/www.sonoraenequipo.com.mx\/exhorta-isea-a-aprovechar-los-servicios-de-las-plazas-comunitarias\/\"]}]},{\"@type\":\"ImageObject\",\"inLanguage\":\"es\",\"@id\":\"https:\/\/www.sonoraenequipo.com.mx\/exhorta-isea-a-aprovechar-los-servicios-de-las-plazas-comunitarias\/#primaryimage\",\"url\":\"https:\/\/www.sonoraenequipo.com.mx\/storage\/2023\/07\/Exhorta-ISEA-a-aprovechar-los-servicios-de-las-Plazas-Comunitarias4-min-1.jpg\",\"contentUrl\":\"https:\/\/www.sonoraenequipo.com.mx\/storage\/2023\/07\/Exhorta-ISEA-a-aprovechar-los-servicios-de-las-Plazas-Comunitarias4-min-1.jpg\",\"width\":1024,\"height\":768},{\"@type\":\"BreadcrumbList\",\"@id\":\"https:\/\/www.sonoraenequipo.com.mx\/exhorta-isea-a-aprovechar-los-servicios-de-las-plazas-comunitarias\/#breadcrumb\",\"itemListElement\":[{\"@type\":\"ListItem\",\"position\":1,\"name\":\"Portada\",\"item\":\"https:\/\/www.sonoraenequipo.com.mx\/\"},{\"@type\":\"ListItem\",\"position\":2,\"name\":\"Exhorta ISEA a aprovechar los servicios de las Plazas Comunitarias\"}]},{\"@type\":\"WebSite\",\"@id\":\"https:\/\/www.sonoraenequipo.com.mx\/#website\",\"url\":\"https:\/\/www.sonoraenequipo.com.mx\/\",\"name\":\"Sonora en Equipo.\",\"description\":\"Diario en l\u00ednea con Noticias desde Hermosillo, Sonora\",\"publisher\":{\"@id\":\"https:\/\/www.sonoraenequipo.com.mx\/#organization\"},\"potentialAction\":[{\"@type\":\"SearchAction\",\"target\":{\"@type\":\"EntryPoint\",\"urlTemplate\":\"https:\/\/www.sonoraenequipo.com.mx\/?s={search_term_string}\"},\"query-input\":{\"@type\":\"PropertyValueSpecification\",\"valueRequired\":true,\"valueName\":\"search_term_string\"}}],\"inLanguage\":\"es\"},{\"@type\":\"Organization\",\"@id\":\"https:\/\/www.sonoraenequipo.com.mx\/#organization\",\"name\":\"Sonoraenequipo.com.mx\",\"url\":\"https:\/\/www.sonoraenequipo.com.mx\/\",\"logo\":{\"@type\":\"ImageObject\",\"inLanguage\":\"es\",\"@id\":\"https:\/\/www.sonoraenequipo.com.mx\/#\/schema\/logo\/image\/\",\"url\":\"https:\/\/www.sonoraenequipo.com.mx\/storage\/2019\/01\/sonoraenequipo_opt.png\",\"contentUrl\":\"https:\/\/www.sonoraenequipo.com.mx\/storage\/2019\/01\/sonoraenequipo_opt.png\",\"width\":375,\"height\":125,\"caption\":\"Sonoraenequipo.com.mx\"},\"image\":{\"@id\":\"https:\/\/www.sonoraenequipo.com.mx\/#\/schema\/logo\/image\/\"},\"sameAs\":[\"https:\/\/www.facebook.com\/SonoraEE\/\",\"https:\/\/x.com\/sonoraenequipo\",\"https:\/\/www.youtube.com\/channel\/UC338nW-lPEYmJQs4ZABQ1SQ\"]},{\"@type\":\"Person\",\"@id\":\"https:\/\/www.sonoraenequipo.com.mx\/#\/schema\/person\/50102df0fb23a8fa9e8effad8fa81386\",\"name\":\"enequipo\",\"image\":{\"@type\":\"ImageObject\",\"inLanguage\":\"es\",\"@id\":\"https:\/\/www.sonoraenequipo.com.mx\/#\/schema\/person\/image\/\",\"url\":\"https:\/\/secure.gravatar.com\/avatar\/049821681b589dabc0bc20695993ccebb09f5b5d4d790cd9251b97faac7c652b?s=96&d=blank&r=g\",\"contentUrl\":\"https:\/\/secure.gravatar.com\/avatar\/049821681b589dabc0bc20695993ccebb09f5b5d4d790cd9251b97faac7c652b?s=96&d=blank&r=g\",\"caption\":\"enequipo\"},\"sameAs\":[\"https:\/\/www.facebook.com\/SonoraEE\"]}]}<\/script>\n ","yoast_head_json":{"title":"Sonora en Equipo. Exhorta ISEA a aprovechar los servicios de las Plazas Comunitarias Sonora","description":"HERMOSILLO, SONORA. MX. \u2014 Como parte del fortalecimiento de los servicios educativos que ofrece el Gobierno de Sonora a la comunidad, el Instituto En Sonora en Equipo publicamos toda la informaci\u00f3n de Sonora, M\u00e9xico y el Mundo de manera oportuna y busca que la libertad de expresi\u00f3n sea real. Visita nuestro medio informativo publicado desde Hermosillo, Sonora. %","robots":{"index":"index","follow":"follow","max-snippet":"max-snippet:-1","max-image-preview":"max-image-preview:large","max-video-preview":"max-video-preview:-1"},"canonical":"https:\/\/www.sonoraenequipo.com.mx\/exhorta-isea-a-aprovechar-los-servicios-de-las-plazas-comunitarias\/","og_locale":"es_ES","og_type":"article","og_title":"Sonora en Equipo. Exhorta ISEA a aprovechar los servicios de las Plazas Comunitarias Sonora","og_description":"HERMOSILLO, SONORA. MX. \u2014 Como parte del fortalecimiento de los servicios educativos que ofrece el Gobierno de Sonora a la comunidad, el Instituto En Sonora en Equipo publicamos toda la informaci\u00f3n de Sonora, M\u00e9xico y el Mundo de manera oportuna y busca que la libertad de expresi\u00f3n sea real. Visita nuestro medio informativo publicado desde Hermosillo, Sonora. %","og_url":"https:\/\/www.sonoraenequipo.com.mx\/exhorta-isea-a-aprovechar-los-servicios-de-las-plazas-comunitarias\/","og_site_name":"Sonora en Equipo.","article_publisher":"https:\/\/www.facebook.com\/SonoraEE\/","article_author":"https:\/\/www.facebook.com\/SonoraEE","article_published_time":"2023-07-25T01:10:28+00:00","article_modified_time":"2023-07-25T02:34:19+00:00","og_image":[{"width":1024,"height":768,"url":"https:\/\/www.sonoraenequipo.com.mx\/storage\/2023\/07\/Exhorta-ISEA-a-aprovechar-los-servicios-de-las-Plazas-Comunitarias4-min-1.jpg","type":"image\/jpeg"}],"author":"enequipo","twitter_card":"summary_large_image","twitter_creator":"@sonoraenequipo","twitter_site":"@sonoraenequipo","twitter_misc":{"Escrito por":"enequipo","Tiempo de lectura":"2 minutos"},"schema":{"@context":"https:\/\/schema.org","@graph":[{"@type":"Article","@id":"https:\/\/www.sonoraenequipo.com.mx\/exhorta-isea-a-aprovechar-los-servicios-de-las-plazas-comunitarias\/#article","isPartOf":{"@id":"https:\/\/www.sonoraenequipo.com.mx\/exhorta-isea-a-aprovechar-los-servicios-de-las-plazas-comunitarias\/"},"author":{"name":"enequipo","@id":"https:\/\/www.sonoraenequipo.com.mx\/#\/schema\/person\/50102df0fb23a8fa9e8effad8fa81386"},"headline":"Exhorta ISEA a aprovechar los servicios de las Plazas Comunitarias","datePublished":"2023-07-25T01:10:28+00:00","dateModified":"2023-07-25T02:34:19+00:00","mainEntityOfPage":{"@id":"https:\/\/www.sonoraenequipo.com.mx\/exhorta-isea-a-aprovechar-los-servicios-de-las-plazas-comunitarias\/"},"wordCount":332,"commentCount":0,"publisher":{"@id":"https:\/\/www.sonoraenequipo.com.mx\/#organization"},"image":{"@id":"https:\/\/www.sonoraenequipo.com.mx\/exhorta-isea-a-aprovechar-los-servicios-de-las-plazas-comunitarias\/#primaryimage"},"thumbnailUrl":"https:\/\/www.sonoraenequipo.com.mx\/storage\/2023\/07\/Exhorta-ISEA-a-aprovechar-los-servicios-de-las-Plazas-Comunitarias4-min-1.jpg","articleSection":["Sonora"],"inLanguage":"es","potentialAction":[{"@type":"CommentAction","name":"Comment","target":["https:\/\/www.sonoraenequipo.com.mx\/exhorta-isea-a-aprovechar-los-servicios-de-las-plazas-comunitarias\/#respond"]}]},{"@type":"WebPage","@id":"https:\/\/www.sonoraenequipo.com.mx\/exhorta-isea-a-aprovechar-los-servicios-de-las-plazas-comunitarias\/","url":"https:\/\/www.sonoraenequipo.com.mx\/exhorta-isea-a-aprovechar-los-servicios-de-las-plazas-comunitarias\/","name":"Sonora en Equipo. Exhorta ISEA a aprovechar los servicios de las Plazas Comunitarias Sonora","isPartOf":{"@id":"https:\/\/www.sonoraenequipo.com.mx\/#website"},"primaryImageOfPage":{"@id":"https:\/\/www.sonoraenequipo.com.mx\/exhorta-isea-a-aprovechar-los-servicios-de-las-plazas-comunitarias\/#primaryimage"},"image":{"@id":"https:\/\/www.sonoraenequipo.com.mx\/exhorta-isea-a-aprovechar-los-servicios-de-las-plazas-comunitarias\/#primaryimage"},"thumbnailUrl":"https:\/\/www.sonoraenequipo.com.mx\/storage\/2023\/07\/Exhorta-ISEA-a-aprovechar-los-servicios-de-las-Plazas-Comunitarias4-min-1.jpg","datePublished":"2023-07-25T01:10:28+00:00","dateModified":"2023-07-25T02:34:19+00:00","description":"HERMOSILLO, SONORA. MX. \u2014 Como parte del fortalecimiento de los servicios educativos que ofrece el Gobierno de Sonora a la comunidad, el Instituto En Sonora en Equipo publicamos toda la informaci\u00f3n de Sonora, M\u00e9xico y el Mundo de manera oportuna y busca que la libertad de expresi\u00f3n sea real. Visita nuestro medio informativo publicado desde Hermosillo, Sonora. %","breadcrumb":{"@id":"https:\/\/www.sonoraenequipo.com.mx\/exhorta-isea-a-aprovechar-los-servicios-de-las-plazas-comunitarias\/#breadcrumb"},"inLanguage":"es","potentialAction":[{"@type":"ReadAction","target":["https:\/\/www.sonoraenequipo.com.mx\/exhorta-isea-a-aprovechar-los-servicios-de-las-plazas-comunitarias\/"]}]},{"@type":"ImageObject","inLanguage":"es","@id":"https:\/\/www.sonoraenequipo.com.mx\/exhorta-isea-a-aprovechar-los-servicios-de-las-plazas-comunitarias\/#primaryimage","url":"https:\/\/www.sonoraenequipo.com.mx\/storage\/2023\/07\/Exhorta-ISEA-a-aprovechar-los-servicios-de-las-Plazas-Comunitarias4-min-1.jpg","contentUrl":"https:\/\/www.sonoraenequipo.com.mx\/storage\/2023\/07\/Exhorta-ISEA-a-aprovechar-los-servicios-de-las-Plazas-Comunitarias4-min-1.jpg","width":1024,"height":768},{"@type":"BreadcrumbList","@id":"https:\/\/www.sonoraenequipo.com.mx\/exhorta-isea-a-aprovechar-los-servicios-de-las-plazas-comunitarias\/#breadcrumb","itemListElement":[{"@type":"ListItem","position":1,"name":"Portada","item":"https:\/\/www.sonoraenequipo.com.mx\/"},{"@type":"ListItem","position":2,"name":"Exhorta ISEA a aprovechar los servicios de las Plazas Comunitarias"}]},{"@type":"WebSite","@id":"https:\/\/www.sonoraenequipo.com.mx\/#website","url":"https:\/\/www.sonoraenequipo.com.mx\/","name":"Sonora en Equipo.","description":"Diario en l\u00ednea con Noticias desde Hermosillo, Sonora","publisher":{"@id":"https:\/\/www.sonoraenequipo.com.mx\/#organization"},"potentialAction":[{"@type":"SearchAction","target":{"@type":"EntryPoint","urlTemplate":"https:\/\/www.sonoraenequipo.com.mx\/?s={search_term_string}"},"query-input":{"@type":"PropertyValueSpecification","valueRequired":true,"valueName":"search_term_string"}}],"inLanguage":"es"},{"@type":"Organization","@id":"https:\/\/www.sonoraenequipo.com.mx\/#organization","name":"Sonoraenequipo.com.mx","url":"https:\/\/www.sonoraenequipo.com.mx\/","logo":{"@type":"ImageObject","inLanguage":"es","@id":"https:\/\/www.sonoraenequipo.com.mx\/#\/schema\/logo\/image\/","url":"https:\/\/www.sonoraenequipo.com.mx\/storage\/2019\/01\/sonoraenequipo_opt.png","contentUrl":"https:\/\/www.sonoraenequipo.com.mx\/storage\/2019\/01\/sonoraenequipo_opt.png","width":375,"height":125,"caption":"Sonoraenequipo.com.mx"},"image":{"@id":"https:\/\/www.sonoraenequipo.com.mx\/#\/schema\/logo\/image\/"},"sameAs":["https:\/\/www.facebook.com\/SonoraEE\/","https:\/\/x.com\/sonoraenequipo","https:\/\/www.youtube.com\/channel\/UC338nW-lPEYmJQs4ZABQ1SQ"]},{"@type":"Person","@id":"https:\/\/www.sonoraenequipo.com.mx\/#\/schema\/person\/50102df0fb23a8fa9e8effad8fa81386","name":"enequipo","image":{"@type":"ImageObject","inLanguage":"es","@id":"https:\/\/www.sonoraenequipo.com.mx\/#\/schema\/person\/image\/","url":"https:\/\/secure.gravatar.com\/avatar\/049821681b589dabc0bc20695993ccebb09f5b5d4d790cd9251b97faac7c652b?s=96&d=blank&r=g","contentUrl":"https:\/\/secure.gravatar.com\/avatar\/049821681b589dabc0bc20695993ccebb09f5b5d4d790cd9251b97faac7c652b?s=96&d=blank&r=g","caption":"enequipo"},"sameAs":["https:\/\/www.facebook.com\/SonoraEE"]}]}},"jetpack_featured_media_url":"https:\/\/www.sonoraenequipo.com.mx\/storage\/2023\/07\/Exhorta-ISEA-a-aprovechar-los-servicios-de-las-Plazas-Comunitarias4-min-1.jpg","_links":{"self":[{"href":"https:\/\/www.sonoraenequipo.com.mx\/api\/wp\/v2\/posts\/171035","targetHints":{"allow":["GET"]}}],"collection":[{"href":"https:\/\/www.sonoraenequipo.com.mx\/api\/wp\/v2\/posts"}],"about":[{"href":"https:\/\/www.sonoraenequipo.com.mx\/api\/wp\/v2\/types\/post"}],"author":[{"embeddable":true,"href":"https:\/\/www.sonoraenequipo.com.mx\/api\/wp\/v2\/users\/1"}],"replies":[{"embeddable":true,"href":"https:\/\/www.sonoraenequipo.com.mx\/api\/wp\/v2\/comments?post=171035"}],"version-history":[{"count":1,"href":"https:\/\/www.sonoraenequipo.com.mx\/api\/wp\/v2\/posts\/171035\/revisions"}],"predecessor-version":[{"id":171038,"href":"https:\/\/www.sonoraenequipo.com.mx\/api\/wp\/v2\/posts\/171035\/revisions\/171038"}],"wp:featuredmedia":[{"embeddable":true,"href":"https:\/\/www.sonoraenequipo.com.mx\/api\/wp\/v2\/media\/171037"}],"wp:attachment":[{"href":"https:\/\/www.sonoraenequipo.com.mx\/api\/wp\/v2\/media?parent=171035"}],"wp:term":[{"taxonomy":"category","embeddable":true,"href":"https:\/\/www.sonoraenequipo.com.mx\/api\/wp\/v2\/categories?post=171035"},{"taxonomy":"post_tag","embeddable":true,"href":"https:\/\/www.sonoraenequipo.com.mx\/api\/wp\/v2\/tags?post=171035"}],"curies":[{"name":"wp","href":"https:\/\/api.w.org\/{rel}","templated":true}]}}