{"id":171039,"date":"2023-07-24T19:32:32","date_gmt":"2023-07-25T02:32:32","guid":{"rendered":"https:\/\/www.sonoraenequipo.com.mx\/?p=171039"},"modified":"2023-07-24T19:40:11","modified_gmt":"2023-07-25T02:40:11","slug":"fortalecemos-el-crecimiento-ordenado-y-la-prevencion-de-riesgos-a-la-poblacion-alfonso-durazo","status":"publish","type":"post","link":"https:\/\/www.sonoraenequipo.com.mx\/fortalecemos-el-crecimiento-ordenado-y-la-prevencion-de-riesgos-a-la-poblacion-alfonso-durazo\/","title":{"rendered":"Fortalecemos el crecimiento ordenado y la prevenci\u00f3n de riesgos a la poblaci\u00f3n: Alfonso Durazo"},"content":{"rendered":"<p><b>HERMOSILLO, SONORA. MX. \u2014 <\/b>Con la instalaci\u00f3n del Consejo Estatal de Ordenamiento Territorial, Desarrollo Urbano y Metropolitano se da inicio al plan de fortalecimiento para la correcta urbanizaci\u00f3n y crecimiento territorial de todos los municipios de Sonora, a fin de prevenir riesgos a la poblaci\u00f3n por una infraestructura inadecuada, indic\u00f3 Alfonso Durazo Monta\u00f1o.<\/p>\n<p>&nbsp;<\/p>\n<p> <\/p>\n<p>&nbsp;<\/p>\n<p>El gobernador de Sonora tom\u00f3 protesta al Consejo que est\u00e1 integrado por 55 representantes de diversas regiones y especialidades, presidentes municipales, gobierno federal y estatal; as\u00ed como el Poder Legislativo y sector acad\u00e9mico y empresarial.<\/p>\n<p>&nbsp;<\/p>\n<p>&nbsp;<\/p>\n<p>Explic\u00f3 que dicho \u00f3rgano tiene como objetivo dise\u00f1ar estrat\u00e9gicamente proyectos de ordenamiento del territorio con visi\u00f3n de 20 a 30 a\u00f1os, para evitar que desastres naturales en los municipios cobren la vida de personas por la falta de planeaci\u00f3n territorial adecuada.<\/p>\n<p>&nbsp;<\/p>\n<p>&nbsp;<\/p>\n<p><strong><em>\u201cErrores y riesgos de esta naturaleza pueden preverse mediante un adecuado plan de desarrollo urbano. Puedo poner tambi\u00e9n el caso de Puerto Pe\u00f1asco: la laguna de oxidaci\u00f3n est\u00e1 en el centro de la ciudad. Claro que esta se construy\u00f3 hace muchos a\u00f1os, pero no hubo adecuadamente una correcta planeaci\u00f3n. De haberse dado, se hubiese previsto que a la vuelta de la esquina quedar\u00eda a la mitad de la ciudad\u201d,<\/em><\/strong> expres\u00f3.<\/p>\n<p>&nbsp;<\/p>\n<p>&nbsp;<\/p>\n<p>El mandatario sonorense, detall\u00f3 que las personas involucradas en este consejo estatal deber\u00e1n tomar en cuenta, en los planes de desarrollo, la ubicaci\u00f3n y condici\u00f3n de cada municipio. Por ejemplo, que se cree un dise\u00f1o espec\u00edfico para localidades como Guaymas, Nogales y Agua Prieta, que requieren proyectos especiales en el tema de agua.<\/p>\n<p>&nbsp;<\/p>\n<p>&nbsp;<\/p>\n<p>El secretario de Infraestructura y Desarrollo Urbano de Sonora, Omar Del Valle Colosio, inform\u00f3 que dicho programa estatal de Ordenamiento Territorial y Desarrollo Urbano se llevar\u00e1 a cabo en cuatro etapas: la primera ser\u00e1 la fase diagn\u00f3stica del 7 al 12 de agosto; la segunda es la fase prospectiva, del 18 al 23 de septiembre; la tercera fase de estrategias, del 23 al 27 de octubre; y finalmente, la fase cuatro, de consulta p\u00fablica, para concluir en diciembre.<\/p>\n<p>&nbsp;<\/p>\n<p>&nbsp;<\/p>\n<p>PUBLICADO EL 24 DE JULIO DE 2023\/ Con informaci\u00f3n de GOBSON 0723-146)<\/p>\n","protected":false},"excerpt":{"rendered":"<p>HERMOSILLO, SONORA. MX. \u2014 Con la instalaci\u00f3n del Consejo Estatal de Ordenamiento Territorial, Desarrollo Urbano&#8230;<\/p>\n","protected":false},"author":1,"featured_media":171036,"comment_status":"open","ping_status":"open","sticky":false,"template":"","format":"standard","meta":{"_monsterinsights_skip_tracking":false,"_monsterinsights_sitenote_active":false,"_monsterinsights_sitenote_note":"","_monsterinsights_sitenote_category":0,"footnotes":""},"categories":[22],"tags":[],"class_list":["post"],"yoast_head":" \n<title>Sonora en Equipo. Fortalecemos el crecimiento ordenado y la prevenci\u00f3n de riesgos a la poblaci\u00f3n: Alfonso Durazo Sonora<\/title>\n<meta name=\"description\" content=\"HERMOSILLO, SONORA. MX. \u2014 Con la instalaci\u00f3n del Consejo Estatal de Ordenamiento Territorial, Desarrollo Urbano y Metropolitano se da inicio al plan de En Sonora en Equipo publicamos toda la informaci\u00f3n de Sonora, M\u00e9xico y el Mundo de manera oportuna y busca que la libertad de expresi\u00f3n sea real. Visita nuestro medio informativo publicado desde Hermosillo, Sonora. %\" \/>\n<meta name=\"robots\" content=\"index, follow, max-snippet:-1, max-image-preview:large, max-video-preview:-1\" \/>\n<link rel=\"canonical\" href=\"https:\/\/www.sonoraenequipo.com.mx\/fortalecemos-el-crecimiento-ordenado-y-la-prevencion-de-riesgos-a-la-poblacion-alfonso-durazo\/\" \/>\n<meta property=\"og:locale\" content=\"es_ES\" \/>\n<meta property=\"og:type\" content=\"article\" \/>\n<meta property=\"og:title\" content=\"Sonora en Equipo. Fortalecemos el crecimiento ordenado y la prevenci\u00f3n de riesgos a la poblaci\u00f3n: Alfonso Durazo Sonora\" \/>\n<meta property=\"og:description\" content=\"HERMOSILLO, SONORA. MX. \u2014 Con la instalaci\u00f3n del Consejo Estatal de Ordenamiento Territorial, Desarrollo Urbano y Metropolitano se da inicio al plan de En Sonora en Equipo publicamos toda la informaci\u00f3n de Sonora, M\u00e9xico y el Mundo de manera oportuna y busca que la libertad de expresi\u00f3n sea real. Visita nuestro medio informativo publicado desde Hermosillo, Sonora. %\" \/>\n<meta property=\"og:url\" content=\"https:\/\/www.sonoraenequipo.com.mx\/fortalecemos-el-crecimiento-ordenado-y-la-prevencion-de-riesgos-a-la-poblacion-alfonso-durazo\/\" \/>\n<meta property=\"og:site_name\" content=\"Sonora en Equipo.\" \/>\n<meta property=\"article:publisher\" content=\"https:\/\/www.facebook.com\/SonoraEE\/\" \/>\n<meta property=\"article:author\" content=\"https:\/\/www.facebook.com\/SonoraEE\" \/>\n<meta property=\"article:published_time\" content=\"2023-07-25T02:32:32+00:00\" \/>\n<meta property=\"article:modified_time\" content=\"2023-07-25T02:40:11+00:00\" \/>\n<meta property=\"og:image\" content=\"https:\/\/www.sonoraenequipo.com.mx\/storage\/2023\/07\/ortalecemos-el-crecimiento-ordenado-y-la-prevencion-de-riesgos-a-la-poblacion1-min.jpg\" \/>\n\t<meta property=\"og:image:width\" content=\"1200\" \/>\n\t<meta property=\"og:image:height\" content=\"803\" \/>\n\t<meta property=\"og:image:type\" content=\"image\/jpeg\" \/>\n<meta name=\"author\" content=\"enequipo\" \/>\n<meta name=\"twitter:card\" content=\"summary_large_image\" \/>\n<meta name=\"twitter:creator\" content=\"@sonoraenequipo\" \/>\n<meta name=\"twitter:site\" content=\"@sonoraenequipo\" \/>\n<meta name=\"twitter:label1\" content=\"Escrito por\" \/>\n\t<meta name=\"twitter:data1\" content=\"enequipo\" \/>\n\t<meta name=\"twitter:label2\" content=\"Tiempo de lectura\" \/>\n\t<meta name=\"twitter:data2\" content=\"2 minutos\" \/>\n<script type=\"application\/ld+json\" class=\"yoast-schema-graph\">{\"@context\":\"https:\/\/schema.org\",\"@graph\":[{\"@type\":\"Article\",\"@id\":\"https:\/\/www.sonoraenequipo.com.mx\/fortalecemos-el-crecimiento-ordenado-y-la-prevencion-de-riesgos-a-la-poblacion-alfonso-durazo\/#article\",\"isPartOf\":{\"@id\":\"https:\/\/www.sonoraenequipo.com.mx\/fortalecemos-el-crecimiento-ordenado-y-la-prevencion-de-riesgos-a-la-poblacion-alfonso-durazo\/\"},\"author\":{\"name\":\"enequipo\",\"@id\":\"https:\/\/www.sonoraenequipo.com.mx\/#\/schema\/person\/50102df0fb23a8fa9e8effad8fa81386\"},\"headline\":\"Fortalecemos el crecimiento ordenado y la prevenci\u00f3n de riesgos a la poblaci\u00f3n: Alfonso Durazo\",\"datePublished\":\"2023-07-25T02:32:32+00:00\",\"dateModified\":\"2023-07-25T02:40:11+00:00\",\"mainEntityOfPage\":{\"@id\":\"https:\/\/www.sonoraenequipo.com.mx\/fortalecemos-el-crecimiento-ordenado-y-la-prevencion-de-riesgos-a-la-poblacion-alfonso-durazo\/\"},\"wordCount\":382,\"commentCount\":0,\"publisher\":{\"@id\":\"https:\/\/www.sonoraenequipo.com.mx\/#organization\"},\"image\":{\"@id\":\"https:\/\/www.sonoraenequipo.com.mx\/fortalecemos-el-crecimiento-ordenado-y-la-prevencion-de-riesgos-a-la-poblacion-alfonso-durazo\/#primaryimage\"},\"thumbnailUrl\":\"https:\/\/www.sonoraenequipo.com.mx\/storage\/2023\/07\/ortalecemos-el-crecimiento-ordenado-y-la-prevencion-de-riesgos-a-la-poblacion1-min.jpg\",\"articleSection\":[\"Sonora\"],\"inLanguage\":\"es\",\"potentialAction\":[{\"@type\":\"CommentAction\",\"name\":\"Comment\",\"target\":[\"https:\/\/www.sonoraenequipo.com.mx\/fortalecemos-el-crecimiento-ordenado-y-la-prevencion-de-riesgos-a-la-poblacion-alfonso-durazo\/#respond\"]}]},{\"@type\":\"WebPage\",\"@id\":\"https:\/\/www.sonoraenequipo.com.mx\/fortalecemos-el-crecimiento-ordenado-y-la-prevencion-de-riesgos-a-la-poblacion-alfonso-durazo\/\",\"url\":\"https:\/\/www.sonoraenequipo.com.mx\/fortalecemos-el-crecimiento-ordenado-y-la-prevencion-de-riesgos-a-la-poblacion-alfonso-durazo\/\",\"name\":\"Sonora en Equipo. Fortalecemos el crecimiento ordenado y la prevenci\u00f3n de riesgos a la poblaci\u00f3n: Alfonso Durazo Sonora\",\"isPartOf\":{\"@id\":\"https:\/\/www.sonoraenequipo.com.mx\/#website\"},\"primaryImageOfPage\":{\"@id\":\"https:\/\/www.sonoraenequipo.com.mx\/fortalecemos-el-crecimiento-ordenado-y-la-prevencion-de-riesgos-a-la-poblacion-alfonso-durazo\/#primaryimage\"},\"image\":{\"@id\":\"https:\/\/www.sonoraenequipo.com.mx\/fortalecemos-el-crecimiento-ordenado-y-la-prevencion-de-riesgos-a-la-poblacion-alfonso-durazo\/#primaryimage\"},\"thumbnailUrl\":\"https:\/\/www.sonoraenequipo.com.mx\/storage\/2023\/07\/ortalecemos-el-crecimiento-ordenado-y-la-prevencion-de-riesgos-a-la-poblacion1-min.jpg\",\"datePublished\":\"2023-07-25T02:32:32+00:00\",\"dateModified\":\"2023-07-25T02:40:11+00:00\",\"description\":\"HERMOSILLO, SONORA. MX. \u2014 Con la instalaci\u00f3n del Consejo Estatal de Ordenamiento Territorial, Desarrollo Urbano y Metropolitano se da inicio al plan de En Sonora en Equipo publicamos toda la informaci\u00f3n de Sonora, M\u00e9xico y el Mundo de manera oportuna y busca que la libertad de expresi\u00f3n sea real. Visita nuestro medio informativo publicado desde Hermosillo, Sonora. %\",\"breadcrumb\":{\"@id\":\"https:\/\/www.sonoraenequipo.com.mx\/fortalecemos-el-crecimiento-ordenado-y-la-prevencion-de-riesgos-a-la-poblacion-alfonso-durazo\/#breadcrumb\"},\"inLanguage\":\"es\",\"potentialAction\":[{\"@type\":\"ReadAction\",\"target\":[\"https:\/\/www.sonoraenequipo.com.mx\/fortalecemos-el-crecimiento-ordenado-y-la-prevencion-de-riesgos-a-la-poblacion-alfonso-durazo\/\"]}]},{\"@type\":\"ImageObject\",\"inLanguage\":\"es\",\"@id\":\"https:\/\/www.sonoraenequipo.com.mx\/fortalecemos-el-crecimiento-ordenado-y-la-prevencion-de-riesgos-a-la-poblacion-alfonso-durazo\/#primaryimage\",\"url\":\"https:\/\/www.sonoraenequipo.com.mx\/storage\/2023\/07\/ortalecemos-el-crecimiento-ordenado-y-la-prevencion-de-riesgos-a-la-poblacion1-min.jpg\",\"contentUrl\":\"https:\/\/www.sonoraenequipo.com.mx\/storage\/2023\/07\/ortalecemos-el-crecimiento-ordenado-y-la-prevencion-de-riesgos-a-la-poblacion1-min.jpg\",\"width\":1200,\"height\":803},{\"@type\":\"BreadcrumbList\",\"@id\":\"https:\/\/www.sonoraenequipo.com.mx\/fortalecemos-el-crecimiento-ordenado-y-la-prevencion-de-riesgos-a-la-poblacion-alfonso-durazo\/#breadcrumb\",\"itemListElement\":[{\"@type\":\"ListItem\",\"position\":1,\"name\":\"Portada\",\"item\":\"https:\/\/www.sonoraenequipo.com.mx\/\"},{\"@type\":\"ListItem\",\"position\":2,\"name\":\"Fortalecemos el crecimiento ordenado y la prevenci\u00f3n de riesgos a la poblaci\u00f3n: Alfonso Durazo\"}]},{\"@type\":\"WebSite\",\"@id\":\"https:\/\/www.sonoraenequipo.com.mx\/#website\",\"url\":\"https:\/\/www.sonoraenequipo.com.mx\/\",\"name\":\"Sonora en Equipo.\",\"description\":\"Diario en l\u00ednea con Noticias desde Hermosillo, Sonora\",\"publisher\":{\"@id\":\"https:\/\/www.sonoraenequipo.com.mx\/#organization\"},\"potentialAction\":[{\"@type\":\"SearchAction\",\"target\":{\"@type\":\"EntryPoint\",\"urlTemplate\":\"https:\/\/www.sonoraenequipo.com.mx\/?s={search_term_string}\"},\"query-input\":{\"@type\":\"PropertyValueSpecification\",\"valueRequired\":true,\"valueName\":\"search_term_string\"}}],\"inLanguage\":\"es\"},{\"@type\":\"Organization\",\"@id\":\"https:\/\/www.sonoraenequipo.com.mx\/#organization\",\"name\":\"Sonoraenequipo.com.mx\",\"url\":\"https:\/\/www.sonoraenequipo.com.mx\/\",\"logo\":{\"@type\":\"ImageObject\",\"inLanguage\":\"es\",\"@id\":\"https:\/\/www.sonoraenequipo.com.mx\/#\/schema\/logo\/image\/\",\"url\":\"https:\/\/www.sonoraenequipo.com.mx\/storage\/2019\/01\/sonoraenequipo_opt.png\",\"contentUrl\":\"https:\/\/www.sonoraenequipo.com.mx\/storage\/2019\/01\/sonoraenequipo_opt.png\",\"width\":375,\"height\":125,\"caption\":\"Sonoraenequipo.com.mx\"},\"image\":{\"@id\":\"https:\/\/www.sonoraenequipo.com.mx\/#\/schema\/logo\/image\/\"},\"sameAs\":[\"https:\/\/www.facebook.com\/SonoraEE\/\",\"https:\/\/x.com\/sonoraenequipo\",\"https:\/\/www.youtube.com\/channel\/UC338nW-lPEYmJQs4ZABQ1SQ\"]},{\"@type\":\"Person\",\"@id\":\"https:\/\/www.sonoraenequipo.com.mx\/#\/schema\/person\/50102df0fb23a8fa9e8effad8fa81386\",\"name\":\"enequipo\",\"image\":{\"@type\":\"ImageObject\",\"inLanguage\":\"es\",\"@id\":\"https:\/\/www.sonoraenequipo.com.mx\/#\/schema\/person\/image\/\",\"url\":\"https:\/\/secure.gravatar.com\/avatar\/049821681b589dabc0bc20695993ccebb09f5b5d4d790cd9251b97faac7c652b?s=96&d=blank&r=g\",\"contentUrl\":\"https:\/\/secure.gravatar.com\/avatar\/049821681b589dabc0bc20695993ccebb09f5b5d4d790cd9251b97faac7c652b?s=96&d=blank&r=g\",\"caption\":\"enequipo\"},\"sameAs\":[\"https:\/\/www.facebook.com\/SonoraEE\"]}]}<\/script>\n ","yoast_head_json":{"title":"Sonora en Equipo. Fortalecemos el crecimiento ordenado y la prevenci\u00f3n de riesgos a la poblaci\u00f3n: Alfonso Durazo Sonora","description":"HERMOSILLO, SONORA. MX. \u2014 Con la instalaci\u00f3n del Consejo Estatal de Ordenamiento Territorial, Desarrollo Urbano y Metropolitano se da inicio al plan de En Sonora en Equipo publicamos toda la informaci\u00f3n de Sonora, M\u00e9xico y el Mundo de manera oportuna y busca que la libertad de expresi\u00f3n sea real. Visita nuestro medio informativo publicado desde Hermosillo, Sonora. %","robots":{"index":"index","follow":"follow","max-snippet":"max-snippet:-1","max-image-preview":"max-image-preview:large","max-video-preview":"max-video-preview:-1"},"canonical":"https:\/\/www.sonoraenequipo.com.mx\/fortalecemos-el-crecimiento-ordenado-y-la-prevencion-de-riesgos-a-la-poblacion-alfonso-durazo\/","og_locale":"es_ES","og_type":"article","og_title":"Sonora en Equipo. Fortalecemos el crecimiento ordenado y la prevenci\u00f3n de riesgos a la poblaci\u00f3n: Alfonso Durazo Sonora","og_description":"HERMOSILLO, SONORA. MX. \u2014 Con la instalaci\u00f3n del Consejo Estatal de Ordenamiento Territorial, Desarrollo Urbano y Metropolitano se da inicio al plan de En Sonora en Equipo publicamos toda la informaci\u00f3n de Sonora, M\u00e9xico y el Mundo de manera oportuna y busca que la libertad de expresi\u00f3n sea real. Visita nuestro medio informativo publicado desde Hermosillo, Sonora. %","og_url":"https:\/\/www.sonoraenequipo.com.mx\/fortalecemos-el-crecimiento-ordenado-y-la-prevencion-de-riesgos-a-la-poblacion-alfonso-durazo\/","og_site_name":"Sonora en Equipo.","article_publisher":"https:\/\/www.facebook.com\/SonoraEE\/","article_author":"https:\/\/www.facebook.com\/SonoraEE","article_published_time":"2023-07-25T02:32:32+00:00","article_modified_time":"2023-07-25T02:40:11+00:00","og_image":[{"width":1200,"height":803,"url":"https:\/\/www.sonoraenequipo.com.mx\/storage\/2023\/07\/ortalecemos-el-crecimiento-ordenado-y-la-prevencion-de-riesgos-a-la-poblacion1-min.jpg","type":"image\/jpeg"}],"author":"enequipo","twitter_card":"summary_large_image","twitter_creator":"@sonoraenequipo","twitter_site":"@sonoraenequipo","twitter_misc":{"Escrito por":"enequipo","Tiempo de lectura":"2 minutos"},"schema":{"@context":"https:\/\/schema.org","@graph":[{"@type":"Article","@id":"https:\/\/www.sonoraenequipo.com.mx\/fortalecemos-el-crecimiento-ordenado-y-la-prevencion-de-riesgos-a-la-poblacion-alfonso-durazo\/#article","isPartOf":{"@id":"https:\/\/www.sonoraenequipo.com.mx\/fortalecemos-el-crecimiento-ordenado-y-la-prevencion-de-riesgos-a-la-poblacion-alfonso-durazo\/"},"author":{"name":"enequipo","@id":"https:\/\/www.sonoraenequipo.com.mx\/#\/schema\/person\/50102df0fb23a8fa9e8effad8fa81386"},"headline":"Fortalecemos el crecimiento ordenado y la prevenci\u00f3n de riesgos a la poblaci\u00f3n: Alfonso Durazo","datePublished":"2023-07-25T02:32:32+00:00","dateModified":"2023-07-25T02:40:11+00:00","mainEntityOfPage":{"@id":"https:\/\/www.sonoraenequipo.com.mx\/fortalecemos-el-crecimiento-ordenado-y-la-prevencion-de-riesgos-a-la-poblacion-alfonso-durazo\/"},"wordCount":382,"commentCount":0,"publisher":{"@id":"https:\/\/www.sonoraenequipo.com.mx\/#organization"},"image":{"@id":"https:\/\/www.sonoraenequipo.com.mx\/fortalecemos-el-crecimiento-ordenado-y-la-prevencion-de-riesgos-a-la-poblacion-alfonso-durazo\/#primaryimage"},"thumbnailUrl":"https:\/\/www.sonoraenequipo.com.mx\/storage\/2023\/07\/ortalecemos-el-crecimiento-ordenado-y-la-prevencion-de-riesgos-a-la-poblacion1-min.jpg","articleSection":["Sonora"],"inLanguage":"es","potentialAction":[{"@type":"CommentAction","name":"Comment","target":["https:\/\/www.sonoraenequipo.com.mx\/fortalecemos-el-crecimiento-ordenado-y-la-prevencion-de-riesgos-a-la-poblacion-alfonso-durazo\/#respond"]}]},{"@type":"WebPage","@id":"https:\/\/www.sonoraenequipo.com.mx\/fortalecemos-el-crecimiento-ordenado-y-la-prevencion-de-riesgos-a-la-poblacion-alfonso-durazo\/","url":"https:\/\/www.sonoraenequipo.com.mx\/fortalecemos-el-crecimiento-ordenado-y-la-prevencion-de-riesgos-a-la-poblacion-alfonso-durazo\/","name":"Sonora en Equipo. Fortalecemos el crecimiento ordenado y la prevenci\u00f3n de riesgos a la poblaci\u00f3n: Alfonso Durazo Sonora","isPartOf":{"@id":"https:\/\/www.sonoraenequipo.com.mx\/#website"},"primaryImageOfPage":{"@id":"https:\/\/www.sonoraenequipo.com.mx\/fortalecemos-el-crecimiento-ordenado-y-la-prevencion-de-riesgos-a-la-poblacion-alfonso-durazo\/#primaryimage"},"image":{"@id":"https:\/\/www.sonoraenequipo.com.mx\/fortalecemos-el-crecimiento-ordenado-y-la-prevencion-de-riesgos-a-la-poblacion-alfonso-durazo\/#primaryimage"},"thumbnailUrl":"https:\/\/www.sonoraenequipo.com.mx\/storage\/2023\/07\/ortalecemos-el-crecimiento-ordenado-y-la-prevencion-de-riesgos-a-la-poblacion1-min.jpg","datePublished":"2023-07-25T02:32:32+00:00","dateModified":"2023-07-25T02:40:11+00:00","description":"HERMOSILLO, SONORA. MX. \u2014 Con la instalaci\u00f3n del Consejo Estatal de Ordenamiento Territorial, Desarrollo Urbano y Metropolitano se da inicio al plan de En Sonora en Equipo publicamos toda la informaci\u00f3n de Sonora, M\u00e9xico y el Mundo de manera oportuna y busca que la libertad de expresi\u00f3n sea real. Visita nuestro medio informativo publicado desde Hermosillo, Sonora. %","breadcrumb":{"@id":"https:\/\/www.sonoraenequipo.com.mx\/fortalecemos-el-crecimiento-ordenado-y-la-prevencion-de-riesgos-a-la-poblacion-alfonso-durazo\/#breadcrumb"},"inLanguage":"es","potentialAction":[{"@type":"ReadAction","target":["https:\/\/www.sonoraenequipo.com.mx\/fortalecemos-el-crecimiento-ordenado-y-la-prevencion-de-riesgos-a-la-poblacion-alfonso-durazo\/"]}]},{"@type":"ImageObject","inLanguage":"es","@id":"https:\/\/www.sonoraenequipo.com.mx\/fortalecemos-el-crecimiento-ordenado-y-la-prevencion-de-riesgos-a-la-poblacion-alfonso-durazo\/#primaryimage","url":"https:\/\/www.sonoraenequipo.com.mx\/storage\/2023\/07\/ortalecemos-el-crecimiento-ordenado-y-la-prevencion-de-riesgos-a-la-poblacion1-min.jpg","contentUrl":"https:\/\/www.sonoraenequipo.com.mx\/storage\/2023\/07\/ortalecemos-el-crecimiento-ordenado-y-la-prevencion-de-riesgos-a-la-poblacion1-min.jpg","width":1200,"height":803},{"@type":"BreadcrumbList","@id":"https:\/\/www.sonoraenequipo.com.mx\/fortalecemos-el-crecimiento-ordenado-y-la-prevencion-de-riesgos-a-la-poblacion-alfonso-durazo\/#breadcrumb","itemListElement":[{"@type":"ListItem","position":1,"name":"Portada","item":"https:\/\/www.sonoraenequipo.com.mx\/"},{"@type":"ListItem","position":2,"name":"Fortalecemos el crecimiento ordenado y la prevenci\u00f3n de riesgos a la poblaci\u00f3n: Alfonso Durazo"}]},{"@type":"WebSite","@id":"https:\/\/www.sonoraenequipo.com.mx\/#website","url":"https:\/\/www.sonoraenequipo.com.mx\/","name":"Sonora en Equipo.","description":"Diario en l\u00ednea con Noticias desde Hermosillo, Sonora","publisher":{"@id":"https:\/\/www.sonoraenequipo.com.mx\/#organization"},"potentialAction":[{"@type":"SearchAction","target":{"@type":"EntryPoint","urlTemplate":"https:\/\/www.sonoraenequipo.com.mx\/?s={search_term_string}"},"query-input":{"@type":"PropertyValueSpecification","valueRequired":true,"valueName":"search_term_string"}}],"inLanguage":"es"},{"@type":"Organization","@id":"https:\/\/www.sonoraenequipo.com.mx\/#organization","name":"Sonoraenequipo.com.mx","url":"https:\/\/www.sonoraenequipo.com.mx\/","logo":{"@type":"ImageObject","inLanguage":"es","@id":"https:\/\/www.sonoraenequipo.com.mx\/#\/schema\/logo\/image\/","url":"https:\/\/www.sonoraenequipo.com.mx\/storage\/2019\/01\/sonoraenequipo_opt.png","contentUrl":"https:\/\/www.sonoraenequipo.com.mx\/storage\/2019\/01\/sonoraenequipo_opt.png","width":375,"height":125,"caption":"Sonoraenequipo.com.mx"},"image":{"@id":"https:\/\/www.sonoraenequipo.com.mx\/#\/schema\/logo\/image\/"},"sameAs":["https:\/\/www.facebook.com\/SonoraEE\/","https:\/\/x.com\/sonoraenequipo","https:\/\/www.youtube.com\/channel\/UC338nW-lPEYmJQs4ZABQ1SQ"]},{"@type":"Person","@id":"https:\/\/www.sonoraenequipo.com.mx\/#\/schema\/person\/50102df0fb23a8fa9e8effad8fa81386","name":"enequipo","image":{"@type":"ImageObject","inLanguage":"es","@id":"https:\/\/www.sonoraenequipo.com.mx\/#\/schema\/person\/image\/","url":"https:\/\/secure.gravatar.com\/avatar\/049821681b589dabc0bc20695993ccebb09f5b5d4d790cd9251b97faac7c652b?s=96&d=blank&r=g","contentUrl":"https:\/\/secure.gravatar.com\/avatar\/049821681b589dabc0bc20695993ccebb09f5b5d4d790cd9251b97faac7c652b?s=96&d=blank&r=g","caption":"enequipo"},"sameAs":["https:\/\/www.facebook.com\/SonoraEE"]}]}},"jetpack_featured_media_url":"https:\/\/www.sonoraenequipo.com.mx\/storage\/2023\/07\/ortalecemos-el-crecimiento-ordenado-y-la-prevencion-de-riesgos-a-la-poblacion1-min.jpg","_links":{"self":[{"href":"https:\/\/www.sonoraenequipo.com.mx\/api\/wp\/v2\/posts\/171039","targetHints":{"allow":["GET"]}}],"collection":[{"href":"https:\/\/www.sonoraenequipo.com.mx\/api\/wp\/v2\/posts"}],"about":[{"href":"https:\/\/www.sonoraenequipo.com.mx\/api\/wp\/v2\/types\/post"}],"author":[{"embeddable":true,"href":"https:\/\/www.sonoraenequipo.com.mx\/api\/wp\/v2\/users\/1"}],"replies":[{"embeddable":true,"href":"https:\/\/www.sonoraenequipo.com.mx\/api\/wp\/v2\/comments?post=171039"}],"version-history":[{"count":1,"href":"https:\/\/www.sonoraenequipo.com.mx\/api\/wp\/v2\/posts\/171039\/revisions"}],"predecessor-version":[{"id":171040,"href":"https:\/\/www.sonoraenequipo.com.mx\/api\/wp\/v2\/posts\/171039\/revisions\/171040"}],"wp:featuredmedia":[{"embeddable":true,"href":"https:\/\/www.sonoraenequipo.com.mx\/api\/wp\/v2\/media\/171036"}],"wp:attachment":[{"href":"https:\/\/www.sonoraenequipo.com.mx\/api\/wp\/v2\/media?parent=171039"}],"wp:term":[{"taxonomy":"category","embeddable":true,"href":"https:\/\/www.sonoraenequipo.com.mx\/api\/wp\/v2\/categories?post=171039"},{"taxonomy":"post_tag","embeddable":true,"href":"https:\/\/www.sonoraenequipo.com.mx\/api\/wp\/v2\/tags?post=171039"}],"curies":[{"name":"wp","href":"https:\/\/api.w.org\/{rel}","templated":true}]}}