{"id":171046,"date":"2023-07-24T20:23:58","date_gmt":"2023-07-25T03:23:58","guid":{"rendered":"https:\/\/www.sonoraenequipo.com.mx\/?p=171046"},"modified":"2023-07-24T20:39:59","modified_gmt":"2023-07-25T03:39:59","slug":"hermosillo-entrega-ayuntamiento-rehabilitacion-en-parque-jardines","status":"publish","type":"post","link":"https:\/\/www.sonoraenequipo.com.mx\/hermosillo-entrega-ayuntamiento-rehabilitacion-en-parque-jardines\/","title":{"rendered":"HERMOSILLO. Entrega ayuntamiento rehabilitaci\u00f3n en Parque Jardines"},"content":{"rendered":"<p><strong>HERMOSILLO, SONORA. MX. \u2014<em> \u201cCada parque que estamos arreglando es inclusivo no solamente con las rampas sino toda la infraestructura y juegos para personas con discapacidad \u00bfPor qu\u00e9?, porqu\u00e9 es un parque para todas y para todos que contamos por igual en Hermosillo\u201d,<\/em><\/strong> expres\u00f3 To\u00f1o Astiazar\u00e1n al entregar la rehabilitaci\u00f3n al parque de la colonia Jardines con una inversi\u00f3n de 2.1. millones de pesos.<\/p>\n<p>&nbsp;<\/p>\n<p>El Presidente Municipal, acompa\u00f1ado por su hija Mar\u00eda Paula inaugur\u00f3 la obra que mejor\u00f3 la imagen del parque que ahora podr\u00e1n disfrutar todas las personas con juego y ejercitador inclusivos, mejoras a cancha multifuncional, andador, rampas, bancas y cerco para la seguridad de quienes practican deporte en sus instalaciones.<\/p>\n<p>&nbsp;<\/p>\n<p>Celebr\u00f3 las mejoras a esta cancha ubicada en Sim\u00f3n Bley, entre Donato Guerra y Jos\u00e9 Joaqu\u00edn Herrera que reactivar\u00e1n este espacio donde se podr\u00e1n realizar actividades art\u00edsticas, culturales y deportivas para el beneficio de las colonias Jardines, Lomas de Madrid, CNOP, Benito Ju\u00e1rez y Eusebio Kino.<\/p>\n<p>&nbsp;<\/p>\n<p>Luego de un recorrido junto al Presidente Municipal para constatar la calidad de sus instalaciones, la titular de la Coordinaci\u00f3n de Infraestructura, Desarrollo Urbano y Ecolog\u00eda (CIDUE), Astart\u00e9 Corro Ruiz record\u00f3 que dicha obra atiende las peticiones de familias del sector.<\/p>\n<p>&nbsp;<\/p>\n<p>\u201cHoy entregamos formalmente este parque como ustedes nos lo pidieron y ahora s\u00ed que les qued\u00f3 muy bonito. Fue una inversi\u00f3n de 2.1 mdp que son de la obra p\u00fablica multianual, son de los impuestos que todos pagamos. Esta cancha se rehabilit\u00f3, se instalaron juegos inclusivos nosotros queremos que la ni\u00f1ez con discapacidad tenga convivencia con todas y todos\u201d, agreg\u00f3.<\/p>\n<p>&nbsp;<\/p>\n<p>La presidenta del Comit\u00e9 CRECES Jardines, Elizabeth Maytorena agradeci\u00f3 a nombre de las familias que se beneficiar\u00e1n con esta obra, especialmente j\u00f3venes que podr\u00e1n convivir sanamente y hacer buen uso de su tiempo libre.<\/p>\n<p>&nbsp;<\/p>\n<p>Asistieron tambi\u00e9n la regidora Guadalupe Herrera; el regidor Eduardo Acu\u00f1a; Armando Labrada Garc\u00eda, director del Instituto del Deporte de Hermosillo (IDH); representantes de la Agencia Municipal de Energ\u00eda y Cambio Clim\u00e1tico (AMECC) y residentes de Jardines, Lomas de Madrid, Benito Ju\u00e1rez y Eusebio Kino.<\/p>\n<p>&nbsp;<\/p>\n<p><strong>Detalles<\/strong><\/p>\n<p>&nbsp;<\/p>\n<p><strong>* Construcci\u00f3n de andadores y rampas<\/strong><\/p>\n<p>&nbsp;<\/p>\n<p><strong>* Rehabilitaci\u00f3n de bancas existentes<\/strong><\/p>\n<p>&nbsp;<\/p>\n<p><strong>* Instalaci\u00f3n de columpio inclusivo<\/strong><\/p>\n<p>&nbsp;<\/p>\n<p><strong>* Instalaci\u00f3n de ejercitador inclusivo<\/strong><\/p>\n<p>&nbsp;<\/p>\n<p><strong>* Instalaci\u00f3n de equipo deportivo<\/strong><\/p>\n<p>&nbsp;<\/p>\n<p><strong>* Instalaci\u00f3n de bancas y botes de basura<\/strong><\/p>\n<p>&nbsp;<\/p>\n<p><strong>* Mantenimiento de juegos infantiles y equipo deportivo<\/strong><\/p>\n<p>&nbsp;<\/p>\n<p><strong>* Rehabilitaci\u00f3n y pintura de cancha multifuncional<\/strong><\/p>\n<p>&nbsp;<\/p>\n<p><strong>* Construcci\u00f3n de cerco protecci\u00f3n en cancha multifuncional<\/strong><\/p>\n<p>&nbsp;<\/p>\n<p><strong>*Instalaci\u00f3n de bancas deportivas en los costados de la cancha<\/strong><\/p>\n<p>..<\/p>\n<p>PUBLICADO EL 24 DE JULIO DE 2023\/ Con informaci\u00f3n de HMO 533\/2023)<\/p>\n","protected":false},"excerpt":{"rendered":"<p>HERMOSILLO, SONORA. MX. \u2014 \u201cCada parque que estamos arreglando es inclusivo no solamente con las&#8230;<\/p>\n","protected":false},"author":1,"featured_media":171044,"comment_status":"open","ping_status":"open","sticky":false,"template":"","format":"standard","meta":{"_monsterinsights_skip_tracking":false,"_monsterinsights_sitenote_active":false,"_monsterinsights_sitenote_note":"","_monsterinsights_sitenote_category":0,"footnotes":""},"categories":[4],"tags":[],"class_list":["post"],"yoast_head":" \n<title>Sonora en Equipo. HERMOSILLO. Entrega ayuntamiento rehabilitaci\u00f3n en Parque Jardines Municipios<\/title>\n<meta name=\"description\" content=\"HERMOSILLO, SONORA. MX. \u2014 \u201cCada parque que estamos arreglando es inclusivo no solamente con las rampas sino toda la infraestructura y juegos para personas En Sonora en Equipo publicamos toda la informaci\u00f3n de Sonora, M\u00e9xico y el Mundo de manera oportuna y busca que la libertad de expresi\u00f3n sea real. Visita nuestro medio informativo publicado desde Hermosillo, Sonora. %\" \/>\n<meta name=\"robots\" content=\"index, follow, max-snippet:-1, max-image-preview:large, max-video-preview:-1\" \/>\n<link rel=\"canonical\" href=\"https:\/\/www.sonoraenequipo.com.mx\/hermosillo-entrega-ayuntamiento-rehabilitacion-en-parque-jardines\/\" \/>\n<meta property=\"og:locale\" content=\"es_ES\" \/>\n<meta property=\"og:type\" content=\"article\" \/>\n<meta property=\"og:title\" content=\"Sonora en Equipo. HERMOSILLO. Entrega ayuntamiento rehabilitaci\u00f3n en Parque Jardines Municipios\" \/>\n<meta property=\"og:description\" content=\"HERMOSILLO, SONORA. MX. \u2014 \u201cCada parque que estamos arreglando es inclusivo no solamente con las rampas sino toda la infraestructura y juegos para personas En Sonora en Equipo publicamos toda la informaci\u00f3n de Sonora, M\u00e9xico y el Mundo de manera oportuna y busca que la libertad de expresi\u00f3n sea real. Visita nuestro medio informativo publicado desde Hermosillo, Sonora. %\" \/>\n<meta property=\"og:url\" content=\"https:\/\/www.sonoraenequipo.com.mx\/hermosillo-entrega-ayuntamiento-rehabilitacion-en-parque-jardines\/\" \/>\n<meta property=\"og:site_name\" content=\"Sonora en Equipo.\" \/>\n<meta property=\"article:publisher\" content=\"https:\/\/www.facebook.com\/SonoraEE\/\" \/>\n<meta property=\"article:author\" content=\"https:\/\/www.facebook.com\/SonoraEE\" \/>\n<meta property=\"article:published_time\" content=\"2023-07-25T03:23:58+00:00\" \/>\n<meta property=\"article:modified_time\" content=\"2023-07-25T03:39:59+00:00\" \/>\n<meta property=\"og:image\" content=\"https:\/\/www.sonoraenequipo.com.mx\/storage\/2023\/07\/Entrega-Ton\u0303o-Astiazara\u0301n-rehabilitacio\u0301n-en-Parque-Jardines_2-min.jpeg\" \/>\n\t<meta property=\"og:image:width\" content=\"1024\" \/>\n\t<meta property=\"og:image:height\" content=\"682\" \/>\n\t<meta property=\"og:image:type\" content=\"image\/jpeg\" \/>\n<meta name=\"author\" content=\"enequipo\" \/>\n<meta name=\"twitter:card\" content=\"summary_large_image\" \/>\n<meta name=\"twitter:creator\" content=\"@sonoraenequipo\" \/>\n<meta name=\"twitter:site\" content=\"@sonoraenequipo\" \/>\n<meta name=\"twitter:label1\" content=\"Escrito por\" \/>\n\t<meta name=\"twitter:data1\" content=\"enequipo\" \/>\n\t<meta name=\"twitter:label2\" content=\"Tiempo de lectura\" \/>\n\t<meta name=\"twitter:data2\" content=\"2 minutos\" \/>\n<script type=\"application\/ld+json\" class=\"yoast-schema-graph\">{\"@context\":\"https:\/\/schema.org\",\"@graph\":[{\"@type\":\"Article\",\"@id\":\"https:\/\/www.sonoraenequipo.com.mx\/hermosillo-entrega-ayuntamiento-rehabilitacion-en-parque-jardines\/#article\",\"isPartOf\":{\"@id\":\"https:\/\/www.sonoraenequipo.com.mx\/hermosillo-entrega-ayuntamiento-rehabilitacion-en-parque-jardines\/\"},\"author\":{\"name\":\"enequipo\",\"@id\":\"https:\/\/www.sonoraenequipo.com.mx\/#\/schema\/person\/50102df0fb23a8fa9e8effad8fa81386\"},\"headline\":\"HERMOSILLO. Entrega ayuntamiento rehabilitaci\u00f3n en Parque Jardines\",\"datePublished\":\"2023-07-25T03:23:58+00:00\",\"dateModified\":\"2023-07-25T03:39:59+00:00\",\"mainEntityOfPage\":{\"@id\":\"https:\/\/www.sonoraenequipo.com.mx\/hermosillo-entrega-ayuntamiento-rehabilitacion-en-parque-jardines\/\"},\"wordCount\":466,\"commentCount\":0,\"publisher\":{\"@id\":\"https:\/\/www.sonoraenequipo.com.mx\/#organization\"},\"image\":{\"@id\":\"https:\/\/www.sonoraenequipo.com.mx\/hermosillo-entrega-ayuntamiento-rehabilitacion-en-parque-jardines\/#primaryimage\"},\"thumbnailUrl\":\"https:\/\/www.sonoraenequipo.com.mx\/storage\/2023\/07\/Entrega-Ton\u0303o-Astiazara\u0301n-rehabilitacio\u0301n-en-Parque-Jardines_2-min.jpeg\",\"articleSection\":[\"Municipios\"],\"inLanguage\":\"es\",\"potentialAction\":[{\"@type\":\"CommentAction\",\"name\":\"Comment\",\"target\":[\"https:\/\/www.sonoraenequipo.com.mx\/hermosillo-entrega-ayuntamiento-rehabilitacion-en-parque-jardines\/#respond\"]}]},{\"@type\":\"WebPage\",\"@id\":\"https:\/\/www.sonoraenequipo.com.mx\/hermosillo-entrega-ayuntamiento-rehabilitacion-en-parque-jardines\/\",\"url\":\"https:\/\/www.sonoraenequipo.com.mx\/hermosillo-entrega-ayuntamiento-rehabilitacion-en-parque-jardines\/\",\"name\":\"Sonora en Equipo. HERMOSILLO. Entrega ayuntamiento rehabilitaci\u00f3n en Parque Jardines Municipios\",\"isPartOf\":{\"@id\":\"https:\/\/www.sonoraenequipo.com.mx\/#website\"},\"primaryImageOfPage\":{\"@id\":\"https:\/\/www.sonoraenequipo.com.mx\/hermosillo-entrega-ayuntamiento-rehabilitacion-en-parque-jardines\/#primaryimage\"},\"image\":{\"@id\":\"https:\/\/www.sonoraenequipo.com.mx\/hermosillo-entrega-ayuntamiento-rehabilitacion-en-parque-jardines\/#primaryimage\"},\"thumbnailUrl\":\"https:\/\/www.sonoraenequipo.com.mx\/storage\/2023\/07\/Entrega-Ton\u0303o-Astiazara\u0301n-rehabilitacio\u0301n-en-Parque-Jardines_2-min.jpeg\",\"datePublished\":\"2023-07-25T03:23:58+00:00\",\"dateModified\":\"2023-07-25T03:39:59+00:00\",\"description\":\"HERMOSILLO, SONORA. MX. \u2014 \u201cCada parque que estamos arreglando es inclusivo no solamente con las rampas sino toda la infraestructura y juegos para personas En Sonora en Equipo publicamos toda la informaci\u00f3n de Sonora, M\u00e9xico y el Mundo de manera oportuna y busca que la libertad de expresi\u00f3n sea real. Visita nuestro medio informativo publicado desde Hermosillo, Sonora. %\",\"breadcrumb\":{\"@id\":\"https:\/\/www.sonoraenequipo.com.mx\/hermosillo-entrega-ayuntamiento-rehabilitacion-en-parque-jardines\/#breadcrumb\"},\"inLanguage\":\"es\",\"potentialAction\":[{\"@type\":\"ReadAction\",\"target\":[\"https:\/\/www.sonoraenequipo.com.mx\/hermosillo-entrega-ayuntamiento-rehabilitacion-en-parque-jardines\/\"]}]},{\"@type\":\"ImageObject\",\"inLanguage\":\"es\",\"@id\":\"https:\/\/www.sonoraenequipo.com.mx\/hermosillo-entrega-ayuntamiento-rehabilitacion-en-parque-jardines\/#primaryimage\",\"url\":\"https:\/\/www.sonoraenequipo.com.mx\/storage\/2023\/07\/Entrega-Ton\u0303o-Astiazara\u0301n-rehabilitacio\u0301n-en-Parque-Jardines_2-min.jpeg\",\"contentUrl\":\"https:\/\/www.sonoraenequipo.com.mx\/storage\/2023\/07\/Entrega-Ton\u0303o-Astiazara\u0301n-rehabilitacio\u0301n-en-Parque-Jardines_2-min.jpeg\",\"width\":1024,\"height\":682},{\"@type\":\"BreadcrumbList\",\"@id\":\"https:\/\/www.sonoraenequipo.com.mx\/hermosillo-entrega-ayuntamiento-rehabilitacion-en-parque-jardines\/#breadcrumb\",\"itemListElement\":[{\"@type\":\"ListItem\",\"position\":1,\"name\":\"Portada\",\"item\":\"https:\/\/www.sonoraenequipo.com.mx\/\"},{\"@type\":\"ListItem\",\"position\":2,\"name\":\"HERMOSILLO. Entrega ayuntamiento rehabilitaci\u00f3n en Parque Jardines\"}]},{\"@type\":\"WebSite\",\"@id\":\"https:\/\/www.sonoraenequipo.com.mx\/#website\",\"url\":\"https:\/\/www.sonoraenequipo.com.mx\/\",\"name\":\"Sonora en Equipo.\",\"description\":\"Diario en l\u00ednea con Noticias desde Hermosillo, Sonora\",\"publisher\":{\"@id\":\"https:\/\/www.sonoraenequipo.com.mx\/#organization\"},\"potentialAction\":[{\"@type\":\"SearchAction\",\"target\":{\"@type\":\"EntryPoint\",\"urlTemplate\":\"https:\/\/www.sonoraenequipo.com.mx\/?s={search_term_string}\"},\"query-input\":{\"@type\":\"PropertyValueSpecification\",\"valueRequired\":true,\"valueName\":\"search_term_string\"}}],\"inLanguage\":\"es\"},{\"@type\":\"Organization\",\"@id\":\"https:\/\/www.sonoraenequipo.com.mx\/#organization\",\"name\":\"Sonoraenequipo.com.mx\",\"url\":\"https:\/\/www.sonoraenequipo.com.mx\/\",\"logo\":{\"@type\":\"ImageObject\",\"inLanguage\":\"es\",\"@id\":\"https:\/\/www.sonoraenequipo.com.mx\/#\/schema\/logo\/image\/\",\"url\":\"https:\/\/www.sonoraenequipo.com.mx\/storage\/2019\/01\/sonoraenequipo_opt.png\",\"contentUrl\":\"https:\/\/www.sonoraenequipo.com.mx\/storage\/2019\/01\/sonoraenequipo_opt.png\",\"width\":375,\"height\":125,\"caption\":\"Sonoraenequipo.com.mx\"},\"image\":{\"@id\":\"https:\/\/www.sonoraenequipo.com.mx\/#\/schema\/logo\/image\/\"},\"sameAs\":[\"https:\/\/www.facebook.com\/SonoraEE\/\",\"https:\/\/x.com\/sonoraenequipo\",\"https:\/\/www.youtube.com\/channel\/UC338nW-lPEYmJQs4ZABQ1SQ\"]},{\"@type\":\"Person\",\"@id\":\"https:\/\/www.sonoraenequipo.com.mx\/#\/schema\/person\/50102df0fb23a8fa9e8effad8fa81386\",\"name\":\"enequipo\",\"image\":{\"@type\":\"ImageObject\",\"inLanguage\":\"es\",\"@id\":\"https:\/\/www.sonoraenequipo.com.mx\/#\/schema\/person\/image\/\",\"url\":\"https:\/\/secure.gravatar.com\/avatar\/049821681b589dabc0bc20695993ccebb09f5b5d4d790cd9251b97faac7c652b?s=96&d=blank&r=g\",\"contentUrl\":\"https:\/\/secure.gravatar.com\/avatar\/049821681b589dabc0bc20695993ccebb09f5b5d4d790cd9251b97faac7c652b?s=96&d=blank&r=g\",\"caption\":\"enequipo\"},\"sameAs\":[\"https:\/\/www.facebook.com\/SonoraEE\"]}]}<\/script>\n ","yoast_head_json":{"title":"Sonora en Equipo. HERMOSILLO. Entrega ayuntamiento rehabilitaci\u00f3n en Parque Jardines Municipios","description":"HERMOSILLO, SONORA. MX. \u2014 \u201cCada parque que estamos arreglando es inclusivo no solamente con las rampas sino toda la infraestructura y juegos para personas En Sonora en Equipo publicamos toda la informaci\u00f3n de Sonora, M\u00e9xico y el Mundo de manera oportuna y busca que la libertad de expresi\u00f3n sea real. Visita nuestro medio informativo publicado desde Hermosillo, Sonora. %","robots":{"index":"index","follow":"follow","max-snippet":"max-snippet:-1","max-image-preview":"max-image-preview:large","max-video-preview":"max-video-preview:-1"},"canonical":"https:\/\/www.sonoraenequipo.com.mx\/hermosillo-entrega-ayuntamiento-rehabilitacion-en-parque-jardines\/","og_locale":"es_ES","og_type":"article","og_title":"Sonora en Equipo. HERMOSILLO. Entrega ayuntamiento rehabilitaci\u00f3n en Parque Jardines Municipios","og_description":"HERMOSILLO, SONORA. MX. \u2014 \u201cCada parque que estamos arreglando es inclusivo no solamente con las rampas sino toda la infraestructura y juegos para personas En Sonora en Equipo publicamos toda la informaci\u00f3n de Sonora, M\u00e9xico y el Mundo de manera oportuna y busca que la libertad de expresi\u00f3n sea real. Visita nuestro medio informativo publicado desde Hermosillo, Sonora. %","og_url":"https:\/\/www.sonoraenequipo.com.mx\/hermosillo-entrega-ayuntamiento-rehabilitacion-en-parque-jardines\/","og_site_name":"Sonora en Equipo.","article_publisher":"https:\/\/www.facebook.com\/SonoraEE\/","article_author":"https:\/\/www.facebook.com\/SonoraEE","article_published_time":"2023-07-25T03:23:58+00:00","article_modified_time":"2023-07-25T03:39:59+00:00","og_image":[{"width":1024,"height":682,"url":"https:\/\/www.sonoraenequipo.com.mx\/storage\/2023\/07\/Entrega-Ton\u0303o-Astiazara\u0301n-rehabilitacio\u0301n-en-Parque-Jardines_2-min.jpeg","type":"image\/jpeg"}],"author":"enequipo","twitter_card":"summary_large_image","twitter_creator":"@sonoraenequipo","twitter_site":"@sonoraenequipo","twitter_misc":{"Escrito por":"enequipo","Tiempo de lectura":"2 minutos"},"schema":{"@context":"https:\/\/schema.org","@graph":[{"@type":"Article","@id":"https:\/\/www.sonoraenequipo.com.mx\/hermosillo-entrega-ayuntamiento-rehabilitacion-en-parque-jardines\/#article","isPartOf":{"@id":"https:\/\/www.sonoraenequipo.com.mx\/hermosillo-entrega-ayuntamiento-rehabilitacion-en-parque-jardines\/"},"author":{"name":"enequipo","@id":"https:\/\/www.sonoraenequipo.com.mx\/#\/schema\/person\/50102df0fb23a8fa9e8effad8fa81386"},"headline":"HERMOSILLO. Entrega ayuntamiento rehabilitaci\u00f3n en Parque Jardines","datePublished":"2023-07-25T03:23:58+00:00","dateModified":"2023-07-25T03:39:59+00:00","mainEntityOfPage":{"@id":"https:\/\/www.sonoraenequipo.com.mx\/hermosillo-entrega-ayuntamiento-rehabilitacion-en-parque-jardines\/"},"wordCount":466,"commentCount":0,"publisher":{"@id":"https:\/\/www.sonoraenequipo.com.mx\/#organization"},"image":{"@id":"https:\/\/www.sonoraenequipo.com.mx\/hermosillo-entrega-ayuntamiento-rehabilitacion-en-parque-jardines\/#primaryimage"},"thumbnailUrl":"https:\/\/www.sonoraenequipo.com.mx\/storage\/2023\/07\/Entrega-Ton\u0303o-Astiazara\u0301n-rehabilitacio\u0301n-en-Parque-Jardines_2-min.jpeg","articleSection":["Municipios"],"inLanguage":"es","potentialAction":[{"@type":"CommentAction","name":"Comment","target":["https:\/\/www.sonoraenequipo.com.mx\/hermosillo-entrega-ayuntamiento-rehabilitacion-en-parque-jardines\/#respond"]}]},{"@type":"WebPage","@id":"https:\/\/www.sonoraenequipo.com.mx\/hermosillo-entrega-ayuntamiento-rehabilitacion-en-parque-jardines\/","url":"https:\/\/www.sonoraenequipo.com.mx\/hermosillo-entrega-ayuntamiento-rehabilitacion-en-parque-jardines\/","name":"Sonora en Equipo. HERMOSILLO. Entrega ayuntamiento rehabilitaci\u00f3n en Parque Jardines Municipios","isPartOf":{"@id":"https:\/\/www.sonoraenequipo.com.mx\/#website"},"primaryImageOfPage":{"@id":"https:\/\/www.sonoraenequipo.com.mx\/hermosillo-entrega-ayuntamiento-rehabilitacion-en-parque-jardines\/#primaryimage"},"image":{"@id":"https:\/\/www.sonoraenequipo.com.mx\/hermosillo-entrega-ayuntamiento-rehabilitacion-en-parque-jardines\/#primaryimage"},"thumbnailUrl":"https:\/\/www.sonoraenequipo.com.mx\/storage\/2023\/07\/Entrega-Ton\u0303o-Astiazara\u0301n-rehabilitacio\u0301n-en-Parque-Jardines_2-min.jpeg","datePublished":"2023-07-25T03:23:58+00:00","dateModified":"2023-07-25T03:39:59+00:00","description":"HERMOSILLO, SONORA. MX. \u2014 \u201cCada parque que estamos arreglando es inclusivo no solamente con las rampas sino toda la infraestructura y juegos para personas En Sonora en Equipo publicamos toda la informaci\u00f3n de Sonora, M\u00e9xico y el Mundo de manera oportuna y busca que la libertad de expresi\u00f3n sea real. Visita nuestro medio informativo publicado desde Hermosillo, Sonora. %","breadcrumb":{"@id":"https:\/\/www.sonoraenequipo.com.mx\/hermosillo-entrega-ayuntamiento-rehabilitacion-en-parque-jardines\/#breadcrumb"},"inLanguage":"es","potentialAction":[{"@type":"ReadAction","target":["https:\/\/www.sonoraenequipo.com.mx\/hermosillo-entrega-ayuntamiento-rehabilitacion-en-parque-jardines\/"]}]},{"@type":"ImageObject","inLanguage":"es","@id":"https:\/\/www.sonoraenequipo.com.mx\/hermosillo-entrega-ayuntamiento-rehabilitacion-en-parque-jardines\/#primaryimage","url":"https:\/\/www.sonoraenequipo.com.mx\/storage\/2023\/07\/Entrega-Ton\u0303o-Astiazara\u0301n-rehabilitacio\u0301n-en-Parque-Jardines_2-min.jpeg","contentUrl":"https:\/\/www.sonoraenequipo.com.mx\/storage\/2023\/07\/Entrega-Ton\u0303o-Astiazara\u0301n-rehabilitacio\u0301n-en-Parque-Jardines_2-min.jpeg","width":1024,"height":682},{"@type":"BreadcrumbList","@id":"https:\/\/www.sonoraenequipo.com.mx\/hermosillo-entrega-ayuntamiento-rehabilitacion-en-parque-jardines\/#breadcrumb","itemListElement":[{"@type":"ListItem","position":1,"name":"Portada","item":"https:\/\/www.sonoraenequipo.com.mx\/"},{"@type":"ListItem","position":2,"name":"HERMOSILLO. Entrega ayuntamiento rehabilitaci\u00f3n en Parque Jardines"}]},{"@type":"WebSite","@id":"https:\/\/www.sonoraenequipo.com.mx\/#website","url":"https:\/\/www.sonoraenequipo.com.mx\/","name":"Sonora en Equipo.","description":"Diario en l\u00ednea con Noticias desde Hermosillo, Sonora","publisher":{"@id":"https:\/\/www.sonoraenequipo.com.mx\/#organization"},"potentialAction":[{"@type":"SearchAction","target":{"@type":"EntryPoint","urlTemplate":"https:\/\/www.sonoraenequipo.com.mx\/?s={search_term_string}"},"query-input":{"@type":"PropertyValueSpecification","valueRequired":true,"valueName":"search_term_string"}}],"inLanguage":"es"},{"@type":"Organization","@id":"https:\/\/www.sonoraenequipo.com.mx\/#organization","name":"Sonoraenequipo.com.mx","url":"https:\/\/www.sonoraenequipo.com.mx\/","logo":{"@type":"ImageObject","inLanguage":"es","@id":"https:\/\/www.sonoraenequipo.com.mx\/#\/schema\/logo\/image\/","url":"https:\/\/www.sonoraenequipo.com.mx\/storage\/2019\/01\/sonoraenequipo_opt.png","contentUrl":"https:\/\/www.sonoraenequipo.com.mx\/storage\/2019\/01\/sonoraenequipo_opt.png","width":375,"height":125,"caption":"Sonoraenequipo.com.mx"},"image":{"@id":"https:\/\/www.sonoraenequipo.com.mx\/#\/schema\/logo\/image\/"},"sameAs":["https:\/\/www.facebook.com\/SonoraEE\/","https:\/\/x.com\/sonoraenequipo","https:\/\/www.youtube.com\/channel\/UC338nW-lPEYmJQs4ZABQ1SQ"]},{"@type":"Person","@id":"https:\/\/www.sonoraenequipo.com.mx\/#\/schema\/person\/50102df0fb23a8fa9e8effad8fa81386","name":"enequipo","image":{"@type":"ImageObject","inLanguage":"es","@id":"https:\/\/www.sonoraenequipo.com.mx\/#\/schema\/person\/image\/","url":"https:\/\/secure.gravatar.com\/avatar\/049821681b589dabc0bc20695993ccebb09f5b5d4d790cd9251b97faac7c652b?s=96&d=blank&r=g","contentUrl":"https:\/\/secure.gravatar.com\/avatar\/049821681b589dabc0bc20695993ccebb09f5b5d4d790cd9251b97faac7c652b?s=96&d=blank&r=g","caption":"enequipo"},"sameAs":["https:\/\/www.facebook.com\/SonoraEE"]}]}},"jetpack_featured_media_url":"https:\/\/www.sonoraenequipo.com.mx\/storage\/2023\/07\/Entrega-Ton\u0303o-Astiazara\u0301n-rehabilitacio\u0301n-en-Parque-Jardines_2-min.jpeg","_links":{"self":[{"href":"https:\/\/www.sonoraenequipo.com.mx\/api\/wp\/v2\/posts\/171046","targetHints":{"allow":["GET"]}}],"collection":[{"href":"https:\/\/www.sonoraenequipo.com.mx\/api\/wp\/v2\/posts"}],"about":[{"href":"https:\/\/www.sonoraenequipo.com.mx\/api\/wp\/v2\/types\/post"}],"author":[{"embeddable":true,"href":"https:\/\/www.sonoraenequipo.com.mx\/api\/wp\/v2\/users\/1"}],"replies":[{"embeddable":true,"href":"https:\/\/www.sonoraenequipo.com.mx\/api\/wp\/v2\/comments?post=171046"}],"version-history":[{"count":1,"href":"https:\/\/www.sonoraenequipo.com.mx\/api\/wp\/v2\/posts\/171046\/revisions"}],"predecessor-version":[{"id":171047,"href":"https:\/\/www.sonoraenequipo.com.mx\/api\/wp\/v2\/posts\/171046\/revisions\/171047"}],"wp:featuredmedia":[{"embeddable":true,"href":"https:\/\/www.sonoraenequipo.com.mx\/api\/wp\/v2\/media\/171044"}],"wp:attachment":[{"href":"https:\/\/www.sonoraenequipo.com.mx\/api\/wp\/v2\/media?parent=171046"}],"wp:term":[{"taxonomy":"category","embeddable":true,"href":"https:\/\/www.sonoraenequipo.com.mx\/api\/wp\/v2\/categories?post=171046"},{"taxonomy":"post_tag","embeddable":true,"href":"https:\/\/www.sonoraenequipo.com.mx\/api\/wp\/v2\/tags?post=171046"}],"curies":[{"name":"wp","href":"https:\/\/api.w.org\/{rel}","templated":true}]}}