{"id":171048,"date":"2023-07-24T21:45:26","date_gmt":"2023-07-25T04:45:26","guid":{"rendered":"https:\/\/www.sonoraenequipo.com.mx\/?p=171048"},"modified":"2023-07-24T20:45:01","modified_gmt":"2023-07-25T03:45:01","slug":"participan-ninas-ninos-y-personas-adolescentes-en-el-campamento-de-verano-del-idh","status":"publish","type":"post","link":"https:\/\/www.sonoraenequipo.com.mx\/participan-ninas-ninos-y-personas-adolescentes-en-el-campamento-de-verano-del-idh\/","title":{"rendered":"Participan ni\u00f1as, ni\u00f1os y personas adolescentes en el campamento de verano del IDH"},"content":{"rendered":"<h3><em>Incluye actividades recreativas, formativas y de activaci\u00f3n f\u00edsica en las instalaciones de la Unidad Deportiva Nacameri y la cancha 4 de la colonia Olivares<\/em><\/h3>\n<p>&nbsp;<\/p>\n<p> <br \/>\n<strong>HERMOSILLO, SONORA. MX. \u2014<\/strong> Ni\u00f1as, ni\u00f1os y adolescentes de entre 6 y 17 a\u00f1os respondieron este lunes 24 de julio a la invitaci\u00f3n del Instituto del Deporte de Hermosillo (IDH) de sumarse al campamento de verano 2023.<\/p>\n<p>&nbsp;<\/p>\n<p> <br \/>\nArmando Labrada Garc\u00eda, director del IDH, explic\u00f3 que el programa de actividades gratuitas continuar\u00e1 hasta el pr\u00f3ximo viernes 28 de julio en un horario de las 8:30 a las 12:30, con flexibilidad para aceptar a participantes de menor o mayor edad sin problema.<\/p>\n<p>&nbsp;<\/p>\n<p>\u201cEl deporte es una actividad sana, de acuerdo con las indicaciones del presidente Antonio Astiazar\u00e1n hay que sacar a las ni\u00f1as y ni\u00f1os de las casas y del uso de los aparatos electr\u00f3nicos y que se vengan a hacer ejercicio, activaci\u00f3n f\u00edsica y deporte\u201d, expres\u00f3 el funcionario.<\/p>\n<p>&nbsp;<\/p>\n<p>La oferta disponible incluye pr\u00e1cticas de b\u00e9isbol, volibol, basquetbol, futbol y juegos recreativos, as\u00ed como acciones formativas complementarias por parte de instructores del programa DARE, binomios caninos y Bomberos de Hermosillo, abund\u00f3.<\/p>\n<p>&nbsp;<\/p>\n<p>Las puertas estar\u00e1n abiertas a la incorporaci\u00f3n de m\u00e1s participantes. \u201c<em><strong>No hay l\u00edmite de tiempo, toda ni\u00f1a y ni\u00f1o que venga va a ser bien atendido\u201d,<\/strong><\/em> asegur\u00f3.<\/p>\n<p>&nbsp;<\/p>\n<p>Hizo notar que adem\u00e1s de las actividades que estar\u00e1n desarroll\u00e1ndose en la Unidad Deportiva Nacameri, tambi\u00e9n habr\u00e1 otras enfocadas particularmente en el box, en la cancha 4 de la colonia Olivares, en las calles Olivares y Leopoldo Ramos.<\/p>\n<p>&nbsp;<\/p>\n<p>Mencion\u00f3 que se est\u00e1n tomando previsiones para evitar afectaciones por calor, por ejemplo, con las actividades de exterior solo entre las 8:30 y las 10:00 horas, mientras que la mayor\u00eda se realizan bajo techo en el gimnasio Sergio Maldonado, con apoyo de dos enfriadores de aire y libre disposici\u00f3n de agua para todas y todos.<\/p>\n<p>&nbsp;<\/p>\n<p>&nbsp;<\/p>\n<p>PUBLICADO EL 24 DE JULIO DE 2023\/ Con informaci\u00f3n de HMO 534\/2023)<\/p>\n","protected":false},"excerpt":{"rendered":"<p>Incluye actividades recreativas, formativas y de activaci\u00f3n f\u00edsica en las instalaciones de la Unidad Deportiva&#8230;<\/p>\n","protected":false},"author":1,"featured_media":171042,"comment_status":"open","ping_status":"open","sticky":false,"template":"","format":"standard","meta":{"_monsterinsights_skip_tracking":false,"_monsterinsights_sitenote_active":false,"_monsterinsights_sitenote_note":"","_monsterinsights_sitenote_category":0,"footnotes":""},"categories":[10],"tags":[],"class_list":["post"],"yoast_head":" \n<title>Sonora en Equipo. Participan ni\u00f1as, ni\u00f1os y personas adolescentes en el campamento de verano del IDH Deportes<\/title>\n<meta name=\"description\" content=\"Incluye actividades recreativas, formativas y de activaci\u00f3n f\u00edsica en las instalaciones de la Unidad Deportiva Nacameri y la cancha 4 de la colonia En Sonora en Equipo publicamos toda la informaci\u00f3n de Sonora, M\u00e9xico y el Mundo de manera oportuna y busca que la libertad de expresi\u00f3n sea real. Visita nuestro medio informativo publicado desde Hermosillo, Sonora. %\" \/>\n<meta name=\"robots\" content=\"index, follow, max-snippet:-1, max-image-preview:large, max-video-preview:-1\" \/>\n<link rel=\"canonical\" href=\"https:\/\/www.sonoraenequipo.com.mx\/participan-ninas-ninos-y-personas-adolescentes-en-el-campamento-de-verano-del-idh\/\" \/>\n<meta property=\"og:locale\" content=\"es_ES\" \/>\n<meta property=\"og:type\" content=\"article\" \/>\n<meta property=\"og:title\" content=\"Sonora en Equipo. Participan ni\u00f1as, ni\u00f1os y personas adolescentes en el campamento de verano del IDH Deportes\" \/>\n<meta property=\"og:description\" content=\"Incluye actividades recreativas, formativas y de activaci\u00f3n f\u00edsica en las instalaciones de la Unidad Deportiva Nacameri y la cancha 4 de la colonia En Sonora en Equipo publicamos toda la informaci\u00f3n de Sonora, M\u00e9xico y el Mundo de manera oportuna y busca que la libertad de expresi\u00f3n sea real. Visita nuestro medio informativo publicado desde Hermosillo, Sonora. %\" \/>\n<meta property=\"og:url\" content=\"https:\/\/www.sonoraenequipo.com.mx\/participan-ninas-ninos-y-personas-adolescentes-en-el-campamento-de-verano-del-idh\/\" \/>\n<meta property=\"og:site_name\" content=\"Sonora en Equipo.\" \/>\n<meta property=\"article:publisher\" content=\"https:\/\/www.facebook.com\/SonoraEE\/\" \/>\n<meta property=\"article:author\" content=\"https:\/\/www.facebook.com\/SonoraEE\" \/>\n<meta property=\"article:published_time\" content=\"2023-07-25T04:45:26+00:00\" \/>\n<meta property=\"og:image\" content=\"https:\/\/www.sonoraenequipo.com.mx\/storage\/2023\/07\/Participan-nin\u0303as-nin\u0303os-y-personas-adolescentes-en-el-campamento-de-verano-del-IDH_4-min.jpeg\" \/>\n\t<meta property=\"og:image:width\" content=\"1024\" \/>\n\t<meta property=\"og:image:height\" content=\"732\" \/>\n\t<meta property=\"og:image:type\" content=\"image\/jpeg\" \/>\n<meta name=\"author\" content=\"enequipo\" \/>\n<meta name=\"twitter:card\" content=\"summary_large_image\" \/>\n<meta name=\"twitter:creator\" content=\"@sonoraenequipo\" \/>\n<meta name=\"twitter:site\" content=\"@sonoraenequipo\" \/>\n<meta name=\"twitter:label1\" content=\"Escrito por\" \/>\n\t<meta name=\"twitter:data1\" content=\"enequipo\" \/>\n\t<meta name=\"twitter:label2\" content=\"Tiempo de lectura\" \/>\n\t<meta name=\"twitter:data2\" content=\"2 minutos\" \/>\n<script type=\"application\/ld+json\" class=\"yoast-schema-graph\">{\"@context\":\"https:\/\/schema.org\",\"@graph\":[{\"@type\":\"Article\",\"@id\":\"https:\/\/www.sonoraenequipo.com.mx\/participan-ninas-ninos-y-personas-adolescentes-en-el-campamento-de-verano-del-idh\/#article\",\"isPartOf\":{\"@id\":\"https:\/\/www.sonoraenequipo.com.mx\/participan-ninas-ninos-y-personas-adolescentes-en-el-campamento-de-verano-del-idh\/\"},\"author\":{\"name\":\"enequipo\",\"@id\":\"https:\/\/www.sonoraenequipo.com.mx\/#\/schema\/person\/50102df0fb23a8fa9e8effad8fa81386\"},\"headline\":\"Participan ni\u00f1as, ni\u00f1os y personas adolescentes en el campamento de verano del IDH\",\"datePublished\":\"2023-07-25T04:45:26+00:00\",\"mainEntityOfPage\":{\"@id\":\"https:\/\/www.sonoraenequipo.com.mx\/participan-ninas-ninos-y-personas-adolescentes-en-el-campamento-de-verano-del-idh\/\"},\"wordCount\":354,\"commentCount\":0,\"publisher\":{\"@id\":\"https:\/\/www.sonoraenequipo.com.mx\/#organization\"},\"image\":{\"@id\":\"https:\/\/www.sonoraenequipo.com.mx\/participan-ninas-ninos-y-personas-adolescentes-en-el-campamento-de-verano-del-idh\/#primaryimage\"},\"thumbnailUrl\":\"https:\/\/www.sonoraenequipo.com.mx\/storage\/2023\/07\/Participan-nin\u0303as-nin\u0303os-y-personas-adolescentes-en-el-campamento-de-verano-del-IDH_4-min.jpeg\",\"articleSection\":[\"Deportes\"],\"inLanguage\":\"es\",\"potentialAction\":[{\"@type\":\"CommentAction\",\"name\":\"Comment\",\"target\":[\"https:\/\/www.sonoraenequipo.com.mx\/participan-ninas-ninos-y-personas-adolescentes-en-el-campamento-de-verano-del-idh\/#respond\"]}]},{\"@type\":\"WebPage\",\"@id\":\"https:\/\/www.sonoraenequipo.com.mx\/participan-ninas-ninos-y-personas-adolescentes-en-el-campamento-de-verano-del-idh\/\",\"url\":\"https:\/\/www.sonoraenequipo.com.mx\/participan-ninas-ninos-y-personas-adolescentes-en-el-campamento-de-verano-del-idh\/\",\"name\":\"Sonora en Equipo. Participan ni\u00f1as, ni\u00f1os y personas adolescentes en el campamento de verano del IDH Deportes\",\"isPartOf\":{\"@id\":\"https:\/\/www.sonoraenequipo.com.mx\/#website\"},\"primaryImageOfPage\":{\"@id\":\"https:\/\/www.sonoraenequipo.com.mx\/participan-ninas-ninos-y-personas-adolescentes-en-el-campamento-de-verano-del-idh\/#primaryimage\"},\"image\":{\"@id\":\"https:\/\/www.sonoraenequipo.com.mx\/participan-ninas-ninos-y-personas-adolescentes-en-el-campamento-de-verano-del-idh\/#primaryimage\"},\"thumbnailUrl\":\"https:\/\/www.sonoraenequipo.com.mx\/storage\/2023\/07\/Participan-nin\u0303as-nin\u0303os-y-personas-adolescentes-en-el-campamento-de-verano-del-IDH_4-min.jpeg\",\"datePublished\":\"2023-07-25T04:45:26+00:00\",\"description\":\"Incluye actividades recreativas, formativas y de activaci\u00f3n f\u00edsica en las instalaciones de la Unidad Deportiva Nacameri y la cancha 4 de la colonia En Sonora en Equipo publicamos toda la informaci\u00f3n de Sonora, M\u00e9xico y el Mundo de manera oportuna y busca que la libertad de expresi\u00f3n sea real. Visita nuestro medio informativo publicado desde Hermosillo, Sonora. %\",\"breadcrumb\":{\"@id\":\"https:\/\/www.sonoraenequipo.com.mx\/participan-ninas-ninos-y-personas-adolescentes-en-el-campamento-de-verano-del-idh\/#breadcrumb\"},\"inLanguage\":\"es\",\"potentialAction\":[{\"@type\":\"ReadAction\",\"target\":[\"https:\/\/www.sonoraenequipo.com.mx\/participan-ninas-ninos-y-personas-adolescentes-en-el-campamento-de-verano-del-idh\/\"]}]},{\"@type\":\"ImageObject\",\"inLanguage\":\"es\",\"@id\":\"https:\/\/www.sonoraenequipo.com.mx\/participan-ninas-ninos-y-personas-adolescentes-en-el-campamento-de-verano-del-idh\/#primaryimage\",\"url\":\"https:\/\/www.sonoraenequipo.com.mx\/storage\/2023\/07\/Participan-nin\u0303as-nin\u0303os-y-personas-adolescentes-en-el-campamento-de-verano-del-IDH_4-min.jpeg\",\"contentUrl\":\"https:\/\/www.sonoraenequipo.com.mx\/storage\/2023\/07\/Participan-nin\u0303as-nin\u0303os-y-personas-adolescentes-en-el-campamento-de-verano-del-IDH_4-min.jpeg\",\"width\":1024,\"height\":732},{\"@type\":\"BreadcrumbList\",\"@id\":\"https:\/\/www.sonoraenequipo.com.mx\/participan-ninas-ninos-y-personas-adolescentes-en-el-campamento-de-verano-del-idh\/#breadcrumb\",\"itemListElement\":[{\"@type\":\"ListItem\",\"position\":1,\"name\":\"Portada\",\"item\":\"https:\/\/www.sonoraenequipo.com.mx\/\"},{\"@type\":\"ListItem\",\"position\":2,\"name\":\"Participan ni\u00f1as, ni\u00f1os y personas adolescentes en el campamento de verano del IDH\"}]},{\"@type\":\"WebSite\",\"@id\":\"https:\/\/www.sonoraenequipo.com.mx\/#website\",\"url\":\"https:\/\/www.sonoraenequipo.com.mx\/\",\"name\":\"Sonora en Equipo.\",\"description\":\"Diario en l\u00ednea con Noticias desde Hermosillo, Sonora\",\"publisher\":{\"@id\":\"https:\/\/www.sonoraenequipo.com.mx\/#organization\"},\"potentialAction\":[{\"@type\":\"SearchAction\",\"target\":{\"@type\":\"EntryPoint\",\"urlTemplate\":\"https:\/\/www.sonoraenequipo.com.mx\/?s={search_term_string}\"},\"query-input\":{\"@type\":\"PropertyValueSpecification\",\"valueRequired\":true,\"valueName\":\"search_term_string\"}}],\"inLanguage\":\"es\"},{\"@type\":\"Organization\",\"@id\":\"https:\/\/www.sonoraenequipo.com.mx\/#organization\",\"name\":\"Sonoraenequipo.com.mx\",\"url\":\"https:\/\/www.sonoraenequipo.com.mx\/\",\"logo\":{\"@type\":\"ImageObject\",\"inLanguage\":\"es\",\"@id\":\"https:\/\/www.sonoraenequipo.com.mx\/#\/schema\/logo\/image\/\",\"url\":\"https:\/\/www.sonoraenequipo.com.mx\/storage\/2019\/01\/sonoraenequipo_opt.png\",\"contentUrl\":\"https:\/\/www.sonoraenequipo.com.mx\/storage\/2019\/01\/sonoraenequipo_opt.png\",\"width\":375,\"height\":125,\"caption\":\"Sonoraenequipo.com.mx\"},\"image\":{\"@id\":\"https:\/\/www.sonoraenequipo.com.mx\/#\/schema\/logo\/image\/\"},\"sameAs\":[\"https:\/\/www.facebook.com\/SonoraEE\/\",\"https:\/\/x.com\/sonoraenequipo\",\"https:\/\/www.youtube.com\/channel\/UC338nW-lPEYmJQs4ZABQ1SQ\"]},{\"@type\":\"Person\",\"@id\":\"https:\/\/www.sonoraenequipo.com.mx\/#\/schema\/person\/50102df0fb23a8fa9e8effad8fa81386\",\"name\":\"enequipo\",\"image\":{\"@type\":\"ImageObject\",\"inLanguage\":\"es\",\"@id\":\"https:\/\/www.sonoraenequipo.com.mx\/#\/schema\/person\/image\/\",\"url\":\"https:\/\/secure.gravatar.com\/avatar\/049821681b589dabc0bc20695993ccebb09f5b5d4d790cd9251b97faac7c652b?s=96&d=blank&r=g\",\"contentUrl\":\"https:\/\/secure.gravatar.com\/avatar\/049821681b589dabc0bc20695993ccebb09f5b5d4d790cd9251b97faac7c652b?s=96&d=blank&r=g\",\"caption\":\"enequipo\"},\"sameAs\":[\"https:\/\/www.facebook.com\/SonoraEE\"]}]}<\/script>\n ","yoast_head_json":{"title":"Sonora en Equipo. Participan ni\u00f1as, ni\u00f1os y personas adolescentes en el campamento de verano del IDH Deportes","description":"Incluye actividades recreativas, formativas y de activaci\u00f3n f\u00edsica en las instalaciones de la Unidad Deportiva Nacameri y la cancha 4 de la colonia En Sonora en Equipo publicamos toda la informaci\u00f3n de Sonora, M\u00e9xico y el Mundo de manera oportuna y busca que la libertad de expresi\u00f3n sea real. Visita nuestro medio informativo publicado desde Hermosillo, Sonora. %","robots":{"index":"index","follow":"follow","max-snippet":"max-snippet:-1","max-image-preview":"max-image-preview:large","max-video-preview":"max-video-preview:-1"},"canonical":"https:\/\/www.sonoraenequipo.com.mx\/participan-ninas-ninos-y-personas-adolescentes-en-el-campamento-de-verano-del-idh\/","og_locale":"es_ES","og_type":"article","og_title":"Sonora en Equipo. Participan ni\u00f1as, ni\u00f1os y personas adolescentes en el campamento de verano del IDH Deportes","og_description":"Incluye actividades recreativas, formativas y de activaci\u00f3n f\u00edsica en las instalaciones de la Unidad Deportiva Nacameri y la cancha 4 de la colonia En Sonora en Equipo publicamos toda la informaci\u00f3n de Sonora, M\u00e9xico y el Mundo de manera oportuna y busca que la libertad de expresi\u00f3n sea real. Visita nuestro medio informativo publicado desde Hermosillo, Sonora. %","og_url":"https:\/\/www.sonoraenequipo.com.mx\/participan-ninas-ninos-y-personas-adolescentes-en-el-campamento-de-verano-del-idh\/","og_site_name":"Sonora en Equipo.","article_publisher":"https:\/\/www.facebook.com\/SonoraEE\/","article_author":"https:\/\/www.facebook.com\/SonoraEE","article_published_time":"2023-07-25T04:45:26+00:00","og_image":[{"width":1024,"height":732,"url":"https:\/\/www.sonoraenequipo.com.mx\/storage\/2023\/07\/Participan-nin\u0303as-nin\u0303os-y-personas-adolescentes-en-el-campamento-de-verano-del-IDH_4-min.jpeg","type":"image\/jpeg"}],"author":"enequipo","twitter_card":"summary_large_image","twitter_creator":"@sonoraenequipo","twitter_site":"@sonoraenequipo","twitter_misc":{"Escrito por":"enequipo","Tiempo de lectura":"2 minutos"},"schema":{"@context":"https:\/\/schema.org","@graph":[{"@type":"Article","@id":"https:\/\/www.sonoraenequipo.com.mx\/participan-ninas-ninos-y-personas-adolescentes-en-el-campamento-de-verano-del-idh\/#article","isPartOf":{"@id":"https:\/\/www.sonoraenequipo.com.mx\/participan-ninas-ninos-y-personas-adolescentes-en-el-campamento-de-verano-del-idh\/"},"author":{"name":"enequipo","@id":"https:\/\/www.sonoraenequipo.com.mx\/#\/schema\/person\/50102df0fb23a8fa9e8effad8fa81386"},"headline":"Participan ni\u00f1as, ni\u00f1os y personas adolescentes en el campamento de verano del IDH","datePublished":"2023-07-25T04:45:26+00:00","mainEntityOfPage":{"@id":"https:\/\/www.sonoraenequipo.com.mx\/participan-ninas-ninos-y-personas-adolescentes-en-el-campamento-de-verano-del-idh\/"},"wordCount":354,"commentCount":0,"publisher":{"@id":"https:\/\/www.sonoraenequipo.com.mx\/#organization"},"image":{"@id":"https:\/\/www.sonoraenequipo.com.mx\/participan-ninas-ninos-y-personas-adolescentes-en-el-campamento-de-verano-del-idh\/#primaryimage"},"thumbnailUrl":"https:\/\/www.sonoraenequipo.com.mx\/storage\/2023\/07\/Participan-nin\u0303as-nin\u0303os-y-personas-adolescentes-en-el-campamento-de-verano-del-IDH_4-min.jpeg","articleSection":["Deportes"],"inLanguage":"es","potentialAction":[{"@type":"CommentAction","name":"Comment","target":["https:\/\/www.sonoraenequipo.com.mx\/participan-ninas-ninos-y-personas-adolescentes-en-el-campamento-de-verano-del-idh\/#respond"]}]},{"@type":"WebPage","@id":"https:\/\/www.sonoraenequipo.com.mx\/participan-ninas-ninos-y-personas-adolescentes-en-el-campamento-de-verano-del-idh\/","url":"https:\/\/www.sonoraenequipo.com.mx\/participan-ninas-ninos-y-personas-adolescentes-en-el-campamento-de-verano-del-idh\/","name":"Sonora en Equipo. Participan ni\u00f1as, ni\u00f1os y personas adolescentes en el campamento de verano del IDH Deportes","isPartOf":{"@id":"https:\/\/www.sonoraenequipo.com.mx\/#website"},"primaryImageOfPage":{"@id":"https:\/\/www.sonoraenequipo.com.mx\/participan-ninas-ninos-y-personas-adolescentes-en-el-campamento-de-verano-del-idh\/#primaryimage"},"image":{"@id":"https:\/\/www.sonoraenequipo.com.mx\/participan-ninas-ninos-y-personas-adolescentes-en-el-campamento-de-verano-del-idh\/#primaryimage"},"thumbnailUrl":"https:\/\/www.sonoraenequipo.com.mx\/storage\/2023\/07\/Participan-nin\u0303as-nin\u0303os-y-personas-adolescentes-en-el-campamento-de-verano-del-IDH_4-min.jpeg","datePublished":"2023-07-25T04:45:26+00:00","description":"Incluye actividades recreativas, formativas y de activaci\u00f3n f\u00edsica en las instalaciones de la Unidad Deportiva Nacameri y la cancha 4 de la colonia En Sonora en Equipo publicamos toda la informaci\u00f3n de Sonora, M\u00e9xico y el Mundo de manera oportuna y busca que la libertad de expresi\u00f3n sea real. Visita nuestro medio informativo publicado desde Hermosillo, Sonora. %","breadcrumb":{"@id":"https:\/\/www.sonoraenequipo.com.mx\/participan-ninas-ninos-y-personas-adolescentes-en-el-campamento-de-verano-del-idh\/#breadcrumb"},"inLanguage":"es","potentialAction":[{"@type":"ReadAction","target":["https:\/\/www.sonoraenequipo.com.mx\/participan-ninas-ninos-y-personas-adolescentes-en-el-campamento-de-verano-del-idh\/"]}]},{"@type":"ImageObject","inLanguage":"es","@id":"https:\/\/www.sonoraenequipo.com.mx\/participan-ninas-ninos-y-personas-adolescentes-en-el-campamento-de-verano-del-idh\/#primaryimage","url":"https:\/\/www.sonoraenequipo.com.mx\/storage\/2023\/07\/Participan-nin\u0303as-nin\u0303os-y-personas-adolescentes-en-el-campamento-de-verano-del-IDH_4-min.jpeg","contentUrl":"https:\/\/www.sonoraenequipo.com.mx\/storage\/2023\/07\/Participan-nin\u0303as-nin\u0303os-y-personas-adolescentes-en-el-campamento-de-verano-del-IDH_4-min.jpeg","width":1024,"height":732},{"@type":"BreadcrumbList","@id":"https:\/\/www.sonoraenequipo.com.mx\/participan-ninas-ninos-y-personas-adolescentes-en-el-campamento-de-verano-del-idh\/#breadcrumb","itemListElement":[{"@type":"ListItem","position":1,"name":"Portada","item":"https:\/\/www.sonoraenequipo.com.mx\/"},{"@type":"ListItem","position":2,"name":"Participan ni\u00f1as, ni\u00f1os y personas adolescentes en el campamento de verano del IDH"}]},{"@type":"WebSite","@id":"https:\/\/www.sonoraenequipo.com.mx\/#website","url":"https:\/\/www.sonoraenequipo.com.mx\/","name":"Sonora en Equipo.","description":"Diario en l\u00ednea con Noticias desde Hermosillo, Sonora","publisher":{"@id":"https:\/\/www.sonoraenequipo.com.mx\/#organization"},"potentialAction":[{"@type":"SearchAction","target":{"@type":"EntryPoint","urlTemplate":"https:\/\/www.sonoraenequipo.com.mx\/?s={search_term_string}"},"query-input":{"@type":"PropertyValueSpecification","valueRequired":true,"valueName":"search_term_string"}}],"inLanguage":"es"},{"@type":"Organization","@id":"https:\/\/www.sonoraenequipo.com.mx\/#organization","name":"Sonoraenequipo.com.mx","url":"https:\/\/www.sonoraenequipo.com.mx\/","logo":{"@type":"ImageObject","inLanguage":"es","@id":"https:\/\/www.sonoraenequipo.com.mx\/#\/schema\/logo\/image\/","url":"https:\/\/www.sonoraenequipo.com.mx\/storage\/2019\/01\/sonoraenequipo_opt.png","contentUrl":"https:\/\/www.sonoraenequipo.com.mx\/storage\/2019\/01\/sonoraenequipo_opt.png","width":375,"height":125,"caption":"Sonoraenequipo.com.mx"},"image":{"@id":"https:\/\/www.sonoraenequipo.com.mx\/#\/schema\/logo\/image\/"},"sameAs":["https:\/\/www.facebook.com\/SonoraEE\/","https:\/\/x.com\/sonoraenequipo","https:\/\/www.youtube.com\/channel\/UC338nW-lPEYmJQs4ZABQ1SQ"]},{"@type":"Person","@id":"https:\/\/www.sonoraenequipo.com.mx\/#\/schema\/person\/50102df0fb23a8fa9e8effad8fa81386","name":"enequipo","image":{"@type":"ImageObject","inLanguage":"es","@id":"https:\/\/www.sonoraenequipo.com.mx\/#\/schema\/person\/image\/","url":"https:\/\/secure.gravatar.com\/avatar\/049821681b589dabc0bc20695993ccebb09f5b5d4d790cd9251b97faac7c652b?s=96&d=blank&r=g","contentUrl":"https:\/\/secure.gravatar.com\/avatar\/049821681b589dabc0bc20695993ccebb09f5b5d4d790cd9251b97faac7c652b?s=96&d=blank&r=g","caption":"enequipo"},"sameAs":["https:\/\/www.facebook.com\/SonoraEE"]}]}},"jetpack_featured_media_url":"https:\/\/www.sonoraenequipo.com.mx\/storage\/2023\/07\/Participan-nin\u0303as-nin\u0303os-y-personas-adolescentes-en-el-campamento-de-verano-del-IDH_4-min.jpeg","_links":{"self":[{"href":"https:\/\/www.sonoraenequipo.com.mx\/api\/wp\/v2\/posts\/171048","targetHints":{"allow":["GET"]}}],"collection":[{"href":"https:\/\/www.sonoraenequipo.com.mx\/api\/wp\/v2\/posts"}],"about":[{"href":"https:\/\/www.sonoraenequipo.com.mx\/api\/wp\/v2\/types\/post"}],"author":[{"embeddable":true,"href":"https:\/\/www.sonoraenequipo.com.mx\/api\/wp\/v2\/users\/1"}],"replies":[{"embeddable":true,"href":"https:\/\/www.sonoraenequipo.com.mx\/api\/wp\/v2\/comments?post=171048"}],"version-history":[{"count":1,"href":"https:\/\/www.sonoraenequipo.com.mx\/api\/wp\/v2\/posts\/171048\/revisions"}],"predecessor-version":[{"id":171049,"href":"https:\/\/www.sonoraenequipo.com.mx\/api\/wp\/v2\/posts\/171048\/revisions\/171049"}],"wp:featuredmedia":[{"embeddable":true,"href":"https:\/\/www.sonoraenequipo.com.mx\/api\/wp\/v2\/media\/171042"}],"wp:attachment":[{"href":"https:\/\/www.sonoraenequipo.com.mx\/api\/wp\/v2\/media?parent=171048"}],"wp:term":[{"taxonomy":"category","embeddable":true,"href":"https:\/\/www.sonoraenequipo.com.mx\/api\/wp\/v2\/categories?post=171048"},{"taxonomy":"post_tag","embeddable":true,"href":"https:\/\/www.sonoraenequipo.com.mx\/api\/wp\/v2\/tags?post=171048"}],"curies":[{"name":"wp","href":"https:\/\/api.w.org\/{rel}","templated":true}]}}