{"id":171050,"date":"2023-07-24T09:23:28","date_gmt":"2023-07-24T16:23:28","guid":{"rendered":"https:\/\/www.sonoraenequipo.com.mx\/?p=171050"},"modified":"2023-07-24T21:00:30","modified_gmt":"2023-07-25T04:00:30","slug":"trazo-listo-para-pruebas-dinamicas-del-tren-maya","status":"publish","type":"post","link":"https:\/\/www.sonoraenequipo.com.mx\/trazo-listo-para-pruebas-dinamicas-del-tren-maya\/","title":{"rendered":"Trazo listo para pruebas din\u00e1micas del Tren Maya"},"content":{"rendered":"<p><strong>CIUDAD DE M\u00c9XICO. MX.\u2014<\/strong> El trazo necesario para que inicien las pruebas din\u00e1micas del primer Tren Maya, est\u00e1 completo, anunci\u00f3 el director general del Fondo Nacional de Fomento al Turismo, Javier May Rodr\u00edguez.<\/p>\n<p>&nbsp;<\/p>\n<p> <\/p>\n<p>&nbsp;<\/p>\n<p>En conferencia de prensa matutina con el presidente Andr\u00e9s Manuel L\u00f3pez Obrador, el funcionario puntualiz\u00f3 que se encuentra dentro del tramo 4 que corre de Izamal, Yucat\u00e1n a Canc\u00fan, Quintana Roo.<\/p>\n<p>&nbsp;<\/p>\n<p>Las pruebas est\u00e1ticas se desarrollan conforme al programa en el taller y cochera de Canc\u00fan; incluyen operaci\u00f3n de los sistemas el\u00e9ctricos, de conectividad, red y se\u00f1alamientos.<\/p>\n<p>&nbsp;<\/p>\n<p>El titular del Fonatur indic\u00f3 que el tramo 4 mide 239 kil\u00f3metros, pero al tratarse de v\u00eda doble electrificada, en realidad se consolida una longitud total lineal de 478 kil\u00f3metros, de los cuales 368 est\u00e1n terminados, lo que representa un avance de 77 por ciento de obra.<\/p>\n<p>&nbsp;<\/p>\n<p>&nbsp;<\/p>\n<p>Comprende tres estaciones de gran atractivo tur\u00edstico: Chich\u00e9n Itz\u00e1, Valladolid y Canc\u00fan Aeropuerto. Tambi\u00e9n dos paraderos: Nuevo Xc\u00e1n y Leona Vicario, as\u00ed como una base de mantenimiento y un taller y cochera. De acuerdo con la directora general de empresas ICA, Guadalupe Phillips Margain, la edificaci\u00f3n global de las estaciones y paraderos alcanza un 70 por ciento.<\/p>\n<p>&nbsp;<\/p>\n<p>&nbsp;<\/p>\n<p><em><strong>\u201cEl Tren Maya ser\u00e1 inaugurado en diciembre de 2023 y abrir\u00e1 a todo el mundo la posibilidad de conocer el sureste de M\u00e9xico en todo su esplendor<\/strong><\/em>\u201d, afirm\u00f3 el director del Fonatur durante el reporte semanal del proyecto estrat\u00e9gico, el cual gener\u00f3 62 mil empleos en nueve municipios de Yucat\u00e1n y Quintana Roo.<\/p>\n<p>&nbsp;<\/p>\n<p>Al mismo tiempo refiri\u00f3 los resultados de las obras de v\u00eda y complementarias:<\/p>\n<p>&nbsp;<\/p>\n<p><em><strong>3 distribuidores viales terminados y operativos.<\/strong><\/em><\/p>\n<p><em><strong>117 pasos inferiores y de fauna funcionales.<\/strong><\/em><\/p>\n<p><em><strong>34 de 37 pasos vehiculares y puentes concluidos.<\/strong><\/em><\/p>\n<p><em><strong>6 mil postes de 9 mil est\u00e1n colocados como parte de la electrificaci\u00f3n de v\u00eda.<\/strong><\/em><\/p>\n<p><em><strong>162 kil\u00f3metros de 194 correspondientes a la modernizaci\u00f3n de la autopista M\u00e9rida-Canc\u00fan se encuentran en operaci\u00f3n, lo que representa un 82 por ciento de avance.<\/strong><\/em><\/p>\n<h3>\nChich\u00e9n Viejo abrir\u00e1 al p\u00fablico en septiembre, anuncia INAH<\/h3>\n<p>El pr\u00f3ximo 2 de septiembre se abrir\u00e1 al p\u00fablico Chich\u00e9n Viejo o Serie Inicial, ciudad anterior al \u00e1rea monumental de Chich\u00e9n Itz\u00e1, anunci\u00f3 el director general del Instituto Nacional de Antropolog\u00eda e Historia (INAH), Diego Prieto Hern\u00e1ndez.<\/p>\n<p>&nbsp;<\/p>\n<p>&nbsp;<\/p>\n<p>Mediante el Programa de Mejoramiento de Zonas Arqueol\u00f3gicas (Promeza), el INAH protege Chich\u00e9n Itz\u00e1, donde se registra el 85 por ciento de desarrollo en tareas de investigaci\u00f3n. El museo de sitio avanza 35 por ciento, mientras que el Centro de Atenci\u00f3n a Visitantes (Catvi) alcanza 24 por ciento.<\/p>\n<p>&nbsp;<\/p>\n<p>Entre los hallazgos en esta zona arqueol\u00f3gica destaca una ofrenda en la que aparecen cinco vasijas relacionadas con \u00e1reas culturales del sur de Campeche y Tabasco.<\/p>\n<p>&nbsp;<\/p>\n<p>En Ek\u2019 Balam las labores de conservaci\u00f3n tiene progreso de 82 por ciento; contemplan la excavaci\u00f3n de la Acr\u00f3polis y la consolidaci\u00f3n de paneles de piedra y estuco. El Catvi presenta 3 por ciento de avance.<\/p>\n<p>&nbsp;<\/p>\n<p>Acompa\u00f1ado del gobernador Mauricio Vila Dosal, el director del INAH dio a conocer la recuperaci\u00f3n f\u00edsica, administrativa y jur\u00eddica que hizo el Gobierno de M\u00e9xico para crear el Museo de la Historia del Pueblo de Yucat\u00e1n en el Ateneo Peninsular, recinto cultural emblem\u00e1tico del estado.<\/p>\n<p>&nbsp;<\/p>\n<p>A trav\u00e9s de un video se expuso que albergar\u00e1 una sala de exposiciones, el Museo de Historia del Pueblo Maya, la ventanilla \u00fanica para atender tr\u00e1mites de la Zona de Monumentos Hist\u00f3ricos de M\u00e9rida, una tienda librer\u00eda con venta de artesan\u00edas y una cafeter\u00eda restaurante.<\/p>\n<p>&nbsp;<\/p>\n<p>La Secretar\u00eda de la Defensa Nacional (Sedena) colabora en la creaci\u00f3n del Hotel Tren Maya Chich\u00e9n Itz\u00e1 en Yucat\u00e1n y, al mismo tiempo, en la plantaci\u00f3n de m\u00e1s de dos mil \u00e1rboles end\u00e9micos, se\u00f1al\u00f3 el jefe del Centro Coordinador de Operaciones del Tren Maya, Blas Andr\u00e9s N\u00fa\u00f1ez Jordan.<\/p>\n<p>&nbsp;<\/p>\n<p>A trav\u00e9s de la Direcci\u00f3n General de Ingenieros, la Sedena tambi\u00e9n desarrolla las instalaciones de la empresa Tren Maya en Canc\u00fan, Quintana Roo, que servir\u00e1 como punto log\u00edstico y de capacitaci\u00f3n para la administraci\u00f3n del magno proyecto de movilidad.<\/p>\n<p>&nbsp;<\/p>\n<p>PUBLICADO EL 24 DE JULIO DE 2023\/ Con informaci\u00f3n de Conferencia matutina)<\/p>\n","protected":false},"excerpt":{"rendered":"<p>CIUDAD DE M\u00c9XICO. MX.\u2014 El trazo necesario para que inicien las pruebas din\u00e1micas del primer&#8230;<\/p>\n","protected":false},"author":1,"featured_media":171051,"comment_status":"open","ping_status":"open","sticky":false,"template":"","format":"standard","meta":{"_monsterinsights_skip_tracking":false,"_monsterinsights_sitenote_active":false,"_monsterinsights_sitenote_note":"","_monsterinsights_sitenote_category":0,"footnotes":""},"categories":[5],"tags":[],"class_list":["post"],"yoast_head":" \n<title>Sonora en Equipo. Trazo listo para pruebas din\u00e1micas del Tren Maya Rep\u00fablica<\/title>\n<meta name=\"description\" content=\"CIUDAD DE M\u00c9XICO. MX.\u2014 El trazo necesario para que inicien las pruebas din\u00e1micas del primer Tren Maya, est\u00e1 completo, anunci\u00f3 el director general del En Sonora en Equipo publicamos toda la informaci\u00f3n de Sonora, M\u00e9xico y el Mundo de manera oportuna y busca que la libertad de expresi\u00f3n sea real. Visita nuestro medio informativo publicado desde Hermosillo, Sonora. %\" \/>\n<meta name=\"robots\" content=\"index, follow, max-snippet:-1, max-image-preview:large, max-video-preview:-1\" \/>\n<link rel=\"canonical\" href=\"https:\/\/www.sonoraenequipo.com.mx\/trazo-listo-para-pruebas-dinamicas-del-tren-maya\/\" \/>\n<meta property=\"og:locale\" content=\"es_ES\" \/>\n<meta property=\"og:type\" content=\"article\" \/>\n<meta property=\"og:title\" content=\"Sonora en Equipo. Trazo listo para pruebas din\u00e1micas del Tren Maya Rep\u00fablica\" \/>\n<meta property=\"og:description\" content=\"CIUDAD DE M\u00c9XICO. MX.\u2014 El trazo necesario para que inicien las pruebas din\u00e1micas del primer Tren Maya, est\u00e1 completo, anunci\u00f3 el director general del En Sonora en Equipo publicamos toda la informaci\u00f3n de Sonora, M\u00e9xico y el Mundo de manera oportuna y busca que la libertad de expresi\u00f3n sea real. Visita nuestro medio informativo publicado desde Hermosillo, Sonora. %\" \/>\n<meta property=\"og:url\" content=\"https:\/\/www.sonoraenequipo.com.mx\/trazo-listo-para-pruebas-dinamicas-del-tren-maya\/\" \/>\n<meta property=\"og:site_name\" content=\"Sonora en Equipo.\" \/>\n<meta property=\"article:publisher\" content=\"https:\/\/www.facebook.com\/SonoraEE\/\" \/>\n<meta property=\"article:author\" content=\"https:\/\/www.facebook.com\/SonoraEE\" \/>\n<meta property=\"article:published_time\" content=\"2023-07-24T16:23:28+00:00\" \/>\n<meta property=\"article:modified_time\" content=\"2023-07-25T04:00:30+00:00\" \/>\n<meta property=\"og:image\" content=\"https:\/\/www.sonoraenequipo.com.mx\/storage\/2023\/07\/AMLO-2407.2023.5-min.jpg\" \/>\n\t<meta property=\"og:image:width\" content=\"1502\" \/>\n\t<meta property=\"og:image:height\" content=\"1000\" \/>\n\t<meta property=\"og:image:type\" content=\"image\/jpeg\" \/>\n<meta name=\"author\" content=\"enequipo\" \/>\n<meta name=\"twitter:card\" content=\"summary_large_image\" \/>\n<meta name=\"twitter:creator\" content=\"@sonoraenequipo\" \/>\n<meta name=\"twitter:site\" content=\"@sonoraenequipo\" \/>\n<meta name=\"twitter:label1\" content=\"Escrito por\" \/>\n\t<meta name=\"twitter:data1\" content=\"enequipo\" \/>\n\t<meta name=\"twitter:label2\" content=\"Tiempo de lectura\" \/>\n\t<meta name=\"twitter:data2\" content=\"4 minutos\" \/>\n<script type=\"application\/ld+json\" class=\"yoast-schema-graph\">{\"@context\":\"https:\/\/schema.org\",\"@graph\":[{\"@type\":\"Article\",\"@id\":\"https:\/\/www.sonoraenequipo.com.mx\/trazo-listo-para-pruebas-dinamicas-del-tren-maya\/#article\",\"isPartOf\":{\"@id\":\"https:\/\/www.sonoraenequipo.com.mx\/trazo-listo-para-pruebas-dinamicas-del-tren-maya\/\"},\"author\":{\"name\":\"enequipo\",\"@id\":\"https:\/\/www.sonoraenequipo.com.mx\/#\/schema\/person\/50102df0fb23a8fa9e8effad8fa81386\"},\"headline\":\"Trazo listo para pruebas din\u00e1micas del Tren Maya\",\"datePublished\":\"2023-07-24T16:23:28+00:00\",\"dateModified\":\"2023-07-25T04:00:30+00:00\",\"mainEntityOfPage\":{\"@id\":\"https:\/\/www.sonoraenequipo.com.mx\/trazo-listo-para-pruebas-dinamicas-del-tren-maya\/\"},\"wordCount\":751,\"commentCount\":0,\"publisher\":{\"@id\":\"https:\/\/www.sonoraenequipo.com.mx\/#organization\"},\"image\":{\"@id\":\"https:\/\/www.sonoraenequipo.com.mx\/trazo-listo-para-pruebas-dinamicas-del-tren-maya\/#primaryimage\"},\"thumbnailUrl\":\"https:\/\/www.sonoraenequipo.com.mx\/storage\/2023\/07\/AMLO-2407.2023.5-min.jpg\",\"articleSection\":[\"Rep\u00fablica\"],\"inLanguage\":\"es\",\"potentialAction\":[{\"@type\":\"CommentAction\",\"name\":\"Comment\",\"target\":[\"https:\/\/www.sonoraenequipo.com.mx\/trazo-listo-para-pruebas-dinamicas-del-tren-maya\/#respond\"]}]},{\"@type\":\"WebPage\",\"@id\":\"https:\/\/www.sonoraenequipo.com.mx\/trazo-listo-para-pruebas-dinamicas-del-tren-maya\/\",\"url\":\"https:\/\/www.sonoraenequipo.com.mx\/trazo-listo-para-pruebas-dinamicas-del-tren-maya\/\",\"name\":\"Sonora en Equipo. Trazo listo para pruebas din\u00e1micas del Tren Maya Rep\u00fablica\",\"isPartOf\":{\"@id\":\"https:\/\/www.sonoraenequipo.com.mx\/#website\"},\"primaryImageOfPage\":{\"@id\":\"https:\/\/www.sonoraenequipo.com.mx\/trazo-listo-para-pruebas-dinamicas-del-tren-maya\/#primaryimage\"},\"image\":{\"@id\":\"https:\/\/www.sonoraenequipo.com.mx\/trazo-listo-para-pruebas-dinamicas-del-tren-maya\/#primaryimage\"},\"thumbnailUrl\":\"https:\/\/www.sonoraenequipo.com.mx\/storage\/2023\/07\/AMLO-2407.2023.5-min.jpg\",\"datePublished\":\"2023-07-24T16:23:28+00:00\",\"dateModified\":\"2023-07-25T04:00:30+00:00\",\"description\":\"CIUDAD DE M\u00c9XICO. MX.\u2014 El trazo necesario para que inicien las pruebas din\u00e1micas del primer Tren Maya, est\u00e1 completo, anunci\u00f3 el director general del En Sonora en Equipo publicamos toda la informaci\u00f3n de Sonora, M\u00e9xico y el Mundo de manera oportuna y busca que la libertad de expresi\u00f3n sea real. Visita nuestro medio informativo publicado desde Hermosillo, Sonora. %\",\"breadcrumb\":{\"@id\":\"https:\/\/www.sonoraenequipo.com.mx\/trazo-listo-para-pruebas-dinamicas-del-tren-maya\/#breadcrumb\"},\"inLanguage\":\"es\",\"potentialAction\":[{\"@type\":\"ReadAction\",\"target\":[\"https:\/\/www.sonoraenequipo.com.mx\/trazo-listo-para-pruebas-dinamicas-del-tren-maya\/\"]}]},{\"@type\":\"ImageObject\",\"inLanguage\":\"es\",\"@id\":\"https:\/\/www.sonoraenequipo.com.mx\/trazo-listo-para-pruebas-dinamicas-del-tren-maya\/#primaryimage\",\"url\":\"https:\/\/www.sonoraenequipo.com.mx\/storage\/2023\/07\/AMLO-2407.2023.5-min.jpg\",\"contentUrl\":\"https:\/\/www.sonoraenequipo.com.mx\/storage\/2023\/07\/AMLO-2407.2023.5-min.jpg\",\"width\":1502,\"height\":1000},{\"@type\":\"BreadcrumbList\",\"@id\":\"https:\/\/www.sonoraenequipo.com.mx\/trazo-listo-para-pruebas-dinamicas-del-tren-maya\/#breadcrumb\",\"itemListElement\":[{\"@type\":\"ListItem\",\"position\":1,\"name\":\"Portada\",\"item\":\"https:\/\/www.sonoraenequipo.com.mx\/\"},{\"@type\":\"ListItem\",\"position\":2,\"name\":\"Trazo listo para pruebas din\u00e1micas del Tren Maya\"}]},{\"@type\":\"WebSite\",\"@id\":\"https:\/\/www.sonoraenequipo.com.mx\/#website\",\"url\":\"https:\/\/www.sonoraenequipo.com.mx\/\",\"name\":\"Sonora en Equipo.\",\"description\":\"Diario en l\u00ednea con Noticias desde Hermosillo, Sonora\",\"publisher\":{\"@id\":\"https:\/\/www.sonoraenequipo.com.mx\/#organization\"},\"potentialAction\":[{\"@type\":\"SearchAction\",\"target\":{\"@type\":\"EntryPoint\",\"urlTemplate\":\"https:\/\/www.sonoraenequipo.com.mx\/?s={search_term_string}\"},\"query-input\":{\"@type\":\"PropertyValueSpecification\",\"valueRequired\":true,\"valueName\":\"search_term_string\"}}],\"inLanguage\":\"es\"},{\"@type\":\"Organization\",\"@id\":\"https:\/\/www.sonoraenequipo.com.mx\/#organization\",\"name\":\"Sonoraenequipo.com.mx\",\"url\":\"https:\/\/www.sonoraenequipo.com.mx\/\",\"logo\":{\"@type\":\"ImageObject\",\"inLanguage\":\"es\",\"@id\":\"https:\/\/www.sonoraenequipo.com.mx\/#\/schema\/logo\/image\/\",\"url\":\"https:\/\/www.sonoraenequipo.com.mx\/storage\/2019\/01\/sonoraenequipo_opt.png\",\"contentUrl\":\"https:\/\/www.sonoraenequipo.com.mx\/storage\/2019\/01\/sonoraenequipo_opt.png\",\"width\":375,\"height\":125,\"caption\":\"Sonoraenequipo.com.mx\"},\"image\":{\"@id\":\"https:\/\/www.sonoraenequipo.com.mx\/#\/schema\/logo\/image\/\"},\"sameAs\":[\"https:\/\/www.facebook.com\/SonoraEE\/\",\"https:\/\/x.com\/sonoraenequipo\",\"https:\/\/www.youtube.com\/channel\/UC338nW-lPEYmJQs4ZABQ1SQ\"]},{\"@type\":\"Person\",\"@id\":\"https:\/\/www.sonoraenequipo.com.mx\/#\/schema\/person\/50102df0fb23a8fa9e8effad8fa81386\",\"name\":\"enequipo\",\"image\":{\"@type\":\"ImageObject\",\"inLanguage\":\"es\",\"@id\":\"https:\/\/www.sonoraenequipo.com.mx\/#\/schema\/person\/image\/\",\"url\":\"https:\/\/secure.gravatar.com\/avatar\/049821681b589dabc0bc20695993ccebb09f5b5d4d790cd9251b97faac7c652b?s=96&d=blank&r=g\",\"contentUrl\":\"https:\/\/secure.gravatar.com\/avatar\/049821681b589dabc0bc20695993ccebb09f5b5d4d790cd9251b97faac7c652b?s=96&d=blank&r=g\",\"caption\":\"enequipo\"},\"sameAs\":[\"https:\/\/www.facebook.com\/SonoraEE\"]}]}<\/script>\n ","yoast_head_json":{"title":"Sonora en Equipo. Trazo listo para pruebas din\u00e1micas del Tren Maya Rep\u00fablica","description":"CIUDAD DE M\u00c9XICO. MX.\u2014 El trazo necesario para que inicien las pruebas din\u00e1micas del primer Tren Maya, est\u00e1 completo, anunci\u00f3 el director general del En Sonora en Equipo publicamos toda la informaci\u00f3n de Sonora, M\u00e9xico y el Mundo de manera oportuna y busca que la libertad de expresi\u00f3n sea real. Visita nuestro medio informativo publicado desde Hermosillo, Sonora. %","robots":{"index":"index","follow":"follow","max-snippet":"max-snippet:-1","max-image-preview":"max-image-preview:large","max-video-preview":"max-video-preview:-1"},"canonical":"https:\/\/www.sonoraenequipo.com.mx\/trazo-listo-para-pruebas-dinamicas-del-tren-maya\/","og_locale":"es_ES","og_type":"article","og_title":"Sonora en Equipo. Trazo listo para pruebas din\u00e1micas del Tren Maya Rep\u00fablica","og_description":"CIUDAD DE M\u00c9XICO. MX.\u2014 El trazo necesario para que inicien las pruebas din\u00e1micas del primer Tren Maya, est\u00e1 completo, anunci\u00f3 el director general del En Sonora en Equipo publicamos toda la informaci\u00f3n de Sonora, M\u00e9xico y el Mundo de manera oportuna y busca que la libertad de expresi\u00f3n sea real. Visita nuestro medio informativo publicado desde Hermosillo, Sonora. %","og_url":"https:\/\/www.sonoraenequipo.com.mx\/trazo-listo-para-pruebas-dinamicas-del-tren-maya\/","og_site_name":"Sonora en Equipo.","article_publisher":"https:\/\/www.facebook.com\/SonoraEE\/","article_author":"https:\/\/www.facebook.com\/SonoraEE","article_published_time":"2023-07-24T16:23:28+00:00","article_modified_time":"2023-07-25T04:00:30+00:00","og_image":[{"width":1502,"height":1000,"url":"https:\/\/www.sonoraenequipo.com.mx\/storage\/2023\/07\/AMLO-2407.2023.5-min.jpg","type":"image\/jpeg"}],"author":"enequipo","twitter_card":"summary_large_image","twitter_creator":"@sonoraenequipo","twitter_site":"@sonoraenequipo","twitter_misc":{"Escrito por":"enequipo","Tiempo de lectura":"4 minutos"},"schema":{"@context":"https:\/\/schema.org","@graph":[{"@type":"Article","@id":"https:\/\/www.sonoraenequipo.com.mx\/trazo-listo-para-pruebas-dinamicas-del-tren-maya\/#article","isPartOf":{"@id":"https:\/\/www.sonoraenequipo.com.mx\/trazo-listo-para-pruebas-dinamicas-del-tren-maya\/"},"author":{"name":"enequipo","@id":"https:\/\/www.sonoraenequipo.com.mx\/#\/schema\/person\/50102df0fb23a8fa9e8effad8fa81386"},"headline":"Trazo listo para pruebas din\u00e1micas del Tren Maya","datePublished":"2023-07-24T16:23:28+00:00","dateModified":"2023-07-25T04:00:30+00:00","mainEntityOfPage":{"@id":"https:\/\/www.sonoraenequipo.com.mx\/trazo-listo-para-pruebas-dinamicas-del-tren-maya\/"},"wordCount":751,"commentCount":0,"publisher":{"@id":"https:\/\/www.sonoraenequipo.com.mx\/#organization"},"image":{"@id":"https:\/\/www.sonoraenequipo.com.mx\/trazo-listo-para-pruebas-dinamicas-del-tren-maya\/#primaryimage"},"thumbnailUrl":"https:\/\/www.sonoraenequipo.com.mx\/storage\/2023\/07\/AMLO-2407.2023.5-min.jpg","articleSection":["Rep\u00fablica"],"inLanguage":"es","potentialAction":[{"@type":"CommentAction","name":"Comment","target":["https:\/\/www.sonoraenequipo.com.mx\/trazo-listo-para-pruebas-dinamicas-del-tren-maya\/#respond"]}]},{"@type":"WebPage","@id":"https:\/\/www.sonoraenequipo.com.mx\/trazo-listo-para-pruebas-dinamicas-del-tren-maya\/","url":"https:\/\/www.sonoraenequipo.com.mx\/trazo-listo-para-pruebas-dinamicas-del-tren-maya\/","name":"Sonora en Equipo. Trazo listo para pruebas din\u00e1micas del Tren Maya Rep\u00fablica","isPartOf":{"@id":"https:\/\/www.sonoraenequipo.com.mx\/#website"},"primaryImageOfPage":{"@id":"https:\/\/www.sonoraenequipo.com.mx\/trazo-listo-para-pruebas-dinamicas-del-tren-maya\/#primaryimage"},"image":{"@id":"https:\/\/www.sonoraenequipo.com.mx\/trazo-listo-para-pruebas-dinamicas-del-tren-maya\/#primaryimage"},"thumbnailUrl":"https:\/\/www.sonoraenequipo.com.mx\/storage\/2023\/07\/AMLO-2407.2023.5-min.jpg","datePublished":"2023-07-24T16:23:28+00:00","dateModified":"2023-07-25T04:00:30+00:00","description":"CIUDAD DE M\u00c9XICO. MX.\u2014 El trazo necesario para que inicien las pruebas din\u00e1micas del primer Tren Maya, est\u00e1 completo, anunci\u00f3 el director general del En Sonora en Equipo publicamos toda la informaci\u00f3n de Sonora, M\u00e9xico y el Mundo de manera oportuna y busca que la libertad de expresi\u00f3n sea real. Visita nuestro medio informativo publicado desde Hermosillo, Sonora. %","breadcrumb":{"@id":"https:\/\/www.sonoraenequipo.com.mx\/trazo-listo-para-pruebas-dinamicas-del-tren-maya\/#breadcrumb"},"inLanguage":"es","potentialAction":[{"@type":"ReadAction","target":["https:\/\/www.sonoraenequipo.com.mx\/trazo-listo-para-pruebas-dinamicas-del-tren-maya\/"]}]},{"@type":"ImageObject","inLanguage":"es","@id":"https:\/\/www.sonoraenequipo.com.mx\/trazo-listo-para-pruebas-dinamicas-del-tren-maya\/#primaryimage","url":"https:\/\/www.sonoraenequipo.com.mx\/storage\/2023\/07\/AMLO-2407.2023.5-min.jpg","contentUrl":"https:\/\/www.sonoraenequipo.com.mx\/storage\/2023\/07\/AMLO-2407.2023.5-min.jpg","width":1502,"height":1000},{"@type":"BreadcrumbList","@id":"https:\/\/www.sonoraenequipo.com.mx\/trazo-listo-para-pruebas-dinamicas-del-tren-maya\/#breadcrumb","itemListElement":[{"@type":"ListItem","position":1,"name":"Portada","item":"https:\/\/www.sonoraenequipo.com.mx\/"},{"@type":"ListItem","position":2,"name":"Trazo listo para pruebas din\u00e1micas del Tren Maya"}]},{"@type":"WebSite","@id":"https:\/\/www.sonoraenequipo.com.mx\/#website","url":"https:\/\/www.sonoraenequipo.com.mx\/","name":"Sonora en Equipo.","description":"Diario en l\u00ednea con Noticias desde Hermosillo, Sonora","publisher":{"@id":"https:\/\/www.sonoraenequipo.com.mx\/#organization"},"potentialAction":[{"@type":"SearchAction","target":{"@type":"EntryPoint","urlTemplate":"https:\/\/www.sonoraenequipo.com.mx\/?s={search_term_string}"},"query-input":{"@type":"PropertyValueSpecification","valueRequired":true,"valueName":"search_term_string"}}],"inLanguage":"es"},{"@type":"Organization","@id":"https:\/\/www.sonoraenequipo.com.mx\/#organization","name":"Sonoraenequipo.com.mx","url":"https:\/\/www.sonoraenequipo.com.mx\/","logo":{"@type":"ImageObject","inLanguage":"es","@id":"https:\/\/www.sonoraenequipo.com.mx\/#\/schema\/logo\/image\/","url":"https:\/\/www.sonoraenequipo.com.mx\/storage\/2019\/01\/sonoraenequipo_opt.png","contentUrl":"https:\/\/www.sonoraenequipo.com.mx\/storage\/2019\/01\/sonoraenequipo_opt.png","width":375,"height":125,"caption":"Sonoraenequipo.com.mx"},"image":{"@id":"https:\/\/www.sonoraenequipo.com.mx\/#\/schema\/logo\/image\/"},"sameAs":["https:\/\/www.facebook.com\/SonoraEE\/","https:\/\/x.com\/sonoraenequipo","https:\/\/www.youtube.com\/channel\/UC338nW-lPEYmJQs4ZABQ1SQ"]},{"@type":"Person","@id":"https:\/\/www.sonoraenequipo.com.mx\/#\/schema\/person\/50102df0fb23a8fa9e8effad8fa81386","name":"enequipo","image":{"@type":"ImageObject","inLanguage":"es","@id":"https:\/\/www.sonoraenequipo.com.mx\/#\/schema\/person\/image\/","url":"https:\/\/secure.gravatar.com\/avatar\/049821681b589dabc0bc20695993ccebb09f5b5d4d790cd9251b97faac7c652b?s=96&d=blank&r=g","contentUrl":"https:\/\/secure.gravatar.com\/avatar\/049821681b589dabc0bc20695993ccebb09f5b5d4d790cd9251b97faac7c652b?s=96&d=blank&r=g","caption":"enequipo"},"sameAs":["https:\/\/www.facebook.com\/SonoraEE"]}]}},"jetpack_featured_media_url":"https:\/\/www.sonoraenequipo.com.mx\/storage\/2023\/07\/AMLO-2407.2023.5-min.jpg","_links":{"self":[{"href":"https:\/\/www.sonoraenequipo.com.mx\/api\/wp\/v2\/posts\/171050","targetHints":{"allow":["GET"]}}],"collection":[{"href":"https:\/\/www.sonoraenequipo.com.mx\/api\/wp\/v2\/posts"}],"about":[{"href":"https:\/\/www.sonoraenequipo.com.mx\/api\/wp\/v2\/types\/post"}],"author":[{"embeddable":true,"href":"https:\/\/www.sonoraenequipo.com.mx\/api\/wp\/v2\/users\/1"}],"replies":[{"embeddable":true,"href":"https:\/\/www.sonoraenequipo.com.mx\/api\/wp\/v2\/comments?post=171050"}],"version-history":[{"count":1,"href":"https:\/\/www.sonoraenequipo.com.mx\/api\/wp\/v2\/posts\/171050\/revisions"}],"predecessor-version":[{"id":171052,"href":"https:\/\/www.sonoraenequipo.com.mx\/api\/wp\/v2\/posts\/171050\/revisions\/171052"}],"wp:featuredmedia":[{"embeddable":true,"href":"https:\/\/www.sonoraenequipo.com.mx\/api\/wp\/v2\/media\/171051"}],"wp:attachment":[{"href":"https:\/\/www.sonoraenequipo.com.mx\/api\/wp\/v2\/media?parent=171050"}],"wp:term":[{"taxonomy":"category","embeddable":true,"href":"https:\/\/www.sonoraenequipo.com.mx\/api\/wp\/v2\/categories?post=171050"},{"taxonomy":"post_tag","embeddable":true,"href":"https:\/\/www.sonoraenequipo.com.mx\/api\/wp\/v2\/tags?post=171050"}],"curies":[{"name":"wp","href":"https:\/\/api.w.org\/{rel}","templated":true}]}}