{"id":171066,"date":"2023-07-25T09:03:57","date_gmt":"2023-07-25T16:03:57","guid":{"rendered":"https:\/\/www.sonoraenequipo.com.mx\/?p=171066"},"modified":"2023-07-25T12:11:23","modified_gmt":"2023-07-25T19:11:23","slug":"en-ucrania-han-muerto-497-ninos-desde-el-comienzo-de-la-guerra","status":"publish","type":"post","link":"https:\/\/www.sonoraenequipo.com.mx\/en-ucrania-han-muerto-497-ninos-desde-el-comienzo-de-la-guerra\/","title":{"rendered":"En Ucrania han muerto 497 ni\u00f1os desde el comienzo de la guerra"},"content":{"rendered":"<p><strong>\u00a0KIEV.UCRANIA. \u2014<\/strong> Un total de 497 menores han muerto en Ucrania durante la guerra que comenz\u00f3 con la invasi\u00f3n rusa de este pa\u00eds el 24 de febrero del a\u00f1o pasado, seg\u00fan un balance publicado hoy por las autoridades de Kiev que no incluye las muertes que hayan podido producirse en los territorios ocupados por Rusia.<\/p>\n<p>&nbsp;<\/p>\n<p><em><strong>\u201cHasta la ma\u00f1ana del 25 de julio de 2023, seg\u00fan informaci\u00f3n oficial de los fiscales de menores, han muerto 497 ni\u00f1os y m\u00e1s de 1,077 han resultado heridos de diversa consideraci\u00f3n\u201d<\/strong><\/em>, dijo la Fiscal\u00eda ucraniana en un comunicado. <\/p>\n<p>&nbsp;<\/p>\n<p>La regi\u00f3n en la que han resultado heridos o han muerto m\u00e1s menores es la de Donetsk, en el este del pa\u00eds y parcialmente ocupada por Rusia, donde han sufrido lesiones o han perdido la vida como consecuencia de los ataques rusos al menos 481 ni\u00f1os.<\/p>\n<p>&nbsp;<\/p>\n<p>Le siguen J\u00e1rkiv, en el noreste de Ucrania, con 298 casos, Kiev (norte) con 129 y Jers\u00f3n (sur) con 116 y Zaporiyia (sureste) con 97. Otras regiones en las que han resultado heridos decenas de ni\u00f1os son Dnipropetrovsk, Chern\u00edgov y Lugansk.<\/p>\n<p>&nbsp;<\/p>\n<p>Una de las muertes m\u00e1s recientes se produjo ayer en la localidad de Kostiantinivka de la regi\u00f3n de Donetsk, donde un ataque ruso mat\u00f3 a un ni\u00f1o de diez a\u00f1os e hiri\u00f3 a cuatro menores de entre 5 y 12 a\u00f1os.<\/p>\n<p>&nbsp;<\/p>\n<p>&nbsp;<\/p>\n<p>PUBLICADO EL 25 DE JULIO DE2023\/Con informaci\u00f3n de EFE\/DIARIONUEVO)<\/p>\n","protected":false},"excerpt":{"rendered":"<p>\u00a0KIEV.UCRANIA. \u2014 Un total de 497 menores han muerto en Ucrania durante la guerra que&#8230;<\/p>\n","protected":false},"author":1,"featured_media":171062,"comment_status":"open","ping_status":"open","sticky":false,"template":"","format":"standard","meta":{"_monsterinsights_skip_tracking":false,"_monsterinsights_sitenote_active":false,"_monsterinsights_sitenote_note":"","_monsterinsights_sitenote_category":0,"footnotes":""},"categories":[3],"tags":[],"class_list":["post"],"yoast_head":" \n<title>Sonora en Equipo. En Ucrania han muerto 497 ni\u00f1os desde el comienzo de la guerra MUNDO<\/title>\n<meta name=\"description\" content=\"\u00a0KIEV.UCRANIA. \u2014 Un total de 497 menores han muerto en Ucrania durante la guerra que comenz\u00f3 con la invasi\u00f3n rusa de este pa\u00eds el 24 de febrero del a\u00f1o En Sonora en Equipo publicamos toda la informaci\u00f3n de Sonora, M\u00e9xico y el Mundo de manera oportuna y busca que la libertad de expresi\u00f3n sea real. Visita nuestro medio informativo publicado desde Hermosillo, Sonora. %\" \/>\n<meta name=\"robots\" content=\"index, follow, max-snippet:-1, max-image-preview:large, max-video-preview:-1\" \/>\n<link rel=\"canonical\" href=\"https:\/\/www.sonoraenequipo.com.mx\/en-ucrania-han-muerto-497-ninos-desde-el-comienzo-de-la-guerra\/\" \/>\n<meta property=\"og:locale\" content=\"es_ES\" \/>\n<meta property=\"og:type\" content=\"article\" \/>\n<meta property=\"og:title\" content=\"Sonora en Equipo. En Ucrania han muerto 497 ni\u00f1os desde el comienzo de la guerra MUNDO\" \/>\n<meta property=\"og:description\" content=\"\u00a0KIEV.UCRANIA. \u2014 Un total de 497 menores han muerto en Ucrania durante la guerra que comenz\u00f3 con la invasi\u00f3n rusa de este pa\u00eds el 24 de febrero del a\u00f1o En Sonora en Equipo publicamos toda la informaci\u00f3n de Sonora, M\u00e9xico y el Mundo de manera oportuna y busca que la libertad de expresi\u00f3n sea real. Visita nuestro medio informativo publicado desde Hermosillo, Sonora. %\" \/>\n<meta property=\"og:url\" content=\"https:\/\/www.sonoraenequipo.com.mx\/en-ucrania-han-muerto-497-ninos-desde-el-comienzo-de-la-guerra\/\" \/>\n<meta property=\"og:site_name\" content=\"Sonora en Equipo.\" \/>\n<meta property=\"article:publisher\" content=\"https:\/\/www.facebook.com\/SonoraEE\/\" \/>\n<meta property=\"article:author\" content=\"https:\/\/www.facebook.com\/SonoraEE\" \/>\n<meta property=\"article:published_time\" content=\"2023-07-25T16:03:57+00:00\" \/>\n<meta property=\"article:modified_time\" content=\"2023-07-25T19:11:23+00:00\" \/>\n<meta property=\"og:image\" content=\"https:\/\/www.sonoraenequipo.com.mx\/storage\/2023\/07\/ninos-en-la-guerra..-min.jpg\" \/>\n\t<meta property=\"og:image:width\" content=\"900\" \/>\n\t<meta property=\"og:image:height\" content=\"506\" \/>\n\t<meta property=\"og:image:type\" content=\"image\/jpeg\" \/>\n<meta name=\"author\" content=\"enequipo\" \/>\n<meta name=\"twitter:card\" content=\"summary_large_image\" \/>\n<meta name=\"twitter:creator\" content=\"@sonoraenequipo\" \/>\n<meta name=\"twitter:site\" content=\"@sonoraenequipo\" \/>\n<meta name=\"twitter:label1\" content=\"Escrito por\" \/>\n\t<meta name=\"twitter:data1\" content=\"enequipo\" \/>\n\t<meta name=\"twitter:label2\" content=\"Tiempo de lectura\" \/>\n\t<meta name=\"twitter:data2\" content=\"1 minuto\" \/>\n<script type=\"application\/ld+json\" class=\"yoast-schema-graph\">{\"@context\":\"https:\/\/schema.org\",\"@graph\":[{\"@type\":\"Article\",\"@id\":\"https:\/\/www.sonoraenequipo.com.mx\/en-ucrania-han-muerto-497-ninos-desde-el-comienzo-de-la-guerra\/#article\",\"isPartOf\":{\"@id\":\"https:\/\/www.sonoraenequipo.com.mx\/en-ucrania-han-muerto-497-ninos-desde-el-comienzo-de-la-guerra\/\"},\"author\":{\"name\":\"enequipo\",\"@id\":\"https:\/\/www.sonoraenequipo.com.mx\/#\/schema\/person\/50102df0fb23a8fa9e8effad8fa81386\"},\"headline\":\"En Ucrania han muerto 497 ni\u00f1os desde el comienzo de la guerra\",\"datePublished\":\"2023-07-25T16:03:57+00:00\",\"dateModified\":\"2023-07-25T19:11:23+00:00\",\"mainEntityOfPage\":{\"@id\":\"https:\/\/www.sonoraenequipo.com.mx\/en-ucrania-han-muerto-497-ninos-desde-el-comienzo-de-la-guerra\/\"},\"wordCount\":261,\"commentCount\":0,\"publisher\":{\"@id\":\"https:\/\/www.sonoraenequipo.com.mx\/#organization\"},\"image\":{\"@id\":\"https:\/\/www.sonoraenequipo.com.mx\/en-ucrania-han-muerto-497-ninos-desde-el-comienzo-de-la-guerra\/#primaryimage\"},\"thumbnailUrl\":\"https:\/\/www.sonoraenequipo.com.mx\/storage\/2023\/07\/ninos-en-la-guerra..-min.jpg\",\"articleSection\":[\"MUNDO\"],\"inLanguage\":\"es\",\"potentialAction\":[{\"@type\":\"CommentAction\",\"name\":\"Comment\",\"target\":[\"https:\/\/www.sonoraenequipo.com.mx\/en-ucrania-han-muerto-497-ninos-desde-el-comienzo-de-la-guerra\/#respond\"]}]},{\"@type\":\"WebPage\",\"@id\":\"https:\/\/www.sonoraenequipo.com.mx\/en-ucrania-han-muerto-497-ninos-desde-el-comienzo-de-la-guerra\/\",\"url\":\"https:\/\/www.sonoraenequipo.com.mx\/en-ucrania-han-muerto-497-ninos-desde-el-comienzo-de-la-guerra\/\",\"name\":\"Sonora en Equipo. En Ucrania han muerto 497 ni\u00f1os desde el comienzo de la guerra MUNDO\",\"isPartOf\":{\"@id\":\"https:\/\/www.sonoraenequipo.com.mx\/#website\"},\"primaryImageOfPage\":{\"@id\":\"https:\/\/www.sonoraenequipo.com.mx\/en-ucrania-han-muerto-497-ninos-desde-el-comienzo-de-la-guerra\/#primaryimage\"},\"image\":{\"@id\":\"https:\/\/www.sonoraenequipo.com.mx\/en-ucrania-han-muerto-497-ninos-desde-el-comienzo-de-la-guerra\/#primaryimage\"},\"thumbnailUrl\":\"https:\/\/www.sonoraenequipo.com.mx\/storage\/2023\/07\/ninos-en-la-guerra..-min.jpg\",\"datePublished\":\"2023-07-25T16:03:57+00:00\",\"dateModified\":\"2023-07-25T19:11:23+00:00\",\"description\":\"\u00a0KIEV.UCRANIA. \u2014 Un total de 497 menores han muerto en Ucrania durante la guerra que comenz\u00f3 con la invasi\u00f3n rusa de este pa\u00eds el 24 de febrero del a\u00f1o En Sonora en Equipo publicamos toda la informaci\u00f3n de Sonora, M\u00e9xico y el Mundo de manera oportuna y busca que la libertad de expresi\u00f3n sea real. Visita nuestro medio informativo publicado desde Hermosillo, Sonora. %\",\"breadcrumb\":{\"@id\":\"https:\/\/www.sonoraenequipo.com.mx\/en-ucrania-han-muerto-497-ninos-desde-el-comienzo-de-la-guerra\/#breadcrumb\"},\"inLanguage\":\"es\",\"potentialAction\":[{\"@type\":\"ReadAction\",\"target\":[\"https:\/\/www.sonoraenequipo.com.mx\/en-ucrania-han-muerto-497-ninos-desde-el-comienzo-de-la-guerra\/\"]}]},{\"@type\":\"ImageObject\",\"inLanguage\":\"es\",\"@id\":\"https:\/\/www.sonoraenequipo.com.mx\/en-ucrania-han-muerto-497-ninos-desde-el-comienzo-de-la-guerra\/#primaryimage\",\"url\":\"https:\/\/www.sonoraenequipo.com.mx\/storage\/2023\/07\/ninos-en-la-guerra..-min.jpg\",\"contentUrl\":\"https:\/\/www.sonoraenequipo.com.mx\/storage\/2023\/07\/ninos-en-la-guerra..-min.jpg\",\"width\":900,\"height\":506},{\"@type\":\"BreadcrumbList\",\"@id\":\"https:\/\/www.sonoraenequipo.com.mx\/en-ucrania-han-muerto-497-ninos-desde-el-comienzo-de-la-guerra\/#breadcrumb\",\"itemListElement\":[{\"@type\":\"ListItem\",\"position\":1,\"name\":\"Portada\",\"item\":\"https:\/\/www.sonoraenequipo.com.mx\/\"},{\"@type\":\"ListItem\",\"position\":2,\"name\":\"En Ucrania han muerto 497 ni\u00f1os desde el comienzo de la guerra\"}]},{\"@type\":\"WebSite\",\"@id\":\"https:\/\/www.sonoraenequipo.com.mx\/#website\",\"url\":\"https:\/\/www.sonoraenequipo.com.mx\/\",\"name\":\"Sonora en Equipo.\",\"description\":\"Diario en l\u00ednea con Noticias desde Hermosillo, Sonora\",\"publisher\":{\"@id\":\"https:\/\/www.sonoraenequipo.com.mx\/#organization\"},\"potentialAction\":[{\"@type\":\"SearchAction\",\"target\":{\"@type\":\"EntryPoint\",\"urlTemplate\":\"https:\/\/www.sonoraenequipo.com.mx\/?s={search_term_string}\"},\"query-input\":{\"@type\":\"PropertyValueSpecification\",\"valueRequired\":true,\"valueName\":\"search_term_string\"}}],\"inLanguage\":\"es\"},{\"@type\":\"Organization\",\"@id\":\"https:\/\/www.sonoraenequipo.com.mx\/#organization\",\"name\":\"Sonoraenequipo.com.mx\",\"url\":\"https:\/\/www.sonoraenequipo.com.mx\/\",\"logo\":{\"@type\":\"ImageObject\",\"inLanguage\":\"es\",\"@id\":\"https:\/\/www.sonoraenequipo.com.mx\/#\/schema\/logo\/image\/\",\"url\":\"https:\/\/www.sonoraenequipo.com.mx\/storage\/2019\/01\/sonoraenequipo_opt.png\",\"contentUrl\":\"https:\/\/www.sonoraenequipo.com.mx\/storage\/2019\/01\/sonoraenequipo_opt.png\",\"width\":375,\"height\":125,\"caption\":\"Sonoraenequipo.com.mx\"},\"image\":{\"@id\":\"https:\/\/www.sonoraenequipo.com.mx\/#\/schema\/logo\/image\/\"},\"sameAs\":[\"https:\/\/www.facebook.com\/SonoraEE\/\",\"https:\/\/x.com\/sonoraenequipo\",\"https:\/\/www.youtube.com\/channel\/UC338nW-lPEYmJQs4ZABQ1SQ\"]},{\"@type\":\"Person\",\"@id\":\"https:\/\/www.sonoraenequipo.com.mx\/#\/schema\/person\/50102df0fb23a8fa9e8effad8fa81386\",\"name\":\"enequipo\",\"image\":{\"@type\":\"ImageObject\",\"inLanguage\":\"es\",\"@id\":\"https:\/\/www.sonoraenequipo.com.mx\/#\/schema\/person\/image\/\",\"url\":\"https:\/\/secure.gravatar.com\/avatar\/049821681b589dabc0bc20695993ccebb09f5b5d4d790cd9251b97faac7c652b?s=96&d=blank&r=g\",\"contentUrl\":\"https:\/\/secure.gravatar.com\/avatar\/049821681b589dabc0bc20695993ccebb09f5b5d4d790cd9251b97faac7c652b?s=96&d=blank&r=g\",\"caption\":\"enequipo\"},\"sameAs\":[\"https:\/\/www.facebook.com\/SonoraEE\"]}]}<\/script>\n ","yoast_head_json":{"title":"Sonora en Equipo. En Ucrania han muerto 497 ni\u00f1os desde el comienzo de la guerra MUNDO","description":"\u00a0KIEV.UCRANIA. \u2014 Un total de 497 menores han muerto en Ucrania durante la guerra que comenz\u00f3 con la invasi\u00f3n rusa de este pa\u00eds el 24 de febrero del a\u00f1o En Sonora en Equipo publicamos toda la informaci\u00f3n de Sonora, M\u00e9xico y el Mundo de manera oportuna y busca que la libertad de expresi\u00f3n sea real. Visita nuestro medio informativo publicado desde Hermosillo, Sonora. %","robots":{"index":"index","follow":"follow","max-snippet":"max-snippet:-1","max-image-preview":"max-image-preview:large","max-video-preview":"max-video-preview:-1"},"canonical":"https:\/\/www.sonoraenequipo.com.mx\/en-ucrania-han-muerto-497-ninos-desde-el-comienzo-de-la-guerra\/","og_locale":"es_ES","og_type":"article","og_title":"Sonora en Equipo. En Ucrania han muerto 497 ni\u00f1os desde el comienzo de la guerra MUNDO","og_description":"\u00a0KIEV.UCRANIA. \u2014 Un total de 497 menores han muerto en Ucrania durante la guerra que comenz\u00f3 con la invasi\u00f3n rusa de este pa\u00eds el 24 de febrero del a\u00f1o En Sonora en Equipo publicamos toda la informaci\u00f3n de Sonora, M\u00e9xico y el Mundo de manera oportuna y busca que la libertad de expresi\u00f3n sea real. Visita nuestro medio informativo publicado desde Hermosillo, Sonora. %","og_url":"https:\/\/www.sonoraenequipo.com.mx\/en-ucrania-han-muerto-497-ninos-desde-el-comienzo-de-la-guerra\/","og_site_name":"Sonora en Equipo.","article_publisher":"https:\/\/www.facebook.com\/SonoraEE\/","article_author":"https:\/\/www.facebook.com\/SonoraEE","article_published_time":"2023-07-25T16:03:57+00:00","article_modified_time":"2023-07-25T19:11:23+00:00","og_image":[{"width":900,"height":506,"url":"https:\/\/www.sonoraenequipo.com.mx\/storage\/2023\/07\/ninos-en-la-guerra..-min.jpg","type":"image\/jpeg"}],"author":"enequipo","twitter_card":"summary_large_image","twitter_creator":"@sonoraenequipo","twitter_site":"@sonoraenequipo","twitter_misc":{"Escrito por":"enequipo","Tiempo de lectura":"1 minuto"},"schema":{"@context":"https:\/\/schema.org","@graph":[{"@type":"Article","@id":"https:\/\/www.sonoraenequipo.com.mx\/en-ucrania-han-muerto-497-ninos-desde-el-comienzo-de-la-guerra\/#article","isPartOf":{"@id":"https:\/\/www.sonoraenequipo.com.mx\/en-ucrania-han-muerto-497-ninos-desde-el-comienzo-de-la-guerra\/"},"author":{"name":"enequipo","@id":"https:\/\/www.sonoraenequipo.com.mx\/#\/schema\/person\/50102df0fb23a8fa9e8effad8fa81386"},"headline":"En Ucrania han muerto 497 ni\u00f1os desde el comienzo de la guerra","datePublished":"2023-07-25T16:03:57+00:00","dateModified":"2023-07-25T19:11:23+00:00","mainEntityOfPage":{"@id":"https:\/\/www.sonoraenequipo.com.mx\/en-ucrania-han-muerto-497-ninos-desde-el-comienzo-de-la-guerra\/"},"wordCount":261,"commentCount":0,"publisher":{"@id":"https:\/\/www.sonoraenequipo.com.mx\/#organization"},"image":{"@id":"https:\/\/www.sonoraenequipo.com.mx\/en-ucrania-han-muerto-497-ninos-desde-el-comienzo-de-la-guerra\/#primaryimage"},"thumbnailUrl":"https:\/\/www.sonoraenequipo.com.mx\/storage\/2023\/07\/ninos-en-la-guerra..-min.jpg","articleSection":["MUNDO"],"inLanguage":"es","potentialAction":[{"@type":"CommentAction","name":"Comment","target":["https:\/\/www.sonoraenequipo.com.mx\/en-ucrania-han-muerto-497-ninos-desde-el-comienzo-de-la-guerra\/#respond"]}]},{"@type":"WebPage","@id":"https:\/\/www.sonoraenequipo.com.mx\/en-ucrania-han-muerto-497-ninos-desde-el-comienzo-de-la-guerra\/","url":"https:\/\/www.sonoraenequipo.com.mx\/en-ucrania-han-muerto-497-ninos-desde-el-comienzo-de-la-guerra\/","name":"Sonora en Equipo. En Ucrania han muerto 497 ni\u00f1os desde el comienzo de la guerra MUNDO","isPartOf":{"@id":"https:\/\/www.sonoraenequipo.com.mx\/#website"},"primaryImageOfPage":{"@id":"https:\/\/www.sonoraenequipo.com.mx\/en-ucrania-han-muerto-497-ninos-desde-el-comienzo-de-la-guerra\/#primaryimage"},"image":{"@id":"https:\/\/www.sonoraenequipo.com.mx\/en-ucrania-han-muerto-497-ninos-desde-el-comienzo-de-la-guerra\/#primaryimage"},"thumbnailUrl":"https:\/\/www.sonoraenequipo.com.mx\/storage\/2023\/07\/ninos-en-la-guerra..-min.jpg","datePublished":"2023-07-25T16:03:57+00:00","dateModified":"2023-07-25T19:11:23+00:00","description":"\u00a0KIEV.UCRANIA. \u2014 Un total de 497 menores han muerto en Ucrania durante la guerra que comenz\u00f3 con la invasi\u00f3n rusa de este pa\u00eds el 24 de febrero del a\u00f1o En Sonora en Equipo publicamos toda la informaci\u00f3n de Sonora, M\u00e9xico y el Mundo de manera oportuna y busca que la libertad de expresi\u00f3n sea real. Visita nuestro medio informativo publicado desde Hermosillo, Sonora. %","breadcrumb":{"@id":"https:\/\/www.sonoraenequipo.com.mx\/en-ucrania-han-muerto-497-ninos-desde-el-comienzo-de-la-guerra\/#breadcrumb"},"inLanguage":"es","potentialAction":[{"@type":"ReadAction","target":["https:\/\/www.sonoraenequipo.com.mx\/en-ucrania-han-muerto-497-ninos-desde-el-comienzo-de-la-guerra\/"]}]},{"@type":"ImageObject","inLanguage":"es","@id":"https:\/\/www.sonoraenequipo.com.mx\/en-ucrania-han-muerto-497-ninos-desde-el-comienzo-de-la-guerra\/#primaryimage","url":"https:\/\/www.sonoraenequipo.com.mx\/storage\/2023\/07\/ninos-en-la-guerra..-min.jpg","contentUrl":"https:\/\/www.sonoraenequipo.com.mx\/storage\/2023\/07\/ninos-en-la-guerra..-min.jpg","width":900,"height":506},{"@type":"BreadcrumbList","@id":"https:\/\/www.sonoraenequipo.com.mx\/en-ucrania-han-muerto-497-ninos-desde-el-comienzo-de-la-guerra\/#breadcrumb","itemListElement":[{"@type":"ListItem","position":1,"name":"Portada","item":"https:\/\/www.sonoraenequipo.com.mx\/"},{"@type":"ListItem","position":2,"name":"En Ucrania han muerto 497 ni\u00f1os desde el comienzo de la guerra"}]},{"@type":"WebSite","@id":"https:\/\/www.sonoraenequipo.com.mx\/#website","url":"https:\/\/www.sonoraenequipo.com.mx\/","name":"Sonora en Equipo.","description":"Diario en l\u00ednea con Noticias desde Hermosillo, Sonora","publisher":{"@id":"https:\/\/www.sonoraenequipo.com.mx\/#organization"},"potentialAction":[{"@type":"SearchAction","target":{"@type":"EntryPoint","urlTemplate":"https:\/\/www.sonoraenequipo.com.mx\/?s={search_term_string}"},"query-input":{"@type":"PropertyValueSpecification","valueRequired":true,"valueName":"search_term_string"}}],"inLanguage":"es"},{"@type":"Organization","@id":"https:\/\/www.sonoraenequipo.com.mx\/#organization","name":"Sonoraenequipo.com.mx","url":"https:\/\/www.sonoraenequipo.com.mx\/","logo":{"@type":"ImageObject","inLanguage":"es","@id":"https:\/\/www.sonoraenequipo.com.mx\/#\/schema\/logo\/image\/","url":"https:\/\/www.sonoraenequipo.com.mx\/storage\/2019\/01\/sonoraenequipo_opt.png","contentUrl":"https:\/\/www.sonoraenequipo.com.mx\/storage\/2019\/01\/sonoraenequipo_opt.png","width":375,"height":125,"caption":"Sonoraenequipo.com.mx"},"image":{"@id":"https:\/\/www.sonoraenequipo.com.mx\/#\/schema\/logo\/image\/"},"sameAs":["https:\/\/www.facebook.com\/SonoraEE\/","https:\/\/x.com\/sonoraenequipo","https:\/\/www.youtube.com\/channel\/UC338nW-lPEYmJQs4ZABQ1SQ"]},{"@type":"Person","@id":"https:\/\/www.sonoraenequipo.com.mx\/#\/schema\/person\/50102df0fb23a8fa9e8effad8fa81386","name":"enequipo","image":{"@type":"ImageObject","inLanguage":"es","@id":"https:\/\/www.sonoraenequipo.com.mx\/#\/schema\/person\/image\/","url":"https:\/\/secure.gravatar.com\/avatar\/049821681b589dabc0bc20695993ccebb09f5b5d4d790cd9251b97faac7c652b?s=96&d=blank&r=g","contentUrl":"https:\/\/secure.gravatar.com\/avatar\/049821681b589dabc0bc20695993ccebb09f5b5d4d790cd9251b97faac7c652b?s=96&d=blank&r=g","caption":"enequipo"},"sameAs":["https:\/\/www.facebook.com\/SonoraEE"]}]}},"jetpack_featured_media_url":"https:\/\/www.sonoraenequipo.com.mx\/storage\/2023\/07\/ninos-en-la-guerra..-min.jpg","_links":{"self":[{"href":"https:\/\/www.sonoraenequipo.com.mx\/api\/wp\/v2\/posts\/171066","targetHints":{"allow":["GET"]}}],"collection":[{"href":"https:\/\/www.sonoraenequipo.com.mx\/api\/wp\/v2\/posts"}],"about":[{"href":"https:\/\/www.sonoraenequipo.com.mx\/api\/wp\/v2\/types\/post"}],"author":[{"embeddable":true,"href":"https:\/\/www.sonoraenequipo.com.mx\/api\/wp\/v2\/users\/1"}],"replies":[{"embeddable":true,"href":"https:\/\/www.sonoraenequipo.com.mx\/api\/wp\/v2\/comments?post=171066"}],"version-history":[{"count":1,"href":"https:\/\/www.sonoraenequipo.com.mx\/api\/wp\/v2\/posts\/171066\/revisions"}],"predecessor-version":[{"id":171067,"href":"https:\/\/www.sonoraenequipo.com.mx\/api\/wp\/v2\/posts\/171066\/revisions\/171067"}],"wp:featuredmedia":[{"embeddable":true,"href":"https:\/\/www.sonoraenequipo.com.mx\/api\/wp\/v2\/media\/171062"}],"wp:attachment":[{"href":"https:\/\/www.sonoraenequipo.com.mx\/api\/wp\/v2\/media?parent=171066"}],"wp:term":[{"taxonomy":"category","embeddable":true,"href":"https:\/\/www.sonoraenequipo.com.mx\/api\/wp\/v2\/categories?post=171066"},{"taxonomy":"post_tag","embeddable":true,"href":"https:\/\/www.sonoraenequipo.com.mx\/api\/wp\/v2\/tags?post=171066"}],"curies":[{"name":"wp","href":"https:\/\/api.w.org\/{rel}","templated":true}]}}