{"id":171082,"date":"2023-07-24T22:46:54","date_gmt":"2023-07-25T05:46:54","guid":{"rendered":"https:\/\/www.sonoraenequipo.com.mx\/?p=171082"},"modified":"2023-07-25T15:45:38","modified_gmt":"2023-07-25T22:45:38","slug":"compiten-alumnos-de-cobach-sonora-por-estar-en-la-seleccion-para-la-olimpiada-nacional-de-matematicas","status":"publish","type":"post","link":"https:\/\/www.sonoraenequipo.com.mx\/compiten-alumnos-de-cobach-sonora-por-estar-en-la-seleccion-para-la-olimpiada-nacional-de-matematicas\/","title":{"rendered":"Compiten alumnos de Cobach Sonora por estar en la selecci\u00f3n para la Olimpiada Nacional de Matem\u00e1ticas"},"content":{"rendered":"<p><strong>HERMOSILLO, SONORA. MX. \u2014\u00a0<\/strong> Un total de 12 estudiantes del Colegio de Bachilleres del Estado de Sonora (Cobach), de siete planteles, est\u00e1n en la final en la que compiten por uno de los seis lugares para integrar la delegaci\u00f3n que asistir\u00e1 a la Olimpiada Nacional de Matem\u00e1ticas.<\/p>\n<p> <\/p>\n<p>Rodrigo Arturo Rosas Burgos, director general del colegio, resalt\u00f3 que 24 j\u00f3venes de distintas instituciones educativas superaron la tercera etapa de la Olimpiada Estatal de Matem\u00e1ticas, la mitad de ellos del Cobach, lo que representa un gran logro para la instituci\u00f3n.<\/p>\n<p>&nbsp;<\/p>\n<p>El 5 de agosto pr\u00f3ximo, dijo, se dar\u00e1n a conocer las fechas en las que se llevar\u00e1 a cabo la final estatal y el programa de asesor\u00eda, a trav\u00e9s de la p\u00e1gina web oficial olimpiada.mat.uson.mx\/web y de Facebook de la Olimpiada de Matem\u00e1ticas.<\/p>\n<p>&nbsp;<\/p>\n<p>La selecci\u00f3n sonorense, conformada por seis estudiantes, deber\u00e1 quedar integrada a m\u00e1s tardar en octubre. Al inicio del mes de julio se les hizo llegar a las y a los participantes un problemario de pr\u00e1ctica y las dudas podr\u00e1n resolverse durante las asesor\u00edas programadas.<\/p>\n<p>&nbsp;<\/p>\n<p>El alumnado que participa por Cobach es: Avril Akemy Bola\u00f1os Izaguirre (Plantel de Caborca), Frida Lucia Ruiz Ochoa (Eusebio Francisco Kino de Magdalena), Gabriela Vega Campas y Karla Guadalupe Armenta Noriega (Navojoa), Marco Antonio Tadeo Munro Flores (Plantel Prof. Jes\u00fas Guillermo Careaga Cruz).<\/p>\n<p>&nbsp;<\/p>\n<p>Est\u00e1n, adem\u00e1s, Jes\u00fas Orlando Grijalva Tiznado (Puerto Pe\u00f1asco), Juventino Arturo C\u00f3rdova Ay\u00f3n y Perla Julissa Garc\u00eda Liz\u00e1rraga (San Luis R\u00edo Colorado), Gladys Paola Soto L\u00f3pez, Guadalupe Elena Fierros Valenzuela y Yasel Patricia Liz\u00e1rraga Acosta (Plantel Villa de Seris).<\/p>\n<p>&nbsp;<\/p>\n<p>&nbsp;<\/p>\n<p>PUBLICADO EL 24 DE JULIO DE2023\/<\/p>\n","protected":false},"excerpt":{"rendered":"<p>HERMOSILLO, SONORA. MX. \u2014\u00a0 Un total de 12 estudiantes del Colegio de Bachilleres del Estado&#8230;<\/p>\n","protected":false},"author":1,"featured_media":171083,"comment_status":"open","ping_status":"open","sticky":false,"template":"","format":"standard","meta":{"_monsterinsights_skip_tracking":false,"_monsterinsights_sitenote_active":false,"_monsterinsights_sitenote_note":"","_monsterinsights_sitenote_category":0,"footnotes":""},"categories":[22],"tags":[],"class_list":["post"],"yoast_head":" \n<title>Sonora en Equipo. Compiten alumnos de Cobach Sonora por estar en la selecci\u00f3n para la Olimpiada Nacional de Matem\u00e1ticas Sonora<\/title>\n<meta name=\"description\" content=\"HERMOSILLO, SONORA. MX. \u2014\u00a0 Un total de 12 estudiantes del Colegio de Bachilleres del Estado de Sonora (Cobach), de siete planteles, est\u00e1n en la final en En Sonora en Equipo publicamos toda la informaci\u00f3n de Sonora, M\u00e9xico y el Mundo de manera oportuna y busca que la libertad de expresi\u00f3n sea real. Visita nuestro medio informativo publicado desde Hermosillo, Sonora. %\" \/>\n<meta name=\"robots\" content=\"index, follow, max-snippet:-1, max-image-preview:large, max-video-preview:-1\" \/>\n<link rel=\"canonical\" href=\"https:\/\/www.sonoraenequipo.com.mx\/compiten-alumnos-de-cobach-sonora-por-estar-en-la-seleccion-para-la-olimpiada-nacional-de-matematicas\/\" \/>\n<meta property=\"og:locale\" content=\"es_ES\" \/>\n<meta property=\"og:type\" content=\"article\" \/>\n<meta property=\"og:title\" content=\"Sonora en Equipo. Compiten alumnos de Cobach Sonora por estar en la selecci\u00f3n para la Olimpiada Nacional de Matem\u00e1ticas Sonora\" \/>\n<meta property=\"og:description\" content=\"HERMOSILLO, SONORA. MX. \u2014\u00a0 Un total de 12 estudiantes del Colegio de Bachilleres del Estado de Sonora (Cobach), de siete planteles, est\u00e1n en la final en En Sonora en Equipo publicamos toda la informaci\u00f3n de Sonora, M\u00e9xico y el Mundo de manera oportuna y busca que la libertad de expresi\u00f3n sea real. Visita nuestro medio informativo publicado desde Hermosillo, Sonora. %\" \/>\n<meta property=\"og:url\" content=\"https:\/\/www.sonoraenequipo.com.mx\/compiten-alumnos-de-cobach-sonora-por-estar-en-la-seleccion-para-la-olimpiada-nacional-de-matematicas\/\" \/>\n<meta property=\"og:site_name\" content=\"Sonora en Equipo.\" \/>\n<meta property=\"article:publisher\" content=\"https:\/\/www.facebook.com\/SonoraEE\/\" \/>\n<meta property=\"article:author\" content=\"https:\/\/www.facebook.com\/SonoraEE\" \/>\n<meta property=\"article:published_time\" content=\"2023-07-25T05:46:54+00:00\" \/>\n<meta property=\"article:modified_time\" content=\"2023-07-25T22:45:38+00:00\" \/>\n<meta property=\"og:image\" content=\"https:\/\/www.sonoraenequipo.com.mx\/storage\/2023\/07\/cobach-se-prepara-para-la-competencia-min.jpg\" \/>\n\t<meta property=\"og:image:width\" content=\"1200\" \/>\n\t<meta property=\"og:image:height\" content=\"1200\" \/>\n\t<meta property=\"og:image:type\" content=\"image\/jpeg\" \/>\n<meta name=\"author\" content=\"enequipo\" \/>\n<meta name=\"twitter:card\" content=\"summary_large_image\" \/>\n<meta name=\"twitter:creator\" content=\"@sonoraenequipo\" \/>\n<meta name=\"twitter:site\" content=\"@sonoraenequipo\" \/>\n<meta name=\"twitter:label1\" content=\"Escrito por\" \/>\n\t<meta name=\"twitter:data1\" content=\"enequipo\" \/>\n\t<meta name=\"twitter:label2\" content=\"Tiempo de lectura\" \/>\n\t<meta name=\"twitter:data2\" content=\"1 minuto\" \/>\n<script type=\"application\/ld+json\" class=\"yoast-schema-graph\">{\"@context\":\"https:\/\/schema.org\",\"@graph\":[{\"@type\":\"Article\",\"@id\":\"https:\/\/www.sonoraenequipo.com.mx\/compiten-alumnos-de-cobach-sonora-por-estar-en-la-seleccion-para-la-olimpiada-nacional-de-matematicas\/#article\",\"isPartOf\":{\"@id\":\"https:\/\/www.sonoraenequipo.com.mx\/compiten-alumnos-de-cobach-sonora-por-estar-en-la-seleccion-para-la-olimpiada-nacional-de-matematicas\/\"},\"author\":{\"name\":\"enequipo\",\"@id\":\"https:\/\/www.sonoraenequipo.com.mx\/#\/schema\/person\/50102df0fb23a8fa9e8effad8fa81386\"},\"headline\":\"Compiten alumnos de Cobach Sonora por estar en la selecci\u00f3n para la Olimpiada Nacional de Matem\u00e1ticas\",\"datePublished\":\"2023-07-25T05:46:54+00:00\",\"dateModified\":\"2023-07-25T22:45:38+00:00\",\"mainEntityOfPage\":{\"@id\":\"https:\/\/www.sonoraenequipo.com.mx\/compiten-alumnos-de-cobach-sonora-por-estar-en-la-seleccion-para-la-olimpiada-nacional-de-matematicas\/\"},\"wordCount\":315,\"commentCount\":0,\"publisher\":{\"@id\":\"https:\/\/www.sonoraenequipo.com.mx\/#organization\"},\"image\":{\"@id\":\"https:\/\/www.sonoraenequipo.com.mx\/compiten-alumnos-de-cobach-sonora-por-estar-en-la-seleccion-para-la-olimpiada-nacional-de-matematicas\/#primaryimage\"},\"thumbnailUrl\":\"https:\/\/www.sonoraenequipo.com.mx\/storage\/2023\/07\/cobach-se-prepara-para-la-competencia-min.jpg\",\"articleSection\":[\"Sonora\"],\"inLanguage\":\"es\",\"potentialAction\":[{\"@type\":\"CommentAction\",\"name\":\"Comment\",\"target\":[\"https:\/\/www.sonoraenequipo.com.mx\/compiten-alumnos-de-cobach-sonora-por-estar-en-la-seleccion-para-la-olimpiada-nacional-de-matematicas\/#respond\"]}]},{\"@type\":\"WebPage\",\"@id\":\"https:\/\/www.sonoraenequipo.com.mx\/compiten-alumnos-de-cobach-sonora-por-estar-en-la-seleccion-para-la-olimpiada-nacional-de-matematicas\/\",\"url\":\"https:\/\/www.sonoraenequipo.com.mx\/compiten-alumnos-de-cobach-sonora-por-estar-en-la-seleccion-para-la-olimpiada-nacional-de-matematicas\/\",\"name\":\"Sonora en Equipo. Compiten alumnos de Cobach Sonora por estar en la selecci\u00f3n para la Olimpiada Nacional de Matem\u00e1ticas Sonora\",\"isPartOf\":{\"@id\":\"https:\/\/www.sonoraenequipo.com.mx\/#website\"},\"primaryImageOfPage\":{\"@id\":\"https:\/\/www.sonoraenequipo.com.mx\/compiten-alumnos-de-cobach-sonora-por-estar-en-la-seleccion-para-la-olimpiada-nacional-de-matematicas\/#primaryimage\"},\"image\":{\"@id\":\"https:\/\/www.sonoraenequipo.com.mx\/compiten-alumnos-de-cobach-sonora-por-estar-en-la-seleccion-para-la-olimpiada-nacional-de-matematicas\/#primaryimage\"},\"thumbnailUrl\":\"https:\/\/www.sonoraenequipo.com.mx\/storage\/2023\/07\/cobach-se-prepara-para-la-competencia-min.jpg\",\"datePublished\":\"2023-07-25T05:46:54+00:00\",\"dateModified\":\"2023-07-25T22:45:38+00:00\",\"description\":\"HERMOSILLO, SONORA. MX. \u2014\u00a0 Un total de 12 estudiantes del Colegio de Bachilleres del Estado de Sonora (Cobach), de siete planteles, est\u00e1n en la final en En Sonora en Equipo publicamos toda la informaci\u00f3n de Sonora, M\u00e9xico y el Mundo de manera oportuna y busca que la libertad de expresi\u00f3n sea real. Visita nuestro medio informativo publicado desde Hermosillo, Sonora. %\",\"breadcrumb\":{\"@id\":\"https:\/\/www.sonoraenequipo.com.mx\/compiten-alumnos-de-cobach-sonora-por-estar-en-la-seleccion-para-la-olimpiada-nacional-de-matematicas\/#breadcrumb\"},\"inLanguage\":\"es\",\"potentialAction\":[{\"@type\":\"ReadAction\",\"target\":[\"https:\/\/www.sonoraenequipo.com.mx\/compiten-alumnos-de-cobach-sonora-por-estar-en-la-seleccion-para-la-olimpiada-nacional-de-matematicas\/\"]}]},{\"@type\":\"ImageObject\",\"inLanguage\":\"es\",\"@id\":\"https:\/\/www.sonoraenequipo.com.mx\/compiten-alumnos-de-cobach-sonora-por-estar-en-la-seleccion-para-la-olimpiada-nacional-de-matematicas\/#primaryimage\",\"url\":\"https:\/\/www.sonoraenequipo.com.mx\/storage\/2023\/07\/cobach-se-prepara-para-la-competencia-min.jpg\",\"contentUrl\":\"https:\/\/www.sonoraenequipo.com.mx\/storage\/2023\/07\/cobach-se-prepara-para-la-competencia-min.jpg\",\"width\":1200,\"height\":1200},{\"@type\":\"BreadcrumbList\",\"@id\":\"https:\/\/www.sonoraenequipo.com.mx\/compiten-alumnos-de-cobach-sonora-por-estar-en-la-seleccion-para-la-olimpiada-nacional-de-matematicas\/#breadcrumb\",\"itemListElement\":[{\"@type\":\"ListItem\",\"position\":1,\"name\":\"Portada\",\"item\":\"https:\/\/www.sonoraenequipo.com.mx\/\"},{\"@type\":\"ListItem\",\"position\":2,\"name\":\"Compiten alumnos de Cobach Sonora por estar en la selecci\u00f3n para la Olimpiada Nacional de Matem\u00e1ticas\"}]},{\"@type\":\"WebSite\",\"@id\":\"https:\/\/www.sonoraenequipo.com.mx\/#website\",\"url\":\"https:\/\/www.sonoraenequipo.com.mx\/\",\"name\":\"Sonora en Equipo.\",\"description\":\"Diario en l\u00ednea con Noticias desde Hermosillo, Sonora\",\"publisher\":{\"@id\":\"https:\/\/www.sonoraenequipo.com.mx\/#organization\"},\"potentialAction\":[{\"@type\":\"SearchAction\",\"target\":{\"@type\":\"EntryPoint\",\"urlTemplate\":\"https:\/\/www.sonoraenequipo.com.mx\/?s={search_term_string}\"},\"query-input\":{\"@type\":\"PropertyValueSpecification\",\"valueRequired\":true,\"valueName\":\"search_term_string\"}}],\"inLanguage\":\"es\"},{\"@type\":\"Organization\",\"@id\":\"https:\/\/www.sonoraenequipo.com.mx\/#organization\",\"name\":\"Sonoraenequipo.com.mx\",\"url\":\"https:\/\/www.sonoraenequipo.com.mx\/\",\"logo\":{\"@type\":\"ImageObject\",\"inLanguage\":\"es\",\"@id\":\"https:\/\/www.sonoraenequipo.com.mx\/#\/schema\/logo\/image\/\",\"url\":\"https:\/\/www.sonoraenequipo.com.mx\/storage\/2019\/01\/sonoraenequipo_opt.png\",\"contentUrl\":\"https:\/\/www.sonoraenequipo.com.mx\/storage\/2019\/01\/sonoraenequipo_opt.png\",\"width\":375,\"height\":125,\"caption\":\"Sonoraenequipo.com.mx\"},\"image\":{\"@id\":\"https:\/\/www.sonoraenequipo.com.mx\/#\/schema\/logo\/image\/\"},\"sameAs\":[\"https:\/\/www.facebook.com\/SonoraEE\/\",\"https:\/\/x.com\/sonoraenequipo\",\"https:\/\/www.youtube.com\/channel\/UC338nW-lPEYmJQs4ZABQ1SQ\"]},{\"@type\":\"Person\",\"@id\":\"https:\/\/www.sonoraenequipo.com.mx\/#\/schema\/person\/50102df0fb23a8fa9e8effad8fa81386\",\"name\":\"enequipo\",\"image\":{\"@type\":\"ImageObject\",\"inLanguage\":\"es\",\"@id\":\"https:\/\/www.sonoraenequipo.com.mx\/#\/schema\/person\/image\/\",\"url\":\"https:\/\/secure.gravatar.com\/avatar\/049821681b589dabc0bc20695993ccebb09f5b5d4d790cd9251b97faac7c652b?s=96&d=blank&r=g\",\"contentUrl\":\"https:\/\/secure.gravatar.com\/avatar\/049821681b589dabc0bc20695993ccebb09f5b5d4d790cd9251b97faac7c652b?s=96&d=blank&r=g\",\"caption\":\"enequipo\"},\"sameAs\":[\"https:\/\/www.facebook.com\/SonoraEE\"]}]}<\/script>\n ","yoast_head_json":{"title":"Sonora en Equipo. Compiten alumnos de Cobach Sonora por estar en la selecci\u00f3n para la Olimpiada Nacional de Matem\u00e1ticas Sonora","description":"HERMOSILLO, SONORA. MX. \u2014\u00a0 Un total de 12 estudiantes del Colegio de Bachilleres del Estado de Sonora (Cobach), de siete planteles, est\u00e1n en la final en En Sonora en Equipo publicamos toda la informaci\u00f3n de Sonora, M\u00e9xico y el Mundo de manera oportuna y busca que la libertad de expresi\u00f3n sea real. Visita nuestro medio informativo publicado desde Hermosillo, Sonora. %","robots":{"index":"index","follow":"follow","max-snippet":"max-snippet:-1","max-image-preview":"max-image-preview:large","max-video-preview":"max-video-preview:-1"},"canonical":"https:\/\/www.sonoraenequipo.com.mx\/compiten-alumnos-de-cobach-sonora-por-estar-en-la-seleccion-para-la-olimpiada-nacional-de-matematicas\/","og_locale":"es_ES","og_type":"article","og_title":"Sonora en Equipo. Compiten alumnos de Cobach Sonora por estar en la selecci\u00f3n para la Olimpiada Nacional de Matem\u00e1ticas Sonora","og_description":"HERMOSILLO, SONORA. MX. \u2014\u00a0 Un total de 12 estudiantes del Colegio de Bachilleres del Estado de Sonora (Cobach), de siete planteles, est\u00e1n en la final en En Sonora en Equipo publicamos toda la informaci\u00f3n de Sonora, M\u00e9xico y el Mundo de manera oportuna y busca que la libertad de expresi\u00f3n sea real. Visita nuestro medio informativo publicado desde Hermosillo, Sonora. %","og_url":"https:\/\/www.sonoraenequipo.com.mx\/compiten-alumnos-de-cobach-sonora-por-estar-en-la-seleccion-para-la-olimpiada-nacional-de-matematicas\/","og_site_name":"Sonora en Equipo.","article_publisher":"https:\/\/www.facebook.com\/SonoraEE\/","article_author":"https:\/\/www.facebook.com\/SonoraEE","article_published_time":"2023-07-25T05:46:54+00:00","article_modified_time":"2023-07-25T22:45:38+00:00","og_image":[{"width":1200,"height":1200,"url":"https:\/\/www.sonoraenequipo.com.mx\/storage\/2023\/07\/cobach-se-prepara-para-la-competencia-min.jpg","type":"image\/jpeg"}],"author":"enequipo","twitter_card":"summary_large_image","twitter_creator":"@sonoraenequipo","twitter_site":"@sonoraenequipo","twitter_misc":{"Escrito por":"enequipo","Tiempo de lectura":"1 minuto"},"schema":{"@context":"https:\/\/schema.org","@graph":[{"@type":"Article","@id":"https:\/\/www.sonoraenequipo.com.mx\/compiten-alumnos-de-cobach-sonora-por-estar-en-la-seleccion-para-la-olimpiada-nacional-de-matematicas\/#article","isPartOf":{"@id":"https:\/\/www.sonoraenequipo.com.mx\/compiten-alumnos-de-cobach-sonora-por-estar-en-la-seleccion-para-la-olimpiada-nacional-de-matematicas\/"},"author":{"name":"enequipo","@id":"https:\/\/www.sonoraenequipo.com.mx\/#\/schema\/person\/50102df0fb23a8fa9e8effad8fa81386"},"headline":"Compiten alumnos de Cobach Sonora por estar en la selecci\u00f3n para la Olimpiada Nacional de Matem\u00e1ticas","datePublished":"2023-07-25T05:46:54+00:00","dateModified":"2023-07-25T22:45:38+00:00","mainEntityOfPage":{"@id":"https:\/\/www.sonoraenequipo.com.mx\/compiten-alumnos-de-cobach-sonora-por-estar-en-la-seleccion-para-la-olimpiada-nacional-de-matematicas\/"},"wordCount":315,"commentCount":0,"publisher":{"@id":"https:\/\/www.sonoraenequipo.com.mx\/#organization"},"image":{"@id":"https:\/\/www.sonoraenequipo.com.mx\/compiten-alumnos-de-cobach-sonora-por-estar-en-la-seleccion-para-la-olimpiada-nacional-de-matematicas\/#primaryimage"},"thumbnailUrl":"https:\/\/www.sonoraenequipo.com.mx\/storage\/2023\/07\/cobach-se-prepara-para-la-competencia-min.jpg","articleSection":["Sonora"],"inLanguage":"es","potentialAction":[{"@type":"CommentAction","name":"Comment","target":["https:\/\/www.sonoraenequipo.com.mx\/compiten-alumnos-de-cobach-sonora-por-estar-en-la-seleccion-para-la-olimpiada-nacional-de-matematicas\/#respond"]}]},{"@type":"WebPage","@id":"https:\/\/www.sonoraenequipo.com.mx\/compiten-alumnos-de-cobach-sonora-por-estar-en-la-seleccion-para-la-olimpiada-nacional-de-matematicas\/","url":"https:\/\/www.sonoraenequipo.com.mx\/compiten-alumnos-de-cobach-sonora-por-estar-en-la-seleccion-para-la-olimpiada-nacional-de-matematicas\/","name":"Sonora en Equipo. Compiten alumnos de Cobach Sonora por estar en la selecci\u00f3n para la Olimpiada Nacional de Matem\u00e1ticas Sonora","isPartOf":{"@id":"https:\/\/www.sonoraenequipo.com.mx\/#website"},"primaryImageOfPage":{"@id":"https:\/\/www.sonoraenequipo.com.mx\/compiten-alumnos-de-cobach-sonora-por-estar-en-la-seleccion-para-la-olimpiada-nacional-de-matematicas\/#primaryimage"},"image":{"@id":"https:\/\/www.sonoraenequipo.com.mx\/compiten-alumnos-de-cobach-sonora-por-estar-en-la-seleccion-para-la-olimpiada-nacional-de-matematicas\/#primaryimage"},"thumbnailUrl":"https:\/\/www.sonoraenequipo.com.mx\/storage\/2023\/07\/cobach-se-prepara-para-la-competencia-min.jpg","datePublished":"2023-07-25T05:46:54+00:00","dateModified":"2023-07-25T22:45:38+00:00","description":"HERMOSILLO, SONORA. MX. \u2014\u00a0 Un total de 12 estudiantes del Colegio de Bachilleres del Estado de Sonora (Cobach), de siete planteles, est\u00e1n en la final en En Sonora en Equipo publicamos toda la informaci\u00f3n de Sonora, M\u00e9xico y el Mundo de manera oportuna y busca que la libertad de expresi\u00f3n sea real. Visita nuestro medio informativo publicado desde Hermosillo, Sonora. %","breadcrumb":{"@id":"https:\/\/www.sonoraenequipo.com.mx\/compiten-alumnos-de-cobach-sonora-por-estar-en-la-seleccion-para-la-olimpiada-nacional-de-matematicas\/#breadcrumb"},"inLanguage":"es","potentialAction":[{"@type":"ReadAction","target":["https:\/\/www.sonoraenequipo.com.mx\/compiten-alumnos-de-cobach-sonora-por-estar-en-la-seleccion-para-la-olimpiada-nacional-de-matematicas\/"]}]},{"@type":"ImageObject","inLanguage":"es","@id":"https:\/\/www.sonoraenequipo.com.mx\/compiten-alumnos-de-cobach-sonora-por-estar-en-la-seleccion-para-la-olimpiada-nacional-de-matematicas\/#primaryimage","url":"https:\/\/www.sonoraenequipo.com.mx\/storage\/2023\/07\/cobach-se-prepara-para-la-competencia-min.jpg","contentUrl":"https:\/\/www.sonoraenequipo.com.mx\/storage\/2023\/07\/cobach-se-prepara-para-la-competencia-min.jpg","width":1200,"height":1200},{"@type":"BreadcrumbList","@id":"https:\/\/www.sonoraenequipo.com.mx\/compiten-alumnos-de-cobach-sonora-por-estar-en-la-seleccion-para-la-olimpiada-nacional-de-matematicas\/#breadcrumb","itemListElement":[{"@type":"ListItem","position":1,"name":"Portada","item":"https:\/\/www.sonoraenequipo.com.mx\/"},{"@type":"ListItem","position":2,"name":"Compiten alumnos de Cobach Sonora por estar en la selecci\u00f3n para la Olimpiada Nacional de Matem\u00e1ticas"}]},{"@type":"WebSite","@id":"https:\/\/www.sonoraenequipo.com.mx\/#website","url":"https:\/\/www.sonoraenequipo.com.mx\/","name":"Sonora en Equipo.","description":"Diario en l\u00ednea con Noticias desde Hermosillo, Sonora","publisher":{"@id":"https:\/\/www.sonoraenequipo.com.mx\/#organization"},"potentialAction":[{"@type":"SearchAction","target":{"@type":"EntryPoint","urlTemplate":"https:\/\/www.sonoraenequipo.com.mx\/?s={search_term_string}"},"query-input":{"@type":"PropertyValueSpecification","valueRequired":true,"valueName":"search_term_string"}}],"inLanguage":"es"},{"@type":"Organization","@id":"https:\/\/www.sonoraenequipo.com.mx\/#organization","name":"Sonoraenequipo.com.mx","url":"https:\/\/www.sonoraenequipo.com.mx\/","logo":{"@type":"ImageObject","inLanguage":"es","@id":"https:\/\/www.sonoraenequipo.com.mx\/#\/schema\/logo\/image\/","url":"https:\/\/www.sonoraenequipo.com.mx\/storage\/2019\/01\/sonoraenequipo_opt.png","contentUrl":"https:\/\/www.sonoraenequipo.com.mx\/storage\/2019\/01\/sonoraenequipo_opt.png","width":375,"height":125,"caption":"Sonoraenequipo.com.mx"},"image":{"@id":"https:\/\/www.sonoraenequipo.com.mx\/#\/schema\/logo\/image\/"},"sameAs":["https:\/\/www.facebook.com\/SonoraEE\/","https:\/\/x.com\/sonoraenequipo","https:\/\/www.youtube.com\/channel\/UC338nW-lPEYmJQs4ZABQ1SQ"]},{"@type":"Person","@id":"https:\/\/www.sonoraenequipo.com.mx\/#\/schema\/person\/50102df0fb23a8fa9e8effad8fa81386","name":"enequipo","image":{"@type":"ImageObject","inLanguage":"es","@id":"https:\/\/www.sonoraenequipo.com.mx\/#\/schema\/person\/image\/","url":"https:\/\/secure.gravatar.com\/avatar\/049821681b589dabc0bc20695993ccebb09f5b5d4d790cd9251b97faac7c652b?s=96&d=blank&r=g","contentUrl":"https:\/\/secure.gravatar.com\/avatar\/049821681b589dabc0bc20695993ccebb09f5b5d4d790cd9251b97faac7c652b?s=96&d=blank&r=g","caption":"enequipo"},"sameAs":["https:\/\/www.facebook.com\/SonoraEE"]}]}},"jetpack_featured_media_url":"https:\/\/www.sonoraenequipo.com.mx\/storage\/2023\/07\/cobach-se-prepara-para-la-competencia-min.jpg","_links":{"self":[{"href":"https:\/\/www.sonoraenequipo.com.mx\/api\/wp\/v2\/posts\/171082","targetHints":{"allow":["GET"]}}],"collection":[{"href":"https:\/\/www.sonoraenequipo.com.mx\/api\/wp\/v2\/posts"}],"about":[{"href":"https:\/\/www.sonoraenequipo.com.mx\/api\/wp\/v2\/types\/post"}],"author":[{"embeddable":true,"href":"https:\/\/www.sonoraenequipo.com.mx\/api\/wp\/v2\/users\/1"}],"replies":[{"embeddable":true,"href":"https:\/\/www.sonoraenequipo.com.mx\/api\/wp\/v2\/comments?post=171082"}],"version-history":[{"count":2,"href":"https:\/\/www.sonoraenequipo.com.mx\/api\/wp\/v2\/posts\/171082\/revisions"}],"predecessor-version":[{"id":171085,"href":"https:\/\/www.sonoraenequipo.com.mx\/api\/wp\/v2\/posts\/171082\/revisions\/171085"}],"wp:featuredmedia":[{"embeddable":true,"href":"https:\/\/www.sonoraenequipo.com.mx\/api\/wp\/v2\/media\/171083"}],"wp:attachment":[{"href":"https:\/\/www.sonoraenequipo.com.mx\/api\/wp\/v2\/media?parent=171082"}],"wp:term":[{"taxonomy":"category","embeddable":true,"href":"https:\/\/www.sonoraenequipo.com.mx\/api\/wp\/v2\/categories?post=171082"},{"taxonomy":"post_tag","embeddable":true,"href":"https:\/\/www.sonoraenequipo.com.mx\/api\/wp\/v2\/tags?post=171082"}],"curies":[{"name":"wp","href":"https:\/\/api.w.org\/{rel}","templated":true}]}}