{"id":171118,"date":"2023-07-25T20:29:02","date_gmt":"2023-07-26T03:29:02","guid":{"rendered":"https:\/\/www.sonoraenequipo.com.mx\/?p=171118"},"modified":"2023-07-25T20:29:02","modified_gmt":"2023-07-26T03:29:02","slug":"dialoga-uthermosillo-con-empleadores-para-mejorar-competencias-profesionales-de-sus-egresados","status":"publish","type":"post","link":"https:\/\/www.sonoraenequipo.com.mx\/dialoga-uthermosillo-con-empleadores-para-mejorar-competencias-profesionales-de-sus-egresados\/","title":{"rendered":"Dialoga UTHermosillo con empleadores para mejorar competencias profesionales de sus egresados"},"content":{"rendered":"<p><strong>HERMOSILLO, SONORA,MX.<\/strong><strong>\u2500\u2500<\/strong> Con el objetivo de revisar, analizar y actualizar las competencias profesionales que demanda el sector industrial a sus egresados, la Universidad Tecnol\u00f3gica de Hermosillo (UTH) realiz\u00f3 el taller de An\u00e1lisis de la Situaci\u00f3n del Trabajo (AST) del programa educativo de Ingenier\u00eda en Mantenimiento Industrial<\/p>\n<p>&nbsp;<\/p>\n<p>&nbsp;<\/p>\n<p>&nbsp;<\/p>\n<p>Carlos Castillo Ortiz, director de dicha carrera, subray\u00f3 la importancia de que los estudiantes cuenten con un perfil de mayor calidad para ser buenos profesionistas, por lo que se invit\u00f3 a representantes de empresas para que aportaran un diagn\u00f3stico m\u00e1s completo del entorno laboral.<\/p>\n<p>&nbsp;<\/p>\n<p>&nbsp;<\/p>\n<p>&nbsp;<\/p>\n<p>Al respecto, mencion\u00f3 el impacto positivo que tiene su intervenci\u00f3n para que las materias que comprenden el curso est\u00e9n alineadas a las necesidades de la industria, las competencias que se requieren, as\u00ed como para aportar propuestas de formaci\u00f3n acad\u00e9mica.<\/p>\n<p>&nbsp;<\/p>\n<p>&nbsp;<\/p>\n<p>&nbsp;<\/p>\n<p>Por su parte, Ramiro Carrillo, gerente de mantenimiento del Hotel Lucerna, indic\u00f3 la importancia de que las y los empresarios sean tomados en cuenta para dar a conocer sus necesidades como empleadores, ya que tambi\u00e9n pueden listar las habilidades con las que debe contar un candidato a un puesto.<\/p>\n<p>&nbsp;<\/p>\n<p>&nbsp;<\/p>\n<p>&nbsp;<\/p>\n<p>Asimismo, Jes\u00fas Manuel Reyes, supervisor de Facilites Sistemas M\u00e9dicos Alaris, coment\u00f3 que al familiarizarse con los planes de estudio de este programa aportan su experiencia en beneficio del alumnado de la UTH, los cuales cuentan con un alto nivel de preparaci\u00f3n.<\/p>\n<p><strong>Fecha de publicaci\u00f3n martes 25 de julio de 2023<\/strong><\/p>\n","protected":false},"excerpt":{"rendered":"<p>HERMOSILLO, SONORA,MX.\u2500\u2500 Con el objetivo de revisar, analizar y actualizar las competencias profesionales que demanda&#8230;<\/p>\n","protected":false},"author":1,"featured_media":171119,"comment_status":"open","ping_status":"open","sticky":false,"template":"","format":"standard","meta":{"_monsterinsights_skip_tracking":false,"_monsterinsights_sitenote_active":false,"_monsterinsights_sitenote_note":"","_monsterinsights_sitenote_category":0,"footnotes":""},"categories":[22],"tags":[35,7280],"class_list":["post"],"yoast_head":" \n<title>Sonora en Equipo. Dialoga UTHermosillo con empleadores para mejorar competencias profesionales de sus egresados Sonora<\/title>\n<meta name=\"description\" content=\"HERMOSILLO, SONORA,MX.\u2500\u2500 Con el objetivo de revisar, analizar y actualizar las competencias profesionales que demanda el sector industrial a sus En Sonora en Equipo publicamos toda la informaci\u00f3n de Sonora, M\u00e9xico y el Mundo de manera oportuna y busca que la libertad de expresi\u00f3n sea real. Visita nuestro medio informativo publicado desde Hermosillo, Sonora. %\" \/>\n<meta name=\"robots\" content=\"index, follow, max-snippet:-1, max-image-preview:large, max-video-preview:-1\" \/>\n<link rel=\"canonical\" href=\"https:\/\/www.sonoraenequipo.com.mx\/dialoga-uthermosillo-con-empleadores-para-mejorar-competencias-profesionales-de-sus-egresados\/\" \/>\n<meta property=\"og:locale\" content=\"es_ES\" \/>\n<meta property=\"og:type\" content=\"article\" \/>\n<meta property=\"og:title\" content=\"Sonora en Equipo. Dialoga UTHermosillo con empleadores para mejorar competencias profesionales de sus egresados Sonora\" \/>\n<meta property=\"og:description\" content=\"HERMOSILLO, SONORA,MX.\u2500\u2500 Con el objetivo de revisar, analizar y actualizar las competencias profesionales que demanda el sector industrial a sus En Sonora en Equipo publicamos toda la informaci\u00f3n de Sonora, M\u00e9xico y el Mundo de manera oportuna y busca que la libertad de expresi\u00f3n sea real. Visita nuestro medio informativo publicado desde Hermosillo, Sonora. %\" \/>\n<meta property=\"og:url\" content=\"https:\/\/www.sonoraenequipo.com.mx\/dialoga-uthermosillo-con-empleadores-para-mejorar-competencias-profesionales-de-sus-egresados\/\" \/>\n<meta property=\"og:site_name\" content=\"Sonora en Equipo.\" \/>\n<meta property=\"article:publisher\" content=\"https:\/\/www.facebook.com\/SonoraEE\/\" \/>\n<meta property=\"article:author\" content=\"https:\/\/www.facebook.com\/SonoraEE\" \/>\n<meta property=\"article:published_time\" content=\"2023-07-26T03:29:02+00:00\" \/>\n<meta property=\"og:image\" content=\"https:\/\/www.sonoraenequipo.com.mx\/storage\/2023\/07\/uth.jpg\" \/>\n\t<meta property=\"og:image:width\" content=\"600\" \/>\n\t<meta property=\"og:image:height\" content=\"400\" \/>\n\t<meta property=\"og:image:type\" content=\"image\/jpeg\" \/>\n<meta name=\"author\" content=\"enequipo\" \/>\n<meta name=\"twitter:card\" content=\"summary_large_image\" \/>\n<meta name=\"twitter:creator\" content=\"@sonoraenequipo\" \/>\n<meta name=\"twitter:site\" content=\"@sonoraenequipo\" \/>\n<meta name=\"twitter:label1\" content=\"Escrito por\" \/>\n\t<meta name=\"twitter:data1\" content=\"enequipo\" \/>\n\t<meta name=\"twitter:label2\" content=\"Tiempo de lectura\" \/>\n\t<meta name=\"twitter:data2\" content=\"1 minuto\" \/>\n<script type=\"application\/ld+json\" class=\"yoast-schema-graph\">{\"@context\":\"https:\/\/schema.org\",\"@graph\":[{\"@type\":\"Article\",\"@id\":\"https:\/\/www.sonoraenequipo.com.mx\/dialoga-uthermosillo-con-empleadores-para-mejorar-competencias-profesionales-de-sus-egresados\/#article\",\"isPartOf\":{\"@id\":\"https:\/\/www.sonoraenequipo.com.mx\/dialoga-uthermosillo-con-empleadores-para-mejorar-competencias-profesionales-de-sus-egresados\/\"},\"author\":{\"name\":\"enequipo\",\"@id\":\"https:\/\/www.sonoraenequipo.com.mx\/#\/schema\/person\/50102df0fb23a8fa9e8effad8fa81386\"},\"headline\":\"Dialoga UTHermosillo con empleadores para mejorar competencias profesionales de sus egresados\",\"datePublished\":\"2023-07-26T03:29:02+00:00\",\"mainEntityOfPage\":{\"@id\":\"https:\/\/www.sonoraenequipo.com.mx\/dialoga-uthermosillo-con-empleadores-para-mejorar-competencias-profesionales-de-sus-egresados\/\"},\"wordCount\":265,\"commentCount\":0,\"publisher\":{\"@id\":\"https:\/\/www.sonoraenequipo.com.mx\/#organization\"},\"image\":{\"@id\":\"https:\/\/www.sonoraenequipo.com.mx\/dialoga-uthermosillo-con-empleadores-para-mejorar-competencias-profesionales-de-sus-egresados\/#primaryimage\"},\"thumbnailUrl\":\"https:\/\/www.sonoraenequipo.com.mx\/storage\/2023\/07\/uth.jpg\",\"keywords\":[\"hermosillo\",\"ut\"],\"articleSection\":[\"Sonora\"],\"inLanguage\":\"es\",\"potentialAction\":[{\"@type\":\"CommentAction\",\"name\":\"Comment\",\"target\":[\"https:\/\/www.sonoraenequipo.com.mx\/dialoga-uthermosillo-con-empleadores-para-mejorar-competencias-profesionales-de-sus-egresados\/#respond\"]}]},{\"@type\":\"WebPage\",\"@id\":\"https:\/\/www.sonoraenequipo.com.mx\/dialoga-uthermosillo-con-empleadores-para-mejorar-competencias-profesionales-de-sus-egresados\/\",\"url\":\"https:\/\/www.sonoraenequipo.com.mx\/dialoga-uthermosillo-con-empleadores-para-mejorar-competencias-profesionales-de-sus-egresados\/\",\"name\":\"Sonora en Equipo. Dialoga UTHermosillo con empleadores para mejorar competencias profesionales de sus egresados Sonora\",\"isPartOf\":{\"@id\":\"https:\/\/www.sonoraenequipo.com.mx\/#website\"},\"primaryImageOfPage\":{\"@id\":\"https:\/\/www.sonoraenequipo.com.mx\/dialoga-uthermosillo-con-empleadores-para-mejorar-competencias-profesionales-de-sus-egresados\/#primaryimage\"},\"image\":{\"@id\":\"https:\/\/www.sonoraenequipo.com.mx\/dialoga-uthermosillo-con-empleadores-para-mejorar-competencias-profesionales-de-sus-egresados\/#primaryimage\"},\"thumbnailUrl\":\"https:\/\/www.sonoraenequipo.com.mx\/storage\/2023\/07\/uth.jpg\",\"datePublished\":\"2023-07-26T03:29:02+00:00\",\"description\":\"HERMOSILLO, SONORA,MX.\u2500\u2500 Con el objetivo de revisar, analizar y actualizar las competencias profesionales que demanda el sector industrial a sus En Sonora en Equipo publicamos toda la informaci\u00f3n de Sonora, M\u00e9xico y el Mundo de manera oportuna y busca que la libertad de expresi\u00f3n sea real. Visita nuestro medio informativo publicado desde Hermosillo, Sonora. %\",\"breadcrumb\":{\"@id\":\"https:\/\/www.sonoraenequipo.com.mx\/dialoga-uthermosillo-con-empleadores-para-mejorar-competencias-profesionales-de-sus-egresados\/#breadcrumb\"},\"inLanguage\":\"es\",\"potentialAction\":[{\"@type\":\"ReadAction\",\"target\":[\"https:\/\/www.sonoraenequipo.com.mx\/dialoga-uthermosillo-con-empleadores-para-mejorar-competencias-profesionales-de-sus-egresados\/\"]}]},{\"@type\":\"ImageObject\",\"inLanguage\":\"es\",\"@id\":\"https:\/\/www.sonoraenequipo.com.mx\/dialoga-uthermosillo-con-empleadores-para-mejorar-competencias-profesionales-de-sus-egresados\/#primaryimage\",\"url\":\"https:\/\/www.sonoraenequipo.com.mx\/storage\/2023\/07\/uth.jpg\",\"contentUrl\":\"https:\/\/www.sonoraenequipo.com.mx\/storage\/2023\/07\/uth.jpg\",\"width\":600,\"height\":400},{\"@type\":\"BreadcrumbList\",\"@id\":\"https:\/\/www.sonoraenequipo.com.mx\/dialoga-uthermosillo-con-empleadores-para-mejorar-competencias-profesionales-de-sus-egresados\/#breadcrumb\",\"itemListElement\":[{\"@type\":\"ListItem\",\"position\":1,\"name\":\"Portada\",\"item\":\"https:\/\/www.sonoraenequipo.com.mx\/\"},{\"@type\":\"ListItem\",\"position\":2,\"name\":\"Dialoga UTHermosillo con empleadores para mejorar competencias profesionales de sus egresados\"}]},{\"@type\":\"WebSite\",\"@id\":\"https:\/\/www.sonoraenequipo.com.mx\/#website\",\"url\":\"https:\/\/www.sonoraenequipo.com.mx\/\",\"name\":\"Sonora en Equipo.\",\"description\":\"Diario en l\u00ednea con Noticias desde Hermosillo, Sonora\",\"publisher\":{\"@id\":\"https:\/\/www.sonoraenequipo.com.mx\/#organization\"},\"potentialAction\":[{\"@type\":\"SearchAction\",\"target\":{\"@type\":\"EntryPoint\",\"urlTemplate\":\"https:\/\/www.sonoraenequipo.com.mx\/?s={search_term_string}\"},\"query-input\":{\"@type\":\"PropertyValueSpecification\",\"valueRequired\":true,\"valueName\":\"search_term_string\"}}],\"inLanguage\":\"es\"},{\"@type\":\"Organization\",\"@id\":\"https:\/\/www.sonoraenequipo.com.mx\/#organization\",\"name\":\"Sonoraenequipo.com.mx\",\"url\":\"https:\/\/www.sonoraenequipo.com.mx\/\",\"logo\":{\"@type\":\"ImageObject\",\"inLanguage\":\"es\",\"@id\":\"https:\/\/www.sonoraenequipo.com.mx\/#\/schema\/logo\/image\/\",\"url\":\"https:\/\/www.sonoraenequipo.com.mx\/storage\/2019\/01\/sonoraenequipo_opt.png\",\"contentUrl\":\"https:\/\/www.sonoraenequipo.com.mx\/storage\/2019\/01\/sonoraenequipo_opt.png\",\"width\":375,\"height\":125,\"caption\":\"Sonoraenequipo.com.mx\"},\"image\":{\"@id\":\"https:\/\/www.sonoraenequipo.com.mx\/#\/schema\/logo\/image\/\"},\"sameAs\":[\"https:\/\/www.facebook.com\/SonoraEE\/\",\"https:\/\/x.com\/sonoraenequipo\",\"https:\/\/www.youtube.com\/channel\/UC338nW-lPEYmJQs4ZABQ1SQ\"]},{\"@type\":\"Person\",\"@id\":\"https:\/\/www.sonoraenequipo.com.mx\/#\/schema\/person\/50102df0fb23a8fa9e8effad8fa81386\",\"name\":\"enequipo\",\"image\":{\"@type\":\"ImageObject\",\"inLanguage\":\"es\",\"@id\":\"https:\/\/www.sonoraenequipo.com.mx\/#\/schema\/person\/image\/\",\"url\":\"https:\/\/secure.gravatar.com\/avatar\/049821681b589dabc0bc20695993ccebb09f5b5d4d790cd9251b97faac7c652b?s=96&d=blank&r=g\",\"contentUrl\":\"https:\/\/secure.gravatar.com\/avatar\/049821681b589dabc0bc20695993ccebb09f5b5d4d790cd9251b97faac7c652b?s=96&d=blank&r=g\",\"caption\":\"enequipo\"},\"sameAs\":[\"https:\/\/www.facebook.com\/SonoraEE\"]}]}<\/script>\n ","yoast_head_json":{"title":"Sonora en Equipo. Dialoga UTHermosillo con empleadores para mejorar competencias profesionales de sus egresados Sonora","description":"HERMOSILLO, SONORA,MX.\u2500\u2500 Con el objetivo de revisar, analizar y actualizar las competencias profesionales que demanda el sector industrial a sus En Sonora en Equipo publicamos toda la informaci\u00f3n de Sonora, M\u00e9xico y el Mundo de manera oportuna y busca que la libertad de expresi\u00f3n sea real. Visita nuestro medio informativo publicado desde Hermosillo, Sonora. %","robots":{"index":"index","follow":"follow","max-snippet":"max-snippet:-1","max-image-preview":"max-image-preview:large","max-video-preview":"max-video-preview:-1"},"canonical":"https:\/\/www.sonoraenequipo.com.mx\/dialoga-uthermosillo-con-empleadores-para-mejorar-competencias-profesionales-de-sus-egresados\/","og_locale":"es_ES","og_type":"article","og_title":"Sonora en Equipo. Dialoga UTHermosillo con empleadores para mejorar competencias profesionales de sus egresados Sonora","og_description":"HERMOSILLO, SONORA,MX.\u2500\u2500 Con el objetivo de revisar, analizar y actualizar las competencias profesionales que demanda el sector industrial a sus En Sonora en Equipo publicamos toda la informaci\u00f3n de Sonora, M\u00e9xico y el Mundo de manera oportuna y busca que la libertad de expresi\u00f3n sea real. Visita nuestro medio informativo publicado desde Hermosillo, Sonora. %","og_url":"https:\/\/www.sonoraenequipo.com.mx\/dialoga-uthermosillo-con-empleadores-para-mejorar-competencias-profesionales-de-sus-egresados\/","og_site_name":"Sonora en Equipo.","article_publisher":"https:\/\/www.facebook.com\/SonoraEE\/","article_author":"https:\/\/www.facebook.com\/SonoraEE","article_published_time":"2023-07-26T03:29:02+00:00","og_image":[{"width":600,"height":400,"url":"https:\/\/www.sonoraenequipo.com.mx\/storage\/2023\/07\/uth.jpg","type":"image\/jpeg"}],"author":"enequipo","twitter_card":"summary_large_image","twitter_creator":"@sonoraenequipo","twitter_site":"@sonoraenequipo","twitter_misc":{"Escrito por":"enequipo","Tiempo de lectura":"1 minuto"},"schema":{"@context":"https:\/\/schema.org","@graph":[{"@type":"Article","@id":"https:\/\/www.sonoraenequipo.com.mx\/dialoga-uthermosillo-con-empleadores-para-mejorar-competencias-profesionales-de-sus-egresados\/#article","isPartOf":{"@id":"https:\/\/www.sonoraenequipo.com.mx\/dialoga-uthermosillo-con-empleadores-para-mejorar-competencias-profesionales-de-sus-egresados\/"},"author":{"name":"enequipo","@id":"https:\/\/www.sonoraenequipo.com.mx\/#\/schema\/person\/50102df0fb23a8fa9e8effad8fa81386"},"headline":"Dialoga UTHermosillo con empleadores para mejorar competencias profesionales de sus egresados","datePublished":"2023-07-26T03:29:02+00:00","mainEntityOfPage":{"@id":"https:\/\/www.sonoraenequipo.com.mx\/dialoga-uthermosillo-con-empleadores-para-mejorar-competencias-profesionales-de-sus-egresados\/"},"wordCount":265,"commentCount":0,"publisher":{"@id":"https:\/\/www.sonoraenequipo.com.mx\/#organization"},"image":{"@id":"https:\/\/www.sonoraenequipo.com.mx\/dialoga-uthermosillo-con-empleadores-para-mejorar-competencias-profesionales-de-sus-egresados\/#primaryimage"},"thumbnailUrl":"https:\/\/www.sonoraenequipo.com.mx\/storage\/2023\/07\/uth.jpg","keywords":["hermosillo","ut"],"articleSection":["Sonora"],"inLanguage":"es","potentialAction":[{"@type":"CommentAction","name":"Comment","target":["https:\/\/www.sonoraenequipo.com.mx\/dialoga-uthermosillo-con-empleadores-para-mejorar-competencias-profesionales-de-sus-egresados\/#respond"]}]},{"@type":"WebPage","@id":"https:\/\/www.sonoraenequipo.com.mx\/dialoga-uthermosillo-con-empleadores-para-mejorar-competencias-profesionales-de-sus-egresados\/","url":"https:\/\/www.sonoraenequipo.com.mx\/dialoga-uthermosillo-con-empleadores-para-mejorar-competencias-profesionales-de-sus-egresados\/","name":"Sonora en Equipo. Dialoga UTHermosillo con empleadores para mejorar competencias profesionales de sus egresados Sonora","isPartOf":{"@id":"https:\/\/www.sonoraenequipo.com.mx\/#website"},"primaryImageOfPage":{"@id":"https:\/\/www.sonoraenequipo.com.mx\/dialoga-uthermosillo-con-empleadores-para-mejorar-competencias-profesionales-de-sus-egresados\/#primaryimage"},"image":{"@id":"https:\/\/www.sonoraenequipo.com.mx\/dialoga-uthermosillo-con-empleadores-para-mejorar-competencias-profesionales-de-sus-egresados\/#primaryimage"},"thumbnailUrl":"https:\/\/www.sonoraenequipo.com.mx\/storage\/2023\/07\/uth.jpg","datePublished":"2023-07-26T03:29:02+00:00","description":"HERMOSILLO, SONORA,MX.\u2500\u2500 Con el objetivo de revisar, analizar y actualizar las competencias profesionales que demanda el sector industrial a sus En Sonora en Equipo publicamos toda la informaci\u00f3n de Sonora, M\u00e9xico y el Mundo de manera oportuna y busca que la libertad de expresi\u00f3n sea real. Visita nuestro medio informativo publicado desde Hermosillo, Sonora. %","breadcrumb":{"@id":"https:\/\/www.sonoraenequipo.com.mx\/dialoga-uthermosillo-con-empleadores-para-mejorar-competencias-profesionales-de-sus-egresados\/#breadcrumb"},"inLanguage":"es","potentialAction":[{"@type":"ReadAction","target":["https:\/\/www.sonoraenequipo.com.mx\/dialoga-uthermosillo-con-empleadores-para-mejorar-competencias-profesionales-de-sus-egresados\/"]}]},{"@type":"ImageObject","inLanguage":"es","@id":"https:\/\/www.sonoraenequipo.com.mx\/dialoga-uthermosillo-con-empleadores-para-mejorar-competencias-profesionales-de-sus-egresados\/#primaryimage","url":"https:\/\/www.sonoraenequipo.com.mx\/storage\/2023\/07\/uth.jpg","contentUrl":"https:\/\/www.sonoraenequipo.com.mx\/storage\/2023\/07\/uth.jpg","width":600,"height":400},{"@type":"BreadcrumbList","@id":"https:\/\/www.sonoraenequipo.com.mx\/dialoga-uthermosillo-con-empleadores-para-mejorar-competencias-profesionales-de-sus-egresados\/#breadcrumb","itemListElement":[{"@type":"ListItem","position":1,"name":"Portada","item":"https:\/\/www.sonoraenequipo.com.mx\/"},{"@type":"ListItem","position":2,"name":"Dialoga UTHermosillo con empleadores para mejorar competencias profesionales de sus egresados"}]},{"@type":"WebSite","@id":"https:\/\/www.sonoraenequipo.com.mx\/#website","url":"https:\/\/www.sonoraenequipo.com.mx\/","name":"Sonora en Equipo.","description":"Diario en l\u00ednea con Noticias desde Hermosillo, Sonora","publisher":{"@id":"https:\/\/www.sonoraenequipo.com.mx\/#organization"},"potentialAction":[{"@type":"SearchAction","target":{"@type":"EntryPoint","urlTemplate":"https:\/\/www.sonoraenequipo.com.mx\/?s={search_term_string}"},"query-input":{"@type":"PropertyValueSpecification","valueRequired":true,"valueName":"search_term_string"}}],"inLanguage":"es"},{"@type":"Organization","@id":"https:\/\/www.sonoraenequipo.com.mx\/#organization","name":"Sonoraenequipo.com.mx","url":"https:\/\/www.sonoraenequipo.com.mx\/","logo":{"@type":"ImageObject","inLanguage":"es","@id":"https:\/\/www.sonoraenequipo.com.mx\/#\/schema\/logo\/image\/","url":"https:\/\/www.sonoraenequipo.com.mx\/storage\/2019\/01\/sonoraenequipo_opt.png","contentUrl":"https:\/\/www.sonoraenequipo.com.mx\/storage\/2019\/01\/sonoraenequipo_opt.png","width":375,"height":125,"caption":"Sonoraenequipo.com.mx"},"image":{"@id":"https:\/\/www.sonoraenequipo.com.mx\/#\/schema\/logo\/image\/"},"sameAs":["https:\/\/www.facebook.com\/SonoraEE\/","https:\/\/x.com\/sonoraenequipo","https:\/\/www.youtube.com\/channel\/UC338nW-lPEYmJQs4ZABQ1SQ"]},{"@type":"Person","@id":"https:\/\/www.sonoraenequipo.com.mx\/#\/schema\/person\/50102df0fb23a8fa9e8effad8fa81386","name":"enequipo","image":{"@type":"ImageObject","inLanguage":"es","@id":"https:\/\/www.sonoraenequipo.com.mx\/#\/schema\/person\/image\/","url":"https:\/\/secure.gravatar.com\/avatar\/049821681b589dabc0bc20695993ccebb09f5b5d4d790cd9251b97faac7c652b?s=96&d=blank&r=g","contentUrl":"https:\/\/secure.gravatar.com\/avatar\/049821681b589dabc0bc20695993ccebb09f5b5d4d790cd9251b97faac7c652b?s=96&d=blank&r=g","caption":"enequipo"},"sameAs":["https:\/\/www.facebook.com\/SonoraEE"]}]}},"jetpack_featured_media_url":"https:\/\/www.sonoraenequipo.com.mx\/storage\/2023\/07\/uth.jpg","_links":{"self":[{"href":"https:\/\/www.sonoraenequipo.com.mx\/api\/wp\/v2\/posts\/171118","targetHints":{"allow":["GET"]}}],"collection":[{"href":"https:\/\/www.sonoraenequipo.com.mx\/api\/wp\/v2\/posts"}],"about":[{"href":"https:\/\/www.sonoraenequipo.com.mx\/api\/wp\/v2\/types\/post"}],"author":[{"embeddable":true,"href":"https:\/\/www.sonoraenequipo.com.mx\/api\/wp\/v2\/users\/1"}],"replies":[{"embeddable":true,"href":"https:\/\/www.sonoraenequipo.com.mx\/api\/wp\/v2\/comments?post=171118"}],"version-history":[{"count":1,"href":"https:\/\/www.sonoraenequipo.com.mx\/api\/wp\/v2\/posts\/171118\/revisions"}],"predecessor-version":[{"id":171120,"href":"https:\/\/www.sonoraenequipo.com.mx\/api\/wp\/v2\/posts\/171118\/revisions\/171120"}],"wp:featuredmedia":[{"embeddable":true,"href":"https:\/\/www.sonoraenequipo.com.mx\/api\/wp\/v2\/media\/171119"}],"wp:attachment":[{"href":"https:\/\/www.sonoraenequipo.com.mx\/api\/wp\/v2\/media?parent=171118"}],"wp:term":[{"taxonomy":"category","embeddable":true,"href":"https:\/\/www.sonoraenequipo.com.mx\/api\/wp\/v2\/categories?post=171118"},{"taxonomy":"post_tag","embeddable":true,"href":"https:\/\/www.sonoraenequipo.com.mx\/api\/wp\/v2\/tags?post=171118"}],"curies":[{"name":"wp","href":"https:\/\/api.w.org\/{rel}","templated":true}]}}