{"id":171295,"date":"2023-07-27T15:35:45","date_gmt":"2023-07-27T22:35:45","guid":{"rendered":"https:\/\/www.sonoraenequipo.com.mx\/?p=171295"},"modified":"2023-07-27T19:20:35","modified_gmt":"2023-07-28T02:20:35","slug":"preparado-ayuntamiento-para-el-incremento-de-desechos-en-bahia-de-kino-durante-el-periodo-vacacional","status":"publish","type":"post","link":"https:\/\/www.sonoraenequipo.com.mx\/preparado-ayuntamiento-para-el-incremento-de-desechos-en-bahia-de-kino-durante-el-periodo-vacacional\/","title":{"rendered":"Preparado Ayuntamiento para el incremento de desechos en Bah\u00eda de Kino durante el periodo vacacional"},"content":{"rendered":"<p><strong>HERMOSILLO, SONORA. MX. \u2014\u00a0<\/strong> Ante el previsto incremento del 60 por ciento en los desechos en playas de Bah\u00eda de Kino durante el periodo vacacional de verano, el Gobierno Municipal ya est\u00e1 preparado para dar un buen servicio de recolecci\u00f3n en beneficio de residentes y visitantes, afirm\u00f3 Gibr\u00e1n Salido Rodr\u00edguez.<\/p>\n<p>&nbsp;<\/p>\n<p> <\/p>\n<p>&nbsp;<\/p>\n<p>El director de Recolecci\u00f3n de Servicios P\u00fablicos Municipales explic\u00f3 que, en caso necesario, el personal de la dependencia est\u00e1 preparado para complementar con un segundo turno el recorrido matutino por los 110 contenedores instalados en la calle Mar de Cort\u00e9s en Kino Nuevo y los 60 que est\u00e1n distribuidos en Kino Pueblo, as\u00ed como los 220 dep\u00f3sitos de las playas.<\/p>\n<p>&nbsp;<\/p>\n<p>&nbsp;<\/p>\n<p>Revel\u00f3 que el aumento en los desperdicios a retirar empieza desde los fines de semana previos a las vacaciones de verano debido a que quienes tienen casas en el balneario las visitan para limpiarlas y deshacerse de lo que no les sirve.<\/p>\n<p>&nbsp;<\/p>\n<p>&nbsp;<\/p>\n<p><strong><em>\u201cEl tonelaje en general en Bah\u00eda de Kino es de aproximadamente de 30 a 35 toneladas diarias, nosotros vemos un incremento de casi 60 a 70 toneladas diarias en periodo vacacional, en playa estamos levantando alrededor de 5 o 6 toneladas por d\u00eda\u201d,<\/em><\/strong> explic\u00f3.<\/p>\n<p>&nbsp;<\/p>\n<p>&nbsp;<\/p>\n<p>En las playas el vaciado de dep\u00f3sitos es completamente manual procurando el m\u00ednimo de molestias a las personas vacacionistas, mencion\u00f3.<\/p>\n<p>&nbsp;<\/p>\n<p>&nbsp;<\/p>\n<p>El funcionario reiter\u00f3 el llamado a la ciudadan\u00eda residente en el balneario hermosillense y a vacacionistas a que dispongan de manera responsable de los desechos que se generen durante su estancia en las playas de Kino Pueblo y Kino Nuevo.<\/p>\n<p>&nbsp;<\/p>\n<p>&nbsp;<\/p>\n<p>Adem\u00e1s, en Kino Nuevo est\u00e1 disponible las 24 horas el reciclacentro ubicado en el Museo del Seri para dejar residuo pl\u00e1stico, papel, botellas de vidrio, cart\u00f3n y otros.<\/p>\n<p>&nbsp;<\/p>\n<p>&nbsp;<\/p>\n<p>PUBLICADO EL 27 DE JULIO DE2023\/ Con informaci\u00f3n de HMO 539\/2023)<\/p>\n","protected":false},"excerpt":{"rendered":"<p>HERMOSILLO, SONORA. MX. \u2014\u00a0 Ante el previsto incremento del 60 por ciento en los desechos&#8230;<\/p>\n","protected":false},"author":1,"featured_media":171303,"comment_status":"open","ping_status":"open","sticky":false,"template":"","format":"standard","meta":{"_monsterinsights_skip_tracking":false,"_monsterinsights_sitenote_active":false,"_monsterinsights_sitenote_note":"","_monsterinsights_sitenote_category":0,"footnotes":""},"categories":[4],"tags":[],"class_list":["post"],"yoast_head":" \n<title>Sonora en Equipo. Preparado Ayuntamiento para el incremento de desechos en Bah\u00eda de Kino durante el periodo vacacional Municipios<\/title>\n<meta name=\"description\" content=\"HERMOSILLO, SONORA. MX. \u2014\u00a0 Ante el previsto incremento del 60 por ciento en los desechos en playas de Bah\u00eda de Kino durante el periodo vacacional de En Sonora en Equipo publicamos toda la informaci\u00f3n de Sonora, M\u00e9xico y el Mundo de manera oportuna y busca que la libertad de expresi\u00f3n sea real. Visita nuestro medio informativo publicado desde Hermosillo, Sonora. %\" \/>\n<meta name=\"robots\" content=\"index, follow, max-snippet:-1, max-image-preview:large, max-video-preview:-1\" \/>\n<link rel=\"canonical\" href=\"https:\/\/www.sonoraenequipo.com.mx\/preparado-ayuntamiento-para-el-incremento-de-desechos-en-bahia-de-kino-durante-el-periodo-vacacional\/\" \/>\n<meta property=\"og:locale\" content=\"es_ES\" \/>\n<meta property=\"og:type\" content=\"article\" \/>\n<meta property=\"og:title\" content=\"Sonora en Equipo. Preparado Ayuntamiento para el incremento de desechos en Bah\u00eda de Kino durante el periodo vacacional Municipios\" \/>\n<meta property=\"og:description\" content=\"HERMOSILLO, SONORA. MX. \u2014\u00a0 Ante el previsto incremento del 60 por ciento en los desechos en playas de Bah\u00eda de Kino durante el periodo vacacional de En Sonora en Equipo publicamos toda la informaci\u00f3n de Sonora, M\u00e9xico y el Mundo de manera oportuna y busca que la libertad de expresi\u00f3n sea real. Visita nuestro medio informativo publicado desde Hermosillo, Sonora. %\" \/>\n<meta property=\"og:url\" content=\"https:\/\/www.sonoraenequipo.com.mx\/preparado-ayuntamiento-para-el-incremento-de-desechos-en-bahia-de-kino-durante-el-periodo-vacacional\/\" \/>\n<meta property=\"og:site_name\" content=\"Sonora en Equipo.\" \/>\n<meta property=\"article:publisher\" content=\"https:\/\/www.facebook.com\/SonoraEE\/\" \/>\n<meta property=\"article:author\" content=\"https:\/\/www.facebook.com\/SonoraEE\" \/>\n<meta property=\"article:published_time\" content=\"2023-07-27T22:35:45+00:00\" \/>\n<meta property=\"article:modified_time\" content=\"2023-07-28T02:20:35+00:00\" \/>\n<meta property=\"og:image\" content=\"https:\/\/www.sonoraenequipo.com.mx\/storage\/2023\/07\/Preparado-HILLO-en-Bahi\u0301a-de-Kino-para-periodo-vacacional_3-min.jpeg\" \/>\n\t<meta property=\"og:image:width\" content=\"1024\" \/>\n\t<meta property=\"og:image:height\" content=\"768\" \/>\n\t<meta property=\"og:image:type\" content=\"image\/jpeg\" \/>\n<meta name=\"author\" content=\"enequipo\" \/>\n<meta name=\"twitter:card\" content=\"summary_large_image\" \/>\n<meta name=\"twitter:creator\" content=\"@sonoraenequipo\" \/>\n<meta name=\"twitter:site\" content=\"@sonoraenequipo\" \/>\n<meta name=\"twitter:label1\" content=\"Escrito por\" \/>\n\t<meta name=\"twitter:data1\" content=\"enequipo\" \/>\n\t<meta name=\"twitter:label2\" content=\"Tiempo de lectura\" \/>\n\t<meta name=\"twitter:data2\" content=\"2 minutos\" \/>\n<script type=\"application\/ld+json\" class=\"yoast-schema-graph\">{\"@context\":\"https:\/\/schema.org\",\"@graph\":[{\"@type\":\"Article\",\"@id\":\"https:\/\/www.sonoraenequipo.com.mx\/preparado-ayuntamiento-para-el-incremento-de-desechos-en-bahia-de-kino-durante-el-periodo-vacacional\/#article\",\"isPartOf\":{\"@id\":\"https:\/\/www.sonoraenequipo.com.mx\/preparado-ayuntamiento-para-el-incremento-de-desechos-en-bahia-de-kino-durante-el-periodo-vacacional\/\"},\"author\":{\"name\":\"enequipo\",\"@id\":\"https:\/\/www.sonoraenequipo.com.mx\/#\/schema\/person\/50102df0fb23a8fa9e8effad8fa81386\"},\"headline\":\"Preparado Ayuntamiento para el incremento de desechos en Bah\u00eda de Kino durante el periodo vacacional\",\"datePublished\":\"2023-07-27T22:35:45+00:00\",\"dateModified\":\"2023-07-28T02:20:35+00:00\",\"mainEntityOfPage\":{\"@id\":\"https:\/\/www.sonoraenequipo.com.mx\/preparado-ayuntamiento-para-el-incremento-de-desechos-en-bahia-de-kino-durante-el-periodo-vacacional\/\"},\"wordCount\":329,\"commentCount\":0,\"publisher\":{\"@id\":\"https:\/\/www.sonoraenequipo.com.mx\/#organization\"},\"image\":{\"@id\":\"https:\/\/www.sonoraenequipo.com.mx\/preparado-ayuntamiento-para-el-incremento-de-desechos-en-bahia-de-kino-durante-el-periodo-vacacional\/#primaryimage\"},\"thumbnailUrl\":\"https:\/\/www.sonoraenequipo.com.mx\/storage\/2023\/07\/Preparado-HILLO-en-Bahi\u0301a-de-Kino-para-periodo-vacacional_3-min.jpeg\",\"articleSection\":[\"Municipios\"],\"inLanguage\":\"es\",\"potentialAction\":[{\"@type\":\"CommentAction\",\"name\":\"Comment\",\"target\":[\"https:\/\/www.sonoraenequipo.com.mx\/preparado-ayuntamiento-para-el-incremento-de-desechos-en-bahia-de-kino-durante-el-periodo-vacacional\/#respond\"]}]},{\"@type\":\"WebPage\",\"@id\":\"https:\/\/www.sonoraenequipo.com.mx\/preparado-ayuntamiento-para-el-incremento-de-desechos-en-bahia-de-kino-durante-el-periodo-vacacional\/\",\"url\":\"https:\/\/www.sonoraenequipo.com.mx\/preparado-ayuntamiento-para-el-incremento-de-desechos-en-bahia-de-kino-durante-el-periodo-vacacional\/\",\"name\":\"Sonora en Equipo. Preparado Ayuntamiento para el incremento de desechos en Bah\u00eda de Kino durante el periodo vacacional Municipios\",\"isPartOf\":{\"@id\":\"https:\/\/www.sonoraenequipo.com.mx\/#website\"},\"primaryImageOfPage\":{\"@id\":\"https:\/\/www.sonoraenequipo.com.mx\/preparado-ayuntamiento-para-el-incremento-de-desechos-en-bahia-de-kino-durante-el-periodo-vacacional\/#primaryimage\"},\"image\":{\"@id\":\"https:\/\/www.sonoraenequipo.com.mx\/preparado-ayuntamiento-para-el-incremento-de-desechos-en-bahia-de-kino-durante-el-periodo-vacacional\/#primaryimage\"},\"thumbnailUrl\":\"https:\/\/www.sonoraenequipo.com.mx\/storage\/2023\/07\/Preparado-HILLO-en-Bahi\u0301a-de-Kino-para-periodo-vacacional_3-min.jpeg\",\"datePublished\":\"2023-07-27T22:35:45+00:00\",\"dateModified\":\"2023-07-28T02:20:35+00:00\",\"description\":\"HERMOSILLO, SONORA. MX. \u2014\u00a0 Ante el previsto incremento del 60 por ciento en los desechos en playas de Bah\u00eda de Kino durante el periodo vacacional de En Sonora en Equipo publicamos toda la informaci\u00f3n de Sonora, M\u00e9xico y el Mundo de manera oportuna y busca que la libertad de expresi\u00f3n sea real. Visita nuestro medio informativo publicado desde Hermosillo, Sonora. %\",\"breadcrumb\":{\"@id\":\"https:\/\/www.sonoraenequipo.com.mx\/preparado-ayuntamiento-para-el-incremento-de-desechos-en-bahia-de-kino-durante-el-periodo-vacacional\/#breadcrumb\"},\"inLanguage\":\"es\",\"potentialAction\":[{\"@type\":\"ReadAction\",\"target\":[\"https:\/\/www.sonoraenequipo.com.mx\/preparado-ayuntamiento-para-el-incremento-de-desechos-en-bahia-de-kino-durante-el-periodo-vacacional\/\"]}]},{\"@type\":\"ImageObject\",\"inLanguage\":\"es\",\"@id\":\"https:\/\/www.sonoraenequipo.com.mx\/preparado-ayuntamiento-para-el-incremento-de-desechos-en-bahia-de-kino-durante-el-periodo-vacacional\/#primaryimage\",\"url\":\"https:\/\/www.sonoraenequipo.com.mx\/storage\/2023\/07\/Preparado-HILLO-en-Bahi\u0301a-de-Kino-para-periodo-vacacional_3-min.jpeg\",\"contentUrl\":\"https:\/\/www.sonoraenequipo.com.mx\/storage\/2023\/07\/Preparado-HILLO-en-Bahi\u0301a-de-Kino-para-periodo-vacacional_3-min.jpeg\",\"width\":1024,\"height\":768},{\"@type\":\"BreadcrumbList\",\"@id\":\"https:\/\/www.sonoraenequipo.com.mx\/preparado-ayuntamiento-para-el-incremento-de-desechos-en-bahia-de-kino-durante-el-periodo-vacacional\/#breadcrumb\",\"itemListElement\":[{\"@type\":\"ListItem\",\"position\":1,\"name\":\"Portada\",\"item\":\"https:\/\/www.sonoraenequipo.com.mx\/\"},{\"@type\":\"ListItem\",\"position\":2,\"name\":\"Preparado Ayuntamiento para el incremento de desechos en Bah\u00eda de Kino durante el periodo vacacional\"}]},{\"@type\":\"WebSite\",\"@id\":\"https:\/\/www.sonoraenequipo.com.mx\/#website\",\"url\":\"https:\/\/www.sonoraenequipo.com.mx\/\",\"name\":\"Sonora en Equipo.\",\"description\":\"Diario en l\u00ednea con Noticias desde Hermosillo, Sonora\",\"publisher\":{\"@id\":\"https:\/\/www.sonoraenequipo.com.mx\/#organization\"},\"potentialAction\":[{\"@type\":\"SearchAction\",\"target\":{\"@type\":\"EntryPoint\",\"urlTemplate\":\"https:\/\/www.sonoraenequipo.com.mx\/?s={search_term_string}\"},\"query-input\":{\"@type\":\"PropertyValueSpecification\",\"valueRequired\":true,\"valueName\":\"search_term_string\"}}],\"inLanguage\":\"es\"},{\"@type\":\"Organization\",\"@id\":\"https:\/\/www.sonoraenequipo.com.mx\/#organization\",\"name\":\"Sonoraenequipo.com.mx\",\"url\":\"https:\/\/www.sonoraenequipo.com.mx\/\",\"logo\":{\"@type\":\"ImageObject\",\"inLanguage\":\"es\",\"@id\":\"https:\/\/www.sonoraenequipo.com.mx\/#\/schema\/logo\/image\/\",\"url\":\"https:\/\/www.sonoraenequipo.com.mx\/storage\/2019\/01\/sonoraenequipo_opt.png\",\"contentUrl\":\"https:\/\/www.sonoraenequipo.com.mx\/storage\/2019\/01\/sonoraenequipo_opt.png\",\"width\":375,\"height\":125,\"caption\":\"Sonoraenequipo.com.mx\"},\"image\":{\"@id\":\"https:\/\/www.sonoraenequipo.com.mx\/#\/schema\/logo\/image\/\"},\"sameAs\":[\"https:\/\/www.facebook.com\/SonoraEE\/\",\"https:\/\/x.com\/sonoraenequipo\",\"https:\/\/www.youtube.com\/channel\/UC338nW-lPEYmJQs4ZABQ1SQ\"]},{\"@type\":\"Person\",\"@id\":\"https:\/\/www.sonoraenequipo.com.mx\/#\/schema\/person\/50102df0fb23a8fa9e8effad8fa81386\",\"name\":\"enequipo\",\"image\":{\"@type\":\"ImageObject\",\"inLanguage\":\"es\",\"@id\":\"https:\/\/www.sonoraenequipo.com.mx\/#\/schema\/person\/image\/\",\"url\":\"https:\/\/secure.gravatar.com\/avatar\/049821681b589dabc0bc20695993ccebb09f5b5d4d790cd9251b97faac7c652b?s=96&d=blank&r=g\",\"contentUrl\":\"https:\/\/secure.gravatar.com\/avatar\/049821681b589dabc0bc20695993ccebb09f5b5d4d790cd9251b97faac7c652b?s=96&d=blank&r=g\",\"caption\":\"enequipo\"},\"sameAs\":[\"https:\/\/www.facebook.com\/SonoraEE\"]}]}<\/script>\n ","yoast_head_json":{"title":"Sonora en Equipo. Preparado Ayuntamiento para el incremento de desechos en Bah\u00eda de Kino durante el periodo vacacional Municipios","description":"HERMOSILLO, SONORA. MX. \u2014\u00a0 Ante el previsto incremento del 60 por ciento en los desechos en playas de Bah\u00eda de Kino durante el periodo vacacional de En Sonora en Equipo publicamos toda la informaci\u00f3n de Sonora, M\u00e9xico y el Mundo de manera oportuna y busca que la libertad de expresi\u00f3n sea real. Visita nuestro medio informativo publicado desde Hermosillo, Sonora. %","robots":{"index":"index","follow":"follow","max-snippet":"max-snippet:-1","max-image-preview":"max-image-preview:large","max-video-preview":"max-video-preview:-1"},"canonical":"https:\/\/www.sonoraenequipo.com.mx\/preparado-ayuntamiento-para-el-incremento-de-desechos-en-bahia-de-kino-durante-el-periodo-vacacional\/","og_locale":"es_ES","og_type":"article","og_title":"Sonora en Equipo. Preparado Ayuntamiento para el incremento de desechos en Bah\u00eda de Kino durante el periodo vacacional Municipios","og_description":"HERMOSILLO, SONORA. MX. \u2014\u00a0 Ante el previsto incremento del 60 por ciento en los desechos en playas de Bah\u00eda de Kino durante el periodo vacacional de En Sonora en Equipo publicamos toda la informaci\u00f3n de Sonora, M\u00e9xico y el Mundo de manera oportuna y busca que la libertad de expresi\u00f3n sea real. Visita nuestro medio informativo publicado desde Hermosillo, Sonora. %","og_url":"https:\/\/www.sonoraenequipo.com.mx\/preparado-ayuntamiento-para-el-incremento-de-desechos-en-bahia-de-kino-durante-el-periodo-vacacional\/","og_site_name":"Sonora en Equipo.","article_publisher":"https:\/\/www.facebook.com\/SonoraEE\/","article_author":"https:\/\/www.facebook.com\/SonoraEE","article_published_time":"2023-07-27T22:35:45+00:00","article_modified_time":"2023-07-28T02:20:35+00:00","og_image":[{"width":1024,"height":768,"url":"https:\/\/www.sonoraenequipo.com.mx\/storage\/2023\/07\/Preparado-HILLO-en-Bahi\u0301a-de-Kino-para-periodo-vacacional_3-min.jpeg","type":"image\/jpeg"}],"author":"enequipo","twitter_card":"summary_large_image","twitter_creator":"@sonoraenequipo","twitter_site":"@sonoraenequipo","twitter_misc":{"Escrito por":"enequipo","Tiempo de lectura":"2 minutos"},"schema":{"@context":"https:\/\/schema.org","@graph":[{"@type":"Article","@id":"https:\/\/www.sonoraenequipo.com.mx\/preparado-ayuntamiento-para-el-incremento-de-desechos-en-bahia-de-kino-durante-el-periodo-vacacional\/#article","isPartOf":{"@id":"https:\/\/www.sonoraenequipo.com.mx\/preparado-ayuntamiento-para-el-incremento-de-desechos-en-bahia-de-kino-durante-el-periodo-vacacional\/"},"author":{"name":"enequipo","@id":"https:\/\/www.sonoraenequipo.com.mx\/#\/schema\/person\/50102df0fb23a8fa9e8effad8fa81386"},"headline":"Preparado Ayuntamiento para el incremento de desechos en Bah\u00eda de Kino durante el periodo vacacional","datePublished":"2023-07-27T22:35:45+00:00","dateModified":"2023-07-28T02:20:35+00:00","mainEntityOfPage":{"@id":"https:\/\/www.sonoraenequipo.com.mx\/preparado-ayuntamiento-para-el-incremento-de-desechos-en-bahia-de-kino-durante-el-periodo-vacacional\/"},"wordCount":329,"commentCount":0,"publisher":{"@id":"https:\/\/www.sonoraenequipo.com.mx\/#organization"},"image":{"@id":"https:\/\/www.sonoraenequipo.com.mx\/preparado-ayuntamiento-para-el-incremento-de-desechos-en-bahia-de-kino-durante-el-periodo-vacacional\/#primaryimage"},"thumbnailUrl":"https:\/\/www.sonoraenequipo.com.mx\/storage\/2023\/07\/Preparado-HILLO-en-Bahi\u0301a-de-Kino-para-periodo-vacacional_3-min.jpeg","articleSection":["Municipios"],"inLanguage":"es","potentialAction":[{"@type":"CommentAction","name":"Comment","target":["https:\/\/www.sonoraenequipo.com.mx\/preparado-ayuntamiento-para-el-incremento-de-desechos-en-bahia-de-kino-durante-el-periodo-vacacional\/#respond"]}]},{"@type":"WebPage","@id":"https:\/\/www.sonoraenequipo.com.mx\/preparado-ayuntamiento-para-el-incremento-de-desechos-en-bahia-de-kino-durante-el-periodo-vacacional\/","url":"https:\/\/www.sonoraenequipo.com.mx\/preparado-ayuntamiento-para-el-incremento-de-desechos-en-bahia-de-kino-durante-el-periodo-vacacional\/","name":"Sonora en Equipo. Preparado Ayuntamiento para el incremento de desechos en Bah\u00eda de Kino durante el periodo vacacional Municipios","isPartOf":{"@id":"https:\/\/www.sonoraenequipo.com.mx\/#website"},"primaryImageOfPage":{"@id":"https:\/\/www.sonoraenequipo.com.mx\/preparado-ayuntamiento-para-el-incremento-de-desechos-en-bahia-de-kino-durante-el-periodo-vacacional\/#primaryimage"},"image":{"@id":"https:\/\/www.sonoraenequipo.com.mx\/preparado-ayuntamiento-para-el-incremento-de-desechos-en-bahia-de-kino-durante-el-periodo-vacacional\/#primaryimage"},"thumbnailUrl":"https:\/\/www.sonoraenequipo.com.mx\/storage\/2023\/07\/Preparado-HILLO-en-Bahi\u0301a-de-Kino-para-periodo-vacacional_3-min.jpeg","datePublished":"2023-07-27T22:35:45+00:00","dateModified":"2023-07-28T02:20:35+00:00","description":"HERMOSILLO, SONORA. MX. \u2014\u00a0 Ante el previsto incremento del 60 por ciento en los desechos en playas de Bah\u00eda de Kino durante el periodo vacacional de En Sonora en Equipo publicamos toda la informaci\u00f3n de Sonora, M\u00e9xico y el Mundo de manera oportuna y busca que la libertad de expresi\u00f3n sea real. Visita nuestro medio informativo publicado desde Hermosillo, Sonora. %","breadcrumb":{"@id":"https:\/\/www.sonoraenequipo.com.mx\/preparado-ayuntamiento-para-el-incremento-de-desechos-en-bahia-de-kino-durante-el-periodo-vacacional\/#breadcrumb"},"inLanguage":"es","potentialAction":[{"@type":"ReadAction","target":["https:\/\/www.sonoraenequipo.com.mx\/preparado-ayuntamiento-para-el-incremento-de-desechos-en-bahia-de-kino-durante-el-periodo-vacacional\/"]}]},{"@type":"ImageObject","inLanguage":"es","@id":"https:\/\/www.sonoraenequipo.com.mx\/preparado-ayuntamiento-para-el-incremento-de-desechos-en-bahia-de-kino-durante-el-periodo-vacacional\/#primaryimage","url":"https:\/\/www.sonoraenequipo.com.mx\/storage\/2023\/07\/Preparado-HILLO-en-Bahi\u0301a-de-Kino-para-periodo-vacacional_3-min.jpeg","contentUrl":"https:\/\/www.sonoraenequipo.com.mx\/storage\/2023\/07\/Preparado-HILLO-en-Bahi\u0301a-de-Kino-para-periodo-vacacional_3-min.jpeg","width":1024,"height":768},{"@type":"BreadcrumbList","@id":"https:\/\/www.sonoraenequipo.com.mx\/preparado-ayuntamiento-para-el-incremento-de-desechos-en-bahia-de-kino-durante-el-periodo-vacacional\/#breadcrumb","itemListElement":[{"@type":"ListItem","position":1,"name":"Portada","item":"https:\/\/www.sonoraenequipo.com.mx\/"},{"@type":"ListItem","position":2,"name":"Preparado Ayuntamiento para el incremento de desechos en Bah\u00eda de Kino durante el periodo vacacional"}]},{"@type":"WebSite","@id":"https:\/\/www.sonoraenequipo.com.mx\/#website","url":"https:\/\/www.sonoraenequipo.com.mx\/","name":"Sonora en Equipo.","description":"Diario en l\u00ednea con Noticias desde Hermosillo, Sonora","publisher":{"@id":"https:\/\/www.sonoraenequipo.com.mx\/#organization"},"potentialAction":[{"@type":"SearchAction","target":{"@type":"EntryPoint","urlTemplate":"https:\/\/www.sonoraenequipo.com.mx\/?s={search_term_string}"},"query-input":{"@type":"PropertyValueSpecification","valueRequired":true,"valueName":"search_term_string"}}],"inLanguage":"es"},{"@type":"Organization","@id":"https:\/\/www.sonoraenequipo.com.mx\/#organization","name":"Sonoraenequipo.com.mx","url":"https:\/\/www.sonoraenequipo.com.mx\/","logo":{"@type":"ImageObject","inLanguage":"es","@id":"https:\/\/www.sonoraenequipo.com.mx\/#\/schema\/logo\/image\/","url":"https:\/\/www.sonoraenequipo.com.mx\/storage\/2019\/01\/sonoraenequipo_opt.png","contentUrl":"https:\/\/www.sonoraenequipo.com.mx\/storage\/2019\/01\/sonoraenequipo_opt.png","width":375,"height":125,"caption":"Sonoraenequipo.com.mx"},"image":{"@id":"https:\/\/www.sonoraenequipo.com.mx\/#\/schema\/logo\/image\/"},"sameAs":["https:\/\/www.facebook.com\/SonoraEE\/","https:\/\/x.com\/sonoraenequipo","https:\/\/www.youtube.com\/channel\/UC338nW-lPEYmJQs4ZABQ1SQ"]},{"@type":"Person","@id":"https:\/\/www.sonoraenequipo.com.mx\/#\/schema\/person\/50102df0fb23a8fa9e8effad8fa81386","name":"enequipo","image":{"@type":"ImageObject","inLanguage":"es","@id":"https:\/\/www.sonoraenequipo.com.mx\/#\/schema\/person\/image\/","url":"https:\/\/secure.gravatar.com\/avatar\/049821681b589dabc0bc20695993ccebb09f5b5d4d790cd9251b97faac7c652b?s=96&d=blank&r=g","contentUrl":"https:\/\/secure.gravatar.com\/avatar\/049821681b589dabc0bc20695993ccebb09f5b5d4d790cd9251b97faac7c652b?s=96&d=blank&r=g","caption":"enequipo"},"sameAs":["https:\/\/www.facebook.com\/SonoraEE"]}]}},"jetpack_featured_media_url":"https:\/\/www.sonoraenequipo.com.mx\/storage\/2023\/07\/Preparado-HILLO-en-Bahi\u0301a-de-Kino-para-periodo-vacacional_3-min.jpeg","_links":{"self":[{"href":"https:\/\/www.sonoraenequipo.com.mx\/api\/wp\/v2\/posts\/171295","targetHints":{"allow":["GET"]}}],"collection":[{"href":"https:\/\/www.sonoraenequipo.com.mx\/api\/wp\/v2\/posts"}],"about":[{"href":"https:\/\/www.sonoraenequipo.com.mx\/api\/wp\/v2\/types\/post"}],"author":[{"embeddable":true,"href":"https:\/\/www.sonoraenequipo.com.mx\/api\/wp\/v2\/users\/1"}],"replies":[{"embeddable":true,"href":"https:\/\/www.sonoraenequipo.com.mx\/api\/wp\/v2\/comments?post=171295"}],"version-history":[{"count":1,"href":"https:\/\/www.sonoraenequipo.com.mx\/api\/wp\/v2\/posts\/171295\/revisions"}],"predecessor-version":[{"id":171304,"href":"https:\/\/www.sonoraenequipo.com.mx\/api\/wp\/v2\/posts\/171295\/revisions\/171304"}],"wp:featuredmedia":[{"embeddable":true,"href":"https:\/\/www.sonoraenequipo.com.mx\/api\/wp\/v2\/media\/171303"}],"wp:attachment":[{"href":"https:\/\/www.sonoraenequipo.com.mx\/api\/wp\/v2\/media?parent=171295"}],"wp:term":[{"taxonomy":"category","embeddable":true,"href":"https:\/\/www.sonoraenequipo.com.mx\/api\/wp\/v2\/categories?post=171295"},{"taxonomy":"post_tag","embeddable":true,"href":"https:\/\/www.sonoraenequipo.com.mx\/api\/wp\/v2\/tags?post=171295"}],"curies":[{"name":"wp","href":"https:\/\/api.w.org\/{rel}","templated":true}]}}