{"id":171316,"date":"2023-07-27T17:52:57","date_gmt":"2023-07-28T00:52:57","guid":{"rendered":"https:\/\/www.sonoraenequipo.com.mx\/?p=171316"},"modified":"2023-07-27T20:36:10","modified_gmt":"2023-07-28T03:36:10","slug":"secretaria-de-turismo-de-sonora-presenta-calendario-de-eventos-del-mes-de-agosto-2023","status":"publish","type":"post","link":"https:\/\/www.sonoraenequipo.com.mx\/secretaria-de-turismo-de-sonora-presenta-calendario-de-eventos-del-mes-de-agosto-2023\/","title":{"rendered":"Secretar\u00eda de Turismo de Sonora presenta calendario de eventos del mes de agosto 2023"},"content":{"rendered":"<p><strong>HERMOSILLO, SONORA. MX. \u2014 <\/strong>\u00a0Una nutrida agenda de eventos que se llevar\u00e1n a cabo en la entidad, durante el pr\u00f3ximo mes de agosto, fue presentada por el Gobierno de Sonora, a trav\u00e9s de la Secretar\u00eda de Turismo.<\/p>\n<p>&nbsp;<\/p>\n<p> <\/p>\n<p>&nbsp;<\/p>\n<p>El secretario Roberto Gradillas Pineda hizo una atenta invitaci\u00f3n a la ciudadan\u00eda sonorense a disfrutar en familia de las actividades que tienen preparados los municipios de Fronteras, Hu\u00e9pac, Huasabas, Bacerac, \u00c1lamos y N\u00e1cori Chico.<\/p>\n<p>&nbsp;<\/p>\n<p>&nbsp;<\/p>\n<p>En los eventos que se dieron a conocer se encuentran: Dino Fest 2023, del 3 al 6 de agosto, en Esqueda, municipio de Fronteras; Fiestas Tradicionales de San Lorenzo, del 8 al 12 de agosto, en Hu\u00e9pac; y Fiestas Patronales Asunci\u00f3n de Mar\u00eda, del 12 al 15 de agosto, en Hu\u00e1sabas.<\/p>\n<p>&nbsp;<\/p>\n<p>&nbsp;<\/p>\n<p>Las Fiestas Patronales Asunci\u00f3n de Mar\u00eda, tendr\u00e1n lugar del 12 al 15 de agosto en Bacerac; Festival Cultural de Pueblos M\u00e1gicos, del 17 al 19 de agosto, en \u00c1lamos; y las Fiestas Patronales Santa Rosa de Lima, del 30 de agosto al 3 de septiembre, en N\u00e1cori Chico.<\/p>\n<p>&nbsp;<\/p>\n<p>&nbsp;<\/p>\n<p>El secretario de Turismo estatal inform\u00f3 que los d\u00edas 5 y 6 de agosto, Sonora estar\u00e1 presente en el primer Festival de Pueblos M\u00e1gicos del Mar de Cort\u00e9s, en Todos Santos, Baja California Sur, como parte de una estrategia para promover la zona geogr\u00e1fica que se comparte con el Mar de C\u00f3rtes.<\/p>\n<p>&nbsp;<\/p>\n<p>&nbsp;<\/p>\n<p><strong><em>\u201cNosotros seguiremos trabajando con gran compromiso, desde la Secretar\u00eda de Turismo, impulsando estos eventos; sobre todo, promoviendo nuestro estado para que Sonora se convierta en un gran atractivo tur\u00edstico ante el mapa nacional e internacional\u201d<\/em><\/strong>, coment\u00f3 el funcionario estatal.<\/p>\n<p>&nbsp;<\/p>\n<p>&nbsp;<\/p>\n<p>El calendario completo de los eventos est\u00e1 disponible en la p\u00e1gina visitsonora.mx, adem\u00e1s de tours, gu\u00edas certificados y experiencias que podr\u00e1n vivir las y los visitantes en el estado de Sonora.<\/p>\n<p>&nbsp;<\/p>\n<p>&nbsp;<\/p>\n<p>PUBLICADO EL 27 DE JULIO DE 2023\/ Con informaci\u00f3n de GOBSON 0723-171)<\/p>\n","protected":false},"excerpt":{"rendered":"<p>HERMOSILLO, SONORA. MX. \u2014 \u00a0Una nutrida agenda de eventos que se llevar\u00e1n a cabo en&#8230;<\/p>\n","protected":false},"author":1,"featured_media":171317,"comment_status":"open","ping_status":"open","sticky":false,"template":"","format":"standard","meta":{"_monsterinsights_skip_tracking":false,"_monsterinsights_sitenote_active":false,"_monsterinsights_sitenote_note":"","_monsterinsights_sitenote_category":0,"footnotes":""},"categories":[22],"tags":[],"class_list":["post"],"yoast_head":" \n<title>Sonora en Equipo. Secretar\u00eda de Turismo de Sonora presenta calendario de eventos del mes de agosto 2023 Sonora<\/title>\n<meta name=\"description\" content=\"HERMOSILLO, SONORA. MX. \u2014 \u00a0Una nutrida agenda de eventos que se llevar\u00e1n a cabo en la entidad, durante el pr\u00f3ximo mes de agosto, fue presentada por el En Sonora en Equipo publicamos toda la informaci\u00f3n de Sonora, M\u00e9xico y el Mundo de manera oportuna y busca que la libertad de expresi\u00f3n sea real. Visita nuestro medio informativo publicado desde Hermosillo, Sonora. %\" \/>\n<meta name=\"robots\" content=\"index, follow, max-snippet:-1, max-image-preview:large, max-video-preview:-1\" \/>\n<link rel=\"canonical\" href=\"https:\/\/www.sonoraenequipo.com.mx\/secretaria-de-turismo-de-sonora-presenta-calendario-de-eventos-del-mes-de-agosto-2023\/\" \/>\n<meta property=\"og:locale\" content=\"es_ES\" \/>\n<meta property=\"og:type\" content=\"article\" \/>\n<meta property=\"og:title\" content=\"Sonora en Equipo. Secretar\u00eda de Turismo de Sonora presenta calendario de eventos del mes de agosto 2023 Sonora\" \/>\n<meta property=\"og:description\" content=\"HERMOSILLO, SONORA. MX. \u2014 \u00a0Una nutrida agenda de eventos que se llevar\u00e1n a cabo en la entidad, durante el pr\u00f3ximo mes de agosto, fue presentada por el En Sonora en Equipo publicamos toda la informaci\u00f3n de Sonora, M\u00e9xico y el Mundo de manera oportuna y busca que la libertad de expresi\u00f3n sea real. Visita nuestro medio informativo publicado desde Hermosillo, Sonora. %\" \/>\n<meta property=\"og:url\" content=\"https:\/\/www.sonoraenequipo.com.mx\/secretaria-de-turismo-de-sonora-presenta-calendario-de-eventos-del-mes-de-agosto-2023\/\" \/>\n<meta property=\"og:site_name\" content=\"Sonora en Equipo.\" \/>\n<meta property=\"article:publisher\" content=\"https:\/\/www.facebook.com\/SonoraEE\/\" \/>\n<meta property=\"article:author\" content=\"https:\/\/www.facebook.com\/SonoraEE\" \/>\n<meta property=\"article:published_time\" content=\"2023-07-28T00:52:57+00:00\" \/>\n<meta property=\"article:modified_time\" content=\"2023-07-28T03:36:10+00:00\" \/>\n<meta property=\"og:image\" content=\"https:\/\/www.sonoraenequipo.com.mx\/storage\/2023\/07\/Turismo-de-Sonora-presenta-eventos-del-mes-de-agosto-2023-min.jpeg\" \/>\n\t<meta property=\"og:image:width\" content=\"1200\" \/>\n\t<meta property=\"og:image:height\" content=\"753\" \/>\n\t<meta property=\"og:image:type\" content=\"image\/jpeg\" \/>\n<meta name=\"author\" content=\"enequipo\" \/>\n<meta name=\"twitter:card\" content=\"summary_large_image\" \/>\n<meta name=\"twitter:creator\" content=\"@sonoraenequipo\" \/>\n<meta name=\"twitter:site\" content=\"@sonoraenequipo\" \/>\n<meta name=\"twitter:label1\" content=\"Escrito por\" \/>\n\t<meta name=\"twitter:data1\" content=\"enequipo\" \/>\n\t<meta name=\"twitter:label2\" content=\"Tiempo de lectura\" \/>\n\t<meta name=\"twitter:data2\" content=\"2 minutos\" \/>\n<script type=\"application\/ld+json\" class=\"yoast-schema-graph\">{\"@context\":\"https:\/\/schema.org\",\"@graph\":[{\"@type\":\"Article\",\"@id\":\"https:\/\/www.sonoraenequipo.com.mx\/secretaria-de-turismo-de-sonora-presenta-calendario-de-eventos-del-mes-de-agosto-2023\/#article\",\"isPartOf\":{\"@id\":\"https:\/\/www.sonoraenequipo.com.mx\/secretaria-de-turismo-de-sonora-presenta-calendario-de-eventos-del-mes-de-agosto-2023\/\"},\"author\":{\"name\":\"enequipo\",\"@id\":\"https:\/\/www.sonoraenequipo.com.mx\/#\/schema\/person\/50102df0fb23a8fa9e8effad8fa81386\"},\"headline\":\"Secretar\u00eda de Turismo de Sonora presenta calendario de eventos del mes de agosto 2023\",\"datePublished\":\"2023-07-28T00:52:57+00:00\",\"dateModified\":\"2023-07-28T03:36:10+00:00\",\"mainEntityOfPage\":{\"@id\":\"https:\/\/www.sonoraenequipo.com.mx\/secretaria-de-turismo-de-sonora-presenta-calendario-de-eventos-del-mes-de-agosto-2023\/\"},\"wordCount\":344,\"commentCount\":0,\"publisher\":{\"@id\":\"https:\/\/www.sonoraenequipo.com.mx\/#organization\"},\"image\":{\"@id\":\"https:\/\/www.sonoraenequipo.com.mx\/secretaria-de-turismo-de-sonora-presenta-calendario-de-eventos-del-mes-de-agosto-2023\/#primaryimage\"},\"thumbnailUrl\":\"https:\/\/www.sonoraenequipo.com.mx\/storage\/2023\/07\/Turismo-de-Sonora-presenta-eventos-del-mes-de-agosto-2023-min.jpeg\",\"articleSection\":[\"Sonora\"],\"inLanguage\":\"es\",\"potentialAction\":[{\"@type\":\"CommentAction\",\"name\":\"Comment\",\"target\":[\"https:\/\/www.sonoraenequipo.com.mx\/secretaria-de-turismo-de-sonora-presenta-calendario-de-eventos-del-mes-de-agosto-2023\/#respond\"]}]},{\"@type\":\"WebPage\",\"@id\":\"https:\/\/www.sonoraenequipo.com.mx\/secretaria-de-turismo-de-sonora-presenta-calendario-de-eventos-del-mes-de-agosto-2023\/\",\"url\":\"https:\/\/www.sonoraenequipo.com.mx\/secretaria-de-turismo-de-sonora-presenta-calendario-de-eventos-del-mes-de-agosto-2023\/\",\"name\":\"Sonora en Equipo. Secretar\u00eda de Turismo de Sonora presenta calendario de eventos del mes de agosto 2023 Sonora\",\"isPartOf\":{\"@id\":\"https:\/\/www.sonoraenequipo.com.mx\/#website\"},\"primaryImageOfPage\":{\"@id\":\"https:\/\/www.sonoraenequipo.com.mx\/secretaria-de-turismo-de-sonora-presenta-calendario-de-eventos-del-mes-de-agosto-2023\/#primaryimage\"},\"image\":{\"@id\":\"https:\/\/www.sonoraenequipo.com.mx\/secretaria-de-turismo-de-sonora-presenta-calendario-de-eventos-del-mes-de-agosto-2023\/#primaryimage\"},\"thumbnailUrl\":\"https:\/\/www.sonoraenequipo.com.mx\/storage\/2023\/07\/Turismo-de-Sonora-presenta-eventos-del-mes-de-agosto-2023-min.jpeg\",\"datePublished\":\"2023-07-28T00:52:57+00:00\",\"dateModified\":\"2023-07-28T03:36:10+00:00\",\"description\":\"HERMOSILLO, SONORA. MX. \u2014 \u00a0Una nutrida agenda de eventos que se llevar\u00e1n a cabo en la entidad, durante el pr\u00f3ximo mes de agosto, fue presentada por el En Sonora en Equipo publicamos toda la informaci\u00f3n de Sonora, M\u00e9xico y el Mundo de manera oportuna y busca que la libertad de expresi\u00f3n sea real. Visita nuestro medio informativo publicado desde Hermosillo, Sonora. %\",\"breadcrumb\":{\"@id\":\"https:\/\/www.sonoraenequipo.com.mx\/secretaria-de-turismo-de-sonora-presenta-calendario-de-eventos-del-mes-de-agosto-2023\/#breadcrumb\"},\"inLanguage\":\"es\",\"potentialAction\":[{\"@type\":\"ReadAction\",\"target\":[\"https:\/\/www.sonoraenequipo.com.mx\/secretaria-de-turismo-de-sonora-presenta-calendario-de-eventos-del-mes-de-agosto-2023\/\"]}]},{\"@type\":\"ImageObject\",\"inLanguage\":\"es\",\"@id\":\"https:\/\/www.sonoraenequipo.com.mx\/secretaria-de-turismo-de-sonora-presenta-calendario-de-eventos-del-mes-de-agosto-2023\/#primaryimage\",\"url\":\"https:\/\/www.sonoraenequipo.com.mx\/storage\/2023\/07\/Turismo-de-Sonora-presenta-eventos-del-mes-de-agosto-2023-min.jpeg\",\"contentUrl\":\"https:\/\/www.sonoraenequipo.com.mx\/storage\/2023\/07\/Turismo-de-Sonora-presenta-eventos-del-mes-de-agosto-2023-min.jpeg\",\"width\":1200,\"height\":753},{\"@type\":\"BreadcrumbList\",\"@id\":\"https:\/\/www.sonoraenequipo.com.mx\/secretaria-de-turismo-de-sonora-presenta-calendario-de-eventos-del-mes-de-agosto-2023\/#breadcrumb\",\"itemListElement\":[{\"@type\":\"ListItem\",\"position\":1,\"name\":\"Portada\",\"item\":\"https:\/\/www.sonoraenequipo.com.mx\/\"},{\"@type\":\"ListItem\",\"position\":2,\"name\":\"Secretar\u00eda de Turismo de Sonora presenta calendario de eventos del mes de agosto 2023\"}]},{\"@type\":\"WebSite\",\"@id\":\"https:\/\/www.sonoraenequipo.com.mx\/#website\",\"url\":\"https:\/\/www.sonoraenequipo.com.mx\/\",\"name\":\"Sonora en Equipo.\",\"description\":\"Diario en l\u00ednea con Noticias desde Hermosillo, Sonora\",\"publisher\":{\"@id\":\"https:\/\/www.sonoraenequipo.com.mx\/#organization\"},\"potentialAction\":[{\"@type\":\"SearchAction\",\"target\":{\"@type\":\"EntryPoint\",\"urlTemplate\":\"https:\/\/www.sonoraenequipo.com.mx\/?s={search_term_string}\"},\"query-input\":{\"@type\":\"PropertyValueSpecification\",\"valueRequired\":true,\"valueName\":\"search_term_string\"}}],\"inLanguage\":\"es\"},{\"@type\":\"Organization\",\"@id\":\"https:\/\/www.sonoraenequipo.com.mx\/#organization\",\"name\":\"Sonoraenequipo.com.mx\",\"url\":\"https:\/\/www.sonoraenequipo.com.mx\/\",\"logo\":{\"@type\":\"ImageObject\",\"inLanguage\":\"es\",\"@id\":\"https:\/\/www.sonoraenequipo.com.mx\/#\/schema\/logo\/image\/\",\"url\":\"https:\/\/www.sonoraenequipo.com.mx\/storage\/2019\/01\/sonoraenequipo_opt.png\",\"contentUrl\":\"https:\/\/www.sonoraenequipo.com.mx\/storage\/2019\/01\/sonoraenequipo_opt.png\",\"width\":375,\"height\":125,\"caption\":\"Sonoraenequipo.com.mx\"},\"image\":{\"@id\":\"https:\/\/www.sonoraenequipo.com.mx\/#\/schema\/logo\/image\/\"},\"sameAs\":[\"https:\/\/www.facebook.com\/SonoraEE\/\",\"https:\/\/x.com\/sonoraenequipo\",\"https:\/\/www.youtube.com\/channel\/UC338nW-lPEYmJQs4ZABQ1SQ\"]},{\"@type\":\"Person\",\"@id\":\"https:\/\/www.sonoraenequipo.com.mx\/#\/schema\/person\/50102df0fb23a8fa9e8effad8fa81386\",\"name\":\"enequipo\",\"image\":{\"@type\":\"ImageObject\",\"inLanguage\":\"es\",\"@id\":\"https:\/\/www.sonoraenequipo.com.mx\/#\/schema\/person\/image\/\",\"url\":\"https:\/\/secure.gravatar.com\/avatar\/049821681b589dabc0bc20695993ccebb09f5b5d4d790cd9251b97faac7c652b?s=96&d=blank&r=g\",\"contentUrl\":\"https:\/\/secure.gravatar.com\/avatar\/049821681b589dabc0bc20695993ccebb09f5b5d4d790cd9251b97faac7c652b?s=96&d=blank&r=g\",\"caption\":\"enequipo\"},\"sameAs\":[\"https:\/\/www.facebook.com\/SonoraEE\"]}]}<\/script>\n ","yoast_head_json":{"title":"Sonora en Equipo. Secretar\u00eda de Turismo de Sonora presenta calendario de eventos del mes de agosto 2023 Sonora","description":"HERMOSILLO, SONORA. MX. \u2014 \u00a0Una nutrida agenda de eventos que se llevar\u00e1n a cabo en la entidad, durante el pr\u00f3ximo mes de agosto, fue presentada por el En Sonora en Equipo publicamos toda la informaci\u00f3n de Sonora, M\u00e9xico y el Mundo de manera oportuna y busca que la libertad de expresi\u00f3n sea real. Visita nuestro medio informativo publicado desde Hermosillo, Sonora. %","robots":{"index":"index","follow":"follow","max-snippet":"max-snippet:-1","max-image-preview":"max-image-preview:large","max-video-preview":"max-video-preview:-1"},"canonical":"https:\/\/www.sonoraenequipo.com.mx\/secretaria-de-turismo-de-sonora-presenta-calendario-de-eventos-del-mes-de-agosto-2023\/","og_locale":"es_ES","og_type":"article","og_title":"Sonora en Equipo. Secretar\u00eda de Turismo de Sonora presenta calendario de eventos del mes de agosto 2023 Sonora","og_description":"HERMOSILLO, SONORA. MX. \u2014 \u00a0Una nutrida agenda de eventos que se llevar\u00e1n a cabo en la entidad, durante el pr\u00f3ximo mes de agosto, fue presentada por el En Sonora en Equipo publicamos toda la informaci\u00f3n de Sonora, M\u00e9xico y el Mundo de manera oportuna y busca que la libertad de expresi\u00f3n sea real. Visita nuestro medio informativo publicado desde Hermosillo, Sonora. %","og_url":"https:\/\/www.sonoraenequipo.com.mx\/secretaria-de-turismo-de-sonora-presenta-calendario-de-eventos-del-mes-de-agosto-2023\/","og_site_name":"Sonora en Equipo.","article_publisher":"https:\/\/www.facebook.com\/SonoraEE\/","article_author":"https:\/\/www.facebook.com\/SonoraEE","article_published_time":"2023-07-28T00:52:57+00:00","article_modified_time":"2023-07-28T03:36:10+00:00","og_image":[{"width":1200,"height":753,"url":"https:\/\/www.sonoraenequipo.com.mx\/storage\/2023\/07\/Turismo-de-Sonora-presenta-eventos-del-mes-de-agosto-2023-min.jpeg","type":"image\/jpeg"}],"author":"enequipo","twitter_card":"summary_large_image","twitter_creator":"@sonoraenequipo","twitter_site":"@sonoraenequipo","twitter_misc":{"Escrito por":"enequipo","Tiempo de lectura":"2 minutos"},"schema":{"@context":"https:\/\/schema.org","@graph":[{"@type":"Article","@id":"https:\/\/www.sonoraenequipo.com.mx\/secretaria-de-turismo-de-sonora-presenta-calendario-de-eventos-del-mes-de-agosto-2023\/#article","isPartOf":{"@id":"https:\/\/www.sonoraenequipo.com.mx\/secretaria-de-turismo-de-sonora-presenta-calendario-de-eventos-del-mes-de-agosto-2023\/"},"author":{"name":"enequipo","@id":"https:\/\/www.sonoraenequipo.com.mx\/#\/schema\/person\/50102df0fb23a8fa9e8effad8fa81386"},"headline":"Secretar\u00eda de Turismo de Sonora presenta calendario de eventos del mes de agosto 2023","datePublished":"2023-07-28T00:52:57+00:00","dateModified":"2023-07-28T03:36:10+00:00","mainEntityOfPage":{"@id":"https:\/\/www.sonoraenequipo.com.mx\/secretaria-de-turismo-de-sonora-presenta-calendario-de-eventos-del-mes-de-agosto-2023\/"},"wordCount":344,"commentCount":0,"publisher":{"@id":"https:\/\/www.sonoraenequipo.com.mx\/#organization"},"image":{"@id":"https:\/\/www.sonoraenequipo.com.mx\/secretaria-de-turismo-de-sonora-presenta-calendario-de-eventos-del-mes-de-agosto-2023\/#primaryimage"},"thumbnailUrl":"https:\/\/www.sonoraenequipo.com.mx\/storage\/2023\/07\/Turismo-de-Sonora-presenta-eventos-del-mes-de-agosto-2023-min.jpeg","articleSection":["Sonora"],"inLanguage":"es","potentialAction":[{"@type":"CommentAction","name":"Comment","target":["https:\/\/www.sonoraenequipo.com.mx\/secretaria-de-turismo-de-sonora-presenta-calendario-de-eventos-del-mes-de-agosto-2023\/#respond"]}]},{"@type":"WebPage","@id":"https:\/\/www.sonoraenequipo.com.mx\/secretaria-de-turismo-de-sonora-presenta-calendario-de-eventos-del-mes-de-agosto-2023\/","url":"https:\/\/www.sonoraenequipo.com.mx\/secretaria-de-turismo-de-sonora-presenta-calendario-de-eventos-del-mes-de-agosto-2023\/","name":"Sonora en Equipo. Secretar\u00eda de Turismo de Sonora presenta calendario de eventos del mes de agosto 2023 Sonora","isPartOf":{"@id":"https:\/\/www.sonoraenequipo.com.mx\/#website"},"primaryImageOfPage":{"@id":"https:\/\/www.sonoraenequipo.com.mx\/secretaria-de-turismo-de-sonora-presenta-calendario-de-eventos-del-mes-de-agosto-2023\/#primaryimage"},"image":{"@id":"https:\/\/www.sonoraenequipo.com.mx\/secretaria-de-turismo-de-sonora-presenta-calendario-de-eventos-del-mes-de-agosto-2023\/#primaryimage"},"thumbnailUrl":"https:\/\/www.sonoraenequipo.com.mx\/storage\/2023\/07\/Turismo-de-Sonora-presenta-eventos-del-mes-de-agosto-2023-min.jpeg","datePublished":"2023-07-28T00:52:57+00:00","dateModified":"2023-07-28T03:36:10+00:00","description":"HERMOSILLO, SONORA. MX. \u2014 \u00a0Una nutrida agenda de eventos que se llevar\u00e1n a cabo en la entidad, durante el pr\u00f3ximo mes de agosto, fue presentada por el En Sonora en Equipo publicamos toda la informaci\u00f3n de Sonora, M\u00e9xico y el Mundo de manera oportuna y busca que la libertad de expresi\u00f3n sea real. Visita nuestro medio informativo publicado desde Hermosillo, Sonora. %","breadcrumb":{"@id":"https:\/\/www.sonoraenequipo.com.mx\/secretaria-de-turismo-de-sonora-presenta-calendario-de-eventos-del-mes-de-agosto-2023\/#breadcrumb"},"inLanguage":"es","potentialAction":[{"@type":"ReadAction","target":["https:\/\/www.sonoraenequipo.com.mx\/secretaria-de-turismo-de-sonora-presenta-calendario-de-eventos-del-mes-de-agosto-2023\/"]}]},{"@type":"ImageObject","inLanguage":"es","@id":"https:\/\/www.sonoraenequipo.com.mx\/secretaria-de-turismo-de-sonora-presenta-calendario-de-eventos-del-mes-de-agosto-2023\/#primaryimage","url":"https:\/\/www.sonoraenequipo.com.mx\/storage\/2023\/07\/Turismo-de-Sonora-presenta-eventos-del-mes-de-agosto-2023-min.jpeg","contentUrl":"https:\/\/www.sonoraenequipo.com.mx\/storage\/2023\/07\/Turismo-de-Sonora-presenta-eventos-del-mes-de-agosto-2023-min.jpeg","width":1200,"height":753},{"@type":"BreadcrumbList","@id":"https:\/\/www.sonoraenequipo.com.mx\/secretaria-de-turismo-de-sonora-presenta-calendario-de-eventos-del-mes-de-agosto-2023\/#breadcrumb","itemListElement":[{"@type":"ListItem","position":1,"name":"Portada","item":"https:\/\/www.sonoraenequipo.com.mx\/"},{"@type":"ListItem","position":2,"name":"Secretar\u00eda de Turismo de Sonora presenta calendario de eventos del mes de agosto 2023"}]},{"@type":"WebSite","@id":"https:\/\/www.sonoraenequipo.com.mx\/#website","url":"https:\/\/www.sonoraenequipo.com.mx\/","name":"Sonora en Equipo.","description":"Diario en l\u00ednea con Noticias desde Hermosillo, Sonora","publisher":{"@id":"https:\/\/www.sonoraenequipo.com.mx\/#organization"},"potentialAction":[{"@type":"SearchAction","target":{"@type":"EntryPoint","urlTemplate":"https:\/\/www.sonoraenequipo.com.mx\/?s={search_term_string}"},"query-input":{"@type":"PropertyValueSpecification","valueRequired":true,"valueName":"search_term_string"}}],"inLanguage":"es"},{"@type":"Organization","@id":"https:\/\/www.sonoraenequipo.com.mx\/#organization","name":"Sonoraenequipo.com.mx","url":"https:\/\/www.sonoraenequipo.com.mx\/","logo":{"@type":"ImageObject","inLanguage":"es","@id":"https:\/\/www.sonoraenequipo.com.mx\/#\/schema\/logo\/image\/","url":"https:\/\/www.sonoraenequipo.com.mx\/storage\/2019\/01\/sonoraenequipo_opt.png","contentUrl":"https:\/\/www.sonoraenequipo.com.mx\/storage\/2019\/01\/sonoraenequipo_opt.png","width":375,"height":125,"caption":"Sonoraenequipo.com.mx"},"image":{"@id":"https:\/\/www.sonoraenequipo.com.mx\/#\/schema\/logo\/image\/"},"sameAs":["https:\/\/www.facebook.com\/SonoraEE\/","https:\/\/x.com\/sonoraenequipo","https:\/\/www.youtube.com\/channel\/UC338nW-lPEYmJQs4ZABQ1SQ"]},{"@type":"Person","@id":"https:\/\/www.sonoraenequipo.com.mx\/#\/schema\/person\/50102df0fb23a8fa9e8effad8fa81386","name":"enequipo","image":{"@type":"ImageObject","inLanguage":"es","@id":"https:\/\/www.sonoraenequipo.com.mx\/#\/schema\/person\/image\/","url":"https:\/\/secure.gravatar.com\/avatar\/049821681b589dabc0bc20695993ccebb09f5b5d4d790cd9251b97faac7c652b?s=96&d=blank&r=g","contentUrl":"https:\/\/secure.gravatar.com\/avatar\/049821681b589dabc0bc20695993ccebb09f5b5d4d790cd9251b97faac7c652b?s=96&d=blank&r=g","caption":"enequipo"},"sameAs":["https:\/\/www.facebook.com\/SonoraEE"]}]}},"jetpack_featured_media_url":"https:\/\/www.sonoraenequipo.com.mx\/storage\/2023\/07\/Turismo-de-Sonora-presenta-eventos-del-mes-de-agosto-2023-min.jpeg","_links":{"self":[{"href":"https:\/\/www.sonoraenequipo.com.mx\/api\/wp\/v2\/posts\/171316","targetHints":{"allow":["GET"]}}],"collection":[{"href":"https:\/\/www.sonoraenequipo.com.mx\/api\/wp\/v2\/posts"}],"about":[{"href":"https:\/\/www.sonoraenequipo.com.mx\/api\/wp\/v2\/types\/post"}],"author":[{"embeddable":true,"href":"https:\/\/www.sonoraenequipo.com.mx\/api\/wp\/v2\/users\/1"}],"replies":[{"embeddable":true,"href":"https:\/\/www.sonoraenequipo.com.mx\/api\/wp\/v2\/comments?post=171316"}],"version-history":[{"count":1,"href":"https:\/\/www.sonoraenequipo.com.mx\/api\/wp\/v2\/posts\/171316\/revisions"}],"predecessor-version":[{"id":171318,"href":"https:\/\/www.sonoraenequipo.com.mx\/api\/wp\/v2\/posts\/171316\/revisions\/171318"}],"wp:featuredmedia":[{"embeddable":true,"href":"https:\/\/www.sonoraenequipo.com.mx\/api\/wp\/v2\/media\/171317"}],"wp:attachment":[{"href":"https:\/\/www.sonoraenequipo.com.mx\/api\/wp\/v2\/media?parent=171316"}],"wp:term":[{"taxonomy":"category","embeddable":true,"href":"https:\/\/www.sonoraenequipo.com.mx\/api\/wp\/v2\/categories?post=171316"},{"taxonomy":"post_tag","embeddable":true,"href":"https:\/\/www.sonoraenequipo.com.mx\/api\/wp\/v2\/tags?post=171316"}],"curies":[{"name":"wp","href":"https:\/\/api.w.org\/{rel}","templated":true}]}}