{"id":171326,"date":"2023-07-27T18:10:16","date_gmt":"2023-07-28T01:10:16","guid":{"rendered":"https:\/\/www.sonoraenequipo.com.mx\/?p=171326"},"modified":"2023-07-27T22:41:35","modified_gmt":"2023-07-28T05:41:35","slug":"policia-estatal-y-sedena-rescatan-56-inmigrantes-privados-de-la-libertad-en-sonoyta","status":"publish","type":"post","link":"https:\/\/www.sonoraenequipo.com.mx\/policia-estatal-y-sedena-rescatan-56-inmigrantes-privados-de-la-libertad-en-sonoyta\/","title":{"rendered":"Polic\u00eda Estatal y Sedena rescatan 56 inmigrantes privados de la libertad en Sonoyta"},"content":{"rendered":"<p><strong>GENERAL PLUTARCO EL\u00cdAS CALLES, SONORA. MX. \u2014<\/strong> Un grupo de 56 personas migrantes de diversas nacionalidades fue rescatado por oficiales de la Polic\u00eda Estatal de Seguridad P\u00fablica y elementos de la Secretar\u00eda de la Defensa Nacional en la comunidad de Sonoyta.<\/p>\n<p>&nbsp;<\/p>\n<p> <\/p>\n<p>Un total de 52 hombres, tres mujeres y un menor de edad se encontraban privados de la libertad en un domicilio en la colonia La Presa, por cuatro hombres identificados como Jes\u00fas \u201cN\u201d, de 16 a\u00f1os; Christian \u201cN\u201d, de 23 a\u00f1os; Pedro \u201cN\u201d, de 15 a\u00f1os; y Brayan \u201cN\u201d, de 15 a\u00f1os; los cuales fueron detenidos por el probable delito de violaci\u00f3n a la Ley General de Migraci\u00f3n.<\/p>\n<p>&nbsp;<\/p>\n<p>&nbsp;<\/p>\n<p>Las personas rescatadas son atenidas por el Instituto Nacional de Migraci\u00f3n (Inami) para llevar a cabo sus tr\u00e1mites legales correspondientes, mientras que los detenidos fueron puestos a disposici\u00f3n de la fiscal\u00eda general de la Rep\u00fablica (FGR) para su debido proceso.<\/p>\n<p>&nbsp;<\/p>\n<p>&nbsp;<\/p>\n<p>NOTA: Los detenidos se presumen inocentes mientras no se declare su responsabilidad mediante sentencia emitida por el \u00f3rgano jurisdiccional (Art. 13 del CNPP).<\/p>\n<p>&nbsp;<\/p>\n<p>&nbsp;<\/p>\n<p>PUBLICADO EL 27 DE JULIO DE 2023\/ Con informaci\u00f3n de GOBSON 0723-173)<\/p>\n","protected":false},"excerpt":{"rendered":"<p>GENERAL PLUTARCO EL\u00cdAS CALLES, SONORA. MX. \u2014 Un grupo de 56 personas migrantes de diversas&#8230;<\/p>\n","protected":false},"author":1,"featured_media":171327,"comment_status":"open","ping_status":"open","sticky":false,"template":"","format":"standard","meta":{"_monsterinsights_skip_tracking":false,"_monsterinsights_sitenote_active":false,"_monsterinsights_sitenote_note":"","_monsterinsights_sitenote_category":0,"footnotes":""},"categories":[22],"tags":[],"class_list":["post"],"yoast_head":" \n<title>Sonora en Equipo. Polic\u00eda Estatal y Sedena rescatan 56 inmigrantes privados de la libertad en Sonoyta Sonora<\/title>\n<meta name=\"description\" content=\"GENERAL PLUTARCO EL\u00cdAS CALLES, SONORA. MX. \u2014 Un grupo de 56 personas migrantes de diversas nacionalidades fue rescatado por oficiales de la Polic\u00eda En Sonora en Equipo publicamos toda la informaci\u00f3n de Sonora, M\u00e9xico y el Mundo de manera oportuna y busca que la libertad de expresi\u00f3n sea real. Visita nuestro medio informativo publicado desde Hermosillo, Sonora. %\" \/>\n<meta name=\"robots\" content=\"index, follow, max-snippet:-1, max-image-preview:large, max-video-preview:-1\" \/>\n<link rel=\"canonical\" href=\"https:\/\/www.sonoraenequipo.com.mx\/policia-estatal-y-sedena-rescatan-56-inmigrantes-privados-de-la-libertad-en-sonoyta\/\" \/>\n<meta property=\"og:locale\" content=\"es_ES\" \/>\n<meta property=\"og:type\" content=\"article\" \/>\n<meta property=\"og:title\" content=\"Sonora en Equipo. Polic\u00eda Estatal y Sedena rescatan 56 inmigrantes privados de la libertad en Sonoyta Sonora\" \/>\n<meta property=\"og:description\" content=\"GENERAL PLUTARCO EL\u00cdAS CALLES, SONORA. MX. \u2014 Un grupo de 56 personas migrantes de diversas nacionalidades fue rescatado por oficiales de la Polic\u00eda En Sonora en Equipo publicamos toda la informaci\u00f3n de Sonora, M\u00e9xico y el Mundo de manera oportuna y busca que la libertad de expresi\u00f3n sea real. Visita nuestro medio informativo publicado desde Hermosillo, Sonora. %\" \/>\n<meta property=\"og:url\" content=\"https:\/\/www.sonoraenequipo.com.mx\/policia-estatal-y-sedena-rescatan-56-inmigrantes-privados-de-la-libertad-en-sonoyta\/\" \/>\n<meta property=\"og:site_name\" content=\"Sonora en Equipo.\" \/>\n<meta property=\"article:publisher\" content=\"https:\/\/www.facebook.com\/SonoraEE\/\" \/>\n<meta property=\"article:author\" content=\"https:\/\/www.facebook.com\/SonoraEE\" \/>\n<meta property=\"article:published_time\" content=\"2023-07-28T01:10:16+00:00\" \/>\n<meta property=\"article:modified_time\" content=\"2023-07-28T05:41:35+00:00\" \/>\n<meta property=\"og:image\" content=\"https:\/\/www.sonoraenequipo.com.mx\/storage\/2023\/07\/migrantes-rescatados-en-Sonora...-min-1.jpg\" \/>\n\t<meta property=\"og:image:width\" content=\"900\" \/>\n\t<meta property=\"og:image:height\" content=\"549\" \/>\n\t<meta property=\"og:image:type\" content=\"image\/jpeg\" \/>\n<meta name=\"author\" content=\"enequipo\" \/>\n<meta name=\"twitter:card\" content=\"summary_large_image\" \/>\n<meta name=\"twitter:creator\" content=\"@sonoraenequipo\" \/>\n<meta name=\"twitter:site\" content=\"@sonoraenequipo\" \/>\n<meta name=\"twitter:label1\" content=\"Escrito por\" \/>\n\t<meta name=\"twitter:data1\" content=\"enequipo\" \/>\n\t<meta name=\"twitter:label2\" content=\"Tiempo de lectura\" \/>\n\t<meta name=\"twitter:data2\" content=\"1 minuto\" \/>\n<script type=\"application\/ld+json\" class=\"yoast-schema-graph\">{\"@context\":\"https:\/\/schema.org\",\"@graph\":[{\"@type\":\"Article\",\"@id\":\"https:\/\/www.sonoraenequipo.com.mx\/policia-estatal-y-sedena-rescatan-56-inmigrantes-privados-de-la-libertad-en-sonoyta\/#article\",\"isPartOf\":{\"@id\":\"https:\/\/www.sonoraenequipo.com.mx\/policia-estatal-y-sedena-rescatan-56-inmigrantes-privados-de-la-libertad-en-sonoyta\/\"},\"author\":{\"name\":\"enequipo\",\"@id\":\"https:\/\/www.sonoraenequipo.com.mx\/#\/schema\/person\/50102df0fb23a8fa9e8effad8fa81386\"},\"headline\":\"Polic\u00eda Estatal y Sedena rescatan 56 inmigrantes privados de la libertad en Sonoyta\",\"datePublished\":\"2023-07-28T01:10:16+00:00\",\"dateModified\":\"2023-07-28T05:41:35+00:00\",\"mainEntityOfPage\":{\"@id\":\"https:\/\/www.sonoraenequipo.com.mx\/policia-estatal-y-sedena-rescatan-56-inmigrantes-privados-de-la-libertad-en-sonoyta\/\"},\"wordCount\":211,\"commentCount\":0,\"publisher\":{\"@id\":\"https:\/\/www.sonoraenequipo.com.mx\/#organization\"},\"image\":{\"@id\":\"https:\/\/www.sonoraenequipo.com.mx\/policia-estatal-y-sedena-rescatan-56-inmigrantes-privados-de-la-libertad-en-sonoyta\/#primaryimage\"},\"thumbnailUrl\":\"https:\/\/www.sonoraenequipo.com.mx\/storage\/2023\/07\/migrantes-rescatados-en-Sonora...-min-1.jpg\",\"articleSection\":[\"Sonora\"],\"inLanguage\":\"es\",\"potentialAction\":[{\"@type\":\"CommentAction\",\"name\":\"Comment\",\"target\":[\"https:\/\/www.sonoraenequipo.com.mx\/policia-estatal-y-sedena-rescatan-56-inmigrantes-privados-de-la-libertad-en-sonoyta\/#respond\"]}]},{\"@type\":\"WebPage\",\"@id\":\"https:\/\/www.sonoraenequipo.com.mx\/policia-estatal-y-sedena-rescatan-56-inmigrantes-privados-de-la-libertad-en-sonoyta\/\",\"url\":\"https:\/\/www.sonoraenequipo.com.mx\/policia-estatal-y-sedena-rescatan-56-inmigrantes-privados-de-la-libertad-en-sonoyta\/\",\"name\":\"Sonora en Equipo. Polic\u00eda Estatal y Sedena rescatan 56 inmigrantes privados de la libertad en Sonoyta Sonora\",\"isPartOf\":{\"@id\":\"https:\/\/www.sonoraenequipo.com.mx\/#website\"},\"primaryImageOfPage\":{\"@id\":\"https:\/\/www.sonoraenequipo.com.mx\/policia-estatal-y-sedena-rescatan-56-inmigrantes-privados-de-la-libertad-en-sonoyta\/#primaryimage\"},\"image\":{\"@id\":\"https:\/\/www.sonoraenequipo.com.mx\/policia-estatal-y-sedena-rescatan-56-inmigrantes-privados-de-la-libertad-en-sonoyta\/#primaryimage\"},\"thumbnailUrl\":\"https:\/\/www.sonoraenequipo.com.mx\/storage\/2023\/07\/migrantes-rescatados-en-Sonora...-min-1.jpg\",\"datePublished\":\"2023-07-28T01:10:16+00:00\",\"dateModified\":\"2023-07-28T05:41:35+00:00\",\"description\":\"GENERAL PLUTARCO EL\u00cdAS CALLES, SONORA. MX. \u2014 Un grupo de 56 personas migrantes de diversas nacionalidades fue rescatado por oficiales de la Polic\u00eda En Sonora en Equipo publicamos toda la informaci\u00f3n de Sonora, M\u00e9xico y el Mundo de manera oportuna y busca que la libertad de expresi\u00f3n sea real. Visita nuestro medio informativo publicado desde Hermosillo, Sonora. %\",\"breadcrumb\":{\"@id\":\"https:\/\/www.sonoraenequipo.com.mx\/policia-estatal-y-sedena-rescatan-56-inmigrantes-privados-de-la-libertad-en-sonoyta\/#breadcrumb\"},\"inLanguage\":\"es\",\"potentialAction\":[{\"@type\":\"ReadAction\",\"target\":[\"https:\/\/www.sonoraenequipo.com.mx\/policia-estatal-y-sedena-rescatan-56-inmigrantes-privados-de-la-libertad-en-sonoyta\/\"]}]},{\"@type\":\"ImageObject\",\"inLanguage\":\"es\",\"@id\":\"https:\/\/www.sonoraenequipo.com.mx\/policia-estatal-y-sedena-rescatan-56-inmigrantes-privados-de-la-libertad-en-sonoyta\/#primaryimage\",\"url\":\"https:\/\/www.sonoraenequipo.com.mx\/storage\/2023\/07\/migrantes-rescatados-en-Sonora...-min-1.jpg\",\"contentUrl\":\"https:\/\/www.sonoraenequipo.com.mx\/storage\/2023\/07\/migrantes-rescatados-en-Sonora...-min-1.jpg\",\"width\":900,\"height\":549},{\"@type\":\"BreadcrumbList\",\"@id\":\"https:\/\/www.sonoraenequipo.com.mx\/policia-estatal-y-sedena-rescatan-56-inmigrantes-privados-de-la-libertad-en-sonoyta\/#breadcrumb\",\"itemListElement\":[{\"@type\":\"ListItem\",\"position\":1,\"name\":\"Portada\",\"item\":\"https:\/\/www.sonoraenequipo.com.mx\/\"},{\"@type\":\"ListItem\",\"position\":2,\"name\":\"Polic\u00eda Estatal y Sedena rescatan 56 inmigrantes privados de la libertad en Sonoyta\"}]},{\"@type\":\"WebSite\",\"@id\":\"https:\/\/www.sonoraenequipo.com.mx\/#website\",\"url\":\"https:\/\/www.sonoraenequipo.com.mx\/\",\"name\":\"Sonora en Equipo.\",\"description\":\"Diario en l\u00ednea con Noticias desde Hermosillo, Sonora\",\"publisher\":{\"@id\":\"https:\/\/www.sonoraenequipo.com.mx\/#organization\"},\"potentialAction\":[{\"@type\":\"SearchAction\",\"target\":{\"@type\":\"EntryPoint\",\"urlTemplate\":\"https:\/\/www.sonoraenequipo.com.mx\/?s={search_term_string}\"},\"query-input\":{\"@type\":\"PropertyValueSpecification\",\"valueRequired\":true,\"valueName\":\"search_term_string\"}}],\"inLanguage\":\"es\"},{\"@type\":\"Organization\",\"@id\":\"https:\/\/www.sonoraenequipo.com.mx\/#organization\",\"name\":\"Sonoraenequipo.com.mx\",\"url\":\"https:\/\/www.sonoraenequipo.com.mx\/\",\"logo\":{\"@type\":\"ImageObject\",\"inLanguage\":\"es\",\"@id\":\"https:\/\/www.sonoraenequipo.com.mx\/#\/schema\/logo\/image\/\",\"url\":\"https:\/\/www.sonoraenequipo.com.mx\/storage\/2019\/01\/sonoraenequipo_opt.png\",\"contentUrl\":\"https:\/\/www.sonoraenequipo.com.mx\/storage\/2019\/01\/sonoraenequipo_opt.png\",\"width\":375,\"height\":125,\"caption\":\"Sonoraenequipo.com.mx\"},\"image\":{\"@id\":\"https:\/\/www.sonoraenequipo.com.mx\/#\/schema\/logo\/image\/\"},\"sameAs\":[\"https:\/\/www.facebook.com\/SonoraEE\/\",\"https:\/\/x.com\/sonoraenequipo\",\"https:\/\/www.youtube.com\/channel\/UC338nW-lPEYmJQs4ZABQ1SQ\"]},{\"@type\":\"Person\",\"@id\":\"https:\/\/www.sonoraenequipo.com.mx\/#\/schema\/person\/50102df0fb23a8fa9e8effad8fa81386\",\"name\":\"enequipo\",\"image\":{\"@type\":\"ImageObject\",\"inLanguage\":\"es\",\"@id\":\"https:\/\/www.sonoraenequipo.com.mx\/#\/schema\/person\/image\/\",\"url\":\"https:\/\/secure.gravatar.com\/avatar\/049821681b589dabc0bc20695993ccebb09f5b5d4d790cd9251b97faac7c652b?s=96&d=blank&r=g\",\"contentUrl\":\"https:\/\/secure.gravatar.com\/avatar\/049821681b589dabc0bc20695993ccebb09f5b5d4d790cd9251b97faac7c652b?s=96&d=blank&r=g\",\"caption\":\"enequipo\"},\"sameAs\":[\"https:\/\/www.facebook.com\/SonoraEE\"]}]}<\/script>\n ","yoast_head_json":{"title":"Sonora en Equipo. Polic\u00eda Estatal y Sedena rescatan 56 inmigrantes privados de la libertad en Sonoyta Sonora","description":"GENERAL PLUTARCO EL\u00cdAS CALLES, SONORA. MX. \u2014 Un grupo de 56 personas migrantes de diversas nacionalidades fue rescatado por oficiales de la Polic\u00eda En Sonora en Equipo publicamos toda la informaci\u00f3n de Sonora, M\u00e9xico y el Mundo de manera oportuna y busca que la libertad de expresi\u00f3n sea real. Visita nuestro medio informativo publicado desde Hermosillo, Sonora. %","robots":{"index":"index","follow":"follow","max-snippet":"max-snippet:-1","max-image-preview":"max-image-preview:large","max-video-preview":"max-video-preview:-1"},"canonical":"https:\/\/www.sonoraenequipo.com.mx\/policia-estatal-y-sedena-rescatan-56-inmigrantes-privados-de-la-libertad-en-sonoyta\/","og_locale":"es_ES","og_type":"article","og_title":"Sonora en Equipo. Polic\u00eda Estatal y Sedena rescatan 56 inmigrantes privados de la libertad en Sonoyta Sonora","og_description":"GENERAL PLUTARCO EL\u00cdAS CALLES, SONORA. MX. \u2014 Un grupo de 56 personas migrantes de diversas nacionalidades fue rescatado por oficiales de la Polic\u00eda En Sonora en Equipo publicamos toda la informaci\u00f3n de Sonora, M\u00e9xico y el Mundo de manera oportuna y busca que la libertad de expresi\u00f3n sea real. Visita nuestro medio informativo publicado desde Hermosillo, Sonora. %","og_url":"https:\/\/www.sonoraenequipo.com.mx\/policia-estatal-y-sedena-rescatan-56-inmigrantes-privados-de-la-libertad-en-sonoyta\/","og_site_name":"Sonora en Equipo.","article_publisher":"https:\/\/www.facebook.com\/SonoraEE\/","article_author":"https:\/\/www.facebook.com\/SonoraEE","article_published_time":"2023-07-28T01:10:16+00:00","article_modified_time":"2023-07-28T05:41:35+00:00","og_image":[{"width":900,"height":549,"url":"https:\/\/www.sonoraenequipo.com.mx\/storage\/2023\/07\/migrantes-rescatados-en-Sonora...-min-1.jpg","type":"image\/jpeg"}],"author":"enequipo","twitter_card":"summary_large_image","twitter_creator":"@sonoraenequipo","twitter_site":"@sonoraenequipo","twitter_misc":{"Escrito por":"enequipo","Tiempo de lectura":"1 minuto"},"schema":{"@context":"https:\/\/schema.org","@graph":[{"@type":"Article","@id":"https:\/\/www.sonoraenequipo.com.mx\/policia-estatal-y-sedena-rescatan-56-inmigrantes-privados-de-la-libertad-en-sonoyta\/#article","isPartOf":{"@id":"https:\/\/www.sonoraenequipo.com.mx\/policia-estatal-y-sedena-rescatan-56-inmigrantes-privados-de-la-libertad-en-sonoyta\/"},"author":{"name":"enequipo","@id":"https:\/\/www.sonoraenequipo.com.mx\/#\/schema\/person\/50102df0fb23a8fa9e8effad8fa81386"},"headline":"Polic\u00eda Estatal y Sedena rescatan 56 inmigrantes privados de la libertad en Sonoyta","datePublished":"2023-07-28T01:10:16+00:00","dateModified":"2023-07-28T05:41:35+00:00","mainEntityOfPage":{"@id":"https:\/\/www.sonoraenequipo.com.mx\/policia-estatal-y-sedena-rescatan-56-inmigrantes-privados-de-la-libertad-en-sonoyta\/"},"wordCount":211,"commentCount":0,"publisher":{"@id":"https:\/\/www.sonoraenequipo.com.mx\/#organization"},"image":{"@id":"https:\/\/www.sonoraenequipo.com.mx\/policia-estatal-y-sedena-rescatan-56-inmigrantes-privados-de-la-libertad-en-sonoyta\/#primaryimage"},"thumbnailUrl":"https:\/\/www.sonoraenequipo.com.mx\/storage\/2023\/07\/migrantes-rescatados-en-Sonora...-min-1.jpg","articleSection":["Sonora"],"inLanguage":"es","potentialAction":[{"@type":"CommentAction","name":"Comment","target":["https:\/\/www.sonoraenequipo.com.mx\/policia-estatal-y-sedena-rescatan-56-inmigrantes-privados-de-la-libertad-en-sonoyta\/#respond"]}]},{"@type":"WebPage","@id":"https:\/\/www.sonoraenequipo.com.mx\/policia-estatal-y-sedena-rescatan-56-inmigrantes-privados-de-la-libertad-en-sonoyta\/","url":"https:\/\/www.sonoraenequipo.com.mx\/policia-estatal-y-sedena-rescatan-56-inmigrantes-privados-de-la-libertad-en-sonoyta\/","name":"Sonora en Equipo. Polic\u00eda Estatal y Sedena rescatan 56 inmigrantes privados de la libertad en Sonoyta Sonora","isPartOf":{"@id":"https:\/\/www.sonoraenequipo.com.mx\/#website"},"primaryImageOfPage":{"@id":"https:\/\/www.sonoraenequipo.com.mx\/policia-estatal-y-sedena-rescatan-56-inmigrantes-privados-de-la-libertad-en-sonoyta\/#primaryimage"},"image":{"@id":"https:\/\/www.sonoraenequipo.com.mx\/policia-estatal-y-sedena-rescatan-56-inmigrantes-privados-de-la-libertad-en-sonoyta\/#primaryimage"},"thumbnailUrl":"https:\/\/www.sonoraenequipo.com.mx\/storage\/2023\/07\/migrantes-rescatados-en-Sonora...-min-1.jpg","datePublished":"2023-07-28T01:10:16+00:00","dateModified":"2023-07-28T05:41:35+00:00","description":"GENERAL PLUTARCO EL\u00cdAS CALLES, SONORA. MX. \u2014 Un grupo de 56 personas migrantes de diversas nacionalidades fue rescatado por oficiales de la Polic\u00eda En Sonora en Equipo publicamos toda la informaci\u00f3n de Sonora, M\u00e9xico y el Mundo de manera oportuna y busca que la libertad de expresi\u00f3n sea real. Visita nuestro medio informativo publicado desde Hermosillo, Sonora. %","breadcrumb":{"@id":"https:\/\/www.sonoraenequipo.com.mx\/policia-estatal-y-sedena-rescatan-56-inmigrantes-privados-de-la-libertad-en-sonoyta\/#breadcrumb"},"inLanguage":"es","potentialAction":[{"@type":"ReadAction","target":["https:\/\/www.sonoraenequipo.com.mx\/policia-estatal-y-sedena-rescatan-56-inmigrantes-privados-de-la-libertad-en-sonoyta\/"]}]},{"@type":"ImageObject","inLanguage":"es","@id":"https:\/\/www.sonoraenequipo.com.mx\/policia-estatal-y-sedena-rescatan-56-inmigrantes-privados-de-la-libertad-en-sonoyta\/#primaryimage","url":"https:\/\/www.sonoraenequipo.com.mx\/storage\/2023\/07\/migrantes-rescatados-en-Sonora...-min-1.jpg","contentUrl":"https:\/\/www.sonoraenequipo.com.mx\/storage\/2023\/07\/migrantes-rescatados-en-Sonora...-min-1.jpg","width":900,"height":549},{"@type":"BreadcrumbList","@id":"https:\/\/www.sonoraenequipo.com.mx\/policia-estatal-y-sedena-rescatan-56-inmigrantes-privados-de-la-libertad-en-sonoyta\/#breadcrumb","itemListElement":[{"@type":"ListItem","position":1,"name":"Portada","item":"https:\/\/www.sonoraenequipo.com.mx\/"},{"@type":"ListItem","position":2,"name":"Polic\u00eda Estatal y Sedena rescatan 56 inmigrantes privados de la libertad en Sonoyta"}]},{"@type":"WebSite","@id":"https:\/\/www.sonoraenequipo.com.mx\/#website","url":"https:\/\/www.sonoraenequipo.com.mx\/","name":"Sonora en Equipo.","description":"Diario en l\u00ednea con Noticias desde Hermosillo, Sonora","publisher":{"@id":"https:\/\/www.sonoraenequipo.com.mx\/#organization"},"potentialAction":[{"@type":"SearchAction","target":{"@type":"EntryPoint","urlTemplate":"https:\/\/www.sonoraenequipo.com.mx\/?s={search_term_string}"},"query-input":{"@type":"PropertyValueSpecification","valueRequired":true,"valueName":"search_term_string"}}],"inLanguage":"es"},{"@type":"Organization","@id":"https:\/\/www.sonoraenequipo.com.mx\/#organization","name":"Sonoraenequipo.com.mx","url":"https:\/\/www.sonoraenequipo.com.mx\/","logo":{"@type":"ImageObject","inLanguage":"es","@id":"https:\/\/www.sonoraenequipo.com.mx\/#\/schema\/logo\/image\/","url":"https:\/\/www.sonoraenequipo.com.mx\/storage\/2019\/01\/sonoraenequipo_opt.png","contentUrl":"https:\/\/www.sonoraenequipo.com.mx\/storage\/2019\/01\/sonoraenequipo_opt.png","width":375,"height":125,"caption":"Sonoraenequipo.com.mx"},"image":{"@id":"https:\/\/www.sonoraenequipo.com.mx\/#\/schema\/logo\/image\/"},"sameAs":["https:\/\/www.facebook.com\/SonoraEE\/","https:\/\/x.com\/sonoraenequipo","https:\/\/www.youtube.com\/channel\/UC338nW-lPEYmJQs4ZABQ1SQ"]},{"@type":"Person","@id":"https:\/\/www.sonoraenequipo.com.mx\/#\/schema\/person\/50102df0fb23a8fa9e8effad8fa81386","name":"enequipo","image":{"@type":"ImageObject","inLanguage":"es","@id":"https:\/\/www.sonoraenequipo.com.mx\/#\/schema\/person\/image\/","url":"https:\/\/secure.gravatar.com\/avatar\/049821681b589dabc0bc20695993ccebb09f5b5d4d790cd9251b97faac7c652b?s=96&d=blank&r=g","contentUrl":"https:\/\/secure.gravatar.com\/avatar\/049821681b589dabc0bc20695993ccebb09f5b5d4d790cd9251b97faac7c652b?s=96&d=blank&r=g","caption":"enequipo"},"sameAs":["https:\/\/www.facebook.com\/SonoraEE"]}]}},"jetpack_featured_media_url":"https:\/\/www.sonoraenequipo.com.mx\/storage\/2023\/07\/migrantes-rescatados-en-Sonora...-min-1.jpg","_links":{"self":[{"href":"https:\/\/www.sonoraenequipo.com.mx\/api\/wp\/v2\/posts\/171326","targetHints":{"allow":["GET"]}}],"collection":[{"href":"https:\/\/www.sonoraenequipo.com.mx\/api\/wp\/v2\/posts"}],"about":[{"href":"https:\/\/www.sonoraenequipo.com.mx\/api\/wp\/v2\/types\/post"}],"author":[{"embeddable":true,"href":"https:\/\/www.sonoraenequipo.com.mx\/api\/wp\/v2\/users\/1"}],"replies":[{"embeddable":true,"href":"https:\/\/www.sonoraenequipo.com.mx\/api\/wp\/v2\/comments?post=171326"}],"version-history":[{"count":1,"href":"https:\/\/www.sonoraenequipo.com.mx\/api\/wp\/v2\/posts\/171326\/revisions"}],"predecessor-version":[{"id":171328,"href":"https:\/\/www.sonoraenequipo.com.mx\/api\/wp\/v2\/posts\/171326\/revisions\/171328"}],"wp:featuredmedia":[{"embeddable":true,"href":"https:\/\/www.sonoraenequipo.com.mx\/api\/wp\/v2\/media\/171327"}],"wp:attachment":[{"href":"https:\/\/www.sonoraenequipo.com.mx\/api\/wp\/v2\/media?parent=171326"}],"wp:term":[{"taxonomy":"category","embeddable":true,"href":"https:\/\/www.sonoraenequipo.com.mx\/api\/wp\/v2\/categories?post=171326"},{"taxonomy":"post_tag","embeddable":true,"href":"https:\/\/www.sonoraenequipo.com.mx\/api\/wp\/v2\/tags?post=171326"}],"curies":[{"name":"wp","href":"https:\/\/api.w.org\/{rel}","templated":true}]}}