{"id":171376,"date":"2023-07-28T18:26:41","date_gmt":"2023-07-29T01:26:41","guid":{"rendered":"https:\/\/www.sonoraenequipo.com.mx\/?p=171376"},"modified":"2023-07-28T18:26:41","modified_gmt":"2023-07-29T01:26:41","slug":"alumnado-de-la-utslrc-se-especializa-en-clasificacion-de-mercancias-para-el-comercio-internacional","status":"publish","type":"post","link":"https:\/\/www.sonoraenequipo.com.mx\/alumnado-de-la-utslrc-se-especializa-en-clasificacion-de-mercancias-para-el-comercio-internacional\/","title":{"rendered":"Alumnado de la UTSLRC se especializa en clasificaci\u00f3n de mercanc\u00edas para el comercio internacional"},"content":{"rendered":"<p><strong>SAN LUIS R\u00cdO COLORADO, SONORA,MX.<\/strong><strong>\u2500\u2500<\/strong> Derivado de la posici\u00f3n estrat\u00e9gica en la que se encuentra la Universidad Tecnol\u00f3gica de San Luis R\u00edo Colorado (Utslrc), esta instituci\u00f3n impulsa la especializaci\u00f3n de su alumnado en el rubro de la clasificaci\u00f3n de mercanc\u00edas para el comercio internacional.<\/p>\n<p>&nbsp;<\/p>\n<p>Jos\u00e9 Arturo Delgado Reza, rector de la Utslrc, se\u00f1al\u00f3 que es fundamental que las y los egresados de la carrera de Ingenier\u00eda en Log\u00edstica Internacional cuenten con conocimientos y habilidades necesarias para aplicarlas en los procesos de exportaci\u00f3n e importaci\u00f3n que la industria demanda.<\/p>\n<p>&nbsp;<\/p>\n<p>Adem\u00e1s, a\u00f1adi\u00f3, por ser San Luis R\u00edo Colorado un municipio fronterizo, los universitarios cuentan con mayores oportunidades de oferta laboral, por lo cual la instituci\u00f3n trabaja de manera permanente en la vinculaci\u00f3n con empresas nacionales e internacionales.<\/p>\n<p>&nbsp;<\/p>\n<p>Delgado Reza coment\u00f3 que, como parte de las estrategias de especializaci\u00f3n del alumnado, recientemente se llev\u00f3 a cabo el Quinto Marat\u00f3n de Clasificaci\u00f3n Arancelaria, donde los j\u00f3venes participaron para ampliar sus conocimientos sobre impuestos, derechos, regulaciones no arancelarias y c\u00f3digos aplicables a cada producto de importaci\u00f3n o de exportaci\u00f3n, entre otros rubros.<\/p>\n<p><strong>Fecha de publicaci\u00f3n viernes 28 de julio de 2023<\/strong><\/p>\n","protected":false},"excerpt":{"rendered":"<p>SAN LUIS R\u00cdO COLORADO, SONORA,MX.\u2500\u2500 Derivado de la posici\u00f3n estrat\u00e9gica en la que se encuentra&#8230;<\/p>\n","protected":false},"author":1,"featured_media":171377,"comment_status":"open","ping_status":"open","sticky":false,"template":"","format":"standard","meta":{"_monsterinsights_skip_tracking":false,"_monsterinsights_sitenote_active":false,"_monsterinsights_sitenote_note":"","_monsterinsights_sitenote_category":0,"footnotes":""},"categories":[22],"tags":[1953,47,8767,7406,15,7280],"class_list":["post"],"yoast_head":" \n<title>Sonora en Equipo. Alumnado de la UTSLRC se especializa en clasificaci\u00f3n de mercanc\u00edas para el comercio internacional Sonora<\/title>\n<meta name=\"description\" content=\"SAN LUIS R\u00cdO COLORADO, SONORA,MX.\u2500\u2500 Derivado de la posici\u00f3n estrat\u00e9gica en la que se encuentra la Universidad Tecnol\u00f3gica de San Luis R\u00edo Colorado En Sonora en Equipo publicamos toda la informaci\u00f3n de Sonora, M\u00e9xico y el Mundo de manera oportuna y busca que la libertad de expresi\u00f3n sea real. Visita nuestro medio informativo publicado desde Hermosillo, Sonora. %\" \/>\n<meta name=\"robots\" content=\"index, follow, max-snippet:-1, max-image-preview:large, max-video-preview:-1\" \/>\n<link rel=\"canonical\" href=\"https:\/\/www.sonoraenequipo.com.mx\/alumnado-de-la-utslrc-se-especializa-en-clasificacion-de-mercancias-para-el-comercio-internacional\/\" \/>\n<meta property=\"og:locale\" content=\"es_ES\" \/>\n<meta property=\"og:type\" content=\"article\" \/>\n<meta property=\"og:title\" content=\"Sonora en Equipo. Alumnado de la UTSLRC se especializa en clasificaci\u00f3n de mercanc\u00edas para el comercio internacional Sonora\" \/>\n<meta property=\"og:description\" content=\"SAN LUIS R\u00cdO COLORADO, SONORA,MX.\u2500\u2500 Derivado de la posici\u00f3n estrat\u00e9gica en la que se encuentra la Universidad Tecnol\u00f3gica de San Luis R\u00edo Colorado En Sonora en Equipo publicamos toda la informaci\u00f3n de Sonora, M\u00e9xico y el Mundo de manera oportuna y busca que la libertad de expresi\u00f3n sea real. Visita nuestro medio informativo publicado desde Hermosillo, Sonora. %\" \/>\n<meta property=\"og:url\" content=\"https:\/\/www.sonoraenequipo.com.mx\/alumnado-de-la-utslrc-se-especializa-en-clasificacion-de-mercancias-para-el-comercio-internacional\/\" \/>\n<meta property=\"og:site_name\" content=\"Sonora en Equipo.\" \/>\n<meta property=\"article:publisher\" content=\"https:\/\/www.facebook.com\/SonoraEE\/\" \/>\n<meta property=\"article:author\" content=\"https:\/\/www.facebook.com\/SonoraEE\" \/>\n<meta property=\"article:published_time\" content=\"2023-07-29T01:26:41+00:00\" \/>\n<meta property=\"og:image\" content=\"https:\/\/www.sonoraenequipo.com.mx\/storage\/2023\/07\/ut-slrc.jpg\" \/>\n\t<meta property=\"og:image:width\" content=\"600\" \/>\n\t<meta property=\"og:image:height\" content=\"407\" \/>\n\t<meta property=\"og:image:type\" content=\"image\/jpeg\" \/>\n<meta name=\"author\" content=\"enequipo\" \/>\n<meta name=\"twitter:card\" content=\"summary_large_image\" \/>\n<meta name=\"twitter:creator\" content=\"@sonoraenequipo\" \/>\n<meta name=\"twitter:site\" content=\"@sonoraenequipo\" \/>\n<meta name=\"twitter:label1\" content=\"Escrito por\" \/>\n\t<meta name=\"twitter:data1\" content=\"enequipo\" \/>\n\t<meta name=\"twitter:label2\" content=\"Tiempo de lectura\" \/>\n\t<meta name=\"twitter:data2\" content=\"1 minuto\" \/>\n<script type=\"application\/ld+json\" class=\"yoast-schema-graph\">{\"@context\":\"https:\/\/schema.org\",\"@graph\":[{\"@type\":\"Article\",\"@id\":\"https:\/\/www.sonoraenequipo.com.mx\/alumnado-de-la-utslrc-se-especializa-en-clasificacion-de-mercancias-para-el-comercio-internacional\/#article\",\"isPartOf\":{\"@id\":\"https:\/\/www.sonoraenequipo.com.mx\/alumnado-de-la-utslrc-se-especializa-en-clasificacion-de-mercancias-para-el-comercio-internacional\/\"},\"author\":{\"name\":\"enequipo\",\"@id\":\"https:\/\/www.sonoraenequipo.com.mx\/#\/schema\/person\/50102df0fb23a8fa9e8effad8fa81386\"},\"headline\":\"Alumnado de la UTSLRC se especializa en clasificaci\u00f3n de mercanc\u00edas para el comercio internacional\",\"datePublished\":\"2023-07-29T01:26:41+00:00\",\"mainEntityOfPage\":{\"@id\":\"https:\/\/www.sonoraenequipo.com.mx\/alumnado-de-la-utslrc-se-especializa-en-clasificacion-de-mercancias-para-el-comercio-internacional\/\"},\"wordCount\":231,\"commentCount\":0,\"publisher\":{\"@id\":\"https:\/\/www.sonoraenequipo.com.mx\/#organization\"},\"image\":{\"@id\":\"https:\/\/www.sonoraenequipo.com.mx\/alumnado-de-la-utslrc-se-especializa-en-clasificacion-de-mercancias-para-el-comercio-internacional\/#primaryimage\"},\"thumbnailUrl\":\"https:\/\/www.sonoraenequipo.com.mx\/storage\/2023\/07\/ut-slrc.jpg\",\"keywords\":[\"Comercio\",\"educaci\u00f3n\",\"exterior\",\"slrc\",\"Sonora\",\"ut\"],\"articleSection\":[\"Sonora\"],\"inLanguage\":\"es\",\"potentialAction\":[{\"@type\":\"CommentAction\",\"name\":\"Comment\",\"target\":[\"https:\/\/www.sonoraenequipo.com.mx\/alumnado-de-la-utslrc-se-especializa-en-clasificacion-de-mercancias-para-el-comercio-internacional\/#respond\"]}]},{\"@type\":\"WebPage\",\"@id\":\"https:\/\/www.sonoraenequipo.com.mx\/alumnado-de-la-utslrc-se-especializa-en-clasificacion-de-mercancias-para-el-comercio-internacional\/\",\"url\":\"https:\/\/www.sonoraenequipo.com.mx\/alumnado-de-la-utslrc-se-especializa-en-clasificacion-de-mercancias-para-el-comercio-internacional\/\",\"name\":\"Sonora en Equipo. Alumnado de la UTSLRC se especializa en clasificaci\u00f3n de mercanc\u00edas para el comercio internacional Sonora\",\"isPartOf\":{\"@id\":\"https:\/\/www.sonoraenequipo.com.mx\/#website\"},\"primaryImageOfPage\":{\"@id\":\"https:\/\/www.sonoraenequipo.com.mx\/alumnado-de-la-utslrc-se-especializa-en-clasificacion-de-mercancias-para-el-comercio-internacional\/#primaryimage\"},\"image\":{\"@id\":\"https:\/\/www.sonoraenequipo.com.mx\/alumnado-de-la-utslrc-se-especializa-en-clasificacion-de-mercancias-para-el-comercio-internacional\/#primaryimage\"},\"thumbnailUrl\":\"https:\/\/www.sonoraenequipo.com.mx\/storage\/2023\/07\/ut-slrc.jpg\",\"datePublished\":\"2023-07-29T01:26:41+00:00\",\"description\":\"SAN LUIS R\u00cdO COLORADO, SONORA,MX.\u2500\u2500 Derivado de la posici\u00f3n estrat\u00e9gica en la que se encuentra la Universidad Tecnol\u00f3gica de San Luis R\u00edo Colorado En Sonora en Equipo publicamos toda la informaci\u00f3n de Sonora, M\u00e9xico y el Mundo de manera oportuna y busca que la libertad de expresi\u00f3n sea real. Visita nuestro medio informativo publicado desde Hermosillo, Sonora. %\",\"breadcrumb\":{\"@id\":\"https:\/\/www.sonoraenequipo.com.mx\/alumnado-de-la-utslrc-se-especializa-en-clasificacion-de-mercancias-para-el-comercio-internacional\/#breadcrumb\"},\"inLanguage\":\"es\",\"potentialAction\":[{\"@type\":\"ReadAction\",\"target\":[\"https:\/\/www.sonoraenequipo.com.mx\/alumnado-de-la-utslrc-se-especializa-en-clasificacion-de-mercancias-para-el-comercio-internacional\/\"]}]},{\"@type\":\"ImageObject\",\"inLanguage\":\"es\",\"@id\":\"https:\/\/www.sonoraenequipo.com.mx\/alumnado-de-la-utslrc-se-especializa-en-clasificacion-de-mercancias-para-el-comercio-internacional\/#primaryimage\",\"url\":\"https:\/\/www.sonoraenequipo.com.mx\/storage\/2023\/07\/ut-slrc.jpg\",\"contentUrl\":\"https:\/\/www.sonoraenequipo.com.mx\/storage\/2023\/07\/ut-slrc.jpg\",\"width\":600,\"height\":407},{\"@type\":\"BreadcrumbList\",\"@id\":\"https:\/\/www.sonoraenequipo.com.mx\/alumnado-de-la-utslrc-se-especializa-en-clasificacion-de-mercancias-para-el-comercio-internacional\/#breadcrumb\",\"itemListElement\":[{\"@type\":\"ListItem\",\"position\":1,\"name\":\"Portada\",\"item\":\"https:\/\/www.sonoraenequipo.com.mx\/\"},{\"@type\":\"ListItem\",\"position\":2,\"name\":\"Alumnado de la UTSLRC se especializa en clasificaci\u00f3n de mercanc\u00edas para el comercio internacional\"}]},{\"@type\":\"WebSite\",\"@id\":\"https:\/\/www.sonoraenequipo.com.mx\/#website\",\"url\":\"https:\/\/www.sonoraenequipo.com.mx\/\",\"name\":\"Sonora en Equipo.\",\"description\":\"Diario en l\u00ednea con Noticias desde Hermosillo, Sonora\",\"publisher\":{\"@id\":\"https:\/\/www.sonoraenequipo.com.mx\/#organization\"},\"potentialAction\":[{\"@type\":\"SearchAction\",\"target\":{\"@type\":\"EntryPoint\",\"urlTemplate\":\"https:\/\/www.sonoraenequipo.com.mx\/?s={search_term_string}\"},\"query-input\":{\"@type\":\"PropertyValueSpecification\",\"valueRequired\":true,\"valueName\":\"search_term_string\"}}],\"inLanguage\":\"es\"},{\"@type\":\"Organization\",\"@id\":\"https:\/\/www.sonoraenequipo.com.mx\/#organization\",\"name\":\"Sonoraenequipo.com.mx\",\"url\":\"https:\/\/www.sonoraenequipo.com.mx\/\",\"logo\":{\"@type\":\"ImageObject\",\"inLanguage\":\"es\",\"@id\":\"https:\/\/www.sonoraenequipo.com.mx\/#\/schema\/logo\/image\/\",\"url\":\"https:\/\/www.sonoraenequipo.com.mx\/storage\/2019\/01\/sonoraenequipo_opt.png\",\"contentUrl\":\"https:\/\/www.sonoraenequipo.com.mx\/storage\/2019\/01\/sonoraenequipo_opt.png\",\"width\":375,\"height\":125,\"caption\":\"Sonoraenequipo.com.mx\"},\"image\":{\"@id\":\"https:\/\/www.sonoraenequipo.com.mx\/#\/schema\/logo\/image\/\"},\"sameAs\":[\"https:\/\/www.facebook.com\/SonoraEE\/\",\"https:\/\/x.com\/sonoraenequipo\",\"https:\/\/www.youtube.com\/channel\/UC338nW-lPEYmJQs4ZABQ1SQ\"]},{\"@type\":\"Person\",\"@id\":\"https:\/\/www.sonoraenequipo.com.mx\/#\/schema\/person\/50102df0fb23a8fa9e8effad8fa81386\",\"name\":\"enequipo\",\"image\":{\"@type\":\"ImageObject\",\"inLanguage\":\"es\",\"@id\":\"https:\/\/www.sonoraenequipo.com.mx\/#\/schema\/person\/image\/\",\"url\":\"https:\/\/secure.gravatar.com\/avatar\/049821681b589dabc0bc20695993ccebb09f5b5d4d790cd9251b97faac7c652b?s=96&d=blank&r=g\",\"contentUrl\":\"https:\/\/secure.gravatar.com\/avatar\/049821681b589dabc0bc20695993ccebb09f5b5d4d790cd9251b97faac7c652b?s=96&d=blank&r=g\",\"caption\":\"enequipo\"},\"sameAs\":[\"https:\/\/www.facebook.com\/SonoraEE\"]}]}<\/script>\n ","yoast_head_json":{"title":"Sonora en Equipo. Alumnado de la UTSLRC se especializa en clasificaci\u00f3n de mercanc\u00edas para el comercio internacional Sonora","description":"SAN LUIS R\u00cdO COLORADO, SONORA,MX.\u2500\u2500 Derivado de la posici\u00f3n estrat\u00e9gica en la que se encuentra la Universidad Tecnol\u00f3gica de San Luis R\u00edo Colorado En Sonora en Equipo publicamos toda la informaci\u00f3n de Sonora, M\u00e9xico y el Mundo de manera oportuna y busca que la libertad de expresi\u00f3n sea real. Visita nuestro medio informativo publicado desde Hermosillo, Sonora. %","robots":{"index":"index","follow":"follow","max-snippet":"max-snippet:-1","max-image-preview":"max-image-preview:large","max-video-preview":"max-video-preview:-1"},"canonical":"https:\/\/www.sonoraenequipo.com.mx\/alumnado-de-la-utslrc-se-especializa-en-clasificacion-de-mercancias-para-el-comercio-internacional\/","og_locale":"es_ES","og_type":"article","og_title":"Sonora en Equipo. Alumnado de la UTSLRC se especializa en clasificaci\u00f3n de mercanc\u00edas para el comercio internacional Sonora","og_description":"SAN LUIS R\u00cdO COLORADO, SONORA,MX.\u2500\u2500 Derivado de la posici\u00f3n estrat\u00e9gica en la que se encuentra la Universidad Tecnol\u00f3gica de San Luis R\u00edo Colorado En Sonora en Equipo publicamos toda la informaci\u00f3n de Sonora, M\u00e9xico y el Mundo de manera oportuna y busca que la libertad de expresi\u00f3n sea real. Visita nuestro medio informativo publicado desde Hermosillo, Sonora. %","og_url":"https:\/\/www.sonoraenequipo.com.mx\/alumnado-de-la-utslrc-se-especializa-en-clasificacion-de-mercancias-para-el-comercio-internacional\/","og_site_name":"Sonora en Equipo.","article_publisher":"https:\/\/www.facebook.com\/SonoraEE\/","article_author":"https:\/\/www.facebook.com\/SonoraEE","article_published_time":"2023-07-29T01:26:41+00:00","og_image":[{"width":600,"height":407,"url":"https:\/\/www.sonoraenequipo.com.mx\/storage\/2023\/07\/ut-slrc.jpg","type":"image\/jpeg"}],"author":"enequipo","twitter_card":"summary_large_image","twitter_creator":"@sonoraenequipo","twitter_site":"@sonoraenequipo","twitter_misc":{"Escrito por":"enequipo","Tiempo de lectura":"1 minuto"},"schema":{"@context":"https:\/\/schema.org","@graph":[{"@type":"Article","@id":"https:\/\/www.sonoraenequipo.com.mx\/alumnado-de-la-utslrc-se-especializa-en-clasificacion-de-mercancias-para-el-comercio-internacional\/#article","isPartOf":{"@id":"https:\/\/www.sonoraenequipo.com.mx\/alumnado-de-la-utslrc-se-especializa-en-clasificacion-de-mercancias-para-el-comercio-internacional\/"},"author":{"name":"enequipo","@id":"https:\/\/www.sonoraenequipo.com.mx\/#\/schema\/person\/50102df0fb23a8fa9e8effad8fa81386"},"headline":"Alumnado de la UTSLRC se especializa en clasificaci\u00f3n de mercanc\u00edas para el comercio internacional","datePublished":"2023-07-29T01:26:41+00:00","mainEntityOfPage":{"@id":"https:\/\/www.sonoraenequipo.com.mx\/alumnado-de-la-utslrc-se-especializa-en-clasificacion-de-mercancias-para-el-comercio-internacional\/"},"wordCount":231,"commentCount":0,"publisher":{"@id":"https:\/\/www.sonoraenequipo.com.mx\/#organization"},"image":{"@id":"https:\/\/www.sonoraenequipo.com.mx\/alumnado-de-la-utslrc-se-especializa-en-clasificacion-de-mercancias-para-el-comercio-internacional\/#primaryimage"},"thumbnailUrl":"https:\/\/www.sonoraenequipo.com.mx\/storage\/2023\/07\/ut-slrc.jpg","keywords":["Comercio","educaci\u00f3n","exterior","slrc","Sonora","ut"],"articleSection":["Sonora"],"inLanguage":"es","potentialAction":[{"@type":"CommentAction","name":"Comment","target":["https:\/\/www.sonoraenequipo.com.mx\/alumnado-de-la-utslrc-se-especializa-en-clasificacion-de-mercancias-para-el-comercio-internacional\/#respond"]}]},{"@type":"WebPage","@id":"https:\/\/www.sonoraenequipo.com.mx\/alumnado-de-la-utslrc-se-especializa-en-clasificacion-de-mercancias-para-el-comercio-internacional\/","url":"https:\/\/www.sonoraenequipo.com.mx\/alumnado-de-la-utslrc-se-especializa-en-clasificacion-de-mercancias-para-el-comercio-internacional\/","name":"Sonora en Equipo. Alumnado de la UTSLRC se especializa en clasificaci\u00f3n de mercanc\u00edas para el comercio internacional Sonora","isPartOf":{"@id":"https:\/\/www.sonoraenequipo.com.mx\/#website"},"primaryImageOfPage":{"@id":"https:\/\/www.sonoraenequipo.com.mx\/alumnado-de-la-utslrc-se-especializa-en-clasificacion-de-mercancias-para-el-comercio-internacional\/#primaryimage"},"image":{"@id":"https:\/\/www.sonoraenequipo.com.mx\/alumnado-de-la-utslrc-se-especializa-en-clasificacion-de-mercancias-para-el-comercio-internacional\/#primaryimage"},"thumbnailUrl":"https:\/\/www.sonoraenequipo.com.mx\/storage\/2023\/07\/ut-slrc.jpg","datePublished":"2023-07-29T01:26:41+00:00","description":"SAN LUIS R\u00cdO COLORADO, SONORA,MX.\u2500\u2500 Derivado de la posici\u00f3n estrat\u00e9gica en la que se encuentra la Universidad Tecnol\u00f3gica de San Luis R\u00edo Colorado En Sonora en Equipo publicamos toda la informaci\u00f3n de Sonora, M\u00e9xico y el Mundo de manera oportuna y busca que la libertad de expresi\u00f3n sea real. Visita nuestro medio informativo publicado desde Hermosillo, Sonora. %","breadcrumb":{"@id":"https:\/\/www.sonoraenequipo.com.mx\/alumnado-de-la-utslrc-se-especializa-en-clasificacion-de-mercancias-para-el-comercio-internacional\/#breadcrumb"},"inLanguage":"es","potentialAction":[{"@type":"ReadAction","target":["https:\/\/www.sonoraenequipo.com.mx\/alumnado-de-la-utslrc-se-especializa-en-clasificacion-de-mercancias-para-el-comercio-internacional\/"]}]},{"@type":"ImageObject","inLanguage":"es","@id":"https:\/\/www.sonoraenequipo.com.mx\/alumnado-de-la-utslrc-se-especializa-en-clasificacion-de-mercancias-para-el-comercio-internacional\/#primaryimage","url":"https:\/\/www.sonoraenequipo.com.mx\/storage\/2023\/07\/ut-slrc.jpg","contentUrl":"https:\/\/www.sonoraenequipo.com.mx\/storage\/2023\/07\/ut-slrc.jpg","width":600,"height":407},{"@type":"BreadcrumbList","@id":"https:\/\/www.sonoraenequipo.com.mx\/alumnado-de-la-utslrc-se-especializa-en-clasificacion-de-mercancias-para-el-comercio-internacional\/#breadcrumb","itemListElement":[{"@type":"ListItem","position":1,"name":"Portada","item":"https:\/\/www.sonoraenequipo.com.mx\/"},{"@type":"ListItem","position":2,"name":"Alumnado de la UTSLRC se especializa en clasificaci\u00f3n de mercanc\u00edas para el comercio internacional"}]},{"@type":"WebSite","@id":"https:\/\/www.sonoraenequipo.com.mx\/#website","url":"https:\/\/www.sonoraenequipo.com.mx\/","name":"Sonora en Equipo.","description":"Diario en l\u00ednea con Noticias desde Hermosillo, Sonora","publisher":{"@id":"https:\/\/www.sonoraenequipo.com.mx\/#organization"},"potentialAction":[{"@type":"SearchAction","target":{"@type":"EntryPoint","urlTemplate":"https:\/\/www.sonoraenequipo.com.mx\/?s={search_term_string}"},"query-input":{"@type":"PropertyValueSpecification","valueRequired":true,"valueName":"search_term_string"}}],"inLanguage":"es"},{"@type":"Organization","@id":"https:\/\/www.sonoraenequipo.com.mx\/#organization","name":"Sonoraenequipo.com.mx","url":"https:\/\/www.sonoraenequipo.com.mx\/","logo":{"@type":"ImageObject","inLanguage":"es","@id":"https:\/\/www.sonoraenequipo.com.mx\/#\/schema\/logo\/image\/","url":"https:\/\/www.sonoraenequipo.com.mx\/storage\/2019\/01\/sonoraenequipo_opt.png","contentUrl":"https:\/\/www.sonoraenequipo.com.mx\/storage\/2019\/01\/sonoraenequipo_opt.png","width":375,"height":125,"caption":"Sonoraenequipo.com.mx"},"image":{"@id":"https:\/\/www.sonoraenequipo.com.mx\/#\/schema\/logo\/image\/"},"sameAs":["https:\/\/www.facebook.com\/SonoraEE\/","https:\/\/x.com\/sonoraenequipo","https:\/\/www.youtube.com\/channel\/UC338nW-lPEYmJQs4ZABQ1SQ"]},{"@type":"Person","@id":"https:\/\/www.sonoraenequipo.com.mx\/#\/schema\/person\/50102df0fb23a8fa9e8effad8fa81386","name":"enequipo","image":{"@type":"ImageObject","inLanguage":"es","@id":"https:\/\/www.sonoraenequipo.com.mx\/#\/schema\/person\/image\/","url":"https:\/\/secure.gravatar.com\/avatar\/049821681b589dabc0bc20695993ccebb09f5b5d4d790cd9251b97faac7c652b?s=96&d=blank&r=g","contentUrl":"https:\/\/secure.gravatar.com\/avatar\/049821681b589dabc0bc20695993ccebb09f5b5d4d790cd9251b97faac7c652b?s=96&d=blank&r=g","caption":"enequipo"},"sameAs":["https:\/\/www.facebook.com\/SonoraEE"]}]}},"jetpack_featured_media_url":"https:\/\/www.sonoraenequipo.com.mx\/storage\/2023\/07\/ut-slrc.jpg","_links":{"self":[{"href":"https:\/\/www.sonoraenequipo.com.mx\/api\/wp\/v2\/posts\/171376","targetHints":{"allow":["GET"]}}],"collection":[{"href":"https:\/\/www.sonoraenequipo.com.mx\/api\/wp\/v2\/posts"}],"about":[{"href":"https:\/\/www.sonoraenequipo.com.mx\/api\/wp\/v2\/types\/post"}],"author":[{"embeddable":true,"href":"https:\/\/www.sonoraenequipo.com.mx\/api\/wp\/v2\/users\/1"}],"replies":[{"embeddable":true,"href":"https:\/\/www.sonoraenequipo.com.mx\/api\/wp\/v2\/comments?post=171376"}],"version-history":[{"count":1,"href":"https:\/\/www.sonoraenequipo.com.mx\/api\/wp\/v2\/posts\/171376\/revisions"}],"predecessor-version":[{"id":171378,"href":"https:\/\/www.sonoraenequipo.com.mx\/api\/wp\/v2\/posts\/171376\/revisions\/171378"}],"wp:featuredmedia":[{"embeddable":true,"href":"https:\/\/www.sonoraenequipo.com.mx\/api\/wp\/v2\/media\/171377"}],"wp:attachment":[{"href":"https:\/\/www.sonoraenequipo.com.mx\/api\/wp\/v2\/media?parent=171376"}],"wp:term":[{"taxonomy":"category","embeddable":true,"href":"https:\/\/www.sonoraenequipo.com.mx\/api\/wp\/v2\/categories?post=171376"},{"taxonomy":"post_tag","embeddable":true,"href":"https:\/\/www.sonoraenequipo.com.mx\/api\/wp\/v2\/tags?post=171376"}],"curies":[{"name":"wp","href":"https:\/\/api.w.org\/{rel}","templated":true}]}}