{"id":171402,"date":"2023-07-28T21:54:33","date_gmt":"2023-07-29T04:54:33","guid":{"rendered":"https:\/\/www.sonoraenequipo.com.mx\/?p=171402"},"modified":"2023-07-29T09:12:57","modified_gmt":"2023-07-29T16:12:57","slug":"el-programa-franquicias-del-gobierno-de-sonora-busca-que-mipymes-se-multipliquen","status":"publish","type":"post","link":"https:\/\/www.sonoraenequipo.com.mx\/el-programa-franquicias-del-gobierno-de-sonora-busca-que-mipymes-se-multipliquen\/","title":{"rendered":"El programa Franquicias del Gobierno de Sonora busca que Mipymes se multipliquen"},"content":{"rendered":"<p><strong>HERMOSILLO, SONORA. MX. \u2014\u00a0<\/strong> El empresario Hernan Herr\u00e1n, propietario de SPIN-HIIT GYM, abri\u00f3 la onceava sucursal de su centro de acondicionamiento f\u00edsico gracias al programa Franquicias, del Gobierno de Sonora.<\/p>\n<p>&nbsp;<\/p>\n<p> <\/p>\n<p>&nbsp;<\/p>\n<p>Con este programa de la Secretar\u00eda de Econom\u00eda, las micro, peque\u00f1as y medianas empresas de cualquier giro que cuenten con estados financieros sanos, con una marca comercial mixta, es decir, logotipo con nombre y que se encuentre registrado ante el Instituto Mexicano de la Propiedad Industrial (IMPI), puede desarrollarse en un modelo de franquicias, explic\u00f3 Julio Mendoza Arvizu.<\/p>\n<p>&nbsp;<\/p>\n<p>&nbsp;<\/p>\n<p>El director general de Comercializaci\u00f3n dijo que, dentro de las franquicias sonorenses se encuentran registradas 140 marcas que operan bajo este modelo, cuyo impacto repercute positivamente en las actividades econ\u00f3micas de comercios y servicios.<\/p>\n<p>&nbsp;<\/p>\n<p>&nbsp;<\/p>\n<p>En Sonora existen 846 puntos de venta de franquicias que generan aproximadamente ocho mil 656 fuentes de empleo; negocios que tambi\u00e9n se pueden extender a diferentes entidades, se\u00f1al\u00f3 el funcionario estatal.<\/p>\n<p>&nbsp;<\/p>\n<p>&nbsp;<\/p>\n<p>&nbsp;<\/p>\n<p>&nbsp;<\/p>\n<p>PUBLICADO EL 28 DE JULIO DE 2023\/ Con informaci\u00f3n de GOBSON 0723-182)<\/p>\n","protected":false},"excerpt":{"rendered":"<p>HERMOSILLO, SONORA. MX. \u2014\u00a0 El empresario Hernan Herr\u00e1n, propietario de SPIN-HIIT GYM, abri\u00f3 la onceava&#8230;<\/p>\n","protected":false},"author":1,"featured_media":171403,"comment_status":"open","ping_status":"open","sticky":false,"template":"","format":"standard","meta":{"_monsterinsights_skip_tracking":false,"_monsterinsights_sitenote_active":false,"_monsterinsights_sitenote_note":"","_monsterinsights_sitenote_category":0,"footnotes":""},"categories":[22],"tags":[],"class_list":["post"],"yoast_head":" \n<title>Sonora en Equipo. El programa Franquicias del Gobierno de Sonora busca que Mipymes se multipliquen Sonora<\/title>\n<meta name=\"description\" content=\"HERMOSILLO, SONORA. MX. \u2014\u00a0 El empresario Hernan Herr\u00e1n, propietario de SPIN-HIIT GYM, abri\u00f3 la onceava sucursal de su centro de acondicionamiento f\u00edsico En Sonora en Equipo publicamos toda la informaci\u00f3n de Sonora, M\u00e9xico y el Mundo de manera oportuna y busca que la libertad de expresi\u00f3n sea real. Visita nuestro medio informativo publicado desde Hermosillo, Sonora. %\" \/>\n<meta name=\"robots\" content=\"index, follow, max-snippet:-1, max-image-preview:large, max-video-preview:-1\" \/>\n<link rel=\"canonical\" href=\"https:\/\/www.sonoraenequipo.com.mx\/el-programa-franquicias-del-gobierno-de-sonora-busca-que-mipymes-se-multipliquen\/\" \/>\n<meta property=\"og:locale\" content=\"es_ES\" \/>\n<meta property=\"og:type\" content=\"article\" \/>\n<meta property=\"og:title\" content=\"Sonora en Equipo. El programa Franquicias del Gobierno de Sonora busca que Mipymes se multipliquen Sonora\" \/>\n<meta property=\"og:description\" content=\"HERMOSILLO, SONORA. MX. \u2014\u00a0 El empresario Hernan Herr\u00e1n, propietario de SPIN-HIIT GYM, abri\u00f3 la onceava sucursal de su centro de acondicionamiento f\u00edsico En Sonora en Equipo publicamos toda la informaci\u00f3n de Sonora, M\u00e9xico y el Mundo de manera oportuna y busca que la libertad de expresi\u00f3n sea real. Visita nuestro medio informativo publicado desde Hermosillo, Sonora. %\" \/>\n<meta property=\"og:url\" content=\"https:\/\/www.sonoraenequipo.com.mx\/el-programa-franquicias-del-gobierno-de-sonora-busca-que-mipymes-se-multipliquen\/\" \/>\n<meta property=\"og:site_name\" content=\"Sonora en Equipo.\" \/>\n<meta property=\"article:publisher\" content=\"https:\/\/www.facebook.com\/SonoraEE\/\" \/>\n<meta property=\"article:author\" content=\"https:\/\/www.facebook.com\/SonoraEE\" \/>\n<meta property=\"article:published_time\" content=\"2023-07-29T04:54:33+00:00\" \/>\n<meta property=\"article:modified_time\" content=\"2023-07-29T16:12:57+00:00\" \/>\n<meta property=\"og:image\" content=\"https:\/\/www.sonoraenequipo.com.mx\/storage\/2023\/07\/mi-\u00b4pymes...-min.jpg\" \/>\n\t<meta property=\"og:image:width\" content=\"900\" \/>\n\t<meta property=\"og:image:height\" content=\"535\" \/>\n\t<meta property=\"og:image:type\" content=\"image\/jpeg\" \/>\n<meta name=\"author\" content=\"enequipo\" \/>\n<meta name=\"twitter:card\" content=\"summary_large_image\" \/>\n<meta name=\"twitter:creator\" content=\"@sonoraenequipo\" \/>\n<meta name=\"twitter:site\" content=\"@sonoraenequipo\" \/>\n<meta name=\"twitter:label1\" content=\"Escrito por\" \/>\n\t<meta name=\"twitter:data1\" content=\"enequipo\" \/>\n\t<meta name=\"twitter:label2\" content=\"Tiempo de lectura\" \/>\n\t<meta name=\"twitter:data2\" content=\"1 minuto\" \/>\n<script type=\"application\/ld+json\" class=\"yoast-schema-graph\">{\"@context\":\"https:\/\/schema.org\",\"@graph\":[{\"@type\":\"Article\",\"@id\":\"https:\/\/www.sonoraenequipo.com.mx\/el-programa-franquicias-del-gobierno-de-sonora-busca-que-mipymes-se-multipliquen\/#article\",\"isPartOf\":{\"@id\":\"https:\/\/www.sonoraenequipo.com.mx\/el-programa-franquicias-del-gobierno-de-sonora-busca-que-mipymes-se-multipliquen\/\"},\"author\":{\"name\":\"enequipo\",\"@id\":\"https:\/\/www.sonoraenequipo.com.mx\/#\/schema\/person\/50102df0fb23a8fa9e8effad8fa81386\"},\"headline\":\"El programa Franquicias del Gobierno de Sonora busca que Mipymes se multipliquen\",\"datePublished\":\"2023-07-29T04:54:33+00:00\",\"dateModified\":\"2023-07-29T16:12:57+00:00\",\"mainEntityOfPage\":{\"@id\":\"https:\/\/www.sonoraenequipo.com.mx\/el-programa-franquicias-del-gobierno-de-sonora-busca-que-mipymes-se-multipliquen\/\"},\"wordCount\":191,\"commentCount\":0,\"publisher\":{\"@id\":\"https:\/\/www.sonoraenequipo.com.mx\/#organization\"},\"image\":{\"@id\":\"https:\/\/www.sonoraenequipo.com.mx\/el-programa-franquicias-del-gobierno-de-sonora-busca-que-mipymes-se-multipliquen\/#primaryimage\"},\"thumbnailUrl\":\"https:\/\/www.sonoraenequipo.com.mx\/storage\/2023\/07\/mi-\u00b4pymes...-min.jpg\",\"articleSection\":[\"Sonora\"],\"inLanguage\":\"es\",\"potentialAction\":[{\"@type\":\"CommentAction\",\"name\":\"Comment\",\"target\":[\"https:\/\/www.sonoraenequipo.com.mx\/el-programa-franquicias-del-gobierno-de-sonora-busca-que-mipymes-se-multipliquen\/#respond\"]}]},{\"@type\":\"WebPage\",\"@id\":\"https:\/\/www.sonoraenequipo.com.mx\/el-programa-franquicias-del-gobierno-de-sonora-busca-que-mipymes-se-multipliquen\/\",\"url\":\"https:\/\/www.sonoraenequipo.com.mx\/el-programa-franquicias-del-gobierno-de-sonora-busca-que-mipymes-se-multipliquen\/\",\"name\":\"Sonora en Equipo. El programa Franquicias del Gobierno de Sonora busca que Mipymes se multipliquen Sonora\",\"isPartOf\":{\"@id\":\"https:\/\/www.sonoraenequipo.com.mx\/#website\"},\"primaryImageOfPage\":{\"@id\":\"https:\/\/www.sonoraenequipo.com.mx\/el-programa-franquicias-del-gobierno-de-sonora-busca-que-mipymes-se-multipliquen\/#primaryimage\"},\"image\":{\"@id\":\"https:\/\/www.sonoraenequipo.com.mx\/el-programa-franquicias-del-gobierno-de-sonora-busca-que-mipymes-se-multipliquen\/#primaryimage\"},\"thumbnailUrl\":\"https:\/\/www.sonoraenequipo.com.mx\/storage\/2023\/07\/mi-\u00b4pymes...-min.jpg\",\"datePublished\":\"2023-07-29T04:54:33+00:00\",\"dateModified\":\"2023-07-29T16:12:57+00:00\",\"description\":\"HERMOSILLO, SONORA. MX. \u2014\u00a0 El empresario Hernan Herr\u00e1n, propietario de SPIN-HIIT GYM, abri\u00f3 la onceava sucursal de su centro de acondicionamiento f\u00edsico En Sonora en Equipo publicamos toda la informaci\u00f3n de Sonora, M\u00e9xico y el Mundo de manera oportuna y busca que la libertad de expresi\u00f3n sea real. Visita nuestro medio informativo publicado desde Hermosillo, Sonora. %\",\"breadcrumb\":{\"@id\":\"https:\/\/www.sonoraenequipo.com.mx\/el-programa-franquicias-del-gobierno-de-sonora-busca-que-mipymes-se-multipliquen\/#breadcrumb\"},\"inLanguage\":\"es\",\"potentialAction\":[{\"@type\":\"ReadAction\",\"target\":[\"https:\/\/www.sonoraenequipo.com.mx\/el-programa-franquicias-del-gobierno-de-sonora-busca-que-mipymes-se-multipliquen\/\"]}]},{\"@type\":\"ImageObject\",\"inLanguage\":\"es\",\"@id\":\"https:\/\/www.sonoraenequipo.com.mx\/el-programa-franquicias-del-gobierno-de-sonora-busca-que-mipymes-se-multipliquen\/#primaryimage\",\"url\":\"https:\/\/www.sonoraenequipo.com.mx\/storage\/2023\/07\/mi-\u00b4pymes...-min.jpg\",\"contentUrl\":\"https:\/\/www.sonoraenequipo.com.mx\/storage\/2023\/07\/mi-\u00b4pymes...-min.jpg\",\"width\":900,\"height\":535},{\"@type\":\"BreadcrumbList\",\"@id\":\"https:\/\/www.sonoraenequipo.com.mx\/el-programa-franquicias-del-gobierno-de-sonora-busca-que-mipymes-se-multipliquen\/#breadcrumb\",\"itemListElement\":[{\"@type\":\"ListItem\",\"position\":1,\"name\":\"Portada\",\"item\":\"https:\/\/www.sonoraenequipo.com.mx\/\"},{\"@type\":\"ListItem\",\"position\":2,\"name\":\"El programa Franquicias del Gobierno de Sonora busca que Mipymes se multipliquen\"}]},{\"@type\":\"WebSite\",\"@id\":\"https:\/\/www.sonoraenequipo.com.mx\/#website\",\"url\":\"https:\/\/www.sonoraenequipo.com.mx\/\",\"name\":\"Sonora en Equipo.\",\"description\":\"Diario en l\u00ednea con Noticias desde Hermosillo, Sonora\",\"publisher\":{\"@id\":\"https:\/\/www.sonoraenequipo.com.mx\/#organization\"},\"potentialAction\":[{\"@type\":\"SearchAction\",\"target\":{\"@type\":\"EntryPoint\",\"urlTemplate\":\"https:\/\/www.sonoraenequipo.com.mx\/?s={search_term_string}\"},\"query-input\":{\"@type\":\"PropertyValueSpecification\",\"valueRequired\":true,\"valueName\":\"search_term_string\"}}],\"inLanguage\":\"es\"},{\"@type\":\"Organization\",\"@id\":\"https:\/\/www.sonoraenequipo.com.mx\/#organization\",\"name\":\"Sonoraenequipo.com.mx\",\"url\":\"https:\/\/www.sonoraenequipo.com.mx\/\",\"logo\":{\"@type\":\"ImageObject\",\"inLanguage\":\"es\",\"@id\":\"https:\/\/www.sonoraenequipo.com.mx\/#\/schema\/logo\/image\/\",\"url\":\"https:\/\/www.sonoraenequipo.com.mx\/storage\/2019\/01\/sonoraenequipo_opt.png\",\"contentUrl\":\"https:\/\/www.sonoraenequipo.com.mx\/storage\/2019\/01\/sonoraenequipo_opt.png\",\"width\":375,\"height\":125,\"caption\":\"Sonoraenequipo.com.mx\"},\"image\":{\"@id\":\"https:\/\/www.sonoraenequipo.com.mx\/#\/schema\/logo\/image\/\"},\"sameAs\":[\"https:\/\/www.facebook.com\/SonoraEE\/\",\"https:\/\/x.com\/sonoraenequipo\",\"https:\/\/www.youtube.com\/channel\/UC338nW-lPEYmJQs4ZABQ1SQ\"]},{\"@type\":\"Person\",\"@id\":\"https:\/\/www.sonoraenequipo.com.mx\/#\/schema\/person\/50102df0fb23a8fa9e8effad8fa81386\",\"name\":\"enequipo\",\"image\":{\"@type\":\"ImageObject\",\"inLanguage\":\"es\",\"@id\":\"https:\/\/www.sonoraenequipo.com.mx\/#\/schema\/person\/image\/\",\"url\":\"https:\/\/secure.gravatar.com\/avatar\/049821681b589dabc0bc20695993ccebb09f5b5d4d790cd9251b97faac7c652b?s=96&d=blank&r=g\",\"contentUrl\":\"https:\/\/secure.gravatar.com\/avatar\/049821681b589dabc0bc20695993ccebb09f5b5d4d790cd9251b97faac7c652b?s=96&d=blank&r=g\",\"caption\":\"enequipo\"},\"sameAs\":[\"https:\/\/www.facebook.com\/SonoraEE\"]}]}<\/script>\n ","yoast_head_json":{"title":"Sonora en Equipo. El programa Franquicias del Gobierno de Sonora busca que Mipymes se multipliquen Sonora","description":"HERMOSILLO, SONORA. MX. \u2014\u00a0 El empresario Hernan Herr\u00e1n, propietario de SPIN-HIIT GYM, abri\u00f3 la onceava sucursal de su centro de acondicionamiento f\u00edsico En Sonora en Equipo publicamos toda la informaci\u00f3n de Sonora, M\u00e9xico y el Mundo de manera oportuna y busca que la libertad de expresi\u00f3n sea real. Visita nuestro medio informativo publicado desde Hermosillo, Sonora. %","robots":{"index":"index","follow":"follow","max-snippet":"max-snippet:-1","max-image-preview":"max-image-preview:large","max-video-preview":"max-video-preview:-1"},"canonical":"https:\/\/www.sonoraenequipo.com.mx\/el-programa-franquicias-del-gobierno-de-sonora-busca-que-mipymes-se-multipliquen\/","og_locale":"es_ES","og_type":"article","og_title":"Sonora en Equipo. El programa Franquicias del Gobierno de Sonora busca que Mipymes se multipliquen Sonora","og_description":"HERMOSILLO, SONORA. MX. \u2014\u00a0 El empresario Hernan Herr\u00e1n, propietario de SPIN-HIIT GYM, abri\u00f3 la onceava sucursal de su centro de acondicionamiento f\u00edsico En Sonora en Equipo publicamos toda la informaci\u00f3n de Sonora, M\u00e9xico y el Mundo de manera oportuna y busca que la libertad de expresi\u00f3n sea real. Visita nuestro medio informativo publicado desde Hermosillo, Sonora. %","og_url":"https:\/\/www.sonoraenequipo.com.mx\/el-programa-franquicias-del-gobierno-de-sonora-busca-que-mipymes-se-multipliquen\/","og_site_name":"Sonora en Equipo.","article_publisher":"https:\/\/www.facebook.com\/SonoraEE\/","article_author":"https:\/\/www.facebook.com\/SonoraEE","article_published_time":"2023-07-29T04:54:33+00:00","article_modified_time":"2023-07-29T16:12:57+00:00","og_image":[{"width":900,"height":535,"url":"https:\/\/www.sonoraenequipo.com.mx\/storage\/2023\/07\/mi-\u00b4pymes...-min.jpg","type":"image\/jpeg"}],"author":"enequipo","twitter_card":"summary_large_image","twitter_creator":"@sonoraenequipo","twitter_site":"@sonoraenequipo","twitter_misc":{"Escrito por":"enequipo","Tiempo de lectura":"1 minuto"},"schema":{"@context":"https:\/\/schema.org","@graph":[{"@type":"Article","@id":"https:\/\/www.sonoraenequipo.com.mx\/el-programa-franquicias-del-gobierno-de-sonora-busca-que-mipymes-se-multipliquen\/#article","isPartOf":{"@id":"https:\/\/www.sonoraenequipo.com.mx\/el-programa-franquicias-del-gobierno-de-sonora-busca-que-mipymes-se-multipliquen\/"},"author":{"name":"enequipo","@id":"https:\/\/www.sonoraenequipo.com.mx\/#\/schema\/person\/50102df0fb23a8fa9e8effad8fa81386"},"headline":"El programa Franquicias del Gobierno de Sonora busca que Mipymes se multipliquen","datePublished":"2023-07-29T04:54:33+00:00","dateModified":"2023-07-29T16:12:57+00:00","mainEntityOfPage":{"@id":"https:\/\/www.sonoraenequipo.com.mx\/el-programa-franquicias-del-gobierno-de-sonora-busca-que-mipymes-se-multipliquen\/"},"wordCount":191,"commentCount":0,"publisher":{"@id":"https:\/\/www.sonoraenequipo.com.mx\/#organization"},"image":{"@id":"https:\/\/www.sonoraenequipo.com.mx\/el-programa-franquicias-del-gobierno-de-sonora-busca-que-mipymes-se-multipliquen\/#primaryimage"},"thumbnailUrl":"https:\/\/www.sonoraenequipo.com.mx\/storage\/2023\/07\/mi-\u00b4pymes...-min.jpg","articleSection":["Sonora"],"inLanguage":"es","potentialAction":[{"@type":"CommentAction","name":"Comment","target":["https:\/\/www.sonoraenequipo.com.mx\/el-programa-franquicias-del-gobierno-de-sonora-busca-que-mipymes-se-multipliquen\/#respond"]}]},{"@type":"WebPage","@id":"https:\/\/www.sonoraenequipo.com.mx\/el-programa-franquicias-del-gobierno-de-sonora-busca-que-mipymes-se-multipliquen\/","url":"https:\/\/www.sonoraenequipo.com.mx\/el-programa-franquicias-del-gobierno-de-sonora-busca-que-mipymes-se-multipliquen\/","name":"Sonora en Equipo. El programa Franquicias del Gobierno de Sonora busca que Mipymes se multipliquen Sonora","isPartOf":{"@id":"https:\/\/www.sonoraenequipo.com.mx\/#website"},"primaryImageOfPage":{"@id":"https:\/\/www.sonoraenequipo.com.mx\/el-programa-franquicias-del-gobierno-de-sonora-busca-que-mipymes-se-multipliquen\/#primaryimage"},"image":{"@id":"https:\/\/www.sonoraenequipo.com.mx\/el-programa-franquicias-del-gobierno-de-sonora-busca-que-mipymes-se-multipliquen\/#primaryimage"},"thumbnailUrl":"https:\/\/www.sonoraenequipo.com.mx\/storage\/2023\/07\/mi-\u00b4pymes...-min.jpg","datePublished":"2023-07-29T04:54:33+00:00","dateModified":"2023-07-29T16:12:57+00:00","description":"HERMOSILLO, SONORA. MX. \u2014\u00a0 El empresario Hernan Herr\u00e1n, propietario de SPIN-HIIT GYM, abri\u00f3 la onceava sucursal de su centro de acondicionamiento f\u00edsico En Sonora en Equipo publicamos toda la informaci\u00f3n de Sonora, M\u00e9xico y el Mundo de manera oportuna y busca que la libertad de expresi\u00f3n sea real. Visita nuestro medio informativo publicado desde Hermosillo, Sonora. %","breadcrumb":{"@id":"https:\/\/www.sonoraenequipo.com.mx\/el-programa-franquicias-del-gobierno-de-sonora-busca-que-mipymes-se-multipliquen\/#breadcrumb"},"inLanguage":"es","potentialAction":[{"@type":"ReadAction","target":["https:\/\/www.sonoraenequipo.com.mx\/el-programa-franquicias-del-gobierno-de-sonora-busca-que-mipymes-se-multipliquen\/"]}]},{"@type":"ImageObject","inLanguage":"es","@id":"https:\/\/www.sonoraenequipo.com.mx\/el-programa-franquicias-del-gobierno-de-sonora-busca-que-mipymes-se-multipliquen\/#primaryimage","url":"https:\/\/www.sonoraenequipo.com.mx\/storage\/2023\/07\/mi-\u00b4pymes...-min.jpg","contentUrl":"https:\/\/www.sonoraenequipo.com.mx\/storage\/2023\/07\/mi-\u00b4pymes...-min.jpg","width":900,"height":535},{"@type":"BreadcrumbList","@id":"https:\/\/www.sonoraenequipo.com.mx\/el-programa-franquicias-del-gobierno-de-sonora-busca-que-mipymes-se-multipliquen\/#breadcrumb","itemListElement":[{"@type":"ListItem","position":1,"name":"Portada","item":"https:\/\/www.sonoraenequipo.com.mx\/"},{"@type":"ListItem","position":2,"name":"El programa Franquicias del Gobierno de Sonora busca que Mipymes se multipliquen"}]},{"@type":"WebSite","@id":"https:\/\/www.sonoraenequipo.com.mx\/#website","url":"https:\/\/www.sonoraenequipo.com.mx\/","name":"Sonora en Equipo.","description":"Diario en l\u00ednea con Noticias desde Hermosillo, Sonora","publisher":{"@id":"https:\/\/www.sonoraenequipo.com.mx\/#organization"},"potentialAction":[{"@type":"SearchAction","target":{"@type":"EntryPoint","urlTemplate":"https:\/\/www.sonoraenequipo.com.mx\/?s={search_term_string}"},"query-input":{"@type":"PropertyValueSpecification","valueRequired":true,"valueName":"search_term_string"}}],"inLanguage":"es"},{"@type":"Organization","@id":"https:\/\/www.sonoraenequipo.com.mx\/#organization","name":"Sonoraenequipo.com.mx","url":"https:\/\/www.sonoraenequipo.com.mx\/","logo":{"@type":"ImageObject","inLanguage":"es","@id":"https:\/\/www.sonoraenequipo.com.mx\/#\/schema\/logo\/image\/","url":"https:\/\/www.sonoraenequipo.com.mx\/storage\/2019\/01\/sonoraenequipo_opt.png","contentUrl":"https:\/\/www.sonoraenequipo.com.mx\/storage\/2019\/01\/sonoraenequipo_opt.png","width":375,"height":125,"caption":"Sonoraenequipo.com.mx"},"image":{"@id":"https:\/\/www.sonoraenequipo.com.mx\/#\/schema\/logo\/image\/"},"sameAs":["https:\/\/www.facebook.com\/SonoraEE\/","https:\/\/x.com\/sonoraenequipo","https:\/\/www.youtube.com\/channel\/UC338nW-lPEYmJQs4ZABQ1SQ"]},{"@type":"Person","@id":"https:\/\/www.sonoraenequipo.com.mx\/#\/schema\/person\/50102df0fb23a8fa9e8effad8fa81386","name":"enequipo","image":{"@type":"ImageObject","inLanguage":"es","@id":"https:\/\/www.sonoraenequipo.com.mx\/#\/schema\/person\/image\/","url":"https:\/\/secure.gravatar.com\/avatar\/049821681b589dabc0bc20695993ccebb09f5b5d4d790cd9251b97faac7c652b?s=96&d=blank&r=g","contentUrl":"https:\/\/secure.gravatar.com\/avatar\/049821681b589dabc0bc20695993ccebb09f5b5d4d790cd9251b97faac7c652b?s=96&d=blank&r=g","caption":"enequipo"},"sameAs":["https:\/\/www.facebook.com\/SonoraEE"]}]}},"jetpack_featured_media_url":"https:\/\/www.sonoraenequipo.com.mx\/storage\/2023\/07\/mi-\u00b4pymes...-min.jpg","_links":{"self":[{"href":"https:\/\/www.sonoraenequipo.com.mx\/api\/wp\/v2\/posts\/171402","targetHints":{"allow":["GET"]}}],"collection":[{"href":"https:\/\/www.sonoraenequipo.com.mx\/api\/wp\/v2\/posts"}],"about":[{"href":"https:\/\/www.sonoraenequipo.com.mx\/api\/wp\/v2\/types\/post"}],"author":[{"embeddable":true,"href":"https:\/\/www.sonoraenequipo.com.mx\/api\/wp\/v2\/users\/1"}],"replies":[{"embeddable":true,"href":"https:\/\/www.sonoraenequipo.com.mx\/api\/wp\/v2\/comments?post=171402"}],"version-history":[{"count":1,"href":"https:\/\/www.sonoraenequipo.com.mx\/api\/wp\/v2\/posts\/171402\/revisions"}],"predecessor-version":[{"id":171404,"href":"https:\/\/www.sonoraenequipo.com.mx\/api\/wp\/v2\/posts\/171402\/revisions\/171404"}],"wp:featuredmedia":[{"embeddable":true,"href":"https:\/\/www.sonoraenequipo.com.mx\/api\/wp\/v2\/media\/171403"}],"wp:attachment":[{"href":"https:\/\/www.sonoraenequipo.com.mx\/api\/wp\/v2\/media?parent=171402"}],"wp:term":[{"taxonomy":"category","embeddable":true,"href":"https:\/\/www.sonoraenequipo.com.mx\/api\/wp\/v2\/categories?post=171402"},{"taxonomy":"post_tag","embeddable":true,"href":"https:\/\/www.sonoraenequipo.com.mx\/api\/wp\/v2\/tags?post=171402"}],"curies":[{"name":"wp","href":"https:\/\/api.w.org\/{rel}","templated":true}]}}