{"id":171405,"date":"2023-07-28T23:42:33","date_gmt":"2023-07-29T06:42:33","guid":{"rendered":"https:\/\/www.sonoraenequipo.com.mx\/?p=171405"},"modified":"2023-07-29T13:52:18","modified_gmt":"2023-07-29T20:52:18","slug":"premiara-gobierno-de-sonora-a-personas-adultas-mayores-con-reconocimiento-sahuaro","status":"publish","type":"post","link":"https:\/\/www.sonoraenequipo.com.mx\/premiara-gobierno-de-sonora-a-personas-adultas-mayores-con-reconocimiento-sahuaro\/","title":{"rendered":"Premiar\u00e1 Gobierno de Sonora a personas adultas mayores con Reconocimiento Sahuaro"},"content":{"rendered":"<p><strong>HERMOSILLO, SONORA. MX. \u2014<\/strong>\u00a0 Mujeres y hombres mayores de 60 a\u00f1os, que en su trayectoria de vida hayan realizado alguna labor destacada en beneficio de las y los sonorenses, ser\u00e1n galardonados con el Reconocimiento Sahuaro, que promueve el Gobierno de Sonora a trav\u00e9s del Sistema DIF estatal y la Procuradur\u00eda de la Defensa del Adulto Mayor (Prodeama), indic\u00f3 Lorenia Valles Sampedro.<\/p>\n<p>&nbsp;<\/p>\n<p> <\/p>\n<p>&nbsp;<\/p>\n<p>La directora de DIF Sonora dijo que, en el marco del D\u00eda de las Personas Adultas Mayores, que se conmemora en M\u00e9xico el 28 de agosto, se reconocer\u00e1 con admiraci\u00f3n y respeto a este sector de la poblaci\u00f3n por medio de una convocatoria para recibir el galard\u00f3n que estar\u00e1 disponible en el sitio web reconocimientosahuaro.difson.gob.mx hasta el 11 de agosto.<\/p>\n<p>&nbsp;<\/p>\n<p>&nbsp;<\/p>\n<p>El Reconocimiento Sahuaro se entregar\u00e1 el 28 de agosto y las categor\u00edas especiales en las que podr\u00e1n ser nominados las y los adultos mayores son: Edad de Oro, dirigida a la persona m\u00e1s longeva; Solidario Mayor, para personas mayores de 60 a\u00f1os que realizan labores destacadas a favor de personas de la tercera edad; Compa\u00f1ero Aliado, para personas de cualquier edad que realizan acciones a favor de adultos mayores; Vida Ejemplar, que har\u00e1 reconocimiento por trayectoria de vida; y Gran Triunfador, por sobresalir en alguna actividad relevante para Sonora.<\/p>\n<p>&nbsp;<\/p>\n<p>&nbsp;<\/p>\n<p>Tambi\u00e9n se premiar\u00e1 la trayectoria cultural, art\u00edstica, cient\u00edfica, deportiva, social y trayectoria educativa.<\/p>\n<p>&nbsp;<\/p>\n<p>&nbsp;<\/p>\n<p><strong><em>\u201cTenemos una categor\u00eda nueva que es Edad de Oro en la cual queremos encontrar a la persona m\u00e1s longeva que viva en el estado de Sonora y por supuesto categor\u00edas como Gran Triunfador, donde reconocemos a alguna persona que logr\u00f3 destacar de manera muy relevante en la entidad, esas son algunas de las categor\u00edas donde pueden nominar a sus personas adultas mayores, solo deben ingresar a la p\u00e1gina web de DIF Sonora<\/em><\/strong>\u201d, coment\u00f3 la funcionaria estatal.<\/p>\n<p>&nbsp;<\/p>\n<p>&nbsp;<\/p>\n<p>Una vez que se acceda a la p\u00e1gina de DIF, que podr\u00e1 realizar cualquier persona, es necesario para la nominaci\u00f3n escribir el nombre de la persona propuesta, elegir la categor\u00eda que corresponda, escribir una rese\u00f1a sobre el por qu\u00e9 merece el reconocimiento Sahuaro y proporcionar un n\u00famero de tel\u00e9fono celular donde pueda ser localizada.<\/p>\n<p>&nbsp;<\/p>\n<p>&nbsp;<\/p>\n<p>PUBLICADO EL 28 DE JULIO DE 2023\/ Con informaci\u00f3n de GOBSON 0723-183)<\/p>\n","protected":false},"excerpt":{"rendered":"<p>HERMOSILLO, SONORA. MX. \u2014\u00a0 Mujeres y hombres mayores de 60 a\u00f1os, que en su trayectoria&#8230;<\/p>\n","protected":false},"author":1,"featured_media":171406,"comment_status":"open","ping_status":"open","sticky":false,"template":"","format":"standard","meta":{"_monsterinsights_skip_tracking":false,"_monsterinsights_sitenote_active":false,"_monsterinsights_sitenote_note":"","_monsterinsights_sitenote_category":0,"footnotes":""},"categories":[22],"tags":[],"class_list":["post"],"yoast_head":" \n<title>Sonora en Equipo. Premiar\u00e1 Gobierno de Sonora a personas adultas mayores con Reconocimiento Sahuaro Sonora<\/title>\n<meta name=\"description\" content=\"HERMOSILLO, SONORA. MX. \u2014\u00a0 Mujeres y hombres mayores de 60 a\u00f1os, que en su trayectoria de vida hayan realizado alguna labor destacada en beneficio de las En Sonora en Equipo publicamos toda la informaci\u00f3n de Sonora, M\u00e9xico y el Mundo de manera oportuna y busca que la libertad de expresi\u00f3n sea real. Visita nuestro medio informativo publicado desde Hermosillo, Sonora. %\" \/>\n<meta name=\"robots\" content=\"index, follow, max-snippet:-1, max-image-preview:large, max-video-preview:-1\" \/>\n<link rel=\"canonical\" href=\"https:\/\/www.sonoraenequipo.com.mx\/premiara-gobierno-de-sonora-a-personas-adultas-mayores-con-reconocimiento-sahuaro\/\" \/>\n<meta property=\"og:locale\" content=\"es_ES\" \/>\n<meta property=\"og:type\" content=\"article\" \/>\n<meta property=\"og:title\" content=\"Sonora en Equipo. Premiar\u00e1 Gobierno de Sonora a personas adultas mayores con Reconocimiento Sahuaro Sonora\" \/>\n<meta property=\"og:description\" content=\"HERMOSILLO, SONORA. MX. \u2014\u00a0 Mujeres y hombres mayores de 60 a\u00f1os, que en su trayectoria de vida hayan realizado alguna labor destacada en beneficio de las En Sonora en Equipo publicamos toda la informaci\u00f3n de Sonora, M\u00e9xico y el Mundo de manera oportuna y busca que la libertad de expresi\u00f3n sea real. Visita nuestro medio informativo publicado desde Hermosillo, Sonora. %\" \/>\n<meta property=\"og:url\" content=\"https:\/\/www.sonoraenequipo.com.mx\/premiara-gobierno-de-sonora-a-personas-adultas-mayores-con-reconocimiento-sahuaro\/\" \/>\n<meta property=\"og:site_name\" content=\"Sonora en Equipo.\" \/>\n<meta property=\"article:publisher\" content=\"https:\/\/www.facebook.com\/SonoraEE\/\" \/>\n<meta property=\"article:author\" content=\"https:\/\/www.facebook.com\/SonoraEE\" \/>\n<meta property=\"article:published_time\" content=\"2023-07-29T06:42:33+00:00\" \/>\n<meta property=\"article:modified_time\" content=\"2023-07-29T20:52:18+00:00\" \/>\n<meta property=\"og:image\" content=\"https:\/\/www.sonoraenequipo.com.mx\/storage\/2023\/07\/premiara-gob-de-sonora-a-personas-adultas-mayores...-min.jpg\" \/>\n\t<meta property=\"og:image:width\" content=\"900\" \/>\n\t<meta property=\"og:image:height\" content=\"474\" \/>\n\t<meta property=\"og:image:type\" content=\"image\/jpeg\" \/>\n<meta name=\"author\" content=\"enequipo\" \/>\n<meta name=\"twitter:card\" content=\"summary_large_image\" \/>\n<meta name=\"twitter:creator\" content=\"@sonoraenequipo\" \/>\n<meta name=\"twitter:site\" content=\"@sonoraenequipo\" \/>\n<meta name=\"twitter:label1\" content=\"Escrito por\" \/>\n\t<meta name=\"twitter:data1\" content=\"enequipo\" \/>\n\t<meta name=\"twitter:label2\" content=\"Tiempo de lectura\" \/>\n\t<meta name=\"twitter:data2\" content=\"2 minutos\" \/>\n<script type=\"application\/ld+json\" class=\"yoast-schema-graph\">{\"@context\":\"https:\/\/schema.org\",\"@graph\":[{\"@type\":\"Article\",\"@id\":\"https:\/\/www.sonoraenequipo.com.mx\/premiara-gobierno-de-sonora-a-personas-adultas-mayores-con-reconocimiento-sahuaro\/#article\",\"isPartOf\":{\"@id\":\"https:\/\/www.sonoraenequipo.com.mx\/premiara-gobierno-de-sonora-a-personas-adultas-mayores-con-reconocimiento-sahuaro\/\"},\"author\":{\"name\":\"enequipo\",\"@id\":\"https:\/\/www.sonoraenequipo.com.mx\/#\/schema\/person\/50102df0fb23a8fa9e8effad8fa81386\"},\"headline\":\"Premiar\u00e1 Gobierno de Sonora a personas adultas mayores con Reconocimiento Sahuaro\",\"datePublished\":\"2023-07-29T06:42:33+00:00\",\"dateModified\":\"2023-07-29T20:52:18+00:00\",\"mainEntityOfPage\":{\"@id\":\"https:\/\/www.sonoraenequipo.com.mx\/premiara-gobierno-de-sonora-a-personas-adultas-mayores-con-reconocimiento-sahuaro\/\"},\"wordCount\":412,\"commentCount\":0,\"publisher\":{\"@id\":\"https:\/\/www.sonoraenequipo.com.mx\/#organization\"},\"image\":{\"@id\":\"https:\/\/www.sonoraenequipo.com.mx\/premiara-gobierno-de-sonora-a-personas-adultas-mayores-con-reconocimiento-sahuaro\/#primaryimage\"},\"thumbnailUrl\":\"https:\/\/www.sonoraenequipo.com.mx\/storage\/2023\/07\/premiara-gob-de-sonora-a-personas-adultas-mayores...-min.jpg\",\"articleSection\":[\"Sonora\"],\"inLanguage\":\"es\",\"potentialAction\":[{\"@type\":\"CommentAction\",\"name\":\"Comment\",\"target\":[\"https:\/\/www.sonoraenequipo.com.mx\/premiara-gobierno-de-sonora-a-personas-adultas-mayores-con-reconocimiento-sahuaro\/#respond\"]}]},{\"@type\":\"WebPage\",\"@id\":\"https:\/\/www.sonoraenequipo.com.mx\/premiara-gobierno-de-sonora-a-personas-adultas-mayores-con-reconocimiento-sahuaro\/\",\"url\":\"https:\/\/www.sonoraenequipo.com.mx\/premiara-gobierno-de-sonora-a-personas-adultas-mayores-con-reconocimiento-sahuaro\/\",\"name\":\"Sonora en Equipo. Premiar\u00e1 Gobierno de Sonora a personas adultas mayores con Reconocimiento Sahuaro Sonora\",\"isPartOf\":{\"@id\":\"https:\/\/www.sonoraenequipo.com.mx\/#website\"},\"primaryImageOfPage\":{\"@id\":\"https:\/\/www.sonoraenequipo.com.mx\/premiara-gobierno-de-sonora-a-personas-adultas-mayores-con-reconocimiento-sahuaro\/#primaryimage\"},\"image\":{\"@id\":\"https:\/\/www.sonoraenequipo.com.mx\/premiara-gobierno-de-sonora-a-personas-adultas-mayores-con-reconocimiento-sahuaro\/#primaryimage\"},\"thumbnailUrl\":\"https:\/\/www.sonoraenequipo.com.mx\/storage\/2023\/07\/premiara-gob-de-sonora-a-personas-adultas-mayores...-min.jpg\",\"datePublished\":\"2023-07-29T06:42:33+00:00\",\"dateModified\":\"2023-07-29T20:52:18+00:00\",\"description\":\"HERMOSILLO, SONORA. MX. \u2014\u00a0 Mujeres y hombres mayores de 60 a\u00f1os, que en su trayectoria de vida hayan realizado alguna labor destacada en beneficio de las En Sonora en Equipo publicamos toda la informaci\u00f3n de Sonora, M\u00e9xico y el Mundo de manera oportuna y busca que la libertad de expresi\u00f3n sea real. Visita nuestro medio informativo publicado desde Hermosillo, Sonora. %\",\"breadcrumb\":{\"@id\":\"https:\/\/www.sonoraenequipo.com.mx\/premiara-gobierno-de-sonora-a-personas-adultas-mayores-con-reconocimiento-sahuaro\/#breadcrumb\"},\"inLanguage\":\"es\",\"potentialAction\":[{\"@type\":\"ReadAction\",\"target\":[\"https:\/\/www.sonoraenequipo.com.mx\/premiara-gobierno-de-sonora-a-personas-adultas-mayores-con-reconocimiento-sahuaro\/\"]}]},{\"@type\":\"ImageObject\",\"inLanguage\":\"es\",\"@id\":\"https:\/\/www.sonoraenequipo.com.mx\/premiara-gobierno-de-sonora-a-personas-adultas-mayores-con-reconocimiento-sahuaro\/#primaryimage\",\"url\":\"https:\/\/www.sonoraenequipo.com.mx\/storage\/2023\/07\/premiara-gob-de-sonora-a-personas-adultas-mayores...-min.jpg\",\"contentUrl\":\"https:\/\/www.sonoraenequipo.com.mx\/storage\/2023\/07\/premiara-gob-de-sonora-a-personas-adultas-mayores...-min.jpg\",\"width\":900,\"height\":474},{\"@type\":\"BreadcrumbList\",\"@id\":\"https:\/\/www.sonoraenequipo.com.mx\/premiara-gobierno-de-sonora-a-personas-adultas-mayores-con-reconocimiento-sahuaro\/#breadcrumb\",\"itemListElement\":[{\"@type\":\"ListItem\",\"position\":1,\"name\":\"Portada\",\"item\":\"https:\/\/www.sonoraenequipo.com.mx\/\"},{\"@type\":\"ListItem\",\"position\":2,\"name\":\"Premiar\u00e1 Gobierno de Sonora a personas adultas mayores con Reconocimiento Sahuaro\"}]},{\"@type\":\"WebSite\",\"@id\":\"https:\/\/www.sonoraenequipo.com.mx\/#website\",\"url\":\"https:\/\/www.sonoraenequipo.com.mx\/\",\"name\":\"Sonora en Equipo.\",\"description\":\"Diario en l\u00ednea con Noticias desde Hermosillo, Sonora\",\"publisher\":{\"@id\":\"https:\/\/www.sonoraenequipo.com.mx\/#organization\"},\"potentialAction\":[{\"@type\":\"SearchAction\",\"target\":{\"@type\":\"EntryPoint\",\"urlTemplate\":\"https:\/\/www.sonoraenequipo.com.mx\/?s={search_term_string}\"},\"query-input\":{\"@type\":\"PropertyValueSpecification\",\"valueRequired\":true,\"valueName\":\"search_term_string\"}}],\"inLanguage\":\"es\"},{\"@type\":\"Organization\",\"@id\":\"https:\/\/www.sonoraenequipo.com.mx\/#organization\",\"name\":\"Sonoraenequipo.com.mx\",\"url\":\"https:\/\/www.sonoraenequipo.com.mx\/\",\"logo\":{\"@type\":\"ImageObject\",\"inLanguage\":\"es\",\"@id\":\"https:\/\/www.sonoraenequipo.com.mx\/#\/schema\/logo\/image\/\",\"url\":\"https:\/\/www.sonoraenequipo.com.mx\/storage\/2019\/01\/sonoraenequipo_opt.png\",\"contentUrl\":\"https:\/\/www.sonoraenequipo.com.mx\/storage\/2019\/01\/sonoraenequipo_opt.png\",\"width\":375,\"height\":125,\"caption\":\"Sonoraenequipo.com.mx\"},\"image\":{\"@id\":\"https:\/\/www.sonoraenequipo.com.mx\/#\/schema\/logo\/image\/\"},\"sameAs\":[\"https:\/\/www.facebook.com\/SonoraEE\/\",\"https:\/\/x.com\/sonoraenequipo\",\"https:\/\/www.youtube.com\/channel\/UC338nW-lPEYmJQs4ZABQ1SQ\"]},{\"@type\":\"Person\",\"@id\":\"https:\/\/www.sonoraenequipo.com.mx\/#\/schema\/person\/50102df0fb23a8fa9e8effad8fa81386\",\"name\":\"enequipo\",\"image\":{\"@type\":\"ImageObject\",\"inLanguage\":\"es\",\"@id\":\"https:\/\/www.sonoraenequipo.com.mx\/#\/schema\/person\/image\/\",\"url\":\"https:\/\/secure.gravatar.com\/avatar\/049821681b589dabc0bc20695993ccebb09f5b5d4d790cd9251b97faac7c652b?s=96&d=blank&r=g\",\"contentUrl\":\"https:\/\/secure.gravatar.com\/avatar\/049821681b589dabc0bc20695993ccebb09f5b5d4d790cd9251b97faac7c652b?s=96&d=blank&r=g\",\"caption\":\"enequipo\"},\"sameAs\":[\"https:\/\/www.facebook.com\/SonoraEE\"]}]}<\/script>\n ","yoast_head_json":{"title":"Sonora en Equipo. Premiar\u00e1 Gobierno de Sonora a personas adultas mayores con Reconocimiento Sahuaro Sonora","description":"HERMOSILLO, SONORA. MX. \u2014\u00a0 Mujeres y hombres mayores de 60 a\u00f1os, que en su trayectoria de vida hayan realizado alguna labor destacada en beneficio de las En Sonora en Equipo publicamos toda la informaci\u00f3n de Sonora, M\u00e9xico y el Mundo de manera oportuna y busca que la libertad de expresi\u00f3n sea real. Visita nuestro medio informativo publicado desde Hermosillo, Sonora. %","robots":{"index":"index","follow":"follow","max-snippet":"max-snippet:-1","max-image-preview":"max-image-preview:large","max-video-preview":"max-video-preview:-1"},"canonical":"https:\/\/www.sonoraenequipo.com.mx\/premiara-gobierno-de-sonora-a-personas-adultas-mayores-con-reconocimiento-sahuaro\/","og_locale":"es_ES","og_type":"article","og_title":"Sonora en Equipo. Premiar\u00e1 Gobierno de Sonora a personas adultas mayores con Reconocimiento Sahuaro Sonora","og_description":"HERMOSILLO, SONORA. MX. \u2014\u00a0 Mujeres y hombres mayores de 60 a\u00f1os, que en su trayectoria de vida hayan realizado alguna labor destacada en beneficio de las En Sonora en Equipo publicamos toda la informaci\u00f3n de Sonora, M\u00e9xico y el Mundo de manera oportuna y busca que la libertad de expresi\u00f3n sea real. Visita nuestro medio informativo publicado desde Hermosillo, Sonora. %","og_url":"https:\/\/www.sonoraenequipo.com.mx\/premiara-gobierno-de-sonora-a-personas-adultas-mayores-con-reconocimiento-sahuaro\/","og_site_name":"Sonora en Equipo.","article_publisher":"https:\/\/www.facebook.com\/SonoraEE\/","article_author":"https:\/\/www.facebook.com\/SonoraEE","article_published_time":"2023-07-29T06:42:33+00:00","article_modified_time":"2023-07-29T20:52:18+00:00","og_image":[{"width":900,"height":474,"url":"https:\/\/www.sonoraenequipo.com.mx\/storage\/2023\/07\/premiara-gob-de-sonora-a-personas-adultas-mayores...-min.jpg","type":"image\/jpeg"}],"author":"enequipo","twitter_card":"summary_large_image","twitter_creator":"@sonoraenequipo","twitter_site":"@sonoraenequipo","twitter_misc":{"Escrito por":"enequipo","Tiempo de lectura":"2 minutos"},"schema":{"@context":"https:\/\/schema.org","@graph":[{"@type":"Article","@id":"https:\/\/www.sonoraenequipo.com.mx\/premiara-gobierno-de-sonora-a-personas-adultas-mayores-con-reconocimiento-sahuaro\/#article","isPartOf":{"@id":"https:\/\/www.sonoraenequipo.com.mx\/premiara-gobierno-de-sonora-a-personas-adultas-mayores-con-reconocimiento-sahuaro\/"},"author":{"name":"enequipo","@id":"https:\/\/www.sonoraenequipo.com.mx\/#\/schema\/person\/50102df0fb23a8fa9e8effad8fa81386"},"headline":"Premiar\u00e1 Gobierno de Sonora a personas adultas mayores con Reconocimiento Sahuaro","datePublished":"2023-07-29T06:42:33+00:00","dateModified":"2023-07-29T20:52:18+00:00","mainEntityOfPage":{"@id":"https:\/\/www.sonoraenequipo.com.mx\/premiara-gobierno-de-sonora-a-personas-adultas-mayores-con-reconocimiento-sahuaro\/"},"wordCount":412,"commentCount":0,"publisher":{"@id":"https:\/\/www.sonoraenequipo.com.mx\/#organization"},"image":{"@id":"https:\/\/www.sonoraenequipo.com.mx\/premiara-gobierno-de-sonora-a-personas-adultas-mayores-con-reconocimiento-sahuaro\/#primaryimage"},"thumbnailUrl":"https:\/\/www.sonoraenequipo.com.mx\/storage\/2023\/07\/premiara-gob-de-sonora-a-personas-adultas-mayores...-min.jpg","articleSection":["Sonora"],"inLanguage":"es","potentialAction":[{"@type":"CommentAction","name":"Comment","target":["https:\/\/www.sonoraenequipo.com.mx\/premiara-gobierno-de-sonora-a-personas-adultas-mayores-con-reconocimiento-sahuaro\/#respond"]}]},{"@type":"WebPage","@id":"https:\/\/www.sonoraenequipo.com.mx\/premiara-gobierno-de-sonora-a-personas-adultas-mayores-con-reconocimiento-sahuaro\/","url":"https:\/\/www.sonoraenequipo.com.mx\/premiara-gobierno-de-sonora-a-personas-adultas-mayores-con-reconocimiento-sahuaro\/","name":"Sonora en Equipo. Premiar\u00e1 Gobierno de Sonora a personas adultas mayores con Reconocimiento Sahuaro Sonora","isPartOf":{"@id":"https:\/\/www.sonoraenequipo.com.mx\/#website"},"primaryImageOfPage":{"@id":"https:\/\/www.sonoraenequipo.com.mx\/premiara-gobierno-de-sonora-a-personas-adultas-mayores-con-reconocimiento-sahuaro\/#primaryimage"},"image":{"@id":"https:\/\/www.sonoraenequipo.com.mx\/premiara-gobierno-de-sonora-a-personas-adultas-mayores-con-reconocimiento-sahuaro\/#primaryimage"},"thumbnailUrl":"https:\/\/www.sonoraenequipo.com.mx\/storage\/2023\/07\/premiara-gob-de-sonora-a-personas-adultas-mayores...-min.jpg","datePublished":"2023-07-29T06:42:33+00:00","dateModified":"2023-07-29T20:52:18+00:00","description":"HERMOSILLO, SONORA. MX. \u2014\u00a0 Mujeres y hombres mayores de 60 a\u00f1os, que en su trayectoria de vida hayan realizado alguna labor destacada en beneficio de las En Sonora en Equipo publicamos toda la informaci\u00f3n de Sonora, M\u00e9xico y el Mundo de manera oportuna y busca que la libertad de expresi\u00f3n sea real. Visita nuestro medio informativo publicado desde Hermosillo, Sonora. %","breadcrumb":{"@id":"https:\/\/www.sonoraenequipo.com.mx\/premiara-gobierno-de-sonora-a-personas-adultas-mayores-con-reconocimiento-sahuaro\/#breadcrumb"},"inLanguage":"es","potentialAction":[{"@type":"ReadAction","target":["https:\/\/www.sonoraenequipo.com.mx\/premiara-gobierno-de-sonora-a-personas-adultas-mayores-con-reconocimiento-sahuaro\/"]}]},{"@type":"ImageObject","inLanguage":"es","@id":"https:\/\/www.sonoraenequipo.com.mx\/premiara-gobierno-de-sonora-a-personas-adultas-mayores-con-reconocimiento-sahuaro\/#primaryimage","url":"https:\/\/www.sonoraenequipo.com.mx\/storage\/2023\/07\/premiara-gob-de-sonora-a-personas-adultas-mayores...-min.jpg","contentUrl":"https:\/\/www.sonoraenequipo.com.mx\/storage\/2023\/07\/premiara-gob-de-sonora-a-personas-adultas-mayores...-min.jpg","width":900,"height":474},{"@type":"BreadcrumbList","@id":"https:\/\/www.sonoraenequipo.com.mx\/premiara-gobierno-de-sonora-a-personas-adultas-mayores-con-reconocimiento-sahuaro\/#breadcrumb","itemListElement":[{"@type":"ListItem","position":1,"name":"Portada","item":"https:\/\/www.sonoraenequipo.com.mx\/"},{"@type":"ListItem","position":2,"name":"Premiar\u00e1 Gobierno de Sonora a personas adultas mayores con Reconocimiento Sahuaro"}]},{"@type":"WebSite","@id":"https:\/\/www.sonoraenequipo.com.mx\/#website","url":"https:\/\/www.sonoraenequipo.com.mx\/","name":"Sonora en Equipo.","description":"Diario en l\u00ednea con Noticias desde Hermosillo, Sonora","publisher":{"@id":"https:\/\/www.sonoraenequipo.com.mx\/#organization"},"potentialAction":[{"@type":"SearchAction","target":{"@type":"EntryPoint","urlTemplate":"https:\/\/www.sonoraenequipo.com.mx\/?s={search_term_string}"},"query-input":{"@type":"PropertyValueSpecification","valueRequired":true,"valueName":"search_term_string"}}],"inLanguage":"es"},{"@type":"Organization","@id":"https:\/\/www.sonoraenequipo.com.mx\/#organization","name":"Sonoraenequipo.com.mx","url":"https:\/\/www.sonoraenequipo.com.mx\/","logo":{"@type":"ImageObject","inLanguage":"es","@id":"https:\/\/www.sonoraenequipo.com.mx\/#\/schema\/logo\/image\/","url":"https:\/\/www.sonoraenequipo.com.mx\/storage\/2019\/01\/sonoraenequipo_opt.png","contentUrl":"https:\/\/www.sonoraenequipo.com.mx\/storage\/2019\/01\/sonoraenequipo_opt.png","width":375,"height":125,"caption":"Sonoraenequipo.com.mx"},"image":{"@id":"https:\/\/www.sonoraenequipo.com.mx\/#\/schema\/logo\/image\/"},"sameAs":["https:\/\/www.facebook.com\/SonoraEE\/","https:\/\/x.com\/sonoraenequipo","https:\/\/www.youtube.com\/channel\/UC338nW-lPEYmJQs4ZABQ1SQ"]},{"@type":"Person","@id":"https:\/\/www.sonoraenequipo.com.mx\/#\/schema\/person\/50102df0fb23a8fa9e8effad8fa81386","name":"enequipo","image":{"@type":"ImageObject","inLanguage":"es","@id":"https:\/\/www.sonoraenequipo.com.mx\/#\/schema\/person\/image\/","url":"https:\/\/secure.gravatar.com\/avatar\/049821681b589dabc0bc20695993ccebb09f5b5d4d790cd9251b97faac7c652b?s=96&d=blank&r=g","contentUrl":"https:\/\/secure.gravatar.com\/avatar\/049821681b589dabc0bc20695993ccebb09f5b5d4d790cd9251b97faac7c652b?s=96&d=blank&r=g","caption":"enequipo"},"sameAs":["https:\/\/www.facebook.com\/SonoraEE"]}]}},"jetpack_featured_media_url":"https:\/\/www.sonoraenequipo.com.mx\/storage\/2023\/07\/premiara-gob-de-sonora-a-personas-adultas-mayores...-min.jpg","_links":{"self":[{"href":"https:\/\/www.sonoraenequipo.com.mx\/api\/wp\/v2\/posts\/171405","targetHints":{"allow":["GET"]}}],"collection":[{"href":"https:\/\/www.sonoraenequipo.com.mx\/api\/wp\/v2\/posts"}],"about":[{"href":"https:\/\/www.sonoraenequipo.com.mx\/api\/wp\/v2\/types\/post"}],"author":[{"embeddable":true,"href":"https:\/\/www.sonoraenequipo.com.mx\/api\/wp\/v2\/users\/1"}],"replies":[{"embeddable":true,"href":"https:\/\/www.sonoraenequipo.com.mx\/api\/wp\/v2\/comments?post=171405"}],"version-history":[{"count":1,"href":"https:\/\/www.sonoraenequipo.com.mx\/api\/wp\/v2\/posts\/171405\/revisions"}],"predecessor-version":[{"id":171407,"href":"https:\/\/www.sonoraenequipo.com.mx\/api\/wp\/v2\/posts\/171405\/revisions\/171407"}],"wp:featuredmedia":[{"embeddable":true,"href":"https:\/\/www.sonoraenequipo.com.mx\/api\/wp\/v2\/media\/171406"}],"wp:attachment":[{"href":"https:\/\/www.sonoraenequipo.com.mx\/api\/wp\/v2\/media?parent=171405"}],"wp:term":[{"taxonomy":"category","embeddable":true,"href":"https:\/\/www.sonoraenequipo.com.mx\/api\/wp\/v2\/categories?post=171405"},{"taxonomy":"post_tag","embeddable":true,"href":"https:\/\/www.sonoraenequipo.com.mx\/api\/wp\/v2\/tags?post=171405"}],"curies":[{"name":"wp","href":"https:\/\/api.w.org\/{rel}","templated":true}]}}