{"id":171421,"date":"2023-07-29T13:17:48","date_gmt":"2023-07-29T20:17:48","guid":{"rendered":"https:\/\/www.sonoraenequipo.com.mx\/?p=171421"},"modified":"2023-07-29T13:17:48","modified_gmt":"2023-07-29T20:17:48","slug":"hipertension-en-adolescentes-casos-de-dificil-diagnostico","status":"publish","type":"post","link":"https:\/\/www.sonoraenequipo.com.mx\/hipertension-en-adolescentes-casos-de-dificil-diagnostico\/","title":{"rendered":"Hipertensi\u00f3n en adolescentes casos de dif\u00edcil diagn\u00f3stico"},"content":{"rendered":"<p>La serie de Casos Cl\u00ednicos presenta enfermedades dif\u00edciles de diagnosticar, algunas de las cuales la mayor\u00eda de los m\u00e9dicos ver\u00e1 con poca frecuencia, pero que es importante reconocer con precisi\u00f3n. Tambi\u00e9n se presentan casos de inter\u00e9s para los cl\u00ednicos con datos clave para identificar en la exploraci\u00f3n f\u00edsica y abordaje diagn\u00f3stico. Ponga a prueba sus habilidades diagn\u00f3sticas y terap\u00e9uticas con este caso cl\u00ednico y las preguntas correspondientes. Si tiene alg\u00fan caso cl\u00ednico que le gustar\u00eda proponer para esta secci\u00f3n, por favor p\u00f3ngase en contacto con nosotros .<\/p>\n<p>&nbsp;<\/p>\n<p>Historia cl\u00ednica<\/p>\n<p>Paciente masculino de 14 a\u00f1os sin antecedentes personales patol\u00f3gicos importantes presenta una cefalea que empeora desde hace 2 d\u00edas. Sus padres refieren que empez\u00f3 a quejarse de dolor de cabeza el d\u00eda anterior, cuando volvi\u00f3 a casa de la escuela; recibi\u00f3 ibuprofeno, que pareci\u00f3 ayudarle a dormir. Sin embargo, hoy le ha vuelto a doler la cabeza y ha estado sudoroso y con rubefacci\u00f3n. Sus padres pensaron que pod\u00eda estar presentando migra\u00f1as porque tambi\u00e9n se quejaba de visi\u00f3n borrosa, n\u00e1usea y mareos. El padre del paciente tiene antecedentes de migra\u00f1as. El paciente ha tenido dolores de cabeza similares en los \u00faltimos meses.<\/p>\n<p>&nbsp;<\/p>\n<p>En la escuela el paciente ha tenido problemas de comportamiento y menos rendimiento en las tareas durante los \u00faltimos meses. A sus padres les preocupa que el estr\u00e9s pueda estar desencadenando el dolor de cabeza o la migra\u00f1a, debido a m\u00faltiples factores estresantes, entre ellos, la reciente evaluaci\u00f3n del ni\u00f1o por trastorno por d\u00e9ficit de atenci\u00f3n\/hiperactividad. Tambi\u00e9n ha tenido dolor abdominal con algunas deposiciones m\u00e1s blandas. Sus padres no refieren fiebre ni aumento o p\u00e9rdida significativa de peso.<\/p>\n<p>&nbsp;<\/p>\n<p>El paciente no tiene antecedentes personales patol\u00f3gicos ni quir\u00fargicos. Toma ibuprofeno cuando lo necesita. Sus antecedentes familiares comprenden migra\u00f1as de su padre; su madre tiene tiroiditis de Hashimoto y se le est\u00e1 evaluando por posible c\u00e1ncer de ri\u00f1\u00f3n. Su abuelo materno falleci\u00f3 de un ictus a los 30 a\u00f1os. Con sus padres fuera de la sala de exploraci\u00f3n el ni\u00f1o niega haber consumido drogas il\u00edcitas.<\/p>\n<p><strong>Fecha de publicaci\u00f3n\u00a0 s\u00e1bado 29 de julio de 2023\/ Medscape<\/strong><\/p>\n<p><strong>Ver nota completa: \u00a0<a href=\"https:\/\/shorturl.at\/ctT26\">https:\/\/shorturl.at\/ctT26<\/a><\/strong><\/p>\n","protected":false},"excerpt":{"rendered":"<p>La serie de Casos Cl\u00ednicos presenta enfermedades dif\u00edciles de diagnosticar, algunas de las cuales la&#8230;<\/p>\n","protected":false},"author":1,"featured_media":171422,"comment_status":"open","ping_status":"open","sticky":false,"template":"","format":"standard","meta":{"_monsterinsights_skip_tracking":false,"_monsterinsights_sitenote_active":false,"_monsterinsights_sitenote_note":"","_monsterinsights_sitenote_category":0,"footnotes":""},"categories":[2216],"tags":[7632,8770,5718],"class_list":["post"],"yoast_head":" \n<title>Sonora en Equipo. Hipertensi\u00f3n en adolescentes casos de dif\u00edcil diagn\u00f3stico Ciencia y Tecnolog\u00eda<\/title>\n<meta name=\"description\" content=\"La serie de Casos Cl\u00ednicos presenta enfermedades dif\u00edciles de diagnosticar, algunas de las cuales la mayor\u00eda de los m\u00e9dicos ver\u00e1 con poca frecuencia, pero En Sonora en Equipo publicamos toda la informaci\u00f3n de Sonora, M\u00e9xico y el Mundo de manera oportuna y busca que la libertad de expresi\u00f3n sea real. Visita nuestro medio informativo publicado desde Hermosillo, Sonora. %\" \/>\n<meta name=\"robots\" content=\"index, follow, max-snippet:-1, max-image-preview:large, max-video-preview:-1\" \/>\n<link rel=\"canonical\" href=\"https:\/\/www.sonoraenequipo.com.mx\/hipertension-en-adolescentes-casos-de-dificil-diagnostico\/\" \/>\n<meta property=\"og:locale\" content=\"es_ES\" \/>\n<meta property=\"og:type\" content=\"article\" \/>\n<meta property=\"og:title\" content=\"Sonora en Equipo. Hipertensi\u00f3n en adolescentes casos de dif\u00edcil diagn\u00f3stico Ciencia y Tecnolog\u00eda\" \/>\n<meta property=\"og:description\" content=\"La serie de Casos Cl\u00ednicos presenta enfermedades dif\u00edciles de diagnosticar, algunas de las cuales la mayor\u00eda de los m\u00e9dicos ver\u00e1 con poca frecuencia, pero En Sonora en Equipo publicamos toda la informaci\u00f3n de Sonora, M\u00e9xico y el Mundo de manera oportuna y busca que la libertad de expresi\u00f3n sea real. Visita nuestro medio informativo publicado desde Hermosillo, Sonora. %\" \/>\n<meta property=\"og:url\" content=\"https:\/\/www.sonoraenequipo.com.mx\/hipertension-en-adolescentes-casos-de-dificil-diagnostico\/\" \/>\n<meta property=\"og:site_name\" content=\"Sonora en Equipo.\" \/>\n<meta property=\"article:publisher\" content=\"https:\/\/www.facebook.com\/SonoraEE\/\" \/>\n<meta property=\"article:author\" content=\"https:\/\/www.facebook.com\/SonoraEE\" \/>\n<meta property=\"article:published_time\" content=\"2023-07-29T20:17:48+00:00\" \/>\n<meta property=\"og:image\" content=\"https:\/\/www.sonoraenequipo.com.mx\/storage\/2023\/07\/tomografia-cerebro.jpg\" \/>\n\t<meta property=\"og:image:width\" content=\"600\" \/>\n\t<meta property=\"og:image:height\" content=\"400\" \/>\n\t<meta property=\"og:image:type\" content=\"image\/jpeg\" \/>\n<meta name=\"author\" content=\"enequipo\" \/>\n<meta name=\"twitter:card\" content=\"summary_large_image\" \/>\n<meta name=\"twitter:creator\" content=\"@sonoraenequipo\" \/>\n<meta name=\"twitter:site\" content=\"@sonoraenequipo\" \/>\n<meta name=\"twitter:label1\" content=\"Escrito por\" \/>\n\t<meta name=\"twitter:data1\" content=\"enequipo\" \/>\n\t<meta name=\"twitter:label2\" content=\"Tiempo de lectura\" \/>\n\t<meta name=\"twitter:data2\" content=\"2 minutos\" \/>\n<script type=\"application\/ld+json\" class=\"yoast-schema-graph\">{\"@context\":\"https:\/\/schema.org\",\"@graph\":[{\"@type\":\"Article\",\"@id\":\"https:\/\/www.sonoraenequipo.com.mx\/hipertension-en-adolescentes-casos-de-dificil-diagnostico\/#article\",\"isPartOf\":{\"@id\":\"https:\/\/www.sonoraenequipo.com.mx\/hipertension-en-adolescentes-casos-de-dificil-diagnostico\/\"},\"author\":{\"name\":\"enequipo\",\"@id\":\"https:\/\/www.sonoraenequipo.com.mx\/#\/schema\/person\/50102df0fb23a8fa9e8effad8fa81386\"},\"headline\":\"Hipertensi\u00f3n en adolescentes casos de dif\u00edcil diagn\u00f3stico\",\"datePublished\":\"2023-07-29T20:17:48+00:00\",\"mainEntityOfPage\":{\"@id\":\"https:\/\/www.sonoraenequipo.com.mx\/hipertension-en-adolescentes-casos-de-dificil-diagnostico\/\"},\"wordCount\":411,\"commentCount\":0,\"publisher\":{\"@id\":\"https:\/\/www.sonoraenequipo.com.mx\/#organization\"},\"image\":{\"@id\":\"https:\/\/www.sonoraenequipo.com.mx\/hipertension-en-adolescentes-casos-de-dificil-diagnostico\/#primaryimage\"},\"thumbnailUrl\":\"https:\/\/www.sonoraenequipo.com.mx\/storage\/2023\/07\/tomografia-cerebro.jpg\",\"keywords\":[\"adolescentes\",\"hi\",\"hipertension\"],\"articleSection\":[\"Ciencia y Tecnolog\u00eda\"],\"inLanguage\":\"es\",\"potentialAction\":[{\"@type\":\"CommentAction\",\"name\":\"Comment\",\"target\":[\"https:\/\/www.sonoraenequipo.com.mx\/hipertension-en-adolescentes-casos-de-dificil-diagnostico\/#respond\"]}]},{\"@type\":\"WebPage\",\"@id\":\"https:\/\/www.sonoraenequipo.com.mx\/hipertension-en-adolescentes-casos-de-dificil-diagnostico\/\",\"url\":\"https:\/\/www.sonoraenequipo.com.mx\/hipertension-en-adolescentes-casos-de-dificil-diagnostico\/\",\"name\":\"Sonora en Equipo. Hipertensi\u00f3n en adolescentes casos de dif\u00edcil diagn\u00f3stico Ciencia y Tecnolog\u00eda\",\"isPartOf\":{\"@id\":\"https:\/\/www.sonoraenequipo.com.mx\/#website\"},\"primaryImageOfPage\":{\"@id\":\"https:\/\/www.sonoraenequipo.com.mx\/hipertension-en-adolescentes-casos-de-dificil-diagnostico\/#primaryimage\"},\"image\":{\"@id\":\"https:\/\/www.sonoraenequipo.com.mx\/hipertension-en-adolescentes-casos-de-dificil-diagnostico\/#primaryimage\"},\"thumbnailUrl\":\"https:\/\/www.sonoraenequipo.com.mx\/storage\/2023\/07\/tomografia-cerebro.jpg\",\"datePublished\":\"2023-07-29T20:17:48+00:00\",\"description\":\"La serie de Casos Cl\u00ednicos presenta enfermedades dif\u00edciles de diagnosticar, algunas de las cuales la mayor\u00eda de los m\u00e9dicos ver\u00e1 con poca frecuencia, pero En Sonora en Equipo publicamos toda la informaci\u00f3n de Sonora, M\u00e9xico y el Mundo de manera oportuna y busca que la libertad de expresi\u00f3n sea real. Visita nuestro medio informativo publicado desde Hermosillo, Sonora. %\",\"breadcrumb\":{\"@id\":\"https:\/\/www.sonoraenequipo.com.mx\/hipertension-en-adolescentes-casos-de-dificil-diagnostico\/#breadcrumb\"},\"inLanguage\":\"es\",\"potentialAction\":[{\"@type\":\"ReadAction\",\"target\":[\"https:\/\/www.sonoraenequipo.com.mx\/hipertension-en-adolescentes-casos-de-dificil-diagnostico\/\"]}]},{\"@type\":\"ImageObject\",\"inLanguage\":\"es\",\"@id\":\"https:\/\/www.sonoraenequipo.com.mx\/hipertension-en-adolescentes-casos-de-dificil-diagnostico\/#primaryimage\",\"url\":\"https:\/\/www.sonoraenequipo.com.mx\/storage\/2023\/07\/tomografia-cerebro.jpg\",\"contentUrl\":\"https:\/\/www.sonoraenequipo.com.mx\/storage\/2023\/07\/tomografia-cerebro.jpg\",\"width\":600,\"height\":400},{\"@type\":\"BreadcrumbList\",\"@id\":\"https:\/\/www.sonoraenequipo.com.mx\/hipertension-en-adolescentes-casos-de-dificil-diagnostico\/#breadcrumb\",\"itemListElement\":[{\"@type\":\"ListItem\",\"position\":1,\"name\":\"Portada\",\"item\":\"https:\/\/www.sonoraenequipo.com.mx\/\"},{\"@type\":\"ListItem\",\"position\":2,\"name\":\"Hipertensi\u00f3n en adolescentes casos de dif\u00edcil diagn\u00f3stico\"}]},{\"@type\":\"WebSite\",\"@id\":\"https:\/\/www.sonoraenequipo.com.mx\/#website\",\"url\":\"https:\/\/www.sonoraenequipo.com.mx\/\",\"name\":\"Sonora en Equipo.\",\"description\":\"Diario en l\u00ednea con Noticias desde Hermosillo, Sonora\",\"publisher\":{\"@id\":\"https:\/\/www.sonoraenequipo.com.mx\/#organization\"},\"potentialAction\":[{\"@type\":\"SearchAction\",\"target\":{\"@type\":\"EntryPoint\",\"urlTemplate\":\"https:\/\/www.sonoraenequipo.com.mx\/?s={search_term_string}\"},\"query-input\":{\"@type\":\"PropertyValueSpecification\",\"valueRequired\":true,\"valueName\":\"search_term_string\"}}],\"inLanguage\":\"es\"},{\"@type\":\"Organization\",\"@id\":\"https:\/\/www.sonoraenequipo.com.mx\/#organization\",\"name\":\"Sonoraenequipo.com.mx\",\"url\":\"https:\/\/www.sonoraenequipo.com.mx\/\",\"logo\":{\"@type\":\"ImageObject\",\"inLanguage\":\"es\",\"@id\":\"https:\/\/www.sonoraenequipo.com.mx\/#\/schema\/logo\/image\/\",\"url\":\"https:\/\/www.sonoraenequipo.com.mx\/storage\/2019\/01\/sonoraenequipo_opt.png\",\"contentUrl\":\"https:\/\/www.sonoraenequipo.com.mx\/storage\/2019\/01\/sonoraenequipo_opt.png\",\"width\":375,\"height\":125,\"caption\":\"Sonoraenequipo.com.mx\"},\"image\":{\"@id\":\"https:\/\/www.sonoraenequipo.com.mx\/#\/schema\/logo\/image\/\"},\"sameAs\":[\"https:\/\/www.facebook.com\/SonoraEE\/\",\"https:\/\/x.com\/sonoraenequipo\",\"https:\/\/www.youtube.com\/channel\/UC338nW-lPEYmJQs4ZABQ1SQ\"]},{\"@type\":\"Person\",\"@id\":\"https:\/\/www.sonoraenequipo.com.mx\/#\/schema\/person\/50102df0fb23a8fa9e8effad8fa81386\",\"name\":\"enequipo\",\"image\":{\"@type\":\"ImageObject\",\"inLanguage\":\"es\",\"@id\":\"https:\/\/www.sonoraenequipo.com.mx\/#\/schema\/person\/image\/\",\"url\":\"https:\/\/secure.gravatar.com\/avatar\/049821681b589dabc0bc20695993ccebb09f5b5d4d790cd9251b97faac7c652b?s=96&d=blank&r=g\",\"contentUrl\":\"https:\/\/secure.gravatar.com\/avatar\/049821681b589dabc0bc20695993ccebb09f5b5d4d790cd9251b97faac7c652b?s=96&d=blank&r=g\",\"caption\":\"enequipo\"},\"sameAs\":[\"https:\/\/www.facebook.com\/SonoraEE\"]}]}<\/script>\n ","yoast_head_json":{"title":"Sonora en Equipo. Hipertensi\u00f3n en adolescentes casos de dif\u00edcil diagn\u00f3stico Ciencia y Tecnolog\u00eda","description":"La serie de Casos Cl\u00ednicos presenta enfermedades dif\u00edciles de diagnosticar, algunas de las cuales la mayor\u00eda de los m\u00e9dicos ver\u00e1 con poca frecuencia, pero En Sonora en Equipo publicamos toda la informaci\u00f3n de Sonora, M\u00e9xico y el Mundo de manera oportuna y busca que la libertad de expresi\u00f3n sea real. Visita nuestro medio informativo publicado desde Hermosillo, Sonora. %","robots":{"index":"index","follow":"follow","max-snippet":"max-snippet:-1","max-image-preview":"max-image-preview:large","max-video-preview":"max-video-preview:-1"},"canonical":"https:\/\/www.sonoraenequipo.com.mx\/hipertension-en-adolescentes-casos-de-dificil-diagnostico\/","og_locale":"es_ES","og_type":"article","og_title":"Sonora en Equipo. Hipertensi\u00f3n en adolescentes casos de dif\u00edcil diagn\u00f3stico Ciencia y Tecnolog\u00eda","og_description":"La serie de Casos Cl\u00ednicos presenta enfermedades dif\u00edciles de diagnosticar, algunas de las cuales la mayor\u00eda de los m\u00e9dicos ver\u00e1 con poca frecuencia, pero En Sonora en Equipo publicamos toda la informaci\u00f3n de Sonora, M\u00e9xico y el Mundo de manera oportuna y busca que la libertad de expresi\u00f3n sea real. Visita nuestro medio informativo publicado desde Hermosillo, Sonora. %","og_url":"https:\/\/www.sonoraenequipo.com.mx\/hipertension-en-adolescentes-casos-de-dificil-diagnostico\/","og_site_name":"Sonora en Equipo.","article_publisher":"https:\/\/www.facebook.com\/SonoraEE\/","article_author":"https:\/\/www.facebook.com\/SonoraEE","article_published_time":"2023-07-29T20:17:48+00:00","og_image":[{"width":600,"height":400,"url":"https:\/\/www.sonoraenequipo.com.mx\/storage\/2023\/07\/tomografia-cerebro.jpg","type":"image\/jpeg"}],"author":"enequipo","twitter_card":"summary_large_image","twitter_creator":"@sonoraenequipo","twitter_site":"@sonoraenequipo","twitter_misc":{"Escrito por":"enequipo","Tiempo de lectura":"2 minutos"},"schema":{"@context":"https:\/\/schema.org","@graph":[{"@type":"Article","@id":"https:\/\/www.sonoraenequipo.com.mx\/hipertension-en-adolescentes-casos-de-dificil-diagnostico\/#article","isPartOf":{"@id":"https:\/\/www.sonoraenequipo.com.mx\/hipertension-en-adolescentes-casos-de-dificil-diagnostico\/"},"author":{"name":"enequipo","@id":"https:\/\/www.sonoraenequipo.com.mx\/#\/schema\/person\/50102df0fb23a8fa9e8effad8fa81386"},"headline":"Hipertensi\u00f3n en adolescentes casos de dif\u00edcil diagn\u00f3stico","datePublished":"2023-07-29T20:17:48+00:00","mainEntityOfPage":{"@id":"https:\/\/www.sonoraenequipo.com.mx\/hipertension-en-adolescentes-casos-de-dificil-diagnostico\/"},"wordCount":411,"commentCount":0,"publisher":{"@id":"https:\/\/www.sonoraenequipo.com.mx\/#organization"},"image":{"@id":"https:\/\/www.sonoraenequipo.com.mx\/hipertension-en-adolescentes-casos-de-dificil-diagnostico\/#primaryimage"},"thumbnailUrl":"https:\/\/www.sonoraenequipo.com.mx\/storage\/2023\/07\/tomografia-cerebro.jpg","keywords":["adolescentes","hi","hipertension"],"articleSection":["Ciencia y Tecnolog\u00eda"],"inLanguage":"es","potentialAction":[{"@type":"CommentAction","name":"Comment","target":["https:\/\/www.sonoraenequipo.com.mx\/hipertension-en-adolescentes-casos-de-dificil-diagnostico\/#respond"]}]},{"@type":"WebPage","@id":"https:\/\/www.sonoraenequipo.com.mx\/hipertension-en-adolescentes-casos-de-dificil-diagnostico\/","url":"https:\/\/www.sonoraenequipo.com.mx\/hipertension-en-adolescentes-casos-de-dificil-diagnostico\/","name":"Sonora en Equipo. Hipertensi\u00f3n en adolescentes casos de dif\u00edcil diagn\u00f3stico Ciencia y Tecnolog\u00eda","isPartOf":{"@id":"https:\/\/www.sonoraenequipo.com.mx\/#website"},"primaryImageOfPage":{"@id":"https:\/\/www.sonoraenequipo.com.mx\/hipertension-en-adolescentes-casos-de-dificil-diagnostico\/#primaryimage"},"image":{"@id":"https:\/\/www.sonoraenequipo.com.mx\/hipertension-en-adolescentes-casos-de-dificil-diagnostico\/#primaryimage"},"thumbnailUrl":"https:\/\/www.sonoraenequipo.com.mx\/storage\/2023\/07\/tomografia-cerebro.jpg","datePublished":"2023-07-29T20:17:48+00:00","description":"La serie de Casos Cl\u00ednicos presenta enfermedades dif\u00edciles de diagnosticar, algunas de las cuales la mayor\u00eda de los m\u00e9dicos ver\u00e1 con poca frecuencia, pero En Sonora en Equipo publicamos toda la informaci\u00f3n de Sonora, M\u00e9xico y el Mundo de manera oportuna y busca que la libertad de expresi\u00f3n sea real. Visita nuestro medio informativo publicado desde Hermosillo, Sonora. %","breadcrumb":{"@id":"https:\/\/www.sonoraenequipo.com.mx\/hipertension-en-adolescentes-casos-de-dificil-diagnostico\/#breadcrumb"},"inLanguage":"es","potentialAction":[{"@type":"ReadAction","target":["https:\/\/www.sonoraenequipo.com.mx\/hipertension-en-adolescentes-casos-de-dificil-diagnostico\/"]}]},{"@type":"ImageObject","inLanguage":"es","@id":"https:\/\/www.sonoraenequipo.com.mx\/hipertension-en-adolescentes-casos-de-dificil-diagnostico\/#primaryimage","url":"https:\/\/www.sonoraenequipo.com.mx\/storage\/2023\/07\/tomografia-cerebro.jpg","contentUrl":"https:\/\/www.sonoraenequipo.com.mx\/storage\/2023\/07\/tomografia-cerebro.jpg","width":600,"height":400},{"@type":"BreadcrumbList","@id":"https:\/\/www.sonoraenequipo.com.mx\/hipertension-en-adolescentes-casos-de-dificil-diagnostico\/#breadcrumb","itemListElement":[{"@type":"ListItem","position":1,"name":"Portada","item":"https:\/\/www.sonoraenequipo.com.mx\/"},{"@type":"ListItem","position":2,"name":"Hipertensi\u00f3n en adolescentes casos de dif\u00edcil diagn\u00f3stico"}]},{"@type":"WebSite","@id":"https:\/\/www.sonoraenequipo.com.mx\/#website","url":"https:\/\/www.sonoraenequipo.com.mx\/","name":"Sonora en Equipo.","description":"Diario en l\u00ednea con Noticias desde Hermosillo, Sonora","publisher":{"@id":"https:\/\/www.sonoraenequipo.com.mx\/#organization"},"potentialAction":[{"@type":"SearchAction","target":{"@type":"EntryPoint","urlTemplate":"https:\/\/www.sonoraenequipo.com.mx\/?s={search_term_string}"},"query-input":{"@type":"PropertyValueSpecification","valueRequired":true,"valueName":"search_term_string"}}],"inLanguage":"es"},{"@type":"Organization","@id":"https:\/\/www.sonoraenequipo.com.mx\/#organization","name":"Sonoraenequipo.com.mx","url":"https:\/\/www.sonoraenequipo.com.mx\/","logo":{"@type":"ImageObject","inLanguage":"es","@id":"https:\/\/www.sonoraenequipo.com.mx\/#\/schema\/logo\/image\/","url":"https:\/\/www.sonoraenequipo.com.mx\/storage\/2019\/01\/sonoraenequipo_opt.png","contentUrl":"https:\/\/www.sonoraenequipo.com.mx\/storage\/2019\/01\/sonoraenequipo_opt.png","width":375,"height":125,"caption":"Sonoraenequipo.com.mx"},"image":{"@id":"https:\/\/www.sonoraenequipo.com.mx\/#\/schema\/logo\/image\/"},"sameAs":["https:\/\/www.facebook.com\/SonoraEE\/","https:\/\/x.com\/sonoraenequipo","https:\/\/www.youtube.com\/channel\/UC338nW-lPEYmJQs4ZABQ1SQ"]},{"@type":"Person","@id":"https:\/\/www.sonoraenequipo.com.mx\/#\/schema\/person\/50102df0fb23a8fa9e8effad8fa81386","name":"enequipo","image":{"@type":"ImageObject","inLanguage":"es","@id":"https:\/\/www.sonoraenequipo.com.mx\/#\/schema\/person\/image\/","url":"https:\/\/secure.gravatar.com\/avatar\/049821681b589dabc0bc20695993ccebb09f5b5d4d790cd9251b97faac7c652b?s=96&d=blank&r=g","contentUrl":"https:\/\/secure.gravatar.com\/avatar\/049821681b589dabc0bc20695993ccebb09f5b5d4d790cd9251b97faac7c652b?s=96&d=blank&r=g","caption":"enequipo"},"sameAs":["https:\/\/www.facebook.com\/SonoraEE"]}]}},"jetpack_featured_media_url":"https:\/\/www.sonoraenequipo.com.mx\/storage\/2023\/07\/tomografia-cerebro.jpg","_links":{"self":[{"href":"https:\/\/www.sonoraenequipo.com.mx\/api\/wp\/v2\/posts\/171421","targetHints":{"allow":["GET"]}}],"collection":[{"href":"https:\/\/www.sonoraenequipo.com.mx\/api\/wp\/v2\/posts"}],"about":[{"href":"https:\/\/www.sonoraenequipo.com.mx\/api\/wp\/v2\/types\/post"}],"author":[{"embeddable":true,"href":"https:\/\/www.sonoraenequipo.com.mx\/api\/wp\/v2\/users\/1"}],"replies":[{"embeddable":true,"href":"https:\/\/www.sonoraenequipo.com.mx\/api\/wp\/v2\/comments?post=171421"}],"version-history":[{"count":1,"href":"https:\/\/www.sonoraenequipo.com.mx\/api\/wp\/v2\/posts\/171421\/revisions"}],"predecessor-version":[{"id":171423,"href":"https:\/\/www.sonoraenequipo.com.mx\/api\/wp\/v2\/posts\/171421\/revisions\/171423"}],"wp:featuredmedia":[{"embeddable":true,"href":"https:\/\/www.sonoraenequipo.com.mx\/api\/wp\/v2\/media\/171422"}],"wp:attachment":[{"href":"https:\/\/www.sonoraenequipo.com.mx\/api\/wp\/v2\/media?parent=171421"}],"wp:term":[{"taxonomy":"category","embeddable":true,"href":"https:\/\/www.sonoraenequipo.com.mx\/api\/wp\/v2\/categories?post=171421"},{"taxonomy":"post_tag","embeddable":true,"href":"https:\/\/www.sonoraenequipo.com.mx\/api\/wp\/v2\/tags?post=171421"}],"curies":[{"name":"wp","href":"https:\/\/api.w.org\/{rel}","templated":true}]}}