{"id":171424,"date":"2023-07-29T13:32:21","date_gmt":"2023-07-29T20:32:21","guid":{"rendered":"https:\/\/www.sonoraenequipo.com.mx\/?p=171424"},"modified":"2023-07-29T13:32:21","modified_gmt":"2023-07-29T20:32:21","slug":"inicia-fiscalia-acciones-contra-presuntos-homicidas-en-guaymas","status":"publish","type":"post","link":"https:\/\/www.sonoraenequipo.com.mx\/inicia-fiscalia-acciones-contra-presuntos-homicidas-en-guaymas\/","title":{"rendered":"Inicia Fiscal\u00eda acciones contra presuntos homicidas en Guaymas"},"content":{"rendered":"<p>&nbsp;<\/p>\n<p><strong>GUAYMAS, SONORA,MX.<\/strong><strong>\u2500\u2500 <\/strong><strong>En cumplimiento del derecho de acceso a la informaci\u00f3n de la poblaci\u00f3n, la Fiscal\u00eda General de Justicia del Estado de Sonora (FGJE) da a conocer que:<\/strong><\/p>\n<p><strong>\u00a0<\/strong><\/p>\n<p><strong>Luego de un intenso operativo integrado por los tres niveles de gobierno el pasado 24 de julio, fueron detenidos por su presunta responsabilidad en el homicidio de Janeth Yuridia \u201cN.\u201d en el fraccionamiento \u201cLas Acacias\u201d de Guaymas, Sonora, Jos\u00e9 Armando \u201cN.\u201d, de 27 a\u00f1os y Christopher Robin \u201cN.\u201d, de 22 a\u00f1os, originarios de Ensenada, Baja California, adem\u00e1s de Jos\u00e9 de Jes\u00fas \u00abN\u00bb, de 22 a\u00f1os, originario de Guaymas, Sonora.<\/strong><\/p>\n<p><strong>\u00a0<\/strong><\/p>\n<p><strong>Al ser entrevistados por la autoridad investigadora, se\u00f1alaron que fueron contratados en Ensenada para efectos de limpiar la plaza en cuanto a distribuidores de droga del grupo antag\u00f3nico, entre ellos la mujer que recientemente hab\u00edan asesinado.<\/strong><\/p>\n<p><strong>\u00a0<\/strong><\/p>\n<p><strong>Derivado de las pruebas de servicios periciales de bal\u00edstica de la Fiscal\u00eda General de Justicia del Estado (FGJE), se tiene establecido el uso de las armas aseguradas a los tres sujetos anteriormente mencionados, en al menos cuatro homicidios ejecutados de manera previa en esa zona.<\/strong><\/p>\n<p><strong>\u00a0<\/strong><\/p>\n<p><strong>Con base en lo anterior se obtuvieron dos \u00f3rdenes de cateo en inmuebles relacionados con los detenidos, en donde se lograron asegurar copias de identificaciones de ellos, as\u00ed como droga sint\u00e9tica conocida como cristal.<\/strong><\/p>\n<p><strong>\u00a0<\/strong><\/p>\n<p><strong>Despu\u00e9s de ser consignados, el Juez correspondiente calific\u00f3 de legal la detenci\u00f3n y dict\u00f3 la prisi\u00f3n preventiva como medida cautelar, mientras que la defensa solicit\u00f3 la ampliaci\u00f3n del t\u00e9rmino para la vinculaci\u00f3n a proceso, por lo que la audiencia se llevar\u00e1 a cabo el pr\u00f3ximo 31 de julio.<\/strong><\/p>\n<p><strong>\u00a0<\/strong><\/p>\n<p><strong>Esta Fiscal\u00eda prosigue con las investigaciones a fin de acreditar la participaci\u00f3n de los imputados en los homicidios donde se usaron las armas aseguradas.<\/strong><\/p>\n<p><strong>Fecha de publicaci\u00f3n\u00a0 s\u00e1bado 29 de julio de 2023<\/strong><\/p>\n<p><strong>\u00a0<\/strong><\/p>\n<p>&nbsp;<\/p>\n","protected":false},"excerpt":{"rendered":"<p>&nbsp; GUAYMAS, SONORA,MX.\u2500\u2500 En cumplimiento del derecho de acceso a la informaci\u00f3n de la poblaci\u00f3n,&#8230;<\/p>\n","protected":false},"author":1,"featured_media":171425,"comment_status":"open","ping_status":"open","sticky":false,"template":"","format":"standard","meta":{"_monsterinsights_skip_tracking":false,"_monsterinsights_sitenote_active":false,"_monsterinsights_sitenote_note":"","_monsterinsights_sitenote_category":0,"footnotes":""},"categories":[3144],"tags":[621,170,15],"class_list":["post"],"yoast_head":" \n<title>Sonora en Equipo. Inicia Fiscal\u00eda acciones contra presuntos homicidas en Guaymas Polic\u00edaca<\/title>\n<meta name=\"description\" content=\"&nbsp; GUAYMAS, SONORA,MX.\u2500\u2500 En cumplimiento del derecho de acceso a la informaci\u00f3n de la poblaci\u00f3n, la Fiscal\u00eda General de Justicia del Estado de Sonora En Sonora en Equipo publicamos toda la informaci\u00f3n de Sonora, M\u00e9xico y el Mundo de manera oportuna y busca que la libertad de expresi\u00f3n sea real. Visita nuestro medio informativo publicado desde Hermosillo, Sonora. %\" \/>\n<meta name=\"robots\" content=\"index, follow, max-snippet:-1, max-image-preview:large, max-video-preview:-1\" \/>\n<link rel=\"canonical\" href=\"https:\/\/www.sonoraenequipo.com.mx\/inicia-fiscalia-acciones-contra-presuntos-homicidas-en-guaymas\/\" \/>\n<meta property=\"og:locale\" content=\"es_ES\" \/>\n<meta property=\"og:type\" content=\"article\" \/>\n<meta property=\"og:title\" content=\"Sonora en Equipo. Inicia Fiscal\u00eda acciones contra presuntos homicidas en Guaymas Polic\u00edaca\" \/>\n<meta property=\"og:description\" content=\"&nbsp; GUAYMAS, SONORA,MX.\u2500\u2500 En cumplimiento del derecho de acceso a la informaci\u00f3n de la poblaci\u00f3n, la Fiscal\u00eda General de Justicia del Estado de Sonora En Sonora en Equipo publicamos toda la informaci\u00f3n de Sonora, M\u00e9xico y el Mundo de manera oportuna y busca que la libertad de expresi\u00f3n sea real. Visita nuestro medio informativo publicado desde Hermosillo, Sonora. %\" \/>\n<meta property=\"og:url\" content=\"https:\/\/www.sonoraenequipo.com.mx\/inicia-fiscalia-acciones-contra-presuntos-homicidas-en-guaymas\/\" \/>\n<meta property=\"og:site_name\" content=\"Sonora en Equipo.\" \/>\n<meta property=\"article:publisher\" content=\"https:\/\/www.facebook.com\/SonoraEE\/\" \/>\n<meta property=\"article:author\" content=\"https:\/\/www.facebook.com\/SonoraEE\" \/>\n<meta property=\"article:published_time\" content=\"2023-07-29T20:32:21+00:00\" \/>\n<meta property=\"og:image\" content=\"https:\/\/www.sonoraenequipo.com.mx\/storage\/2023\/07\/feminicidas.jpg\" \/>\n\t<meta property=\"og:image:width\" content=\"600\" \/>\n\t<meta property=\"og:image:height\" content=\"400\" \/>\n\t<meta property=\"og:image:type\" content=\"image\/jpeg\" \/>\n<meta name=\"author\" content=\"enequipo\" \/>\n<meta name=\"twitter:card\" content=\"summary_large_image\" \/>\n<meta name=\"twitter:creator\" content=\"@sonoraenequipo\" \/>\n<meta name=\"twitter:site\" content=\"@sonoraenequipo\" \/>\n<meta name=\"twitter:label1\" content=\"Escrito por\" \/>\n\t<meta name=\"twitter:data1\" content=\"enequipo\" \/>\n\t<meta name=\"twitter:label2\" content=\"Tiempo de lectura\" \/>\n\t<meta name=\"twitter:data2\" content=\"2 minutos\" \/>\n<script type=\"application\/ld+json\" class=\"yoast-schema-graph\">{\"@context\":\"https:\/\/schema.org\",\"@graph\":[{\"@type\":\"Article\",\"@id\":\"https:\/\/www.sonoraenequipo.com.mx\/inicia-fiscalia-acciones-contra-presuntos-homicidas-en-guaymas\/#article\",\"isPartOf\":{\"@id\":\"https:\/\/www.sonoraenequipo.com.mx\/inicia-fiscalia-acciones-contra-presuntos-homicidas-en-guaymas\/\"},\"author\":{\"name\":\"enequipo\",\"@id\":\"https:\/\/www.sonoraenequipo.com.mx\/#\/schema\/person\/50102df0fb23a8fa9e8effad8fa81386\"},\"headline\":\"Inicia Fiscal\u00eda acciones contra presuntos homicidas en Guaymas\",\"datePublished\":\"2023-07-29T20:32:21+00:00\",\"mainEntityOfPage\":{\"@id\":\"https:\/\/www.sonoraenequipo.com.mx\/inicia-fiscalia-acciones-contra-presuntos-homicidas-en-guaymas\/\"},\"wordCount\":323,\"commentCount\":0,\"publisher\":{\"@id\":\"https:\/\/www.sonoraenequipo.com.mx\/#organization\"},\"image\":{\"@id\":\"https:\/\/www.sonoraenequipo.com.mx\/inicia-fiscalia-acciones-contra-presuntos-homicidas-en-guaymas\/#primaryimage\"},\"thumbnailUrl\":\"https:\/\/www.sonoraenequipo.com.mx\/storage\/2023\/07\/feminicidas.jpg\",\"keywords\":[\"Guaymas\",\"Seguridad\",\"Sonora\"],\"articleSection\":[\"Polic\u00edaca\"],\"inLanguage\":\"es\",\"potentialAction\":[{\"@type\":\"CommentAction\",\"name\":\"Comment\",\"target\":[\"https:\/\/www.sonoraenequipo.com.mx\/inicia-fiscalia-acciones-contra-presuntos-homicidas-en-guaymas\/#respond\"]}]},{\"@type\":\"WebPage\",\"@id\":\"https:\/\/www.sonoraenequipo.com.mx\/inicia-fiscalia-acciones-contra-presuntos-homicidas-en-guaymas\/\",\"url\":\"https:\/\/www.sonoraenequipo.com.mx\/inicia-fiscalia-acciones-contra-presuntos-homicidas-en-guaymas\/\",\"name\":\"Sonora en Equipo. Inicia Fiscal\u00eda acciones contra presuntos homicidas en Guaymas Polic\u00edaca\",\"isPartOf\":{\"@id\":\"https:\/\/www.sonoraenequipo.com.mx\/#website\"},\"primaryImageOfPage\":{\"@id\":\"https:\/\/www.sonoraenequipo.com.mx\/inicia-fiscalia-acciones-contra-presuntos-homicidas-en-guaymas\/#primaryimage\"},\"image\":{\"@id\":\"https:\/\/www.sonoraenequipo.com.mx\/inicia-fiscalia-acciones-contra-presuntos-homicidas-en-guaymas\/#primaryimage\"},\"thumbnailUrl\":\"https:\/\/www.sonoraenequipo.com.mx\/storage\/2023\/07\/feminicidas.jpg\",\"datePublished\":\"2023-07-29T20:32:21+00:00\",\"description\":\"&nbsp; GUAYMAS, SONORA,MX.\u2500\u2500 En cumplimiento del derecho de acceso a la informaci\u00f3n de la poblaci\u00f3n, la Fiscal\u00eda General de Justicia del Estado de Sonora En Sonora en Equipo publicamos toda la informaci\u00f3n de Sonora, M\u00e9xico y el Mundo de manera oportuna y busca que la libertad de expresi\u00f3n sea real. Visita nuestro medio informativo publicado desde Hermosillo, Sonora. %\",\"breadcrumb\":{\"@id\":\"https:\/\/www.sonoraenequipo.com.mx\/inicia-fiscalia-acciones-contra-presuntos-homicidas-en-guaymas\/#breadcrumb\"},\"inLanguage\":\"es\",\"potentialAction\":[{\"@type\":\"ReadAction\",\"target\":[\"https:\/\/www.sonoraenequipo.com.mx\/inicia-fiscalia-acciones-contra-presuntos-homicidas-en-guaymas\/\"]}]},{\"@type\":\"ImageObject\",\"inLanguage\":\"es\",\"@id\":\"https:\/\/www.sonoraenequipo.com.mx\/inicia-fiscalia-acciones-contra-presuntos-homicidas-en-guaymas\/#primaryimage\",\"url\":\"https:\/\/www.sonoraenequipo.com.mx\/storage\/2023\/07\/feminicidas.jpg\",\"contentUrl\":\"https:\/\/www.sonoraenequipo.com.mx\/storage\/2023\/07\/feminicidas.jpg\",\"width\":600,\"height\":400},{\"@type\":\"BreadcrumbList\",\"@id\":\"https:\/\/www.sonoraenequipo.com.mx\/inicia-fiscalia-acciones-contra-presuntos-homicidas-en-guaymas\/#breadcrumb\",\"itemListElement\":[{\"@type\":\"ListItem\",\"position\":1,\"name\":\"Portada\",\"item\":\"https:\/\/www.sonoraenequipo.com.mx\/\"},{\"@type\":\"ListItem\",\"position\":2,\"name\":\"Inicia Fiscal\u00eda acciones contra presuntos homicidas en Guaymas\"}]},{\"@type\":\"WebSite\",\"@id\":\"https:\/\/www.sonoraenequipo.com.mx\/#website\",\"url\":\"https:\/\/www.sonoraenequipo.com.mx\/\",\"name\":\"Sonora en Equipo.\",\"description\":\"Diario en l\u00ednea con Noticias desde Hermosillo, Sonora\",\"publisher\":{\"@id\":\"https:\/\/www.sonoraenequipo.com.mx\/#organization\"},\"potentialAction\":[{\"@type\":\"SearchAction\",\"target\":{\"@type\":\"EntryPoint\",\"urlTemplate\":\"https:\/\/www.sonoraenequipo.com.mx\/?s={search_term_string}\"},\"query-input\":{\"@type\":\"PropertyValueSpecification\",\"valueRequired\":true,\"valueName\":\"search_term_string\"}}],\"inLanguage\":\"es\"},{\"@type\":\"Organization\",\"@id\":\"https:\/\/www.sonoraenequipo.com.mx\/#organization\",\"name\":\"Sonoraenequipo.com.mx\",\"url\":\"https:\/\/www.sonoraenequipo.com.mx\/\",\"logo\":{\"@type\":\"ImageObject\",\"inLanguage\":\"es\",\"@id\":\"https:\/\/www.sonoraenequipo.com.mx\/#\/schema\/logo\/image\/\",\"url\":\"https:\/\/www.sonoraenequipo.com.mx\/storage\/2019\/01\/sonoraenequipo_opt.png\",\"contentUrl\":\"https:\/\/www.sonoraenequipo.com.mx\/storage\/2019\/01\/sonoraenequipo_opt.png\",\"width\":375,\"height\":125,\"caption\":\"Sonoraenequipo.com.mx\"},\"image\":{\"@id\":\"https:\/\/www.sonoraenequipo.com.mx\/#\/schema\/logo\/image\/\"},\"sameAs\":[\"https:\/\/www.facebook.com\/SonoraEE\/\",\"https:\/\/x.com\/sonoraenequipo\",\"https:\/\/www.youtube.com\/channel\/UC338nW-lPEYmJQs4ZABQ1SQ\"]},{\"@type\":\"Person\",\"@id\":\"https:\/\/www.sonoraenequipo.com.mx\/#\/schema\/person\/50102df0fb23a8fa9e8effad8fa81386\",\"name\":\"enequipo\",\"image\":{\"@type\":\"ImageObject\",\"inLanguage\":\"es\",\"@id\":\"https:\/\/www.sonoraenequipo.com.mx\/#\/schema\/person\/image\/\",\"url\":\"https:\/\/secure.gravatar.com\/avatar\/049821681b589dabc0bc20695993ccebb09f5b5d4d790cd9251b97faac7c652b?s=96&d=blank&r=g\",\"contentUrl\":\"https:\/\/secure.gravatar.com\/avatar\/049821681b589dabc0bc20695993ccebb09f5b5d4d790cd9251b97faac7c652b?s=96&d=blank&r=g\",\"caption\":\"enequipo\"},\"sameAs\":[\"https:\/\/www.facebook.com\/SonoraEE\"]}]}<\/script>\n ","yoast_head_json":{"title":"Sonora en Equipo. Inicia Fiscal\u00eda acciones contra presuntos homicidas en Guaymas Polic\u00edaca","description":"&nbsp; GUAYMAS, SONORA,MX.\u2500\u2500 En cumplimiento del derecho de acceso a la informaci\u00f3n de la poblaci\u00f3n, la Fiscal\u00eda General de Justicia del Estado de Sonora En Sonora en Equipo publicamos toda la informaci\u00f3n de Sonora, M\u00e9xico y el Mundo de manera oportuna y busca que la libertad de expresi\u00f3n sea real. Visita nuestro medio informativo publicado desde Hermosillo, Sonora. %","robots":{"index":"index","follow":"follow","max-snippet":"max-snippet:-1","max-image-preview":"max-image-preview:large","max-video-preview":"max-video-preview:-1"},"canonical":"https:\/\/www.sonoraenequipo.com.mx\/inicia-fiscalia-acciones-contra-presuntos-homicidas-en-guaymas\/","og_locale":"es_ES","og_type":"article","og_title":"Sonora en Equipo. Inicia Fiscal\u00eda acciones contra presuntos homicidas en Guaymas Polic\u00edaca","og_description":"&nbsp; GUAYMAS, SONORA,MX.\u2500\u2500 En cumplimiento del derecho de acceso a la informaci\u00f3n de la poblaci\u00f3n, la Fiscal\u00eda General de Justicia del Estado de Sonora En Sonora en Equipo publicamos toda la informaci\u00f3n de Sonora, M\u00e9xico y el Mundo de manera oportuna y busca que la libertad de expresi\u00f3n sea real. Visita nuestro medio informativo publicado desde Hermosillo, Sonora. %","og_url":"https:\/\/www.sonoraenequipo.com.mx\/inicia-fiscalia-acciones-contra-presuntos-homicidas-en-guaymas\/","og_site_name":"Sonora en Equipo.","article_publisher":"https:\/\/www.facebook.com\/SonoraEE\/","article_author":"https:\/\/www.facebook.com\/SonoraEE","article_published_time":"2023-07-29T20:32:21+00:00","og_image":[{"width":600,"height":400,"url":"https:\/\/www.sonoraenequipo.com.mx\/storage\/2023\/07\/feminicidas.jpg","type":"image\/jpeg"}],"author":"enequipo","twitter_card":"summary_large_image","twitter_creator":"@sonoraenequipo","twitter_site":"@sonoraenequipo","twitter_misc":{"Escrito por":"enequipo","Tiempo de lectura":"2 minutos"},"schema":{"@context":"https:\/\/schema.org","@graph":[{"@type":"Article","@id":"https:\/\/www.sonoraenequipo.com.mx\/inicia-fiscalia-acciones-contra-presuntos-homicidas-en-guaymas\/#article","isPartOf":{"@id":"https:\/\/www.sonoraenequipo.com.mx\/inicia-fiscalia-acciones-contra-presuntos-homicidas-en-guaymas\/"},"author":{"name":"enequipo","@id":"https:\/\/www.sonoraenequipo.com.mx\/#\/schema\/person\/50102df0fb23a8fa9e8effad8fa81386"},"headline":"Inicia Fiscal\u00eda acciones contra presuntos homicidas en Guaymas","datePublished":"2023-07-29T20:32:21+00:00","mainEntityOfPage":{"@id":"https:\/\/www.sonoraenequipo.com.mx\/inicia-fiscalia-acciones-contra-presuntos-homicidas-en-guaymas\/"},"wordCount":323,"commentCount":0,"publisher":{"@id":"https:\/\/www.sonoraenequipo.com.mx\/#organization"},"image":{"@id":"https:\/\/www.sonoraenequipo.com.mx\/inicia-fiscalia-acciones-contra-presuntos-homicidas-en-guaymas\/#primaryimage"},"thumbnailUrl":"https:\/\/www.sonoraenequipo.com.mx\/storage\/2023\/07\/feminicidas.jpg","keywords":["Guaymas","Seguridad","Sonora"],"articleSection":["Polic\u00edaca"],"inLanguage":"es","potentialAction":[{"@type":"CommentAction","name":"Comment","target":["https:\/\/www.sonoraenequipo.com.mx\/inicia-fiscalia-acciones-contra-presuntos-homicidas-en-guaymas\/#respond"]}]},{"@type":"WebPage","@id":"https:\/\/www.sonoraenequipo.com.mx\/inicia-fiscalia-acciones-contra-presuntos-homicidas-en-guaymas\/","url":"https:\/\/www.sonoraenequipo.com.mx\/inicia-fiscalia-acciones-contra-presuntos-homicidas-en-guaymas\/","name":"Sonora en Equipo. Inicia Fiscal\u00eda acciones contra presuntos homicidas en Guaymas Polic\u00edaca","isPartOf":{"@id":"https:\/\/www.sonoraenequipo.com.mx\/#website"},"primaryImageOfPage":{"@id":"https:\/\/www.sonoraenequipo.com.mx\/inicia-fiscalia-acciones-contra-presuntos-homicidas-en-guaymas\/#primaryimage"},"image":{"@id":"https:\/\/www.sonoraenequipo.com.mx\/inicia-fiscalia-acciones-contra-presuntos-homicidas-en-guaymas\/#primaryimage"},"thumbnailUrl":"https:\/\/www.sonoraenequipo.com.mx\/storage\/2023\/07\/feminicidas.jpg","datePublished":"2023-07-29T20:32:21+00:00","description":"&nbsp; GUAYMAS, SONORA,MX.\u2500\u2500 En cumplimiento del derecho de acceso a la informaci\u00f3n de la poblaci\u00f3n, la Fiscal\u00eda General de Justicia del Estado de Sonora En Sonora en Equipo publicamos toda la informaci\u00f3n de Sonora, M\u00e9xico y el Mundo de manera oportuna y busca que la libertad de expresi\u00f3n sea real. Visita nuestro medio informativo publicado desde Hermosillo, Sonora. %","breadcrumb":{"@id":"https:\/\/www.sonoraenequipo.com.mx\/inicia-fiscalia-acciones-contra-presuntos-homicidas-en-guaymas\/#breadcrumb"},"inLanguage":"es","potentialAction":[{"@type":"ReadAction","target":["https:\/\/www.sonoraenequipo.com.mx\/inicia-fiscalia-acciones-contra-presuntos-homicidas-en-guaymas\/"]}]},{"@type":"ImageObject","inLanguage":"es","@id":"https:\/\/www.sonoraenequipo.com.mx\/inicia-fiscalia-acciones-contra-presuntos-homicidas-en-guaymas\/#primaryimage","url":"https:\/\/www.sonoraenequipo.com.mx\/storage\/2023\/07\/feminicidas.jpg","contentUrl":"https:\/\/www.sonoraenequipo.com.mx\/storage\/2023\/07\/feminicidas.jpg","width":600,"height":400},{"@type":"BreadcrumbList","@id":"https:\/\/www.sonoraenequipo.com.mx\/inicia-fiscalia-acciones-contra-presuntos-homicidas-en-guaymas\/#breadcrumb","itemListElement":[{"@type":"ListItem","position":1,"name":"Portada","item":"https:\/\/www.sonoraenequipo.com.mx\/"},{"@type":"ListItem","position":2,"name":"Inicia Fiscal\u00eda acciones contra presuntos homicidas en Guaymas"}]},{"@type":"WebSite","@id":"https:\/\/www.sonoraenequipo.com.mx\/#website","url":"https:\/\/www.sonoraenequipo.com.mx\/","name":"Sonora en Equipo.","description":"Diario en l\u00ednea con Noticias desde Hermosillo, Sonora","publisher":{"@id":"https:\/\/www.sonoraenequipo.com.mx\/#organization"},"potentialAction":[{"@type":"SearchAction","target":{"@type":"EntryPoint","urlTemplate":"https:\/\/www.sonoraenequipo.com.mx\/?s={search_term_string}"},"query-input":{"@type":"PropertyValueSpecification","valueRequired":true,"valueName":"search_term_string"}}],"inLanguage":"es"},{"@type":"Organization","@id":"https:\/\/www.sonoraenequipo.com.mx\/#organization","name":"Sonoraenequipo.com.mx","url":"https:\/\/www.sonoraenequipo.com.mx\/","logo":{"@type":"ImageObject","inLanguage":"es","@id":"https:\/\/www.sonoraenequipo.com.mx\/#\/schema\/logo\/image\/","url":"https:\/\/www.sonoraenequipo.com.mx\/storage\/2019\/01\/sonoraenequipo_opt.png","contentUrl":"https:\/\/www.sonoraenequipo.com.mx\/storage\/2019\/01\/sonoraenequipo_opt.png","width":375,"height":125,"caption":"Sonoraenequipo.com.mx"},"image":{"@id":"https:\/\/www.sonoraenequipo.com.mx\/#\/schema\/logo\/image\/"},"sameAs":["https:\/\/www.facebook.com\/SonoraEE\/","https:\/\/x.com\/sonoraenequipo","https:\/\/www.youtube.com\/channel\/UC338nW-lPEYmJQs4ZABQ1SQ"]},{"@type":"Person","@id":"https:\/\/www.sonoraenequipo.com.mx\/#\/schema\/person\/50102df0fb23a8fa9e8effad8fa81386","name":"enequipo","image":{"@type":"ImageObject","inLanguage":"es","@id":"https:\/\/www.sonoraenequipo.com.mx\/#\/schema\/person\/image\/","url":"https:\/\/secure.gravatar.com\/avatar\/049821681b589dabc0bc20695993ccebb09f5b5d4d790cd9251b97faac7c652b?s=96&d=blank&r=g","contentUrl":"https:\/\/secure.gravatar.com\/avatar\/049821681b589dabc0bc20695993ccebb09f5b5d4d790cd9251b97faac7c652b?s=96&d=blank&r=g","caption":"enequipo"},"sameAs":["https:\/\/www.facebook.com\/SonoraEE"]}]}},"jetpack_featured_media_url":"https:\/\/www.sonoraenequipo.com.mx\/storage\/2023\/07\/feminicidas.jpg","_links":{"self":[{"href":"https:\/\/www.sonoraenequipo.com.mx\/api\/wp\/v2\/posts\/171424","targetHints":{"allow":["GET"]}}],"collection":[{"href":"https:\/\/www.sonoraenequipo.com.mx\/api\/wp\/v2\/posts"}],"about":[{"href":"https:\/\/www.sonoraenequipo.com.mx\/api\/wp\/v2\/types\/post"}],"author":[{"embeddable":true,"href":"https:\/\/www.sonoraenequipo.com.mx\/api\/wp\/v2\/users\/1"}],"replies":[{"embeddable":true,"href":"https:\/\/www.sonoraenequipo.com.mx\/api\/wp\/v2\/comments?post=171424"}],"version-history":[{"count":1,"href":"https:\/\/www.sonoraenequipo.com.mx\/api\/wp\/v2\/posts\/171424\/revisions"}],"predecessor-version":[{"id":171426,"href":"https:\/\/www.sonoraenequipo.com.mx\/api\/wp\/v2\/posts\/171424\/revisions\/171426"}],"wp:featuredmedia":[{"embeddable":true,"href":"https:\/\/www.sonoraenequipo.com.mx\/api\/wp\/v2\/media\/171425"}],"wp:attachment":[{"href":"https:\/\/www.sonoraenequipo.com.mx\/api\/wp\/v2\/media?parent=171424"}],"wp:term":[{"taxonomy":"category","embeddable":true,"href":"https:\/\/www.sonoraenequipo.com.mx\/api\/wp\/v2\/categories?post=171424"},{"taxonomy":"post_tag","embeddable":true,"href":"https:\/\/www.sonoraenequipo.com.mx\/api\/wp\/v2\/tags?post=171424"}],"curies":[{"name":"wp","href":"https:\/\/api.w.org\/{rel}","templated":true}]}}