{"id":171427,"date":"2023-07-29T13:54:23","date_gmt":"2023-07-29T20:54:23","guid":{"rendered":"https:\/\/www.sonoraenequipo.com.mx\/?p=171427"},"modified":"2023-07-29T13:54:23","modified_gmt":"2023-07-29T20:54:23","slug":"las-recompensas-por-maduro-cabello-y-el-aissami-aun-estan-activas-en-ee-uu","status":"publish","type":"post","link":"https:\/\/www.sonoraenequipo.com.mx\/las-recompensas-por-maduro-cabello-y-el-aissami-aun-estan-activas-en-ee-uu\/","title":{"rendered":"Las recompensas por Maduro, Cabello y El Aissami \u201ca\u00fan est\u00e1n activas\u201d en EE.UU."},"content":{"rendered":"<p>\u201cA\u00fan est\u00e1n activas\u201d las recompensas millonarias por informaci\u00f3n que permita las capturas y las acusaciones penales en Estados Unidos de l\u00edderes chavistas presuntamente involucrados en cr\u00edmenes de narcoterrorismo, entre ellos el presidente venezolano Nicol\u00e1s Maduro, confirm\u00f3 este jueves el Departamento de Estado a la Voz de Am\u00e9rica (VOA).<\/p>\n<p>&nbsp;<\/p>\n<p>Un portavoz del Departamento de Estado certific\u00f3 a la VOA que las ofertas de dinero para los \u201cobjetivos\u201d actualmente incluidos en la p\u00e1gina web del Programa de Recompensas de Narc\u00f3ticos \u201ca\u00fan est\u00e1n activas\u201d.<\/p>\n<p>&nbsp;<\/p>\n<p>Hugo Carvajal y Cl\u00edver Alcal\u00e1, dos militares venezolanos se\u00f1alados en ese programa de recompensas, con roles operativos y de inteligencia en los gobiernos de Hugo Ch\u00e1vez y Nicol\u00e1s Maduro, ya han sido detenidos, extraditados y procesados judicialmente en Estados Unidos.<\/p>\n<p>&nbsp;<\/p>\n<p>Los nombres de ambos ex funcionarios forman parte de la misma acusaci\u00f3n penal federal donde est\u00e1n incluidos Maduro y otros jerarcas del chavismo, como Diosdado Cabello y Tareck El Aissami, presentada en marzo de 2020.<\/p>\n<p>La Oficina para Asuntos Internacionales de Narc\u00f3ticos y Aplicaci\u00f3n de la Ley del Departamento de Estado administra el Programa de Recompensas de Narc\u00f3ticos en \u201cestrecha coordinaci\u00f3n\u201d con las agencias federales de aplicaci\u00f3n de la ley de Estados Unidos y otras agencias, precis\u00f3 el portavoz.<\/p>\n<p>&nbsp;<\/p>\n<p>Solo el Secretario de Estado de Estados Unidos, cargo ocupado por Antony Blinken, \u201ctiene la autoridad para determinar si una recompensa ser\u00e1 pagada, as\u00ed como el monto que ser\u00e1 pagado\u201d, seg\u00fan el vocero estadounidense.<\/p>\n<p>&nbsp;<\/p>\n<p>El Departamento de Estado ha pagado m\u00e1s de 155 millones de d\u00f3lares en recompensas como las ofrecidas por Maduro, Cabello, El Aissami, Alcal\u00e1 y Carvajal, este \u00faltimo extraditado la semana pasada desde Madrid, Espa\u00f1a.<\/p>\n<p>&nbsp;<\/p>\n<p>\u201cEn casos donde exista una jurisdicci\u00f3n penal federal, el secretario de Estado debe obtener la autorizaci\u00f3n del fiscal general\u201d, Merrick Garland, que ejerce el cargo desde marzo de 2021, a\u00f1adi\u00f3 la fuente del Departamento de Estado.<\/p>\n<p>En los \u00faltimos 3 a\u00f1os, tambi\u00e9n han sido procesados por corrupci\u00f3n en cortes de Estados Unidos los extesoreros Claudia D\u00edaz Guill\u00e9n y Alejandro Andrade; Adri\u00e1n Vel\u00e1squez Figueroa, el ex edec\u00e1n de Hugo Ch\u00e1vez; y el empresario colombiano que Caracas defiende como su diplom\u00e1tico, Alex Saab.<\/p>\n<p>&nbsp;<\/p>\n<p>La lista de funcionarios venezolanos vinculados al chavismo que han sido acusados por delitos varios en Estados Unidos, pero que a\u00fan no se encuentran detenidos ni han comparecido ante un juez, es amplia.<\/p>\n<p>&nbsp;<\/p>\n<p>La Voz de Am\u00e9rica repasa los nombres de estas figuras con poder pol\u00edtico militar, empresarial y judicial en Venezuela que, a\u00fan libres, tienen abiertas causas judiciales en su contra en los tribunales de Estados Unidos.<\/p>\n<p>&nbsp;<\/p>\n<p>\u201cUna acusaci\u00f3n es meramente un alegato y todos los defendidos son presumidos inocentes hasta que se compruebe su culpabilidad m\u00e1s all\u00e1 de una duda razonable en una corte de justicia\u201d de Estados Unidos, han acotado las autoridades norteamericanas al informar sobre las imputaciones contra esos venezolanos.<\/p>\n<p><strong>Nicol\u00e1s Maduro<\/strong><\/p>\n<p>Presidente de Venezuela, presidente del Partido Socialista Unido de Venezuela, excanciller y exdiputado. William Barr, fiscal general de Estados Unidos, lo acus\u00f3 en marzo de 2020 de presuntamente \u201cconspirar\u201d con la guerrilla de las FARC durante m\u00e1s de 20 a\u00f1os para enviar toneladas de coca\u00edna con el fin de \u201cdevastar\u201d a comunidades en Norteam\u00e9rica.<\/p>\n<p>&nbsp;<\/p>\n<p>Cuatro cargos se introdujeron en contra de Maduro en la corte del Distrito Sur de Nueva York: participaci\u00f3n en conspiraci\u00f3n de narcoterrorismo; conspiraci\u00f3n para importar coca\u00edna a Estados Unidos; uso y posesi\u00f3n de ametralladoras y explosivos relacionados al narcoterrorismo; y conspiraci\u00f3n para el uso de ese tipo de armas.<\/p>\n<p>&nbsp;<\/p>\n<p>Todas esas acusaciones involucran una sentencia m\u00e1xima de prisi\u00f3n perpetua en Estados Unidos. El de Maduro es el mismo caso presentado contra 2 militares venezolanos que ya enfrentan acusaciones en Estados Unidos: Cl\u00edver Alcal\u00e1, extraditado desde Colombia en 2020, y Hugo \u201cEl Pollo\u201d Carvajal, extraditado desde Espa\u00f1a este mes.<\/p>\n<p>&nbsp;<\/p>\n<p>La DEA ofreci\u00f3 una recompensa de 15 millones de d\u00f3lares por informaci\u00f3n que lleve a la captura y acusaci\u00f3n judicial de Maduro.<\/p>\n<p><strong>Nicol\u00e1s Maduro<\/strong><\/p>\n<p>Presidente de Venezuela, presidente del Partido Socialista Unido de Venezuela, excanciller y exdiputado. William Barr, fiscal general de Estados Unidos, lo acus\u00f3 en marzo de 2020 de presuntamente \u201cconspirar\u201d con la guerrilla de las FARC durante m\u00e1s de 20 a\u00f1os para enviar toneladas de coca\u00edna con el fin de \u201cdevastar\u201d a comunidades en Norteam\u00e9rica.<\/p>\n<p>&nbsp;<\/p>\n<p>Cuatro cargos se introdujeron en contra de Maduro en la corte del Distrito Sur de Nueva York: participaci\u00f3n en conspiraci\u00f3n de narcoterrorismo; conspiraci\u00f3n para importar coca\u00edna a Estados Unidos; uso y posesi\u00f3n de ametralladoras y explosivos relacionados al narcoterrorismo; y conspiraci\u00f3n para el uso de ese tipo de armas.<\/p>\n<p>&nbsp;<\/p>\n<p>Todas esas acusaciones involucran una sentencia m\u00e1xima de prisi\u00f3n perpetua en Estados Unidos. El de Maduro es el mismo caso presentado contra 2 militares venezolanos que ya enfrentan acusaciones en Estados Unidos: Cl\u00edver Alcal\u00e1, extraditado desde Colombia en 2020, y Hugo \u201cEl Pollo\u201d Carvajal, extraditado desde Espa\u00f1a este mes.<\/p>\n<p>&nbsp;<\/p>\n<p>La DEA ofreci\u00f3 una recompensa de 15 millones de d\u00f3lares por informaci\u00f3n que lleve a la captura y acusaci\u00f3n judicial de Maduro.<\/p>\n<p><strong>Diosdado Cabello<\/strong><\/p>\n<p>Diputado, primer vicepresidente del partido de gobierno, ex vicepresidente del gobierno y ex presidente de la Asamblea Nacional Constituyente de 2017. Es considerado el segundo hombre m\u00e1s influyente del chavismo.<\/p>\n<p>&nbsp;<\/p>\n<p>Las autoridades estadounidenses lo acusan de ayudar a Maduro a corromper las instituciones y proveer protecci\u00f3n militar y pol\u00edtica para cr\u00edmenes de narcoterrorismo.<\/p>\n<p>&nbsp;<\/p>\n<p>Al igual que el mandatario, Cabello est\u00e1 acusado de 4 cargos criminales en Nueva York: participaci\u00f3n en conspiraci\u00f3n de narcoterrorismo; conspiraci\u00f3n para importar coca\u00edna a Estados Unidos; uso y posesi\u00f3n de ametralladoras y explosivos relacionados al narcoterrorismo; y conspiraci\u00f3n para el uso de ese tipo de armas. Asimismo, sus penas pueden incluir cadena perpetua.<\/p>\n<p>&nbsp;<\/p>\n<p>La DEA ofreci\u00f3 una recompensa de 10 millones de d\u00f3lares por informaci\u00f3n que lleve a la captura y acusaci\u00f3n judicial de Cabello.<\/p>\n<p><strong>Tareck El Aissami<\/strong><\/p>\n<p>Fue vicepresidente del poder ejecutivo de Venezuela, ministro de Petr\u00f3leo y gobernador del estado Aragua. Estaba encargado de asuntos econ\u00f3micos del gobierno de Nicol\u00e1s Maduro. Fue separado de su cargo en la cartera petrolera venezolana al estallar un caso de desfalco multimillonario en la estatal PDVSA, por el que hay m\u00e1s de 60 detenidos en el pa\u00eds suramericano.<\/p>\n<p>&nbsp;<\/p>\n<p>Fiscales estadounidenses lo acusaron formalmente en marzo de 2020 ante la corte del Distrito Sur de Nueva York por presuntamente haber trabajado entre febrero de 2017 y marzo de 2019 con estadounidenses y empresas norteamericanas para proveer vuelos privados a beneficio de la campa\u00f1a presidencial de Maduro en 2018.<\/p>\n<p>&nbsp;<\/p>\n<p>Esos vuelos son considerados una violaci\u00f3n de las sanciones de la OFAC contra Maduro por su promoci\u00f3n de la \u201cileg\u00edtima\u201d Asamblea Nacional Constituyente, en 2017.<\/p>\n<p>&nbsp;<\/p>\n<p>La DEA ofreci\u00f3 una recompensa de 10 millones de d\u00f3lares por informaci\u00f3n que lleve a la captura y acusaci\u00f3n judicial de El Aissami, que no ha tenido intervenciones p\u00fablicas en Venezuela tras el esc\u00e1ndalo de marzo.<\/p>\n<p>&nbsp;<\/p>\n<p>Su caso est\u00e1 siendo manejado por la unidad para asuntos de terrorismo y narcotr\u00e1fico internacional de la Fiscal\u00eda del Distrito Sur de Nueva York.<\/p>\n<p><strong>Vladimir Padrino L\u00f3pez<\/strong><\/p>\n<p>General en jefe, ministro de Defensa desde 2014. La Fiscal\u00eda del Distrito de Columbia lo acus\u00f3 en marzo de 2020 de presuntamente \u201cconspirar con otros para distribuir coca\u00edna a bordo de aeronaves registradas en Estados Unidos\u201d.<\/p>\n<p>&nbsp;<\/p>\n<p>Seg\u00fan las autoridades judiciales norteamericanas, Padrino L\u00f3pez recibi\u00f3 sobornos de organizaciones narcotraficantes para permitir que aviones \u201ctransitaran seguramente por el espacio a\u00e9reo venezolano\u201d.<\/p>\n<p>&nbsp;<\/p>\n<p>El Departamento del Tesoro incluy\u00f3 en septiembre de 2018 a Padrino L\u00f3pez en su lista especial de personas vinculadas a actividades del narcotr\u00e1fico.<\/p>\n<p>&nbsp;<\/p>\n<p>Seg\u00fan algunos voceros del gobierno del expresidente Donald Trump y el ex director de los servicios de inteligencia de Venezuela, Padrino L\u00f3pez hab\u00eda negociado su colaboraci\u00f3n para la deposici\u00f3n de Maduro del poder, en 2019.<\/p>\n<p>&nbsp;<\/p>\n<p>El chavismo acus\u00f3 a Washington de mentir. Padrino dijo en mayo de 2020 que recibi\u00f3 \u201cuna oferta enga\u00f1osa, est\u00fapida, rid\u00edcula\u201d para sumarse al golpe.<\/p>\n<p>Maikel Moreno<\/p>\n<p>Presidi\u00f3 el Tribunal Supremo de Justicia. Sigue siendo magistrado. La Fiscal\u00eda del Distrito Sur de Florida lo acus\u00f3 en 2020 de conspiraci\u00f3n y comisi\u00f3n de lavado de capitales.<\/p>\n<p>&nbsp;<\/p>\n<p>Seg\u00fan las autoridades, Moreno estar\u00eda involucrado en un sistema corrupto que inclu\u00eda pagos y sobornos por decenas de millones de d\u00f3lares para \u201carreglar\u201d ilegalmente sentencias en casos criminales y penales en Venezuela.<\/p>\n<p>&nbsp;<\/p>\n<p>Su caso incluye acusaciones por la presunta recepci\u00f3n de una comisi\u00f3n por autorizar la venta de una f\u00e1brica de autom\u00f3viles de General Motors y un supuesto soborno por desestimar casos penales contra venezolanos por su participaci\u00f3n en un esquema corrupto en la estatal PDVSA.<\/p>\n<p><strong>\u00c1lvaro Pulido<\/strong><\/p>\n<p>Empresario colombiano, socio de Alex Saab -detenido en Estados Unidos bajo cargos de lavado de capitales-. La Fiscal\u00eda del Distrito Sur de Florida lo acus\u00f3 de pertenecer a una red de corrupci\u00f3n que pag\u00f3 sobornos para obtener contratos con sobreprecios para importar comida y medicinas a Venezuela.<\/p>\n<p>&nbsp;<\/p>\n<p>Pulido y algunos de sus socios movilizaron 180 millones de d\u00f3lares a trav\u00e9s o hacia los Estados Unidos. Fue detenido este a\u00f1o en Venezuela por su presunto rol en el esquema de corrupci\u00f3n conocido como PDVSA Cripto.<\/p>\n<p><strong>Otros solicitados desde Estados Unidos<\/strong><\/p>\n<p>La extensa lista de personas de inter\u00e9s en casos criminales formalizados por las autoridades en Estados Unidos incluye a varios militares y colaboradores del oficialismo venezolano, aunque de menor perfil p\u00fablico.<\/p>\n<p>&nbsp;<\/p>\n<p>En expedientes vinculados al narcotr\u00e1fico, existen acusaciones en Estados Unidos contra Vassyly Villarroel, alias \u201cMauro\u201d, un capit\u00e1n retirado de la Guardia Nacional; Rafael Villasana, militar retirado de la Guardia Nacional; y Oscar Colmen\u00e1rez, un oficial retirado de la Aviaci\u00f3n Militar en Venezuela.<\/p>\n<p>&nbsp;<\/p>\n<p>El programa de recompensas de la DEA tambi\u00e9n incluye los nombres del ex jefe de Interpol en Venezuela, Rodolfo McTurk-Mora; Jes\u00fas Itriago, ex jefe de antinarc\u00f3ticos de la polic\u00eda cient\u00edfica (CICPC); y Pedro Luis Mart\u00edn, ex directivo de la polic\u00eda pol\u00edtica (DISIP).<\/p>\n<p><strong>Fecha de publicaci\u00f3n\u00a0 s\u00e1bado 29 de julio de 2023 \/ VOA<\/strong><\/p>\n<p>&nbsp;<\/p>\n","protected":false},"excerpt":{"rendered":"<p>\u201cA\u00fan est\u00e1n activas\u201d las recompensas millonarias por informaci\u00f3n que permita las capturas y las acusaciones&#8230;<\/p>\n","protected":false},"author":1,"featured_media":171429,"comment_status":"open","ping_status":"open","sticky":false,"template":"","format":"standard","meta":{"_monsterinsights_skip_tracking":false,"_monsterinsights_sitenote_active":false,"_monsterinsights_sitenote_note":"","_monsterinsights_sitenote_category":0,"footnotes":""},"categories":[3],"tags":[],"class_list":["post"],"yoast_head":" \n<title>Sonora en Equipo. Las recompensas por Maduro, Cabello y El Aissami \u201ca\u00fan est\u00e1n activas\u201d en EE.UU. MUNDO<\/title>\n<meta name=\"description\" content=\"\u201cA\u00fan est\u00e1n activas\u201d las recompensas millonarias por informaci\u00f3n que permita las capturas y las acusaciones penales en Estados Unidos de l\u00edderes chavistas En Sonora en Equipo publicamos toda la informaci\u00f3n de Sonora, M\u00e9xico y el Mundo de manera oportuna y busca que la libertad de expresi\u00f3n sea real. Visita nuestro medio informativo publicado desde Hermosillo, Sonora. %\" \/>\n<meta name=\"robots\" content=\"index, follow, max-snippet:-1, max-image-preview:large, max-video-preview:-1\" \/>\n<link rel=\"canonical\" href=\"https:\/\/www.sonoraenequipo.com.mx\/las-recompensas-por-maduro-cabello-y-el-aissami-aun-estan-activas-en-ee-uu\/\" \/>\n<meta property=\"og:locale\" content=\"es_ES\" \/>\n<meta property=\"og:type\" content=\"article\" \/>\n<meta property=\"og:title\" content=\"Sonora en Equipo. Las recompensas por Maduro, Cabello y El Aissami \u201ca\u00fan est\u00e1n activas\u201d en EE.UU. MUNDO\" \/>\n<meta property=\"og:description\" content=\"\u201cA\u00fan est\u00e1n activas\u201d las recompensas millonarias por informaci\u00f3n que permita las capturas y las acusaciones penales en Estados Unidos de l\u00edderes chavistas En Sonora en Equipo publicamos toda la informaci\u00f3n de Sonora, M\u00e9xico y el Mundo de manera oportuna y busca que la libertad de expresi\u00f3n sea real. Visita nuestro medio informativo publicado desde Hermosillo, Sonora. %\" \/>\n<meta property=\"og:url\" content=\"https:\/\/www.sonoraenequipo.com.mx\/las-recompensas-por-maduro-cabello-y-el-aissami-aun-estan-activas-en-ee-uu\/\" \/>\n<meta property=\"og:site_name\" content=\"Sonora en Equipo.\" \/>\n<meta property=\"article:publisher\" content=\"https:\/\/www.facebook.com\/SonoraEE\/\" \/>\n<meta property=\"article:author\" content=\"https:\/\/www.facebook.com\/SonoraEE\" \/>\n<meta property=\"article:published_time\" content=\"2023-07-29T20:54:23+00:00\" \/>\n<meta property=\"og:image\" content=\"https:\/\/www.sonoraenequipo.com.mx\/storage\/2023\/07\/buscados-usa.jpg\" \/>\n\t<meta property=\"og:image:width\" content=\"600\" \/>\n\t<meta property=\"og:image:height\" content=\"400\" \/>\n\t<meta property=\"og:image:type\" content=\"image\/jpeg\" \/>\n<meta name=\"author\" content=\"enequipo\" \/>\n<meta name=\"twitter:card\" content=\"summary_large_image\" \/>\n<meta name=\"twitter:creator\" content=\"@sonoraenequipo\" \/>\n<meta name=\"twitter:site\" content=\"@sonoraenequipo\" \/>\n<meta name=\"twitter:label1\" content=\"Escrito por\" \/>\n\t<meta name=\"twitter:data1\" content=\"enequipo\" \/>\n\t<meta name=\"twitter:label2\" content=\"Tiempo de lectura\" \/>\n\t<meta name=\"twitter:data2\" content=\"9 minutos\" \/>\n<script type=\"application\/ld+json\" class=\"yoast-schema-graph\">{\"@context\":\"https:\/\/schema.org\",\"@graph\":[{\"@type\":\"Article\",\"@id\":\"https:\/\/www.sonoraenequipo.com.mx\/las-recompensas-por-maduro-cabello-y-el-aissami-aun-estan-activas-en-ee-uu\/#article\",\"isPartOf\":{\"@id\":\"https:\/\/www.sonoraenequipo.com.mx\/las-recompensas-por-maduro-cabello-y-el-aissami-aun-estan-activas-en-ee-uu\/\"},\"author\":{\"name\":\"enequipo\",\"@id\":\"https:\/\/www.sonoraenequipo.com.mx\/#\/schema\/person\/50102df0fb23a8fa9e8effad8fa81386\"},\"headline\":\"Las recompensas por Maduro, Cabello y El Aissami \u201ca\u00fan est\u00e1n activas\u201d en EE.UU.\",\"datePublished\":\"2023-07-29T20:54:23+00:00\",\"mainEntityOfPage\":{\"@id\":\"https:\/\/www.sonoraenequipo.com.mx\/las-recompensas-por-maduro-cabello-y-el-aissami-aun-estan-activas-en-ee-uu\/\"},\"wordCount\":1782,\"commentCount\":0,\"publisher\":{\"@id\":\"https:\/\/www.sonoraenequipo.com.mx\/#organization\"},\"image\":{\"@id\":\"https:\/\/www.sonoraenequipo.com.mx\/las-recompensas-por-maduro-cabello-y-el-aissami-aun-estan-activas-en-ee-uu\/#primaryimage\"},\"thumbnailUrl\":\"https:\/\/www.sonoraenequipo.com.mx\/storage\/2023\/07\/buscados-usa.jpg\",\"articleSection\":[\"MUNDO\"],\"inLanguage\":\"es\",\"potentialAction\":[{\"@type\":\"CommentAction\",\"name\":\"Comment\",\"target\":[\"https:\/\/www.sonoraenequipo.com.mx\/las-recompensas-por-maduro-cabello-y-el-aissami-aun-estan-activas-en-ee-uu\/#respond\"]}]},{\"@type\":\"WebPage\",\"@id\":\"https:\/\/www.sonoraenequipo.com.mx\/las-recompensas-por-maduro-cabello-y-el-aissami-aun-estan-activas-en-ee-uu\/\",\"url\":\"https:\/\/www.sonoraenequipo.com.mx\/las-recompensas-por-maduro-cabello-y-el-aissami-aun-estan-activas-en-ee-uu\/\",\"name\":\"Sonora en Equipo. Las recompensas por Maduro, Cabello y El Aissami \u201ca\u00fan est\u00e1n activas\u201d en EE.UU. MUNDO\",\"isPartOf\":{\"@id\":\"https:\/\/www.sonoraenequipo.com.mx\/#website\"},\"primaryImageOfPage\":{\"@id\":\"https:\/\/www.sonoraenequipo.com.mx\/las-recompensas-por-maduro-cabello-y-el-aissami-aun-estan-activas-en-ee-uu\/#primaryimage\"},\"image\":{\"@id\":\"https:\/\/www.sonoraenequipo.com.mx\/las-recompensas-por-maduro-cabello-y-el-aissami-aun-estan-activas-en-ee-uu\/#primaryimage\"},\"thumbnailUrl\":\"https:\/\/www.sonoraenequipo.com.mx\/storage\/2023\/07\/buscados-usa.jpg\",\"datePublished\":\"2023-07-29T20:54:23+00:00\",\"description\":\"\u201cA\u00fan est\u00e1n activas\u201d las recompensas millonarias por informaci\u00f3n que permita las capturas y las acusaciones penales en Estados Unidos de l\u00edderes chavistas En Sonora en Equipo publicamos toda la informaci\u00f3n de Sonora, M\u00e9xico y el Mundo de manera oportuna y busca que la libertad de expresi\u00f3n sea real. Visita nuestro medio informativo publicado desde Hermosillo, Sonora. %\",\"breadcrumb\":{\"@id\":\"https:\/\/www.sonoraenequipo.com.mx\/las-recompensas-por-maduro-cabello-y-el-aissami-aun-estan-activas-en-ee-uu\/#breadcrumb\"},\"inLanguage\":\"es\",\"potentialAction\":[{\"@type\":\"ReadAction\",\"target\":[\"https:\/\/www.sonoraenequipo.com.mx\/las-recompensas-por-maduro-cabello-y-el-aissami-aun-estan-activas-en-ee-uu\/\"]}]},{\"@type\":\"ImageObject\",\"inLanguage\":\"es\",\"@id\":\"https:\/\/www.sonoraenequipo.com.mx\/las-recompensas-por-maduro-cabello-y-el-aissami-aun-estan-activas-en-ee-uu\/#primaryimage\",\"url\":\"https:\/\/www.sonoraenequipo.com.mx\/storage\/2023\/07\/buscados-usa.jpg\",\"contentUrl\":\"https:\/\/www.sonoraenequipo.com.mx\/storage\/2023\/07\/buscados-usa.jpg\",\"width\":600,\"height\":400},{\"@type\":\"BreadcrumbList\",\"@id\":\"https:\/\/www.sonoraenequipo.com.mx\/las-recompensas-por-maduro-cabello-y-el-aissami-aun-estan-activas-en-ee-uu\/#breadcrumb\",\"itemListElement\":[{\"@type\":\"ListItem\",\"position\":1,\"name\":\"Portada\",\"item\":\"https:\/\/www.sonoraenequipo.com.mx\/\"},{\"@type\":\"ListItem\",\"position\":2,\"name\":\"Las recompensas por Maduro, Cabello y El Aissami \u201ca\u00fan est\u00e1n activas\u201d en EE.UU.\"}]},{\"@type\":\"WebSite\",\"@id\":\"https:\/\/www.sonoraenequipo.com.mx\/#website\",\"url\":\"https:\/\/www.sonoraenequipo.com.mx\/\",\"name\":\"Sonora en Equipo.\",\"description\":\"Diario en l\u00ednea con Noticias desde Hermosillo, Sonora\",\"publisher\":{\"@id\":\"https:\/\/www.sonoraenequipo.com.mx\/#organization\"},\"potentialAction\":[{\"@type\":\"SearchAction\",\"target\":{\"@type\":\"EntryPoint\",\"urlTemplate\":\"https:\/\/www.sonoraenequipo.com.mx\/?s={search_term_string}\"},\"query-input\":{\"@type\":\"PropertyValueSpecification\",\"valueRequired\":true,\"valueName\":\"search_term_string\"}}],\"inLanguage\":\"es\"},{\"@type\":\"Organization\",\"@id\":\"https:\/\/www.sonoraenequipo.com.mx\/#organization\",\"name\":\"Sonoraenequipo.com.mx\",\"url\":\"https:\/\/www.sonoraenequipo.com.mx\/\",\"logo\":{\"@type\":\"ImageObject\",\"inLanguage\":\"es\",\"@id\":\"https:\/\/www.sonoraenequipo.com.mx\/#\/schema\/logo\/image\/\",\"url\":\"https:\/\/www.sonoraenequipo.com.mx\/storage\/2019\/01\/sonoraenequipo_opt.png\",\"contentUrl\":\"https:\/\/www.sonoraenequipo.com.mx\/storage\/2019\/01\/sonoraenequipo_opt.png\",\"width\":375,\"height\":125,\"caption\":\"Sonoraenequipo.com.mx\"},\"image\":{\"@id\":\"https:\/\/www.sonoraenequipo.com.mx\/#\/schema\/logo\/image\/\"},\"sameAs\":[\"https:\/\/www.facebook.com\/SonoraEE\/\",\"https:\/\/x.com\/sonoraenequipo\",\"https:\/\/www.youtube.com\/channel\/UC338nW-lPEYmJQs4ZABQ1SQ\"]},{\"@type\":\"Person\",\"@id\":\"https:\/\/www.sonoraenequipo.com.mx\/#\/schema\/person\/50102df0fb23a8fa9e8effad8fa81386\",\"name\":\"enequipo\",\"image\":{\"@type\":\"ImageObject\",\"inLanguage\":\"es\",\"@id\":\"https:\/\/www.sonoraenequipo.com.mx\/#\/schema\/person\/image\/\",\"url\":\"https:\/\/secure.gravatar.com\/avatar\/049821681b589dabc0bc20695993ccebb09f5b5d4d790cd9251b97faac7c652b?s=96&d=blank&r=g\",\"contentUrl\":\"https:\/\/secure.gravatar.com\/avatar\/049821681b589dabc0bc20695993ccebb09f5b5d4d790cd9251b97faac7c652b?s=96&d=blank&r=g\",\"caption\":\"enequipo\"},\"sameAs\":[\"https:\/\/www.facebook.com\/SonoraEE\"]}]}<\/script>\n ","yoast_head_json":{"title":"Sonora en Equipo. Las recompensas por Maduro, Cabello y El Aissami \u201ca\u00fan est\u00e1n activas\u201d en EE.UU. MUNDO","description":"\u201cA\u00fan est\u00e1n activas\u201d las recompensas millonarias por informaci\u00f3n que permita las capturas y las acusaciones penales en Estados Unidos de l\u00edderes chavistas En Sonora en Equipo publicamos toda la informaci\u00f3n de Sonora, M\u00e9xico y el Mundo de manera oportuna y busca que la libertad de expresi\u00f3n sea real. Visita nuestro medio informativo publicado desde Hermosillo, Sonora. %","robots":{"index":"index","follow":"follow","max-snippet":"max-snippet:-1","max-image-preview":"max-image-preview:large","max-video-preview":"max-video-preview:-1"},"canonical":"https:\/\/www.sonoraenequipo.com.mx\/las-recompensas-por-maduro-cabello-y-el-aissami-aun-estan-activas-en-ee-uu\/","og_locale":"es_ES","og_type":"article","og_title":"Sonora en Equipo. Las recompensas por Maduro, Cabello y El Aissami \u201ca\u00fan est\u00e1n activas\u201d en EE.UU. MUNDO","og_description":"\u201cA\u00fan est\u00e1n activas\u201d las recompensas millonarias por informaci\u00f3n que permita las capturas y las acusaciones penales en Estados Unidos de l\u00edderes chavistas En Sonora en Equipo publicamos toda la informaci\u00f3n de Sonora, M\u00e9xico y el Mundo de manera oportuna y busca que la libertad de expresi\u00f3n sea real. Visita nuestro medio informativo publicado desde Hermosillo, Sonora. %","og_url":"https:\/\/www.sonoraenequipo.com.mx\/las-recompensas-por-maduro-cabello-y-el-aissami-aun-estan-activas-en-ee-uu\/","og_site_name":"Sonora en Equipo.","article_publisher":"https:\/\/www.facebook.com\/SonoraEE\/","article_author":"https:\/\/www.facebook.com\/SonoraEE","article_published_time":"2023-07-29T20:54:23+00:00","og_image":[{"width":600,"height":400,"url":"https:\/\/www.sonoraenequipo.com.mx\/storage\/2023\/07\/buscados-usa.jpg","type":"image\/jpeg"}],"author":"enequipo","twitter_card":"summary_large_image","twitter_creator":"@sonoraenequipo","twitter_site":"@sonoraenequipo","twitter_misc":{"Escrito por":"enequipo","Tiempo de lectura":"9 minutos"},"schema":{"@context":"https:\/\/schema.org","@graph":[{"@type":"Article","@id":"https:\/\/www.sonoraenequipo.com.mx\/las-recompensas-por-maduro-cabello-y-el-aissami-aun-estan-activas-en-ee-uu\/#article","isPartOf":{"@id":"https:\/\/www.sonoraenequipo.com.mx\/las-recompensas-por-maduro-cabello-y-el-aissami-aun-estan-activas-en-ee-uu\/"},"author":{"name":"enequipo","@id":"https:\/\/www.sonoraenequipo.com.mx\/#\/schema\/person\/50102df0fb23a8fa9e8effad8fa81386"},"headline":"Las recompensas por Maduro, Cabello y El Aissami \u201ca\u00fan est\u00e1n activas\u201d en EE.UU.","datePublished":"2023-07-29T20:54:23+00:00","mainEntityOfPage":{"@id":"https:\/\/www.sonoraenequipo.com.mx\/las-recompensas-por-maduro-cabello-y-el-aissami-aun-estan-activas-en-ee-uu\/"},"wordCount":1782,"commentCount":0,"publisher":{"@id":"https:\/\/www.sonoraenequipo.com.mx\/#organization"},"image":{"@id":"https:\/\/www.sonoraenequipo.com.mx\/las-recompensas-por-maduro-cabello-y-el-aissami-aun-estan-activas-en-ee-uu\/#primaryimage"},"thumbnailUrl":"https:\/\/www.sonoraenequipo.com.mx\/storage\/2023\/07\/buscados-usa.jpg","articleSection":["MUNDO"],"inLanguage":"es","potentialAction":[{"@type":"CommentAction","name":"Comment","target":["https:\/\/www.sonoraenequipo.com.mx\/las-recompensas-por-maduro-cabello-y-el-aissami-aun-estan-activas-en-ee-uu\/#respond"]}]},{"@type":"WebPage","@id":"https:\/\/www.sonoraenequipo.com.mx\/las-recompensas-por-maduro-cabello-y-el-aissami-aun-estan-activas-en-ee-uu\/","url":"https:\/\/www.sonoraenequipo.com.mx\/las-recompensas-por-maduro-cabello-y-el-aissami-aun-estan-activas-en-ee-uu\/","name":"Sonora en Equipo. Las recompensas por Maduro, Cabello y El Aissami \u201ca\u00fan est\u00e1n activas\u201d en EE.UU. MUNDO","isPartOf":{"@id":"https:\/\/www.sonoraenequipo.com.mx\/#website"},"primaryImageOfPage":{"@id":"https:\/\/www.sonoraenequipo.com.mx\/las-recompensas-por-maduro-cabello-y-el-aissami-aun-estan-activas-en-ee-uu\/#primaryimage"},"image":{"@id":"https:\/\/www.sonoraenequipo.com.mx\/las-recompensas-por-maduro-cabello-y-el-aissami-aun-estan-activas-en-ee-uu\/#primaryimage"},"thumbnailUrl":"https:\/\/www.sonoraenequipo.com.mx\/storage\/2023\/07\/buscados-usa.jpg","datePublished":"2023-07-29T20:54:23+00:00","description":"\u201cA\u00fan est\u00e1n activas\u201d las recompensas millonarias por informaci\u00f3n que permita las capturas y las acusaciones penales en Estados Unidos de l\u00edderes chavistas En Sonora en Equipo publicamos toda la informaci\u00f3n de Sonora, M\u00e9xico y el Mundo de manera oportuna y busca que la libertad de expresi\u00f3n sea real. Visita nuestro medio informativo publicado desde Hermosillo, Sonora. %","breadcrumb":{"@id":"https:\/\/www.sonoraenequipo.com.mx\/las-recompensas-por-maduro-cabello-y-el-aissami-aun-estan-activas-en-ee-uu\/#breadcrumb"},"inLanguage":"es","potentialAction":[{"@type":"ReadAction","target":["https:\/\/www.sonoraenequipo.com.mx\/las-recompensas-por-maduro-cabello-y-el-aissami-aun-estan-activas-en-ee-uu\/"]}]},{"@type":"ImageObject","inLanguage":"es","@id":"https:\/\/www.sonoraenequipo.com.mx\/las-recompensas-por-maduro-cabello-y-el-aissami-aun-estan-activas-en-ee-uu\/#primaryimage","url":"https:\/\/www.sonoraenequipo.com.mx\/storage\/2023\/07\/buscados-usa.jpg","contentUrl":"https:\/\/www.sonoraenequipo.com.mx\/storage\/2023\/07\/buscados-usa.jpg","width":600,"height":400},{"@type":"BreadcrumbList","@id":"https:\/\/www.sonoraenequipo.com.mx\/las-recompensas-por-maduro-cabello-y-el-aissami-aun-estan-activas-en-ee-uu\/#breadcrumb","itemListElement":[{"@type":"ListItem","position":1,"name":"Portada","item":"https:\/\/www.sonoraenequipo.com.mx\/"},{"@type":"ListItem","position":2,"name":"Las recompensas por Maduro, Cabello y El Aissami \u201ca\u00fan est\u00e1n activas\u201d en EE.UU."}]},{"@type":"WebSite","@id":"https:\/\/www.sonoraenequipo.com.mx\/#website","url":"https:\/\/www.sonoraenequipo.com.mx\/","name":"Sonora en Equipo.","description":"Diario en l\u00ednea con Noticias desde Hermosillo, Sonora","publisher":{"@id":"https:\/\/www.sonoraenequipo.com.mx\/#organization"},"potentialAction":[{"@type":"SearchAction","target":{"@type":"EntryPoint","urlTemplate":"https:\/\/www.sonoraenequipo.com.mx\/?s={search_term_string}"},"query-input":{"@type":"PropertyValueSpecification","valueRequired":true,"valueName":"search_term_string"}}],"inLanguage":"es"},{"@type":"Organization","@id":"https:\/\/www.sonoraenequipo.com.mx\/#organization","name":"Sonoraenequipo.com.mx","url":"https:\/\/www.sonoraenequipo.com.mx\/","logo":{"@type":"ImageObject","inLanguage":"es","@id":"https:\/\/www.sonoraenequipo.com.mx\/#\/schema\/logo\/image\/","url":"https:\/\/www.sonoraenequipo.com.mx\/storage\/2019\/01\/sonoraenequipo_opt.png","contentUrl":"https:\/\/www.sonoraenequipo.com.mx\/storage\/2019\/01\/sonoraenequipo_opt.png","width":375,"height":125,"caption":"Sonoraenequipo.com.mx"},"image":{"@id":"https:\/\/www.sonoraenequipo.com.mx\/#\/schema\/logo\/image\/"},"sameAs":["https:\/\/www.facebook.com\/SonoraEE\/","https:\/\/x.com\/sonoraenequipo","https:\/\/www.youtube.com\/channel\/UC338nW-lPEYmJQs4ZABQ1SQ"]},{"@type":"Person","@id":"https:\/\/www.sonoraenequipo.com.mx\/#\/schema\/person\/50102df0fb23a8fa9e8effad8fa81386","name":"enequipo","image":{"@type":"ImageObject","inLanguage":"es","@id":"https:\/\/www.sonoraenequipo.com.mx\/#\/schema\/person\/image\/","url":"https:\/\/secure.gravatar.com\/avatar\/049821681b589dabc0bc20695993ccebb09f5b5d4d790cd9251b97faac7c652b?s=96&d=blank&r=g","contentUrl":"https:\/\/secure.gravatar.com\/avatar\/049821681b589dabc0bc20695993ccebb09f5b5d4d790cd9251b97faac7c652b?s=96&d=blank&r=g","caption":"enequipo"},"sameAs":["https:\/\/www.facebook.com\/SonoraEE"]}]}},"jetpack_featured_media_url":"https:\/\/www.sonoraenequipo.com.mx\/storage\/2023\/07\/buscados-usa.jpg","_links":{"self":[{"href":"https:\/\/www.sonoraenequipo.com.mx\/api\/wp\/v2\/posts\/171427","targetHints":{"allow":["GET"]}}],"collection":[{"href":"https:\/\/www.sonoraenequipo.com.mx\/api\/wp\/v2\/posts"}],"about":[{"href":"https:\/\/www.sonoraenequipo.com.mx\/api\/wp\/v2\/types\/post"}],"author":[{"embeddable":true,"href":"https:\/\/www.sonoraenequipo.com.mx\/api\/wp\/v2\/users\/1"}],"replies":[{"embeddable":true,"href":"https:\/\/www.sonoraenequipo.com.mx\/api\/wp\/v2\/comments?post=171427"}],"version-history":[{"count":1,"href":"https:\/\/www.sonoraenequipo.com.mx\/api\/wp\/v2\/posts\/171427\/revisions"}],"predecessor-version":[{"id":171430,"href":"https:\/\/www.sonoraenequipo.com.mx\/api\/wp\/v2\/posts\/171427\/revisions\/171430"}],"wp:featuredmedia":[{"embeddable":true,"href":"https:\/\/www.sonoraenequipo.com.mx\/api\/wp\/v2\/media\/171429"}],"wp:attachment":[{"href":"https:\/\/www.sonoraenequipo.com.mx\/api\/wp\/v2\/media?parent=171427"}],"wp:term":[{"taxonomy":"category","embeddable":true,"href":"https:\/\/www.sonoraenequipo.com.mx\/api\/wp\/v2\/categories?post=171427"},{"taxonomy":"post_tag","embeddable":true,"href":"https:\/\/www.sonoraenequipo.com.mx\/api\/wp\/v2\/tags?post=171427"}],"curies":[{"name":"wp","href":"https:\/\/api.w.org\/{rel}","templated":true}]}}