{"id":171431,"date":"2023-07-29T14:29:44","date_gmt":"2023-07-29T21:29:44","guid":{"rendered":"https:\/\/www.sonoraenequipo.com.mx\/?p=171431"},"modified":"2023-07-29T15:09:05","modified_gmt":"2023-07-29T22:09:05","slug":"denuncia-movimiento-ciudadano-sonora-a-corcholatas-de-morena","status":"publish","type":"post","link":"https:\/\/www.sonoraenequipo.com.mx\/denuncia-movimiento-ciudadano-sonora-a-corcholatas-de-morena\/","title":{"rendered":"Denuncia Movimiento Ciudadano Sonora\u00a0 \u00a0a \u201ccorcholatas\u201d de Morena\u00a0"},"content":{"rendered":"<p><strong>HERMOSILLO, SONORA,MX.<\/strong><strong>\u2500\u2500<\/strong> Movimiento Ciudadano Sonora, representado por Manuel Scott S\u00e1nchez, coordinador estatal, present\u00f3 en la sede del Instituto Nacional Electoral en el estado, recurso de queja en contra de Claudia Sheinbaum Pardo, Marcelo Luis Ebrard Casaub\u00f3n y Ad\u00e1n Augusto L\u00f3pez Hern\u00e1ndez, as\u00ed como de quienes resulten responsables, por la comisi\u00f3n de actos anticipados de precampa\u00f1a y campa\u00f1a; promoci\u00f3n personalizada, y violaci\u00f3n a los principios de imparcialidad y equidad en la contienda.<\/p>\n<p>&nbsp;<\/p>\n<p>Lo anterior derivado de la ejecuci\u00f3n de una estrategia sistem\u00e1tica, permanente, nacional y at\u00edpica para posicionarse de cara al proceso electivo de Morena y del proceso electoral federal 2023- 2024, con la contrataci\u00f3n, difusi\u00f3n y\/o tolerancia de la aparici\u00f3n de propaganda pol\u00edtica que promociona el nombre e imagen de los denunciados.<\/p>\n<p>&nbsp;<\/p>\n<p>Esta publicidad ilegal est\u00e1 construida desde diversos frentes, como la utilizaci\u00f3n de espectaculares, lonas, contenido en redes sociales; todos, vinculados a realizar de manera anticipada, mediante un fraude a las leyes electorales, quebrantando con ello la equidad en la contienda.<\/p>\n<p>&nbsp;<\/p>\n<p>Adem\u00e1s hay una clara violaci\u00f3n al contenido del art\u00edculo 250 inciso d), de la Ley General de Instituciones y Procedimientos Electorales que expresa \u201cEn la colocaci\u00f3n de propaganda electoral los partidos y candidatos observar\u00e1n las siguientes reglas &#8230;inciso d)&#8230; \u00bb No podr\u00e1 fijarse o pintarse en elementos del equipamiento urbano, carretero o ferroviario, ni en accidentes geogr\u00e1ficos cualquiera que sea su r\u00e9gimen jur\u00eddico&#8230;\u201d.<\/p>\n<p>&nbsp;<\/p>\n<p><strong>Fecha de publicaci\u00f3n\u00a0 s\u00e1bado 29 de julio de 2023<\/strong><\/p>\n<p>&nbsp;<\/p>\n","protected":false},"excerpt":{"rendered":"<p>HERMOSILLO, SONORA,MX.\u2500\u2500 Movimiento Ciudadano Sonora, representado por Manuel Scott S\u00e1nchez, coordinador estatal, present\u00f3 en la&#8230;<\/p>\n","protected":false},"author":1,"featured_media":171432,"comment_status":"open","ping_status":"open","sticky":false,"template":"","format":"standard","meta":{"_monsterinsights_skip_tracking":false,"_monsterinsights_sitenote_active":false,"_monsterinsights_sitenote_note":"","_monsterinsights_sitenote_category":0,"footnotes":""},"categories":[22],"tags":[7497,111],"class_list":["post"],"yoast_head":" \n<title>Sonora en Equipo. Denuncia Movimiento Ciudadano Sonora\u00a0 \u00a0a \u201ccorcholatas\u201d de Morena\u00a0 Sonora<\/title>\n<meta name=\"description\" content=\"HERMOSILLO, SONORA,MX.\u2500\u2500 Movimiento Ciudadano Sonora, representado por Manuel Scott S\u00e1nchez, coordinador estatal, present\u00f3 en la sede del Instituto En Sonora en Equipo publicamos toda la informaci\u00f3n de Sonora, M\u00e9xico y el Mundo de manera oportuna y busca que la libertad de expresi\u00f3n sea real. Visita nuestro medio informativo publicado desde Hermosillo, Sonora. %\" \/>\n<meta name=\"robots\" content=\"index, follow, max-snippet:-1, max-image-preview:large, max-video-preview:-1\" \/>\n<link rel=\"canonical\" href=\"https:\/\/www.sonoraenequipo.com.mx\/denuncia-movimiento-ciudadano-sonora-a-corcholatas-de-morena\/\" \/>\n<meta property=\"og:locale\" content=\"es_ES\" \/>\n<meta property=\"og:type\" content=\"article\" \/>\n<meta property=\"og:title\" content=\"Sonora en Equipo. Denuncia Movimiento Ciudadano Sonora\u00a0 \u00a0a \u201ccorcholatas\u201d de Morena\u00a0 Sonora\" \/>\n<meta property=\"og:description\" content=\"HERMOSILLO, SONORA,MX.\u2500\u2500 Movimiento Ciudadano Sonora, representado por Manuel Scott S\u00e1nchez, coordinador estatal, present\u00f3 en la sede del Instituto En Sonora en Equipo publicamos toda la informaci\u00f3n de Sonora, M\u00e9xico y el Mundo de manera oportuna y busca que la libertad de expresi\u00f3n sea real. Visita nuestro medio informativo publicado desde Hermosillo, Sonora. %\" \/>\n<meta property=\"og:url\" content=\"https:\/\/www.sonoraenequipo.com.mx\/denuncia-movimiento-ciudadano-sonora-a-corcholatas-de-morena\/\" \/>\n<meta property=\"og:site_name\" content=\"Sonora en Equipo.\" \/>\n<meta property=\"article:publisher\" content=\"https:\/\/www.facebook.com\/SonoraEE\/\" \/>\n<meta property=\"article:author\" content=\"https:\/\/www.facebook.com\/SonoraEE\" \/>\n<meta property=\"article:published_time\" content=\"2023-07-29T21:29:44+00:00\" \/>\n<meta property=\"article:modified_time\" content=\"2023-07-29T22:09:05+00:00\" \/>\n<meta property=\"og:image\" content=\"https:\/\/www.sonoraenequipo.com.mx\/storage\/2023\/07\/MC-2.jpg\" \/>\n\t<meta property=\"og:image:width\" content=\"600\" \/>\n\t<meta property=\"og:image:height\" content=\"400\" \/>\n\t<meta property=\"og:image:type\" content=\"image\/jpeg\" \/>\n<meta name=\"author\" content=\"enequipo\" \/>\n<meta name=\"twitter:card\" content=\"summary_large_image\" \/>\n<meta name=\"twitter:creator\" content=\"@sonoraenequipo\" \/>\n<meta name=\"twitter:site\" content=\"@sonoraenequipo\" \/>\n<meta name=\"twitter:label1\" content=\"Escrito por\" \/>\n\t<meta name=\"twitter:data1\" content=\"enequipo\" \/>\n\t<meta name=\"twitter:label2\" content=\"Tiempo de lectura\" \/>\n\t<meta name=\"twitter:data2\" content=\"1 minuto\" \/>\n<script type=\"application\/ld+json\" class=\"yoast-schema-graph\">{\"@context\":\"https:\/\/schema.org\",\"@graph\":[{\"@type\":\"Article\",\"@id\":\"https:\/\/www.sonoraenequipo.com.mx\/denuncia-movimiento-ciudadano-sonora-a-corcholatas-de-morena\/#article\",\"isPartOf\":{\"@id\":\"https:\/\/www.sonoraenequipo.com.mx\/denuncia-movimiento-ciudadano-sonora-a-corcholatas-de-morena\/\"},\"author\":{\"name\":\"enequipo\",\"@id\":\"https:\/\/www.sonoraenequipo.com.mx\/#\/schema\/person\/50102df0fb23a8fa9e8effad8fa81386\"},\"headline\":\"Denuncia Movimiento Ciudadano Sonora\u00a0 \u00a0a \u201ccorcholatas\u201d de Morena\u00a0\",\"datePublished\":\"2023-07-29T21:29:44+00:00\",\"dateModified\":\"2023-07-29T22:09:05+00:00\",\"mainEntityOfPage\":{\"@id\":\"https:\/\/www.sonoraenequipo.com.mx\/denuncia-movimiento-ciudadano-sonora-a-corcholatas-de-morena\/\"},\"wordCount\":272,\"commentCount\":0,\"publisher\":{\"@id\":\"https:\/\/www.sonoraenequipo.com.mx\/#organization\"},\"image\":{\"@id\":\"https:\/\/www.sonoraenequipo.com.mx\/denuncia-movimiento-ciudadano-sonora-a-corcholatas-de-morena\/#primaryimage\"},\"thumbnailUrl\":\"https:\/\/www.sonoraenequipo.com.mx\/storage\/2023\/07\/MC-2.jpg\",\"keywords\":[\"2024\",\"elecciones\"],\"articleSection\":[\"Sonora\"],\"inLanguage\":\"es\",\"potentialAction\":[{\"@type\":\"CommentAction\",\"name\":\"Comment\",\"target\":[\"https:\/\/www.sonoraenequipo.com.mx\/denuncia-movimiento-ciudadano-sonora-a-corcholatas-de-morena\/#respond\"]}]},{\"@type\":\"WebPage\",\"@id\":\"https:\/\/www.sonoraenequipo.com.mx\/denuncia-movimiento-ciudadano-sonora-a-corcholatas-de-morena\/\",\"url\":\"https:\/\/www.sonoraenequipo.com.mx\/denuncia-movimiento-ciudadano-sonora-a-corcholatas-de-morena\/\",\"name\":\"Sonora en Equipo. Denuncia Movimiento Ciudadano Sonora\u00a0 \u00a0a \u201ccorcholatas\u201d de Morena\u00a0 Sonora\",\"isPartOf\":{\"@id\":\"https:\/\/www.sonoraenequipo.com.mx\/#website\"},\"primaryImageOfPage\":{\"@id\":\"https:\/\/www.sonoraenequipo.com.mx\/denuncia-movimiento-ciudadano-sonora-a-corcholatas-de-morena\/#primaryimage\"},\"image\":{\"@id\":\"https:\/\/www.sonoraenequipo.com.mx\/denuncia-movimiento-ciudadano-sonora-a-corcholatas-de-morena\/#primaryimage\"},\"thumbnailUrl\":\"https:\/\/www.sonoraenequipo.com.mx\/storage\/2023\/07\/MC-2.jpg\",\"datePublished\":\"2023-07-29T21:29:44+00:00\",\"dateModified\":\"2023-07-29T22:09:05+00:00\",\"description\":\"HERMOSILLO, SONORA,MX.\u2500\u2500 Movimiento Ciudadano Sonora, representado por Manuel Scott S\u00e1nchez, coordinador estatal, present\u00f3 en la sede del Instituto En Sonora en Equipo publicamos toda la informaci\u00f3n de Sonora, M\u00e9xico y el Mundo de manera oportuna y busca que la libertad de expresi\u00f3n sea real. Visita nuestro medio informativo publicado desde Hermosillo, Sonora. %\",\"breadcrumb\":{\"@id\":\"https:\/\/www.sonoraenequipo.com.mx\/denuncia-movimiento-ciudadano-sonora-a-corcholatas-de-morena\/#breadcrumb\"},\"inLanguage\":\"es\",\"potentialAction\":[{\"@type\":\"ReadAction\",\"target\":[\"https:\/\/www.sonoraenequipo.com.mx\/denuncia-movimiento-ciudadano-sonora-a-corcholatas-de-morena\/\"]}]},{\"@type\":\"ImageObject\",\"inLanguage\":\"es\",\"@id\":\"https:\/\/www.sonoraenequipo.com.mx\/denuncia-movimiento-ciudadano-sonora-a-corcholatas-de-morena\/#primaryimage\",\"url\":\"https:\/\/www.sonoraenequipo.com.mx\/storage\/2023\/07\/MC-2.jpg\",\"contentUrl\":\"https:\/\/www.sonoraenequipo.com.mx\/storage\/2023\/07\/MC-2.jpg\",\"width\":600,\"height\":400},{\"@type\":\"BreadcrumbList\",\"@id\":\"https:\/\/www.sonoraenequipo.com.mx\/denuncia-movimiento-ciudadano-sonora-a-corcholatas-de-morena\/#breadcrumb\",\"itemListElement\":[{\"@type\":\"ListItem\",\"position\":1,\"name\":\"Portada\",\"item\":\"https:\/\/www.sonoraenequipo.com.mx\/\"},{\"@type\":\"ListItem\",\"position\":2,\"name\":\"Denuncia Movimiento Ciudadano Sonora\u00a0 \u00a0a \u201ccorcholatas\u201d de Morena\u00a0\"}]},{\"@type\":\"WebSite\",\"@id\":\"https:\/\/www.sonoraenequipo.com.mx\/#website\",\"url\":\"https:\/\/www.sonoraenequipo.com.mx\/\",\"name\":\"Sonora en Equipo.\",\"description\":\"Diario en l\u00ednea con Noticias desde Hermosillo, Sonora\",\"publisher\":{\"@id\":\"https:\/\/www.sonoraenequipo.com.mx\/#organization\"},\"potentialAction\":[{\"@type\":\"SearchAction\",\"target\":{\"@type\":\"EntryPoint\",\"urlTemplate\":\"https:\/\/www.sonoraenequipo.com.mx\/?s={search_term_string}\"},\"query-input\":{\"@type\":\"PropertyValueSpecification\",\"valueRequired\":true,\"valueName\":\"search_term_string\"}}],\"inLanguage\":\"es\"},{\"@type\":\"Organization\",\"@id\":\"https:\/\/www.sonoraenequipo.com.mx\/#organization\",\"name\":\"Sonoraenequipo.com.mx\",\"url\":\"https:\/\/www.sonoraenequipo.com.mx\/\",\"logo\":{\"@type\":\"ImageObject\",\"inLanguage\":\"es\",\"@id\":\"https:\/\/www.sonoraenequipo.com.mx\/#\/schema\/logo\/image\/\",\"url\":\"https:\/\/www.sonoraenequipo.com.mx\/storage\/2019\/01\/sonoraenequipo_opt.png\",\"contentUrl\":\"https:\/\/www.sonoraenequipo.com.mx\/storage\/2019\/01\/sonoraenequipo_opt.png\",\"width\":375,\"height\":125,\"caption\":\"Sonoraenequipo.com.mx\"},\"image\":{\"@id\":\"https:\/\/www.sonoraenequipo.com.mx\/#\/schema\/logo\/image\/\"},\"sameAs\":[\"https:\/\/www.facebook.com\/SonoraEE\/\",\"https:\/\/x.com\/sonoraenequipo\",\"https:\/\/www.youtube.com\/channel\/UC338nW-lPEYmJQs4ZABQ1SQ\"]},{\"@type\":\"Person\",\"@id\":\"https:\/\/www.sonoraenequipo.com.mx\/#\/schema\/person\/50102df0fb23a8fa9e8effad8fa81386\",\"name\":\"enequipo\",\"image\":{\"@type\":\"ImageObject\",\"inLanguage\":\"es\",\"@id\":\"https:\/\/www.sonoraenequipo.com.mx\/#\/schema\/person\/image\/\",\"url\":\"https:\/\/secure.gravatar.com\/avatar\/049821681b589dabc0bc20695993ccebb09f5b5d4d790cd9251b97faac7c652b?s=96&d=blank&r=g\",\"contentUrl\":\"https:\/\/secure.gravatar.com\/avatar\/049821681b589dabc0bc20695993ccebb09f5b5d4d790cd9251b97faac7c652b?s=96&d=blank&r=g\",\"caption\":\"enequipo\"},\"sameAs\":[\"https:\/\/www.facebook.com\/SonoraEE\"]}]}<\/script>\n ","yoast_head_json":{"title":"Sonora en Equipo. Denuncia Movimiento Ciudadano Sonora\u00a0 \u00a0a \u201ccorcholatas\u201d de Morena\u00a0 Sonora","description":"HERMOSILLO, SONORA,MX.\u2500\u2500 Movimiento Ciudadano Sonora, representado por Manuel Scott S\u00e1nchez, coordinador estatal, present\u00f3 en la sede del Instituto En Sonora en Equipo publicamos toda la informaci\u00f3n de Sonora, M\u00e9xico y el Mundo de manera oportuna y busca que la libertad de expresi\u00f3n sea real. Visita nuestro medio informativo publicado desde Hermosillo, Sonora. %","robots":{"index":"index","follow":"follow","max-snippet":"max-snippet:-1","max-image-preview":"max-image-preview:large","max-video-preview":"max-video-preview:-1"},"canonical":"https:\/\/www.sonoraenequipo.com.mx\/denuncia-movimiento-ciudadano-sonora-a-corcholatas-de-morena\/","og_locale":"es_ES","og_type":"article","og_title":"Sonora en Equipo. Denuncia Movimiento Ciudadano Sonora\u00a0 \u00a0a \u201ccorcholatas\u201d de Morena\u00a0 Sonora","og_description":"HERMOSILLO, SONORA,MX.\u2500\u2500 Movimiento Ciudadano Sonora, representado por Manuel Scott S\u00e1nchez, coordinador estatal, present\u00f3 en la sede del Instituto En Sonora en Equipo publicamos toda la informaci\u00f3n de Sonora, M\u00e9xico y el Mundo de manera oportuna y busca que la libertad de expresi\u00f3n sea real. Visita nuestro medio informativo publicado desde Hermosillo, Sonora. %","og_url":"https:\/\/www.sonoraenequipo.com.mx\/denuncia-movimiento-ciudadano-sonora-a-corcholatas-de-morena\/","og_site_name":"Sonora en Equipo.","article_publisher":"https:\/\/www.facebook.com\/SonoraEE\/","article_author":"https:\/\/www.facebook.com\/SonoraEE","article_published_time":"2023-07-29T21:29:44+00:00","article_modified_time":"2023-07-29T22:09:05+00:00","og_image":[{"width":600,"height":400,"url":"https:\/\/www.sonoraenequipo.com.mx\/storage\/2023\/07\/MC-2.jpg","type":"image\/jpeg"}],"author":"enequipo","twitter_card":"summary_large_image","twitter_creator":"@sonoraenequipo","twitter_site":"@sonoraenequipo","twitter_misc":{"Escrito por":"enequipo","Tiempo de lectura":"1 minuto"},"schema":{"@context":"https:\/\/schema.org","@graph":[{"@type":"Article","@id":"https:\/\/www.sonoraenequipo.com.mx\/denuncia-movimiento-ciudadano-sonora-a-corcholatas-de-morena\/#article","isPartOf":{"@id":"https:\/\/www.sonoraenequipo.com.mx\/denuncia-movimiento-ciudadano-sonora-a-corcholatas-de-morena\/"},"author":{"name":"enequipo","@id":"https:\/\/www.sonoraenequipo.com.mx\/#\/schema\/person\/50102df0fb23a8fa9e8effad8fa81386"},"headline":"Denuncia Movimiento Ciudadano Sonora\u00a0 \u00a0a \u201ccorcholatas\u201d de Morena\u00a0","datePublished":"2023-07-29T21:29:44+00:00","dateModified":"2023-07-29T22:09:05+00:00","mainEntityOfPage":{"@id":"https:\/\/www.sonoraenequipo.com.mx\/denuncia-movimiento-ciudadano-sonora-a-corcholatas-de-morena\/"},"wordCount":272,"commentCount":0,"publisher":{"@id":"https:\/\/www.sonoraenequipo.com.mx\/#organization"},"image":{"@id":"https:\/\/www.sonoraenequipo.com.mx\/denuncia-movimiento-ciudadano-sonora-a-corcholatas-de-morena\/#primaryimage"},"thumbnailUrl":"https:\/\/www.sonoraenequipo.com.mx\/storage\/2023\/07\/MC-2.jpg","keywords":["2024","elecciones"],"articleSection":["Sonora"],"inLanguage":"es","potentialAction":[{"@type":"CommentAction","name":"Comment","target":["https:\/\/www.sonoraenequipo.com.mx\/denuncia-movimiento-ciudadano-sonora-a-corcholatas-de-morena\/#respond"]}]},{"@type":"WebPage","@id":"https:\/\/www.sonoraenequipo.com.mx\/denuncia-movimiento-ciudadano-sonora-a-corcholatas-de-morena\/","url":"https:\/\/www.sonoraenequipo.com.mx\/denuncia-movimiento-ciudadano-sonora-a-corcholatas-de-morena\/","name":"Sonora en Equipo. Denuncia Movimiento Ciudadano Sonora\u00a0 \u00a0a \u201ccorcholatas\u201d de Morena\u00a0 Sonora","isPartOf":{"@id":"https:\/\/www.sonoraenequipo.com.mx\/#website"},"primaryImageOfPage":{"@id":"https:\/\/www.sonoraenequipo.com.mx\/denuncia-movimiento-ciudadano-sonora-a-corcholatas-de-morena\/#primaryimage"},"image":{"@id":"https:\/\/www.sonoraenequipo.com.mx\/denuncia-movimiento-ciudadano-sonora-a-corcholatas-de-morena\/#primaryimage"},"thumbnailUrl":"https:\/\/www.sonoraenequipo.com.mx\/storage\/2023\/07\/MC-2.jpg","datePublished":"2023-07-29T21:29:44+00:00","dateModified":"2023-07-29T22:09:05+00:00","description":"HERMOSILLO, SONORA,MX.\u2500\u2500 Movimiento Ciudadano Sonora, representado por Manuel Scott S\u00e1nchez, coordinador estatal, present\u00f3 en la sede del Instituto En Sonora en Equipo publicamos toda la informaci\u00f3n de Sonora, M\u00e9xico y el Mundo de manera oportuna y busca que la libertad de expresi\u00f3n sea real. Visita nuestro medio informativo publicado desde Hermosillo, Sonora. %","breadcrumb":{"@id":"https:\/\/www.sonoraenequipo.com.mx\/denuncia-movimiento-ciudadano-sonora-a-corcholatas-de-morena\/#breadcrumb"},"inLanguage":"es","potentialAction":[{"@type":"ReadAction","target":["https:\/\/www.sonoraenequipo.com.mx\/denuncia-movimiento-ciudadano-sonora-a-corcholatas-de-morena\/"]}]},{"@type":"ImageObject","inLanguage":"es","@id":"https:\/\/www.sonoraenequipo.com.mx\/denuncia-movimiento-ciudadano-sonora-a-corcholatas-de-morena\/#primaryimage","url":"https:\/\/www.sonoraenequipo.com.mx\/storage\/2023\/07\/MC-2.jpg","contentUrl":"https:\/\/www.sonoraenequipo.com.mx\/storage\/2023\/07\/MC-2.jpg","width":600,"height":400},{"@type":"BreadcrumbList","@id":"https:\/\/www.sonoraenequipo.com.mx\/denuncia-movimiento-ciudadano-sonora-a-corcholatas-de-morena\/#breadcrumb","itemListElement":[{"@type":"ListItem","position":1,"name":"Portada","item":"https:\/\/www.sonoraenequipo.com.mx\/"},{"@type":"ListItem","position":2,"name":"Denuncia Movimiento Ciudadano Sonora\u00a0 \u00a0a \u201ccorcholatas\u201d de Morena\u00a0"}]},{"@type":"WebSite","@id":"https:\/\/www.sonoraenequipo.com.mx\/#website","url":"https:\/\/www.sonoraenequipo.com.mx\/","name":"Sonora en Equipo.","description":"Diario en l\u00ednea con Noticias desde Hermosillo, Sonora","publisher":{"@id":"https:\/\/www.sonoraenequipo.com.mx\/#organization"},"potentialAction":[{"@type":"SearchAction","target":{"@type":"EntryPoint","urlTemplate":"https:\/\/www.sonoraenequipo.com.mx\/?s={search_term_string}"},"query-input":{"@type":"PropertyValueSpecification","valueRequired":true,"valueName":"search_term_string"}}],"inLanguage":"es"},{"@type":"Organization","@id":"https:\/\/www.sonoraenequipo.com.mx\/#organization","name":"Sonoraenequipo.com.mx","url":"https:\/\/www.sonoraenequipo.com.mx\/","logo":{"@type":"ImageObject","inLanguage":"es","@id":"https:\/\/www.sonoraenequipo.com.mx\/#\/schema\/logo\/image\/","url":"https:\/\/www.sonoraenequipo.com.mx\/storage\/2019\/01\/sonoraenequipo_opt.png","contentUrl":"https:\/\/www.sonoraenequipo.com.mx\/storage\/2019\/01\/sonoraenequipo_opt.png","width":375,"height":125,"caption":"Sonoraenequipo.com.mx"},"image":{"@id":"https:\/\/www.sonoraenequipo.com.mx\/#\/schema\/logo\/image\/"},"sameAs":["https:\/\/www.facebook.com\/SonoraEE\/","https:\/\/x.com\/sonoraenequipo","https:\/\/www.youtube.com\/channel\/UC338nW-lPEYmJQs4ZABQ1SQ"]},{"@type":"Person","@id":"https:\/\/www.sonoraenequipo.com.mx\/#\/schema\/person\/50102df0fb23a8fa9e8effad8fa81386","name":"enequipo","image":{"@type":"ImageObject","inLanguage":"es","@id":"https:\/\/www.sonoraenequipo.com.mx\/#\/schema\/person\/image\/","url":"https:\/\/secure.gravatar.com\/avatar\/049821681b589dabc0bc20695993ccebb09f5b5d4d790cd9251b97faac7c652b?s=96&d=blank&r=g","contentUrl":"https:\/\/secure.gravatar.com\/avatar\/049821681b589dabc0bc20695993ccebb09f5b5d4d790cd9251b97faac7c652b?s=96&d=blank&r=g","caption":"enequipo"},"sameAs":["https:\/\/www.facebook.com\/SonoraEE"]}]}},"jetpack_featured_media_url":"https:\/\/www.sonoraenequipo.com.mx\/storage\/2023\/07\/MC-2.jpg","_links":{"self":[{"href":"https:\/\/www.sonoraenequipo.com.mx\/api\/wp\/v2\/posts\/171431","targetHints":{"allow":["GET"]}}],"collection":[{"href":"https:\/\/www.sonoraenequipo.com.mx\/api\/wp\/v2\/posts"}],"about":[{"href":"https:\/\/www.sonoraenequipo.com.mx\/api\/wp\/v2\/types\/post"}],"author":[{"embeddable":true,"href":"https:\/\/www.sonoraenequipo.com.mx\/api\/wp\/v2\/users\/1"}],"replies":[{"embeddable":true,"href":"https:\/\/www.sonoraenequipo.com.mx\/api\/wp\/v2\/comments?post=171431"}],"version-history":[{"count":2,"href":"https:\/\/www.sonoraenequipo.com.mx\/api\/wp\/v2\/posts\/171431\/revisions"}],"predecessor-version":[{"id":171435,"href":"https:\/\/www.sonoraenequipo.com.mx\/api\/wp\/v2\/posts\/171431\/revisions\/171435"}],"wp:featuredmedia":[{"embeddable":true,"href":"https:\/\/www.sonoraenequipo.com.mx\/api\/wp\/v2\/media\/171432"}],"wp:attachment":[{"href":"https:\/\/www.sonoraenequipo.com.mx\/api\/wp\/v2\/media?parent=171431"}],"wp:term":[{"taxonomy":"category","embeddable":true,"href":"https:\/\/www.sonoraenequipo.com.mx\/api\/wp\/v2\/categories?post=171431"},{"taxonomy":"post_tag","embeddable":true,"href":"https:\/\/www.sonoraenequipo.com.mx\/api\/wp\/v2\/tags?post=171431"}],"curies":[{"name":"wp","href":"https:\/\/api.w.org\/{rel}","templated":true}]}}