{"id":171463,"date":"2023-07-29T15:10:09","date_gmt":"2023-07-29T22:10:09","guid":{"rendered":"https:\/\/www.sonoraenequipo.com.mx\/?p=171463"},"modified":"2023-07-30T11:01:00","modified_gmt":"2023-07-30T18:01:00","slug":"alerta-polonia-la-presencia-de-mercenarios-de-wagner-en-la-frontera-entre-bielorrusia-lituania-y-polonia","status":"publish","type":"post","link":"https:\/\/www.sonoraenequipo.com.mx\/alerta-polonia-la-presencia-de-mercenarios-de-wagner-en-la-frontera-entre-bielorrusia-lituania-y-polonia\/","title":{"rendered":"Alerta Polonia la presencia de mercenarios de Wagner en la frontera entre Bielorrusia, Lituania y Polonia"},"content":{"rendered":"<p><strong>POLONIA.<\/strong> \u2014 El primer ministro de Polonia, Mateusz Morawiecki, emite una advertencia sobre la presencia de m\u00e1s de un centenar de combatientes del Grupo Wagner ruso, que se encuentran avanzando hacia el corredor de Suwalki, ubicado en la frontera entre Lituania, Polonia, Bielorrusia y el exclave ruso de Kaliningrado.<\/p>\n<p>&nbsp;<\/p>\n<p> <\/p>\n<p>&nbsp;<\/p>\n<p>Morawiecki alerta sobre la posibilidad de que estos miembros de Wagner intenten cruzar la frontera disfrazados de migrantes, e informa que se encuentran cerca de Grodno, una ciudad situada en el oeste de Bielorrusia.<\/p>\n<p>&nbsp;<\/p>\n<p>El primer ministro polaco reitera las acusaciones contra Bielorrusia, alegando que el pa\u00eds est\u00e1 utilizando a los migrantes para generar una crisis en la frontera con Polonia y que ahora habr\u00edan enviado a los combatientes de Wagner a la zona.<\/p>\n<p>&nbsp;<\/p>\n<p>El dirigente polaco expresa su preocupaci\u00f3n de que los miembros de Wagner puedan estar disfrazados de guardias fronterizos bielorrusos con el fin de ayudar a migrantes ilegales a ingresar a territorio polaco y as\u00ed desestabilizar al pa\u00eds. Tambi\u00e9n advierte que intentar\u00edan infiltrarse en Polonia haci\u00e9ndose pasar por inmigrantes ilegales, lo que representa un riesgo adicional para la seguridad nacional.<\/p>\n<p>&nbsp;<\/p>\n<p>Morawiecki denuncia que durante el presente a\u00f1o se han registrado aproximadamente 16.000 intentos de cruzar ilegalmente la frontera, tras ser supuestamente \u00abempujados hacia Polonia\u00bb por el presidente bielorruso, Alexander Lukashenko, y el presidente ruso, Vladimir Putin.<\/p>\n<p>&nbsp;<\/p>\n<p>El corredor de Suwalki es una franja de unos 70 kil\u00f3metros de longitud, relativamente despoblada, que sirve como frontera entre Lituania y Polonia; sin embargo, en sus extremos colinda con territorio bielorruso por un lado y con el exclave ruso de Kaliningrado por el otro.<\/p>\n<p>&nbsp;<\/p>\n<p>Es importante destacar que miles de combatientes del Grupo Wagner se exiliaron a Bielorrusia en junio, despu\u00e9s de una rebeli\u00f3n del grupo contra las autoridades rusas, que se desencaden\u00f3 tras meses de conflicto armado en Ucrania.<\/p>\n<p>&nbsp;<\/p>\n<p>&nbsp;<\/p>\n<p>PUBLICADO EL 29 DE JULIO DE 2023\/<\/p>\n","protected":false},"excerpt":{"rendered":"<p>POLONIA. \u2014 El primer ministro de Polonia, Mateusz Morawiecki, emite una advertencia sobre la presencia&#8230;<\/p>\n","protected":false},"author":1,"featured_media":171448,"comment_status":"open","ping_status":"open","sticky":false,"template":"","format":"standard","meta":{"_monsterinsights_skip_tracking":false,"_monsterinsights_sitenote_active":false,"_monsterinsights_sitenote_note":"","_monsterinsights_sitenote_category":0,"footnotes":""},"categories":[3],"tags":[],"class_list":["post"],"yoast_head":" \n<title>Sonora en Equipo. Alerta Polonia la presencia de mercenarios de Wagner en la frontera entre Bielorrusia, Lituania y Polonia MUNDO<\/title>\n<meta name=\"description\" content=\"POLONIA. \u2014 El primer ministro de Polonia, Mateusz Morawiecki, emite una advertencia sobre la presencia de m\u00e1s de un centenar de combatientes del Grupo En Sonora en Equipo publicamos toda la informaci\u00f3n de Sonora, M\u00e9xico y el Mundo de manera oportuna y busca que la libertad de expresi\u00f3n sea real. Visita nuestro medio informativo publicado desde Hermosillo, Sonora. %\" \/>\n<meta name=\"robots\" content=\"index, follow, max-snippet:-1, max-image-preview:large, max-video-preview:-1\" \/>\n<link rel=\"canonical\" href=\"https:\/\/www.sonoraenequipo.com.mx\/alerta-polonia-la-presencia-de-mercenarios-de-wagner-en-la-frontera-entre-bielorrusia-lituania-y-polonia\/\" \/>\n<meta property=\"og:locale\" content=\"es_ES\" \/>\n<meta property=\"og:type\" content=\"article\" \/>\n<meta property=\"og:title\" content=\"Sonora en Equipo. Alerta Polonia la presencia de mercenarios de Wagner en la frontera entre Bielorrusia, Lituania y Polonia MUNDO\" \/>\n<meta property=\"og:description\" content=\"POLONIA. \u2014 El primer ministro de Polonia, Mateusz Morawiecki, emite una advertencia sobre la presencia de m\u00e1s de un centenar de combatientes del Grupo En Sonora en Equipo publicamos toda la informaci\u00f3n de Sonora, M\u00e9xico y el Mundo de manera oportuna y busca que la libertad de expresi\u00f3n sea real. Visita nuestro medio informativo publicado desde Hermosillo, Sonora. %\" \/>\n<meta property=\"og:url\" content=\"https:\/\/www.sonoraenequipo.com.mx\/alerta-polonia-la-presencia-de-mercenarios-de-wagner-en-la-frontera-entre-bielorrusia-lituania-y-polonia\/\" \/>\n<meta property=\"og:site_name\" content=\"Sonora en Equipo.\" \/>\n<meta property=\"article:publisher\" content=\"https:\/\/www.facebook.com\/SonoraEE\/\" \/>\n<meta property=\"article:author\" content=\"https:\/\/www.facebook.com\/SonoraEE\" \/>\n<meta property=\"article:published_time\" content=\"2023-07-29T22:10:09+00:00\" \/>\n<meta property=\"article:modified_time\" content=\"2023-07-30T18:01:00+00:00\" \/>\n<meta property=\"og:image\" content=\"https:\/\/www.sonoraenequipo.com.mx\/storage\/2023\/07\/polonia...-min.jpg\" \/>\n\t<meta property=\"og:image:width\" content=\"900\" \/>\n\t<meta property=\"og:image:height\" content=\"600\" \/>\n\t<meta property=\"og:image:type\" content=\"image\/jpeg\" \/>\n<meta name=\"author\" content=\"enequipo\" \/>\n<meta name=\"twitter:card\" content=\"summary_large_image\" \/>\n<meta name=\"twitter:creator\" content=\"@sonoraenequipo\" \/>\n<meta name=\"twitter:site\" content=\"@sonoraenequipo\" \/>\n<meta name=\"twitter:label1\" content=\"Escrito por\" \/>\n\t<meta name=\"twitter:data1\" content=\"enequipo\" \/>\n\t<meta name=\"twitter:label2\" content=\"Tiempo de lectura\" \/>\n\t<meta name=\"twitter:data2\" content=\"2 minutos\" \/>\n<script type=\"application\/ld+json\" class=\"yoast-schema-graph\">{\"@context\":\"https:\/\/schema.org\",\"@graph\":[{\"@type\":\"Article\",\"@id\":\"https:\/\/www.sonoraenequipo.com.mx\/alerta-polonia-la-presencia-de-mercenarios-de-wagner-en-la-frontera-entre-bielorrusia-lituania-y-polonia\/#article\",\"isPartOf\":{\"@id\":\"https:\/\/www.sonoraenequipo.com.mx\/alerta-polonia-la-presencia-de-mercenarios-de-wagner-en-la-frontera-entre-bielorrusia-lituania-y-polonia\/\"},\"author\":{\"name\":\"enequipo\",\"@id\":\"https:\/\/www.sonoraenequipo.com.mx\/#\/schema\/person\/50102df0fb23a8fa9e8effad8fa81386\"},\"headline\":\"Alerta Polonia la presencia de mercenarios de Wagner en la frontera entre Bielorrusia, Lituania y Polonia\",\"datePublished\":\"2023-07-29T22:10:09+00:00\",\"dateModified\":\"2023-07-30T18:01:00+00:00\",\"mainEntityOfPage\":{\"@id\":\"https:\/\/www.sonoraenequipo.com.mx\/alerta-polonia-la-presencia-de-mercenarios-de-wagner-en-la-frontera-entre-bielorrusia-lituania-y-polonia\/\"},\"wordCount\":338,\"commentCount\":0,\"publisher\":{\"@id\":\"https:\/\/www.sonoraenequipo.com.mx\/#organization\"},\"image\":{\"@id\":\"https:\/\/www.sonoraenequipo.com.mx\/alerta-polonia-la-presencia-de-mercenarios-de-wagner-en-la-frontera-entre-bielorrusia-lituania-y-polonia\/#primaryimage\"},\"thumbnailUrl\":\"https:\/\/www.sonoraenequipo.com.mx\/storage\/2023\/07\/polonia...-min.jpg\",\"articleSection\":[\"MUNDO\"],\"inLanguage\":\"es\",\"potentialAction\":[{\"@type\":\"CommentAction\",\"name\":\"Comment\",\"target\":[\"https:\/\/www.sonoraenequipo.com.mx\/alerta-polonia-la-presencia-de-mercenarios-de-wagner-en-la-frontera-entre-bielorrusia-lituania-y-polonia\/#respond\"]}]},{\"@type\":\"WebPage\",\"@id\":\"https:\/\/www.sonoraenequipo.com.mx\/alerta-polonia-la-presencia-de-mercenarios-de-wagner-en-la-frontera-entre-bielorrusia-lituania-y-polonia\/\",\"url\":\"https:\/\/www.sonoraenequipo.com.mx\/alerta-polonia-la-presencia-de-mercenarios-de-wagner-en-la-frontera-entre-bielorrusia-lituania-y-polonia\/\",\"name\":\"Sonora en Equipo. Alerta Polonia la presencia de mercenarios de Wagner en la frontera entre Bielorrusia, Lituania y Polonia MUNDO\",\"isPartOf\":{\"@id\":\"https:\/\/www.sonoraenequipo.com.mx\/#website\"},\"primaryImageOfPage\":{\"@id\":\"https:\/\/www.sonoraenequipo.com.mx\/alerta-polonia-la-presencia-de-mercenarios-de-wagner-en-la-frontera-entre-bielorrusia-lituania-y-polonia\/#primaryimage\"},\"image\":{\"@id\":\"https:\/\/www.sonoraenequipo.com.mx\/alerta-polonia-la-presencia-de-mercenarios-de-wagner-en-la-frontera-entre-bielorrusia-lituania-y-polonia\/#primaryimage\"},\"thumbnailUrl\":\"https:\/\/www.sonoraenequipo.com.mx\/storage\/2023\/07\/polonia...-min.jpg\",\"datePublished\":\"2023-07-29T22:10:09+00:00\",\"dateModified\":\"2023-07-30T18:01:00+00:00\",\"description\":\"POLONIA. \u2014 El primer ministro de Polonia, Mateusz Morawiecki, emite una advertencia sobre la presencia de m\u00e1s de un centenar de combatientes del Grupo En Sonora en Equipo publicamos toda la informaci\u00f3n de Sonora, M\u00e9xico y el Mundo de manera oportuna y busca que la libertad de expresi\u00f3n sea real. Visita nuestro medio informativo publicado desde Hermosillo, Sonora. %\",\"breadcrumb\":{\"@id\":\"https:\/\/www.sonoraenequipo.com.mx\/alerta-polonia-la-presencia-de-mercenarios-de-wagner-en-la-frontera-entre-bielorrusia-lituania-y-polonia\/#breadcrumb\"},\"inLanguage\":\"es\",\"potentialAction\":[{\"@type\":\"ReadAction\",\"target\":[\"https:\/\/www.sonoraenequipo.com.mx\/alerta-polonia-la-presencia-de-mercenarios-de-wagner-en-la-frontera-entre-bielorrusia-lituania-y-polonia\/\"]}]},{\"@type\":\"ImageObject\",\"inLanguage\":\"es\",\"@id\":\"https:\/\/www.sonoraenequipo.com.mx\/alerta-polonia-la-presencia-de-mercenarios-de-wagner-en-la-frontera-entre-bielorrusia-lituania-y-polonia\/#primaryimage\",\"url\":\"https:\/\/www.sonoraenequipo.com.mx\/storage\/2023\/07\/polonia...-min.jpg\",\"contentUrl\":\"https:\/\/www.sonoraenequipo.com.mx\/storage\/2023\/07\/polonia...-min.jpg\",\"width\":900,\"height\":600},{\"@type\":\"BreadcrumbList\",\"@id\":\"https:\/\/www.sonoraenequipo.com.mx\/alerta-polonia-la-presencia-de-mercenarios-de-wagner-en-la-frontera-entre-bielorrusia-lituania-y-polonia\/#breadcrumb\",\"itemListElement\":[{\"@type\":\"ListItem\",\"position\":1,\"name\":\"Portada\",\"item\":\"https:\/\/www.sonoraenequipo.com.mx\/\"},{\"@type\":\"ListItem\",\"position\":2,\"name\":\"Alerta Polonia la presencia de mercenarios de Wagner en la frontera entre Bielorrusia, Lituania y Polonia\"}]},{\"@type\":\"WebSite\",\"@id\":\"https:\/\/www.sonoraenequipo.com.mx\/#website\",\"url\":\"https:\/\/www.sonoraenequipo.com.mx\/\",\"name\":\"Sonora en Equipo.\",\"description\":\"Diario en l\u00ednea con Noticias desde Hermosillo, Sonora\",\"publisher\":{\"@id\":\"https:\/\/www.sonoraenequipo.com.mx\/#organization\"},\"potentialAction\":[{\"@type\":\"SearchAction\",\"target\":{\"@type\":\"EntryPoint\",\"urlTemplate\":\"https:\/\/www.sonoraenequipo.com.mx\/?s={search_term_string}\"},\"query-input\":{\"@type\":\"PropertyValueSpecification\",\"valueRequired\":true,\"valueName\":\"search_term_string\"}}],\"inLanguage\":\"es\"},{\"@type\":\"Organization\",\"@id\":\"https:\/\/www.sonoraenequipo.com.mx\/#organization\",\"name\":\"Sonoraenequipo.com.mx\",\"url\":\"https:\/\/www.sonoraenequipo.com.mx\/\",\"logo\":{\"@type\":\"ImageObject\",\"inLanguage\":\"es\",\"@id\":\"https:\/\/www.sonoraenequipo.com.mx\/#\/schema\/logo\/image\/\",\"url\":\"https:\/\/www.sonoraenequipo.com.mx\/storage\/2019\/01\/sonoraenequipo_opt.png\",\"contentUrl\":\"https:\/\/www.sonoraenequipo.com.mx\/storage\/2019\/01\/sonoraenequipo_opt.png\",\"width\":375,\"height\":125,\"caption\":\"Sonoraenequipo.com.mx\"},\"image\":{\"@id\":\"https:\/\/www.sonoraenequipo.com.mx\/#\/schema\/logo\/image\/\"},\"sameAs\":[\"https:\/\/www.facebook.com\/SonoraEE\/\",\"https:\/\/x.com\/sonoraenequipo\",\"https:\/\/www.youtube.com\/channel\/UC338nW-lPEYmJQs4ZABQ1SQ\"]},{\"@type\":\"Person\",\"@id\":\"https:\/\/www.sonoraenequipo.com.mx\/#\/schema\/person\/50102df0fb23a8fa9e8effad8fa81386\",\"name\":\"enequipo\",\"image\":{\"@type\":\"ImageObject\",\"inLanguage\":\"es\",\"@id\":\"https:\/\/www.sonoraenequipo.com.mx\/#\/schema\/person\/image\/\",\"url\":\"https:\/\/secure.gravatar.com\/avatar\/049821681b589dabc0bc20695993ccebb09f5b5d4d790cd9251b97faac7c652b?s=96&d=blank&r=g\",\"contentUrl\":\"https:\/\/secure.gravatar.com\/avatar\/049821681b589dabc0bc20695993ccebb09f5b5d4d790cd9251b97faac7c652b?s=96&d=blank&r=g\",\"caption\":\"enequipo\"},\"sameAs\":[\"https:\/\/www.facebook.com\/SonoraEE\"]}]}<\/script>\n ","yoast_head_json":{"title":"Sonora en Equipo. Alerta Polonia la presencia de mercenarios de Wagner en la frontera entre Bielorrusia, Lituania y Polonia MUNDO","description":"POLONIA. \u2014 El primer ministro de Polonia, Mateusz Morawiecki, emite una advertencia sobre la presencia de m\u00e1s de un centenar de combatientes del Grupo En Sonora en Equipo publicamos toda la informaci\u00f3n de Sonora, M\u00e9xico y el Mundo de manera oportuna y busca que la libertad de expresi\u00f3n sea real. Visita nuestro medio informativo publicado desde Hermosillo, Sonora. %","robots":{"index":"index","follow":"follow","max-snippet":"max-snippet:-1","max-image-preview":"max-image-preview:large","max-video-preview":"max-video-preview:-1"},"canonical":"https:\/\/www.sonoraenequipo.com.mx\/alerta-polonia-la-presencia-de-mercenarios-de-wagner-en-la-frontera-entre-bielorrusia-lituania-y-polonia\/","og_locale":"es_ES","og_type":"article","og_title":"Sonora en Equipo. Alerta Polonia la presencia de mercenarios de Wagner en la frontera entre Bielorrusia, Lituania y Polonia MUNDO","og_description":"POLONIA. \u2014 El primer ministro de Polonia, Mateusz Morawiecki, emite una advertencia sobre la presencia de m\u00e1s de un centenar de combatientes del Grupo En Sonora en Equipo publicamos toda la informaci\u00f3n de Sonora, M\u00e9xico y el Mundo de manera oportuna y busca que la libertad de expresi\u00f3n sea real. Visita nuestro medio informativo publicado desde Hermosillo, Sonora. %","og_url":"https:\/\/www.sonoraenequipo.com.mx\/alerta-polonia-la-presencia-de-mercenarios-de-wagner-en-la-frontera-entre-bielorrusia-lituania-y-polonia\/","og_site_name":"Sonora en Equipo.","article_publisher":"https:\/\/www.facebook.com\/SonoraEE\/","article_author":"https:\/\/www.facebook.com\/SonoraEE","article_published_time":"2023-07-29T22:10:09+00:00","article_modified_time":"2023-07-30T18:01:00+00:00","og_image":[{"width":900,"height":600,"url":"https:\/\/www.sonoraenequipo.com.mx\/storage\/2023\/07\/polonia...-min.jpg","type":"image\/jpeg"}],"author":"enequipo","twitter_card":"summary_large_image","twitter_creator":"@sonoraenequipo","twitter_site":"@sonoraenequipo","twitter_misc":{"Escrito por":"enequipo","Tiempo de lectura":"2 minutos"},"schema":{"@context":"https:\/\/schema.org","@graph":[{"@type":"Article","@id":"https:\/\/www.sonoraenequipo.com.mx\/alerta-polonia-la-presencia-de-mercenarios-de-wagner-en-la-frontera-entre-bielorrusia-lituania-y-polonia\/#article","isPartOf":{"@id":"https:\/\/www.sonoraenequipo.com.mx\/alerta-polonia-la-presencia-de-mercenarios-de-wagner-en-la-frontera-entre-bielorrusia-lituania-y-polonia\/"},"author":{"name":"enequipo","@id":"https:\/\/www.sonoraenequipo.com.mx\/#\/schema\/person\/50102df0fb23a8fa9e8effad8fa81386"},"headline":"Alerta Polonia la presencia de mercenarios de Wagner en la frontera entre Bielorrusia, Lituania y Polonia","datePublished":"2023-07-29T22:10:09+00:00","dateModified":"2023-07-30T18:01:00+00:00","mainEntityOfPage":{"@id":"https:\/\/www.sonoraenequipo.com.mx\/alerta-polonia-la-presencia-de-mercenarios-de-wagner-en-la-frontera-entre-bielorrusia-lituania-y-polonia\/"},"wordCount":338,"commentCount":0,"publisher":{"@id":"https:\/\/www.sonoraenequipo.com.mx\/#organization"},"image":{"@id":"https:\/\/www.sonoraenequipo.com.mx\/alerta-polonia-la-presencia-de-mercenarios-de-wagner-en-la-frontera-entre-bielorrusia-lituania-y-polonia\/#primaryimage"},"thumbnailUrl":"https:\/\/www.sonoraenequipo.com.mx\/storage\/2023\/07\/polonia...-min.jpg","articleSection":["MUNDO"],"inLanguage":"es","potentialAction":[{"@type":"CommentAction","name":"Comment","target":["https:\/\/www.sonoraenequipo.com.mx\/alerta-polonia-la-presencia-de-mercenarios-de-wagner-en-la-frontera-entre-bielorrusia-lituania-y-polonia\/#respond"]}]},{"@type":"WebPage","@id":"https:\/\/www.sonoraenequipo.com.mx\/alerta-polonia-la-presencia-de-mercenarios-de-wagner-en-la-frontera-entre-bielorrusia-lituania-y-polonia\/","url":"https:\/\/www.sonoraenequipo.com.mx\/alerta-polonia-la-presencia-de-mercenarios-de-wagner-en-la-frontera-entre-bielorrusia-lituania-y-polonia\/","name":"Sonora en Equipo. Alerta Polonia la presencia de mercenarios de Wagner en la frontera entre Bielorrusia, Lituania y Polonia MUNDO","isPartOf":{"@id":"https:\/\/www.sonoraenequipo.com.mx\/#website"},"primaryImageOfPage":{"@id":"https:\/\/www.sonoraenequipo.com.mx\/alerta-polonia-la-presencia-de-mercenarios-de-wagner-en-la-frontera-entre-bielorrusia-lituania-y-polonia\/#primaryimage"},"image":{"@id":"https:\/\/www.sonoraenequipo.com.mx\/alerta-polonia-la-presencia-de-mercenarios-de-wagner-en-la-frontera-entre-bielorrusia-lituania-y-polonia\/#primaryimage"},"thumbnailUrl":"https:\/\/www.sonoraenequipo.com.mx\/storage\/2023\/07\/polonia...-min.jpg","datePublished":"2023-07-29T22:10:09+00:00","dateModified":"2023-07-30T18:01:00+00:00","description":"POLONIA. \u2014 El primer ministro de Polonia, Mateusz Morawiecki, emite una advertencia sobre la presencia de m\u00e1s de un centenar de combatientes del Grupo En Sonora en Equipo publicamos toda la informaci\u00f3n de Sonora, M\u00e9xico y el Mundo de manera oportuna y busca que la libertad de expresi\u00f3n sea real. Visita nuestro medio informativo publicado desde Hermosillo, Sonora. %","breadcrumb":{"@id":"https:\/\/www.sonoraenequipo.com.mx\/alerta-polonia-la-presencia-de-mercenarios-de-wagner-en-la-frontera-entre-bielorrusia-lituania-y-polonia\/#breadcrumb"},"inLanguage":"es","potentialAction":[{"@type":"ReadAction","target":["https:\/\/www.sonoraenequipo.com.mx\/alerta-polonia-la-presencia-de-mercenarios-de-wagner-en-la-frontera-entre-bielorrusia-lituania-y-polonia\/"]}]},{"@type":"ImageObject","inLanguage":"es","@id":"https:\/\/www.sonoraenequipo.com.mx\/alerta-polonia-la-presencia-de-mercenarios-de-wagner-en-la-frontera-entre-bielorrusia-lituania-y-polonia\/#primaryimage","url":"https:\/\/www.sonoraenequipo.com.mx\/storage\/2023\/07\/polonia...-min.jpg","contentUrl":"https:\/\/www.sonoraenequipo.com.mx\/storage\/2023\/07\/polonia...-min.jpg","width":900,"height":600},{"@type":"BreadcrumbList","@id":"https:\/\/www.sonoraenequipo.com.mx\/alerta-polonia-la-presencia-de-mercenarios-de-wagner-en-la-frontera-entre-bielorrusia-lituania-y-polonia\/#breadcrumb","itemListElement":[{"@type":"ListItem","position":1,"name":"Portada","item":"https:\/\/www.sonoraenequipo.com.mx\/"},{"@type":"ListItem","position":2,"name":"Alerta Polonia la presencia de mercenarios de Wagner en la frontera entre Bielorrusia, Lituania y Polonia"}]},{"@type":"WebSite","@id":"https:\/\/www.sonoraenequipo.com.mx\/#website","url":"https:\/\/www.sonoraenequipo.com.mx\/","name":"Sonora en Equipo.","description":"Diario en l\u00ednea con Noticias desde Hermosillo, Sonora","publisher":{"@id":"https:\/\/www.sonoraenequipo.com.mx\/#organization"},"potentialAction":[{"@type":"SearchAction","target":{"@type":"EntryPoint","urlTemplate":"https:\/\/www.sonoraenequipo.com.mx\/?s={search_term_string}"},"query-input":{"@type":"PropertyValueSpecification","valueRequired":true,"valueName":"search_term_string"}}],"inLanguage":"es"},{"@type":"Organization","@id":"https:\/\/www.sonoraenequipo.com.mx\/#organization","name":"Sonoraenequipo.com.mx","url":"https:\/\/www.sonoraenequipo.com.mx\/","logo":{"@type":"ImageObject","inLanguage":"es","@id":"https:\/\/www.sonoraenequipo.com.mx\/#\/schema\/logo\/image\/","url":"https:\/\/www.sonoraenequipo.com.mx\/storage\/2019\/01\/sonoraenequipo_opt.png","contentUrl":"https:\/\/www.sonoraenequipo.com.mx\/storage\/2019\/01\/sonoraenequipo_opt.png","width":375,"height":125,"caption":"Sonoraenequipo.com.mx"},"image":{"@id":"https:\/\/www.sonoraenequipo.com.mx\/#\/schema\/logo\/image\/"},"sameAs":["https:\/\/www.facebook.com\/SonoraEE\/","https:\/\/x.com\/sonoraenequipo","https:\/\/www.youtube.com\/channel\/UC338nW-lPEYmJQs4ZABQ1SQ"]},{"@type":"Person","@id":"https:\/\/www.sonoraenequipo.com.mx\/#\/schema\/person\/50102df0fb23a8fa9e8effad8fa81386","name":"enequipo","image":{"@type":"ImageObject","inLanguage":"es","@id":"https:\/\/www.sonoraenequipo.com.mx\/#\/schema\/person\/image\/","url":"https:\/\/secure.gravatar.com\/avatar\/049821681b589dabc0bc20695993ccebb09f5b5d4d790cd9251b97faac7c652b?s=96&d=blank&r=g","contentUrl":"https:\/\/secure.gravatar.com\/avatar\/049821681b589dabc0bc20695993ccebb09f5b5d4d790cd9251b97faac7c652b?s=96&d=blank&r=g","caption":"enequipo"},"sameAs":["https:\/\/www.facebook.com\/SonoraEE"]}]}},"jetpack_featured_media_url":"https:\/\/www.sonoraenequipo.com.mx\/storage\/2023\/07\/polonia...-min.jpg","_links":{"self":[{"href":"https:\/\/www.sonoraenequipo.com.mx\/api\/wp\/v2\/posts\/171463","targetHints":{"allow":["GET"]}}],"collection":[{"href":"https:\/\/www.sonoraenequipo.com.mx\/api\/wp\/v2\/posts"}],"about":[{"href":"https:\/\/www.sonoraenequipo.com.mx\/api\/wp\/v2\/types\/post"}],"author":[{"embeddable":true,"href":"https:\/\/www.sonoraenequipo.com.mx\/api\/wp\/v2\/users\/1"}],"replies":[{"embeddable":true,"href":"https:\/\/www.sonoraenequipo.com.mx\/api\/wp\/v2\/comments?post=171463"}],"version-history":[{"count":1,"href":"https:\/\/www.sonoraenequipo.com.mx\/api\/wp\/v2\/posts\/171463\/revisions"}],"predecessor-version":[{"id":171464,"href":"https:\/\/www.sonoraenequipo.com.mx\/api\/wp\/v2\/posts\/171463\/revisions\/171464"}],"wp:featuredmedia":[{"embeddable":true,"href":"https:\/\/www.sonoraenequipo.com.mx\/api\/wp\/v2\/media\/171448"}],"wp:attachment":[{"href":"https:\/\/www.sonoraenequipo.com.mx\/api\/wp\/v2\/media?parent=171463"}],"wp:term":[{"taxonomy":"category","embeddable":true,"href":"https:\/\/www.sonoraenequipo.com.mx\/api\/wp\/v2\/categories?post=171463"},{"taxonomy":"post_tag","embeddable":true,"href":"https:\/\/www.sonoraenequipo.com.mx\/api\/wp\/v2\/tags?post=171463"}],"curies":[{"name":"wp","href":"https:\/\/api.w.org\/{rel}","templated":true}]}}