{"id":171465,"date":"2023-07-29T17:52:43","date_gmt":"2023-07-30T00:52:43","guid":{"rendered":"https:\/\/www.sonoraenequipo.com.mx\/?p=171465"},"modified":"2023-07-30T12:03:57","modified_gmt":"2023-07-30T19:03:57","slug":"avion-que-despego-de-veracruz-rumbo-a-toluca-se-estrella-en-el-golfo-de-mexico","status":"publish","type":"post","link":"https:\/\/www.sonoraenequipo.com.mx\/avion-que-despego-de-veracruz-rumbo-a-toluca-se-estrella-en-el-golfo-de-mexico\/","title":{"rendered":"Avi\u00f3n que despeg\u00f3 de Veracruz rumbo a Toluca se estrella en el Golfo de M\u00e9xico"},"content":{"rendered":"<p><strong>VERACRUZ, VERACRUZ DE IGNACIO DE LA LLAVE. MX. \u2014<\/strong> El gobierno veracruzano confirm\u00f3 esta tarde el hallazgo de los restos humanos que ser\u00edan de los tres ocupantes que viajaban en la avioneta que cay\u00f3 anoche en el puerto de Veracruz. Uno de ellos es el empresario <strong>Daniel Flores Nava,<\/strong> contratista del gobierno federal, principalmente de Pemex.<\/p>\n<p>&nbsp;<\/p>\n<p> <\/p>\n<p>La noche del viernes (29.07.2023), una aeronave tipo Cessna 650 despeg\u00f3 del Aeropuerto Internacional Heriberto Jara Corona, ubicado en el puerto de Veracruz, con destino al Aeropuerto Internacional de Toluca, Estado de M\u00e9xico; sin embargo, poco despu\u00e9s de su partida, el avi\u00f3n se estrell\u00f3 en el Golfo de M\u00e9xico, informa la Agencia Federal de Aviaci\u00f3n Civil (AFAC), organismo desconcentrado de la Secretar\u00eda de Infraestructura, Comunicaciones y Transportes (SICT).<\/p>\n<p>&nbsp;<\/p>\n<p> <\/p>\n<p>La aeronave, identificada con la matr\u00edcula XB-VFJ, transportaba a tres ocupantes en el momento del accidente. Los nombres de los ocupantes fueron revelados como <strong>el piloto H\u00e9ctor Priego, el copiloto Jorge Gerardo Rub\u00ed y<\/strong> <strong>un pasajero identificado como Daniel Flores.<\/strong><\/p>\n<p>&nbsp;<\/p>\n<p>La AFAC reporta que los restos del avi\u00f3n fueron localizados en aguas cercanas al puerto de Veracruz, aunque hasta el momento no se han encontrado cuerpos, por lo que sus ocupantes contin\u00faan desaparecidos. Las autoridades confirmaron que la aeronave contaba con todos los permisos requeridos para operar.<\/p>\n<p>&nbsp;<\/p>\n<p><img loading=\"lazy\" decoding=\"async\" class=\"size-medium  x-right\" src=\"https:\/\/www.sonoraenequipo.com.mx\/storage\/2023\/07\/accidente-aereo-en-veracruz-min-604x365.jpg\" alt=\"\" width=\"604\" height=\"365\" \/>En un comunicado oficial, la AFAC informa que las labores de b\u00fasqueda y rescate est\u00e1n siendo llevadas a cabo por el personal de Protecci\u00f3n Civil y la comandancia del Aeropuerto Internacional Heriberto Jara Corona.<\/p>\n<p>&nbsp;<\/p>\n<p>Seg\u00fan fuentes extraoficiales, el avi\u00f3n desapareci\u00f3 del radar pocos minutos despu\u00e9s de despegar y posteriormente sufri\u00f3 el accidente en el Golfo de M\u00e9xico.<\/p>\n<p>&nbsp;<\/p>\n<h3>Daniel Flores Nava era director de Proyecta Industrial de M\u00e9xico<\/h3>\n<p>&nbsp;<\/p>\n<p>En la p\u00e1gina web de la compa\u00f1\u00eda, en el \u00e1rea de proyectos, enlista varios relacionados con las empresas productivas del Estado: Pemex y CFE.<\/p>\n<p>&nbsp;<\/p>\n<p>Fundada hace 12 a\u00f1os, Proyecta particip\u00f3 en la integraci\u00f3n de la refiner\u00eda de Dos Bocas, Tabasco, una de las obras emblem\u00e1ticas de la administraci\u00f3n del presidente Andr\u00e9s Manuel L\u00f3pez Obrador y cuya inauguraci\u00f3n fue el 1 de julio de 2022.<\/p>\n<p>&nbsp;<\/p>\n<p>A trav\u00e9s de un comunicado divulgado este s\u00e1bado, la compa\u00f1\u00eda dio a conocer que Flores Nava falleci\u00f3 la noche del viernes derivado de un accidente y destac\u00f3 que \u00e9l \u00ab<strong><em>fue y ser\u00e1 una figura respetada, destac\u00e1ndose como un empresario l\u00edder, con una visi\u00f3n estrat\u00e9gica y una dedicaci\u00f3n incansable\u00bb.<\/em><\/strong><\/p>\n<p>&nbsp;<\/p>\n<p>Tambi\u00e9n mencion\u00f3 que el compromiso del director era <strong><em>\u00abinquebrantable\u00bb<\/em><\/strong> y uno de los <em><strong>\u00abfundamentales para impulsar el crecimiento y la construcci\u00f3n de un M\u00e9xico mejor\u00bb.<\/strong><\/em><\/p>\n<p>&nbsp;<\/p>\n<p>&nbsp;<\/p>\n<p>En tanto, el exsecretario de Gobernaci\u00f3n y aspirante a la candidatura presidencial de Morena, Ad\u00e1n Augusto L\u00f3pez, se refiri\u00f3 a Flores Nava no s\u00f3lo como \u201cun visionario que, con honestidad y entrega, abon\u00f3 a la construcci\u00f3n de un M\u00e9xico m\u00e1s pr\u00f3spero y soberano\u201d, sino que tambi\u00e9n lo calific\u00f3 como un buen amigo, por lo que extern\u00f3 su tristeza por el fallecimiento.<\/p>\n<blockquote class=\"twitter-tweet\" data-width=\"550\" data-dnt=\"true\">\n<p lang=\"es\" dir=\"ltr\">Daniel Flores no solo fue un visionario que con honestidad y entrega, abon\u00f3 a la construcci\u00f3n de un M\u00e9xico m\u00e1s pr\u00f3spero y soberano, tambi\u00e9n fue un buen amigo, y me entristece su partida.<\/p>\n<p>Por respeto a \u00e9l, cancelaremos los eventos restantes del d\u00eda de hoy. <\/p>\n<p>Abrazo con afecto a\u2026 <a href=\"https:\/\/t.co\/Lyv6bZTnVN\">pic.twitter.com\/Lyv6bZTnVN<\/a><\/p>\n<p>&mdash; Ad\u00e1n Augusto L\u00f3pez H (@adan_augusto) <a href=\"https:\/\/twitter.com\/adan_augusto\/status\/1685416750949498880?ref_src=twsrc%5Etfw\">July 29, 2023<\/a><\/p><\/blockquote>\n<p><script async src=\"https:\/\/platform.twitter.com\/widgets.js\" charset=\"utf-8\"><\/script><\/p>\n<p>&nbsp;<\/p>\n<p>PUBLICADO EL 29 DE JULIO DE 2023\/Con informaci\u00f3n de medios locales)<\/p>\n","protected":false},"excerpt":{"rendered":"<p>VERACRUZ, VERACRUZ DE IGNACIO DE LA LLAVE. MX. \u2014 El gobierno veracruzano confirm\u00f3 esta tarde&#8230;<\/p>\n","protected":false},"author":1,"featured_media":171474,"comment_status":"open","ping_status":"open","sticky":false,"template":"","format":"standard","meta":{"_monsterinsights_skip_tracking":false,"_monsterinsights_sitenote_active":false,"_monsterinsights_sitenote_note":"","_monsterinsights_sitenote_category":0,"footnotes":""},"categories":[3],"tags":[],"class_list":["post"],"yoast_head":" \n<title>Sonora en Equipo. Avi\u00f3n que despeg\u00f3 de Veracruz rumbo a Toluca se estrella en el Golfo de M\u00e9xico MUNDO<\/title>\n<meta name=\"description\" content=\"VERACRUZ, VERACRUZ DE IGNACIO DE LA LLAVE. MX. \u2014 El gobierno veracruzano confirm\u00f3 esta tarde el hallazgo de los restos humanos que ser\u00edan de los tres En Sonora en Equipo publicamos toda la informaci\u00f3n de Sonora, M\u00e9xico y el Mundo de manera oportuna y busca que la libertad de expresi\u00f3n sea real. Visita nuestro medio informativo publicado desde Hermosillo, Sonora. %\" \/>\n<meta name=\"robots\" content=\"index, follow, max-snippet:-1, max-image-preview:large, max-video-preview:-1\" \/>\n<link rel=\"canonical\" href=\"https:\/\/www.sonoraenequipo.com.mx\/avion-que-despego-de-veracruz-rumbo-a-toluca-se-estrella-en-el-golfo-de-mexico\/\" \/>\n<meta property=\"og:locale\" content=\"es_ES\" \/>\n<meta property=\"og:type\" content=\"article\" \/>\n<meta property=\"og:title\" content=\"Sonora en Equipo. Avi\u00f3n que despeg\u00f3 de Veracruz rumbo a Toluca se estrella en el Golfo de M\u00e9xico MUNDO\" \/>\n<meta property=\"og:description\" content=\"VERACRUZ, VERACRUZ DE IGNACIO DE LA LLAVE. MX. \u2014 El gobierno veracruzano confirm\u00f3 esta tarde el hallazgo de los restos humanos que ser\u00edan de los tres En Sonora en Equipo publicamos toda la informaci\u00f3n de Sonora, M\u00e9xico y el Mundo de manera oportuna y busca que la libertad de expresi\u00f3n sea real. Visita nuestro medio informativo publicado desde Hermosillo, Sonora. %\" \/>\n<meta property=\"og:url\" content=\"https:\/\/www.sonoraenequipo.com.mx\/avion-que-despego-de-veracruz-rumbo-a-toluca-se-estrella-en-el-golfo-de-mexico\/\" \/>\n<meta property=\"og:site_name\" content=\"Sonora en Equipo.\" \/>\n<meta property=\"article:publisher\" content=\"https:\/\/www.facebook.com\/SonoraEE\/\" \/>\n<meta property=\"article:author\" content=\"https:\/\/www.facebook.com\/SonoraEE\" \/>\n<meta property=\"article:published_time\" content=\"2023-07-30T00:52:43+00:00\" \/>\n<meta property=\"article:modified_time\" content=\"2023-07-30T19:03:57+00:00\" \/>\n<meta property=\"og:image\" content=\"https:\/\/www.sonoraenequipo.com.mx\/storage\/2023\/07\/se-deploma-avioneta.-muere-amigo-de-Adan-Augusto...-min.jpg\" \/>\n\t<meta property=\"og:image:width\" content=\"750\" \/>\n\t<meta property=\"og:image:height\" content=\"465\" \/>\n\t<meta property=\"og:image:type\" content=\"image\/jpeg\" \/>\n<meta name=\"author\" content=\"enequipo\" \/>\n<meta name=\"twitter:card\" content=\"summary_large_image\" \/>\n<meta name=\"twitter:creator\" content=\"@sonoraenequipo\" \/>\n<meta name=\"twitter:site\" content=\"@sonoraenequipo\" \/>\n<meta name=\"twitter:label1\" content=\"Escrito por\" \/>\n\t<meta name=\"twitter:data1\" content=\"enequipo\" \/>\n\t<meta name=\"twitter:label2\" content=\"Tiempo de lectura\" \/>\n\t<meta name=\"twitter:data2\" content=\"3 minutos\" \/>\n<script type=\"application\/ld+json\" class=\"yoast-schema-graph\">{\"@context\":\"https:\/\/schema.org\",\"@graph\":[{\"@type\":\"Article\",\"@id\":\"https:\/\/www.sonoraenequipo.com.mx\/avion-que-despego-de-veracruz-rumbo-a-toluca-se-estrella-en-el-golfo-de-mexico\/#article\",\"isPartOf\":{\"@id\":\"https:\/\/www.sonoraenequipo.com.mx\/avion-que-despego-de-veracruz-rumbo-a-toluca-se-estrella-en-el-golfo-de-mexico\/\"},\"author\":{\"name\":\"enequipo\",\"@id\":\"https:\/\/www.sonoraenequipo.com.mx\/#\/schema\/person\/50102df0fb23a8fa9e8effad8fa81386\"},\"headline\":\"Avi\u00f3n que despeg\u00f3 de Veracruz rumbo a Toluca se estrella en el Golfo de M\u00e9xico\",\"datePublished\":\"2023-07-30T00:52:43+00:00\",\"dateModified\":\"2023-07-30T19:03:57+00:00\",\"mainEntityOfPage\":{\"@id\":\"https:\/\/www.sonoraenequipo.com.mx\/avion-que-despego-de-veracruz-rumbo-a-toluca-se-estrella-en-el-golfo-de-mexico\/\"},\"wordCount\":566,\"commentCount\":0,\"publisher\":{\"@id\":\"https:\/\/www.sonoraenequipo.com.mx\/#organization\"},\"image\":{\"@id\":\"https:\/\/www.sonoraenequipo.com.mx\/avion-que-despego-de-veracruz-rumbo-a-toluca-se-estrella-en-el-golfo-de-mexico\/#primaryimage\"},\"thumbnailUrl\":\"https:\/\/www.sonoraenequipo.com.mx\/storage\/2023\/07\/se-deploma-avioneta.-muere-amigo-de-Adan-Augusto...-min.jpg\",\"articleSection\":[\"MUNDO\"],\"inLanguage\":\"es\",\"potentialAction\":[{\"@type\":\"CommentAction\",\"name\":\"Comment\",\"target\":[\"https:\/\/www.sonoraenequipo.com.mx\/avion-que-despego-de-veracruz-rumbo-a-toluca-se-estrella-en-el-golfo-de-mexico\/#respond\"]}]},{\"@type\":\"WebPage\",\"@id\":\"https:\/\/www.sonoraenequipo.com.mx\/avion-que-despego-de-veracruz-rumbo-a-toluca-se-estrella-en-el-golfo-de-mexico\/\",\"url\":\"https:\/\/www.sonoraenequipo.com.mx\/avion-que-despego-de-veracruz-rumbo-a-toluca-se-estrella-en-el-golfo-de-mexico\/\",\"name\":\"Sonora en Equipo. Avi\u00f3n que despeg\u00f3 de Veracruz rumbo a Toluca se estrella en el Golfo de M\u00e9xico MUNDO\",\"isPartOf\":{\"@id\":\"https:\/\/www.sonoraenequipo.com.mx\/#website\"},\"primaryImageOfPage\":{\"@id\":\"https:\/\/www.sonoraenequipo.com.mx\/avion-que-despego-de-veracruz-rumbo-a-toluca-se-estrella-en-el-golfo-de-mexico\/#primaryimage\"},\"image\":{\"@id\":\"https:\/\/www.sonoraenequipo.com.mx\/avion-que-despego-de-veracruz-rumbo-a-toluca-se-estrella-en-el-golfo-de-mexico\/#primaryimage\"},\"thumbnailUrl\":\"https:\/\/www.sonoraenequipo.com.mx\/storage\/2023\/07\/se-deploma-avioneta.-muere-amigo-de-Adan-Augusto...-min.jpg\",\"datePublished\":\"2023-07-30T00:52:43+00:00\",\"dateModified\":\"2023-07-30T19:03:57+00:00\",\"description\":\"VERACRUZ, VERACRUZ DE IGNACIO DE LA LLAVE. MX. \u2014 El gobierno veracruzano confirm\u00f3 esta tarde el hallazgo de los restos humanos que ser\u00edan de los tres En Sonora en Equipo publicamos toda la informaci\u00f3n de Sonora, M\u00e9xico y el Mundo de manera oportuna y busca que la libertad de expresi\u00f3n sea real. Visita nuestro medio informativo publicado desde Hermosillo, Sonora. %\",\"breadcrumb\":{\"@id\":\"https:\/\/www.sonoraenequipo.com.mx\/avion-que-despego-de-veracruz-rumbo-a-toluca-se-estrella-en-el-golfo-de-mexico\/#breadcrumb\"},\"inLanguage\":\"es\",\"potentialAction\":[{\"@type\":\"ReadAction\",\"target\":[\"https:\/\/www.sonoraenequipo.com.mx\/avion-que-despego-de-veracruz-rumbo-a-toluca-se-estrella-en-el-golfo-de-mexico\/\"]}]},{\"@type\":\"ImageObject\",\"inLanguage\":\"es\",\"@id\":\"https:\/\/www.sonoraenequipo.com.mx\/avion-que-despego-de-veracruz-rumbo-a-toluca-se-estrella-en-el-golfo-de-mexico\/#primaryimage\",\"url\":\"https:\/\/www.sonoraenequipo.com.mx\/storage\/2023\/07\/se-deploma-avioneta.-muere-amigo-de-Adan-Augusto...-min.jpg\",\"contentUrl\":\"https:\/\/www.sonoraenequipo.com.mx\/storage\/2023\/07\/se-deploma-avioneta.-muere-amigo-de-Adan-Augusto...-min.jpg\",\"width\":750,\"height\":465},{\"@type\":\"BreadcrumbList\",\"@id\":\"https:\/\/www.sonoraenequipo.com.mx\/avion-que-despego-de-veracruz-rumbo-a-toluca-se-estrella-en-el-golfo-de-mexico\/#breadcrumb\",\"itemListElement\":[{\"@type\":\"ListItem\",\"position\":1,\"name\":\"Portada\",\"item\":\"https:\/\/www.sonoraenequipo.com.mx\/\"},{\"@type\":\"ListItem\",\"position\":2,\"name\":\"Avi\u00f3n que despeg\u00f3 de Veracruz rumbo a Toluca se estrella en el Golfo de M\u00e9xico\"}]},{\"@type\":\"WebSite\",\"@id\":\"https:\/\/www.sonoraenequipo.com.mx\/#website\",\"url\":\"https:\/\/www.sonoraenequipo.com.mx\/\",\"name\":\"Sonora en Equipo.\",\"description\":\"Diario en l\u00ednea con Noticias desde Hermosillo, Sonora\",\"publisher\":{\"@id\":\"https:\/\/www.sonoraenequipo.com.mx\/#organization\"},\"potentialAction\":[{\"@type\":\"SearchAction\",\"target\":{\"@type\":\"EntryPoint\",\"urlTemplate\":\"https:\/\/www.sonoraenequipo.com.mx\/?s={search_term_string}\"},\"query-input\":{\"@type\":\"PropertyValueSpecification\",\"valueRequired\":true,\"valueName\":\"search_term_string\"}}],\"inLanguage\":\"es\"},{\"@type\":\"Organization\",\"@id\":\"https:\/\/www.sonoraenequipo.com.mx\/#organization\",\"name\":\"Sonoraenequipo.com.mx\",\"url\":\"https:\/\/www.sonoraenequipo.com.mx\/\",\"logo\":{\"@type\":\"ImageObject\",\"inLanguage\":\"es\",\"@id\":\"https:\/\/www.sonoraenequipo.com.mx\/#\/schema\/logo\/image\/\",\"url\":\"https:\/\/www.sonoraenequipo.com.mx\/storage\/2019\/01\/sonoraenequipo_opt.png\",\"contentUrl\":\"https:\/\/www.sonoraenequipo.com.mx\/storage\/2019\/01\/sonoraenequipo_opt.png\",\"width\":375,\"height\":125,\"caption\":\"Sonoraenequipo.com.mx\"},\"image\":{\"@id\":\"https:\/\/www.sonoraenequipo.com.mx\/#\/schema\/logo\/image\/\"},\"sameAs\":[\"https:\/\/www.facebook.com\/SonoraEE\/\",\"https:\/\/x.com\/sonoraenequipo\",\"https:\/\/www.youtube.com\/channel\/UC338nW-lPEYmJQs4ZABQ1SQ\"]},{\"@type\":\"Person\",\"@id\":\"https:\/\/www.sonoraenequipo.com.mx\/#\/schema\/person\/50102df0fb23a8fa9e8effad8fa81386\",\"name\":\"enequipo\",\"image\":{\"@type\":\"ImageObject\",\"inLanguage\":\"es\",\"@id\":\"https:\/\/www.sonoraenequipo.com.mx\/#\/schema\/person\/image\/\",\"url\":\"https:\/\/secure.gravatar.com\/avatar\/049821681b589dabc0bc20695993ccebb09f5b5d4d790cd9251b97faac7c652b?s=96&d=blank&r=g\",\"contentUrl\":\"https:\/\/secure.gravatar.com\/avatar\/049821681b589dabc0bc20695993ccebb09f5b5d4d790cd9251b97faac7c652b?s=96&d=blank&r=g\",\"caption\":\"enequipo\"},\"sameAs\":[\"https:\/\/www.facebook.com\/SonoraEE\"]}]}<\/script>\n ","yoast_head_json":{"title":"Sonora en Equipo. Avi\u00f3n que despeg\u00f3 de Veracruz rumbo a Toluca se estrella en el Golfo de M\u00e9xico MUNDO","description":"VERACRUZ, VERACRUZ DE IGNACIO DE LA LLAVE. MX. \u2014 El gobierno veracruzano confirm\u00f3 esta tarde el hallazgo de los restos humanos que ser\u00edan de los tres En Sonora en Equipo publicamos toda la informaci\u00f3n de Sonora, M\u00e9xico y el Mundo de manera oportuna y busca que la libertad de expresi\u00f3n sea real. Visita nuestro medio informativo publicado desde Hermosillo, Sonora. %","robots":{"index":"index","follow":"follow","max-snippet":"max-snippet:-1","max-image-preview":"max-image-preview:large","max-video-preview":"max-video-preview:-1"},"canonical":"https:\/\/www.sonoraenequipo.com.mx\/avion-que-despego-de-veracruz-rumbo-a-toluca-se-estrella-en-el-golfo-de-mexico\/","og_locale":"es_ES","og_type":"article","og_title":"Sonora en Equipo. Avi\u00f3n que despeg\u00f3 de Veracruz rumbo a Toluca se estrella en el Golfo de M\u00e9xico MUNDO","og_description":"VERACRUZ, VERACRUZ DE IGNACIO DE LA LLAVE. MX. \u2014 El gobierno veracruzano confirm\u00f3 esta tarde el hallazgo de los restos humanos que ser\u00edan de los tres En Sonora en Equipo publicamos toda la informaci\u00f3n de Sonora, M\u00e9xico y el Mundo de manera oportuna y busca que la libertad de expresi\u00f3n sea real. Visita nuestro medio informativo publicado desde Hermosillo, Sonora. %","og_url":"https:\/\/www.sonoraenequipo.com.mx\/avion-que-despego-de-veracruz-rumbo-a-toluca-se-estrella-en-el-golfo-de-mexico\/","og_site_name":"Sonora en Equipo.","article_publisher":"https:\/\/www.facebook.com\/SonoraEE\/","article_author":"https:\/\/www.facebook.com\/SonoraEE","article_published_time":"2023-07-30T00:52:43+00:00","article_modified_time":"2023-07-30T19:03:57+00:00","og_image":[{"width":750,"height":465,"url":"https:\/\/www.sonoraenequipo.com.mx\/storage\/2023\/07\/se-deploma-avioneta.-muere-amigo-de-Adan-Augusto...-min.jpg","type":"image\/jpeg"}],"author":"enequipo","twitter_card":"summary_large_image","twitter_creator":"@sonoraenequipo","twitter_site":"@sonoraenequipo","twitter_misc":{"Escrito por":"enequipo","Tiempo de lectura":"3 minutos"},"schema":{"@context":"https:\/\/schema.org","@graph":[{"@type":"Article","@id":"https:\/\/www.sonoraenequipo.com.mx\/avion-que-despego-de-veracruz-rumbo-a-toluca-se-estrella-en-el-golfo-de-mexico\/#article","isPartOf":{"@id":"https:\/\/www.sonoraenequipo.com.mx\/avion-que-despego-de-veracruz-rumbo-a-toluca-se-estrella-en-el-golfo-de-mexico\/"},"author":{"name":"enequipo","@id":"https:\/\/www.sonoraenequipo.com.mx\/#\/schema\/person\/50102df0fb23a8fa9e8effad8fa81386"},"headline":"Avi\u00f3n que despeg\u00f3 de Veracruz rumbo a Toluca se estrella en el Golfo de M\u00e9xico","datePublished":"2023-07-30T00:52:43+00:00","dateModified":"2023-07-30T19:03:57+00:00","mainEntityOfPage":{"@id":"https:\/\/www.sonoraenequipo.com.mx\/avion-que-despego-de-veracruz-rumbo-a-toluca-se-estrella-en-el-golfo-de-mexico\/"},"wordCount":566,"commentCount":0,"publisher":{"@id":"https:\/\/www.sonoraenequipo.com.mx\/#organization"},"image":{"@id":"https:\/\/www.sonoraenequipo.com.mx\/avion-que-despego-de-veracruz-rumbo-a-toluca-se-estrella-en-el-golfo-de-mexico\/#primaryimage"},"thumbnailUrl":"https:\/\/www.sonoraenequipo.com.mx\/storage\/2023\/07\/se-deploma-avioneta.-muere-amigo-de-Adan-Augusto...-min.jpg","articleSection":["MUNDO"],"inLanguage":"es","potentialAction":[{"@type":"CommentAction","name":"Comment","target":["https:\/\/www.sonoraenequipo.com.mx\/avion-que-despego-de-veracruz-rumbo-a-toluca-se-estrella-en-el-golfo-de-mexico\/#respond"]}]},{"@type":"WebPage","@id":"https:\/\/www.sonoraenequipo.com.mx\/avion-que-despego-de-veracruz-rumbo-a-toluca-se-estrella-en-el-golfo-de-mexico\/","url":"https:\/\/www.sonoraenequipo.com.mx\/avion-que-despego-de-veracruz-rumbo-a-toluca-se-estrella-en-el-golfo-de-mexico\/","name":"Sonora en Equipo. Avi\u00f3n que despeg\u00f3 de Veracruz rumbo a Toluca se estrella en el Golfo de M\u00e9xico MUNDO","isPartOf":{"@id":"https:\/\/www.sonoraenequipo.com.mx\/#website"},"primaryImageOfPage":{"@id":"https:\/\/www.sonoraenequipo.com.mx\/avion-que-despego-de-veracruz-rumbo-a-toluca-se-estrella-en-el-golfo-de-mexico\/#primaryimage"},"image":{"@id":"https:\/\/www.sonoraenequipo.com.mx\/avion-que-despego-de-veracruz-rumbo-a-toluca-se-estrella-en-el-golfo-de-mexico\/#primaryimage"},"thumbnailUrl":"https:\/\/www.sonoraenequipo.com.mx\/storage\/2023\/07\/se-deploma-avioneta.-muere-amigo-de-Adan-Augusto...-min.jpg","datePublished":"2023-07-30T00:52:43+00:00","dateModified":"2023-07-30T19:03:57+00:00","description":"VERACRUZ, VERACRUZ DE IGNACIO DE LA LLAVE. MX. \u2014 El gobierno veracruzano confirm\u00f3 esta tarde el hallazgo de los restos humanos que ser\u00edan de los tres En Sonora en Equipo publicamos toda la informaci\u00f3n de Sonora, M\u00e9xico y el Mundo de manera oportuna y busca que la libertad de expresi\u00f3n sea real. Visita nuestro medio informativo publicado desde Hermosillo, Sonora. %","breadcrumb":{"@id":"https:\/\/www.sonoraenequipo.com.mx\/avion-que-despego-de-veracruz-rumbo-a-toluca-se-estrella-en-el-golfo-de-mexico\/#breadcrumb"},"inLanguage":"es","potentialAction":[{"@type":"ReadAction","target":["https:\/\/www.sonoraenequipo.com.mx\/avion-que-despego-de-veracruz-rumbo-a-toluca-se-estrella-en-el-golfo-de-mexico\/"]}]},{"@type":"ImageObject","inLanguage":"es","@id":"https:\/\/www.sonoraenequipo.com.mx\/avion-que-despego-de-veracruz-rumbo-a-toluca-se-estrella-en-el-golfo-de-mexico\/#primaryimage","url":"https:\/\/www.sonoraenequipo.com.mx\/storage\/2023\/07\/se-deploma-avioneta.-muere-amigo-de-Adan-Augusto...-min.jpg","contentUrl":"https:\/\/www.sonoraenequipo.com.mx\/storage\/2023\/07\/se-deploma-avioneta.-muere-amigo-de-Adan-Augusto...-min.jpg","width":750,"height":465},{"@type":"BreadcrumbList","@id":"https:\/\/www.sonoraenequipo.com.mx\/avion-que-despego-de-veracruz-rumbo-a-toluca-se-estrella-en-el-golfo-de-mexico\/#breadcrumb","itemListElement":[{"@type":"ListItem","position":1,"name":"Portada","item":"https:\/\/www.sonoraenequipo.com.mx\/"},{"@type":"ListItem","position":2,"name":"Avi\u00f3n que despeg\u00f3 de Veracruz rumbo a Toluca se estrella en el Golfo de M\u00e9xico"}]},{"@type":"WebSite","@id":"https:\/\/www.sonoraenequipo.com.mx\/#website","url":"https:\/\/www.sonoraenequipo.com.mx\/","name":"Sonora en Equipo.","description":"Diario en l\u00ednea con Noticias desde Hermosillo, Sonora","publisher":{"@id":"https:\/\/www.sonoraenequipo.com.mx\/#organization"},"potentialAction":[{"@type":"SearchAction","target":{"@type":"EntryPoint","urlTemplate":"https:\/\/www.sonoraenequipo.com.mx\/?s={search_term_string}"},"query-input":{"@type":"PropertyValueSpecification","valueRequired":true,"valueName":"search_term_string"}}],"inLanguage":"es"},{"@type":"Organization","@id":"https:\/\/www.sonoraenequipo.com.mx\/#organization","name":"Sonoraenequipo.com.mx","url":"https:\/\/www.sonoraenequipo.com.mx\/","logo":{"@type":"ImageObject","inLanguage":"es","@id":"https:\/\/www.sonoraenequipo.com.mx\/#\/schema\/logo\/image\/","url":"https:\/\/www.sonoraenequipo.com.mx\/storage\/2019\/01\/sonoraenequipo_opt.png","contentUrl":"https:\/\/www.sonoraenequipo.com.mx\/storage\/2019\/01\/sonoraenequipo_opt.png","width":375,"height":125,"caption":"Sonoraenequipo.com.mx"},"image":{"@id":"https:\/\/www.sonoraenequipo.com.mx\/#\/schema\/logo\/image\/"},"sameAs":["https:\/\/www.facebook.com\/SonoraEE\/","https:\/\/x.com\/sonoraenequipo","https:\/\/www.youtube.com\/channel\/UC338nW-lPEYmJQs4ZABQ1SQ"]},{"@type":"Person","@id":"https:\/\/www.sonoraenequipo.com.mx\/#\/schema\/person\/50102df0fb23a8fa9e8effad8fa81386","name":"enequipo","image":{"@type":"ImageObject","inLanguage":"es","@id":"https:\/\/www.sonoraenequipo.com.mx\/#\/schema\/person\/image\/","url":"https:\/\/secure.gravatar.com\/avatar\/049821681b589dabc0bc20695993ccebb09f5b5d4d790cd9251b97faac7c652b?s=96&d=blank&r=g","contentUrl":"https:\/\/secure.gravatar.com\/avatar\/049821681b589dabc0bc20695993ccebb09f5b5d4d790cd9251b97faac7c652b?s=96&d=blank&r=g","caption":"enequipo"},"sameAs":["https:\/\/www.facebook.com\/SonoraEE"]}]}},"jetpack_featured_media_url":"https:\/\/www.sonoraenequipo.com.mx\/storage\/2023\/07\/se-deploma-avioneta.-muere-amigo-de-Adan-Augusto...-min.jpg","_links":{"self":[{"href":"https:\/\/www.sonoraenequipo.com.mx\/api\/wp\/v2\/posts\/171465","targetHints":{"allow":["GET"]}}],"collection":[{"href":"https:\/\/www.sonoraenequipo.com.mx\/api\/wp\/v2\/posts"}],"about":[{"href":"https:\/\/www.sonoraenequipo.com.mx\/api\/wp\/v2\/types\/post"}],"author":[{"embeddable":true,"href":"https:\/\/www.sonoraenequipo.com.mx\/api\/wp\/v2\/users\/1"}],"replies":[{"embeddable":true,"href":"https:\/\/www.sonoraenequipo.com.mx\/api\/wp\/v2\/comments?post=171465"}],"version-history":[{"count":6,"href":"https:\/\/www.sonoraenequipo.com.mx\/api\/wp\/v2\/posts\/171465\/revisions"}],"predecessor-version":[{"id":171479,"href":"https:\/\/www.sonoraenequipo.com.mx\/api\/wp\/v2\/posts\/171465\/revisions\/171479"}],"wp:featuredmedia":[{"embeddable":true,"href":"https:\/\/www.sonoraenequipo.com.mx\/api\/wp\/v2\/media\/171474"}],"wp:attachment":[{"href":"https:\/\/www.sonoraenequipo.com.mx\/api\/wp\/v2\/media?parent=171465"}],"wp:term":[{"taxonomy":"category","embeddable":true,"href":"https:\/\/www.sonoraenequipo.com.mx\/api\/wp\/v2\/categories?post=171465"},{"taxonomy":"post_tag","embeddable":true,"href":"https:\/\/www.sonoraenequipo.com.mx\/api\/wp\/v2\/tags?post=171465"}],"curies":[{"name":"wp","href":"https:\/\/api.w.org\/{rel}","templated":true}]}}