{"id":171645,"date":"2023-08-01T17:47:34","date_gmt":"2023-08-02T00:47:34","guid":{"rendered":"https:\/\/www.sonoraenequipo.com.mx\/?p=171645"},"modified":"2023-08-01T17:47:34","modified_gmt":"2023-08-02T00:47:34","slug":"wall-street-empieza-agosto-con-resultados-mixtos","status":"publish","type":"post","link":"https:\/\/www.sonoraenequipo.com.mx\/wall-street-empieza-agosto-con-resultados-mixtos\/","title":{"rendered":"Wall Street empieza agosto con resultados mixtos"},"content":{"rendered":"<ul>\n<li>Acciones de Wall Street se toman un descanso<\/li>\n<li>Bolsa de Per\u00fa lidera en Latinoam\u00e9rica<\/li>\n<\/ul>\n<p>Mientras los mercados se alistan para recibir el pr\u00f3ximo reporte de empleo de Estados Unidos, en aras de reconocer c\u00f3mo camina el mercado laboral y c\u00f3mo ello puede impactar en las futuras decisiones de la Reserva Federal (Fed), las bolsas estadounidenses cerraron una jornada mixta, con el S&amp;P500 y Nasdaq Composite (CCMPDL) registrando p\u00e9rdidas al cierre de la jornada y poniendo una pausa a la racha de ganancias de las \u00faltimas semanas.<\/p>\n<p>La ca\u00edda ha sido denominada como un peque\u00f1o \u00abdescanso\u00bb, luego de que el S&amp;P500 registrara ayer su mayor racha ganadora desde agosto de 2021. Las plazas estadounidenses y las acciones se han visto fuertemente beneficiadas, y los mercados se preguntan si el mercado sobrecalentado podr\u00eda pronto tocar un punto de inflexi\u00f3n.<\/p>\n<p>De acuerdo con informaci\u00f3n de Bloomberg, el mercado de valores de Estados Unidos ha subido casi 30% dede sus m\u00ednimos de octubre de 2022. En tanto, este mi\u00e9rcoles se podr\u00edan ver los alcances de la rebaja de calificaci\u00f3n crediticia de Fitch Ratings a Estados Unidos; la misma que ha sido calificada como \u00abarbitraria\u00bb y \u00abanticuada\u00bb por la secretaria del Tesoro, Janet Yellen.<\/p>\n<p>Un evento que tambi\u00e9n impact\u00f3 este martes fue la publicaci\u00f3n de algunas ganancias corporativas, que estar\u00edan por debajo de los esperado por los analistas. Por ejemplo, Starbucks Corp. (SBUX) cay\u00f3 debido a que sus ventas trimestrales no alcanzaron las estimaciones de los expertos, una se\u00f1al de que el impulso puede estar desaceler\u00e1ndose para el gigante del caf\u00e9 en medio de precios m\u00e1s altos y bolsillos m\u00e1s ajustados.<\/p>\n<p>Credicorp Capital Bolsa precis\u00f3, de otro lado, que contin\u00faa la presi\u00f3n sobre la pr\u00f3xima decisi\u00f3n de la Fed ya que hoy la Encuesta de Confianza del Consumidor reflej\u00f3 un aumento en julio a 117 desde 110,1 en junio, demostrando condiciones comerciales resilientes, y aumentando la probabilidad de una subida de 25 puntos b\u00e1sicos en la pr\u00f3xima reuni\u00f3n de la Fed.<\/p>\n<p>Mientras tanto, diversos economistas de Wall Street ya est\u00e1n apostando a que la Fed se dar\u00e1 una pausa en su aumento de tasas en septiembre; debido a que los datos dan pocos fundamentos para una subida el pr\u00f3ximo mes.<\/p>\n<p><strong>Fecha de publicaci\u00f3n martes 1 de agosto \u00a0de 2023 \/ Bloomberg<\/strong><\/p>\n","protected":false},"excerpt":{"rendered":"<p>Acciones de Wall Street se toman un descanso Bolsa de Per\u00fa lidera en Latinoam\u00e9rica Mientras&#8230;<\/p>\n","protected":false},"author":1,"featured_media":156041,"comment_status":"open","ping_status":"open","sticky":false,"template":"","format":"standard","meta":{"_monsterinsights_skip_tracking":false,"_monsterinsights_sitenote_active":false,"_monsterinsights_sitenote_note":"","_monsterinsights_sitenote_category":0,"footnotes":""},"categories":[6493],"tags":[8778,8780,7697,8779],"class_list":["post"],"yoast_head":" \n<title>Sonora en Equipo. Wall Street empieza agosto con resultados mixtos PALABRAS Y N\u00daMEROS<\/title>\n<meta name=\"description\" content=\"Acciones de Wall Street se toman un descanso Bolsa de Per\u00fa lidera en Latinoam\u00e9rica Mientras los mercados se alistan para recibir el pr\u00f3ximo reporte de En Sonora en Equipo publicamos toda la informaci\u00f3n de Sonora, M\u00e9xico y el Mundo de manera oportuna y busca que la libertad de expresi\u00f3n sea real. Visita nuestro medio informativo publicado desde Hermosillo, Sonora. %\" \/>\n<meta name=\"robots\" content=\"index, follow, max-snippet:-1, max-image-preview:large, max-video-preview:-1\" \/>\n<link rel=\"canonical\" href=\"https:\/\/www.sonoraenequipo.com.mx\/wall-street-empieza-agosto-con-resultados-mixtos\/\" \/>\n<meta property=\"og:locale\" content=\"es_ES\" \/>\n<meta property=\"og:type\" content=\"article\" \/>\n<meta property=\"og:title\" content=\"Sonora en Equipo. Wall Street empieza agosto con resultados mixtos PALABRAS Y N\u00daMEROS\" \/>\n<meta property=\"og:description\" content=\"Acciones de Wall Street se toman un descanso Bolsa de Per\u00fa lidera en Latinoam\u00e9rica Mientras los mercados se alistan para recibir el pr\u00f3ximo reporte de En Sonora en Equipo publicamos toda la informaci\u00f3n de Sonora, M\u00e9xico y el Mundo de manera oportuna y busca que la libertad de expresi\u00f3n sea real. Visita nuestro medio informativo publicado desde Hermosillo, Sonora. %\" \/>\n<meta property=\"og:url\" content=\"https:\/\/www.sonoraenequipo.com.mx\/wall-street-empieza-agosto-con-resultados-mixtos\/\" \/>\n<meta property=\"og:site_name\" content=\"Sonora en Equipo.\" \/>\n<meta property=\"article:publisher\" content=\"https:\/\/www.facebook.com\/SonoraEE\/\" \/>\n<meta property=\"article:author\" content=\"https:\/\/www.facebook.com\/SonoraEE\" \/>\n<meta property=\"article:published_time\" content=\"2023-08-02T00:47:34+00:00\" \/>\n<meta property=\"og:image\" content=\"https:\/\/www.sonoraenequipo.com.mx\/storage\/2023\/01\/wallst.jpg\" \/>\n\t<meta property=\"og:image:width\" content=\"900\" \/>\n\t<meta property=\"og:image:height\" content=\"514\" \/>\n\t<meta property=\"og:image:type\" content=\"image\/jpeg\" \/>\n<meta name=\"author\" content=\"enequipo\" \/>\n<meta name=\"twitter:card\" content=\"summary_large_image\" \/>\n<meta name=\"twitter:creator\" content=\"@sonoraenequipo\" \/>\n<meta name=\"twitter:site\" content=\"@sonoraenequipo\" \/>\n<meta name=\"twitter:label1\" content=\"Escrito por\" \/>\n\t<meta name=\"twitter:data1\" content=\"enequipo\" \/>\n\t<meta name=\"twitter:label2\" content=\"Tiempo de lectura\" \/>\n\t<meta name=\"twitter:data2\" content=\"2 minutos\" \/>\n<script type=\"application\/ld+json\" class=\"yoast-schema-graph\">{\"@context\":\"https:\/\/schema.org\",\"@graph\":[{\"@type\":\"Article\",\"@id\":\"https:\/\/www.sonoraenequipo.com.mx\/wall-street-empieza-agosto-con-resultados-mixtos\/#article\",\"isPartOf\":{\"@id\":\"https:\/\/www.sonoraenequipo.com.mx\/wall-street-empieza-agosto-con-resultados-mixtos\/\"},\"author\":{\"name\":\"enequipo\",\"@id\":\"https:\/\/www.sonoraenequipo.com.mx\/#\/schema\/person\/50102df0fb23a8fa9e8effad8fa81386\"},\"headline\":\"Wall Street empieza agosto con resultados mixtos\",\"datePublished\":\"2023-08-02T00:47:34+00:00\",\"mainEntityOfPage\":{\"@id\":\"https:\/\/www.sonoraenequipo.com.mx\/wall-street-empieza-agosto-con-resultados-mixtos\/\"},\"wordCount\":409,\"commentCount\":0,\"publisher\":{\"@id\":\"https:\/\/www.sonoraenequipo.com.mx\/#organization\"},\"image\":{\"@id\":\"https:\/\/www.sonoraenequipo.com.mx\/wall-street-empieza-agosto-con-resultados-mixtos\/#primaryimage\"},\"thumbnailUrl\":\"https:\/\/www.sonoraenequipo.com.mx\/storage\/2023\/01\/wallst.jpg\",\"keywords\":[\"bolsas\",\"street\",\"valores\",\"wall\"],\"articleSection\":[\"PALABRAS Y N\u00daMEROS\"],\"inLanguage\":\"es\",\"potentialAction\":[{\"@type\":\"CommentAction\",\"name\":\"Comment\",\"target\":[\"https:\/\/www.sonoraenequipo.com.mx\/wall-street-empieza-agosto-con-resultados-mixtos\/#respond\"]}]},{\"@type\":\"WebPage\",\"@id\":\"https:\/\/www.sonoraenequipo.com.mx\/wall-street-empieza-agosto-con-resultados-mixtos\/\",\"url\":\"https:\/\/www.sonoraenequipo.com.mx\/wall-street-empieza-agosto-con-resultados-mixtos\/\",\"name\":\"Sonora en Equipo. Wall Street empieza agosto con resultados mixtos PALABRAS Y N\u00daMEROS\",\"isPartOf\":{\"@id\":\"https:\/\/www.sonoraenequipo.com.mx\/#website\"},\"primaryImageOfPage\":{\"@id\":\"https:\/\/www.sonoraenequipo.com.mx\/wall-street-empieza-agosto-con-resultados-mixtos\/#primaryimage\"},\"image\":{\"@id\":\"https:\/\/www.sonoraenequipo.com.mx\/wall-street-empieza-agosto-con-resultados-mixtos\/#primaryimage\"},\"thumbnailUrl\":\"https:\/\/www.sonoraenequipo.com.mx\/storage\/2023\/01\/wallst.jpg\",\"datePublished\":\"2023-08-02T00:47:34+00:00\",\"description\":\"Acciones de Wall Street se toman un descanso Bolsa de Per\u00fa lidera en Latinoam\u00e9rica Mientras los mercados se alistan para recibir el pr\u00f3ximo reporte de En Sonora en Equipo publicamos toda la informaci\u00f3n de Sonora, M\u00e9xico y el Mundo de manera oportuna y busca que la libertad de expresi\u00f3n sea real. Visita nuestro medio informativo publicado desde Hermosillo, Sonora. %\",\"breadcrumb\":{\"@id\":\"https:\/\/www.sonoraenequipo.com.mx\/wall-street-empieza-agosto-con-resultados-mixtos\/#breadcrumb\"},\"inLanguage\":\"es\",\"potentialAction\":[{\"@type\":\"ReadAction\",\"target\":[\"https:\/\/www.sonoraenequipo.com.mx\/wall-street-empieza-agosto-con-resultados-mixtos\/\"]}]},{\"@type\":\"ImageObject\",\"inLanguage\":\"es\",\"@id\":\"https:\/\/www.sonoraenequipo.com.mx\/wall-street-empieza-agosto-con-resultados-mixtos\/#primaryimage\",\"url\":\"https:\/\/www.sonoraenequipo.com.mx\/storage\/2023\/01\/wallst.jpg\",\"contentUrl\":\"https:\/\/www.sonoraenequipo.com.mx\/storage\/2023\/01\/wallst.jpg\",\"width\":900,\"height\":514},{\"@type\":\"BreadcrumbList\",\"@id\":\"https:\/\/www.sonoraenequipo.com.mx\/wall-street-empieza-agosto-con-resultados-mixtos\/#breadcrumb\",\"itemListElement\":[{\"@type\":\"ListItem\",\"position\":1,\"name\":\"Portada\",\"item\":\"https:\/\/www.sonoraenequipo.com.mx\/\"},{\"@type\":\"ListItem\",\"position\":2,\"name\":\"Wall Street empieza agosto con resultados mixtos\"}]},{\"@type\":\"WebSite\",\"@id\":\"https:\/\/www.sonoraenequipo.com.mx\/#website\",\"url\":\"https:\/\/www.sonoraenequipo.com.mx\/\",\"name\":\"Sonora en Equipo.\",\"description\":\"Diario en l\u00ednea con Noticias desde Hermosillo, Sonora\",\"publisher\":{\"@id\":\"https:\/\/www.sonoraenequipo.com.mx\/#organization\"},\"potentialAction\":[{\"@type\":\"SearchAction\",\"target\":{\"@type\":\"EntryPoint\",\"urlTemplate\":\"https:\/\/www.sonoraenequipo.com.mx\/?s={search_term_string}\"},\"query-input\":{\"@type\":\"PropertyValueSpecification\",\"valueRequired\":true,\"valueName\":\"search_term_string\"}}],\"inLanguage\":\"es\"},{\"@type\":\"Organization\",\"@id\":\"https:\/\/www.sonoraenequipo.com.mx\/#organization\",\"name\":\"Sonoraenequipo.com.mx\",\"url\":\"https:\/\/www.sonoraenequipo.com.mx\/\",\"logo\":{\"@type\":\"ImageObject\",\"inLanguage\":\"es\",\"@id\":\"https:\/\/www.sonoraenequipo.com.mx\/#\/schema\/logo\/image\/\",\"url\":\"https:\/\/www.sonoraenequipo.com.mx\/storage\/2019\/01\/sonoraenequipo_opt.png\",\"contentUrl\":\"https:\/\/www.sonoraenequipo.com.mx\/storage\/2019\/01\/sonoraenequipo_opt.png\",\"width\":375,\"height\":125,\"caption\":\"Sonoraenequipo.com.mx\"},\"image\":{\"@id\":\"https:\/\/www.sonoraenequipo.com.mx\/#\/schema\/logo\/image\/\"},\"sameAs\":[\"https:\/\/www.facebook.com\/SonoraEE\/\",\"https:\/\/x.com\/sonoraenequipo\",\"https:\/\/www.youtube.com\/channel\/UC338nW-lPEYmJQs4ZABQ1SQ\"]},{\"@type\":\"Person\",\"@id\":\"https:\/\/www.sonoraenequipo.com.mx\/#\/schema\/person\/50102df0fb23a8fa9e8effad8fa81386\",\"name\":\"enequipo\",\"image\":{\"@type\":\"ImageObject\",\"inLanguage\":\"es\",\"@id\":\"https:\/\/www.sonoraenequipo.com.mx\/#\/schema\/person\/image\/\",\"url\":\"https:\/\/secure.gravatar.com\/avatar\/049821681b589dabc0bc20695993ccebb09f5b5d4d790cd9251b97faac7c652b?s=96&d=blank&r=g\",\"contentUrl\":\"https:\/\/secure.gravatar.com\/avatar\/049821681b589dabc0bc20695993ccebb09f5b5d4d790cd9251b97faac7c652b?s=96&d=blank&r=g\",\"caption\":\"enequipo\"},\"sameAs\":[\"https:\/\/www.facebook.com\/SonoraEE\"]}]}<\/script>\n ","yoast_head_json":{"title":"Sonora en Equipo. Wall Street empieza agosto con resultados mixtos PALABRAS Y N\u00daMEROS","description":"Acciones de Wall Street se toman un descanso Bolsa de Per\u00fa lidera en Latinoam\u00e9rica Mientras los mercados se alistan para recibir el pr\u00f3ximo reporte de En Sonora en Equipo publicamos toda la informaci\u00f3n de Sonora, M\u00e9xico y el Mundo de manera oportuna y busca que la libertad de expresi\u00f3n sea real. Visita nuestro medio informativo publicado desde Hermosillo, Sonora. %","robots":{"index":"index","follow":"follow","max-snippet":"max-snippet:-1","max-image-preview":"max-image-preview:large","max-video-preview":"max-video-preview:-1"},"canonical":"https:\/\/www.sonoraenequipo.com.mx\/wall-street-empieza-agosto-con-resultados-mixtos\/","og_locale":"es_ES","og_type":"article","og_title":"Sonora en Equipo. Wall Street empieza agosto con resultados mixtos PALABRAS Y N\u00daMEROS","og_description":"Acciones de Wall Street se toman un descanso Bolsa de Per\u00fa lidera en Latinoam\u00e9rica Mientras los mercados se alistan para recibir el pr\u00f3ximo reporte de En Sonora en Equipo publicamos toda la informaci\u00f3n de Sonora, M\u00e9xico y el Mundo de manera oportuna y busca que la libertad de expresi\u00f3n sea real. Visita nuestro medio informativo publicado desde Hermosillo, Sonora. %","og_url":"https:\/\/www.sonoraenequipo.com.mx\/wall-street-empieza-agosto-con-resultados-mixtos\/","og_site_name":"Sonora en Equipo.","article_publisher":"https:\/\/www.facebook.com\/SonoraEE\/","article_author":"https:\/\/www.facebook.com\/SonoraEE","article_published_time":"2023-08-02T00:47:34+00:00","og_image":[{"width":900,"height":514,"url":"https:\/\/www.sonoraenequipo.com.mx\/storage\/2023\/01\/wallst.jpg","type":"image\/jpeg"}],"author":"enequipo","twitter_card":"summary_large_image","twitter_creator":"@sonoraenequipo","twitter_site":"@sonoraenequipo","twitter_misc":{"Escrito por":"enequipo","Tiempo de lectura":"2 minutos"},"schema":{"@context":"https:\/\/schema.org","@graph":[{"@type":"Article","@id":"https:\/\/www.sonoraenequipo.com.mx\/wall-street-empieza-agosto-con-resultados-mixtos\/#article","isPartOf":{"@id":"https:\/\/www.sonoraenequipo.com.mx\/wall-street-empieza-agosto-con-resultados-mixtos\/"},"author":{"name":"enequipo","@id":"https:\/\/www.sonoraenequipo.com.mx\/#\/schema\/person\/50102df0fb23a8fa9e8effad8fa81386"},"headline":"Wall Street empieza agosto con resultados mixtos","datePublished":"2023-08-02T00:47:34+00:00","mainEntityOfPage":{"@id":"https:\/\/www.sonoraenequipo.com.mx\/wall-street-empieza-agosto-con-resultados-mixtos\/"},"wordCount":409,"commentCount":0,"publisher":{"@id":"https:\/\/www.sonoraenequipo.com.mx\/#organization"},"image":{"@id":"https:\/\/www.sonoraenequipo.com.mx\/wall-street-empieza-agosto-con-resultados-mixtos\/#primaryimage"},"thumbnailUrl":"https:\/\/www.sonoraenequipo.com.mx\/storage\/2023\/01\/wallst.jpg","keywords":["bolsas","street","valores","wall"],"articleSection":["PALABRAS Y N\u00daMEROS"],"inLanguage":"es","potentialAction":[{"@type":"CommentAction","name":"Comment","target":["https:\/\/www.sonoraenequipo.com.mx\/wall-street-empieza-agosto-con-resultados-mixtos\/#respond"]}]},{"@type":"WebPage","@id":"https:\/\/www.sonoraenequipo.com.mx\/wall-street-empieza-agosto-con-resultados-mixtos\/","url":"https:\/\/www.sonoraenequipo.com.mx\/wall-street-empieza-agosto-con-resultados-mixtos\/","name":"Sonora en Equipo. Wall Street empieza agosto con resultados mixtos PALABRAS Y N\u00daMEROS","isPartOf":{"@id":"https:\/\/www.sonoraenequipo.com.mx\/#website"},"primaryImageOfPage":{"@id":"https:\/\/www.sonoraenequipo.com.mx\/wall-street-empieza-agosto-con-resultados-mixtos\/#primaryimage"},"image":{"@id":"https:\/\/www.sonoraenequipo.com.mx\/wall-street-empieza-agosto-con-resultados-mixtos\/#primaryimage"},"thumbnailUrl":"https:\/\/www.sonoraenequipo.com.mx\/storage\/2023\/01\/wallst.jpg","datePublished":"2023-08-02T00:47:34+00:00","description":"Acciones de Wall Street se toman un descanso Bolsa de Per\u00fa lidera en Latinoam\u00e9rica Mientras los mercados se alistan para recibir el pr\u00f3ximo reporte de En Sonora en Equipo publicamos toda la informaci\u00f3n de Sonora, M\u00e9xico y el Mundo de manera oportuna y busca que la libertad de expresi\u00f3n sea real. Visita nuestro medio informativo publicado desde Hermosillo, Sonora. %","breadcrumb":{"@id":"https:\/\/www.sonoraenequipo.com.mx\/wall-street-empieza-agosto-con-resultados-mixtos\/#breadcrumb"},"inLanguage":"es","potentialAction":[{"@type":"ReadAction","target":["https:\/\/www.sonoraenequipo.com.mx\/wall-street-empieza-agosto-con-resultados-mixtos\/"]}]},{"@type":"ImageObject","inLanguage":"es","@id":"https:\/\/www.sonoraenequipo.com.mx\/wall-street-empieza-agosto-con-resultados-mixtos\/#primaryimage","url":"https:\/\/www.sonoraenequipo.com.mx\/storage\/2023\/01\/wallst.jpg","contentUrl":"https:\/\/www.sonoraenequipo.com.mx\/storage\/2023\/01\/wallst.jpg","width":900,"height":514},{"@type":"BreadcrumbList","@id":"https:\/\/www.sonoraenequipo.com.mx\/wall-street-empieza-agosto-con-resultados-mixtos\/#breadcrumb","itemListElement":[{"@type":"ListItem","position":1,"name":"Portada","item":"https:\/\/www.sonoraenequipo.com.mx\/"},{"@type":"ListItem","position":2,"name":"Wall Street empieza agosto con resultados mixtos"}]},{"@type":"WebSite","@id":"https:\/\/www.sonoraenequipo.com.mx\/#website","url":"https:\/\/www.sonoraenequipo.com.mx\/","name":"Sonora en Equipo.","description":"Diario en l\u00ednea con Noticias desde Hermosillo, Sonora","publisher":{"@id":"https:\/\/www.sonoraenequipo.com.mx\/#organization"},"potentialAction":[{"@type":"SearchAction","target":{"@type":"EntryPoint","urlTemplate":"https:\/\/www.sonoraenequipo.com.mx\/?s={search_term_string}"},"query-input":{"@type":"PropertyValueSpecification","valueRequired":true,"valueName":"search_term_string"}}],"inLanguage":"es"},{"@type":"Organization","@id":"https:\/\/www.sonoraenequipo.com.mx\/#organization","name":"Sonoraenequipo.com.mx","url":"https:\/\/www.sonoraenequipo.com.mx\/","logo":{"@type":"ImageObject","inLanguage":"es","@id":"https:\/\/www.sonoraenequipo.com.mx\/#\/schema\/logo\/image\/","url":"https:\/\/www.sonoraenequipo.com.mx\/storage\/2019\/01\/sonoraenequipo_opt.png","contentUrl":"https:\/\/www.sonoraenequipo.com.mx\/storage\/2019\/01\/sonoraenequipo_opt.png","width":375,"height":125,"caption":"Sonoraenequipo.com.mx"},"image":{"@id":"https:\/\/www.sonoraenequipo.com.mx\/#\/schema\/logo\/image\/"},"sameAs":["https:\/\/www.facebook.com\/SonoraEE\/","https:\/\/x.com\/sonoraenequipo","https:\/\/www.youtube.com\/channel\/UC338nW-lPEYmJQs4ZABQ1SQ"]},{"@type":"Person","@id":"https:\/\/www.sonoraenequipo.com.mx\/#\/schema\/person\/50102df0fb23a8fa9e8effad8fa81386","name":"enequipo","image":{"@type":"ImageObject","inLanguage":"es","@id":"https:\/\/www.sonoraenequipo.com.mx\/#\/schema\/person\/image\/","url":"https:\/\/secure.gravatar.com\/avatar\/049821681b589dabc0bc20695993ccebb09f5b5d4d790cd9251b97faac7c652b?s=96&d=blank&r=g","contentUrl":"https:\/\/secure.gravatar.com\/avatar\/049821681b589dabc0bc20695993ccebb09f5b5d4d790cd9251b97faac7c652b?s=96&d=blank&r=g","caption":"enequipo"},"sameAs":["https:\/\/www.facebook.com\/SonoraEE"]}]}},"jetpack_featured_media_url":"https:\/\/www.sonoraenequipo.com.mx\/storage\/2023\/01\/wallst.jpg","_links":{"self":[{"href":"https:\/\/www.sonoraenequipo.com.mx\/api\/wp\/v2\/posts\/171645","targetHints":{"allow":["GET"]}}],"collection":[{"href":"https:\/\/www.sonoraenequipo.com.mx\/api\/wp\/v2\/posts"}],"about":[{"href":"https:\/\/www.sonoraenequipo.com.mx\/api\/wp\/v2\/types\/post"}],"author":[{"embeddable":true,"href":"https:\/\/www.sonoraenequipo.com.mx\/api\/wp\/v2\/users\/1"}],"replies":[{"embeddable":true,"href":"https:\/\/www.sonoraenequipo.com.mx\/api\/wp\/v2\/comments?post=171645"}],"version-history":[{"count":1,"href":"https:\/\/www.sonoraenequipo.com.mx\/api\/wp\/v2\/posts\/171645\/revisions"}],"predecessor-version":[{"id":171646,"href":"https:\/\/www.sonoraenequipo.com.mx\/api\/wp\/v2\/posts\/171645\/revisions\/171646"}],"wp:featuredmedia":[{"embeddable":true,"href":"https:\/\/www.sonoraenequipo.com.mx\/api\/wp\/v2\/media\/156041"}],"wp:attachment":[{"href":"https:\/\/www.sonoraenequipo.com.mx\/api\/wp\/v2\/media?parent=171645"}],"wp:term":[{"taxonomy":"category","embeddable":true,"href":"https:\/\/www.sonoraenequipo.com.mx\/api\/wp\/v2\/categories?post=171645"},{"taxonomy":"post_tag","embeddable":true,"href":"https:\/\/www.sonoraenequipo.com.mx\/api\/wp\/v2\/tags?post=171645"}],"curies":[{"name":"wp","href":"https:\/\/api.w.org\/{rel}","templated":true}]}}