{"id":171647,"date":"2023-08-01T18:15:10","date_gmt":"2023-08-02T01:15:10","guid":{"rendered":"https:\/\/www.sonoraenequipo.com.mx\/?p=171647"},"modified":"2023-08-02T11:02:15","modified_gmt":"2023-08-02T18:02:15","slug":"durazo-se-reunira-con-secretario-de-hacienda-federal-busca-gestionar-mas-recursos-economicos-para-sonora","status":"publish","type":"post","link":"https:\/\/www.sonoraenequipo.com.mx\/durazo-se-reunira-con-secretario-de-hacienda-federal-busca-gestionar-mas-recursos-economicos-para-sonora\/","title":{"rendered":"Durazo gestionar\u00e1 m\u00e1s recursos econ\u00f3micos para Sonora ante Hacienda"},"content":{"rendered":"<p><strong>HERMOSILLO, SONORA,MX.<\/strong><strong>\u2500\u2500<\/strong> El gobernador Alfonso Durazo Monta\u00f1o se reunir\u00e1 con el secretario de Hacienda federal, Rogelio Ram\u00edrez de la O para gestionar apoyos econ\u00f3micos para Sonora y establecer la cadena de valor para el aprovechamiento en el tema del litio.<\/p>\n<p>&nbsp;<\/p>\n<p> <\/p>\n<p>&nbsp;<\/p>\n<p>En su rueda de prensa semanal el mandatario estatal inform\u00f3 adem\u00e1s que\u00a0 analizar\u00e1 con autoridades federales el avance de la modernizaci\u00f3n del Puerto de Guaymas para el inicio de la segunda etapa con inversi\u00f3n de 680 millones de d\u00f3lares y tercera etapa con inversi\u00f3n de 700 millones de d\u00f3lares. Todas ser\u00e1n obras concesionadas.<\/p>\n<p>&nbsp;<\/p>\n<p>Se buscar\u00e1 que sean empresas con experiencias en el manejo de puertos y traslado de mercanc\u00edas, apunt\u00f3 el gobernador<\/p>\n<p>&nbsp;<\/p>\n<p>Inform\u00f3 tambi\u00e9n sobre la adquisici\u00f3n de un cr\u00e9dito de 2 mil 100 millones de pesos para 110 obras en 19 municipios, a tasa de inter\u00e9s de 0.25, segunda m\u00e1s baja a nivel nacional que ofreci\u00f3 banco Santander.<\/p>\n<p>&nbsp;<\/p>\n<p>-Ser\u00e1n para obras de rehabilitaci\u00f3n en vialidades y modernizaci\u00f3n infraestructura urbana en municipios como\u00a0 Cajeme, Caborca, Bavispe, Bacerac, Agua Prieta, Empalme, Etchojoa, Guaymas, Hermosillo, Huachinera, \u00cdmuris, Navojoa, Puerto Pe\u00f1asco,detall\u00f3 el jefe del ejecutivo.<\/p>\n<p>&nbsp;<\/p>\n<p>En Hermosillo ser\u00e1 una inversi\u00f3n de 219 millones de pesos, se rehabilitar\u00e1 todo el bulevar Hidalgo y los alrededores del Centro Hist\u00f3rico, adem\u00e1s de concluir\u00e1 la Cineteca Sonora,indic\u00f3<\/p>\n<p>&nbsp;<\/p>\n<p>Para la rehabilitaci\u00f3n del Mercado municipal ser\u00e1n 35 millones de pesos y para estos trabajos ya se tiene el proyecto ejecutivo, expuso.<\/p>\n<p>&nbsp;<\/p>\n<p><b>Fecha de publicaci\u00f3n martes 1 de agosto de 2023<\/b><\/p>\n","protected":false},"excerpt":{"rendered":"<p>HERMOSILLO, SONORA,MX.\u2500\u2500 El gobernador Alfonso Durazo Monta\u00f1o se reunir\u00e1 con el secretario de Hacienda federal,&#8230;<\/p>\n","protected":false},"author":1,"featured_media":170599,"comment_status":"open","ping_status":"open","sticky":false,"template":"","format":"standard","meta":{"_monsterinsights_skip_tracking":false,"_monsterinsights_sitenote_active":false,"_monsterinsights_sitenote_note":"","_monsterinsights_sitenote_category":0,"footnotes":""},"categories":[22],"tags":[93,15],"class_list":["post"],"yoast_head":" \n<title>Sonora en Equipo. Durazo gestionar\u00e1 m\u00e1s recursos econ\u00f3micos para Sonora ante Hacienda Sonora<\/title>\n<meta name=\"description\" content=\"HERMOSILLO, SONORA,MX.\u2500\u2500 El gobernador Alfonso Durazo Monta\u00f1o se reunir\u00e1 con el secretario de Hacienda federal, Rogelio Ram\u00edrez de la O para gestionar En Sonora en Equipo publicamos toda la informaci\u00f3n de Sonora, M\u00e9xico y el Mundo de manera oportuna y busca que la libertad de expresi\u00f3n sea real. Visita nuestro medio informativo publicado desde Hermosillo, Sonora. %\" \/>\n<meta name=\"robots\" content=\"index, follow, max-snippet:-1, max-image-preview:large, max-video-preview:-1\" \/>\n<link rel=\"canonical\" href=\"https:\/\/www.sonoraenequipo.com.mx\/durazo-se-reunira-con-secretario-de-hacienda-federal-busca-gestionar-mas-recursos-economicos-para-sonora\/\" \/>\n<meta property=\"og:locale\" content=\"es_ES\" \/>\n<meta property=\"og:type\" content=\"article\" \/>\n<meta property=\"og:title\" content=\"Sonora en Equipo. Durazo gestionar\u00e1 m\u00e1s recursos econ\u00f3micos para Sonora ante Hacienda Sonora\" \/>\n<meta property=\"og:description\" content=\"HERMOSILLO, SONORA,MX.\u2500\u2500 El gobernador Alfonso Durazo Monta\u00f1o se reunir\u00e1 con el secretario de Hacienda federal, Rogelio Ram\u00edrez de la O para gestionar En Sonora en Equipo publicamos toda la informaci\u00f3n de Sonora, M\u00e9xico y el Mundo de manera oportuna y busca que la libertad de expresi\u00f3n sea real. Visita nuestro medio informativo publicado desde Hermosillo, Sonora. %\" \/>\n<meta property=\"og:url\" content=\"https:\/\/www.sonoraenequipo.com.mx\/durazo-se-reunira-con-secretario-de-hacienda-federal-busca-gestionar-mas-recursos-economicos-para-sonora\/\" \/>\n<meta property=\"og:site_name\" content=\"Sonora en Equipo.\" \/>\n<meta property=\"article:publisher\" content=\"https:\/\/www.facebook.com\/SonoraEE\/\" \/>\n<meta property=\"article:author\" content=\"https:\/\/www.facebook.com\/SonoraEE\" \/>\n<meta property=\"article:published_time\" content=\"2023-08-02T01:15:10+00:00\" \/>\n<meta property=\"article:modified_time\" content=\"2023-08-02T18:02:15+00:00\" \/>\n<meta property=\"og:image\" content=\"https:\/\/www.sonoraenequipo.com.mx\/storage\/2023\/07\/adm-2.jpg\" \/>\n\t<meta property=\"og:image:width\" content=\"600\" \/>\n\t<meta property=\"og:image:height\" content=\"401\" \/>\n\t<meta property=\"og:image:type\" content=\"image\/jpeg\" \/>\n<meta name=\"author\" content=\"enequipo\" \/>\n<meta name=\"twitter:card\" content=\"summary_large_image\" \/>\n<meta name=\"twitter:creator\" content=\"@sonoraenequipo\" \/>\n<meta name=\"twitter:site\" content=\"@sonoraenequipo\" \/>\n<meta name=\"twitter:label1\" content=\"Escrito por\" \/>\n\t<meta name=\"twitter:data1\" content=\"enequipo\" \/>\n\t<meta name=\"twitter:label2\" content=\"Tiempo de lectura\" \/>\n\t<meta name=\"twitter:data2\" content=\"1 minuto\" \/>\n<script type=\"application\/ld+json\" class=\"yoast-schema-graph\">{\"@context\":\"https:\/\/schema.org\",\"@graph\":[{\"@type\":\"Article\",\"@id\":\"https:\/\/www.sonoraenequipo.com.mx\/durazo-se-reunira-con-secretario-de-hacienda-federal-busca-gestionar-mas-recursos-economicos-para-sonora\/#article\",\"isPartOf\":{\"@id\":\"https:\/\/www.sonoraenequipo.com.mx\/durazo-se-reunira-con-secretario-de-hacienda-federal-busca-gestionar-mas-recursos-economicos-para-sonora\/\"},\"author\":{\"name\":\"enequipo\",\"@id\":\"https:\/\/www.sonoraenequipo.com.mx\/#\/schema\/person\/50102df0fb23a8fa9e8effad8fa81386\"},\"headline\":\"Durazo gestionar\u00e1 m\u00e1s recursos econ\u00f3micos para Sonora ante Hacienda\",\"datePublished\":\"2023-08-02T01:15:10+00:00\",\"dateModified\":\"2023-08-02T18:02:15+00:00\",\"mainEntityOfPage\":{\"@id\":\"https:\/\/www.sonoraenequipo.com.mx\/durazo-se-reunira-con-secretario-de-hacienda-federal-busca-gestionar-mas-recursos-economicos-para-sonora\/\"},\"wordCount\":278,\"commentCount\":0,\"publisher\":{\"@id\":\"https:\/\/www.sonoraenequipo.com.mx\/#organization\"},\"image\":{\"@id\":\"https:\/\/www.sonoraenequipo.com.mx\/durazo-se-reunira-con-secretario-de-hacienda-federal-busca-gestionar-mas-recursos-economicos-para-sonora\/#primaryimage\"},\"thumbnailUrl\":\"https:\/\/www.sonoraenequipo.com.mx\/storage\/2023\/07\/adm-2.jpg\",\"keywords\":[\"econom\u00eda\",\"Sonora\"],\"articleSection\":[\"Sonora\"],\"inLanguage\":\"es\",\"potentialAction\":[{\"@type\":\"CommentAction\",\"name\":\"Comment\",\"target\":[\"https:\/\/www.sonoraenequipo.com.mx\/durazo-se-reunira-con-secretario-de-hacienda-federal-busca-gestionar-mas-recursos-economicos-para-sonora\/#respond\"]}]},{\"@type\":\"WebPage\",\"@id\":\"https:\/\/www.sonoraenequipo.com.mx\/durazo-se-reunira-con-secretario-de-hacienda-federal-busca-gestionar-mas-recursos-economicos-para-sonora\/\",\"url\":\"https:\/\/www.sonoraenequipo.com.mx\/durazo-se-reunira-con-secretario-de-hacienda-federal-busca-gestionar-mas-recursos-economicos-para-sonora\/\",\"name\":\"Sonora en Equipo. Durazo gestionar\u00e1 m\u00e1s recursos econ\u00f3micos para Sonora ante Hacienda Sonora\",\"isPartOf\":{\"@id\":\"https:\/\/www.sonoraenequipo.com.mx\/#website\"},\"primaryImageOfPage\":{\"@id\":\"https:\/\/www.sonoraenequipo.com.mx\/durazo-se-reunira-con-secretario-de-hacienda-federal-busca-gestionar-mas-recursos-economicos-para-sonora\/#primaryimage\"},\"image\":{\"@id\":\"https:\/\/www.sonoraenequipo.com.mx\/durazo-se-reunira-con-secretario-de-hacienda-federal-busca-gestionar-mas-recursos-economicos-para-sonora\/#primaryimage\"},\"thumbnailUrl\":\"https:\/\/www.sonoraenequipo.com.mx\/storage\/2023\/07\/adm-2.jpg\",\"datePublished\":\"2023-08-02T01:15:10+00:00\",\"dateModified\":\"2023-08-02T18:02:15+00:00\",\"description\":\"HERMOSILLO, SONORA,MX.\u2500\u2500 El gobernador Alfonso Durazo Monta\u00f1o se reunir\u00e1 con el secretario de Hacienda federal, Rogelio Ram\u00edrez de la O para gestionar En Sonora en Equipo publicamos toda la informaci\u00f3n de Sonora, M\u00e9xico y el Mundo de manera oportuna y busca que la libertad de expresi\u00f3n sea real. Visita nuestro medio informativo publicado desde Hermosillo, Sonora. %\",\"breadcrumb\":{\"@id\":\"https:\/\/www.sonoraenequipo.com.mx\/durazo-se-reunira-con-secretario-de-hacienda-federal-busca-gestionar-mas-recursos-economicos-para-sonora\/#breadcrumb\"},\"inLanguage\":\"es\",\"potentialAction\":[{\"@type\":\"ReadAction\",\"target\":[\"https:\/\/www.sonoraenequipo.com.mx\/durazo-se-reunira-con-secretario-de-hacienda-federal-busca-gestionar-mas-recursos-economicos-para-sonora\/\"]}]},{\"@type\":\"ImageObject\",\"inLanguage\":\"es\",\"@id\":\"https:\/\/www.sonoraenequipo.com.mx\/durazo-se-reunira-con-secretario-de-hacienda-federal-busca-gestionar-mas-recursos-economicos-para-sonora\/#primaryimage\",\"url\":\"https:\/\/www.sonoraenequipo.com.mx\/storage\/2023\/07\/adm-2.jpg\",\"contentUrl\":\"https:\/\/www.sonoraenequipo.com.mx\/storage\/2023\/07\/adm-2.jpg\",\"width\":600,\"height\":401,\"caption\":\"Archivo\"},{\"@type\":\"BreadcrumbList\",\"@id\":\"https:\/\/www.sonoraenequipo.com.mx\/durazo-se-reunira-con-secretario-de-hacienda-federal-busca-gestionar-mas-recursos-economicos-para-sonora\/#breadcrumb\",\"itemListElement\":[{\"@type\":\"ListItem\",\"position\":1,\"name\":\"Portada\",\"item\":\"https:\/\/www.sonoraenequipo.com.mx\/\"},{\"@type\":\"ListItem\",\"position\":2,\"name\":\"Durazo gestionar\u00e1 m\u00e1s recursos econ\u00f3micos para Sonora ante Hacienda\"}]},{\"@type\":\"WebSite\",\"@id\":\"https:\/\/www.sonoraenequipo.com.mx\/#website\",\"url\":\"https:\/\/www.sonoraenequipo.com.mx\/\",\"name\":\"Sonora en Equipo.\",\"description\":\"Diario en l\u00ednea con Noticias desde Hermosillo, Sonora\",\"publisher\":{\"@id\":\"https:\/\/www.sonoraenequipo.com.mx\/#organization\"},\"potentialAction\":[{\"@type\":\"SearchAction\",\"target\":{\"@type\":\"EntryPoint\",\"urlTemplate\":\"https:\/\/www.sonoraenequipo.com.mx\/?s={search_term_string}\"},\"query-input\":{\"@type\":\"PropertyValueSpecification\",\"valueRequired\":true,\"valueName\":\"search_term_string\"}}],\"inLanguage\":\"es\"},{\"@type\":\"Organization\",\"@id\":\"https:\/\/www.sonoraenequipo.com.mx\/#organization\",\"name\":\"Sonoraenequipo.com.mx\",\"url\":\"https:\/\/www.sonoraenequipo.com.mx\/\",\"logo\":{\"@type\":\"ImageObject\",\"inLanguage\":\"es\",\"@id\":\"https:\/\/www.sonoraenequipo.com.mx\/#\/schema\/logo\/image\/\",\"url\":\"https:\/\/www.sonoraenequipo.com.mx\/storage\/2019\/01\/sonoraenequipo_opt.png\",\"contentUrl\":\"https:\/\/www.sonoraenequipo.com.mx\/storage\/2019\/01\/sonoraenequipo_opt.png\",\"width\":375,\"height\":125,\"caption\":\"Sonoraenequipo.com.mx\"},\"image\":{\"@id\":\"https:\/\/www.sonoraenequipo.com.mx\/#\/schema\/logo\/image\/\"},\"sameAs\":[\"https:\/\/www.facebook.com\/SonoraEE\/\",\"https:\/\/x.com\/sonoraenequipo\",\"https:\/\/www.youtube.com\/channel\/UC338nW-lPEYmJQs4ZABQ1SQ\"]},{\"@type\":\"Person\",\"@id\":\"https:\/\/www.sonoraenequipo.com.mx\/#\/schema\/person\/50102df0fb23a8fa9e8effad8fa81386\",\"name\":\"enequipo\",\"image\":{\"@type\":\"ImageObject\",\"inLanguage\":\"es\",\"@id\":\"https:\/\/www.sonoraenequipo.com.mx\/#\/schema\/person\/image\/\",\"url\":\"https:\/\/secure.gravatar.com\/avatar\/049821681b589dabc0bc20695993ccebb09f5b5d4d790cd9251b97faac7c652b?s=96&d=blank&r=g\",\"contentUrl\":\"https:\/\/secure.gravatar.com\/avatar\/049821681b589dabc0bc20695993ccebb09f5b5d4d790cd9251b97faac7c652b?s=96&d=blank&r=g\",\"caption\":\"enequipo\"},\"sameAs\":[\"https:\/\/www.facebook.com\/SonoraEE\"]}]}<\/script>\n ","yoast_head_json":{"title":"Sonora en Equipo. Durazo gestionar\u00e1 m\u00e1s recursos econ\u00f3micos para Sonora ante Hacienda Sonora","description":"HERMOSILLO, SONORA,MX.\u2500\u2500 El gobernador Alfonso Durazo Monta\u00f1o se reunir\u00e1 con el secretario de Hacienda federal, Rogelio Ram\u00edrez de la O para gestionar En Sonora en Equipo publicamos toda la informaci\u00f3n de Sonora, M\u00e9xico y el Mundo de manera oportuna y busca que la libertad de expresi\u00f3n sea real. Visita nuestro medio informativo publicado desde Hermosillo, Sonora. %","robots":{"index":"index","follow":"follow","max-snippet":"max-snippet:-1","max-image-preview":"max-image-preview:large","max-video-preview":"max-video-preview:-1"},"canonical":"https:\/\/www.sonoraenequipo.com.mx\/durazo-se-reunira-con-secretario-de-hacienda-federal-busca-gestionar-mas-recursos-economicos-para-sonora\/","og_locale":"es_ES","og_type":"article","og_title":"Sonora en Equipo. Durazo gestionar\u00e1 m\u00e1s recursos econ\u00f3micos para Sonora ante Hacienda Sonora","og_description":"HERMOSILLO, SONORA,MX.\u2500\u2500 El gobernador Alfonso Durazo Monta\u00f1o se reunir\u00e1 con el secretario de Hacienda federal, Rogelio Ram\u00edrez de la O para gestionar En Sonora en Equipo publicamos toda la informaci\u00f3n de Sonora, M\u00e9xico y el Mundo de manera oportuna y busca que la libertad de expresi\u00f3n sea real. Visita nuestro medio informativo publicado desde Hermosillo, Sonora. %","og_url":"https:\/\/www.sonoraenequipo.com.mx\/durazo-se-reunira-con-secretario-de-hacienda-federal-busca-gestionar-mas-recursos-economicos-para-sonora\/","og_site_name":"Sonora en Equipo.","article_publisher":"https:\/\/www.facebook.com\/SonoraEE\/","article_author":"https:\/\/www.facebook.com\/SonoraEE","article_published_time":"2023-08-02T01:15:10+00:00","article_modified_time":"2023-08-02T18:02:15+00:00","og_image":[{"width":600,"height":401,"url":"https:\/\/www.sonoraenequipo.com.mx\/storage\/2023\/07\/adm-2.jpg","type":"image\/jpeg"}],"author":"enequipo","twitter_card":"summary_large_image","twitter_creator":"@sonoraenequipo","twitter_site":"@sonoraenequipo","twitter_misc":{"Escrito por":"enequipo","Tiempo de lectura":"1 minuto"},"schema":{"@context":"https:\/\/schema.org","@graph":[{"@type":"Article","@id":"https:\/\/www.sonoraenequipo.com.mx\/durazo-se-reunira-con-secretario-de-hacienda-federal-busca-gestionar-mas-recursos-economicos-para-sonora\/#article","isPartOf":{"@id":"https:\/\/www.sonoraenequipo.com.mx\/durazo-se-reunira-con-secretario-de-hacienda-federal-busca-gestionar-mas-recursos-economicos-para-sonora\/"},"author":{"name":"enequipo","@id":"https:\/\/www.sonoraenequipo.com.mx\/#\/schema\/person\/50102df0fb23a8fa9e8effad8fa81386"},"headline":"Durazo gestionar\u00e1 m\u00e1s recursos econ\u00f3micos para Sonora ante Hacienda","datePublished":"2023-08-02T01:15:10+00:00","dateModified":"2023-08-02T18:02:15+00:00","mainEntityOfPage":{"@id":"https:\/\/www.sonoraenequipo.com.mx\/durazo-se-reunira-con-secretario-de-hacienda-federal-busca-gestionar-mas-recursos-economicos-para-sonora\/"},"wordCount":278,"commentCount":0,"publisher":{"@id":"https:\/\/www.sonoraenequipo.com.mx\/#organization"},"image":{"@id":"https:\/\/www.sonoraenequipo.com.mx\/durazo-se-reunira-con-secretario-de-hacienda-federal-busca-gestionar-mas-recursos-economicos-para-sonora\/#primaryimage"},"thumbnailUrl":"https:\/\/www.sonoraenequipo.com.mx\/storage\/2023\/07\/adm-2.jpg","keywords":["econom\u00eda","Sonora"],"articleSection":["Sonora"],"inLanguage":"es","potentialAction":[{"@type":"CommentAction","name":"Comment","target":["https:\/\/www.sonoraenequipo.com.mx\/durazo-se-reunira-con-secretario-de-hacienda-federal-busca-gestionar-mas-recursos-economicos-para-sonora\/#respond"]}]},{"@type":"WebPage","@id":"https:\/\/www.sonoraenequipo.com.mx\/durazo-se-reunira-con-secretario-de-hacienda-federal-busca-gestionar-mas-recursos-economicos-para-sonora\/","url":"https:\/\/www.sonoraenequipo.com.mx\/durazo-se-reunira-con-secretario-de-hacienda-federal-busca-gestionar-mas-recursos-economicos-para-sonora\/","name":"Sonora en Equipo. Durazo gestionar\u00e1 m\u00e1s recursos econ\u00f3micos para Sonora ante Hacienda Sonora","isPartOf":{"@id":"https:\/\/www.sonoraenequipo.com.mx\/#website"},"primaryImageOfPage":{"@id":"https:\/\/www.sonoraenequipo.com.mx\/durazo-se-reunira-con-secretario-de-hacienda-federal-busca-gestionar-mas-recursos-economicos-para-sonora\/#primaryimage"},"image":{"@id":"https:\/\/www.sonoraenequipo.com.mx\/durazo-se-reunira-con-secretario-de-hacienda-federal-busca-gestionar-mas-recursos-economicos-para-sonora\/#primaryimage"},"thumbnailUrl":"https:\/\/www.sonoraenequipo.com.mx\/storage\/2023\/07\/adm-2.jpg","datePublished":"2023-08-02T01:15:10+00:00","dateModified":"2023-08-02T18:02:15+00:00","description":"HERMOSILLO, SONORA,MX.\u2500\u2500 El gobernador Alfonso Durazo Monta\u00f1o se reunir\u00e1 con el secretario de Hacienda federal, Rogelio Ram\u00edrez de la O para gestionar En Sonora en Equipo publicamos toda la informaci\u00f3n de Sonora, M\u00e9xico y el Mundo de manera oportuna y busca que la libertad de expresi\u00f3n sea real. Visita nuestro medio informativo publicado desde Hermosillo, Sonora. %","breadcrumb":{"@id":"https:\/\/www.sonoraenequipo.com.mx\/durazo-se-reunira-con-secretario-de-hacienda-federal-busca-gestionar-mas-recursos-economicos-para-sonora\/#breadcrumb"},"inLanguage":"es","potentialAction":[{"@type":"ReadAction","target":["https:\/\/www.sonoraenequipo.com.mx\/durazo-se-reunira-con-secretario-de-hacienda-federal-busca-gestionar-mas-recursos-economicos-para-sonora\/"]}]},{"@type":"ImageObject","inLanguage":"es","@id":"https:\/\/www.sonoraenequipo.com.mx\/durazo-se-reunira-con-secretario-de-hacienda-federal-busca-gestionar-mas-recursos-economicos-para-sonora\/#primaryimage","url":"https:\/\/www.sonoraenequipo.com.mx\/storage\/2023\/07\/adm-2.jpg","contentUrl":"https:\/\/www.sonoraenequipo.com.mx\/storage\/2023\/07\/adm-2.jpg","width":600,"height":401,"caption":"Archivo"},{"@type":"BreadcrumbList","@id":"https:\/\/www.sonoraenequipo.com.mx\/durazo-se-reunira-con-secretario-de-hacienda-federal-busca-gestionar-mas-recursos-economicos-para-sonora\/#breadcrumb","itemListElement":[{"@type":"ListItem","position":1,"name":"Portada","item":"https:\/\/www.sonoraenequipo.com.mx\/"},{"@type":"ListItem","position":2,"name":"Durazo gestionar\u00e1 m\u00e1s recursos econ\u00f3micos para Sonora ante Hacienda"}]},{"@type":"WebSite","@id":"https:\/\/www.sonoraenequipo.com.mx\/#website","url":"https:\/\/www.sonoraenequipo.com.mx\/","name":"Sonora en Equipo.","description":"Diario en l\u00ednea con Noticias desde Hermosillo, Sonora","publisher":{"@id":"https:\/\/www.sonoraenequipo.com.mx\/#organization"},"potentialAction":[{"@type":"SearchAction","target":{"@type":"EntryPoint","urlTemplate":"https:\/\/www.sonoraenequipo.com.mx\/?s={search_term_string}"},"query-input":{"@type":"PropertyValueSpecification","valueRequired":true,"valueName":"search_term_string"}}],"inLanguage":"es"},{"@type":"Organization","@id":"https:\/\/www.sonoraenequipo.com.mx\/#organization","name":"Sonoraenequipo.com.mx","url":"https:\/\/www.sonoraenequipo.com.mx\/","logo":{"@type":"ImageObject","inLanguage":"es","@id":"https:\/\/www.sonoraenequipo.com.mx\/#\/schema\/logo\/image\/","url":"https:\/\/www.sonoraenequipo.com.mx\/storage\/2019\/01\/sonoraenequipo_opt.png","contentUrl":"https:\/\/www.sonoraenequipo.com.mx\/storage\/2019\/01\/sonoraenequipo_opt.png","width":375,"height":125,"caption":"Sonoraenequipo.com.mx"},"image":{"@id":"https:\/\/www.sonoraenequipo.com.mx\/#\/schema\/logo\/image\/"},"sameAs":["https:\/\/www.facebook.com\/SonoraEE\/","https:\/\/x.com\/sonoraenequipo","https:\/\/www.youtube.com\/channel\/UC338nW-lPEYmJQs4ZABQ1SQ"]},{"@type":"Person","@id":"https:\/\/www.sonoraenequipo.com.mx\/#\/schema\/person\/50102df0fb23a8fa9e8effad8fa81386","name":"enequipo","image":{"@type":"ImageObject","inLanguage":"es","@id":"https:\/\/www.sonoraenequipo.com.mx\/#\/schema\/person\/image\/","url":"https:\/\/secure.gravatar.com\/avatar\/049821681b589dabc0bc20695993ccebb09f5b5d4d790cd9251b97faac7c652b?s=96&d=blank&r=g","contentUrl":"https:\/\/secure.gravatar.com\/avatar\/049821681b589dabc0bc20695993ccebb09f5b5d4d790cd9251b97faac7c652b?s=96&d=blank&r=g","caption":"enequipo"},"sameAs":["https:\/\/www.facebook.com\/SonoraEE"]}]}},"jetpack_featured_media_url":"https:\/\/www.sonoraenequipo.com.mx\/storage\/2023\/07\/adm-2.jpg","_links":{"self":[{"href":"https:\/\/www.sonoraenequipo.com.mx\/api\/wp\/v2\/posts\/171647","targetHints":{"allow":["GET"]}}],"collection":[{"href":"https:\/\/www.sonoraenequipo.com.mx\/api\/wp\/v2\/posts"}],"about":[{"href":"https:\/\/www.sonoraenequipo.com.mx\/api\/wp\/v2\/types\/post"}],"author":[{"embeddable":true,"href":"https:\/\/www.sonoraenequipo.com.mx\/api\/wp\/v2\/users\/1"}],"replies":[{"embeddable":true,"href":"https:\/\/www.sonoraenequipo.com.mx\/api\/wp\/v2\/comments?post=171647"}],"version-history":[{"count":3,"href":"https:\/\/www.sonoraenequipo.com.mx\/api\/wp\/v2\/posts\/171647\/revisions"}],"predecessor-version":[{"id":171668,"href":"https:\/\/www.sonoraenequipo.com.mx\/api\/wp\/v2\/posts\/171647\/revisions\/171668"}],"wp:featuredmedia":[{"embeddable":true,"href":"https:\/\/www.sonoraenequipo.com.mx\/api\/wp\/v2\/media\/170599"}],"wp:attachment":[{"href":"https:\/\/www.sonoraenequipo.com.mx\/api\/wp\/v2\/media?parent=171647"}],"wp:term":[{"taxonomy":"category","embeddable":true,"href":"https:\/\/www.sonoraenequipo.com.mx\/api\/wp\/v2\/categories?post=171647"},{"taxonomy":"post_tag","embeddable":true,"href":"https:\/\/www.sonoraenequipo.com.mx\/api\/wp\/v2\/tags?post=171647"}],"curies":[{"name":"wp","href":"https:\/\/api.w.org\/{rel}","templated":true}]}}