{"id":171866,"date":"2023-08-05T15:12:39","date_gmt":"2023-08-05T22:12:39","guid":{"rendered":"https:\/\/www.sonoraenequipo.com.mx\/?p=171866"},"modified":"2023-08-05T15:12:39","modified_gmt":"2023-08-05T22:12:39","slug":"el-gobierno-de-sonora-desarrolla-proyectos-productivos-de-ajo-en-el-rio-sonora","status":"publish","type":"post","link":"https:\/\/www.sonoraenequipo.com.mx\/el-gobierno-de-sonora-desarrolla-proyectos-productivos-de-ajo-en-el-rio-sonora\/","title":{"rendered":"El Gobierno de Sonora desarrolla proyectos productivos de ajo en el R\u00edo Sonora"},"content":{"rendered":"<p><strong>URES, SONORA,MX.<\/strong><strong>\u2500\u2500 \u00a0<\/strong>El desarrollo de los municipios m\u00e1s necesitados es prioridad para el Gobierno de Sonora, por lo que la Sagarhpa trabaja en el avance del Proyecto de la Cadena Productiva de Ajo del R\u00edo Sonora.<\/p>\n<p>&nbsp;<\/p>\n<p>&nbsp;<\/p>\n<p>&nbsp;<\/p>\n<p>F\u00e1tima Yolanda Rodr\u00edguez Mendoza, titular de la Secretar\u00eda de Agricultura, Ganader\u00eda, Recursos Hidr\u00e1ulicos, Pesca y Acuacultura (Sagarhpa), expres\u00f3 que este proyecto lo tienen enfocado en los municipios de Arizpe y Ures, para desarrollar esta planta con semilla mejorada que permitir\u00e1 detonar la econom\u00eda de esta regi\u00f3n.<\/p>\n<p>&nbsp;<\/p>\n<p>&nbsp;<\/p>\n<p>&nbsp;<\/p>\n<p>El estudio y desarrollo de este plan lo coordina la Secretar\u00eda de Agricultura en Sonora, con la Secretar\u00eda de Agricultura y Desarrollo Rural (Sader), el Instituto Nacional de Investigaciones Forestales, Agr\u00edcolas y Pecuarias (INIFAP), adem\u00e1s del Comit\u00e9 Estatal de Sanidad Vegetal (CESAVE), junto con el Ayuntamiento de Arizpe y el Centro de Bachillerato Tecnol\u00f3gico agropecuaria (CBTA 166) de Ures.<\/p>\n<p>&nbsp;<\/p>\n<p>&nbsp;<\/p>\n<p>&nbsp;<\/p>\n<p>En esta regi\u00f3n el gobernador Alfonso Durazo mantiene especial inter\u00e9s, ya que es una de las zonas especiales que buscan detonar, por lo que apoya la instalaci\u00f3n de parcelas experimentales.<\/p>\n<p>&nbsp;<\/p>\n<p>&nbsp;<\/p>\n<p>&nbsp;<\/p>\n<p>Salvador Mart\u00ednez Ledesma, director de Desarrollo Rural y Capitalizaci\u00f3n al Campo de la Sagarhpa, abund\u00f3 que las parcelas sembradas en los municipios del R\u00edo Sonora son un total de diez de una hect\u00e1rea cada una de ellas, dos en Bacoachi, cuatro en Arizpe, una en Hu\u00e9pac, las cuales est\u00e1n sembradas con la variedad regional Chino Blanco.<\/p>\n<p>&nbsp;<\/p>\n<p>Adem\u00e1s de dos parcelas en Ures con la variedad regional Singapur, y una m\u00e1s en la regi\u00f3n de Zamora en el municipio de Hermosillo con la variedad Perla blanco.<\/p>\n<p>&nbsp;<\/p>\n<p>&nbsp;<\/p>\n<p>&nbsp;<\/p>\n<p>El objetivo, dijo el funcionario de Sagarhpa, es que los productores cuenten en el futuro con semillas certificadas libres de plagas y enfermedades, estas dos practicas la de reproducci\u00f3n de semillas de ajo y la obtenci\u00f3n de semilla \u201cDeclara\u201d de ajo por primera vez se est\u00e1 haciendo en una zona productora de esta planta en M\u00e9xico.<\/p>\n<p>&nbsp;<\/p>\n<p>&nbsp;<\/p>\n<p>&nbsp;<\/p>\n<p>En cuanto a la calificaci\u00f3n de la semilla de ajo, se est\u00e1 integrando junto con otros estados y autoridades de la SADER a trav\u00e9s del Servicio Nacional de Inspecci\u00f3n y Certificaci\u00f3n de semillas (SNICS) la normatividad para que el pr\u00f3ximo ciclo se pueda clasificar la semilla de ajo en alguna de las categor\u00edas reconocidas oficialmente por las autoridades competentes tanto nacionales como internacionales como \u201cB\u00e1sica\u201d, \u201cRegistrada\u201d. \u201cCertificada\u201d o \u201cHabilitada\u201d, por esto la importancia del trabajo que est\u00e1 realizando el INIFAP, para obtener semillas regionales sonorenses, y el paquete tecnol\u00f3gico m\u00e1s adecuado a las regiones productoras del Rio Sonora.<\/p>\n<p><strong>Fecha de publicaci\u00f3n s\u00e1bado 5 de agosto \u00a0de 2023<\/strong><\/p>\n<p>&nbsp;<\/p>\n","protected":false},"excerpt":{"rendered":"<p>URES, SONORA,MX.\u2500\u2500 \u00a0El desarrollo de los municipios m\u00e1s necesitados es prioridad para el Gobierno de&#8230;<\/p>\n","protected":false},"author":1,"featured_media":171867,"comment_status":"open","ping_status":"open","sticky":false,"template":"","format":"standard","meta":{"_monsterinsights_skip_tracking":false,"_monsterinsights_sitenote_active":false,"_monsterinsights_sitenote_note":"","_monsterinsights_sitenote_category":0,"footnotes":""},"categories":[22],"tags":[93,15],"class_list":["post"],"yoast_head":" \n<title>Sonora en Equipo. El Gobierno de Sonora desarrolla proyectos productivos de ajo en el R\u00edo Sonora Sonora<\/title>\n<meta name=\"description\" content=\"URES, SONORA,MX.\u2500\u2500 \u00a0El desarrollo de los municipios m\u00e1s necesitados es prioridad para el Gobierno de Sonora, por lo que la Sagarhpa trabaja en el avance En Sonora en Equipo publicamos toda la informaci\u00f3n de Sonora, M\u00e9xico y el Mundo de manera oportuna y busca que la libertad de expresi\u00f3n sea real. Visita nuestro medio informativo publicado desde Hermosillo, Sonora. %\" \/>\n<meta name=\"robots\" content=\"index, follow, max-snippet:-1, max-image-preview:large, max-video-preview:-1\" \/>\n<link rel=\"canonical\" href=\"https:\/\/www.sonoraenequipo.com.mx\/el-gobierno-de-sonora-desarrolla-proyectos-productivos-de-ajo-en-el-rio-sonora\/\" \/>\n<meta property=\"og:locale\" content=\"es_ES\" \/>\n<meta property=\"og:type\" content=\"article\" \/>\n<meta property=\"og:title\" content=\"Sonora en Equipo. El Gobierno de Sonora desarrolla proyectos productivos de ajo en el R\u00edo Sonora Sonora\" \/>\n<meta property=\"og:description\" content=\"URES, SONORA,MX.\u2500\u2500 \u00a0El desarrollo de los municipios m\u00e1s necesitados es prioridad para el Gobierno de Sonora, por lo que la Sagarhpa trabaja en el avance En Sonora en Equipo publicamos toda la informaci\u00f3n de Sonora, M\u00e9xico y el Mundo de manera oportuna y busca que la libertad de expresi\u00f3n sea real. Visita nuestro medio informativo publicado desde Hermosillo, Sonora. %\" \/>\n<meta property=\"og:url\" content=\"https:\/\/www.sonoraenequipo.com.mx\/el-gobierno-de-sonora-desarrolla-proyectos-productivos-de-ajo-en-el-rio-sonora\/\" \/>\n<meta property=\"og:site_name\" content=\"Sonora en Equipo.\" \/>\n<meta property=\"article:publisher\" content=\"https:\/\/www.facebook.com\/SonoraEE\/\" \/>\n<meta property=\"article:author\" content=\"https:\/\/www.facebook.com\/SonoraEE\" \/>\n<meta property=\"article:published_time\" content=\"2023-08-05T22:12:39+00:00\" \/>\n<meta property=\"og:image\" content=\"https:\/\/www.sonoraenequipo.com.mx\/storage\/2023\/08\/ajo.jpg\" \/>\n\t<meta property=\"og:image:width\" content=\"600\" \/>\n\t<meta property=\"og:image:height\" content=\"400\" \/>\n\t<meta property=\"og:image:type\" content=\"image\/jpeg\" \/>\n<meta name=\"author\" content=\"enequipo\" \/>\n<meta name=\"twitter:card\" content=\"summary_large_image\" \/>\n<meta name=\"twitter:creator\" content=\"@sonoraenequipo\" \/>\n<meta name=\"twitter:site\" content=\"@sonoraenequipo\" \/>\n<meta name=\"twitter:label1\" content=\"Escrito por\" \/>\n\t<meta name=\"twitter:data1\" content=\"enequipo\" \/>\n\t<meta name=\"twitter:label2\" content=\"Tiempo de lectura\" \/>\n\t<meta name=\"twitter:data2\" content=\"2 minutos\" \/>\n<script type=\"application\/ld+json\" class=\"yoast-schema-graph\">{\"@context\":\"https:\/\/schema.org\",\"@graph\":[{\"@type\":\"Article\",\"@id\":\"https:\/\/www.sonoraenequipo.com.mx\/el-gobierno-de-sonora-desarrolla-proyectos-productivos-de-ajo-en-el-rio-sonora\/#article\",\"isPartOf\":{\"@id\":\"https:\/\/www.sonoraenequipo.com.mx\/el-gobierno-de-sonora-desarrolla-proyectos-productivos-de-ajo-en-el-rio-sonora\/\"},\"author\":{\"name\":\"enequipo\",\"@id\":\"https:\/\/www.sonoraenequipo.com.mx\/#\/schema\/person\/50102df0fb23a8fa9e8effad8fa81386\"},\"headline\":\"El Gobierno de Sonora desarrolla proyectos productivos de ajo en el R\u00edo Sonora\",\"datePublished\":\"2023-08-05T22:12:39+00:00\",\"mainEntityOfPage\":{\"@id\":\"https:\/\/www.sonoraenequipo.com.mx\/el-gobierno-de-sonora-desarrolla-proyectos-productivos-de-ajo-en-el-rio-sonora\/\"},\"wordCount\":491,\"commentCount\":0,\"publisher\":{\"@id\":\"https:\/\/www.sonoraenequipo.com.mx\/#organization\"},\"image\":{\"@id\":\"https:\/\/www.sonoraenequipo.com.mx\/el-gobierno-de-sonora-desarrolla-proyectos-productivos-de-ajo-en-el-rio-sonora\/#primaryimage\"},\"thumbnailUrl\":\"https:\/\/www.sonoraenequipo.com.mx\/storage\/2023\/08\/ajo.jpg\",\"keywords\":[\"econom\u00eda\",\"Sonora\"],\"articleSection\":[\"Sonora\"],\"inLanguage\":\"es\",\"potentialAction\":[{\"@type\":\"CommentAction\",\"name\":\"Comment\",\"target\":[\"https:\/\/www.sonoraenequipo.com.mx\/el-gobierno-de-sonora-desarrolla-proyectos-productivos-de-ajo-en-el-rio-sonora\/#respond\"]}]},{\"@type\":\"WebPage\",\"@id\":\"https:\/\/www.sonoraenequipo.com.mx\/el-gobierno-de-sonora-desarrolla-proyectos-productivos-de-ajo-en-el-rio-sonora\/\",\"url\":\"https:\/\/www.sonoraenequipo.com.mx\/el-gobierno-de-sonora-desarrolla-proyectos-productivos-de-ajo-en-el-rio-sonora\/\",\"name\":\"Sonora en Equipo. El Gobierno de Sonora desarrolla proyectos productivos de ajo en el R\u00edo Sonora Sonora\",\"isPartOf\":{\"@id\":\"https:\/\/www.sonoraenequipo.com.mx\/#website\"},\"primaryImageOfPage\":{\"@id\":\"https:\/\/www.sonoraenequipo.com.mx\/el-gobierno-de-sonora-desarrolla-proyectos-productivos-de-ajo-en-el-rio-sonora\/#primaryimage\"},\"image\":{\"@id\":\"https:\/\/www.sonoraenequipo.com.mx\/el-gobierno-de-sonora-desarrolla-proyectos-productivos-de-ajo-en-el-rio-sonora\/#primaryimage\"},\"thumbnailUrl\":\"https:\/\/www.sonoraenequipo.com.mx\/storage\/2023\/08\/ajo.jpg\",\"datePublished\":\"2023-08-05T22:12:39+00:00\",\"description\":\"URES, SONORA,MX.\u2500\u2500 \u00a0El desarrollo de los municipios m\u00e1s necesitados es prioridad para el Gobierno de Sonora, por lo que la Sagarhpa trabaja en el avance En Sonora en Equipo publicamos toda la informaci\u00f3n de Sonora, M\u00e9xico y el Mundo de manera oportuna y busca que la libertad de expresi\u00f3n sea real. Visita nuestro medio informativo publicado desde Hermosillo, Sonora. %\",\"breadcrumb\":{\"@id\":\"https:\/\/www.sonoraenequipo.com.mx\/el-gobierno-de-sonora-desarrolla-proyectos-productivos-de-ajo-en-el-rio-sonora\/#breadcrumb\"},\"inLanguage\":\"es\",\"potentialAction\":[{\"@type\":\"ReadAction\",\"target\":[\"https:\/\/www.sonoraenequipo.com.mx\/el-gobierno-de-sonora-desarrolla-proyectos-productivos-de-ajo-en-el-rio-sonora\/\"]}]},{\"@type\":\"ImageObject\",\"inLanguage\":\"es\",\"@id\":\"https:\/\/www.sonoraenequipo.com.mx\/el-gobierno-de-sonora-desarrolla-proyectos-productivos-de-ajo-en-el-rio-sonora\/#primaryimage\",\"url\":\"https:\/\/www.sonoraenequipo.com.mx\/storage\/2023\/08\/ajo.jpg\",\"contentUrl\":\"https:\/\/www.sonoraenequipo.com.mx\/storage\/2023\/08\/ajo.jpg\",\"width\":600,\"height\":400},{\"@type\":\"BreadcrumbList\",\"@id\":\"https:\/\/www.sonoraenequipo.com.mx\/el-gobierno-de-sonora-desarrolla-proyectos-productivos-de-ajo-en-el-rio-sonora\/#breadcrumb\",\"itemListElement\":[{\"@type\":\"ListItem\",\"position\":1,\"name\":\"Portada\",\"item\":\"https:\/\/www.sonoraenequipo.com.mx\/\"},{\"@type\":\"ListItem\",\"position\":2,\"name\":\"El Gobierno de Sonora desarrolla proyectos productivos de ajo en el R\u00edo Sonora\"}]},{\"@type\":\"WebSite\",\"@id\":\"https:\/\/www.sonoraenequipo.com.mx\/#website\",\"url\":\"https:\/\/www.sonoraenequipo.com.mx\/\",\"name\":\"Sonora en Equipo.\",\"description\":\"Diario en l\u00ednea con Noticias desde Hermosillo, Sonora\",\"publisher\":{\"@id\":\"https:\/\/www.sonoraenequipo.com.mx\/#organization\"},\"potentialAction\":[{\"@type\":\"SearchAction\",\"target\":{\"@type\":\"EntryPoint\",\"urlTemplate\":\"https:\/\/www.sonoraenequipo.com.mx\/?s={search_term_string}\"},\"query-input\":{\"@type\":\"PropertyValueSpecification\",\"valueRequired\":true,\"valueName\":\"search_term_string\"}}],\"inLanguage\":\"es\"},{\"@type\":\"Organization\",\"@id\":\"https:\/\/www.sonoraenequipo.com.mx\/#organization\",\"name\":\"Sonoraenequipo.com.mx\",\"url\":\"https:\/\/www.sonoraenequipo.com.mx\/\",\"logo\":{\"@type\":\"ImageObject\",\"inLanguage\":\"es\",\"@id\":\"https:\/\/www.sonoraenequipo.com.mx\/#\/schema\/logo\/image\/\",\"url\":\"https:\/\/www.sonoraenequipo.com.mx\/storage\/2019\/01\/sonoraenequipo_opt.png\",\"contentUrl\":\"https:\/\/www.sonoraenequipo.com.mx\/storage\/2019\/01\/sonoraenequipo_opt.png\",\"width\":375,\"height\":125,\"caption\":\"Sonoraenequipo.com.mx\"},\"image\":{\"@id\":\"https:\/\/www.sonoraenequipo.com.mx\/#\/schema\/logo\/image\/\"},\"sameAs\":[\"https:\/\/www.facebook.com\/SonoraEE\/\",\"https:\/\/x.com\/sonoraenequipo\",\"https:\/\/www.youtube.com\/channel\/UC338nW-lPEYmJQs4ZABQ1SQ\"]},{\"@type\":\"Person\",\"@id\":\"https:\/\/www.sonoraenequipo.com.mx\/#\/schema\/person\/50102df0fb23a8fa9e8effad8fa81386\",\"name\":\"enequipo\",\"image\":{\"@type\":\"ImageObject\",\"inLanguage\":\"es\",\"@id\":\"https:\/\/www.sonoraenequipo.com.mx\/#\/schema\/person\/image\/\",\"url\":\"https:\/\/secure.gravatar.com\/avatar\/049821681b589dabc0bc20695993ccebb09f5b5d4d790cd9251b97faac7c652b?s=96&d=blank&r=g\",\"contentUrl\":\"https:\/\/secure.gravatar.com\/avatar\/049821681b589dabc0bc20695993ccebb09f5b5d4d790cd9251b97faac7c652b?s=96&d=blank&r=g\",\"caption\":\"enequipo\"},\"sameAs\":[\"https:\/\/www.facebook.com\/SonoraEE\"]}]}<\/script>\n ","yoast_head_json":{"title":"Sonora en Equipo. El Gobierno de Sonora desarrolla proyectos productivos de ajo en el R\u00edo Sonora Sonora","description":"URES, SONORA,MX.\u2500\u2500 \u00a0El desarrollo de los municipios m\u00e1s necesitados es prioridad para el Gobierno de Sonora, por lo que la Sagarhpa trabaja en el avance En Sonora en Equipo publicamos toda la informaci\u00f3n de Sonora, M\u00e9xico y el Mundo de manera oportuna y busca que la libertad de expresi\u00f3n sea real. Visita nuestro medio informativo publicado desde Hermosillo, Sonora. %","robots":{"index":"index","follow":"follow","max-snippet":"max-snippet:-1","max-image-preview":"max-image-preview:large","max-video-preview":"max-video-preview:-1"},"canonical":"https:\/\/www.sonoraenequipo.com.mx\/el-gobierno-de-sonora-desarrolla-proyectos-productivos-de-ajo-en-el-rio-sonora\/","og_locale":"es_ES","og_type":"article","og_title":"Sonora en Equipo. El Gobierno de Sonora desarrolla proyectos productivos de ajo en el R\u00edo Sonora Sonora","og_description":"URES, SONORA,MX.\u2500\u2500 \u00a0El desarrollo de los municipios m\u00e1s necesitados es prioridad para el Gobierno de Sonora, por lo que la Sagarhpa trabaja en el avance En Sonora en Equipo publicamos toda la informaci\u00f3n de Sonora, M\u00e9xico y el Mundo de manera oportuna y busca que la libertad de expresi\u00f3n sea real. Visita nuestro medio informativo publicado desde Hermosillo, Sonora. %","og_url":"https:\/\/www.sonoraenequipo.com.mx\/el-gobierno-de-sonora-desarrolla-proyectos-productivos-de-ajo-en-el-rio-sonora\/","og_site_name":"Sonora en Equipo.","article_publisher":"https:\/\/www.facebook.com\/SonoraEE\/","article_author":"https:\/\/www.facebook.com\/SonoraEE","article_published_time":"2023-08-05T22:12:39+00:00","og_image":[{"width":600,"height":400,"url":"https:\/\/www.sonoraenequipo.com.mx\/storage\/2023\/08\/ajo.jpg","type":"image\/jpeg"}],"author":"enequipo","twitter_card":"summary_large_image","twitter_creator":"@sonoraenequipo","twitter_site":"@sonoraenequipo","twitter_misc":{"Escrito por":"enequipo","Tiempo de lectura":"2 minutos"},"schema":{"@context":"https:\/\/schema.org","@graph":[{"@type":"Article","@id":"https:\/\/www.sonoraenequipo.com.mx\/el-gobierno-de-sonora-desarrolla-proyectos-productivos-de-ajo-en-el-rio-sonora\/#article","isPartOf":{"@id":"https:\/\/www.sonoraenequipo.com.mx\/el-gobierno-de-sonora-desarrolla-proyectos-productivos-de-ajo-en-el-rio-sonora\/"},"author":{"name":"enequipo","@id":"https:\/\/www.sonoraenequipo.com.mx\/#\/schema\/person\/50102df0fb23a8fa9e8effad8fa81386"},"headline":"El Gobierno de Sonora desarrolla proyectos productivos de ajo en el R\u00edo Sonora","datePublished":"2023-08-05T22:12:39+00:00","mainEntityOfPage":{"@id":"https:\/\/www.sonoraenequipo.com.mx\/el-gobierno-de-sonora-desarrolla-proyectos-productivos-de-ajo-en-el-rio-sonora\/"},"wordCount":491,"commentCount":0,"publisher":{"@id":"https:\/\/www.sonoraenequipo.com.mx\/#organization"},"image":{"@id":"https:\/\/www.sonoraenequipo.com.mx\/el-gobierno-de-sonora-desarrolla-proyectos-productivos-de-ajo-en-el-rio-sonora\/#primaryimage"},"thumbnailUrl":"https:\/\/www.sonoraenequipo.com.mx\/storage\/2023\/08\/ajo.jpg","keywords":["econom\u00eda","Sonora"],"articleSection":["Sonora"],"inLanguage":"es","potentialAction":[{"@type":"CommentAction","name":"Comment","target":["https:\/\/www.sonoraenequipo.com.mx\/el-gobierno-de-sonora-desarrolla-proyectos-productivos-de-ajo-en-el-rio-sonora\/#respond"]}]},{"@type":"WebPage","@id":"https:\/\/www.sonoraenequipo.com.mx\/el-gobierno-de-sonora-desarrolla-proyectos-productivos-de-ajo-en-el-rio-sonora\/","url":"https:\/\/www.sonoraenequipo.com.mx\/el-gobierno-de-sonora-desarrolla-proyectos-productivos-de-ajo-en-el-rio-sonora\/","name":"Sonora en Equipo. El Gobierno de Sonora desarrolla proyectos productivos de ajo en el R\u00edo Sonora Sonora","isPartOf":{"@id":"https:\/\/www.sonoraenequipo.com.mx\/#website"},"primaryImageOfPage":{"@id":"https:\/\/www.sonoraenequipo.com.mx\/el-gobierno-de-sonora-desarrolla-proyectos-productivos-de-ajo-en-el-rio-sonora\/#primaryimage"},"image":{"@id":"https:\/\/www.sonoraenequipo.com.mx\/el-gobierno-de-sonora-desarrolla-proyectos-productivos-de-ajo-en-el-rio-sonora\/#primaryimage"},"thumbnailUrl":"https:\/\/www.sonoraenequipo.com.mx\/storage\/2023\/08\/ajo.jpg","datePublished":"2023-08-05T22:12:39+00:00","description":"URES, SONORA,MX.\u2500\u2500 \u00a0El desarrollo de los municipios m\u00e1s necesitados es prioridad para el Gobierno de Sonora, por lo que la Sagarhpa trabaja en el avance En Sonora en Equipo publicamos toda la informaci\u00f3n de Sonora, M\u00e9xico y el Mundo de manera oportuna y busca que la libertad de expresi\u00f3n sea real. Visita nuestro medio informativo publicado desde Hermosillo, Sonora. %","breadcrumb":{"@id":"https:\/\/www.sonoraenequipo.com.mx\/el-gobierno-de-sonora-desarrolla-proyectos-productivos-de-ajo-en-el-rio-sonora\/#breadcrumb"},"inLanguage":"es","potentialAction":[{"@type":"ReadAction","target":["https:\/\/www.sonoraenequipo.com.mx\/el-gobierno-de-sonora-desarrolla-proyectos-productivos-de-ajo-en-el-rio-sonora\/"]}]},{"@type":"ImageObject","inLanguage":"es","@id":"https:\/\/www.sonoraenequipo.com.mx\/el-gobierno-de-sonora-desarrolla-proyectos-productivos-de-ajo-en-el-rio-sonora\/#primaryimage","url":"https:\/\/www.sonoraenequipo.com.mx\/storage\/2023\/08\/ajo.jpg","contentUrl":"https:\/\/www.sonoraenequipo.com.mx\/storage\/2023\/08\/ajo.jpg","width":600,"height":400},{"@type":"BreadcrumbList","@id":"https:\/\/www.sonoraenequipo.com.mx\/el-gobierno-de-sonora-desarrolla-proyectos-productivos-de-ajo-en-el-rio-sonora\/#breadcrumb","itemListElement":[{"@type":"ListItem","position":1,"name":"Portada","item":"https:\/\/www.sonoraenequipo.com.mx\/"},{"@type":"ListItem","position":2,"name":"El Gobierno de Sonora desarrolla proyectos productivos de ajo en el R\u00edo Sonora"}]},{"@type":"WebSite","@id":"https:\/\/www.sonoraenequipo.com.mx\/#website","url":"https:\/\/www.sonoraenequipo.com.mx\/","name":"Sonora en Equipo.","description":"Diario en l\u00ednea con Noticias desde Hermosillo, Sonora","publisher":{"@id":"https:\/\/www.sonoraenequipo.com.mx\/#organization"},"potentialAction":[{"@type":"SearchAction","target":{"@type":"EntryPoint","urlTemplate":"https:\/\/www.sonoraenequipo.com.mx\/?s={search_term_string}"},"query-input":{"@type":"PropertyValueSpecification","valueRequired":true,"valueName":"search_term_string"}}],"inLanguage":"es"},{"@type":"Organization","@id":"https:\/\/www.sonoraenequipo.com.mx\/#organization","name":"Sonoraenequipo.com.mx","url":"https:\/\/www.sonoraenequipo.com.mx\/","logo":{"@type":"ImageObject","inLanguage":"es","@id":"https:\/\/www.sonoraenequipo.com.mx\/#\/schema\/logo\/image\/","url":"https:\/\/www.sonoraenequipo.com.mx\/storage\/2019\/01\/sonoraenequipo_opt.png","contentUrl":"https:\/\/www.sonoraenequipo.com.mx\/storage\/2019\/01\/sonoraenequipo_opt.png","width":375,"height":125,"caption":"Sonoraenequipo.com.mx"},"image":{"@id":"https:\/\/www.sonoraenequipo.com.mx\/#\/schema\/logo\/image\/"},"sameAs":["https:\/\/www.facebook.com\/SonoraEE\/","https:\/\/x.com\/sonoraenequipo","https:\/\/www.youtube.com\/channel\/UC338nW-lPEYmJQs4ZABQ1SQ"]},{"@type":"Person","@id":"https:\/\/www.sonoraenequipo.com.mx\/#\/schema\/person\/50102df0fb23a8fa9e8effad8fa81386","name":"enequipo","image":{"@type":"ImageObject","inLanguage":"es","@id":"https:\/\/www.sonoraenequipo.com.mx\/#\/schema\/person\/image\/","url":"https:\/\/secure.gravatar.com\/avatar\/049821681b589dabc0bc20695993ccebb09f5b5d4d790cd9251b97faac7c652b?s=96&d=blank&r=g","contentUrl":"https:\/\/secure.gravatar.com\/avatar\/049821681b589dabc0bc20695993ccebb09f5b5d4d790cd9251b97faac7c652b?s=96&d=blank&r=g","caption":"enequipo"},"sameAs":["https:\/\/www.facebook.com\/SonoraEE"]}]}},"jetpack_featured_media_url":"https:\/\/www.sonoraenequipo.com.mx\/storage\/2023\/08\/ajo.jpg","_links":{"self":[{"href":"https:\/\/www.sonoraenequipo.com.mx\/api\/wp\/v2\/posts\/171866","targetHints":{"allow":["GET"]}}],"collection":[{"href":"https:\/\/www.sonoraenequipo.com.mx\/api\/wp\/v2\/posts"}],"about":[{"href":"https:\/\/www.sonoraenequipo.com.mx\/api\/wp\/v2\/types\/post"}],"author":[{"embeddable":true,"href":"https:\/\/www.sonoraenequipo.com.mx\/api\/wp\/v2\/users\/1"}],"replies":[{"embeddable":true,"href":"https:\/\/www.sonoraenequipo.com.mx\/api\/wp\/v2\/comments?post=171866"}],"version-history":[{"count":1,"href":"https:\/\/www.sonoraenequipo.com.mx\/api\/wp\/v2\/posts\/171866\/revisions"}],"predecessor-version":[{"id":171868,"href":"https:\/\/www.sonoraenequipo.com.mx\/api\/wp\/v2\/posts\/171866\/revisions\/171868"}],"wp:featuredmedia":[{"embeddable":true,"href":"https:\/\/www.sonoraenequipo.com.mx\/api\/wp\/v2\/media\/171867"}],"wp:attachment":[{"href":"https:\/\/www.sonoraenequipo.com.mx\/api\/wp\/v2\/media?parent=171866"}],"wp:term":[{"taxonomy":"category","embeddable":true,"href":"https:\/\/www.sonoraenequipo.com.mx\/api\/wp\/v2\/categories?post=171866"},{"taxonomy":"post_tag","embeddable":true,"href":"https:\/\/www.sonoraenequipo.com.mx\/api\/wp\/v2\/tags?post=171866"}],"curies":[{"name":"wp","href":"https:\/\/api.w.org\/{rel}","templated":true}]}}