{"id":172068,"date":"2023-08-08T14:10:43","date_gmt":"2023-08-08T21:10:43","guid":{"rendered":"https:\/\/www.sonoraenequipo.com.mx\/?p=172068"},"modified":"2023-08-08T14:10:43","modified_gmt":"2023-08-08T21:10:43","slug":"inegi-presento-indicadorde-la-actividad-industrial-por-entidad","status":"publish","type":"post","link":"https:\/\/www.sonoraenequipo.com.mx\/inegi-presento-indicadorde-la-actividad-industrial-por-entidad\/","title":{"rendered":"Inegi present\u00f3 indicadorde la actividad industrial por entidad"},"content":{"rendered":"<p><strong>CIUDAD DE M\u00c9XICO.<\/strong><strong>\u2500\u2500 <\/strong>El Indicador Mensual de la Actividad Industrial por Entidad Federativa (IMAIEF) ampl\u00eda la oferta de informaci\u00f3n estad\u00edstica de corto plazo a nivel estatal y da seguimiento al comportamiento de las actividades econ\u00f3micas del sector secundario en los estados.<\/p>\n<p>&nbsp;<\/p>\n<p>En abril de 2023 y con cifras ajustadas por estacionalidad, las entidades que mostraron los crecimientos mensuales m\u00e1s pronunciados en su actividad industrial, en t\u00e9rminos reales, fueron: M\u00e9xico, Morelos, Puebla, Zacatecas y Quintana Roo.<\/p>\n<p>&nbsp;<\/p>\n<p>A tasa anual y con series desestacionalizadas, en el mes de referencia, las entidades que presentaron los ascensos m\u00e1s significativos en su producci\u00f3n industrial, en t\u00e9rminos reales, fueron: Quintana Roo, Oaxaca, Baja California Sur y Zacatecas.<\/p>\n<p>&nbsp;<\/p>\n<p>Con datos originales y a tasa anual, en el sector Miner\u00eda destacaron los incrementos reportados en Yucat\u00e1n, Tabasco, Nayarit, Baja California Sur y Nuevo Le\u00f3n.<\/p>\n<p>&nbsp;<\/p>\n<p>En Generaci\u00f3n, transmisi\u00f3n y distribuci\u00f3n de energ\u00eda el\u00e9ctrica, suministro de agua y de gas por ductos al consumidor final, sobresalieron los aumentos en Campeche, San Lu\u00eds Potos\u00ed, Colima, Veracruz de Ignacio de la Llave y Tamaulipas.<\/p>\n<p>&nbsp;<\/p>\n<p>En Construcci\u00f3n, las alzas m\u00e1s relevantes ocurrieron en Quintana Roo, Campeche, Oaxaca, Chihuahua y Yucat\u00e1n. En Industrias manufactureras, los avances m\u00e1s altos se registraron en Chiapas, Zacatecas, Guanajuato, Ciudad de M\u00e9xico y San Luis Potos\u00ed.<\/p>\n<p><strong>Fecha de publicaci\u00f3n martes 8 de agosto \u00a0de 2023<\/strong><\/p>\n","protected":false},"excerpt":{"rendered":"<p>CIUDAD DE M\u00c9XICO.\u2500\u2500 El Indicador Mensual de la Actividad Industrial por Entidad Federativa (IMAIEF) ampl\u00eda&#8230;<\/p>\n","protected":false},"author":1,"featured_media":43674,"comment_status":"open","ping_status":"open","sticky":false,"template":"","format":"standard","meta":{"_monsterinsights_skip_tracking":false,"_monsterinsights_sitenote_active":false,"_monsterinsights_sitenote_note":"","_monsterinsights_sitenote_category":0,"footnotes":""},"categories":[6493],"tags":[8311,93,53],"class_list":["post"],"yoast_head":" \n<title>Sonora en Equipo. Inegi present\u00f3 indicadorde la actividad industrial por entidad PALABRAS Y N\u00daMEROS<\/title>\n<meta name=\"description\" content=\"CIUDAD DE M\u00c9XICO.\u2500\u2500 El Indicador Mensual de la Actividad Industrial por Entidad Federativa (IMAIEF) ampl\u00eda la oferta de informaci\u00f3n estad\u00edstica de corto En Sonora en Equipo publicamos toda la informaci\u00f3n de Sonora, M\u00e9xico y el Mundo de manera oportuna y busca que la libertad de expresi\u00f3n sea real. Visita nuestro medio informativo publicado desde Hermosillo, Sonora. %\" \/>\n<meta name=\"robots\" content=\"index, follow, max-snippet:-1, max-image-preview:large, max-video-preview:-1\" \/>\n<link rel=\"canonical\" href=\"https:\/\/www.sonoraenequipo.com.mx\/inegi-presento-indicadorde-la-actividad-industrial-por-entidad\/\" \/>\n<meta property=\"og:locale\" content=\"es_ES\" \/>\n<meta property=\"og:type\" content=\"article\" \/>\n<meta property=\"og:title\" content=\"Sonora en Equipo. Inegi present\u00f3 indicadorde la actividad industrial por entidad PALABRAS Y N\u00daMEROS\" \/>\n<meta property=\"og:description\" content=\"CIUDAD DE M\u00c9XICO.\u2500\u2500 El Indicador Mensual de la Actividad Industrial por Entidad Federativa (IMAIEF) ampl\u00eda la oferta de informaci\u00f3n estad\u00edstica de corto En Sonora en Equipo publicamos toda la informaci\u00f3n de Sonora, M\u00e9xico y el Mundo de manera oportuna y busca que la libertad de expresi\u00f3n sea real. Visita nuestro medio informativo publicado desde Hermosillo, Sonora. %\" \/>\n<meta property=\"og:url\" content=\"https:\/\/www.sonoraenequipo.com.mx\/inegi-presento-indicadorde-la-actividad-industrial-por-entidad\/\" \/>\n<meta property=\"og:site_name\" content=\"Sonora en Equipo.\" \/>\n<meta property=\"article:publisher\" content=\"https:\/\/www.facebook.com\/SonoraEE\/\" \/>\n<meta property=\"article:author\" content=\"https:\/\/www.facebook.com\/SonoraEE\" \/>\n<meta property=\"article:published_time\" content=\"2023-08-08T21:10:43+00:00\" \/>\n<meta property=\"og:image\" content=\"https:\/\/www.sonoraenequipo.com.mx\/storage\/2018\/08\/industria_opt.jpg\" \/>\n\t<meta property=\"og:image:width\" content=\"600\" \/>\n\t<meta property=\"og:image:height\" content=\"338\" \/>\n\t<meta property=\"og:image:type\" content=\"image\/jpeg\" \/>\n<meta name=\"author\" content=\"enequipo\" \/>\n<meta name=\"twitter:card\" content=\"summary_large_image\" \/>\n<meta name=\"twitter:creator\" content=\"@sonoraenequipo\" \/>\n<meta name=\"twitter:site\" content=\"@sonoraenequipo\" \/>\n<meta name=\"twitter:label1\" content=\"Escrito por\" \/>\n\t<meta name=\"twitter:data1\" content=\"enequipo\" \/>\n\t<meta name=\"twitter:label2\" content=\"Tiempo de lectura\" \/>\n\t<meta name=\"twitter:data2\" content=\"1 minuto\" \/>\n<script type=\"application\/ld+json\" class=\"yoast-schema-graph\">{\"@context\":\"https:\/\/schema.org\",\"@graph\":[{\"@type\":\"Article\",\"@id\":\"https:\/\/www.sonoraenequipo.com.mx\/inegi-presento-indicadorde-la-actividad-industrial-por-entidad\/#article\",\"isPartOf\":{\"@id\":\"https:\/\/www.sonoraenequipo.com.mx\/inegi-presento-indicadorde-la-actividad-industrial-por-entidad\/\"},\"author\":{\"name\":\"enequipo\",\"@id\":\"https:\/\/www.sonoraenequipo.com.mx\/#\/schema\/person\/50102df0fb23a8fa9e8effad8fa81386\"},\"headline\":\"Inegi present\u00f3 indicadorde la actividad industrial por entidad\",\"datePublished\":\"2023-08-08T21:10:43+00:00\",\"mainEntityOfPage\":{\"@id\":\"https:\/\/www.sonoraenequipo.com.mx\/inegi-presento-indicadorde-la-actividad-industrial-por-entidad\/\"},\"wordCount\":252,\"commentCount\":0,\"publisher\":{\"@id\":\"https:\/\/www.sonoraenequipo.com.mx\/#organization\"},\"image\":{\"@id\":\"https:\/\/www.sonoraenequipo.com.mx\/inegi-presento-indicadorde-la-actividad-industrial-por-entidad\/#primaryimage\"},\"thumbnailUrl\":\"https:\/\/www.sonoraenequipo.com.mx\/storage\/2018\/08\/industria_opt.jpg\",\"keywords\":[\"actividad industrial\",\"econom\u00eda\",\"mexico\"],\"articleSection\":[\"PALABRAS Y N\u00daMEROS\"],\"inLanguage\":\"es\",\"potentialAction\":[{\"@type\":\"CommentAction\",\"name\":\"Comment\",\"target\":[\"https:\/\/www.sonoraenequipo.com.mx\/inegi-presento-indicadorde-la-actividad-industrial-por-entidad\/#respond\"]}]},{\"@type\":\"WebPage\",\"@id\":\"https:\/\/www.sonoraenequipo.com.mx\/inegi-presento-indicadorde-la-actividad-industrial-por-entidad\/\",\"url\":\"https:\/\/www.sonoraenequipo.com.mx\/inegi-presento-indicadorde-la-actividad-industrial-por-entidad\/\",\"name\":\"Sonora en Equipo. Inegi present\u00f3 indicadorde la actividad industrial por entidad PALABRAS Y N\u00daMEROS\",\"isPartOf\":{\"@id\":\"https:\/\/www.sonoraenequipo.com.mx\/#website\"},\"primaryImageOfPage\":{\"@id\":\"https:\/\/www.sonoraenequipo.com.mx\/inegi-presento-indicadorde-la-actividad-industrial-por-entidad\/#primaryimage\"},\"image\":{\"@id\":\"https:\/\/www.sonoraenequipo.com.mx\/inegi-presento-indicadorde-la-actividad-industrial-por-entidad\/#primaryimage\"},\"thumbnailUrl\":\"https:\/\/www.sonoraenequipo.com.mx\/storage\/2018\/08\/industria_opt.jpg\",\"datePublished\":\"2023-08-08T21:10:43+00:00\",\"description\":\"CIUDAD DE M\u00c9XICO.\u2500\u2500 El Indicador Mensual de la Actividad Industrial por Entidad Federativa (IMAIEF) ampl\u00eda la oferta de informaci\u00f3n estad\u00edstica de corto En Sonora en Equipo publicamos toda la informaci\u00f3n de Sonora, M\u00e9xico y el Mundo de manera oportuna y busca que la libertad de expresi\u00f3n sea real. Visita nuestro medio informativo publicado desde Hermosillo, Sonora. %\",\"breadcrumb\":{\"@id\":\"https:\/\/www.sonoraenequipo.com.mx\/inegi-presento-indicadorde-la-actividad-industrial-por-entidad\/#breadcrumb\"},\"inLanguage\":\"es\",\"potentialAction\":[{\"@type\":\"ReadAction\",\"target\":[\"https:\/\/www.sonoraenequipo.com.mx\/inegi-presento-indicadorde-la-actividad-industrial-por-entidad\/\"]}]},{\"@type\":\"ImageObject\",\"inLanguage\":\"es\",\"@id\":\"https:\/\/www.sonoraenequipo.com.mx\/inegi-presento-indicadorde-la-actividad-industrial-por-entidad\/#primaryimage\",\"url\":\"https:\/\/www.sonoraenequipo.com.mx\/storage\/2018\/08\/industria_opt.jpg\",\"contentUrl\":\"https:\/\/www.sonoraenequipo.com.mx\/storage\/2018\/08\/industria_opt.jpg\",\"width\":600,\"height\":338},{\"@type\":\"BreadcrumbList\",\"@id\":\"https:\/\/www.sonoraenequipo.com.mx\/inegi-presento-indicadorde-la-actividad-industrial-por-entidad\/#breadcrumb\",\"itemListElement\":[{\"@type\":\"ListItem\",\"position\":1,\"name\":\"Portada\",\"item\":\"https:\/\/www.sonoraenequipo.com.mx\/\"},{\"@type\":\"ListItem\",\"position\":2,\"name\":\"Inegi present\u00f3 indicadorde la actividad industrial por entidad\"}]},{\"@type\":\"WebSite\",\"@id\":\"https:\/\/www.sonoraenequipo.com.mx\/#website\",\"url\":\"https:\/\/www.sonoraenequipo.com.mx\/\",\"name\":\"Sonora en Equipo.\",\"description\":\"Diario en l\u00ednea con Noticias desde Hermosillo, Sonora\",\"publisher\":{\"@id\":\"https:\/\/www.sonoraenequipo.com.mx\/#organization\"},\"potentialAction\":[{\"@type\":\"SearchAction\",\"target\":{\"@type\":\"EntryPoint\",\"urlTemplate\":\"https:\/\/www.sonoraenequipo.com.mx\/?s={search_term_string}\"},\"query-input\":{\"@type\":\"PropertyValueSpecification\",\"valueRequired\":true,\"valueName\":\"search_term_string\"}}],\"inLanguage\":\"es\"},{\"@type\":\"Organization\",\"@id\":\"https:\/\/www.sonoraenequipo.com.mx\/#organization\",\"name\":\"Sonoraenequipo.com.mx\",\"url\":\"https:\/\/www.sonoraenequipo.com.mx\/\",\"logo\":{\"@type\":\"ImageObject\",\"inLanguage\":\"es\",\"@id\":\"https:\/\/www.sonoraenequipo.com.mx\/#\/schema\/logo\/image\/\",\"url\":\"https:\/\/www.sonoraenequipo.com.mx\/storage\/2019\/01\/sonoraenequipo_opt.png\",\"contentUrl\":\"https:\/\/www.sonoraenequipo.com.mx\/storage\/2019\/01\/sonoraenequipo_opt.png\",\"width\":375,\"height\":125,\"caption\":\"Sonoraenequipo.com.mx\"},\"image\":{\"@id\":\"https:\/\/www.sonoraenequipo.com.mx\/#\/schema\/logo\/image\/\"},\"sameAs\":[\"https:\/\/www.facebook.com\/SonoraEE\/\",\"https:\/\/x.com\/sonoraenequipo\",\"https:\/\/www.youtube.com\/channel\/UC338nW-lPEYmJQs4ZABQ1SQ\"]},{\"@type\":\"Person\",\"@id\":\"https:\/\/www.sonoraenequipo.com.mx\/#\/schema\/person\/50102df0fb23a8fa9e8effad8fa81386\",\"name\":\"enequipo\",\"image\":{\"@type\":\"ImageObject\",\"inLanguage\":\"es\",\"@id\":\"https:\/\/www.sonoraenequipo.com.mx\/#\/schema\/person\/image\/\",\"url\":\"https:\/\/secure.gravatar.com\/avatar\/049821681b589dabc0bc20695993ccebb09f5b5d4d790cd9251b97faac7c652b?s=96&d=blank&r=g\",\"contentUrl\":\"https:\/\/secure.gravatar.com\/avatar\/049821681b589dabc0bc20695993ccebb09f5b5d4d790cd9251b97faac7c652b?s=96&d=blank&r=g\",\"caption\":\"enequipo\"},\"sameAs\":[\"https:\/\/www.facebook.com\/SonoraEE\"]}]}<\/script>\n ","yoast_head_json":{"title":"Sonora en Equipo. Inegi present\u00f3 indicadorde la actividad industrial por entidad PALABRAS Y N\u00daMEROS","description":"CIUDAD DE M\u00c9XICO.\u2500\u2500 El Indicador Mensual de la Actividad Industrial por Entidad Federativa (IMAIEF) ampl\u00eda la oferta de informaci\u00f3n estad\u00edstica de corto En Sonora en Equipo publicamos toda la informaci\u00f3n de Sonora, M\u00e9xico y el Mundo de manera oportuna y busca que la libertad de expresi\u00f3n sea real. Visita nuestro medio informativo publicado desde Hermosillo, Sonora. %","robots":{"index":"index","follow":"follow","max-snippet":"max-snippet:-1","max-image-preview":"max-image-preview:large","max-video-preview":"max-video-preview:-1"},"canonical":"https:\/\/www.sonoraenequipo.com.mx\/inegi-presento-indicadorde-la-actividad-industrial-por-entidad\/","og_locale":"es_ES","og_type":"article","og_title":"Sonora en Equipo. Inegi present\u00f3 indicadorde la actividad industrial por entidad PALABRAS Y N\u00daMEROS","og_description":"CIUDAD DE M\u00c9XICO.\u2500\u2500 El Indicador Mensual de la Actividad Industrial por Entidad Federativa (IMAIEF) ampl\u00eda la oferta de informaci\u00f3n estad\u00edstica de corto En Sonora en Equipo publicamos toda la informaci\u00f3n de Sonora, M\u00e9xico y el Mundo de manera oportuna y busca que la libertad de expresi\u00f3n sea real. Visita nuestro medio informativo publicado desde Hermosillo, Sonora. %","og_url":"https:\/\/www.sonoraenequipo.com.mx\/inegi-presento-indicadorde-la-actividad-industrial-por-entidad\/","og_site_name":"Sonora en Equipo.","article_publisher":"https:\/\/www.facebook.com\/SonoraEE\/","article_author":"https:\/\/www.facebook.com\/SonoraEE","article_published_time":"2023-08-08T21:10:43+00:00","og_image":[{"width":600,"height":338,"url":"https:\/\/www.sonoraenequipo.com.mx\/storage\/2018\/08\/industria_opt.jpg","type":"image\/jpeg"}],"author":"enequipo","twitter_card":"summary_large_image","twitter_creator":"@sonoraenequipo","twitter_site":"@sonoraenequipo","twitter_misc":{"Escrito por":"enequipo","Tiempo de lectura":"1 minuto"},"schema":{"@context":"https:\/\/schema.org","@graph":[{"@type":"Article","@id":"https:\/\/www.sonoraenequipo.com.mx\/inegi-presento-indicadorde-la-actividad-industrial-por-entidad\/#article","isPartOf":{"@id":"https:\/\/www.sonoraenequipo.com.mx\/inegi-presento-indicadorde-la-actividad-industrial-por-entidad\/"},"author":{"name":"enequipo","@id":"https:\/\/www.sonoraenequipo.com.mx\/#\/schema\/person\/50102df0fb23a8fa9e8effad8fa81386"},"headline":"Inegi present\u00f3 indicadorde la actividad industrial por entidad","datePublished":"2023-08-08T21:10:43+00:00","mainEntityOfPage":{"@id":"https:\/\/www.sonoraenequipo.com.mx\/inegi-presento-indicadorde-la-actividad-industrial-por-entidad\/"},"wordCount":252,"commentCount":0,"publisher":{"@id":"https:\/\/www.sonoraenequipo.com.mx\/#organization"},"image":{"@id":"https:\/\/www.sonoraenequipo.com.mx\/inegi-presento-indicadorde-la-actividad-industrial-por-entidad\/#primaryimage"},"thumbnailUrl":"https:\/\/www.sonoraenequipo.com.mx\/storage\/2018\/08\/industria_opt.jpg","keywords":["actividad industrial","econom\u00eda","mexico"],"articleSection":["PALABRAS Y N\u00daMEROS"],"inLanguage":"es","potentialAction":[{"@type":"CommentAction","name":"Comment","target":["https:\/\/www.sonoraenequipo.com.mx\/inegi-presento-indicadorde-la-actividad-industrial-por-entidad\/#respond"]}]},{"@type":"WebPage","@id":"https:\/\/www.sonoraenequipo.com.mx\/inegi-presento-indicadorde-la-actividad-industrial-por-entidad\/","url":"https:\/\/www.sonoraenequipo.com.mx\/inegi-presento-indicadorde-la-actividad-industrial-por-entidad\/","name":"Sonora en Equipo. Inegi present\u00f3 indicadorde la actividad industrial por entidad PALABRAS Y N\u00daMEROS","isPartOf":{"@id":"https:\/\/www.sonoraenequipo.com.mx\/#website"},"primaryImageOfPage":{"@id":"https:\/\/www.sonoraenequipo.com.mx\/inegi-presento-indicadorde-la-actividad-industrial-por-entidad\/#primaryimage"},"image":{"@id":"https:\/\/www.sonoraenequipo.com.mx\/inegi-presento-indicadorde-la-actividad-industrial-por-entidad\/#primaryimage"},"thumbnailUrl":"https:\/\/www.sonoraenequipo.com.mx\/storage\/2018\/08\/industria_opt.jpg","datePublished":"2023-08-08T21:10:43+00:00","description":"CIUDAD DE M\u00c9XICO.\u2500\u2500 El Indicador Mensual de la Actividad Industrial por Entidad Federativa (IMAIEF) ampl\u00eda la oferta de informaci\u00f3n estad\u00edstica de corto En Sonora en Equipo publicamos toda la informaci\u00f3n de Sonora, M\u00e9xico y el Mundo de manera oportuna y busca que la libertad de expresi\u00f3n sea real. Visita nuestro medio informativo publicado desde Hermosillo, Sonora. %","breadcrumb":{"@id":"https:\/\/www.sonoraenequipo.com.mx\/inegi-presento-indicadorde-la-actividad-industrial-por-entidad\/#breadcrumb"},"inLanguage":"es","potentialAction":[{"@type":"ReadAction","target":["https:\/\/www.sonoraenequipo.com.mx\/inegi-presento-indicadorde-la-actividad-industrial-por-entidad\/"]}]},{"@type":"ImageObject","inLanguage":"es","@id":"https:\/\/www.sonoraenequipo.com.mx\/inegi-presento-indicadorde-la-actividad-industrial-por-entidad\/#primaryimage","url":"https:\/\/www.sonoraenequipo.com.mx\/storage\/2018\/08\/industria_opt.jpg","contentUrl":"https:\/\/www.sonoraenequipo.com.mx\/storage\/2018\/08\/industria_opt.jpg","width":600,"height":338},{"@type":"BreadcrumbList","@id":"https:\/\/www.sonoraenequipo.com.mx\/inegi-presento-indicadorde-la-actividad-industrial-por-entidad\/#breadcrumb","itemListElement":[{"@type":"ListItem","position":1,"name":"Portada","item":"https:\/\/www.sonoraenequipo.com.mx\/"},{"@type":"ListItem","position":2,"name":"Inegi present\u00f3 indicadorde la actividad industrial por entidad"}]},{"@type":"WebSite","@id":"https:\/\/www.sonoraenequipo.com.mx\/#website","url":"https:\/\/www.sonoraenequipo.com.mx\/","name":"Sonora en Equipo.","description":"Diario en l\u00ednea con Noticias desde Hermosillo, Sonora","publisher":{"@id":"https:\/\/www.sonoraenequipo.com.mx\/#organization"},"potentialAction":[{"@type":"SearchAction","target":{"@type":"EntryPoint","urlTemplate":"https:\/\/www.sonoraenequipo.com.mx\/?s={search_term_string}"},"query-input":{"@type":"PropertyValueSpecification","valueRequired":true,"valueName":"search_term_string"}}],"inLanguage":"es"},{"@type":"Organization","@id":"https:\/\/www.sonoraenequipo.com.mx\/#organization","name":"Sonoraenequipo.com.mx","url":"https:\/\/www.sonoraenequipo.com.mx\/","logo":{"@type":"ImageObject","inLanguage":"es","@id":"https:\/\/www.sonoraenequipo.com.mx\/#\/schema\/logo\/image\/","url":"https:\/\/www.sonoraenequipo.com.mx\/storage\/2019\/01\/sonoraenequipo_opt.png","contentUrl":"https:\/\/www.sonoraenequipo.com.mx\/storage\/2019\/01\/sonoraenequipo_opt.png","width":375,"height":125,"caption":"Sonoraenequipo.com.mx"},"image":{"@id":"https:\/\/www.sonoraenequipo.com.mx\/#\/schema\/logo\/image\/"},"sameAs":["https:\/\/www.facebook.com\/SonoraEE\/","https:\/\/x.com\/sonoraenequipo","https:\/\/www.youtube.com\/channel\/UC338nW-lPEYmJQs4ZABQ1SQ"]},{"@type":"Person","@id":"https:\/\/www.sonoraenequipo.com.mx\/#\/schema\/person\/50102df0fb23a8fa9e8effad8fa81386","name":"enequipo","image":{"@type":"ImageObject","inLanguage":"es","@id":"https:\/\/www.sonoraenequipo.com.mx\/#\/schema\/person\/image\/","url":"https:\/\/secure.gravatar.com\/avatar\/049821681b589dabc0bc20695993ccebb09f5b5d4d790cd9251b97faac7c652b?s=96&d=blank&r=g","contentUrl":"https:\/\/secure.gravatar.com\/avatar\/049821681b589dabc0bc20695993ccebb09f5b5d4d790cd9251b97faac7c652b?s=96&d=blank&r=g","caption":"enequipo"},"sameAs":["https:\/\/www.facebook.com\/SonoraEE"]}]}},"jetpack_featured_media_url":"https:\/\/www.sonoraenequipo.com.mx\/storage\/2018\/08\/industria_opt.jpg","_links":{"self":[{"href":"https:\/\/www.sonoraenequipo.com.mx\/api\/wp\/v2\/posts\/172068","targetHints":{"allow":["GET"]}}],"collection":[{"href":"https:\/\/www.sonoraenequipo.com.mx\/api\/wp\/v2\/posts"}],"about":[{"href":"https:\/\/www.sonoraenequipo.com.mx\/api\/wp\/v2\/types\/post"}],"author":[{"embeddable":true,"href":"https:\/\/www.sonoraenequipo.com.mx\/api\/wp\/v2\/users\/1"}],"replies":[{"embeddable":true,"href":"https:\/\/www.sonoraenequipo.com.mx\/api\/wp\/v2\/comments?post=172068"}],"version-history":[{"count":1,"href":"https:\/\/www.sonoraenequipo.com.mx\/api\/wp\/v2\/posts\/172068\/revisions"}],"predecessor-version":[{"id":172069,"href":"https:\/\/www.sonoraenequipo.com.mx\/api\/wp\/v2\/posts\/172068\/revisions\/172069"}],"wp:featuredmedia":[{"embeddable":true,"href":"https:\/\/www.sonoraenequipo.com.mx\/api\/wp\/v2\/media\/43674"}],"wp:attachment":[{"href":"https:\/\/www.sonoraenequipo.com.mx\/api\/wp\/v2\/media?parent=172068"}],"wp:term":[{"taxonomy":"category","embeddable":true,"href":"https:\/\/www.sonoraenequipo.com.mx\/api\/wp\/v2\/categories?post=172068"},{"taxonomy":"post_tag","embeddable":true,"href":"https:\/\/www.sonoraenequipo.com.mx\/api\/wp\/v2\/tags?post=172068"}],"curies":[{"name":"wp","href":"https:\/\/api.w.org\/{rel}","templated":true}]}}