{"id":172070,"date":"2023-08-08T14:23:16","date_gmt":"2023-08-08T21:23:16","guid":{"rendered":"https:\/\/www.sonoraenequipo.com.mx\/?p=172070"},"modified":"2023-08-08T14:23:16","modified_gmt":"2023-08-08T21:23:16","slug":"cajeme-abren-nueva-convocatoria-para-curso-de-corte-y-barber-shop","status":"publish","type":"post","link":"https:\/\/www.sonoraenequipo.com.mx\/cajeme-abren-nueva-convocatoria-para-curso-de-corte-y-barber-shop\/","title":{"rendered":"CAJEME. Abren nueva convocatoria para curso de corte y barber shop"},"content":{"rendered":"<p><strong>CAJEME, SONORA,MX.<\/strong><strong>\u2500\u2500<\/strong> \u00a0Impulsando el desarrollo y la reinserci\u00f3n social en los j\u00f3venes, la Secretar\u00eda de Seguridad P\u00fablica Municipal a trav\u00e9s de la Unidad Especializada para Menores, anuncia una emocionante nueva convocatoria para el \u201cCurso de Corte y Barber Shop 2023\u201d, misma que dar\u00e1 inicio este pr\u00f3ximo 15 y 18 de agosto.<\/p>\n<p>&nbsp;<\/p>\n<p>Miriam Tapia Rodr\u00edguez, Directora de la Unidad Especializada para Menores, indic\u00f3 que dicho programa se realiza de manera coordinada con el Instituto Cajemense de la Mujer y que est\u00e1 enfocado en la prevenci\u00f3n del delito y la reinserci\u00f3n social, teniendo adem\u00e1s como primordial objetivo brindar a j\u00f3venes y mujeres la oportunidad de adquirir habilidades valiosas para un futuro laboral exitoso en el mundo del corte de cabello y barber shop.<\/p>\n<p>&nbsp;<\/p>\n<p>La convocatoria se encuentra abierta para todo p\u00fablico en general y se espera que el arranque de clases inicie a partir del martes 15 y el viernes 18 de agosto en la unidad de menores, ubicada por la avenida 300 esquina con calle \u00c1lamo de la colonia Miravalle.<\/p>\n<p>&nbsp;<\/p>\n<p>El objetivo principal es proporcionar a los j\u00f3venes herramientas pr\u00e1cticas para el autoempleo, a la vez que se promueve una v\u00eda positiva para su desarrollo y se contribuye a la reconstrucci\u00f3n del tejido social en la comunidad.<\/p>\n<p>&nbsp;<\/p>\n<p>\u201cEl curso tiene como misi\u00f3n capacitar a los participantes en el arte de la barber\u00eda, cubriendo aspectos esenciales como la estructura del cabello, t\u00e9cnicas de corte, rasurado y uso de equipos, adem\u00e1s de adquirir habilidades t\u00e9cnicas, los j\u00f3venes tendr\u00e1n la oportunidad de aprender sobre emprendimiento y gesti\u00f3n de negocios, lo que les permitir\u00e1 considerar el autoempleo como una alternativa viable y enriquecedora para su futuro\u201d, mencion\u00f3 la funcionaria.<\/p>\n<p>&nbsp;<\/p>\n<p>Tapia Rodr\u00edguez, puntualiz\u00f3 que la Secretar\u00eda de Seguridad P\u00fablica tiene como enfoque brindar a los j\u00f3venes oportunidades concretas para un cambio positivo en sus vidas.<\/p>\n<p>&nbsp;<\/p>\n<p>\u201cA trav\u00e9s de esta convocatoria, reafirmamos nuestro compromiso de apoyar la prevenci\u00f3n del delito y la reinserci\u00f3n social, al mismo tiempo que empoderamos a los participantes con habilidades valiosas\u00bb, expres\u00f3.<\/p>\n<p>&nbsp;<\/p>\n<p>Los interesados en participar en el Curso de Corte y Barber Shop pueden acudir para mayor informaci\u00f3n a la Unidad Especializada para Menores ubicada en avenida 300 esquina con calle \u00c1lamo de la colonia Miravalle o comunicarse al tel\u00e9fono 6444168935.<\/p>\n<p><strong>Fecha de publicaci\u00f3n martes 8 de agosto \u00a0de 2023<\/strong><\/p>\n","protected":false},"excerpt":{"rendered":"<p>CAJEME, SONORA,MX.\u2500\u2500 \u00a0Impulsando el desarrollo y la reinserci\u00f3n social en los j\u00f3venes, la Secretar\u00eda de&#8230;<\/p>\n","protected":false},"author":1,"featured_media":171571,"comment_status":"open","ping_status":"open","sticky":false,"template":"","format":"standard","meta":{"_monsterinsights_skip_tracking":false,"_monsterinsights_sitenote_active":false,"_monsterinsights_sitenote_note":"","_monsterinsights_sitenote_category":0,"footnotes":""},"categories":[4],"tags":[476,1830],"class_list":["post"],"yoast_head":" \n<title>Sonora en Equipo. CAJEME. Abren nueva convocatoria para curso de corte y barber shop Municipios<\/title>\n<meta name=\"description\" content=\"CAJEME, SONORA,MX.\u2500\u2500 \u00a0Impulsando el desarrollo y la reinserci\u00f3n social en los j\u00f3venes, la Secretar\u00eda de Seguridad P\u00fablica Municipal a trav\u00e9s de la Unidad En Sonora en Equipo publicamos toda la informaci\u00f3n de Sonora, M\u00e9xico y el Mundo de manera oportuna y busca que la libertad de expresi\u00f3n sea real. Visita nuestro medio informativo publicado desde Hermosillo, Sonora. %\" \/>\n<meta name=\"robots\" content=\"index, follow, max-snippet:-1, max-image-preview:large, max-video-preview:-1\" \/>\n<link rel=\"canonical\" href=\"https:\/\/www.sonoraenequipo.com.mx\/cajeme-abren-nueva-convocatoria-para-curso-de-corte-y-barber-shop\/\" \/>\n<meta property=\"og:locale\" content=\"es_ES\" \/>\n<meta property=\"og:type\" content=\"article\" \/>\n<meta property=\"og:title\" content=\"Sonora en Equipo. CAJEME. Abren nueva convocatoria para curso de corte y barber shop Municipios\" \/>\n<meta property=\"og:description\" content=\"CAJEME, SONORA,MX.\u2500\u2500 \u00a0Impulsando el desarrollo y la reinserci\u00f3n social en los j\u00f3venes, la Secretar\u00eda de Seguridad P\u00fablica Municipal a trav\u00e9s de la Unidad En Sonora en Equipo publicamos toda la informaci\u00f3n de Sonora, M\u00e9xico y el Mundo de manera oportuna y busca que la libertad de expresi\u00f3n sea real. Visita nuestro medio informativo publicado desde Hermosillo, Sonora. %\" \/>\n<meta property=\"og:url\" content=\"https:\/\/www.sonoraenequipo.com.mx\/cajeme-abren-nueva-convocatoria-para-curso-de-corte-y-barber-shop\/\" \/>\n<meta property=\"og:site_name\" content=\"Sonora en Equipo.\" \/>\n<meta property=\"article:publisher\" content=\"https:\/\/www.facebook.com\/SonoraEE\/\" \/>\n<meta property=\"article:author\" content=\"https:\/\/www.facebook.com\/SonoraEE\" \/>\n<meta property=\"article:published_time\" content=\"2023-08-08T21:23:16+00:00\" \/>\n<meta property=\"og:image\" content=\"https:\/\/www.sonoraenequipo.com.mx\/storage\/2023\/07\/barberia.jpg\" \/>\n\t<meta property=\"og:image:width\" content=\"600\" \/>\n\t<meta property=\"og:image:height\" content=\"400\" \/>\n\t<meta property=\"og:image:type\" content=\"image\/jpeg\" \/>\n<meta name=\"author\" content=\"enequipo\" \/>\n<meta name=\"twitter:card\" content=\"summary_large_image\" \/>\n<meta name=\"twitter:creator\" content=\"@sonoraenequipo\" \/>\n<meta name=\"twitter:site\" content=\"@sonoraenequipo\" \/>\n<meta name=\"twitter:label1\" content=\"Escrito por\" \/>\n\t<meta name=\"twitter:data1\" content=\"enequipo\" \/>\n\t<meta name=\"twitter:label2\" content=\"Tiempo de lectura\" \/>\n\t<meta name=\"twitter:data2\" content=\"2 minutos\" \/>\n<script type=\"application\/ld+json\" class=\"yoast-schema-graph\">{\"@context\":\"https:\/\/schema.org\",\"@graph\":[{\"@type\":\"Article\",\"@id\":\"https:\/\/www.sonoraenequipo.com.mx\/cajeme-abren-nueva-convocatoria-para-curso-de-corte-y-barber-shop\/#article\",\"isPartOf\":{\"@id\":\"https:\/\/www.sonoraenequipo.com.mx\/cajeme-abren-nueva-convocatoria-para-curso-de-corte-y-barber-shop\/\"},\"author\":{\"name\":\"enequipo\",\"@id\":\"https:\/\/www.sonoraenequipo.com.mx\/#\/schema\/person\/50102df0fb23a8fa9e8effad8fa81386\"},\"headline\":\"CAJEME. Abren nueva convocatoria para curso de corte y barber shop\",\"datePublished\":\"2023-08-08T21:23:16+00:00\",\"mainEntityOfPage\":{\"@id\":\"https:\/\/www.sonoraenequipo.com.mx\/cajeme-abren-nueva-convocatoria-para-curso-de-corte-y-barber-shop\/\"},\"wordCount\":421,\"commentCount\":0,\"publisher\":{\"@id\":\"https:\/\/www.sonoraenequipo.com.mx\/#organization\"},\"image\":{\"@id\":\"https:\/\/www.sonoraenequipo.com.mx\/cajeme-abren-nueva-convocatoria-para-curso-de-corte-y-barber-shop\/#primaryimage\"},\"thumbnailUrl\":\"https:\/\/www.sonoraenequipo.com.mx\/storage\/2023\/07\/barberia.jpg\",\"keywords\":[\"Cajeme\",\"capacitaci\u00f3n\"],\"articleSection\":[\"Municipios\"],\"inLanguage\":\"es\",\"potentialAction\":[{\"@type\":\"CommentAction\",\"name\":\"Comment\",\"target\":[\"https:\/\/www.sonoraenequipo.com.mx\/cajeme-abren-nueva-convocatoria-para-curso-de-corte-y-barber-shop\/#respond\"]}]},{\"@type\":\"WebPage\",\"@id\":\"https:\/\/www.sonoraenequipo.com.mx\/cajeme-abren-nueva-convocatoria-para-curso-de-corte-y-barber-shop\/\",\"url\":\"https:\/\/www.sonoraenequipo.com.mx\/cajeme-abren-nueva-convocatoria-para-curso-de-corte-y-barber-shop\/\",\"name\":\"Sonora en Equipo. CAJEME. Abren nueva convocatoria para curso de corte y barber shop Municipios\",\"isPartOf\":{\"@id\":\"https:\/\/www.sonoraenequipo.com.mx\/#website\"},\"primaryImageOfPage\":{\"@id\":\"https:\/\/www.sonoraenequipo.com.mx\/cajeme-abren-nueva-convocatoria-para-curso-de-corte-y-barber-shop\/#primaryimage\"},\"image\":{\"@id\":\"https:\/\/www.sonoraenequipo.com.mx\/cajeme-abren-nueva-convocatoria-para-curso-de-corte-y-barber-shop\/#primaryimage\"},\"thumbnailUrl\":\"https:\/\/www.sonoraenequipo.com.mx\/storage\/2023\/07\/barberia.jpg\",\"datePublished\":\"2023-08-08T21:23:16+00:00\",\"description\":\"CAJEME, SONORA,MX.\u2500\u2500 \u00a0Impulsando el desarrollo y la reinserci\u00f3n social en los j\u00f3venes, la Secretar\u00eda de Seguridad P\u00fablica Municipal a trav\u00e9s de la Unidad En Sonora en Equipo publicamos toda la informaci\u00f3n de Sonora, M\u00e9xico y el Mundo de manera oportuna y busca que la libertad de expresi\u00f3n sea real. Visita nuestro medio informativo publicado desde Hermosillo, Sonora. %\",\"breadcrumb\":{\"@id\":\"https:\/\/www.sonoraenequipo.com.mx\/cajeme-abren-nueva-convocatoria-para-curso-de-corte-y-barber-shop\/#breadcrumb\"},\"inLanguage\":\"es\",\"potentialAction\":[{\"@type\":\"ReadAction\",\"target\":[\"https:\/\/www.sonoraenequipo.com.mx\/cajeme-abren-nueva-convocatoria-para-curso-de-corte-y-barber-shop\/\"]}]},{\"@type\":\"ImageObject\",\"inLanguage\":\"es\",\"@id\":\"https:\/\/www.sonoraenequipo.com.mx\/cajeme-abren-nueva-convocatoria-para-curso-de-corte-y-barber-shop\/#primaryimage\",\"url\":\"https:\/\/www.sonoraenequipo.com.mx\/storage\/2023\/07\/barberia.jpg\",\"contentUrl\":\"https:\/\/www.sonoraenequipo.com.mx\/storage\/2023\/07\/barberia.jpg\",\"width\":600,\"height\":400,\"caption\":\"Imagen de archivo cursos anteriores\"},{\"@type\":\"BreadcrumbList\",\"@id\":\"https:\/\/www.sonoraenequipo.com.mx\/cajeme-abren-nueva-convocatoria-para-curso-de-corte-y-barber-shop\/#breadcrumb\",\"itemListElement\":[{\"@type\":\"ListItem\",\"position\":1,\"name\":\"Portada\",\"item\":\"https:\/\/www.sonoraenequipo.com.mx\/\"},{\"@type\":\"ListItem\",\"position\":2,\"name\":\"CAJEME. Abren nueva convocatoria para curso de corte y barber shop\"}]},{\"@type\":\"WebSite\",\"@id\":\"https:\/\/www.sonoraenequipo.com.mx\/#website\",\"url\":\"https:\/\/www.sonoraenequipo.com.mx\/\",\"name\":\"Sonora en Equipo.\",\"description\":\"Diario en l\u00ednea con Noticias desde Hermosillo, Sonora\",\"publisher\":{\"@id\":\"https:\/\/www.sonoraenequipo.com.mx\/#organization\"},\"potentialAction\":[{\"@type\":\"SearchAction\",\"target\":{\"@type\":\"EntryPoint\",\"urlTemplate\":\"https:\/\/www.sonoraenequipo.com.mx\/?s={search_term_string}\"},\"query-input\":{\"@type\":\"PropertyValueSpecification\",\"valueRequired\":true,\"valueName\":\"search_term_string\"}}],\"inLanguage\":\"es\"},{\"@type\":\"Organization\",\"@id\":\"https:\/\/www.sonoraenequipo.com.mx\/#organization\",\"name\":\"Sonoraenequipo.com.mx\",\"url\":\"https:\/\/www.sonoraenequipo.com.mx\/\",\"logo\":{\"@type\":\"ImageObject\",\"inLanguage\":\"es\",\"@id\":\"https:\/\/www.sonoraenequipo.com.mx\/#\/schema\/logo\/image\/\",\"url\":\"https:\/\/www.sonoraenequipo.com.mx\/storage\/2019\/01\/sonoraenequipo_opt.png\",\"contentUrl\":\"https:\/\/www.sonoraenequipo.com.mx\/storage\/2019\/01\/sonoraenequipo_opt.png\",\"width\":375,\"height\":125,\"caption\":\"Sonoraenequipo.com.mx\"},\"image\":{\"@id\":\"https:\/\/www.sonoraenequipo.com.mx\/#\/schema\/logo\/image\/\"},\"sameAs\":[\"https:\/\/www.facebook.com\/SonoraEE\/\",\"https:\/\/x.com\/sonoraenequipo\",\"https:\/\/www.youtube.com\/channel\/UC338nW-lPEYmJQs4ZABQ1SQ\"]},{\"@type\":\"Person\",\"@id\":\"https:\/\/www.sonoraenequipo.com.mx\/#\/schema\/person\/50102df0fb23a8fa9e8effad8fa81386\",\"name\":\"enequipo\",\"image\":{\"@type\":\"ImageObject\",\"inLanguage\":\"es\",\"@id\":\"https:\/\/www.sonoraenequipo.com.mx\/#\/schema\/person\/image\/\",\"url\":\"https:\/\/secure.gravatar.com\/avatar\/049821681b589dabc0bc20695993ccebb09f5b5d4d790cd9251b97faac7c652b?s=96&d=blank&r=g\",\"contentUrl\":\"https:\/\/secure.gravatar.com\/avatar\/049821681b589dabc0bc20695993ccebb09f5b5d4d790cd9251b97faac7c652b?s=96&d=blank&r=g\",\"caption\":\"enequipo\"},\"sameAs\":[\"https:\/\/www.facebook.com\/SonoraEE\"]}]}<\/script>\n ","yoast_head_json":{"title":"Sonora en Equipo. CAJEME. Abren nueva convocatoria para curso de corte y barber shop Municipios","description":"CAJEME, SONORA,MX.\u2500\u2500 \u00a0Impulsando el desarrollo y la reinserci\u00f3n social en los j\u00f3venes, la Secretar\u00eda de Seguridad P\u00fablica Municipal a trav\u00e9s de la Unidad En Sonora en Equipo publicamos toda la informaci\u00f3n de Sonora, M\u00e9xico y el Mundo de manera oportuna y busca que la libertad de expresi\u00f3n sea real. Visita nuestro medio informativo publicado desde Hermosillo, Sonora. %","robots":{"index":"index","follow":"follow","max-snippet":"max-snippet:-1","max-image-preview":"max-image-preview:large","max-video-preview":"max-video-preview:-1"},"canonical":"https:\/\/www.sonoraenequipo.com.mx\/cajeme-abren-nueva-convocatoria-para-curso-de-corte-y-barber-shop\/","og_locale":"es_ES","og_type":"article","og_title":"Sonora en Equipo. CAJEME. Abren nueva convocatoria para curso de corte y barber shop Municipios","og_description":"CAJEME, SONORA,MX.\u2500\u2500 \u00a0Impulsando el desarrollo y la reinserci\u00f3n social en los j\u00f3venes, la Secretar\u00eda de Seguridad P\u00fablica Municipal a trav\u00e9s de la Unidad En Sonora en Equipo publicamos toda la informaci\u00f3n de Sonora, M\u00e9xico y el Mundo de manera oportuna y busca que la libertad de expresi\u00f3n sea real. Visita nuestro medio informativo publicado desde Hermosillo, Sonora. %","og_url":"https:\/\/www.sonoraenequipo.com.mx\/cajeme-abren-nueva-convocatoria-para-curso-de-corte-y-barber-shop\/","og_site_name":"Sonora en Equipo.","article_publisher":"https:\/\/www.facebook.com\/SonoraEE\/","article_author":"https:\/\/www.facebook.com\/SonoraEE","article_published_time":"2023-08-08T21:23:16+00:00","og_image":[{"width":600,"height":400,"url":"https:\/\/www.sonoraenequipo.com.mx\/storage\/2023\/07\/barberia.jpg","type":"image\/jpeg"}],"author":"enequipo","twitter_card":"summary_large_image","twitter_creator":"@sonoraenequipo","twitter_site":"@sonoraenequipo","twitter_misc":{"Escrito por":"enequipo","Tiempo de lectura":"2 minutos"},"schema":{"@context":"https:\/\/schema.org","@graph":[{"@type":"Article","@id":"https:\/\/www.sonoraenequipo.com.mx\/cajeme-abren-nueva-convocatoria-para-curso-de-corte-y-barber-shop\/#article","isPartOf":{"@id":"https:\/\/www.sonoraenequipo.com.mx\/cajeme-abren-nueva-convocatoria-para-curso-de-corte-y-barber-shop\/"},"author":{"name":"enequipo","@id":"https:\/\/www.sonoraenequipo.com.mx\/#\/schema\/person\/50102df0fb23a8fa9e8effad8fa81386"},"headline":"CAJEME. Abren nueva convocatoria para curso de corte y barber shop","datePublished":"2023-08-08T21:23:16+00:00","mainEntityOfPage":{"@id":"https:\/\/www.sonoraenequipo.com.mx\/cajeme-abren-nueva-convocatoria-para-curso-de-corte-y-barber-shop\/"},"wordCount":421,"commentCount":0,"publisher":{"@id":"https:\/\/www.sonoraenequipo.com.mx\/#organization"},"image":{"@id":"https:\/\/www.sonoraenequipo.com.mx\/cajeme-abren-nueva-convocatoria-para-curso-de-corte-y-barber-shop\/#primaryimage"},"thumbnailUrl":"https:\/\/www.sonoraenequipo.com.mx\/storage\/2023\/07\/barberia.jpg","keywords":["Cajeme","capacitaci\u00f3n"],"articleSection":["Municipios"],"inLanguage":"es","potentialAction":[{"@type":"CommentAction","name":"Comment","target":["https:\/\/www.sonoraenequipo.com.mx\/cajeme-abren-nueva-convocatoria-para-curso-de-corte-y-barber-shop\/#respond"]}]},{"@type":"WebPage","@id":"https:\/\/www.sonoraenequipo.com.mx\/cajeme-abren-nueva-convocatoria-para-curso-de-corte-y-barber-shop\/","url":"https:\/\/www.sonoraenequipo.com.mx\/cajeme-abren-nueva-convocatoria-para-curso-de-corte-y-barber-shop\/","name":"Sonora en Equipo. CAJEME. Abren nueva convocatoria para curso de corte y barber shop Municipios","isPartOf":{"@id":"https:\/\/www.sonoraenequipo.com.mx\/#website"},"primaryImageOfPage":{"@id":"https:\/\/www.sonoraenequipo.com.mx\/cajeme-abren-nueva-convocatoria-para-curso-de-corte-y-barber-shop\/#primaryimage"},"image":{"@id":"https:\/\/www.sonoraenequipo.com.mx\/cajeme-abren-nueva-convocatoria-para-curso-de-corte-y-barber-shop\/#primaryimage"},"thumbnailUrl":"https:\/\/www.sonoraenequipo.com.mx\/storage\/2023\/07\/barberia.jpg","datePublished":"2023-08-08T21:23:16+00:00","description":"CAJEME, SONORA,MX.\u2500\u2500 \u00a0Impulsando el desarrollo y la reinserci\u00f3n social en los j\u00f3venes, la Secretar\u00eda de Seguridad P\u00fablica Municipal a trav\u00e9s de la Unidad En Sonora en Equipo publicamos toda la informaci\u00f3n de Sonora, M\u00e9xico y el Mundo de manera oportuna y busca que la libertad de expresi\u00f3n sea real. Visita nuestro medio informativo publicado desde Hermosillo, Sonora. %","breadcrumb":{"@id":"https:\/\/www.sonoraenequipo.com.mx\/cajeme-abren-nueva-convocatoria-para-curso-de-corte-y-barber-shop\/#breadcrumb"},"inLanguage":"es","potentialAction":[{"@type":"ReadAction","target":["https:\/\/www.sonoraenequipo.com.mx\/cajeme-abren-nueva-convocatoria-para-curso-de-corte-y-barber-shop\/"]}]},{"@type":"ImageObject","inLanguage":"es","@id":"https:\/\/www.sonoraenequipo.com.mx\/cajeme-abren-nueva-convocatoria-para-curso-de-corte-y-barber-shop\/#primaryimage","url":"https:\/\/www.sonoraenequipo.com.mx\/storage\/2023\/07\/barberia.jpg","contentUrl":"https:\/\/www.sonoraenequipo.com.mx\/storage\/2023\/07\/barberia.jpg","width":600,"height":400,"caption":"Imagen de archivo cursos anteriores"},{"@type":"BreadcrumbList","@id":"https:\/\/www.sonoraenequipo.com.mx\/cajeme-abren-nueva-convocatoria-para-curso-de-corte-y-barber-shop\/#breadcrumb","itemListElement":[{"@type":"ListItem","position":1,"name":"Portada","item":"https:\/\/www.sonoraenequipo.com.mx\/"},{"@type":"ListItem","position":2,"name":"CAJEME. Abren nueva convocatoria para curso de corte y barber shop"}]},{"@type":"WebSite","@id":"https:\/\/www.sonoraenequipo.com.mx\/#website","url":"https:\/\/www.sonoraenequipo.com.mx\/","name":"Sonora en Equipo.","description":"Diario en l\u00ednea con Noticias desde Hermosillo, Sonora","publisher":{"@id":"https:\/\/www.sonoraenequipo.com.mx\/#organization"},"potentialAction":[{"@type":"SearchAction","target":{"@type":"EntryPoint","urlTemplate":"https:\/\/www.sonoraenequipo.com.mx\/?s={search_term_string}"},"query-input":{"@type":"PropertyValueSpecification","valueRequired":true,"valueName":"search_term_string"}}],"inLanguage":"es"},{"@type":"Organization","@id":"https:\/\/www.sonoraenequipo.com.mx\/#organization","name":"Sonoraenequipo.com.mx","url":"https:\/\/www.sonoraenequipo.com.mx\/","logo":{"@type":"ImageObject","inLanguage":"es","@id":"https:\/\/www.sonoraenequipo.com.mx\/#\/schema\/logo\/image\/","url":"https:\/\/www.sonoraenequipo.com.mx\/storage\/2019\/01\/sonoraenequipo_opt.png","contentUrl":"https:\/\/www.sonoraenequipo.com.mx\/storage\/2019\/01\/sonoraenequipo_opt.png","width":375,"height":125,"caption":"Sonoraenequipo.com.mx"},"image":{"@id":"https:\/\/www.sonoraenequipo.com.mx\/#\/schema\/logo\/image\/"},"sameAs":["https:\/\/www.facebook.com\/SonoraEE\/","https:\/\/x.com\/sonoraenequipo","https:\/\/www.youtube.com\/channel\/UC338nW-lPEYmJQs4ZABQ1SQ"]},{"@type":"Person","@id":"https:\/\/www.sonoraenequipo.com.mx\/#\/schema\/person\/50102df0fb23a8fa9e8effad8fa81386","name":"enequipo","image":{"@type":"ImageObject","inLanguage":"es","@id":"https:\/\/www.sonoraenequipo.com.mx\/#\/schema\/person\/image\/","url":"https:\/\/secure.gravatar.com\/avatar\/049821681b589dabc0bc20695993ccebb09f5b5d4d790cd9251b97faac7c652b?s=96&d=blank&r=g","contentUrl":"https:\/\/secure.gravatar.com\/avatar\/049821681b589dabc0bc20695993ccebb09f5b5d4d790cd9251b97faac7c652b?s=96&d=blank&r=g","caption":"enequipo"},"sameAs":["https:\/\/www.facebook.com\/SonoraEE"]}]}},"jetpack_featured_media_url":"https:\/\/www.sonoraenequipo.com.mx\/storage\/2023\/07\/barberia.jpg","_links":{"self":[{"href":"https:\/\/www.sonoraenequipo.com.mx\/api\/wp\/v2\/posts\/172070","targetHints":{"allow":["GET"]}}],"collection":[{"href":"https:\/\/www.sonoraenequipo.com.mx\/api\/wp\/v2\/posts"}],"about":[{"href":"https:\/\/www.sonoraenequipo.com.mx\/api\/wp\/v2\/types\/post"}],"author":[{"embeddable":true,"href":"https:\/\/www.sonoraenequipo.com.mx\/api\/wp\/v2\/users\/1"}],"replies":[{"embeddable":true,"href":"https:\/\/www.sonoraenequipo.com.mx\/api\/wp\/v2\/comments?post=172070"}],"version-history":[{"count":1,"href":"https:\/\/www.sonoraenequipo.com.mx\/api\/wp\/v2\/posts\/172070\/revisions"}],"predecessor-version":[{"id":172071,"href":"https:\/\/www.sonoraenequipo.com.mx\/api\/wp\/v2\/posts\/172070\/revisions\/172071"}],"wp:featuredmedia":[{"embeddable":true,"href":"https:\/\/www.sonoraenequipo.com.mx\/api\/wp\/v2\/media\/171571"}],"wp:attachment":[{"href":"https:\/\/www.sonoraenequipo.com.mx\/api\/wp\/v2\/media?parent=172070"}],"wp:term":[{"taxonomy":"category","embeddable":true,"href":"https:\/\/www.sonoraenequipo.com.mx\/api\/wp\/v2\/categories?post=172070"},{"taxonomy":"post_tag","embeddable":true,"href":"https:\/\/www.sonoraenequipo.com.mx\/api\/wp\/v2\/tags?post=172070"}],"curies":[{"name":"wp","href":"https:\/\/api.w.org\/{rel}","templated":true}]}}