{"id":172572,"date":"2023-08-15T13:31:56","date_gmt":"2023-08-15T20:31:56","guid":{"rendered":"https:\/\/www.sonoraenequipo.com.mx\/?p=172572"},"modified":"2023-08-15T13:36:49","modified_gmt":"2023-08-15T20:36:49","slug":"reportan-presunto-hallazgo-de-uno-de-los-cinco-jovenes-desaparecidos-en-lagos-de-moreno","status":"publish","type":"post","link":"https:\/\/www.sonoraenequipo.com.mx\/reportan-presunto-hallazgo-de-uno-de-los-cinco-jovenes-desaparecidos-en-lagos-de-moreno\/","title":{"rendered":"Reportan presunto \u00a0hallazgo de uno de los cinco j\u00f3venes desaparecidos en Lagos de Moreno"},"content":{"rendered":"<p>\u25baNo se ha revelado todav\u00eda la identidad de la v\u00edctima, o si hay avances en la localizaci\u00f3n de los otros cuatro j\u00f3venes<\/p>\n<p>En los operativos que realiza la Fiscal\u00eda del Estado en el municipio de Lagos de Morenoestyado de Jalisco para localizar a los cinco j\u00f3venes desaparecidos la noche del pasado viernes, fuentes internas de la dependencia reportaron que uno de ellos se localiz\u00f3 sin vida, al interior de un veh\u00edculo abandonado en la carretera de Lagos de Moreno a Encarnaci\u00f3n de D\u00edaz.<\/p>\n<p>&nbsp;<\/p>\n<p>No se revel\u00f3 la identidad de la v\u00edctima o si hay avances en la localizaci\u00f3n de los otros cuatro j\u00f3venes. Se inform\u00f3 que el veh\u00edculo fue hallado a pie de carretera, pero sin desglosar caracter\u00edsticas, s\u00f3lo se confirma que no es el automotor donde viajaban la noche de la desaparici\u00f3n, un Volkswagen Jetta color caf\u00e9; dicho automotor fue localizado la tarde del lunes.<\/p>\n<p>Los j\u00f3venes desaparecidos son Diego Alberto Lara Santoyo, Roberto Cu\u00e9llar, Uriel Galv\u00e1n, Jaime Miranda y Dante Hern\u00e1ndez. Sus edades oscilan entre los 20 y 21 a\u00f1os de edad y acudieron a la feria del municipio, pero desde entonces se desconoce su paradero.<\/p>\n<p><strong>Fecha de publicaci\u00f3n martes 15\u00a0 de agosto \u00a0de 2023\/ Con informaci\u00f3n de Informador.mx<\/strong><\/p>\n","protected":false},"excerpt":{"rendered":"<p>\u25baNo se ha revelado todav\u00eda la identidad de la v\u00edctima, o si hay avances en&#8230;<\/p>\n","protected":false},"author":1,"featured_media":172573,"comment_status":"open","ping_status":"open","sticky":false,"template":"","format":"standard","meta":{"_monsterinsights_skip_tracking":false,"_monsterinsights_sitenote_active":false,"_monsterinsights_sitenote_note":"","_monsterinsights_sitenote_category":0,"footnotes":""},"categories":[3144],"tags":[299,53],"class_list":["post"],"yoast_head":" \n<title>Sonora en Equipo. Reportan presunto \u00a0hallazgo de uno de los cinco j\u00f3venes desaparecidos en Lagos de Moreno Polic\u00edaca<\/title>\n<meta name=\"description\" content=\"\u25baNo se ha revelado todav\u00eda la identidad de la v\u00edctima, o si hay avances en la localizaci\u00f3n de los otros cuatro j\u00f3venes En los operativos que realiza la En Sonora en Equipo publicamos toda la informaci\u00f3n de Sonora, M\u00e9xico y el Mundo de manera oportuna y busca que la libertad de expresi\u00f3n sea real. Visita nuestro medio informativo publicado desde Hermosillo, Sonora. %\" \/>\n<meta name=\"robots\" content=\"index, follow, max-snippet:-1, max-image-preview:large, max-video-preview:-1\" \/>\n<link rel=\"canonical\" href=\"https:\/\/www.sonoraenequipo.com.mx\/reportan-presunto-hallazgo-de-uno-de-los-cinco-jovenes-desaparecidos-en-lagos-de-moreno\/\" \/>\n<meta property=\"og:locale\" content=\"es_ES\" \/>\n<meta property=\"og:type\" content=\"article\" \/>\n<meta property=\"og:title\" content=\"Sonora en Equipo. Reportan presunto \u00a0hallazgo de uno de los cinco j\u00f3venes desaparecidos en Lagos de Moreno Polic\u00edaca\" \/>\n<meta property=\"og:description\" content=\"\u25baNo se ha revelado todav\u00eda la identidad de la v\u00edctima, o si hay avances en la localizaci\u00f3n de los otros cuatro j\u00f3venes En los operativos que realiza la En Sonora en Equipo publicamos toda la informaci\u00f3n de Sonora, M\u00e9xico y el Mundo de manera oportuna y busca que la libertad de expresi\u00f3n sea real. Visita nuestro medio informativo publicado desde Hermosillo, Sonora. %\" \/>\n<meta property=\"og:url\" content=\"https:\/\/www.sonoraenequipo.com.mx\/reportan-presunto-hallazgo-de-uno-de-los-cinco-jovenes-desaparecidos-en-lagos-de-moreno\/\" \/>\n<meta property=\"og:site_name\" content=\"Sonora en Equipo.\" \/>\n<meta property=\"article:publisher\" content=\"https:\/\/www.facebook.com\/SonoraEE\/\" \/>\n<meta property=\"article:author\" content=\"https:\/\/www.facebook.com\/SonoraEE\" \/>\n<meta property=\"article:published_time\" content=\"2023-08-15T20:31:56+00:00\" \/>\n<meta property=\"article:modified_time\" content=\"2023-08-15T20:36:49+00:00\" \/>\n<meta property=\"og:image\" content=\"https:\/\/www.sonoraenequipo.com.mx\/storage\/2023\/08\/jovenes.jpg\" \/>\n\t<meta property=\"og:image:width\" content=\"600\" \/>\n\t<meta property=\"og:image:height\" content=\"400\" \/>\n\t<meta property=\"og:image:type\" content=\"image\/jpeg\" \/>\n<meta name=\"author\" content=\"enequipo\" \/>\n<meta name=\"twitter:card\" content=\"summary_large_image\" \/>\n<meta name=\"twitter:creator\" content=\"@sonoraenequipo\" \/>\n<meta name=\"twitter:site\" content=\"@sonoraenequipo\" \/>\n<meta name=\"twitter:label1\" content=\"Escrito por\" \/>\n\t<meta name=\"twitter:data1\" content=\"enequipo\" \/>\n\t<meta name=\"twitter:label2\" content=\"Tiempo de lectura\" \/>\n\t<meta name=\"twitter:data2\" content=\"1 minuto\" \/>\n<script type=\"application\/ld+json\" class=\"yoast-schema-graph\">{\"@context\":\"https:\/\/schema.org\",\"@graph\":[{\"@type\":\"Article\",\"@id\":\"https:\/\/www.sonoraenequipo.com.mx\/reportan-presunto-hallazgo-de-uno-de-los-cinco-jovenes-desaparecidos-en-lagos-de-moreno\/#article\",\"isPartOf\":{\"@id\":\"https:\/\/www.sonoraenequipo.com.mx\/reportan-presunto-hallazgo-de-uno-de-los-cinco-jovenes-desaparecidos-en-lagos-de-moreno\/\"},\"author\":{\"name\":\"enequipo\",\"@id\":\"https:\/\/www.sonoraenequipo.com.mx\/#\/schema\/person\/50102df0fb23a8fa9e8effad8fa81386\"},\"headline\":\"Reportan presunto \u00a0hallazgo de uno de los cinco j\u00f3venes desaparecidos en Lagos de Moreno\",\"datePublished\":\"2023-08-15T20:31:56+00:00\",\"dateModified\":\"2023-08-15T20:36:49+00:00\",\"mainEntityOfPage\":{\"@id\":\"https:\/\/www.sonoraenequipo.com.mx\/reportan-presunto-hallazgo-de-uno-de-los-cinco-jovenes-desaparecidos-en-lagos-de-moreno\/\"},\"wordCount\":237,\"commentCount\":0,\"publisher\":{\"@id\":\"https:\/\/www.sonoraenequipo.com.mx\/#organization\"},\"image\":{\"@id\":\"https:\/\/www.sonoraenequipo.com.mx\/reportan-presunto-hallazgo-de-uno-de-los-cinco-jovenes-desaparecidos-en-lagos-de-moreno\/#primaryimage\"},\"thumbnailUrl\":\"https:\/\/www.sonoraenequipo.com.mx\/storage\/2023\/08\/jovenes.jpg\",\"keywords\":[\"inseguridad\",\"mexico\"],\"articleSection\":[\"Polic\u00edaca\"],\"inLanguage\":\"es\",\"potentialAction\":[{\"@type\":\"CommentAction\",\"name\":\"Comment\",\"target\":[\"https:\/\/www.sonoraenequipo.com.mx\/reportan-presunto-hallazgo-de-uno-de-los-cinco-jovenes-desaparecidos-en-lagos-de-moreno\/#respond\"]}]},{\"@type\":\"WebPage\",\"@id\":\"https:\/\/www.sonoraenequipo.com.mx\/reportan-presunto-hallazgo-de-uno-de-los-cinco-jovenes-desaparecidos-en-lagos-de-moreno\/\",\"url\":\"https:\/\/www.sonoraenequipo.com.mx\/reportan-presunto-hallazgo-de-uno-de-los-cinco-jovenes-desaparecidos-en-lagos-de-moreno\/\",\"name\":\"Sonora en Equipo. Reportan presunto \u00a0hallazgo de uno de los cinco j\u00f3venes desaparecidos en Lagos de Moreno Polic\u00edaca\",\"isPartOf\":{\"@id\":\"https:\/\/www.sonoraenequipo.com.mx\/#website\"},\"primaryImageOfPage\":{\"@id\":\"https:\/\/www.sonoraenequipo.com.mx\/reportan-presunto-hallazgo-de-uno-de-los-cinco-jovenes-desaparecidos-en-lagos-de-moreno\/#primaryimage\"},\"image\":{\"@id\":\"https:\/\/www.sonoraenequipo.com.mx\/reportan-presunto-hallazgo-de-uno-de-los-cinco-jovenes-desaparecidos-en-lagos-de-moreno\/#primaryimage\"},\"thumbnailUrl\":\"https:\/\/www.sonoraenequipo.com.mx\/storage\/2023\/08\/jovenes.jpg\",\"datePublished\":\"2023-08-15T20:31:56+00:00\",\"dateModified\":\"2023-08-15T20:36:49+00:00\",\"description\":\"\u25baNo se ha revelado todav\u00eda la identidad de la v\u00edctima, o si hay avances en la localizaci\u00f3n de los otros cuatro j\u00f3venes En los operativos que realiza la En Sonora en Equipo publicamos toda la informaci\u00f3n de Sonora, M\u00e9xico y el Mundo de manera oportuna y busca que la libertad de expresi\u00f3n sea real. Visita nuestro medio informativo publicado desde Hermosillo, Sonora. %\",\"breadcrumb\":{\"@id\":\"https:\/\/www.sonoraenequipo.com.mx\/reportan-presunto-hallazgo-de-uno-de-los-cinco-jovenes-desaparecidos-en-lagos-de-moreno\/#breadcrumb\"},\"inLanguage\":\"es\",\"potentialAction\":[{\"@type\":\"ReadAction\",\"target\":[\"https:\/\/www.sonoraenequipo.com.mx\/reportan-presunto-hallazgo-de-uno-de-los-cinco-jovenes-desaparecidos-en-lagos-de-moreno\/\"]}]},{\"@type\":\"ImageObject\",\"inLanguage\":\"es\",\"@id\":\"https:\/\/www.sonoraenequipo.com.mx\/reportan-presunto-hallazgo-de-uno-de-los-cinco-jovenes-desaparecidos-en-lagos-de-moreno\/#primaryimage\",\"url\":\"https:\/\/www.sonoraenequipo.com.mx\/storage\/2023\/08\/jovenes.jpg\",\"contentUrl\":\"https:\/\/www.sonoraenequipo.com.mx\/storage\/2023\/08\/jovenes.jpg\",\"width\":600,\"height\":400},{\"@type\":\"BreadcrumbList\",\"@id\":\"https:\/\/www.sonoraenequipo.com.mx\/reportan-presunto-hallazgo-de-uno-de-los-cinco-jovenes-desaparecidos-en-lagos-de-moreno\/#breadcrumb\",\"itemListElement\":[{\"@type\":\"ListItem\",\"position\":1,\"name\":\"Portada\",\"item\":\"https:\/\/www.sonoraenequipo.com.mx\/\"},{\"@type\":\"ListItem\",\"position\":2,\"name\":\"Reportan presunto \u00a0hallazgo de uno de los cinco j\u00f3venes desaparecidos en Lagos de Moreno\"}]},{\"@type\":\"WebSite\",\"@id\":\"https:\/\/www.sonoraenequipo.com.mx\/#website\",\"url\":\"https:\/\/www.sonoraenequipo.com.mx\/\",\"name\":\"Sonora en Equipo.\",\"description\":\"Diario en l\u00ednea con Noticias desde Hermosillo, Sonora\",\"publisher\":{\"@id\":\"https:\/\/www.sonoraenequipo.com.mx\/#organization\"},\"potentialAction\":[{\"@type\":\"SearchAction\",\"target\":{\"@type\":\"EntryPoint\",\"urlTemplate\":\"https:\/\/www.sonoraenequipo.com.mx\/?s={search_term_string}\"},\"query-input\":{\"@type\":\"PropertyValueSpecification\",\"valueRequired\":true,\"valueName\":\"search_term_string\"}}],\"inLanguage\":\"es\"},{\"@type\":\"Organization\",\"@id\":\"https:\/\/www.sonoraenequipo.com.mx\/#organization\",\"name\":\"Sonoraenequipo.com.mx\",\"url\":\"https:\/\/www.sonoraenequipo.com.mx\/\",\"logo\":{\"@type\":\"ImageObject\",\"inLanguage\":\"es\",\"@id\":\"https:\/\/www.sonoraenequipo.com.mx\/#\/schema\/logo\/image\/\",\"url\":\"https:\/\/www.sonoraenequipo.com.mx\/storage\/2019\/01\/sonoraenequipo_opt.png\",\"contentUrl\":\"https:\/\/www.sonoraenequipo.com.mx\/storage\/2019\/01\/sonoraenequipo_opt.png\",\"width\":375,\"height\":125,\"caption\":\"Sonoraenequipo.com.mx\"},\"image\":{\"@id\":\"https:\/\/www.sonoraenequipo.com.mx\/#\/schema\/logo\/image\/\"},\"sameAs\":[\"https:\/\/www.facebook.com\/SonoraEE\/\",\"https:\/\/x.com\/sonoraenequipo\",\"https:\/\/www.youtube.com\/channel\/UC338nW-lPEYmJQs4ZABQ1SQ\"]},{\"@type\":\"Person\",\"@id\":\"https:\/\/www.sonoraenequipo.com.mx\/#\/schema\/person\/50102df0fb23a8fa9e8effad8fa81386\",\"name\":\"enequipo\",\"image\":{\"@type\":\"ImageObject\",\"inLanguage\":\"es\",\"@id\":\"https:\/\/www.sonoraenequipo.com.mx\/#\/schema\/person\/image\/\",\"url\":\"https:\/\/secure.gravatar.com\/avatar\/049821681b589dabc0bc20695993ccebb09f5b5d4d790cd9251b97faac7c652b?s=96&d=blank&r=g\",\"contentUrl\":\"https:\/\/secure.gravatar.com\/avatar\/049821681b589dabc0bc20695993ccebb09f5b5d4d790cd9251b97faac7c652b?s=96&d=blank&r=g\",\"caption\":\"enequipo\"},\"sameAs\":[\"https:\/\/www.facebook.com\/SonoraEE\"]}]}<\/script>\n ","yoast_head_json":{"title":"Sonora en Equipo. Reportan presunto \u00a0hallazgo de uno de los cinco j\u00f3venes desaparecidos en Lagos de Moreno Polic\u00edaca","description":"\u25baNo se ha revelado todav\u00eda la identidad de la v\u00edctima, o si hay avances en la localizaci\u00f3n de los otros cuatro j\u00f3venes En los operativos que realiza la En Sonora en Equipo publicamos toda la informaci\u00f3n de Sonora, M\u00e9xico y el Mundo de manera oportuna y busca que la libertad de expresi\u00f3n sea real. Visita nuestro medio informativo publicado desde Hermosillo, Sonora. %","robots":{"index":"index","follow":"follow","max-snippet":"max-snippet:-1","max-image-preview":"max-image-preview:large","max-video-preview":"max-video-preview:-1"},"canonical":"https:\/\/www.sonoraenequipo.com.mx\/reportan-presunto-hallazgo-de-uno-de-los-cinco-jovenes-desaparecidos-en-lagos-de-moreno\/","og_locale":"es_ES","og_type":"article","og_title":"Sonora en Equipo. Reportan presunto \u00a0hallazgo de uno de los cinco j\u00f3venes desaparecidos en Lagos de Moreno Polic\u00edaca","og_description":"\u25baNo se ha revelado todav\u00eda la identidad de la v\u00edctima, o si hay avances en la localizaci\u00f3n de los otros cuatro j\u00f3venes En los operativos que realiza la En Sonora en Equipo publicamos toda la informaci\u00f3n de Sonora, M\u00e9xico y el Mundo de manera oportuna y busca que la libertad de expresi\u00f3n sea real. Visita nuestro medio informativo publicado desde Hermosillo, Sonora. %","og_url":"https:\/\/www.sonoraenequipo.com.mx\/reportan-presunto-hallazgo-de-uno-de-los-cinco-jovenes-desaparecidos-en-lagos-de-moreno\/","og_site_name":"Sonora en Equipo.","article_publisher":"https:\/\/www.facebook.com\/SonoraEE\/","article_author":"https:\/\/www.facebook.com\/SonoraEE","article_published_time":"2023-08-15T20:31:56+00:00","article_modified_time":"2023-08-15T20:36:49+00:00","og_image":[{"width":600,"height":400,"url":"https:\/\/www.sonoraenequipo.com.mx\/storage\/2023\/08\/jovenes.jpg","type":"image\/jpeg"}],"author":"enequipo","twitter_card":"summary_large_image","twitter_creator":"@sonoraenequipo","twitter_site":"@sonoraenequipo","twitter_misc":{"Escrito por":"enequipo","Tiempo de lectura":"1 minuto"},"schema":{"@context":"https:\/\/schema.org","@graph":[{"@type":"Article","@id":"https:\/\/www.sonoraenequipo.com.mx\/reportan-presunto-hallazgo-de-uno-de-los-cinco-jovenes-desaparecidos-en-lagos-de-moreno\/#article","isPartOf":{"@id":"https:\/\/www.sonoraenequipo.com.mx\/reportan-presunto-hallazgo-de-uno-de-los-cinco-jovenes-desaparecidos-en-lagos-de-moreno\/"},"author":{"name":"enequipo","@id":"https:\/\/www.sonoraenequipo.com.mx\/#\/schema\/person\/50102df0fb23a8fa9e8effad8fa81386"},"headline":"Reportan presunto \u00a0hallazgo de uno de los cinco j\u00f3venes desaparecidos en Lagos de Moreno","datePublished":"2023-08-15T20:31:56+00:00","dateModified":"2023-08-15T20:36:49+00:00","mainEntityOfPage":{"@id":"https:\/\/www.sonoraenequipo.com.mx\/reportan-presunto-hallazgo-de-uno-de-los-cinco-jovenes-desaparecidos-en-lagos-de-moreno\/"},"wordCount":237,"commentCount":0,"publisher":{"@id":"https:\/\/www.sonoraenequipo.com.mx\/#organization"},"image":{"@id":"https:\/\/www.sonoraenequipo.com.mx\/reportan-presunto-hallazgo-de-uno-de-los-cinco-jovenes-desaparecidos-en-lagos-de-moreno\/#primaryimage"},"thumbnailUrl":"https:\/\/www.sonoraenequipo.com.mx\/storage\/2023\/08\/jovenes.jpg","keywords":["inseguridad","mexico"],"articleSection":["Polic\u00edaca"],"inLanguage":"es","potentialAction":[{"@type":"CommentAction","name":"Comment","target":["https:\/\/www.sonoraenequipo.com.mx\/reportan-presunto-hallazgo-de-uno-de-los-cinco-jovenes-desaparecidos-en-lagos-de-moreno\/#respond"]}]},{"@type":"WebPage","@id":"https:\/\/www.sonoraenequipo.com.mx\/reportan-presunto-hallazgo-de-uno-de-los-cinco-jovenes-desaparecidos-en-lagos-de-moreno\/","url":"https:\/\/www.sonoraenequipo.com.mx\/reportan-presunto-hallazgo-de-uno-de-los-cinco-jovenes-desaparecidos-en-lagos-de-moreno\/","name":"Sonora en Equipo. Reportan presunto \u00a0hallazgo de uno de los cinco j\u00f3venes desaparecidos en Lagos de Moreno Polic\u00edaca","isPartOf":{"@id":"https:\/\/www.sonoraenequipo.com.mx\/#website"},"primaryImageOfPage":{"@id":"https:\/\/www.sonoraenequipo.com.mx\/reportan-presunto-hallazgo-de-uno-de-los-cinco-jovenes-desaparecidos-en-lagos-de-moreno\/#primaryimage"},"image":{"@id":"https:\/\/www.sonoraenequipo.com.mx\/reportan-presunto-hallazgo-de-uno-de-los-cinco-jovenes-desaparecidos-en-lagos-de-moreno\/#primaryimage"},"thumbnailUrl":"https:\/\/www.sonoraenequipo.com.mx\/storage\/2023\/08\/jovenes.jpg","datePublished":"2023-08-15T20:31:56+00:00","dateModified":"2023-08-15T20:36:49+00:00","description":"\u25baNo se ha revelado todav\u00eda la identidad de la v\u00edctima, o si hay avances en la localizaci\u00f3n de los otros cuatro j\u00f3venes En los operativos que realiza la En Sonora en Equipo publicamos toda la informaci\u00f3n de Sonora, M\u00e9xico y el Mundo de manera oportuna y busca que la libertad de expresi\u00f3n sea real. Visita nuestro medio informativo publicado desde Hermosillo, Sonora. %","breadcrumb":{"@id":"https:\/\/www.sonoraenequipo.com.mx\/reportan-presunto-hallazgo-de-uno-de-los-cinco-jovenes-desaparecidos-en-lagos-de-moreno\/#breadcrumb"},"inLanguage":"es","potentialAction":[{"@type":"ReadAction","target":["https:\/\/www.sonoraenequipo.com.mx\/reportan-presunto-hallazgo-de-uno-de-los-cinco-jovenes-desaparecidos-en-lagos-de-moreno\/"]}]},{"@type":"ImageObject","inLanguage":"es","@id":"https:\/\/www.sonoraenequipo.com.mx\/reportan-presunto-hallazgo-de-uno-de-los-cinco-jovenes-desaparecidos-en-lagos-de-moreno\/#primaryimage","url":"https:\/\/www.sonoraenequipo.com.mx\/storage\/2023\/08\/jovenes.jpg","contentUrl":"https:\/\/www.sonoraenequipo.com.mx\/storage\/2023\/08\/jovenes.jpg","width":600,"height":400},{"@type":"BreadcrumbList","@id":"https:\/\/www.sonoraenequipo.com.mx\/reportan-presunto-hallazgo-de-uno-de-los-cinco-jovenes-desaparecidos-en-lagos-de-moreno\/#breadcrumb","itemListElement":[{"@type":"ListItem","position":1,"name":"Portada","item":"https:\/\/www.sonoraenequipo.com.mx\/"},{"@type":"ListItem","position":2,"name":"Reportan presunto \u00a0hallazgo de uno de los cinco j\u00f3venes desaparecidos en Lagos de Moreno"}]},{"@type":"WebSite","@id":"https:\/\/www.sonoraenequipo.com.mx\/#website","url":"https:\/\/www.sonoraenequipo.com.mx\/","name":"Sonora en Equipo.","description":"Diario en l\u00ednea con Noticias desde Hermosillo, Sonora","publisher":{"@id":"https:\/\/www.sonoraenequipo.com.mx\/#organization"},"potentialAction":[{"@type":"SearchAction","target":{"@type":"EntryPoint","urlTemplate":"https:\/\/www.sonoraenequipo.com.mx\/?s={search_term_string}"},"query-input":{"@type":"PropertyValueSpecification","valueRequired":true,"valueName":"search_term_string"}}],"inLanguage":"es"},{"@type":"Organization","@id":"https:\/\/www.sonoraenequipo.com.mx\/#organization","name":"Sonoraenequipo.com.mx","url":"https:\/\/www.sonoraenequipo.com.mx\/","logo":{"@type":"ImageObject","inLanguage":"es","@id":"https:\/\/www.sonoraenequipo.com.mx\/#\/schema\/logo\/image\/","url":"https:\/\/www.sonoraenequipo.com.mx\/storage\/2019\/01\/sonoraenequipo_opt.png","contentUrl":"https:\/\/www.sonoraenequipo.com.mx\/storage\/2019\/01\/sonoraenequipo_opt.png","width":375,"height":125,"caption":"Sonoraenequipo.com.mx"},"image":{"@id":"https:\/\/www.sonoraenequipo.com.mx\/#\/schema\/logo\/image\/"},"sameAs":["https:\/\/www.facebook.com\/SonoraEE\/","https:\/\/x.com\/sonoraenequipo","https:\/\/www.youtube.com\/channel\/UC338nW-lPEYmJQs4ZABQ1SQ"]},{"@type":"Person","@id":"https:\/\/www.sonoraenequipo.com.mx\/#\/schema\/person\/50102df0fb23a8fa9e8effad8fa81386","name":"enequipo","image":{"@type":"ImageObject","inLanguage":"es","@id":"https:\/\/www.sonoraenequipo.com.mx\/#\/schema\/person\/image\/","url":"https:\/\/secure.gravatar.com\/avatar\/049821681b589dabc0bc20695993ccebb09f5b5d4d790cd9251b97faac7c652b?s=96&d=blank&r=g","contentUrl":"https:\/\/secure.gravatar.com\/avatar\/049821681b589dabc0bc20695993ccebb09f5b5d4d790cd9251b97faac7c652b?s=96&d=blank&r=g","caption":"enequipo"},"sameAs":["https:\/\/www.facebook.com\/SonoraEE"]}]}},"jetpack_featured_media_url":"https:\/\/www.sonoraenequipo.com.mx\/storage\/2023\/08\/jovenes.jpg","_links":{"self":[{"href":"https:\/\/www.sonoraenequipo.com.mx\/api\/wp\/v2\/posts\/172572","targetHints":{"allow":["GET"]}}],"collection":[{"href":"https:\/\/www.sonoraenequipo.com.mx\/api\/wp\/v2\/posts"}],"about":[{"href":"https:\/\/www.sonoraenequipo.com.mx\/api\/wp\/v2\/types\/post"}],"author":[{"embeddable":true,"href":"https:\/\/www.sonoraenequipo.com.mx\/api\/wp\/v2\/users\/1"}],"replies":[{"embeddable":true,"href":"https:\/\/www.sonoraenequipo.com.mx\/api\/wp\/v2\/comments?post=172572"}],"version-history":[{"count":1,"href":"https:\/\/www.sonoraenequipo.com.mx\/api\/wp\/v2\/posts\/172572\/revisions"}],"predecessor-version":[{"id":172574,"href":"https:\/\/www.sonoraenequipo.com.mx\/api\/wp\/v2\/posts\/172572\/revisions\/172574"}],"wp:featuredmedia":[{"embeddable":true,"href":"https:\/\/www.sonoraenequipo.com.mx\/api\/wp\/v2\/media\/172573"}],"wp:attachment":[{"href":"https:\/\/www.sonoraenequipo.com.mx\/api\/wp\/v2\/media?parent=172572"}],"wp:term":[{"taxonomy":"category","embeddable":true,"href":"https:\/\/www.sonoraenequipo.com.mx\/api\/wp\/v2\/categories?post=172572"},{"taxonomy":"post_tag","embeddable":true,"href":"https:\/\/www.sonoraenequipo.com.mx\/api\/wp\/v2\/tags?post=172572"}],"curies":[{"name":"wp","href":"https:\/\/api.w.org\/{rel}","templated":true}]}}