{"id":172781,"date":"2023-08-17T23:29:01","date_gmt":"2023-08-18T06:29:01","guid":{"rendered":"https:\/\/www.sonoraenequipo.com.mx\/?p=172781"},"modified":"2023-08-18T10:19:08","modified_gmt":"2023-08-18T17:19:08","slug":"tiktok-almacenara-datos-de-usuarios-europeos-en-tres-lugares-de-la-ue-hasta-2024","status":"publish","type":"post","link":"https:\/\/www.sonoraenequipo.com.mx\/tiktok-almacenara-datos-de-usuarios-europeos-en-tres-lugares-de-la-ue-hasta-2024\/","title":{"rendered":"TikTok almacenar\u00e1 datos de usuarios europeos en tres lugares de la UE hasta 2024"},"content":{"rendered":"<p><strong>ESTADOS UNIDOS. \u2014<\/strong> La red social TikTok almacenar\u00e1 los m\u00e1s de 150 millones de datos de sus usuarios europeos en tres puntos de la Uni\u00f3n Europea (UE) hasta finales de 2024, cuando habr\u00eda finalizado el proceso de su traslado desde los servidores actuales.<\/p>\n<p>&nbsp;<\/p>\n<p> <\/p>\n<p>As\u00ed lo asegur\u00f3 el responsable de Relaciones Gubernamentales y Pol\u00edticas P\u00fablicas de la red social china, Tim Klaws, en una entrevista a la agencia austr\u00edaca APA publicada este jueves.<\/p>\n<p>&nbsp;<\/p>\n<p><em><strong>\u201cEstamos a punto de empezar a migrar los datos de los usuarios en Europa desde los servidores en Estados Unidos, Singapur y Malasia a tres centros de datos en Europa: dos en Irlanda y uno en Noruega\u201d,<\/strong><\/em> afirm\u00f3 Klaws.<\/p>\n<p>&nbsp;<\/p>\n<p>\u201cPor supuesto que los nuevos datos de usuarios se guardar\u00e1n ya antes en los servidores (europeos)\u201d, precis\u00f3.<\/p>\n<p>&nbsp;<\/p>\n<p>Se prev\u00e9 adem\u00e1s encargar a una entidad europea la verificaci\u00f3n del acceso a los datos y del cortafuegos de la plataforma de v\u00eddeos cortos.<\/p>\n<p>&nbsp;<\/p>\n<p>TikTok estima que este plan, bautizado \u201cProyecto Tr\u00e9bol\u201d, requerir\u00e1 unas inversiones anuales de m\u00e1s de mil millones de euros y con el mismo aspira a disipar las acusaciones de que no protege suficientemente los datos privados de los usuarios.<\/p>\n<p>&nbsp;<\/p>\n<p>Klaws rechaz\u00f3 asimismo las acusaciones de que TikTok facilite actividades de espionaje por parte de China, y destac\u00f3 que la red social cuenta con 40.000 trabajadores en el \u00e1rea de \u201cconfianza y seguridad\u201d.<\/p>\n<p>&nbsp;<\/p>\n<p>Tanto la Comisi\u00f3n Europea como varios Gobiernos de pa\u00edses occidentales han prohibido a sus empleados usar la aplicaci\u00f3n de Tiktok en los tel\u00e9fonos m\u00f3viles de servicio.<\/p>\n<p>&nbsp;<\/p>\n<p>TikTok tambi\u00e9n ha sido acusada de censurar la libertad de expresi\u00f3n al gusto de Pek\u00edn, algo que Klaws rebati\u00f3 atribuyendo las \u201cfalsas acusaciones\u201d a los estrictos filtros de contenido que aplica la red.<\/p>\n<p>&nbsp;<\/p>\n<p>\u201cSomos incluso m\u00e1s estrictos en la moderaci\u00f3n que nuestros competidores. Puede haber un exceso de mesura y se eliminan contenidos que quiz\u00e1 no deber\u00edan eliminarse\u201d, dijo el directivo.<\/p>\n<p>&nbsp;<\/p>\n<p>PUBLICADO EL17 AGOSTO DE 2023\/ Con informaci\u00f3n de EFE )<\/p>\n","protected":false},"excerpt":{"rendered":"<p>ESTADOS UNIDOS. \u2014 La red social TikTok almacenar\u00e1 los m\u00e1s de 150 millones de datos&#8230;<\/p>\n","protected":false},"author":1,"featured_media":172782,"comment_status":"open","ping_status":"open","sticky":false,"template":"","format":"standard","meta":{"_monsterinsights_skip_tracking":false,"_monsterinsights_sitenote_active":false,"_monsterinsights_sitenote_note":"","_monsterinsights_sitenote_category":0,"footnotes":""},"categories":[2216],"tags":[],"class_list":["post"],"yoast_head":" \n<title>Sonora en Equipo. TikTok almacenar\u00e1 datos de usuarios europeos en tres lugares de la UE hasta 2024 Ciencia y Tecnolog\u00eda<\/title>\n<meta name=\"description\" content=\"ESTADOS UNIDOS. \u2014 La red social TikTok almacenar\u00e1 los m\u00e1s de 150 millones de datos de sus usuarios europeos en tres puntos de la Uni\u00f3n Europea (UE) hasta En Sonora en Equipo publicamos toda la informaci\u00f3n de Sonora, M\u00e9xico y el Mundo de manera oportuna y busca que la libertad de expresi\u00f3n sea real. Visita nuestro medio informativo publicado desde Hermosillo, Sonora. %\" \/>\n<meta name=\"robots\" content=\"index, follow, max-snippet:-1, max-image-preview:large, max-video-preview:-1\" \/>\n<link rel=\"canonical\" href=\"https:\/\/www.sonoraenequipo.com.mx\/tiktok-almacenara-datos-de-usuarios-europeos-en-tres-lugares-de-la-ue-hasta-2024\/\" \/>\n<meta property=\"og:locale\" content=\"es_ES\" \/>\n<meta property=\"og:type\" content=\"article\" \/>\n<meta property=\"og:title\" content=\"Sonora en Equipo. TikTok almacenar\u00e1 datos de usuarios europeos en tres lugares de la UE hasta 2024 Ciencia y Tecnolog\u00eda\" \/>\n<meta property=\"og:description\" content=\"ESTADOS UNIDOS. \u2014 La red social TikTok almacenar\u00e1 los m\u00e1s de 150 millones de datos de sus usuarios europeos en tres puntos de la Uni\u00f3n Europea (UE) hasta En Sonora en Equipo publicamos toda la informaci\u00f3n de Sonora, M\u00e9xico y el Mundo de manera oportuna y busca que la libertad de expresi\u00f3n sea real. Visita nuestro medio informativo publicado desde Hermosillo, Sonora. %\" \/>\n<meta property=\"og:url\" content=\"https:\/\/www.sonoraenequipo.com.mx\/tiktok-almacenara-datos-de-usuarios-europeos-en-tres-lugares-de-la-ue-hasta-2024\/\" \/>\n<meta property=\"og:site_name\" content=\"Sonora en Equipo.\" \/>\n<meta property=\"article:publisher\" content=\"https:\/\/www.facebook.com\/SonoraEE\/\" \/>\n<meta property=\"article:author\" content=\"https:\/\/www.facebook.com\/SonoraEE\" \/>\n<meta property=\"article:published_time\" content=\"2023-08-18T06:29:01+00:00\" \/>\n<meta property=\"article:modified_time\" content=\"2023-08-18T17:19:08+00:00\" \/>\n<meta property=\"og:image\" content=\"https:\/\/www.sonoraenequipo.com.mx\/storage\/2023\/08\/tiktok-min.jpg\" \/>\n\t<meta property=\"og:image:width\" content=\"800\" \/>\n\t<meta property=\"og:image:height\" content=\"534\" \/>\n\t<meta property=\"og:image:type\" content=\"image\/jpeg\" \/>\n<meta name=\"author\" content=\"enequipo\" \/>\n<meta name=\"twitter:card\" content=\"summary_large_image\" \/>\n<meta name=\"twitter:creator\" content=\"@sonoraenequipo\" \/>\n<meta name=\"twitter:site\" content=\"@sonoraenequipo\" \/>\n<meta name=\"twitter:label1\" content=\"Escrito por\" \/>\n\t<meta name=\"twitter:data1\" content=\"enequipo\" \/>\n\t<meta name=\"twitter:label2\" content=\"Tiempo de lectura\" \/>\n\t<meta name=\"twitter:data2\" content=\"2 minutos\" \/>\n<script type=\"application\/ld+json\" class=\"yoast-schema-graph\">{\"@context\":\"https:\/\/schema.org\",\"@graph\":[{\"@type\":\"Article\",\"@id\":\"https:\/\/www.sonoraenequipo.com.mx\/tiktok-almacenara-datos-de-usuarios-europeos-en-tres-lugares-de-la-ue-hasta-2024\/#article\",\"isPartOf\":{\"@id\":\"https:\/\/www.sonoraenequipo.com.mx\/tiktok-almacenara-datos-de-usuarios-europeos-en-tres-lugares-de-la-ue-hasta-2024\/\"},\"author\":{\"name\":\"enequipo\",\"@id\":\"https:\/\/www.sonoraenequipo.com.mx\/#\/schema\/person\/50102df0fb23a8fa9e8effad8fa81386\"},\"headline\":\"TikTok almacenar\u00e1 datos de usuarios europeos en tres lugares de la UE hasta 2024\",\"datePublished\":\"2023-08-18T06:29:01+00:00\",\"dateModified\":\"2023-08-18T17:19:08+00:00\",\"mainEntityOfPage\":{\"@id\":\"https:\/\/www.sonoraenequipo.com.mx\/tiktok-almacenara-datos-de-usuarios-europeos-en-tres-lugares-de-la-ue-hasta-2024\/\"},\"wordCount\":362,\"commentCount\":0,\"publisher\":{\"@id\":\"https:\/\/www.sonoraenequipo.com.mx\/#organization\"},\"image\":{\"@id\":\"https:\/\/www.sonoraenequipo.com.mx\/tiktok-almacenara-datos-de-usuarios-europeos-en-tres-lugares-de-la-ue-hasta-2024\/#primaryimage\"},\"thumbnailUrl\":\"https:\/\/www.sonoraenequipo.com.mx\/storage\/2023\/08\/tiktok-min.jpg\",\"articleSection\":[\"Ciencia y Tecnolog\u00eda\"],\"inLanguage\":\"es\",\"potentialAction\":[{\"@type\":\"CommentAction\",\"name\":\"Comment\",\"target\":[\"https:\/\/www.sonoraenequipo.com.mx\/tiktok-almacenara-datos-de-usuarios-europeos-en-tres-lugares-de-la-ue-hasta-2024\/#respond\"]}]},{\"@type\":\"WebPage\",\"@id\":\"https:\/\/www.sonoraenequipo.com.mx\/tiktok-almacenara-datos-de-usuarios-europeos-en-tres-lugares-de-la-ue-hasta-2024\/\",\"url\":\"https:\/\/www.sonoraenequipo.com.mx\/tiktok-almacenara-datos-de-usuarios-europeos-en-tres-lugares-de-la-ue-hasta-2024\/\",\"name\":\"Sonora en Equipo. TikTok almacenar\u00e1 datos de usuarios europeos en tres lugares de la UE hasta 2024 Ciencia y Tecnolog\u00eda\",\"isPartOf\":{\"@id\":\"https:\/\/www.sonoraenequipo.com.mx\/#website\"},\"primaryImageOfPage\":{\"@id\":\"https:\/\/www.sonoraenequipo.com.mx\/tiktok-almacenara-datos-de-usuarios-europeos-en-tres-lugares-de-la-ue-hasta-2024\/#primaryimage\"},\"image\":{\"@id\":\"https:\/\/www.sonoraenequipo.com.mx\/tiktok-almacenara-datos-de-usuarios-europeos-en-tres-lugares-de-la-ue-hasta-2024\/#primaryimage\"},\"thumbnailUrl\":\"https:\/\/www.sonoraenequipo.com.mx\/storage\/2023\/08\/tiktok-min.jpg\",\"datePublished\":\"2023-08-18T06:29:01+00:00\",\"dateModified\":\"2023-08-18T17:19:08+00:00\",\"description\":\"ESTADOS UNIDOS. \u2014 La red social TikTok almacenar\u00e1 los m\u00e1s de 150 millones de datos de sus usuarios europeos en tres puntos de la Uni\u00f3n Europea (UE) hasta En Sonora en Equipo publicamos toda la informaci\u00f3n de Sonora, M\u00e9xico y el Mundo de manera oportuna y busca que la libertad de expresi\u00f3n sea real. Visita nuestro medio informativo publicado desde Hermosillo, Sonora. %\",\"breadcrumb\":{\"@id\":\"https:\/\/www.sonoraenequipo.com.mx\/tiktok-almacenara-datos-de-usuarios-europeos-en-tres-lugares-de-la-ue-hasta-2024\/#breadcrumb\"},\"inLanguage\":\"es\",\"potentialAction\":[{\"@type\":\"ReadAction\",\"target\":[\"https:\/\/www.sonoraenequipo.com.mx\/tiktok-almacenara-datos-de-usuarios-europeos-en-tres-lugares-de-la-ue-hasta-2024\/\"]}]},{\"@type\":\"ImageObject\",\"inLanguage\":\"es\",\"@id\":\"https:\/\/www.sonoraenequipo.com.mx\/tiktok-almacenara-datos-de-usuarios-europeos-en-tres-lugares-de-la-ue-hasta-2024\/#primaryimage\",\"url\":\"https:\/\/www.sonoraenequipo.com.mx\/storage\/2023\/08\/tiktok-min.jpg\",\"contentUrl\":\"https:\/\/www.sonoraenequipo.com.mx\/storage\/2023\/08\/tiktok-min.jpg\",\"width\":800,\"height\":534},{\"@type\":\"BreadcrumbList\",\"@id\":\"https:\/\/www.sonoraenequipo.com.mx\/tiktok-almacenara-datos-de-usuarios-europeos-en-tres-lugares-de-la-ue-hasta-2024\/#breadcrumb\",\"itemListElement\":[{\"@type\":\"ListItem\",\"position\":1,\"name\":\"Portada\",\"item\":\"https:\/\/www.sonoraenequipo.com.mx\/\"},{\"@type\":\"ListItem\",\"position\":2,\"name\":\"TikTok almacenar\u00e1 datos de usuarios europeos en tres lugares de la UE hasta 2024\"}]},{\"@type\":\"WebSite\",\"@id\":\"https:\/\/www.sonoraenequipo.com.mx\/#website\",\"url\":\"https:\/\/www.sonoraenequipo.com.mx\/\",\"name\":\"Sonora en Equipo.\",\"description\":\"Diario en l\u00ednea con Noticias desde Hermosillo, Sonora\",\"publisher\":{\"@id\":\"https:\/\/www.sonoraenequipo.com.mx\/#organization\"},\"potentialAction\":[{\"@type\":\"SearchAction\",\"target\":{\"@type\":\"EntryPoint\",\"urlTemplate\":\"https:\/\/www.sonoraenequipo.com.mx\/?s={search_term_string}\"},\"query-input\":{\"@type\":\"PropertyValueSpecification\",\"valueRequired\":true,\"valueName\":\"search_term_string\"}}],\"inLanguage\":\"es\"},{\"@type\":\"Organization\",\"@id\":\"https:\/\/www.sonoraenequipo.com.mx\/#organization\",\"name\":\"Sonoraenequipo.com.mx\",\"url\":\"https:\/\/www.sonoraenequipo.com.mx\/\",\"logo\":{\"@type\":\"ImageObject\",\"inLanguage\":\"es\",\"@id\":\"https:\/\/www.sonoraenequipo.com.mx\/#\/schema\/logo\/image\/\",\"url\":\"https:\/\/www.sonoraenequipo.com.mx\/storage\/2019\/01\/sonoraenequipo_opt.png\",\"contentUrl\":\"https:\/\/www.sonoraenequipo.com.mx\/storage\/2019\/01\/sonoraenequipo_opt.png\",\"width\":375,\"height\":125,\"caption\":\"Sonoraenequipo.com.mx\"},\"image\":{\"@id\":\"https:\/\/www.sonoraenequipo.com.mx\/#\/schema\/logo\/image\/\"},\"sameAs\":[\"https:\/\/www.facebook.com\/SonoraEE\/\",\"https:\/\/x.com\/sonoraenequipo\",\"https:\/\/www.youtube.com\/channel\/UC338nW-lPEYmJQs4ZABQ1SQ\"]},{\"@type\":\"Person\",\"@id\":\"https:\/\/www.sonoraenequipo.com.mx\/#\/schema\/person\/50102df0fb23a8fa9e8effad8fa81386\",\"name\":\"enequipo\",\"image\":{\"@type\":\"ImageObject\",\"inLanguage\":\"es\",\"@id\":\"https:\/\/www.sonoraenequipo.com.mx\/#\/schema\/person\/image\/\",\"url\":\"https:\/\/secure.gravatar.com\/avatar\/049821681b589dabc0bc20695993ccebb09f5b5d4d790cd9251b97faac7c652b?s=96&d=blank&r=g\",\"contentUrl\":\"https:\/\/secure.gravatar.com\/avatar\/049821681b589dabc0bc20695993ccebb09f5b5d4d790cd9251b97faac7c652b?s=96&d=blank&r=g\",\"caption\":\"enequipo\"},\"sameAs\":[\"https:\/\/www.facebook.com\/SonoraEE\"]}]}<\/script>\n ","yoast_head_json":{"title":"Sonora en Equipo. TikTok almacenar\u00e1 datos de usuarios europeos en tres lugares de la UE hasta 2024 Ciencia y Tecnolog\u00eda","description":"ESTADOS UNIDOS. \u2014 La red social TikTok almacenar\u00e1 los m\u00e1s de 150 millones de datos de sus usuarios europeos en tres puntos de la Uni\u00f3n Europea (UE) hasta En Sonora en Equipo publicamos toda la informaci\u00f3n de Sonora, M\u00e9xico y el Mundo de manera oportuna y busca que la libertad de expresi\u00f3n sea real. Visita nuestro medio informativo publicado desde Hermosillo, Sonora. %","robots":{"index":"index","follow":"follow","max-snippet":"max-snippet:-1","max-image-preview":"max-image-preview:large","max-video-preview":"max-video-preview:-1"},"canonical":"https:\/\/www.sonoraenequipo.com.mx\/tiktok-almacenara-datos-de-usuarios-europeos-en-tres-lugares-de-la-ue-hasta-2024\/","og_locale":"es_ES","og_type":"article","og_title":"Sonora en Equipo. TikTok almacenar\u00e1 datos de usuarios europeos en tres lugares de la UE hasta 2024 Ciencia y Tecnolog\u00eda","og_description":"ESTADOS UNIDOS. \u2014 La red social TikTok almacenar\u00e1 los m\u00e1s de 150 millones de datos de sus usuarios europeos en tres puntos de la Uni\u00f3n Europea (UE) hasta En Sonora en Equipo publicamos toda la informaci\u00f3n de Sonora, M\u00e9xico y el Mundo de manera oportuna y busca que la libertad de expresi\u00f3n sea real. Visita nuestro medio informativo publicado desde Hermosillo, Sonora. %","og_url":"https:\/\/www.sonoraenequipo.com.mx\/tiktok-almacenara-datos-de-usuarios-europeos-en-tres-lugares-de-la-ue-hasta-2024\/","og_site_name":"Sonora en Equipo.","article_publisher":"https:\/\/www.facebook.com\/SonoraEE\/","article_author":"https:\/\/www.facebook.com\/SonoraEE","article_published_time":"2023-08-18T06:29:01+00:00","article_modified_time":"2023-08-18T17:19:08+00:00","og_image":[{"width":800,"height":534,"url":"https:\/\/www.sonoraenequipo.com.mx\/storage\/2023\/08\/tiktok-min.jpg","type":"image\/jpeg"}],"author":"enequipo","twitter_card":"summary_large_image","twitter_creator":"@sonoraenequipo","twitter_site":"@sonoraenequipo","twitter_misc":{"Escrito por":"enequipo","Tiempo de lectura":"2 minutos"},"schema":{"@context":"https:\/\/schema.org","@graph":[{"@type":"Article","@id":"https:\/\/www.sonoraenequipo.com.mx\/tiktok-almacenara-datos-de-usuarios-europeos-en-tres-lugares-de-la-ue-hasta-2024\/#article","isPartOf":{"@id":"https:\/\/www.sonoraenequipo.com.mx\/tiktok-almacenara-datos-de-usuarios-europeos-en-tres-lugares-de-la-ue-hasta-2024\/"},"author":{"name":"enequipo","@id":"https:\/\/www.sonoraenequipo.com.mx\/#\/schema\/person\/50102df0fb23a8fa9e8effad8fa81386"},"headline":"TikTok almacenar\u00e1 datos de usuarios europeos en tres lugares de la UE hasta 2024","datePublished":"2023-08-18T06:29:01+00:00","dateModified":"2023-08-18T17:19:08+00:00","mainEntityOfPage":{"@id":"https:\/\/www.sonoraenequipo.com.mx\/tiktok-almacenara-datos-de-usuarios-europeos-en-tres-lugares-de-la-ue-hasta-2024\/"},"wordCount":362,"commentCount":0,"publisher":{"@id":"https:\/\/www.sonoraenequipo.com.mx\/#organization"},"image":{"@id":"https:\/\/www.sonoraenequipo.com.mx\/tiktok-almacenara-datos-de-usuarios-europeos-en-tres-lugares-de-la-ue-hasta-2024\/#primaryimage"},"thumbnailUrl":"https:\/\/www.sonoraenequipo.com.mx\/storage\/2023\/08\/tiktok-min.jpg","articleSection":["Ciencia y Tecnolog\u00eda"],"inLanguage":"es","potentialAction":[{"@type":"CommentAction","name":"Comment","target":["https:\/\/www.sonoraenequipo.com.mx\/tiktok-almacenara-datos-de-usuarios-europeos-en-tres-lugares-de-la-ue-hasta-2024\/#respond"]}]},{"@type":"WebPage","@id":"https:\/\/www.sonoraenequipo.com.mx\/tiktok-almacenara-datos-de-usuarios-europeos-en-tres-lugares-de-la-ue-hasta-2024\/","url":"https:\/\/www.sonoraenequipo.com.mx\/tiktok-almacenara-datos-de-usuarios-europeos-en-tres-lugares-de-la-ue-hasta-2024\/","name":"Sonora en Equipo. TikTok almacenar\u00e1 datos de usuarios europeos en tres lugares de la UE hasta 2024 Ciencia y Tecnolog\u00eda","isPartOf":{"@id":"https:\/\/www.sonoraenequipo.com.mx\/#website"},"primaryImageOfPage":{"@id":"https:\/\/www.sonoraenequipo.com.mx\/tiktok-almacenara-datos-de-usuarios-europeos-en-tres-lugares-de-la-ue-hasta-2024\/#primaryimage"},"image":{"@id":"https:\/\/www.sonoraenequipo.com.mx\/tiktok-almacenara-datos-de-usuarios-europeos-en-tres-lugares-de-la-ue-hasta-2024\/#primaryimage"},"thumbnailUrl":"https:\/\/www.sonoraenequipo.com.mx\/storage\/2023\/08\/tiktok-min.jpg","datePublished":"2023-08-18T06:29:01+00:00","dateModified":"2023-08-18T17:19:08+00:00","description":"ESTADOS UNIDOS. \u2014 La red social TikTok almacenar\u00e1 los m\u00e1s de 150 millones de datos de sus usuarios europeos en tres puntos de la Uni\u00f3n Europea (UE) hasta En Sonora en Equipo publicamos toda la informaci\u00f3n de Sonora, M\u00e9xico y el Mundo de manera oportuna y busca que la libertad de expresi\u00f3n sea real. Visita nuestro medio informativo publicado desde Hermosillo, Sonora. %","breadcrumb":{"@id":"https:\/\/www.sonoraenequipo.com.mx\/tiktok-almacenara-datos-de-usuarios-europeos-en-tres-lugares-de-la-ue-hasta-2024\/#breadcrumb"},"inLanguage":"es","potentialAction":[{"@type":"ReadAction","target":["https:\/\/www.sonoraenequipo.com.mx\/tiktok-almacenara-datos-de-usuarios-europeos-en-tres-lugares-de-la-ue-hasta-2024\/"]}]},{"@type":"ImageObject","inLanguage":"es","@id":"https:\/\/www.sonoraenequipo.com.mx\/tiktok-almacenara-datos-de-usuarios-europeos-en-tres-lugares-de-la-ue-hasta-2024\/#primaryimage","url":"https:\/\/www.sonoraenequipo.com.mx\/storage\/2023\/08\/tiktok-min.jpg","contentUrl":"https:\/\/www.sonoraenequipo.com.mx\/storage\/2023\/08\/tiktok-min.jpg","width":800,"height":534},{"@type":"BreadcrumbList","@id":"https:\/\/www.sonoraenequipo.com.mx\/tiktok-almacenara-datos-de-usuarios-europeos-en-tres-lugares-de-la-ue-hasta-2024\/#breadcrumb","itemListElement":[{"@type":"ListItem","position":1,"name":"Portada","item":"https:\/\/www.sonoraenequipo.com.mx\/"},{"@type":"ListItem","position":2,"name":"TikTok almacenar\u00e1 datos de usuarios europeos en tres lugares de la UE hasta 2024"}]},{"@type":"WebSite","@id":"https:\/\/www.sonoraenequipo.com.mx\/#website","url":"https:\/\/www.sonoraenequipo.com.mx\/","name":"Sonora en Equipo.","description":"Diario en l\u00ednea con Noticias desde Hermosillo, Sonora","publisher":{"@id":"https:\/\/www.sonoraenequipo.com.mx\/#organization"},"potentialAction":[{"@type":"SearchAction","target":{"@type":"EntryPoint","urlTemplate":"https:\/\/www.sonoraenequipo.com.mx\/?s={search_term_string}"},"query-input":{"@type":"PropertyValueSpecification","valueRequired":true,"valueName":"search_term_string"}}],"inLanguage":"es"},{"@type":"Organization","@id":"https:\/\/www.sonoraenequipo.com.mx\/#organization","name":"Sonoraenequipo.com.mx","url":"https:\/\/www.sonoraenequipo.com.mx\/","logo":{"@type":"ImageObject","inLanguage":"es","@id":"https:\/\/www.sonoraenequipo.com.mx\/#\/schema\/logo\/image\/","url":"https:\/\/www.sonoraenequipo.com.mx\/storage\/2019\/01\/sonoraenequipo_opt.png","contentUrl":"https:\/\/www.sonoraenequipo.com.mx\/storage\/2019\/01\/sonoraenequipo_opt.png","width":375,"height":125,"caption":"Sonoraenequipo.com.mx"},"image":{"@id":"https:\/\/www.sonoraenequipo.com.mx\/#\/schema\/logo\/image\/"},"sameAs":["https:\/\/www.facebook.com\/SonoraEE\/","https:\/\/x.com\/sonoraenequipo","https:\/\/www.youtube.com\/channel\/UC338nW-lPEYmJQs4ZABQ1SQ"]},{"@type":"Person","@id":"https:\/\/www.sonoraenequipo.com.mx\/#\/schema\/person\/50102df0fb23a8fa9e8effad8fa81386","name":"enequipo","image":{"@type":"ImageObject","inLanguage":"es","@id":"https:\/\/www.sonoraenequipo.com.mx\/#\/schema\/person\/image\/","url":"https:\/\/secure.gravatar.com\/avatar\/049821681b589dabc0bc20695993ccebb09f5b5d4d790cd9251b97faac7c652b?s=96&d=blank&r=g","contentUrl":"https:\/\/secure.gravatar.com\/avatar\/049821681b589dabc0bc20695993ccebb09f5b5d4d790cd9251b97faac7c652b?s=96&d=blank&r=g","caption":"enequipo"},"sameAs":["https:\/\/www.facebook.com\/SonoraEE"]}]}},"jetpack_featured_media_url":"https:\/\/www.sonoraenequipo.com.mx\/storage\/2023\/08\/tiktok-min.jpg","_links":{"self":[{"href":"https:\/\/www.sonoraenequipo.com.mx\/api\/wp\/v2\/posts\/172781","targetHints":{"allow":["GET"]}}],"collection":[{"href":"https:\/\/www.sonoraenequipo.com.mx\/api\/wp\/v2\/posts"}],"about":[{"href":"https:\/\/www.sonoraenequipo.com.mx\/api\/wp\/v2\/types\/post"}],"author":[{"embeddable":true,"href":"https:\/\/www.sonoraenequipo.com.mx\/api\/wp\/v2\/users\/1"}],"replies":[{"embeddable":true,"href":"https:\/\/www.sonoraenequipo.com.mx\/api\/wp\/v2\/comments?post=172781"}],"version-history":[{"count":1,"href":"https:\/\/www.sonoraenequipo.com.mx\/api\/wp\/v2\/posts\/172781\/revisions"}],"predecessor-version":[{"id":172783,"href":"https:\/\/www.sonoraenequipo.com.mx\/api\/wp\/v2\/posts\/172781\/revisions\/172783"}],"wp:featuredmedia":[{"embeddable":true,"href":"https:\/\/www.sonoraenequipo.com.mx\/api\/wp\/v2\/media\/172782"}],"wp:attachment":[{"href":"https:\/\/www.sonoraenequipo.com.mx\/api\/wp\/v2\/media?parent=172781"}],"wp:term":[{"taxonomy":"category","embeddable":true,"href":"https:\/\/www.sonoraenequipo.com.mx\/api\/wp\/v2\/categories?post=172781"},{"taxonomy":"post_tag","embeddable":true,"href":"https:\/\/www.sonoraenequipo.com.mx\/api\/wp\/v2\/tags?post=172781"}],"curies":[{"name":"wp","href":"https:\/\/api.w.org\/{rel}","templated":true}]}}