{"id":172819,"date":"2023-08-17T23:52:21","date_gmt":"2023-08-18T06:52:21","guid":{"rendered":"https:\/\/www.sonoraenequipo.com.mx\/?p=172819"},"modified":"2023-08-18T19:08:55","modified_gmt":"2023-08-19T02:08:55","slug":"daniel-noboa-continuara-con-la-caravana-se-pronuncia-despues-de-presenciar-una-balacera","status":"publish","type":"post","link":"https:\/\/www.sonoraenequipo.com.mx\/daniel-noboa-continuara-con-la-caravana-se-pronuncia-despues-de-presenciar-una-balacera\/","title":{"rendered":"Daniel Noboa continuar\u00e1 con la caravana, se pronuncia despu\u00e9s de presenciar una balacera"},"content":{"rendered":"<p><strong>QUITO, ECUADOR. \u2014 L<\/strong>a tarde de este jueves 17 de agosto se report\u00f3 una balacera en el cant\u00f3n Dur\u00e1n, mientras el candidato presidenciable Daniel Noboa cumpl\u00eda con la caravana de cierre de su campa\u00f1a electoral.<\/p>\n<p>&nbsp;<\/p>\n<p>[ Daniel Noboa Azin: <em><strong>\u201cSoy el candidato del empleo que busca dejar un mejor pa\u00eds a las nuevas generaciones\u201d<\/strong><\/em> ]<\/p>\n<p>&nbsp;<\/p>\n<p> El equipo de comunicaci\u00f3n se\u00f1al\u00f3 que el pol\u00edtico sali\u00f3 ileso despu\u00e9s del suceso que puso en alerta a los presentes, m\u00e1s a\u00fan tras lo ocurrido con Fernando Villavicencio la semana pasada. El fundador del Movimiento ADN se pronunci\u00f3 despu\u00e9s de lo acontecido.<\/p>\n<blockquote class=\"twitter-tweet\" data-width=\"550\" data-dnt=\"true\">\n<p lang=\"es\" dir=\"ltr\">Acaban de atentar en Dur\u00e1n contra la caravana en la que nos moviliz\u00e1bamos, gracias a Dios salimos ilesos.<br \/>El amedrentamiento y el miedo no tienen cabida en el pa\u00eds que queremos y por el que estamos comprometidos a cambiar de una vez por todas.<\/p>\n<p>Continuaremos la caravana de cierre\u2026<\/p>\n<p>&mdash; Daniel Noboa Azin (@DanielNoboaOk) <a href=\"https:\/\/twitter.com\/DanielNoboaOk\/status\/1692285062274801838?ref_src=twsrc%5Etfw\">August 17, 2023<\/a><\/p><\/blockquote>\n<p><script async src=\"https:\/\/platform.twitter.com\/widgets.js\" charset=\"utf-8\"><\/script><\/p>\n<p>Contrario a lo expresado por la Polic\u00eda Nacional, donde se descart\u00f3 un atentado, Noboa coment\u00f3 que s\u00ed hubo un acto de este tipo contra la caravana que se movilizaba. A\u00f1adi\u00f3 que el amedrentamiento y miedo no tiene cabida en el pa\u00eds.<\/p>\n<p>&nbsp;<\/p>\n<p><em><strong>\u201cEl amedrentamiento y el miedo no tienen cabida en el pa\u00eds que queremos y por el que estamos comprometidos a cambiar de una vez por todas.<\/strong><\/em><\/p>\n<p>&nbsp;<\/p>\n<p><em><strong>Continuaremos la caravana de cierre hoy en Guayaquil, cuid\u00e1ndonos pero con mucha fe, optimismo y decisi\u00f3n. Gracias por sus mensajes y alentarnos a seguir<\/strong><\/em>\u201d, finaliz\u00f3.<\/p>\n<p>&nbsp;<\/p>\n<p>&nbsp;<\/p>\n<p>&nbsp;<\/p>\n<p>PUBLICADO EL18 AGOSTO DE 2023\/ Con informaci\u00f3n de METRO)<\/p>\n","protected":false},"excerpt":{"rendered":"<p>QUITO, ECUADOR. \u2014 La tarde de este jueves 17 de agosto se report\u00f3 una balacera&#8230;<\/p>\n","protected":false},"author":1,"featured_media":172792,"comment_status":"open","ping_status":"open","sticky":false,"template":"","format":"standard","meta":{"_monsterinsights_skip_tracking":false,"_monsterinsights_sitenote_active":false,"_monsterinsights_sitenote_note":"","_monsterinsights_sitenote_category":0,"footnotes":""},"categories":[3],"tags":[],"class_list":["post"],"yoast_head":" \n<title>Sonora en Equipo. Daniel Noboa continuar\u00e1 con la caravana, se pronuncia despu\u00e9s de presenciar una balacera MUNDO<\/title>\n<meta name=\"description\" content=\"QUITO, ECUADOR. \u2014 La tarde de este jueves 17 de agosto se report\u00f3 una balacera en el cant\u00f3n Dur\u00e1n, mientras el candidato presidenciable Daniel Noboa En Sonora en Equipo publicamos toda la informaci\u00f3n de Sonora, M\u00e9xico y el Mundo de manera oportuna y busca que la libertad de expresi\u00f3n sea real. Visita nuestro medio informativo publicado desde Hermosillo, Sonora. %\" \/>\n<meta name=\"robots\" content=\"index, follow, max-snippet:-1, max-image-preview:large, max-video-preview:-1\" \/>\n<link rel=\"canonical\" href=\"https:\/\/www.sonoraenequipo.com.mx\/daniel-noboa-continuara-con-la-caravana-se-pronuncia-despues-de-presenciar-una-balacera\/\" \/>\n<meta property=\"og:locale\" content=\"es_ES\" \/>\n<meta property=\"og:type\" content=\"article\" \/>\n<meta property=\"og:title\" content=\"Sonora en Equipo. Daniel Noboa continuar\u00e1 con la caravana, se pronuncia despu\u00e9s de presenciar una balacera MUNDO\" \/>\n<meta property=\"og:description\" content=\"QUITO, ECUADOR. \u2014 La tarde de este jueves 17 de agosto se report\u00f3 una balacera en el cant\u00f3n Dur\u00e1n, mientras el candidato presidenciable Daniel Noboa En Sonora en Equipo publicamos toda la informaci\u00f3n de Sonora, M\u00e9xico y el Mundo de manera oportuna y busca que la libertad de expresi\u00f3n sea real. Visita nuestro medio informativo publicado desde Hermosillo, Sonora. %\" \/>\n<meta property=\"og:url\" content=\"https:\/\/www.sonoraenequipo.com.mx\/daniel-noboa-continuara-con-la-caravana-se-pronuncia-despues-de-presenciar-una-balacera\/\" \/>\n<meta property=\"og:site_name\" content=\"Sonora en Equipo.\" \/>\n<meta property=\"article:publisher\" content=\"https:\/\/www.facebook.com\/SonoraEE\/\" \/>\n<meta property=\"article:author\" content=\"https:\/\/www.facebook.com\/SonoraEE\" \/>\n<meta property=\"article:published_time\" content=\"2023-08-18T06:52:21+00:00\" \/>\n<meta property=\"article:modified_time\" content=\"2023-08-19T02:08:55+00:00\" \/>\n<meta property=\"og:image\" content=\"https:\/\/www.sonoraenequipo.com.mx\/storage\/2023\/08\/Daniel-Noboa-un-candidato-a-la-Presidencia-de-Ecuador...-min.jpg\" \/>\n\t<meta property=\"og:image:width\" content=\"900\" \/>\n\t<meta property=\"og:image:height\" content=\"565\" \/>\n\t<meta property=\"og:image:type\" content=\"image\/jpeg\" \/>\n<meta name=\"author\" content=\"enequipo\" \/>\n<meta name=\"twitter:card\" content=\"summary_large_image\" \/>\n<meta name=\"twitter:creator\" content=\"@sonoraenequipo\" \/>\n<meta name=\"twitter:site\" content=\"@sonoraenequipo\" \/>\n<meta name=\"twitter:label1\" content=\"Escrito por\" \/>\n\t<meta name=\"twitter:data1\" content=\"enequipo\" \/>\n\t<meta name=\"twitter:label2\" content=\"Tiempo de lectura\" \/>\n\t<meta name=\"twitter:data2\" content=\"1 minuto\" \/>\n<script type=\"application\/ld+json\" class=\"yoast-schema-graph\">{\"@context\":\"https:\/\/schema.org\",\"@graph\":[{\"@type\":\"Article\",\"@id\":\"https:\/\/www.sonoraenequipo.com.mx\/daniel-noboa-continuara-con-la-caravana-se-pronuncia-despues-de-presenciar-una-balacera\/#article\",\"isPartOf\":{\"@id\":\"https:\/\/www.sonoraenequipo.com.mx\/daniel-noboa-continuara-con-la-caravana-se-pronuncia-despues-de-presenciar-una-balacera\/\"},\"author\":{\"name\":\"enequipo\",\"@id\":\"https:\/\/www.sonoraenequipo.com.mx\/#\/schema\/person\/50102df0fb23a8fa9e8effad8fa81386\"},\"headline\":\"Daniel Noboa continuar\u00e1 con la caravana, se pronuncia despu\u00e9s de presenciar una balacera\",\"datePublished\":\"2023-08-18T06:52:21+00:00\",\"dateModified\":\"2023-08-19T02:08:55+00:00\",\"mainEntityOfPage\":{\"@id\":\"https:\/\/www.sonoraenequipo.com.mx\/daniel-noboa-continuara-con-la-caravana-se-pronuncia-despues-de-presenciar-una-balacera\/\"},\"wordCount\":238,\"commentCount\":0,\"publisher\":{\"@id\":\"https:\/\/www.sonoraenequipo.com.mx\/#organization\"},\"image\":{\"@id\":\"https:\/\/www.sonoraenequipo.com.mx\/daniel-noboa-continuara-con-la-caravana-se-pronuncia-despues-de-presenciar-una-balacera\/#primaryimage\"},\"thumbnailUrl\":\"https:\/\/www.sonoraenequipo.com.mx\/storage\/2023\/08\/Daniel-Noboa-un-candidato-a-la-Presidencia-de-Ecuador...-min.jpg\",\"articleSection\":[\"MUNDO\"],\"inLanguage\":\"es\",\"potentialAction\":[{\"@type\":\"CommentAction\",\"name\":\"Comment\",\"target\":[\"https:\/\/www.sonoraenequipo.com.mx\/daniel-noboa-continuara-con-la-caravana-se-pronuncia-despues-de-presenciar-una-balacera\/#respond\"]}]},{\"@type\":\"WebPage\",\"@id\":\"https:\/\/www.sonoraenequipo.com.mx\/daniel-noboa-continuara-con-la-caravana-se-pronuncia-despues-de-presenciar-una-balacera\/\",\"url\":\"https:\/\/www.sonoraenequipo.com.mx\/daniel-noboa-continuara-con-la-caravana-se-pronuncia-despues-de-presenciar-una-balacera\/\",\"name\":\"Sonora en Equipo. Daniel Noboa continuar\u00e1 con la caravana, se pronuncia despu\u00e9s de presenciar una balacera MUNDO\",\"isPartOf\":{\"@id\":\"https:\/\/www.sonoraenequipo.com.mx\/#website\"},\"primaryImageOfPage\":{\"@id\":\"https:\/\/www.sonoraenequipo.com.mx\/daniel-noboa-continuara-con-la-caravana-se-pronuncia-despues-de-presenciar-una-balacera\/#primaryimage\"},\"image\":{\"@id\":\"https:\/\/www.sonoraenequipo.com.mx\/daniel-noboa-continuara-con-la-caravana-se-pronuncia-despues-de-presenciar-una-balacera\/#primaryimage\"},\"thumbnailUrl\":\"https:\/\/www.sonoraenequipo.com.mx\/storage\/2023\/08\/Daniel-Noboa-un-candidato-a-la-Presidencia-de-Ecuador...-min.jpg\",\"datePublished\":\"2023-08-18T06:52:21+00:00\",\"dateModified\":\"2023-08-19T02:08:55+00:00\",\"description\":\"QUITO, ECUADOR. \u2014 La tarde de este jueves 17 de agosto se report\u00f3 una balacera en el cant\u00f3n Dur\u00e1n, mientras el candidato presidenciable Daniel Noboa En Sonora en Equipo publicamos toda la informaci\u00f3n de Sonora, M\u00e9xico y el Mundo de manera oportuna y busca que la libertad de expresi\u00f3n sea real. Visita nuestro medio informativo publicado desde Hermosillo, Sonora. %\",\"breadcrumb\":{\"@id\":\"https:\/\/www.sonoraenequipo.com.mx\/daniel-noboa-continuara-con-la-caravana-se-pronuncia-despues-de-presenciar-una-balacera\/#breadcrumb\"},\"inLanguage\":\"es\",\"potentialAction\":[{\"@type\":\"ReadAction\",\"target\":[\"https:\/\/www.sonoraenequipo.com.mx\/daniel-noboa-continuara-con-la-caravana-se-pronuncia-despues-de-presenciar-una-balacera\/\"]}]},{\"@type\":\"ImageObject\",\"inLanguage\":\"es\",\"@id\":\"https:\/\/www.sonoraenequipo.com.mx\/daniel-noboa-continuara-con-la-caravana-se-pronuncia-despues-de-presenciar-una-balacera\/#primaryimage\",\"url\":\"https:\/\/www.sonoraenequipo.com.mx\/storage\/2023\/08\/Daniel-Noboa-un-candidato-a-la-Presidencia-de-Ecuador...-min.jpg\",\"contentUrl\":\"https:\/\/www.sonoraenequipo.com.mx\/storage\/2023\/08\/Daniel-Noboa-un-candidato-a-la-Presidencia-de-Ecuador...-min.jpg\",\"width\":900,\"height\":565},{\"@type\":\"BreadcrumbList\",\"@id\":\"https:\/\/www.sonoraenequipo.com.mx\/daniel-noboa-continuara-con-la-caravana-se-pronuncia-despues-de-presenciar-una-balacera\/#breadcrumb\",\"itemListElement\":[{\"@type\":\"ListItem\",\"position\":1,\"name\":\"Portada\",\"item\":\"https:\/\/www.sonoraenequipo.com.mx\/\"},{\"@type\":\"ListItem\",\"position\":2,\"name\":\"Daniel Noboa continuar\u00e1 con la caravana, se pronuncia despu\u00e9s de presenciar una balacera\"}]},{\"@type\":\"WebSite\",\"@id\":\"https:\/\/www.sonoraenequipo.com.mx\/#website\",\"url\":\"https:\/\/www.sonoraenequipo.com.mx\/\",\"name\":\"Sonora en Equipo.\",\"description\":\"Diario en l\u00ednea con Noticias desde Hermosillo, Sonora\",\"publisher\":{\"@id\":\"https:\/\/www.sonoraenequipo.com.mx\/#organization\"},\"potentialAction\":[{\"@type\":\"SearchAction\",\"target\":{\"@type\":\"EntryPoint\",\"urlTemplate\":\"https:\/\/www.sonoraenequipo.com.mx\/?s={search_term_string}\"},\"query-input\":{\"@type\":\"PropertyValueSpecification\",\"valueRequired\":true,\"valueName\":\"search_term_string\"}}],\"inLanguage\":\"es\"},{\"@type\":\"Organization\",\"@id\":\"https:\/\/www.sonoraenequipo.com.mx\/#organization\",\"name\":\"Sonoraenequipo.com.mx\",\"url\":\"https:\/\/www.sonoraenequipo.com.mx\/\",\"logo\":{\"@type\":\"ImageObject\",\"inLanguage\":\"es\",\"@id\":\"https:\/\/www.sonoraenequipo.com.mx\/#\/schema\/logo\/image\/\",\"url\":\"https:\/\/www.sonoraenequipo.com.mx\/storage\/2019\/01\/sonoraenequipo_opt.png\",\"contentUrl\":\"https:\/\/www.sonoraenequipo.com.mx\/storage\/2019\/01\/sonoraenequipo_opt.png\",\"width\":375,\"height\":125,\"caption\":\"Sonoraenequipo.com.mx\"},\"image\":{\"@id\":\"https:\/\/www.sonoraenequipo.com.mx\/#\/schema\/logo\/image\/\"},\"sameAs\":[\"https:\/\/www.facebook.com\/SonoraEE\/\",\"https:\/\/x.com\/sonoraenequipo\",\"https:\/\/www.youtube.com\/channel\/UC338nW-lPEYmJQs4ZABQ1SQ\"]},{\"@type\":\"Person\",\"@id\":\"https:\/\/www.sonoraenequipo.com.mx\/#\/schema\/person\/50102df0fb23a8fa9e8effad8fa81386\",\"name\":\"enequipo\",\"image\":{\"@type\":\"ImageObject\",\"inLanguage\":\"es\",\"@id\":\"https:\/\/www.sonoraenequipo.com.mx\/#\/schema\/person\/image\/\",\"url\":\"https:\/\/secure.gravatar.com\/avatar\/049821681b589dabc0bc20695993ccebb09f5b5d4d790cd9251b97faac7c652b?s=96&d=blank&r=g\",\"contentUrl\":\"https:\/\/secure.gravatar.com\/avatar\/049821681b589dabc0bc20695993ccebb09f5b5d4d790cd9251b97faac7c652b?s=96&d=blank&r=g\",\"caption\":\"enequipo\"},\"sameAs\":[\"https:\/\/www.facebook.com\/SonoraEE\"]}]}<\/script>\n ","yoast_head_json":{"title":"Sonora en Equipo. Daniel Noboa continuar\u00e1 con la caravana, se pronuncia despu\u00e9s de presenciar una balacera MUNDO","description":"QUITO, ECUADOR. \u2014 La tarde de este jueves 17 de agosto se report\u00f3 una balacera en el cant\u00f3n Dur\u00e1n, mientras el candidato presidenciable Daniel Noboa En Sonora en Equipo publicamos toda la informaci\u00f3n de Sonora, M\u00e9xico y el Mundo de manera oportuna y busca que la libertad de expresi\u00f3n sea real. Visita nuestro medio informativo publicado desde Hermosillo, Sonora. %","robots":{"index":"index","follow":"follow","max-snippet":"max-snippet:-1","max-image-preview":"max-image-preview:large","max-video-preview":"max-video-preview:-1"},"canonical":"https:\/\/www.sonoraenequipo.com.mx\/daniel-noboa-continuara-con-la-caravana-se-pronuncia-despues-de-presenciar-una-balacera\/","og_locale":"es_ES","og_type":"article","og_title":"Sonora en Equipo. Daniel Noboa continuar\u00e1 con la caravana, se pronuncia despu\u00e9s de presenciar una balacera MUNDO","og_description":"QUITO, ECUADOR. \u2014 La tarde de este jueves 17 de agosto se report\u00f3 una balacera en el cant\u00f3n Dur\u00e1n, mientras el candidato presidenciable Daniel Noboa En Sonora en Equipo publicamos toda la informaci\u00f3n de Sonora, M\u00e9xico y el Mundo de manera oportuna y busca que la libertad de expresi\u00f3n sea real. Visita nuestro medio informativo publicado desde Hermosillo, Sonora. %","og_url":"https:\/\/www.sonoraenequipo.com.mx\/daniel-noboa-continuara-con-la-caravana-se-pronuncia-despues-de-presenciar-una-balacera\/","og_site_name":"Sonora en Equipo.","article_publisher":"https:\/\/www.facebook.com\/SonoraEE\/","article_author":"https:\/\/www.facebook.com\/SonoraEE","article_published_time":"2023-08-18T06:52:21+00:00","article_modified_time":"2023-08-19T02:08:55+00:00","og_image":[{"width":900,"height":565,"url":"https:\/\/www.sonoraenequipo.com.mx\/storage\/2023\/08\/Daniel-Noboa-un-candidato-a-la-Presidencia-de-Ecuador...-min.jpg","type":"image\/jpeg"}],"author":"enequipo","twitter_card":"summary_large_image","twitter_creator":"@sonoraenequipo","twitter_site":"@sonoraenequipo","twitter_misc":{"Escrito por":"enequipo","Tiempo de lectura":"1 minuto"},"schema":{"@context":"https:\/\/schema.org","@graph":[{"@type":"Article","@id":"https:\/\/www.sonoraenequipo.com.mx\/daniel-noboa-continuara-con-la-caravana-se-pronuncia-despues-de-presenciar-una-balacera\/#article","isPartOf":{"@id":"https:\/\/www.sonoraenequipo.com.mx\/daniel-noboa-continuara-con-la-caravana-se-pronuncia-despues-de-presenciar-una-balacera\/"},"author":{"name":"enequipo","@id":"https:\/\/www.sonoraenequipo.com.mx\/#\/schema\/person\/50102df0fb23a8fa9e8effad8fa81386"},"headline":"Daniel Noboa continuar\u00e1 con la caravana, se pronuncia despu\u00e9s de presenciar una balacera","datePublished":"2023-08-18T06:52:21+00:00","dateModified":"2023-08-19T02:08:55+00:00","mainEntityOfPage":{"@id":"https:\/\/www.sonoraenequipo.com.mx\/daniel-noboa-continuara-con-la-caravana-se-pronuncia-despues-de-presenciar-una-balacera\/"},"wordCount":238,"commentCount":0,"publisher":{"@id":"https:\/\/www.sonoraenequipo.com.mx\/#organization"},"image":{"@id":"https:\/\/www.sonoraenequipo.com.mx\/daniel-noboa-continuara-con-la-caravana-se-pronuncia-despues-de-presenciar-una-balacera\/#primaryimage"},"thumbnailUrl":"https:\/\/www.sonoraenequipo.com.mx\/storage\/2023\/08\/Daniel-Noboa-un-candidato-a-la-Presidencia-de-Ecuador...-min.jpg","articleSection":["MUNDO"],"inLanguage":"es","potentialAction":[{"@type":"CommentAction","name":"Comment","target":["https:\/\/www.sonoraenequipo.com.mx\/daniel-noboa-continuara-con-la-caravana-se-pronuncia-despues-de-presenciar-una-balacera\/#respond"]}]},{"@type":"WebPage","@id":"https:\/\/www.sonoraenequipo.com.mx\/daniel-noboa-continuara-con-la-caravana-se-pronuncia-despues-de-presenciar-una-balacera\/","url":"https:\/\/www.sonoraenequipo.com.mx\/daniel-noboa-continuara-con-la-caravana-se-pronuncia-despues-de-presenciar-una-balacera\/","name":"Sonora en Equipo. Daniel Noboa continuar\u00e1 con la caravana, se pronuncia despu\u00e9s de presenciar una balacera MUNDO","isPartOf":{"@id":"https:\/\/www.sonoraenequipo.com.mx\/#website"},"primaryImageOfPage":{"@id":"https:\/\/www.sonoraenequipo.com.mx\/daniel-noboa-continuara-con-la-caravana-se-pronuncia-despues-de-presenciar-una-balacera\/#primaryimage"},"image":{"@id":"https:\/\/www.sonoraenequipo.com.mx\/daniel-noboa-continuara-con-la-caravana-se-pronuncia-despues-de-presenciar-una-balacera\/#primaryimage"},"thumbnailUrl":"https:\/\/www.sonoraenequipo.com.mx\/storage\/2023\/08\/Daniel-Noboa-un-candidato-a-la-Presidencia-de-Ecuador...-min.jpg","datePublished":"2023-08-18T06:52:21+00:00","dateModified":"2023-08-19T02:08:55+00:00","description":"QUITO, ECUADOR. \u2014 La tarde de este jueves 17 de agosto se report\u00f3 una balacera en el cant\u00f3n Dur\u00e1n, mientras el candidato presidenciable Daniel Noboa En Sonora en Equipo publicamos toda la informaci\u00f3n de Sonora, M\u00e9xico y el Mundo de manera oportuna y busca que la libertad de expresi\u00f3n sea real. Visita nuestro medio informativo publicado desde Hermosillo, Sonora. %","breadcrumb":{"@id":"https:\/\/www.sonoraenequipo.com.mx\/daniel-noboa-continuara-con-la-caravana-se-pronuncia-despues-de-presenciar-una-balacera\/#breadcrumb"},"inLanguage":"es","potentialAction":[{"@type":"ReadAction","target":["https:\/\/www.sonoraenequipo.com.mx\/daniel-noboa-continuara-con-la-caravana-se-pronuncia-despues-de-presenciar-una-balacera\/"]}]},{"@type":"ImageObject","inLanguage":"es","@id":"https:\/\/www.sonoraenequipo.com.mx\/daniel-noboa-continuara-con-la-caravana-se-pronuncia-despues-de-presenciar-una-balacera\/#primaryimage","url":"https:\/\/www.sonoraenequipo.com.mx\/storage\/2023\/08\/Daniel-Noboa-un-candidato-a-la-Presidencia-de-Ecuador...-min.jpg","contentUrl":"https:\/\/www.sonoraenequipo.com.mx\/storage\/2023\/08\/Daniel-Noboa-un-candidato-a-la-Presidencia-de-Ecuador...-min.jpg","width":900,"height":565},{"@type":"BreadcrumbList","@id":"https:\/\/www.sonoraenequipo.com.mx\/daniel-noboa-continuara-con-la-caravana-se-pronuncia-despues-de-presenciar-una-balacera\/#breadcrumb","itemListElement":[{"@type":"ListItem","position":1,"name":"Portada","item":"https:\/\/www.sonoraenequipo.com.mx\/"},{"@type":"ListItem","position":2,"name":"Daniel Noboa continuar\u00e1 con la caravana, se pronuncia despu\u00e9s de presenciar una balacera"}]},{"@type":"WebSite","@id":"https:\/\/www.sonoraenequipo.com.mx\/#website","url":"https:\/\/www.sonoraenequipo.com.mx\/","name":"Sonora en Equipo.","description":"Diario en l\u00ednea con Noticias desde Hermosillo, Sonora","publisher":{"@id":"https:\/\/www.sonoraenequipo.com.mx\/#organization"},"potentialAction":[{"@type":"SearchAction","target":{"@type":"EntryPoint","urlTemplate":"https:\/\/www.sonoraenequipo.com.mx\/?s={search_term_string}"},"query-input":{"@type":"PropertyValueSpecification","valueRequired":true,"valueName":"search_term_string"}}],"inLanguage":"es"},{"@type":"Organization","@id":"https:\/\/www.sonoraenequipo.com.mx\/#organization","name":"Sonoraenequipo.com.mx","url":"https:\/\/www.sonoraenequipo.com.mx\/","logo":{"@type":"ImageObject","inLanguage":"es","@id":"https:\/\/www.sonoraenequipo.com.mx\/#\/schema\/logo\/image\/","url":"https:\/\/www.sonoraenequipo.com.mx\/storage\/2019\/01\/sonoraenequipo_opt.png","contentUrl":"https:\/\/www.sonoraenequipo.com.mx\/storage\/2019\/01\/sonoraenequipo_opt.png","width":375,"height":125,"caption":"Sonoraenequipo.com.mx"},"image":{"@id":"https:\/\/www.sonoraenequipo.com.mx\/#\/schema\/logo\/image\/"},"sameAs":["https:\/\/www.facebook.com\/SonoraEE\/","https:\/\/x.com\/sonoraenequipo","https:\/\/www.youtube.com\/channel\/UC338nW-lPEYmJQs4ZABQ1SQ"]},{"@type":"Person","@id":"https:\/\/www.sonoraenequipo.com.mx\/#\/schema\/person\/50102df0fb23a8fa9e8effad8fa81386","name":"enequipo","image":{"@type":"ImageObject","inLanguage":"es","@id":"https:\/\/www.sonoraenequipo.com.mx\/#\/schema\/person\/image\/","url":"https:\/\/secure.gravatar.com\/avatar\/049821681b589dabc0bc20695993ccebb09f5b5d4d790cd9251b97faac7c652b?s=96&d=blank&r=g","contentUrl":"https:\/\/secure.gravatar.com\/avatar\/049821681b589dabc0bc20695993ccebb09f5b5d4d790cd9251b97faac7c652b?s=96&d=blank&r=g","caption":"enequipo"},"sameAs":["https:\/\/www.facebook.com\/SonoraEE"]}]}},"jetpack_featured_media_url":"https:\/\/www.sonoraenequipo.com.mx\/storage\/2023\/08\/Daniel-Noboa-un-candidato-a-la-Presidencia-de-Ecuador...-min.jpg","_links":{"self":[{"href":"https:\/\/www.sonoraenequipo.com.mx\/api\/wp\/v2\/posts\/172819","targetHints":{"allow":["GET"]}}],"collection":[{"href":"https:\/\/www.sonoraenequipo.com.mx\/api\/wp\/v2\/posts"}],"about":[{"href":"https:\/\/www.sonoraenequipo.com.mx\/api\/wp\/v2\/types\/post"}],"author":[{"embeddable":true,"href":"https:\/\/www.sonoraenequipo.com.mx\/api\/wp\/v2\/users\/1"}],"replies":[{"embeddable":true,"href":"https:\/\/www.sonoraenequipo.com.mx\/api\/wp\/v2\/comments?post=172819"}],"version-history":[{"count":1,"href":"https:\/\/www.sonoraenequipo.com.mx\/api\/wp\/v2\/posts\/172819\/revisions"}],"predecessor-version":[{"id":172820,"href":"https:\/\/www.sonoraenequipo.com.mx\/api\/wp\/v2\/posts\/172819\/revisions\/172820"}],"wp:featuredmedia":[{"embeddable":true,"href":"https:\/\/www.sonoraenequipo.com.mx\/api\/wp\/v2\/media\/172792"}],"wp:attachment":[{"href":"https:\/\/www.sonoraenequipo.com.mx\/api\/wp\/v2\/media?parent=172819"}],"wp:term":[{"taxonomy":"category","embeddable":true,"href":"https:\/\/www.sonoraenequipo.com.mx\/api\/wp\/v2\/categories?post=172819"},{"taxonomy":"post_tag","embeddable":true,"href":"https:\/\/www.sonoraenequipo.com.mx\/api\/wp\/v2\/tags?post=172819"}],"curies":[{"name":"wp","href":"https:\/\/api.w.org\/{rel}","templated":true}]}}