{"id":172821,"date":"2023-08-18T09:11:08","date_gmt":"2023-08-18T16:11:08","guid":{"rendered":"https:\/\/www.sonoraenequipo.com.mx\/?p=172821"},"modified":"2023-08-18T19:19:36","modified_gmt":"2023-08-19T02:19:36","slug":"el-pueblo-es-el-motor-del-cambio-afirma-presidente-principios-de-la-4t-fortalecen-economia-del-pais","status":"publish","type":"post","link":"https:\/\/www.sonoraenequipo.com.mx\/el-pueblo-es-el-motor-del-cambio-afirma-presidente-principios-de-la-4t-fortalecen-economia-del-pais\/","title":{"rendered":"El pueblo es el motor del cambio, afirma presidente"},"content":{"rendered":"<p><strong>CIUDAD DE M\u00c9XICO. MX. \u2014<\/strong> El presidente Andr\u00e9s Manuel L\u00f3pez Obrador afirm\u00f3 que el motor de la Cuarta Transformaci\u00f3n es el pueblo; se trata, dijo, de un movimiento pac\u00edfico que se construye entre todas y todos, desde abajo, a trav\u00e9s de la revoluci\u00f3n de las conciencias y con base en principios.<\/p>\n<p>&nbsp;<\/p>\n<p> <br \/>\n<strong><em>\u201cEl motor del cambio es el pueblo. (\u2026) Aqu\u00ed lo importante en M\u00e9xico es que son millones de mexicanos los que han tomado conciencia, entonces no depende de un hombre ni de un grupo ni de una vanguardia, estamos hablando de millones de ciudadanos, de personas; es un fen\u00f3meno\u201d,<\/em> <\/strong>remarc\u00f3.<\/p>\n<p>&nbsp;<\/p>\n<p>&nbsp;<\/p>\n<p>En conferencia de prensa matutina enfatiz\u00f3 en la importancia de fortalecer los ideales porque, de lo contrario, <strong><em>\u201cse cae en el pragmatismo, en la lucha del poder por el poder, en el \u2018qu\u00edtate t\u00fa porque quiero yo\u2019 y aqu\u00ed hay que poner siempre por delante los ideales, las causas del pueblo, las causas de la naci\u00f3n\u201d.<\/em><\/strong><\/p>\n<p>&nbsp;<\/p>\n<p>El mandatario reiter\u00f3 que el principal objetivo de cualquier gobierno progresista en el mundo es lograr la felicidad de la poblaci\u00f3n a partir de la atenci\u00f3n y la justicia social.<\/p>\n<p>&nbsp;<\/p>\n<p>&nbsp;<\/p>\n<p><em><strong>\u201c\u00bfPor qu\u00e9 somos de izquierda? Porque estamos a favor de los despose\u00eddos, estamos a favor de los pobres, eso es ser de izquierda; ser de izquierda es estar a favor de la justicia, ser honesto y ser dem\u00f3crata. Pero, adem\u00e1s de que uno se siente muy bien porque se est\u00e1 llevando a la pr\u00e1ctica el principio del amor al pr\u00f3jimo y se est\u00e1 ayudando a los m\u00e1s necesitados. Adem\u00e1s de eso, no hay pierde porque la gente siempre reconoce, siempre apoya y es lo que permite seguir avanzando y transformar\u201d<\/strong><\/em>, argument\u00f3.<\/p>\n<p>&nbsp;<\/p>\n<p>Sostuvo que est\u00e1 a favor del cambio y de la justicia social, en contraste con el bloque conservador de derecha.<\/p>\n<p>&nbsp;<\/p>\n<p><em><strong>\u201cNo est\u00e9n esperando los pueblos que con gobiernos de derecha se van a beneficiar los de abajo, los pobres, los despose\u00eddos, los humillados; no. La derecha no piensa en el sufrimiento de la gente, no le importa el pueblo; la derecha gobierna para una minor\u00eda siempre\u201d,<\/strong> <\/em>asever\u00f3.<\/p>\n<p>&nbsp;<\/p>\n<p>La econom\u00eda moral y el humanismo mexicano, fundamentos del Gobierno de la Cuarta Transformaci\u00f3n, lograron la disminuci\u00f3n hist\u00f3rica de la pobreza y la desigualdad, lo que abona a la estabilidad econ\u00f3mica del pa\u00eds.<\/p>\n<p>&nbsp;<\/p>\n<p><em><strong>\u201cEstoy muy contento porque en d\u00e9cadas no se hab\u00eda disminuido la pobreza como ahora, pero, sobre todo, en d\u00e9cadas no se hab\u00eda logrado reducir la desigualdad como ahora. (\u2026) Nos funcion\u00f3 la f\u00f3rmula de no permitir la corrupci\u00f3n ni los lujos en el gobierno y que todo lo que se ahorra se le dedica, se le destina al pueblo y por eso est\u00e1 fuerte la econom\u00eda\u201d,<\/strong><\/em> subray\u00f3.<\/p>\n<p>&nbsp;<\/p>\n<p>El presidente resalt\u00f3 otros factores positivos para el crecimiento y la distribuci\u00f3n justa de la riqueza, como la eficiente recaudaci\u00f3n, la generaci\u00f3n de empleos que est\u00e1 a punto de llegar a los 22 millones de trabajadores inscritos ante el Instituto Mexicano del Seguro Social (IMSS) y que en el primer semestre del a\u00f1o M\u00e9xico fue el primer socio comercial de Estados Unidos. Adicionalmente, el peso mexicano es la moneda m\u00e1s apreciada en el mundo con relaci\u00f3n al d\u00f3lar.<\/p>\n<p>&nbsp;<\/p>\n<p><em><strong>\u201cVamos bien y lo que m\u00e1s satisfacci\u00f3n me causa: que se est\u00e9 disminuyendo la pobreza y la desigualdad\u201d,<\/strong><\/em> apunt\u00f3.<\/p>\n<p>&nbsp;<\/p>\n<p>&nbsp;<\/p>\n<p>PUBLICADO EL18 AGOSTO DE 2023\/ Con informaci\u00f3n de Conferencia matutina presidencial)<\/p>\n","protected":false},"excerpt":{"rendered":"<p>CIUDAD DE M\u00c9XICO. MX. \u2014 El presidente Andr\u00e9s Manuel L\u00f3pez Obrador afirm\u00f3 que el motor&#8230;<\/p>\n","protected":false},"author":1,"featured_media":172822,"comment_status":"open","ping_status":"open","sticky":false,"template":"","format":"standard","meta":{"_monsterinsights_skip_tracking":false,"_monsterinsights_sitenote_active":false,"_monsterinsights_sitenote_note":"","_monsterinsights_sitenote_category":0,"footnotes":""},"categories":[5],"tags":[],"class_list":["post"],"yoast_head":" \n<title>Sonora en Equipo. El pueblo es el motor del cambio, afirma presidente Rep\u00fablica<\/title>\n<meta name=\"description\" content=\"CIUDAD DE M\u00c9XICO. MX. \u2014 El presidente Andr\u00e9s Manuel L\u00f3pez Obrador afirm\u00f3 que el motor de la Cuarta Transformaci\u00f3n es el pueblo; se trata, dijo, de un En Sonora en Equipo publicamos toda la informaci\u00f3n de Sonora, M\u00e9xico y el Mundo de manera oportuna y busca que la libertad de expresi\u00f3n sea real. Visita nuestro medio informativo publicado desde Hermosillo, Sonora. %\" \/>\n<meta name=\"robots\" content=\"index, follow, max-snippet:-1, max-image-preview:large, max-video-preview:-1\" \/>\n<link rel=\"canonical\" href=\"https:\/\/www.sonoraenequipo.com.mx\/el-pueblo-es-el-motor-del-cambio-afirma-presidente-principios-de-la-4t-fortalecen-economia-del-pais\/\" \/>\n<meta property=\"og:locale\" content=\"es_ES\" \/>\n<meta property=\"og:type\" content=\"article\" \/>\n<meta property=\"og:title\" content=\"Sonora en Equipo. El pueblo es el motor del cambio, afirma presidente Rep\u00fablica\" \/>\n<meta property=\"og:description\" content=\"CIUDAD DE M\u00c9XICO. MX. \u2014 El presidente Andr\u00e9s Manuel L\u00f3pez Obrador afirm\u00f3 que el motor de la Cuarta Transformaci\u00f3n es el pueblo; se trata, dijo, de un En Sonora en Equipo publicamos toda la informaci\u00f3n de Sonora, M\u00e9xico y el Mundo de manera oportuna y busca que la libertad de expresi\u00f3n sea real. Visita nuestro medio informativo publicado desde Hermosillo, Sonora. %\" \/>\n<meta property=\"og:url\" content=\"https:\/\/www.sonoraenequipo.com.mx\/el-pueblo-es-el-motor-del-cambio-afirma-presidente-principios-de-la-4t-fortalecen-economia-del-pais\/\" \/>\n<meta property=\"og:site_name\" content=\"Sonora en Equipo.\" \/>\n<meta property=\"article:publisher\" content=\"https:\/\/www.facebook.com\/SonoraEE\/\" \/>\n<meta property=\"article:author\" content=\"https:\/\/www.facebook.com\/SonoraEE\" \/>\n<meta property=\"article:published_time\" content=\"2023-08-18T16:11:08+00:00\" \/>\n<meta property=\"article:modified_time\" content=\"2023-08-19T02:19:36+00:00\" \/>\n<meta property=\"og:image\" content=\"https:\/\/www.sonoraenequipo.com.mx\/storage\/2023\/08\/2023-08-17-Conferencia-de-prensa-matutina-Palacio-Nacional-Foto-01-min.jpg\" \/>\n\t<meta property=\"og:image:width\" content=\"1502\" \/>\n\t<meta property=\"og:image:height\" content=\"1000\" \/>\n\t<meta property=\"og:image:type\" content=\"image\/jpeg\" \/>\n<meta name=\"author\" content=\"enequipo\" \/>\n<meta name=\"twitter:card\" content=\"summary_large_image\" \/>\n<meta name=\"twitter:creator\" content=\"@sonoraenequipo\" \/>\n<meta name=\"twitter:site\" content=\"@sonoraenequipo\" \/>\n<meta name=\"twitter:label1\" content=\"Escrito por\" \/>\n\t<meta name=\"twitter:data1\" content=\"enequipo\" \/>\n\t<meta name=\"twitter:label2\" content=\"Tiempo de lectura\" \/>\n\t<meta name=\"twitter:data2\" content=\"3 minutos\" \/>\n<script type=\"application\/ld+json\" class=\"yoast-schema-graph\">{\"@context\":\"https:\/\/schema.org\",\"@graph\":[{\"@type\":\"Article\",\"@id\":\"https:\/\/www.sonoraenequipo.com.mx\/el-pueblo-es-el-motor-del-cambio-afirma-presidente-principios-de-la-4t-fortalecen-economia-del-pais\/#article\",\"isPartOf\":{\"@id\":\"https:\/\/www.sonoraenequipo.com.mx\/el-pueblo-es-el-motor-del-cambio-afirma-presidente-principios-de-la-4t-fortalecen-economia-del-pais\/\"},\"author\":{\"name\":\"enequipo\",\"@id\":\"https:\/\/www.sonoraenequipo.com.mx\/#\/schema\/person\/50102df0fb23a8fa9e8effad8fa81386\"},\"headline\":\"El pueblo es el motor del cambio, afirma presidente\",\"datePublished\":\"2023-08-18T16:11:08+00:00\",\"dateModified\":\"2023-08-19T02:19:36+00:00\",\"mainEntityOfPage\":{\"@id\":\"https:\/\/www.sonoraenequipo.com.mx\/el-pueblo-es-el-motor-del-cambio-afirma-presidente-principios-de-la-4t-fortalecen-economia-del-pais\/\"},\"wordCount\":618,\"commentCount\":0,\"publisher\":{\"@id\":\"https:\/\/www.sonoraenequipo.com.mx\/#organization\"},\"image\":{\"@id\":\"https:\/\/www.sonoraenequipo.com.mx\/el-pueblo-es-el-motor-del-cambio-afirma-presidente-principios-de-la-4t-fortalecen-economia-del-pais\/#primaryimage\"},\"thumbnailUrl\":\"https:\/\/www.sonoraenequipo.com.mx\/storage\/2023\/08\/2023-08-17-Conferencia-de-prensa-matutina-Palacio-Nacional-Foto-01-min.jpg\",\"articleSection\":[\"Rep\u00fablica\"],\"inLanguage\":\"es\",\"potentialAction\":[{\"@type\":\"CommentAction\",\"name\":\"Comment\",\"target\":[\"https:\/\/www.sonoraenequipo.com.mx\/el-pueblo-es-el-motor-del-cambio-afirma-presidente-principios-de-la-4t-fortalecen-economia-del-pais\/#respond\"]}]},{\"@type\":\"WebPage\",\"@id\":\"https:\/\/www.sonoraenequipo.com.mx\/el-pueblo-es-el-motor-del-cambio-afirma-presidente-principios-de-la-4t-fortalecen-economia-del-pais\/\",\"url\":\"https:\/\/www.sonoraenequipo.com.mx\/el-pueblo-es-el-motor-del-cambio-afirma-presidente-principios-de-la-4t-fortalecen-economia-del-pais\/\",\"name\":\"Sonora en Equipo. El pueblo es el motor del cambio, afirma presidente Rep\u00fablica\",\"isPartOf\":{\"@id\":\"https:\/\/www.sonoraenequipo.com.mx\/#website\"},\"primaryImageOfPage\":{\"@id\":\"https:\/\/www.sonoraenequipo.com.mx\/el-pueblo-es-el-motor-del-cambio-afirma-presidente-principios-de-la-4t-fortalecen-economia-del-pais\/#primaryimage\"},\"image\":{\"@id\":\"https:\/\/www.sonoraenequipo.com.mx\/el-pueblo-es-el-motor-del-cambio-afirma-presidente-principios-de-la-4t-fortalecen-economia-del-pais\/#primaryimage\"},\"thumbnailUrl\":\"https:\/\/www.sonoraenequipo.com.mx\/storage\/2023\/08\/2023-08-17-Conferencia-de-prensa-matutina-Palacio-Nacional-Foto-01-min.jpg\",\"datePublished\":\"2023-08-18T16:11:08+00:00\",\"dateModified\":\"2023-08-19T02:19:36+00:00\",\"description\":\"CIUDAD DE M\u00c9XICO. MX. \u2014 El presidente Andr\u00e9s Manuel L\u00f3pez Obrador afirm\u00f3 que el motor de la Cuarta Transformaci\u00f3n es el pueblo; se trata, dijo, de un En Sonora en Equipo publicamos toda la informaci\u00f3n de Sonora, M\u00e9xico y el Mundo de manera oportuna y busca que la libertad de expresi\u00f3n sea real. Visita nuestro medio informativo publicado desde Hermosillo, Sonora. %\",\"breadcrumb\":{\"@id\":\"https:\/\/www.sonoraenequipo.com.mx\/el-pueblo-es-el-motor-del-cambio-afirma-presidente-principios-de-la-4t-fortalecen-economia-del-pais\/#breadcrumb\"},\"inLanguage\":\"es\",\"potentialAction\":[{\"@type\":\"ReadAction\",\"target\":[\"https:\/\/www.sonoraenequipo.com.mx\/el-pueblo-es-el-motor-del-cambio-afirma-presidente-principios-de-la-4t-fortalecen-economia-del-pais\/\"]}]},{\"@type\":\"ImageObject\",\"inLanguage\":\"es\",\"@id\":\"https:\/\/www.sonoraenequipo.com.mx\/el-pueblo-es-el-motor-del-cambio-afirma-presidente-principios-de-la-4t-fortalecen-economia-del-pais\/#primaryimage\",\"url\":\"https:\/\/www.sonoraenequipo.com.mx\/storage\/2023\/08\/2023-08-17-Conferencia-de-prensa-matutina-Palacio-Nacional-Foto-01-min.jpg\",\"contentUrl\":\"https:\/\/www.sonoraenequipo.com.mx\/storage\/2023\/08\/2023-08-17-Conferencia-de-prensa-matutina-Palacio-Nacional-Foto-01-min.jpg\",\"width\":1502,\"height\":1000},{\"@type\":\"BreadcrumbList\",\"@id\":\"https:\/\/www.sonoraenequipo.com.mx\/el-pueblo-es-el-motor-del-cambio-afirma-presidente-principios-de-la-4t-fortalecen-economia-del-pais\/#breadcrumb\",\"itemListElement\":[{\"@type\":\"ListItem\",\"position\":1,\"name\":\"Portada\",\"item\":\"https:\/\/www.sonoraenequipo.com.mx\/\"},{\"@type\":\"ListItem\",\"position\":2,\"name\":\"El pueblo es el motor del cambio, afirma presidente\"}]},{\"@type\":\"WebSite\",\"@id\":\"https:\/\/www.sonoraenequipo.com.mx\/#website\",\"url\":\"https:\/\/www.sonoraenequipo.com.mx\/\",\"name\":\"Sonora en Equipo.\",\"description\":\"Diario en l\u00ednea con Noticias desde Hermosillo, Sonora\",\"publisher\":{\"@id\":\"https:\/\/www.sonoraenequipo.com.mx\/#organization\"},\"potentialAction\":[{\"@type\":\"SearchAction\",\"target\":{\"@type\":\"EntryPoint\",\"urlTemplate\":\"https:\/\/www.sonoraenequipo.com.mx\/?s={search_term_string}\"},\"query-input\":{\"@type\":\"PropertyValueSpecification\",\"valueRequired\":true,\"valueName\":\"search_term_string\"}}],\"inLanguage\":\"es\"},{\"@type\":\"Organization\",\"@id\":\"https:\/\/www.sonoraenequipo.com.mx\/#organization\",\"name\":\"Sonoraenequipo.com.mx\",\"url\":\"https:\/\/www.sonoraenequipo.com.mx\/\",\"logo\":{\"@type\":\"ImageObject\",\"inLanguage\":\"es\",\"@id\":\"https:\/\/www.sonoraenequipo.com.mx\/#\/schema\/logo\/image\/\",\"url\":\"https:\/\/www.sonoraenequipo.com.mx\/storage\/2019\/01\/sonoraenequipo_opt.png\",\"contentUrl\":\"https:\/\/www.sonoraenequipo.com.mx\/storage\/2019\/01\/sonoraenequipo_opt.png\",\"width\":375,\"height\":125,\"caption\":\"Sonoraenequipo.com.mx\"},\"image\":{\"@id\":\"https:\/\/www.sonoraenequipo.com.mx\/#\/schema\/logo\/image\/\"},\"sameAs\":[\"https:\/\/www.facebook.com\/SonoraEE\/\",\"https:\/\/x.com\/sonoraenequipo\",\"https:\/\/www.youtube.com\/channel\/UC338nW-lPEYmJQs4ZABQ1SQ\"]},{\"@type\":\"Person\",\"@id\":\"https:\/\/www.sonoraenequipo.com.mx\/#\/schema\/person\/50102df0fb23a8fa9e8effad8fa81386\",\"name\":\"enequipo\",\"image\":{\"@type\":\"ImageObject\",\"inLanguage\":\"es\",\"@id\":\"https:\/\/www.sonoraenequipo.com.mx\/#\/schema\/person\/image\/\",\"url\":\"https:\/\/secure.gravatar.com\/avatar\/049821681b589dabc0bc20695993ccebb09f5b5d4d790cd9251b97faac7c652b?s=96&d=blank&r=g\",\"contentUrl\":\"https:\/\/secure.gravatar.com\/avatar\/049821681b589dabc0bc20695993ccebb09f5b5d4d790cd9251b97faac7c652b?s=96&d=blank&r=g\",\"caption\":\"enequipo\"},\"sameAs\":[\"https:\/\/www.facebook.com\/SonoraEE\"]}]}<\/script>\n ","yoast_head_json":{"title":"Sonora en Equipo. El pueblo es el motor del cambio, afirma presidente Rep\u00fablica","description":"CIUDAD DE M\u00c9XICO. MX. \u2014 El presidente Andr\u00e9s Manuel L\u00f3pez Obrador afirm\u00f3 que el motor de la Cuarta Transformaci\u00f3n es el pueblo; se trata, dijo, de un En Sonora en Equipo publicamos toda la informaci\u00f3n de Sonora, M\u00e9xico y el Mundo de manera oportuna y busca que la libertad de expresi\u00f3n sea real. Visita nuestro medio informativo publicado desde Hermosillo, Sonora. %","robots":{"index":"index","follow":"follow","max-snippet":"max-snippet:-1","max-image-preview":"max-image-preview:large","max-video-preview":"max-video-preview:-1"},"canonical":"https:\/\/www.sonoraenequipo.com.mx\/el-pueblo-es-el-motor-del-cambio-afirma-presidente-principios-de-la-4t-fortalecen-economia-del-pais\/","og_locale":"es_ES","og_type":"article","og_title":"Sonora en Equipo. El pueblo es el motor del cambio, afirma presidente Rep\u00fablica","og_description":"CIUDAD DE M\u00c9XICO. MX. \u2014 El presidente Andr\u00e9s Manuel L\u00f3pez Obrador afirm\u00f3 que el motor de la Cuarta Transformaci\u00f3n es el pueblo; se trata, dijo, de un En Sonora en Equipo publicamos toda la informaci\u00f3n de Sonora, M\u00e9xico y el Mundo de manera oportuna y busca que la libertad de expresi\u00f3n sea real. Visita nuestro medio informativo publicado desde Hermosillo, Sonora. %","og_url":"https:\/\/www.sonoraenequipo.com.mx\/el-pueblo-es-el-motor-del-cambio-afirma-presidente-principios-de-la-4t-fortalecen-economia-del-pais\/","og_site_name":"Sonora en Equipo.","article_publisher":"https:\/\/www.facebook.com\/SonoraEE\/","article_author":"https:\/\/www.facebook.com\/SonoraEE","article_published_time":"2023-08-18T16:11:08+00:00","article_modified_time":"2023-08-19T02:19:36+00:00","og_image":[{"width":1502,"height":1000,"url":"https:\/\/www.sonoraenequipo.com.mx\/storage\/2023\/08\/2023-08-17-Conferencia-de-prensa-matutina-Palacio-Nacional-Foto-01-min.jpg","type":"image\/jpeg"}],"author":"enequipo","twitter_card":"summary_large_image","twitter_creator":"@sonoraenequipo","twitter_site":"@sonoraenequipo","twitter_misc":{"Escrito por":"enequipo","Tiempo de lectura":"3 minutos"},"schema":{"@context":"https:\/\/schema.org","@graph":[{"@type":"Article","@id":"https:\/\/www.sonoraenequipo.com.mx\/el-pueblo-es-el-motor-del-cambio-afirma-presidente-principios-de-la-4t-fortalecen-economia-del-pais\/#article","isPartOf":{"@id":"https:\/\/www.sonoraenequipo.com.mx\/el-pueblo-es-el-motor-del-cambio-afirma-presidente-principios-de-la-4t-fortalecen-economia-del-pais\/"},"author":{"name":"enequipo","@id":"https:\/\/www.sonoraenequipo.com.mx\/#\/schema\/person\/50102df0fb23a8fa9e8effad8fa81386"},"headline":"El pueblo es el motor del cambio, afirma presidente","datePublished":"2023-08-18T16:11:08+00:00","dateModified":"2023-08-19T02:19:36+00:00","mainEntityOfPage":{"@id":"https:\/\/www.sonoraenequipo.com.mx\/el-pueblo-es-el-motor-del-cambio-afirma-presidente-principios-de-la-4t-fortalecen-economia-del-pais\/"},"wordCount":618,"commentCount":0,"publisher":{"@id":"https:\/\/www.sonoraenequipo.com.mx\/#organization"},"image":{"@id":"https:\/\/www.sonoraenequipo.com.mx\/el-pueblo-es-el-motor-del-cambio-afirma-presidente-principios-de-la-4t-fortalecen-economia-del-pais\/#primaryimage"},"thumbnailUrl":"https:\/\/www.sonoraenequipo.com.mx\/storage\/2023\/08\/2023-08-17-Conferencia-de-prensa-matutina-Palacio-Nacional-Foto-01-min.jpg","articleSection":["Rep\u00fablica"],"inLanguage":"es","potentialAction":[{"@type":"CommentAction","name":"Comment","target":["https:\/\/www.sonoraenequipo.com.mx\/el-pueblo-es-el-motor-del-cambio-afirma-presidente-principios-de-la-4t-fortalecen-economia-del-pais\/#respond"]}]},{"@type":"WebPage","@id":"https:\/\/www.sonoraenequipo.com.mx\/el-pueblo-es-el-motor-del-cambio-afirma-presidente-principios-de-la-4t-fortalecen-economia-del-pais\/","url":"https:\/\/www.sonoraenequipo.com.mx\/el-pueblo-es-el-motor-del-cambio-afirma-presidente-principios-de-la-4t-fortalecen-economia-del-pais\/","name":"Sonora en Equipo. El pueblo es el motor del cambio, afirma presidente Rep\u00fablica","isPartOf":{"@id":"https:\/\/www.sonoraenequipo.com.mx\/#website"},"primaryImageOfPage":{"@id":"https:\/\/www.sonoraenequipo.com.mx\/el-pueblo-es-el-motor-del-cambio-afirma-presidente-principios-de-la-4t-fortalecen-economia-del-pais\/#primaryimage"},"image":{"@id":"https:\/\/www.sonoraenequipo.com.mx\/el-pueblo-es-el-motor-del-cambio-afirma-presidente-principios-de-la-4t-fortalecen-economia-del-pais\/#primaryimage"},"thumbnailUrl":"https:\/\/www.sonoraenequipo.com.mx\/storage\/2023\/08\/2023-08-17-Conferencia-de-prensa-matutina-Palacio-Nacional-Foto-01-min.jpg","datePublished":"2023-08-18T16:11:08+00:00","dateModified":"2023-08-19T02:19:36+00:00","description":"CIUDAD DE M\u00c9XICO. MX. \u2014 El presidente Andr\u00e9s Manuel L\u00f3pez Obrador afirm\u00f3 que el motor de la Cuarta Transformaci\u00f3n es el pueblo; se trata, dijo, de un En Sonora en Equipo publicamos toda la informaci\u00f3n de Sonora, M\u00e9xico y el Mundo de manera oportuna y busca que la libertad de expresi\u00f3n sea real. Visita nuestro medio informativo publicado desde Hermosillo, Sonora. %","breadcrumb":{"@id":"https:\/\/www.sonoraenequipo.com.mx\/el-pueblo-es-el-motor-del-cambio-afirma-presidente-principios-de-la-4t-fortalecen-economia-del-pais\/#breadcrumb"},"inLanguage":"es","potentialAction":[{"@type":"ReadAction","target":["https:\/\/www.sonoraenequipo.com.mx\/el-pueblo-es-el-motor-del-cambio-afirma-presidente-principios-de-la-4t-fortalecen-economia-del-pais\/"]}]},{"@type":"ImageObject","inLanguage":"es","@id":"https:\/\/www.sonoraenequipo.com.mx\/el-pueblo-es-el-motor-del-cambio-afirma-presidente-principios-de-la-4t-fortalecen-economia-del-pais\/#primaryimage","url":"https:\/\/www.sonoraenequipo.com.mx\/storage\/2023\/08\/2023-08-17-Conferencia-de-prensa-matutina-Palacio-Nacional-Foto-01-min.jpg","contentUrl":"https:\/\/www.sonoraenequipo.com.mx\/storage\/2023\/08\/2023-08-17-Conferencia-de-prensa-matutina-Palacio-Nacional-Foto-01-min.jpg","width":1502,"height":1000},{"@type":"BreadcrumbList","@id":"https:\/\/www.sonoraenequipo.com.mx\/el-pueblo-es-el-motor-del-cambio-afirma-presidente-principios-de-la-4t-fortalecen-economia-del-pais\/#breadcrumb","itemListElement":[{"@type":"ListItem","position":1,"name":"Portada","item":"https:\/\/www.sonoraenequipo.com.mx\/"},{"@type":"ListItem","position":2,"name":"El pueblo es el motor del cambio, afirma presidente"}]},{"@type":"WebSite","@id":"https:\/\/www.sonoraenequipo.com.mx\/#website","url":"https:\/\/www.sonoraenequipo.com.mx\/","name":"Sonora en Equipo.","description":"Diario en l\u00ednea con Noticias desde Hermosillo, Sonora","publisher":{"@id":"https:\/\/www.sonoraenequipo.com.mx\/#organization"},"potentialAction":[{"@type":"SearchAction","target":{"@type":"EntryPoint","urlTemplate":"https:\/\/www.sonoraenequipo.com.mx\/?s={search_term_string}"},"query-input":{"@type":"PropertyValueSpecification","valueRequired":true,"valueName":"search_term_string"}}],"inLanguage":"es"},{"@type":"Organization","@id":"https:\/\/www.sonoraenequipo.com.mx\/#organization","name":"Sonoraenequipo.com.mx","url":"https:\/\/www.sonoraenequipo.com.mx\/","logo":{"@type":"ImageObject","inLanguage":"es","@id":"https:\/\/www.sonoraenequipo.com.mx\/#\/schema\/logo\/image\/","url":"https:\/\/www.sonoraenequipo.com.mx\/storage\/2019\/01\/sonoraenequipo_opt.png","contentUrl":"https:\/\/www.sonoraenequipo.com.mx\/storage\/2019\/01\/sonoraenequipo_opt.png","width":375,"height":125,"caption":"Sonoraenequipo.com.mx"},"image":{"@id":"https:\/\/www.sonoraenequipo.com.mx\/#\/schema\/logo\/image\/"},"sameAs":["https:\/\/www.facebook.com\/SonoraEE\/","https:\/\/x.com\/sonoraenequipo","https:\/\/www.youtube.com\/channel\/UC338nW-lPEYmJQs4ZABQ1SQ"]},{"@type":"Person","@id":"https:\/\/www.sonoraenequipo.com.mx\/#\/schema\/person\/50102df0fb23a8fa9e8effad8fa81386","name":"enequipo","image":{"@type":"ImageObject","inLanguage":"es","@id":"https:\/\/www.sonoraenequipo.com.mx\/#\/schema\/person\/image\/","url":"https:\/\/secure.gravatar.com\/avatar\/049821681b589dabc0bc20695993ccebb09f5b5d4d790cd9251b97faac7c652b?s=96&d=blank&r=g","contentUrl":"https:\/\/secure.gravatar.com\/avatar\/049821681b589dabc0bc20695993ccebb09f5b5d4d790cd9251b97faac7c652b?s=96&d=blank&r=g","caption":"enequipo"},"sameAs":["https:\/\/www.facebook.com\/SonoraEE"]}]}},"jetpack_featured_media_url":"https:\/\/www.sonoraenequipo.com.mx\/storage\/2023\/08\/2023-08-17-Conferencia-de-prensa-matutina-Palacio-Nacional-Foto-01-min.jpg","_links":{"self":[{"href":"https:\/\/www.sonoraenequipo.com.mx\/api\/wp\/v2\/posts\/172821","targetHints":{"allow":["GET"]}}],"collection":[{"href":"https:\/\/www.sonoraenequipo.com.mx\/api\/wp\/v2\/posts"}],"about":[{"href":"https:\/\/www.sonoraenequipo.com.mx\/api\/wp\/v2\/types\/post"}],"author":[{"embeddable":true,"href":"https:\/\/www.sonoraenequipo.com.mx\/api\/wp\/v2\/users\/1"}],"replies":[{"embeddable":true,"href":"https:\/\/www.sonoraenequipo.com.mx\/api\/wp\/v2\/comments?post=172821"}],"version-history":[{"count":3,"href":"https:\/\/www.sonoraenequipo.com.mx\/api\/wp\/v2\/posts\/172821\/revisions"}],"predecessor-version":[{"id":172825,"href":"https:\/\/www.sonoraenequipo.com.mx\/api\/wp\/v2\/posts\/172821\/revisions\/172825"}],"wp:featuredmedia":[{"embeddable":true,"href":"https:\/\/www.sonoraenequipo.com.mx\/api\/wp\/v2\/media\/172822"}],"wp:attachment":[{"href":"https:\/\/www.sonoraenequipo.com.mx\/api\/wp\/v2\/media?parent=172821"}],"wp:term":[{"taxonomy":"category","embeddable":true,"href":"https:\/\/www.sonoraenequipo.com.mx\/api\/wp\/v2\/categories?post=172821"},{"taxonomy":"post_tag","embeddable":true,"href":"https:\/\/www.sonoraenequipo.com.mx\/api\/wp\/v2\/tags?post=172821"}],"curies":[{"name":"wp","href":"https:\/\/api.w.org\/{rel}","templated":true}]}}