{"id":172829,"date":"2023-08-18T10:21:47","date_gmt":"2023-08-18T17:21:47","guid":{"rendered":"https:\/\/www.sonoraenequipo.com.mx\/?p=172829"},"modified":"2023-08-18T19:53:15","modified_gmt":"2023-08-19T02:53:15","slug":"paleontologo-amateur-peruano-descubrio-el-cetaceo-prehistorico-mas-pesado-de-la-historia","status":"publish","type":"post","link":"https:\/\/www.sonoraenequipo.com.mx\/paleontologo-amateur-peruano-descubrio-el-cetaceo-prehistorico-mas-pesado-de-la-historia\/","title":{"rendered":"Paleont\u00f3logo amateur peruano descubri\u00f3 el cet\u00e1ceo prehist\u00f3rico m\u00e1s pesado de la historia"},"content":{"rendered":"<p><strong>PER\u00da.<\/strong> \u2014 Mario Urbina, el paleont\u00f3logo amateur peruano que descubri\u00f3 al Perucetus colossus, el cet\u00e1ceo prehist\u00f3rico que compite con la ballena azul como el animal m\u00e1s pesado de la historia<\/p>\n<p>&nbsp;<\/p>\n<p> <br \/>\nUrbina realiz\u00f3 este hallazgo pese a no haber estudiado nunca Paleontolog\u00eda. De hecho, empez\u00f3 de manera amateur en la profesi\u00f3n.<\/p>\n<p>&nbsp;<\/p>\n<p>Hace 16 a\u00f1os, Mario Urbina iba con un amigo en una camioneta por el desierto de Ocucaje, en Ica, en el sur de Per\u00fa, cuando pasaron por un promontorio de roca que le llam\u00f3 la atenci\u00f3n.<\/p>\n<p>&nbsp;<\/p>\n<p>Una vez ah\u00ed encontr\u00f3 <strong><em>\u201cuna piedra rosada\u201d,<\/em><\/strong> que en realidad era una v\u00e9rtebra del ya famoso Perucetus colossus, un cet\u00e1ceo que vivi\u00f3 hace unos 39 millones de a\u00f1os en el actual mar peruano y que, con unas 200 toneladas de masa corporal \u2014seg\u00fan estimaciones\u2014, pudo ser el animal m\u00e1s pesado de todos los tiempos, superando incluso a la ballena azul.<\/p>\n<p>&nbsp;<\/p>\n<p>En los \u00faltimos a\u00f1os Urbina, de 61 a\u00f1os, y un equipo del Departamento de Paleontolog\u00eda de Vertebrados del Museo de Historia Natural de la Universidad Nacional Mayor de San Marcos de Lima, en Per\u00fa, han desenterrado 13 v\u00e9rtebras, cuatro costillas y un hueso de la pelvis de este basilosaurio, que se calcula med\u00eda entre 17 y 20 m de largo.<\/p>\n<p>&nbsp;<\/p>\n<p>&nbsp;<\/p>\n<p>Urbina realiz\u00f3 este hallazgo pese a no haber estudiado nunca Paleontolog\u00eda. De hecho, empez\u00f3 de manera amateur en la profesi\u00f3n en los a\u00f1os 80 y se <em><strong>\u201cenamor\u00f3 de los f\u00f3siles\u201d,<\/strong> seg\u00fan cuenta.<\/em><\/p>\n<p>&nbsp;<\/p>\n<p>A principios de agosto, un art\u00edculo publicado en la prestigiosa revista cient\u00edfica Nature sobre el cet\u00e1ceo peruano prehist\u00f3rico dio la vuelta al mundo.<\/p>\n<p>&nbsp;<\/p>\n<h3>BBC Mundo convers\u00f3 con Urbina sobre su trabajo y sobre el hallazgo del fascinante Perucetus colossus.<\/h3>\n<p>&nbsp;<\/p>\n<p><img loading=\"lazy\" decoding=\"async\" class=\"x-right  size-large\" src=\"https:\/\/www.sonoraenequipo.com.mx\/storage\/2023\/08\/el-animal-mal-pesado-en-la-historia-de-la-tierra....-min-720x480.jpg\" alt=\"\" width=\"640\" height=\"427\" \/>Los huesos del Perucetus colossus se exhiben en el Museo de Historia Natural de la Universidad Nacional Mayor de San Marcos de Lima, Per\u00fa.<\/p>\n<p><strong>\u00bfPor qu\u00e9 fue tan extraordinario el hallazgo de este animal prehist\u00f3rico?<\/strong><\/p>\n<p>&nbsp;<\/p>\n<p>Fue uno de mis descubrimientos m\u00e1s extra\u00f1os. La v\u00e9rtebra ten\u00eda un color t\u00edpico de los huesos de la \u00e9poca (Eoceno medio, hace 39 millones de a\u00f1os), pero a la vez era demasiado grande.<\/p>\n<p>&nbsp;<\/p>\n<p>Para la \u00e9poca este animal es extraordinariamente enorme y no hay antecedentes de animales de ese tama\u00f1o. Para cargar cada v\u00e9rtebra necesitas seis personas.<\/p>\n<p>Yo sab\u00eda cu\u00e1ndo lo encontr\u00e9 que no hab\u00eda animales tan grandes como ese. Por eso sab\u00eda que era un gran descubrimiento.<\/p>\n<p>&nbsp;<\/p>\n<p>Adem\u00e1s, el hueso no tiene poros, parece una roca, un m\u00e1rmol. Por eso no me cre\u00eda nadie.<\/p>\n<p>&nbsp;<\/p>\n<p>Por eso digo que es el equivalente a encontrar a Godzilla. Convencer a la comunidad cient\u00edfica de que este animal exist\u00eda me tom\u00f3 cuatro a\u00f1os. Excav\u00e1ndolo llevo seis.<\/p>\n<p>&nbsp;<\/p>\n<p>Urbina y su equipo encontraron cuatro costillas del cet\u00e1ceo.<\/p>\n<p>&nbsp;<\/p>\n<p><strong>Si es tan extraordinario el descubrimiento, \u00bfpor qu\u00e9 ha dicho tambi\u00e9n que le ha tra\u00eddo desgracias?<\/strong><\/p>\n<p>&nbsp;<\/p>\n<p>Me ha tra\u00eddo desgracias econ\u00f3micas. Estos cuatro meses he comido pl\u00e1tanos fritos porque perd\u00ed un mont\u00f3n de plata en la excavaci\u00f3n.<\/p>\n<p>&nbsp;<\/p>\n<p><img loading=\"lazy\" decoding=\"async\" class=\" size-large x-left\" src=\"https:\/\/www.sonoraenequipo.com.mx\/storage\/2023\/08\/Urbina-y-su-equipo-encontraron-cuatro-costillas-del-cetaceo...-min-720x480.jpg\" alt=\"\" width=\"640\" height=\"427\" \/>Las \u00faltimas dos veces que fui (al lugar de la excavaci\u00f3n), no encontr\u00e9 ni un solo hueso, ni una astilla de este animal, y esa es plata tirada al r\u00edo. Tienen fe ciega en m\u00ed, pero a veces tambi\u00e9n me equivoco y pierdo plata.<\/p>\n<p>&nbsp;<\/p>\n<p>Pero con el Perucetus nunca pens\u00f3 que se estaba equivocando, estaba seguro desde el inicio de que hab\u00eda encontrado algo \u00fanico.<\/p>\n<p>&nbsp;<\/p>\n<p><strong>S\u00ed, s\u00ed. Ahora, \u00bfpor qu\u00e9 no lo han encontrado en otras partes del mundo?<\/strong><\/p>\n<p>&nbsp;<\/p>\n<p>No s\u00e9. \u00bfPor qu\u00e9?<\/p>\n<p>&nbsp;<\/p>\n<p><strong>Porque de repente es end\u00e9mico del Per\u00fa.<\/strong><\/p>\n<p>&nbsp;<\/p>\n<p>El equipo lleva seis a\u00f1os excavando al Perucetus.<\/p>\n<p>&nbsp;<\/p>\n<p><strong>\u00bfY por qu\u00e9 ser\u00eda end\u00e9mico de la zona (Ocucaje)?<\/strong><\/p>\n<p>&nbsp;<\/p>\n<p>La zona es una cordillera que va paralela a la costa y el mar se mete adentro del continente, inunda toda una cuenca de monta\u00f1as.<\/p>\n<p>&nbsp;<\/p>\n<p>Los animales aprovechaban Ocucaje por estas condiciones. Estaba cerrado al mar abierto por una cadena de monta\u00f1as, formaba grandes lagunas de aguas poco profundas y calmas, no hab\u00eda corrientes ni mareas fuertes.<\/p>\n<p>Las migraciones de sardinas se met\u00edan a esta cuenca, hab\u00eda bastante comida.<\/p>\n<p>&nbsp;<\/p>\n<p>Eran sitios ideales para tener cr\u00edas o para conocer a una pareja. Era un gran hotel para toda la fauna del Pac\u00edfico. Esa es mi oficina ahorita.<\/p>\n<p>Mario Urbina asegura que ya no puede subir al cerro del Perucetus con la facilidad de antes.<\/p>\n<p><strong>\u00bfCu\u00e1nto tiempo pasa ah\u00ed?<\/strong><\/p>\n<p>&nbsp;<\/p>\n<p>Yo no cuento el tiempo. Cada vez que voy al desierto pierdo noci\u00f3n de qu\u00e9 d\u00eda, qu\u00e9 a\u00f1o es. Regreso y todo el mundo ac\u00e1 est\u00e1 viejo.<\/p>\n<p>&nbsp;<\/p>\n<p><strong>\u00bfY qu\u00e9 busca mientras est\u00e1 en el desierto?<\/strong><\/p>\n<p>&nbsp;<\/p>\n<p>Yo soy experto en el cenozoico (era que empez\u00f3 hace unos 66 millones de a\u00f1os) de todos los animales marinos. Sean invertebrados, sean ballenas. A todos los rescato y a todos los quiero lindos.<\/p>\n<p>&nbsp;<\/p>\n<p>Y hacemos un trabajo previo de geolog\u00eda. Es multidisciplinaria la carrera. No es que recojo la roca y me la llevo a mi casa. Me traigo a los ge\u00f3logos y con todos refino la posici\u00f3n de los f\u00f3siles y publico (el estudio). Hay que saber cu\u00e1ndo cay\u00f3 muerto este desgraciado (animal). Por eso necesito todo un estudio de las capas geol\u00f3gicas. Eso toma a\u00f1os.<\/p>\n<h3><\/h3>\n<p><strong>\u00bfQui\u00e9n financia todo eso?<\/strong><\/p>\n<p>&nbsp;<\/p>\n<p>Yo me he hecho famoso por decir que no quiero plata del Estado. Yo prefiero pedir plata de los privados, y exijo que los privados financien la investigaci\u00f3n.<\/p>\n<p>&nbsp;<\/p>\n<p>Si no, ser\u00eda como pedirle plata al Estado para ir a jugar al casino. La antropolog\u00eda es un albur. Ir a buscar un f\u00f3sil es un albur. Hay gente que lleva caminando 30 a\u00f1os y no encuentra nada.<\/p>\n<p>Y no solo son las excavaciones, que no son en tierrita blanda si no en roca. Luego hay que limpiar y transportar los f\u00f3siles. Cuesta meses limpiar un f\u00f3sil.<\/p>\n<p>&nbsp;<\/p>\n<p>Para todo eso tengo que buscar la plata. Gasto plata y plata de otras personas, pero no del Estado. Y ahora el Estado tiene a su mejor embajador y le sale gratis. Todo el mundo est\u00e1 hablando de Per\u00fa por ese f\u00f3sil.<\/p>\n<p>&nbsp;<\/p>\n<p><strong>Porque es el m\u00e1s importante, \u00bfno? O sea, es m\u00e1s extraordinario que la ballena de cuatro patas (hallazgo previo de Urbina).<\/strong><\/p>\n<p>&nbsp;<\/p>\n<p>No. No califico mis descubrimientos por eso (antig\u00fcedad o tama\u00f1o). Este es m\u00e1s importante porque ha generado que los peruanos se unan por una ruma de huesos que ni siquiera tiene cr\u00e1neo. Eso no lo ten\u00eda ni en sue\u00f1os. Ya estaba apostado que iba a ser espectacular para el mundo cient\u00edfico. Pero no me imagin\u00e9 que los peruanos se iban a volver locos con esto.<\/p>\n<p>&nbsp;<\/p>\n<p>El f\u00f3sil refleja un poco el Per\u00fa, \u00fanico, grande, misterioso, controversial.<\/p>\n<p>&nbsp;<\/p>\n<p>La gente me dice \u201cqu\u00e9 lindo el f\u00f3sil\u201d. Yo lo odio.<\/p>\n<p>&nbsp;<\/p>\n<h3>\u00bfPor qu\u00e9? \u00bfQu\u00e9 problemas le est\u00e1 dando?<\/h3>\n<p>&nbsp;<\/p>\n<p>Cuando lo encontr\u00e9, pod\u00eda subir al cerro. Est\u00e1 en una pared vertical, de un promontorio que puede tener 18 metros de alto, de roca s\u00f3lida como el cemento.<\/p>\n<p>Ahora no puedo ni llegar al f\u00f3sil, me tienen que llevar cargado, porque estoy hecho una desgracia, mis piernas ya no dan para subir (Urbina camina con bast\u00f3n). No tengo dientes.<\/p>\n<p>\u00bfT\u00fa sabes cu\u00e1ntas veces me he ca\u00eddo del cerro? Est\u00e1 en vertical. Hemos tenido que contratar un bulldozer para hacer una rampa.<\/p>\n<p>&nbsp;<\/p>\n<p><strong>Pero usted mismo dice que ha valido la pena.<\/strong><\/p>\n<p>&nbsp;<\/p>\n<p>Para m\u00ed el mejor pago es que vengan los chicos, me den la mano y a todos les digo gracias por reconocerme.<\/p>\n<p>&nbsp;<\/p>\n<p><strong>\u00bfC\u00f3mo se siente con esa popularidad que le ha tra\u00eddo el Perucetus?<\/strong><\/p>\n<p>&nbsp;<\/p>\n<p>No puedo afeitarme porque si me afeito no me reconocen (risas). A m\u00ed me gusta la cantidad de ni\u00f1os que vienen trayendo a sus padres, los padres trayendo a sus abuelos.<\/p>\n<p>&nbsp;<\/p>\n<p><strong>Ante esa curiosidad que ha despertado, \u00bfqu\u00e9 m\u00e1s falta saber del animal?<\/strong><\/p>\n<p>&nbsp;<\/p>\n<p>Ver si era herb\u00edvoro o si ten\u00eda una doble dieta. Es un misterio. Primero d\u00e9jame encontrar la cabeza y los dientes.<\/p>\n<p>&nbsp;<\/p>\n<p>No me gusta especular. Mis colegas han hecho un estudio de cu\u00e1nto puede haber medido, pero \u00bfqu\u00e9 pasa si los huesos que faltan cambian de tama\u00f1o? \u00bfQu\u00e9 pasa si cambiara el tama\u00f1o de las vertebras? Ya no puedes hacer el mismo c\u00e1lculo. Pero de que era gigantesco, era gigantesco.<\/p>\n<p>&nbsp;<\/p>\n<p><strong>\u00bfCu\u00e1les ser\u00edan los siguientes pasos en la investigaci\u00f3n?<\/strong><\/p>\n<p>&nbsp;<\/p>\n<p>Para m\u00ed, engordar, porque estoy muy flaco. Estoy hecho una calamidad. Quiero olvidarme del desierto por estos meses, pero ya voy a tener que regresar. Si estuviera gordo, ya hubiera regresado.<\/p>\n<p><strong>\u00bfA buscar la cabeza del Perucetus?<\/strong><\/p>\n<p>&nbsp;<\/p>\n<p>Yo no puedo pensar que la cabeza est\u00e1 ah\u00ed, eso es un albur. Eso es suerte ya. Pero s\u00e9 que tengo que continuar hasta convencerme de que ya no hay m\u00e1s (huesos).<\/p>\n<p>&nbsp;<\/p>\n<p>PUBLICADO EL18 AGOSTO DE 2023\/ Con informaci\u00f3n de BBC News Mundo)<\/p>\n","protected":false},"excerpt":{"rendered":"<p>PER\u00da. \u2014 Mario Urbina, el paleont\u00f3logo amateur peruano que descubri\u00f3 al Perucetus colossus, el cet\u00e1ceo&#8230;<\/p>\n","protected":false},"author":1,"featured_media":172789,"comment_status":"open","ping_status":"open","sticky":false,"template":"","format":"standard","meta":{"_monsterinsights_skip_tracking":false,"_monsterinsights_sitenote_active":false,"_monsterinsights_sitenote_note":"","_monsterinsights_sitenote_category":0,"footnotes":""},"categories":[11,3],"tags":[],"class_list":["post"],"yoast_head":" \n<title>Sonora en Equipo. Paleont\u00f3logo amateur peruano descubri\u00f3 el cet\u00e1ceo prehist\u00f3rico m\u00e1s pesado de la historia Entrevista<\/title>\n<meta name=\"description\" content=\"PER\u00da. \u2014 Mario Urbina, el paleont\u00f3logo amateur peruano que descubri\u00f3 al Perucetus colossus, el cet\u00e1ceo prehist\u00f3rico que compite con la ballena azul como el En Sonora en Equipo publicamos toda la informaci\u00f3n de Sonora, M\u00e9xico y el Mundo de manera oportuna y busca que la libertad de expresi\u00f3n sea real. Visita nuestro medio informativo publicado desde Hermosillo, Sonora. %\" \/>\n<meta name=\"robots\" content=\"index, follow, max-snippet:-1, max-image-preview:large, max-video-preview:-1\" \/>\n<link rel=\"canonical\" href=\"https:\/\/www.sonoraenequipo.com.mx\/paleontologo-amateur-peruano-descubrio-el-cetaceo-prehistorico-mas-pesado-de-la-historia\/\" \/>\n<meta property=\"og:locale\" content=\"es_ES\" \/>\n<meta property=\"og:type\" content=\"article\" \/>\n<meta property=\"og:title\" content=\"Sonora en Equipo. Paleont\u00f3logo amateur peruano descubri\u00f3 el cet\u00e1ceo prehist\u00f3rico m\u00e1s pesado de la historia Entrevista\" \/>\n<meta property=\"og:description\" content=\"PER\u00da. \u2014 Mario Urbina, el paleont\u00f3logo amateur peruano que descubri\u00f3 al Perucetus colossus, el cet\u00e1ceo prehist\u00f3rico que compite con la ballena azul como el En Sonora en Equipo publicamos toda la informaci\u00f3n de Sonora, M\u00e9xico y el Mundo de manera oportuna y busca que la libertad de expresi\u00f3n sea real. Visita nuestro medio informativo publicado desde Hermosillo, Sonora. %\" \/>\n<meta property=\"og:url\" content=\"https:\/\/www.sonoraenequipo.com.mx\/paleontologo-amateur-peruano-descubrio-el-cetaceo-prehistorico-mas-pesado-de-la-historia\/\" \/>\n<meta property=\"og:site_name\" content=\"Sonora en Equipo.\" \/>\n<meta property=\"article:publisher\" content=\"https:\/\/www.facebook.com\/SonoraEE\/\" \/>\n<meta property=\"article:author\" content=\"https:\/\/www.facebook.com\/SonoraEE\" \/>\n<meta property=\"article:published_time\" content=\"2023-08-18T17:21:47+00:00\" \/>\n<meta property=\"article:modified_time\" content=\"2023-08-19T02:53:15+00:00\" \/>\n<meta property=\"og:image\" content=\"https:\/\/www.sonoraenequipo.com.mx\/storage\/2023\/08\/Mario-Urbina...-min.jpg\" \/>\n\t<meta property=\"og:image:width\" content=\"900\" \/>\n\t<meta property=\"og:image:height\" content=\"531\" \/>\n\t<meta property=\"og:image:type\" content=\"image\/jpeg\" \/>\n<meta name=\"author\" content=\"enequipo\" \/>\n<meta name=\"twitter:card\" content=\"summary_large_image\" \/>\n<meta name=\"twitter:creator\" content=\"@sonoraenequipo\" \/>\n<meta name=\"twitter:site\" content=\"@sonoraenequipo\" \/>\n<meta name=\"twitter:label1\" content=\"Escrito por\" \/>\n\t<meta name=\"twitter:data1\" content=\"enequipo\" \/>\n\t<meta name=\"twitter:label2\" content=\"Tiempo de lectura\" \/>\n\t<meta name=\"twitter:data2\" content=\"8 minutos\" \/>\n<script type=\"application\/ld+json\" class=\"yoast-schema-graph\">{\"@context\":\"https:\/\/schema.org\",\"@graph\":[{\"@type\":\"Article\",\"@id\":\"https:\/\/www.sonoraenequipo.com.mx\/paleontologo-amateur-peruano-descubrio-el-cetaceo-prehistorico-mas-pesado-de-la-historia\/#article\",\"isPartOf\":{\"@id\":\"https:\/\/www.sonoraenequipo.com.mx\/paleontologo-amateur-peruano-descubrio-el-cetaceo-prehistorico-mas-pesado-de-la-historia\/\"},\"author\":{\"name\":\"enequipo\",\"@id\":\"https:\/\/www.sonoraenequipo.com.mx\/#\/schema\/person\/50102df0fb23a8fa9e8effad8fa81386\"},\"headline\":\"Paleont\u00f3logo amateur peruano descubri\u00f3 el cet\u00e1ceo prehist\u00f3rico m\u00e1s pesado de la historia\",\"datePublished\":\"2023-08-18T17:21:47+00:00\",\"dateModified\":\"2023-08-19T02:53:15+00:00\",\"mainEntityOfPage\":{\"@id\":\"https:\/\/www.sonoraenequipo.com.mx\/paleontologo-amateur-peruano-descubrio-el-cetaceo-prehistorico-mas-pesado-de-la-historia\/\"},\"wordCount\":1595,\"commentCount\":0,\"publisher\":{\"@id\":\"https:\/\/www.sonoraenequipo.com.mx\/#organization\"},\"image\":{\"@id\":\"https:\/\/www.sonoraenequipo.com.mx\/paleontologo-amateur-peruano-descubrio-el-cetaceo-prehistorico-mas-pesado-de-la-historia\/#primaryimage\"},\"thumbnailUrl\":\"https:\/\/www.sonoraenequipo.com.mx\/storage\/2023\/08\/Mario-Urbina...-min.jpg\",\"articleSection\":[\"Entrevista\",\"MUNDO\"],\"inLanguage\":\"es\",\"potentialAction\":[{\"@type\":\"CommentAction\",\"name\":\"Comment\",\"target\":[\"https:\/\/www.sonoraenequipo.com.mx\/paleontologo-amateur-peruano-descubrio-el-cetaceo-prehistorico-mas-pesado-de-la-historia\/#respond\"]}]},{\"@type\":\"WebPage\",\"@id\":\"https:\/\/www.sonoraenequipo.com.mx\/paleontologo-amateur-peruano-descubrio-el-cetaceo-prehistorico-mas-pesado-de-la-historia\/\",\"url\":\"https:\/\/www.sonoraenequipo.com.mx\/paleontologo-amateur-peruano-descubrio-el-cetaceo-prehistorico-mas-pesado-de-la-historia\/\",\"name\":\"Sonora en Equipo. Paleont\u00f3logo amateur peruano descubri\u00f3 el cet\u00e1ceo prehist\u00f3rico m\u00e1s pesado de la historia Entrevista\",\"isPartOf\":{\"@id\":\"https:\/\/www.sonoraenequipo.com.mx\/#website\"},\"primaryImageOfPage\":{\"@id\":\"https:\/\/www.sonoraenequipo.com.mx\/paleontologo-amateur-peruano-descubrio-el-cetaceo-prehistorico-mas-pesado-de-la-historia\/#primaryimage\"},\"image\":{\"@id\":\"https:\/\/www.sonoraenequipo.com.mx\/paleontologo-amateur-peruano-descubrio-el-cetaceo-prehistorico-mas-pesado-de-la-historia\/#primaryimage\"},\"thumbnailUrl\":\"https:\/\/www.sonoraenequipo.com.mx\/storage\/2023\/08\/Mario-Urbina...-min.jpg\",\"datePublished\":\"2023-08-18T17:21:47+00:00\",\"dateModified\":\"2023-08-19T02:53:15+00:00\",\"description\":\"PER\u00da. \u2014 Mario Urbina, el paleont\u00f3logo amateur peruano que descubri\u00f3 al Perucetus colossus, el cet\u00e1ceo prehist\u00f3rico que compite con la ballena azul como el En Sonora en Equipo publicamos toda la informaci\u00f3n de Sonora, M\u00e9xico y el Mundo de manera oportuna y busca que la libertad de expresi\u00f3n sea real. Visita nuestro medio informativo publicado desde Hermosillo, Sonora. %\",\"breadcrumb\":{\"@id\":\"https:\/\/www.sonoraenequipo.com.mx\/paleontologo-amateur-peruano-descubrio-el-cetaceo-prehistorico-mas-pesado-de-la-historia\/#breadcrumb\"},\"inLanguage\":\"es\",\"potentialAction\":[{\"@type\":\"ReadAction\",\"target\":[\"https:\/\/www.sonoraenequipo.com.mx\/paleontologo-amateur-peruano-descubrio-el-cetaceo-prehistorico-mas-pesado-de-la-historia\/\"]}]},{\"@type\":\"ImageObject\",\"inLanguage\":\"es\",\"@id\":\"https:\/\/www.sonoraenequipo.com.mx\/paleontologo-amateur-peruano-descubrio-el-cetaceo-prehistorico-mas-pesado-de-la-historia\/#primaryimage\",\"url\":\"https:\/\/www.sonoraenequipo.com.mx\/storage\/2023\/08\/Mario-Urbina...-min.jpg\",\"contentUrl\":\"https:\/\/www.sonoraenequipo.com.mx\/storage\/2023\/08\/Mario-Urbina...-min.jpg\",\"width\":900,\"height\":531},{\"@type\":\"BreadcrumbList\",\"@id\":\"https:\/\/www.sonoraenequipo.com.mx\/paleontologo-amateur-peruano-descubrio-el-cetaceo-prehistorico-mas-pesado-de-la-historia\/#breadcrumb\",\"itemListElement\":[{\"@type\":\"ListItem\",\"position\":1,\"name\":\"Portada\",\"item\":\"https:\/\/www.sonoraenequipo.com.mx\/\"},{\"@type\":\"ListItem\",\"position\":2,\"name\":\"Paleont\u00f3logo amateur peruano descubri\u00f3 el cet\u00e1ceo prehist\u00f3rico m\u00e1s pesado de la historia\"}]},{\"@type\":\"WebSite\",\"@id\":\"https:\/\/www.sonoraenequipo.com.mx\/#website\",\"url\":\"https:\/\/www.sonoraenequipo.com.mx\/\",\"name\":\"Sonora en Equipo.\",\"description\":\"Diario en l\u00ednea con Noticias desde Hermosillo, Sonora\",\"publisher\":{\"@id\":\"https:\/\/www.sonoraenequipo.com.mx\/#organization\"},\"potentialAction\":[{\"@type\":\"SearchAction\",\"target\":{\"@type\":\"EntryPoint\",\"urlTemplate\":\"https:\/\/www.sonoraenequipo.com.mx\/?s={search_term_string}\"},\"query-input\":{\"@type\":\"PropertyValueSpecification\",\"valueRequired\":true,\"valueName\":\"search_term_string\"}}],\"inLanguage\":\"es\"},{\"@type\":\"Organization\",\"@id\":\"https:\/\/www.sonoraenequipo.com.mx\/#organization\",\"name\":\"Sonoraenequipo.com.mx\",\"url\":\"https:\/\/www.sonoraenequipo.com.mx\/\",\"logo\":{\"@type\":\"ImageObject\",\"inLanguage\":\"es\",\"@id\":\"https:\/\/www.sonoraenequipo.com.mx\/#\/schema\/logo\/image\/\",\"url\":\"https:\/\/www.sonoraenequipo.com.mx\/storage\/2019\/01\/sonoraenequipo_opt.png\",\"contentUrl\":\"https:\/\/www.sonoraenequipo.com.mx\/storage\/2019\/01\/sonoraenequipo_opt.png\",\"width\":375,\"height\":125,\"caption\":\"Sonoraenequipo.com.mx\"},\"image\":{\"@id\":\"https:\/\/www.sonoraenequipo.com.mx\/#\/schema\/logo\/image\/\"},\"sameAs\":[\"https:\/\/www.facebook.com\/SonoraEE\/\",\"https:\/\/x.com\/sonoraenequipo\",\"https:\/\/www.youtube.com\/channel\/UC338nW-lPEYmJQs4ZABQ1SQ\"]},{\"@type\":\"Person\",\"@id\":\"https:\/\/www.sonoraenequipo.com.mx\/#\/schema\/person\/50102df0fb23a8fa9e8effad8fa81386\",\"name\":\"enequipo\",\"image\":{\"@type\":\"ImageObject\",\"inLanguage\":\"es\",\"@id\":\"https:\/\/www.sonoraenequipo.com.mx\/#\/schema\/person\/image\/\",\"url\":\"https:\/\/secure.gravatar.com\/avatar\/049821681b589dabc0bc20695993ccebb09f5b5d4d790cd9251b97faac7c652b?s=96&d=blank&r=g\",\"contentUrl\":\"https:\/\/secure.gravatar.com\/avatar\/049821681b589dabc0bc20695993ccebb09f5b5d4d790cd9251b97faac7c652b?s=96&d=blank&r=g\",\"caption\":\"enequipo\"},\"sameAs\":[\"https:\/\/www.facebook.com\/SonoraEE\"]}]}<\/script>\n ","yoast_head_json":{"title":"Sonora en Equipo. Paleont\u00f3logo amateur peruano descubri\u00f3 el cet\u00e1ceo prehist\u00f3rico m\u00e1s pesado de la historia Entrevista","description":"PER\u00da. \u2014 Mario Urbina, el paleont\u00f3logo amateur peruano que descubri\u00f3 al Perucetus colossus, el cet\u00e1ceo prehist\u00f3rico que compite con la ballena azul como el En Sonora en Equipo publicamos toda la informaci\u00f3n de Sonora, M\u00e9xico y el Mundo de manera oportuna y busca que la libertad de expresi\u00f3n sea real. Visita nuestro medio informativo publicado desde Hermosillo, Sonora. %","robots":{"index":"index","follow":"follow","max-snippet":"max-snippet:-1","max-image-preview":"max-image-preview:large","max-video-preview":"max-video-preview:-1"},"canonical":"https:\/\/www.sonoraenequipo.com.mx\/paleontologo-amateur-peruano-descubrio-el-cetaceo-prehistorico-mas-pesado-de-la-historia\/","og_locale":"es_ES","og_type":"article","og_title":"Sonora en Equipo. Paleont\u00f3logo amateur peruano descubri\u00f3 el cet\u00e1ceo prehist\u00f3rico m\u00e1s pesado de la historia Entrevista","og_description":"PER\u00da. \u2014 Mario Urbina, el paleont\u00f3logo amateur peruano que descubri\u00f3 al Perucetus colossus, el cet\u00e1ceo prehist\u00f3rico que compite con la ballena azul como el En Sonora en Equipo publicamos toda la informaci\u00f3n de Sonora, M\u00e9xico y el Mundo de manera oportuna y busca que la libertad de expresi\u00f3n sea real. Visita nuestro medio informativo publicado desde Hermosillo, Sonora. %","og_url":"https:\/\/www.sonoraenequipo.com.mx\/paleontologo-amateur-peruano-descubrio-el-cetaceo-prehistorico-mas-pesado-de-la-historia\/","og_site_name":"Sonora en Equipo.","article_publisher":"https:\/\/www.facebook.com\/SonoraEE\/","article_author":"https:\/\/www.facebook.com\/SonoraEE","article_published_time":"2023-08-18T17:21:47+00:00","article_modified_time":"2023-08-19T02:53:15+00:00","og_image":[{"width":900,"height":531,"url":"https:\/\/www.sonoraenequipo.com.mx\/storage\/2023\/08\/Mario-Urbina...-min.jpg","type":"image\/jpeg"}],"author":"enequipo","twitter_card":"summary_large_image","twitter_creator":"@sonoraenequipo","twitter_site":"@sonoraenequipo","twitter_misc":{"Escrito por":"enequipo","Tiempo de lectura":"8 minutos"},"schema":{"@context":"https:\/\/schema.org","@graph":[{"@type":"Article","@id":"https:\/\/www.sonoraenequipo.com.mx\/paleontologo-amateur-peruano-descubrio-el-cetaceo-prehistorico-mas-pesado-de-la-historia\/#article","isPartOf":{"@id":"https:\/\/www.sonoraenequipo.com.mx\/paleontologo-amateur-peruano-descubrio-el-cetaceo-prehistorico-mas-pesado-de-la-historia\/"},"author":{"name":"enequipo","@id":"https:\/\/www.sonoraenequipo.com.mx\/#\/schema\/person\/50102df0fb23a8fa9e8effad8fa81386"},"headline":"Paleont\u00f3logo amateur peruano descubri\u00f3 el cet\u00e1ceo prehist\u00f3rico m\u00e1s pesado de la historia","datePublished":"2023-08-18T17:21:47+00:00","dateModified":"2023-08-19T02:53:15+00:00","mainEntityOfPage":{"@id":"https:\/\/www.sonoraenequipo.com.mx\/paleontologo-amateur-peruano-descubrio-el-cetaceo-prehistorico-mas-pesado-de-la-historia\/"},"wordCount":1595,"commentCount":0,"publisher":{"@id":"https:\/\/www.sonoraenequipo.com.mx\/#organization"},"image":{"@id":"https:\/\/www.sonoraenequipo.com.mx\/paleontologo-amateur-peruano-descubrio-el-cetaceo-prehistorico-mas-pesado-de-la-historia\/#primaryimage"},"thumbnailUrl":"https:\/\/www.sonoraenequipo.com.mx\/storage\/2023\/08\/Mario-Urbina...-min.jpg","articleSection":["Entrevista","MUNDO"],"inLanguage":"es","potentialAction":[{"@type":"CommentAction","name":"Comment","target":["https:\/\/www.sonoraenequipo.com.mx\/paleontologo-amateur-peruano-descubrio-el-cetaceo-prehistorico-mas-pesado-de-la-historia\/#respond"]}]},{"@type":"WebPage","@id":"https:\/\/www.sonoraenequipo.com.mx\/paleontologo-amateur-peruano-descubrio-el-cetaceo-prehistorico-mas-pesado-de-la-historia\/","url":"https:\/\/www.sonoraenequipo.com.mx\/paleontologo-amateur-peruano-descubrio-el-cetaceo-prehistorico-mas-pesado-de-la-historia\/","name":"Sonora en Equipo. Paleont\u00f3logo amateur peruano descubri\u00f3 el cet\u00e1ceo prehist\u00f3rico m\u00e1s pesado de la historia Entrevista","isPartOf":{"@id":"https:\/\/www.sonoraenequipo.com.mx\/#website"},"primaryImageOfPage":{"@id":"https:\/\/www.sonoraenequipo.com.mx\/paleontologo-amateur-peruano-descubrio-el-cetaceo-prehistorico-mas-pesado-de-la-historia\/#primaryimage"},"image":{"@id":"https:\/\/www.sonoraenequipo.com.mx\/paleontologo-amateur-peruano-descubrio-el-cetaceo-prehistorico-mas-pesado-de-la-historia\/#primaryimage"},"thumbnailUrl":"https:\/\/www.sonoraenequipo.com.mx\/storage\/2023\/08\/Mario-Urbina...-min.jpg","datePublished":"2023-08-18T17:21:47+00:00","dateModified":"2023-08-19T02:53:15+00:00","description":"PER\u00da. \u2014 Mario Urbina, el paleont\u00f3logo amateur peruano que descubri\u00f3 al Perucetus colossus, el cet\u00e1ceo prehist\u00f3rico que compite con la ballena azul como el En Sonora en Equipo publicamos toda la informaci\u00f3n de Sonora, M\u00e9xico y el Mundo de manera oportuna y busca que la libertad de expresi\u00f3n sea real. Visita nuestro medio informativo publicado desde Hermosillo, Sonora. %","breadcrumb":{"@id":"https:\/\/www.sonoraenequipo.com.mx\/paleontologo-amateur-peruano-descubrio-el-cetaceo-prehistorico-mas-pesado-de-la-historia\/#breadcrumb"},"inLanguage":"es","potentialAction":[{"@type":"ReadAction","target":["https:\/\/www.sonoraenequipo.com.mx\/paleontologo-amateur-peruano-descubrio-el-cetaceo-prehistorico-mas-pesado-de-la-historia\/"]}]},{"@type":"ImageObject","inLanguage":"es","@id":"https:\/\/www.sonoraenequipo.com.mx\/paleontologo-amateur-peruano-descubrio-el-cetaceo-prehistorico-mas-pesado-de-la-historia\/#primaryimage","url":"https:\/\/www.sonoraenequipo.com.mx\/storage\/2023\/08\/Mario-Urbina...-min.jpg","contentUrl":"https:\/\/www.sonoraenequipo.com.mx\/storage\/2023\/08\/Mario-Urbina...-min.jpg","width":900,"height":531},{"@type":"BreadcrumbList","@id":"https:\/\/www.sonoraenequipo.com.mx\/paleontologo-amateur-peruano-descubrio-el-cetaceo-prehistorico-mas-pesado-de-la-historia\/#breadcrumb","itemListElement":[{"@type":"ListItem","position":1,"name":"Portada","item":"https:\/\/www.sonoraenequipo.com.mx\/"},{"@type":"ListItem","position":2,"name":"Paleont\u00f3logo amateur peruano descubri\u00f3 el cet\u00e1ceo prehist\u00f3rico m\u00e1s pesado de la historia"}]},{"@type":"WebSite","@id":"https:\/\/www.sonoraenequipo.com.mx\/#website","url":"https:\/\/www.sonoraenequipo.com.mx\/","name":"Sonora en Equipo.","description":"Diario en l\u00ednea con Noticias desde Hermosillo, Sonora","publisher":{"@id":"https:\/\/www.sonoraenequipo.com.mx\/#organization"},"potentialAction":[{"@type":"SearchAction","target":{"@type":"EntryPoint","urlTemplate":"https:\/\/www.sonoraenequipo.com.mx\/?s={search_term_string}"},"query-input":{"@type":"PropertyValueSpecification","valueRequired":true,"valueName":"search_term_string"}}],"inLanguage":"es"},{"@type":"Organization","@id":"https:\/\/www.sonoraenequipo.com.mx\/#organization","name":"Sonoraenequipo.com.mx","url":"https:\/\/www.sonoraenequipo.com.mx\/","logo":{"@type":"ImageObject","inLanguage":"es","@id":"https:\/\/www.sonoraenequipo.com.mx\/#\/schema\/logo\/image\/","url":"https:\/\/www.sonoraenequipo.com.mx\/storage\/2019\/01\/sonoraenequipo_opt.png","contentUrl":"https:\/\/www.sonoraenequipo.com.mx\/storage\/2019\/01\/sonoraenequipo_opt.png","width":375,"height":125,"caption":"Sonoraenequipo.com.mx"},"image":{"@id":"https:\/\/www.sonoraenequipo.com.mx\/#\/schema\/logo\/image\/"},"sameAs":["https:\/\/www.facebook.com\/SonoraEE\/","https:\/\/x.com\/sonoraenequipo","https:\/\/www.youtube.com\/channel\/UC338nW-lPEYmJQs4ZABQ1SQ"]},{"@type":"Person","@id":"https:\/\/www.sonoraenequipo.com.mx\/#\/schema\/person\/50102df0fb23a8fa9e8effad8fa81386","name":"enequipo","image":{"@type":"ImageObject","inLanguage":"es","@id":"https:\/\/www.sonoraenequipo.com.mx\/#\/schema\/person\/image\/","url":"https:\/\/secure.gravatar.com\/avatar\/049821681b589dabc0bc20695993ccebb09f5b5d4d790cd9251b97faac7c652b?s=96&d=blank&r=g","contentUrl":"https:\/\/secure.gravatar.com\/avatar\/049821681b589dabc0bc20695993ccebb09f5b5d4d790cd9251b97faac7c652b?s=96&d=blank&r=g","caption":"enequipo"},"sameAs":["https:\/\/www.facebook.com\/SonoraEE"]}]}},"jetpack_featured_media_url":"https:\/\/www.sonoraenequipo.com.mx\/storage\/2023\/08\/Mario-Urbina...-min.jpg","_links":{"self":[{"href":"https:\/\/www.sonoraenequipo.com.mx\/api\/wp\/v2\/posts\/172829","targetHints":{"allow":["GET"]}}],"collection":[{"href":"https:\/\/www.sonoraenequipo.com.mx\/api\/wp\/v2\/posts"}],"about":[{"href":"https:\/\/www.sonoraenequipo.com.mx\/api\/wp\/v2\/types\/post"}],"author":[{"embeddable":true,"href":"https:\/\/www.sonoraenequipo.com.mx\/api\/wp\/v2\/users\/1"}],"replies":[{"embeddable":true,"href":"https:\/\/www.sonoraenequipo.com.mx\/api\/wp\/v2\/comments?post=172829"}],"version-history":[{"count":1,"href":"https:\/\/www.sonoraenequipo.com.mx\/api\/wp\/v2\/posts\/172829\/revisions"}],"predecessor-version":[{"id":172830,"href":"https:\/\/www.sonoraenequipo.com.mx\/api\/wp\/v2\/posts\/172829\/revisions\/172830"}],"wp:featuredmedia":[{"embeddable":true,"href":"https:\/\/www.sonoraenequipo.com.mx\/api\/wp\/v2\/media\/172789"}],"wp:attachment":[{"href":"https:\/\/www.sonoraenequipo.com.mx\/api\/wp\/v2\/media?parent=172829"}],"wp:term":[{"taxonomy":"category","embeddable":true,"href":"https:\/\/www.sonoraenequipo.com.mx\/api\/wp\/v2\/categories?post=172829"},{"taxonomy":"post_tag","embeddable":true,"href":"https:\/\/www.sonoraenequipo.com.mx\/api\/wp\/v2\/tags?post=172829"}],"curies":[{"name":"wp","href":"https:\/\/api.w.org\/{rel}","templated":true}]}}