{"id":173092,"date":"2023-08-22T13:34:41","date_gmt":"2023-08-22T20:34:41","guid":{"rendered":"https:\/\/www.sonoraenequipo.com.mx\/?p=173092"},"modified":"2023-08-22T13:34:41","modified_gmt":"2023-08-22T20:34:41","slug":"violencia-politica-digital-trasciende-la-vida-de-las-mujeres-consejera-dania-ravel","status":"publish","type":"post","link":"https:\/\/www.sonoraenequipo.com.mx\/violencia-politica-digital-trasciende-la-vida-de-las-mujeres-consejera-dania-ravel\/","title":{"rendered":"Violencia pol\u00edtica digital trasciende la vida de las mujeres: Consejera Dania Ravel"},"content":{"rendered":"<p><strong>CAJEME, SONORA,MX.<\/strong><strong>\u2500\u2500<\/strong> \u00a0Clausura INE evento \u201cImpacto de la violencia digital y medi\u00e1tica en las mujeres pol\u00edticas. Testimonios y Estrategias para combatirla\u201d<\/p>\n<p>Violencia pol\u00edtica contra las mujeres por raz\u00f3n de g\u00e9nero es una amenaza contra la democracia: Arturo Castillo<\/p>\n<p>Violencia pol\u00edtica digital contra las mujeres en raz\u00f3n de g\u00e9nero atenta contra sus derechos humanos y la democracia: Sol S\u00e1nchez<\/p>\n<p>La violencia pol\u00edtica digital trasciende la vida de las mujeres, ya que lo virtual es real, y no se queda en ese \u00e1mbito, \u201ctrasciende nuestra vida cotidiana y nos afecta en lo personal y en todas nuestras relaciones, en nuestro trabajo, absolutamente en todo\u201d, afirm\u00f3 la Consejera del Instituto Nacional Electoral (INE) Dania Ravel Cuevas.<\/p>\n<p>&nbsp;<\/p>\n<p>Al clausurar el evento Impacto de la violencia digital y medi\u00e1tica en las mujeres pol\u00edticas. Testimonios y Estrategias para combatirla, la presidenta de la Comisi\u00f3n de Igualdad de G\u00e9nero y No Discriminaci\u00f3n del INE, recalc\u00f3 la necesidad de seguir trabajando en la capacitaci\u00f3n para difundir qu\u00e9 es la Violencia Pol\u00edtica contra las Mujeres en Raz\u00f3n de G\u00e9nero (VPMRG).<\/p>\n<p>&nbsp;<\/p>\n<p>\u201cAdem\u00e1s, ah\u00ed necesitamos mucho la ayuda de los medios de comunicaci\u00f3n para que no se trivialice, porque tambi\u00e9n esa trivializaci\u00f3n hace que no se entienda todav\u00eda el complejo concepto de Violencia Pol\u00edtica contra las Mujeres en Raz\u00f3n de G\u00e9nero\u201d, resalt\u00f3.<\/p>\n<p>&nbsp;<\/p>\n<p>Ravel Cuevas se mostr\u00f3 convencida de que \u201cnuestro compromiso y fortaleza redefinir\u00e1 el rumbo de la pol\u00edtica en nuestro pa\u00eds; porque s\u00f3lo nos tenemos a nosotras, debemos de trabajar por, desde y para nosotras\u201d.<\/p>\n<p>&nbsp;<\/p>\n<p>Desde la sororidad, agreg\u00f3, \u201cpodemos cambiar la conversaci\u00f3n y enfocarnos en lo que realmente importa, nuestro trabajo por el cual queremos que nos conozcan\u201d.<\/p>\n<p>&nbsp;<\/p>\n<p>Necesario acompa\u00f1amiento a mujeres v\u00edctimas de violencia digital<\/p>\n<p>&nbsp;<\/p>\n<p>Acompa\u00f1ar a mujeres v\u00edctimas de violencia pol\u00edtica en raz\u00f3n de g\u00e9nero en el \u00e1mbito digital sin revictimizar, mediante el uso de herramientas tradicionales y no tradicionales, puede ayudar a que estos hechos sean entendidos en su marco contextual y, a quienes analizan procesos electorales, as\u00ed como violencia digital, a evidenciar el grado de afectaci\u00f3n de esta violencia desde un marco de derechos humanos.<\/p>\n<p>&nbsp;<\/p>\n<p>En lo anterior coincidieron mujeres especialistas que participaron en la Mesa de Trabajo: Testimonios sobre violencia digital y medi\u00e1tica. Apuntaron que la violencia digital busca silenciar a las y los periodistas, as\u00ed como obstaculizar el ejercicio period\u00edstico y que, los avances en la normatividad para garantizar la participaci\u00f3n pol\u00edtica de las mujeres, no se ha acompa\u00f1ado por un cambio en la narrativa de los medios de comunicaci\u00f3n.<\/p>\n<p>&nbsp;<\/p>\n<p>Adem\u00e1s, enfatizaron que lo que pasa en el escenario virtual, es real y que la violencia digital contra las mujeres activa otras violencias.<\/p>\n<p>&nbsp;<\/p>\n<p>Participaron en esta mesa de trabajo la especialista sustantiva y administrativa del Proyecto CERO violencia pol\u00edtica contra las mujeres en M\u00e9xico del Programa de las Naciones Unidas para el Desarrollo (PNUD) en M\u00e9xico, Claudia Chavarr\u00eda Machado, as\u00ed como la especialista en violencia digital de Signa Lab del Instituto Tecnol\u00f3gico y de Estudios Superiores de Occidente (ITESO), Paloma L\u00f3pez Portillo V\u00e1zquez.<\/p>\n<p>&nbsp;<\/p>\n<p>Asimismo, la Coordinadora de Estrategias de Comunicaci\u00f3n de Cimac, Cirenia Celestino Ortega y la abogada del programa Internet feminista de Luchadoras Mx, Elizabeth Avenda\u00f1o Rojas.<\/p>\n<p>&nbsp;<\/p>\n<p>Violencia pol\u00edtica digital contra las mujeres requiere de la colaboraci\u00f3n de diversos sectores<\/p>\n<p>&nbsp;<\/p>\n<p>Al moderar la mesa Herramientas pr\u00e1cticas para la prevenci\u00f3n y combate de la violencia digital y medi\u00e1tica contra las mujeres, el Consejero Arturo Castillo Loza cit\u00f3 a Madeleine Albright \u2013primera Secretaria de Estado de Estados Unidos- quien dijo que \u201cla violencia pol\u00edtica contra las mujeres por raz\u00f3n de g\u00e9nero, no es s\u00f3lo una amenaza contra las mujeres, sino una amenaza contra la democracia\u201d.<\/p>\n<p>&nbsp;<\/p>\n<p>En este sentido, para que se pueda resolver esta problem\u00e1tica es fundamental la colaboraci\u00f3n, no s\u00f3lo de autoridades y empresas, sino tambi\u00e9n de la sociedad civil. \u201cEs, a fin de cuentas, como la construcci\u00f3n de toda democracia, una responsabilidad de todos\u201d, subray\u00f3.<\/p>\n<p>&nbsp;<\/p>\n<p>En esta mesa participaron Mariana Salazar Albornoz, de la Gerencia Regional para M\u00e9xico y Am\u00e9rica Central, Asociaci\u00f3n Latinoamericana de Internet (ALAI); Glenda Michel Guti\u00e9rrez, Gerente de Pol\u00edticas P\u00fablicas para M\u00e9xico, Centroam\u00e9rica y el Caribe en Meta; el Director de Asuntos P\u00fablicos de TikTok Latinoam\u00e9rica, Edgar Rodr\u00edguez Rudich y la Coordinadora del Proyecto CERO violencia pol\u00edtica contra las mujeres en M\u00e9xico del PNUD en M\u00e9xico, Fernanda Uro Aboites, quienes presentaron diversas herramientas innovadoras en la materia.<\/p>\n<p>&nbsp;<\/p>\n<p>En el caso de Meta, Glenda Michel Guti\u00e9rrez comparti\u00f3 las medidas relevantes para la seguridad de las mujeres en pol\u00edtica, entre las que destacan las pol\u00edticas contra el acoso, acoso sexual, amenazas, difusi\u00f3n de im\u00e1genes \u00edntimas sin consentimiento y herramientas contra discursos de odio.<\/p>\n<p>&nbsp;<\/p>\n<p>Por su parte, Edgar Rodr\u00edguez Rudich, representante de TikTok, mencion\u00f3 que dicha plataforma no es una red social, sino un espacio de entretenimiento; sus normas se basan en el equilibrio, la dignidad, la utilidad y la perspectiva de equidad; adem\u00e1s que, en \u00e9sta hay tolerancia a todas las personas, siempre y cuando no ataquen ni vulneren los derechos de otros o de sectores de la poblaci\u00f3n.<\/p>\n<p>&nbsp;<\/p>\n<p>Las personas participantes en este panel establecieron que la violencia pol\u00edtica digital contra las mujeres es un fen\u00f3meno multidisciplinario, multiactoral, interseccional, que afecta a las mujeres en todo el pa\u00eds y, por lo tanto, la \u00fanica manera de llegar a soluciones es que todas las y los actores de distintos sectores trabajen en conjunto.<\/p>\n<p>&nbsp;<\/p>\n<p>Violencia pol\u00edtica digital contra las mujeres atenta contra la democracia<\/p>\n<p>&nbsp;<\/p>\n<p>En el marco de la mesa de di\u00e1logo para la propuesta de acciones rumbo al Proceso Electoral Federal (PEF) 2024, la Oficial Nacional de G\u00e9nero del PNUD, Sol S\u00e1nchez Rabanal, asegur\u00f3 que la violencia pol\u00edtica digital contra las mujeres en raz\u00f3n de g\u00e9nero es uno de los mayores agravantes en la actualidad que atenta no s\u00f3lo contra la integridad de las mujeres pol\u00edticas, sino contra sus derechos humanos y la democracia misma.<\/p>\n<p>&nbsp;<\/p>\n<p>\u201cMientras sigamos experimentando este fen\u00f3meno de la violencia pol\u00edtica en raz\u00f3n de g\u00e9nero, no podemos decir que habremos alcanzado una democracia plena y, por lo tanto, incide en nuestros propios derechos pol\u00edticos y electorales. Aunque no seamos nosotras y nosotros quienes estamos sufriendo directamente la violencia, el hecho de que nuestros candidatos y candidatas la sufran, afecta indirectamente en nuestra toma de decisiones\u201d, dijo.<\/p>\n<p>&nbsp;<\/p>\n<p>De cara al inicio del PEF m\u00e1s grande que ha tenido el pa\u00eds hasta el momento, Sol S\u00e1nchez consider\u00f3 fundamental continuar explorando el tema de Violencia Pol\u00edtica contra las Mujeres en Raz\u00f3n de G\u00e9nero, espec\u00edficamente en el \u00e1mbito digital y medi\u00e1tico, \u201cporque es donde encontramos la mayor cantidad de expresiones de este tipo de violencia contra las mujeres\u201d.<\/p>\n<p>&nbsp;<\/p>\n<p>De ah\u00ed la importancia de la presentaci\u00f3n de las recomendaciones a las que llegaron en 2021 PIT Policy Lab, en colaboraci\u00f3n con PNUD M\u00e9xico, ONU Mujeres, Facebook -ahora Meta-, UNAM Civic Innovation Lab, 50+1 y EMANT Consultores para los \u00f3rganos electorales, la sociedad civil, las mujeres en la pol\u00edtica y organismos internacionales.<\/p>\n<p>&nbsp;<\/p>\n<p>Presentan recomendaciones en materia de violencia digital<\/p>\n<p>&nbsp;<\/p>\n<p>Estas recomendaciones, contenidas en el reporte Candidaturas Paritarias y Violencia Pol\u00edtica Digital en M\u00e9xico 2021, fueron presentadas por la Directora de PIT Policy Lab, Cristina Mart\u00ednez Pinto, quien mencion\u00f3 que, en el caso de plataformas digitales, se necesita crear puentes con las mujeres en pol\u00edtica para retroalimentar las acciones de las plataformas frente a la Violencia Pol\u00edtica contra las Mujeres en Raz\u00f3n de G\u00e9nero (VPMRG).<\/p>\n<p>&nbsp;<\/p>\n<p>A candidatas y candidatos, se requiere entender la VPMRG como un fen\u00f3meno que impacta a todas y todos, as\u00ed como el acercamiento con autoridades electorales para conocer el fen\u00f3meno y los mecanismos de denuncia. A los partidos pol\u00edticos, se les recomienda operativizar los marcos de inclusi\u00f3n de las mujeres y medidas para prevenir y sancionar la VPMRG y modificar sus estatutos para incorporarla como un fen\u00f3meno a mitigar.<\/p>\n<p>&nbsp;<\/p>\n<p>Finalmente, a las autoridades electorales se les recomienda convocar a di\u00e1logos en torno a los retos estructurales de la competencia igualitaria; acercar el fen\u00f3meno de la VPMRG a la poblaci\u00f3n en general y crear campa\u00f1as de comunicaci\u00f3n espec\u00edficas sobre este tema.<\/p>\n<p>&nbsp;<\/p>\n<p>El reporte referido puede consultarse en: <a href=\"https:\/\/www.policylab.tech\/_files\/ugd\/0e03be_b3a3d90e3c3b448a8d072995ae4741af.pdf?lang=es\">https:\/\/www.policylab.tech\/_files\/ugd\/0e03be_b3a3d90e3c3b448a8d072995ae4741af.pdf?lang=es<\/a>. \u00a0Esta \u00faltima mesa del foro fue moderada por la Directora de la Unidad T\u00e9cnica de Igualdad de G\u00e9nero y No Discriminaci\u00f3n del INE, Flor Dessir\u00e9 Le\u00f3n Hern\u00e1ndez, quien realiz\u00f3 la relator\u00eda de las mesas de trabajo Testimonios sobre violencia digital y medi\u00e1tica y Herramientas pr\u00e1cticas para la prevenci\u00f3n y combate de la violencia digital y medi\u00e1tica contra las mujeres.<\/p>\n<p><strong>Fecha de publicaci\u00f3n martes 22 de agosto \u00a0de 2023<\/strong><\/p>\n<p>&nbsp;<\/p>\n","protected":false},"excerpt":{"rendered":"<p>CAJEME, SONORA,MX.\u2500\u2500 \u00a0Clausura INE evento \u201cImpacto de la violencia digital y medi\u00e1tica en las mujeres&#8230;<\/p>\n","protected":false},"author":1,"featured_media":173093,"comment_status":"open","ping_status":"open","sticky":false,"template":"","format":"standard","meta":{"_monsterinsights_skip_tracking":false,"_monsterinsights_sitenote_active":false,"_monsterinsights_sitenote_note":"","_monsterinsights_sitenote_category":0,"footnotes":""},"categories":[5],"tags":[3825,2080,77,369],"class_list":["post"],"yoast_head":" \n<title>Sonora en Equipo. Violencia pol\u00edtica digital trasciende la vida de las mujeres: Consejera Dania Ravel Rep\u00fablica<\/title>\n<meta name=\"description\" content=\"CAJEME, SONORA,MX.\u2500\u2500 \u00a0Clausura INE evento \u201cImpacto de la violencia digital y medi\u00e1tica en las mujeres pol\u00edticas. Testimonios y Estrategias para En Sonora en Equipo publicamos toda la informaci\u00f3n de Sonora, M\u00e9xico y el Mundo de manera oportuna y busca que la libertad de expresi\u00f3n sea real. Visita nuestro medio informativo publicado desde Hermosillo, Sonora. %\" \/>\n<meta name=\"robots\" content=\"index, follow, max-snippet:-1, max-image-preview:large, max-video-preview:-1\" \/>\n<link rel=\"canonical\" href=\"https:\/\/www.sonoraenequipo.com.mx\/violencia-politica-digital-trasciende-la-vida-de-las-mujeres-consejera-dania-ravel\/\" \/>\n<meta property=\"og:locale\" content=\"es_ES\" \/>\n<meta property=\"og:type\" content=\"article\" \/>\n<meta property=\"og:title\" content=\"Sonora en Equipo. Violencia pol\u00edtica digital trasciende la vida de las mujeres: Consejera Dania Ravel Rep\u00fablica\" \/>\n<meta property=\"og:description\" content=\"CAJEME, SONORA,MX.\u2500\u2500 \u00a0Clausura INE evento \u201cImpacto de la violencia digital y medi\u00e1tica en las mujeres pol\u00edticas. Testimonios y Estrategias para En Sonora en Equipo publicamos toda la informaci\u00f3n de Sonora, M\u00e9xico y el Mundo de manera oportuna y busca que la libertad de expresi\u00f3n sea real. Visita nuestro medio informativo publicado desde Hermosillo, Sonora. %\" \/>\n<meta property=\"og:url\" content=\"https:\/\/www.sonoraenequipo.com.mx\/violencia-politica-digital-trasciende-la-vida-de-las-mujeres-consejera-dania-ravel\/\" \/>\n<meta property=\"og:site_name\" content=\"Sonora en Equipo.\" \/>\n<meta property=\"article:publisher\" content=\"https:\/\/www.facebook.com\/SonoraEE\/\" \/>\n<meta property=\"article:author\" content=\"https:\/\/www.facebook.com\/SonoraEE\" \/>\n<meta property=\"article:published_time\" content=\"2023-08-22T20:34:41+00:00\" \/>\n<meta property=\"og:image\" content=\"https:\/\/www.sonoraenequipo.com.mx\/storage\/2023\/08\/dania-ravel.jpg\" \/>\n\t<meta property=\"og:image:width\" content=\"600\" \/>\n\t<meta property=\"og:image:height\" content=\"400\" \/>\n\t<meta property=\"og:image:type\" content=\"image\/jpeg\" \/>\n<meta name=\"author\" content=\"enequipo\" \/>\n<meta name=\"twitter:card\" content=\"summary_large_image\" \/>\n<meta name=\"twitter:creator\" content=\"@sonoraenequipo\" \/>\n<meta name=\"twitter:site\" content=\"@sonoraenequipo\" \/>\n<meta name=\"twitter:label1\" content=\"Escrito por\" \/>\n\t<meta name=\"twitter:data1\" content=\"enequipo\" \/>\n\t<meta name=\"twitter:label2\" content=\"Tiempo de lectura\" \/>\n\t<meta name=\"twitter:data2\" content=\"8 minutos\" \/>\n<script type=\"application\/ld+json\" class=\"yoast-schema-graph\">{\"@context\":\"https:\/\/schema.org\",\"@graph\":[{\"@type\":\"Article\",\"@id\":\"https:\/\/www.sonoraenequipo.com.mx\/violencia-politica-digital-trasciende-la-vida-de-las-mujeres-consejera-dania-ravel\/#article\",\"isPartOf\":{\"@id\":\"https:\/\/www.sonoraenequipo.com.mx\/violencia-politica-digital-trasciende-la-vida-de-las-mujeres-consejera-dania-ravel\/\"},\"author\":{\"name\":\"enequipo\",\"@id\":\"https:\/\/www.sonoraenequipo.com.mx\/#\/schema\/person\/50102df0fb23a8fa9e8effad8fa81386\"},\"headline\":\"Violencia pol\u00edtica digital trasciende la vida de las mujeres: Consejera Dania Ravel\",\"datePublished\":\"2023-08-22T20:34:41+00:00\",\"mainEntityOfPage\":{\"@id\":\"https:\/\/www.sonoraenequipo.com.mx\/violencia-politica-digital-trasciende-la-vida-de-las-mujeres-consejera-dania-ravel\/\"},\"wordCount\":1589,\"commentCount\":0,\"publisher\":{\"@id\":\"https:\/\/www.sonoraenequipo.com.mx\/#organization\"},\"image\":{\"@id\":\"https:\/\/www.sonoraenequipo.com.mx\/violencia-politica-digital-trasciende-la-vida-de-las-mujeres-consejera-dania-ravel\/#primaryimage\"},\"thumbnailUrl\":\"https:\/\/www.sonoraenequipo.com.mx\/storage\/2023\/08\/dania-ravel.jpg\",\"keywords\":[\"G\u00c9NERO\",\"mujer\",\"politica\",\"violencia\"],\"articleSection\":[\"Rep\u00fablica\"],\"inLanguage\":\"es\",\"potentialAction\":[{\"@type\":\"CommentAction\",\"name\":\"Comment\",\"target\":[\"https:\/\/www.sonoraenequipo.com.mx\/violencia-politica-digital-trasciende-la-vida-de-las-mujeres-consejera-dania-ravel\/#respond\"]}]},{\"@type\":\"WebPage\",\"@id\":\"https:\/\/www.sonoraenequipo.com.mx\/violencia-politica-digital-trasciende-la-vida-de-las-mujeres-consejera-dania-ravel\/\",\"url\":\"https:\/\/www.sonoraenequipo.com.mx\/violencia-politica-digital-trasciende-la-vida-de-las-mujeres-consejera-dania-ravel\/\",\"name\":\"Sonora en Equipo. Violencia pol\u00edtica digital trasciende la vida de las mujeres: Consejera Dania Ravel Rep\u00fablica\",\"isPartOf\":{\"@id\":\"https:\/\/www.sonoraenequipo.com.mx\/#website\"},\"primaryImageOfPage\":{\"@id\":\"https:\/\/www.sonoraenequipo.com.mx\/violencia-politica-digital-trasciende-la-vida-de-las-mujeres-consejera-dania-ravel\/#primaryimage\"},\"image\":{\"@id\":\"https:\/\/www.sonoraenequipo.com.mx\/violencia-politica-digital-trasciende-la-vida-de-las-mujeres-consejera-dania-ravel\/#primaryimage\"},\"thumbnailUrl\":\"https:\/\/www.sonoraenequipo.com.mx\/storage\/2023\/08\/dania-ravel.jpg\",\"datePublished\":\"2023-08-22T20:34:41+00:00\",\"description\":\"CAJEME, SONORA,MX.\u2500\u2500 \u00a0Clausura INE evento \u201cImpacto de la violencia digital y medi\u00e1tica en las mujeres pol\u00edticas. Testimonios y Estrategias para En Sonora en Equipo publicamos toda la informaci\u00f3n de Sonora, M\u00e9xico y el Mundo de manera oportuna y busca que la libertad de expresi\u00f3n sea real. Visita nuestro medio informativo publicado desde Hermosillo, Sonora. %\",\"breadcrumb\":{\"@id\":\"https:\/\/www.sonoraenequipo.com.mx\/violencia-politica-digital-trasciende-la-vida-de-las-mujeres-consejera-dania-ravel\/#breadcrumb\"},\"inLanguage\":\"es\",\"potentialAction\":[{\"@type\":\"ReadAction\",\"target\":[\"https:\/\/www.sonoraenequipo.com.mx\/violencia-politica-digital-trasciende-la-vida-de-las-mujeres-consejera-dania-ravel\/\"]}]},{\"@type\":\"ImageObject\",\"inLanguage\":\"es\",\"@id\":\"https:\/\/www.sonoraenequipo.com.mx\/violencia-politica-digital-trasciende-la-vida-de-las-mujeres-consejera-dania-ravel\/#primaryimage\",\"url\":\"https:\/\/www.sonoraenequipo.com.mx\/storage\/2023\/08\/dania-ravel.jpg\",\"contentUrl\":\"https:\/\/www.sonoraenequipo.com.mx\/storage\/2023\/08\/dania-ravel.jpg\",\"width\":600,\"height\":400},{\"@type\":\"BreadcrumbList\",\"@id\":\"https:\/\/www.sonoraenequipo.com.mx\/violencia-politica-digital-trasciende-la-vida-de-las-mujeres-consejera-dania-ravel\/#breadcrumb\",\"itemListElement\":[{\"@type\":\"ListItem\",\"position\":1,\"name\":\"Portada\",\"item\":\"https:\/\/www.sonoraenequipo.com.mx\/\"},{\"@type\":\"ListItem\",\"position\":2,\"name\":\"Violencia pol\u00edtica digital trasciende la vida de las mujeres: Consejera Dania Ravel\"}]},{\"@type\":\"WebSite\",\"@id\":\"https:\/\/www.sonoraenequipo.com.mx\/#website\",\"url\":\"https:\/\/www.sonoraenequipo.com.mx\/\",\"name\":\"Sonora en Equipo.\",\"description\":\"Diario en l\u00ednea con Noticias desde Hermosillo, Sonora\",\"publisher\":{\"@id\":\"https:\/\/www.sonoraenequipo.com.mx\/#organization\"},\"potentialAction\":[{\"@type\":\"SearchAction\",\"target\":{\"@type\":\"EntryPoint\",\"urlTemplate\":\"https:\/\/www.sonoraenequipo.com.mx\/?s={search_term_string}\"},\"query-input\":{\"@type\":\"PropertyValueSpecification\",\"valueRequired\":true,\"valueName\":\"search_term_string\"}}],\"inLanguage\":\"es\"},{\"@type\":\"Organization\",\"@id\":\"https:\/\/www.sonoraenequipo.com.mx\/#organization\",\"name\":\"Sonoraenequipo.com.mx\",\"url\":\"https:\/\/www.sonoraenequipo.com.mx\/\",\"logo\":{\"@type\":\"ImageObject\",\"inLanguage\":\"es\",\"@id\":\"https:\/\/www.sonoraenequipo.com.mx\/#\/schema\/logo\/image\/\",\"url\":\"https:\/\/www.sonoraenequipo.com.mx\/storage\/2019\/01\/sonoraenequipo_opt.png\",\"contentUrl\":\"https:\/\/www.sonoraenequipo.com.mx\/storage\/2019\/01\/sonoraenequipo_opt.png\",\"width\":375,\"height\":125,\"caption\":\"Sonoraenequipo.com.mx\"},\"image\":{\"@id\":\"https:\/\/www.sonoraenequipo.com.mx\/#\/schema\/logo\/image\/\"},\"sameAs\":[\"https:\/\/www.facebook.com\/SonoraEE\/\",\"https:\/\/x.com\/sonoraenequipo\",\"https:\/\/www.youtube.com\/channel\/UC338nW-lPEYmJQs4ZABQ1SQ\"]},{\"@type\":\"Person\",\"@id\":\"https:\/\/www.sonoraenequipo.com.mx\/#\/schema\/person\/50102df0fb23a8fa9e8effad8fa81386\",\"name\":\"enequipo\",\"image\":{\"@type\":\"ImageObject\",\"inLanguage\":\"es\",\"@id\":\"https:\/\/www.sonoraenequipo.com.mx\/#\/schema\/person\/image\/\",\"url\":\"https:\/\/secure.gravatar.com\/avatar\/049821681b589dabc0bc20695993ccebb09f5b5d4d790cd9251b97faac7c652b?s=96&d=blank&r=g\",\"contentUrl\":\"https:\/\/secure.gravatar.com\/avatar\/049821681b589dabc0bc20695993ccebb09f5b5d4d790cd9251b97faac7c652b?s=96&d=blank&r=g\",\"caption\":\"enequipo\"},\"sameAs\":[\"https:\/\/www.facebook.com\/SonoraEE\"]}]}<\/script>\n ","yoast_head_json":{"title":"Sonora en Equipo. Violencia pol\u00edtica digital trasciende la vida de las mujeres: Consejera Dania Ravel Rep\u00fablica","description":"CAJEME, SONORA,MX.\u2500\u2500 \u00a0Clausura INE evento \u201cImpacto de la violencia digital y medi\u00e1tica en las mujeres pol\u00edticas. Testimonios y Estrategias para En Sonora en Equipo publicamos toda la informaci\u00f3n de Sonora, M\u00e9xico y el Mundo de manera oportuna y busca que la libertad de expresi\u00f3n sea real. Visita nuestro medio informativo publicado desde Hermosillo, Sonora. %","robots":{"index":"index","follow":"follow","max-snippet":"max-snippet:-1","max-image-preview":"max-image-preview:large","max-video-preview":"max-video-preview:-1"},"canonical":"https:\/\/www.sonoraenequipo.com.mx\/violencia-politica-digital-trasciende-la-vida-de-las-mujeres-consejera-dania-ravel\/","og_locale":"es_ES","og_type":"article","og_title":"Sonora en Equipo. Violencia pol\u00edtica digital trasciende la vida de las mujeres: Consejera Dania Ravel Rep\u00fablica","og_description":"CAJEME, SONORA,MX.\u2500\u2500 \u00a0Clausura INE evento \u201cImpacto de la violencia digital y medi\u00e1tica en las mujeres pol\u00edticas. Testimonios y Estrategias para En Sonora en Equipo publicamos toda la informaci\u00f3n de Sonora, M\u00e9xico y el Mundo de manera oportuna y busca que la libertad de expresi\u00f3n sea real. Visita nuestro medio informativo publicado desde Hermosillo, Sonora. %","og_url":"https:\/\/www.sonoraenequipo.com.mx\/violencia-politica-digital-trasciende-la-vida-de-las-mujeres-consejera-dania-ravel\/","og_site_name":"Sonora en Equipo.","article_publisher":"https:\/\/www.facebook.com\/SonoraEE\/","article_author":"https:\/\/www.facebook.com\/SonoraEE","article_published_time":"2023-08-22T20:34:41+00:00","og_image":[{"width":600,"height":400,"url":"https:\/\/www.sonoraenequipo.com.mx\/storage\/2023\/08\/dania-ravel.jpg","type":"image\/jpeg"}],"author":"enequipo","twitter_card":"summary_large_image","twitter_creator":"@sonoraenequipo","twitter_site":"@sonoraenequipo","twitter_misc":{"Escrito por":"enequipo","Tiempo de lectura":"8 minutos"},"schema":{"@context":"https:\/\/schema.org","@graph":[{"@type":"Article","@id":"https:\/\/www.sonoraenequipo.com.mx\/violencia-politica-digital-trasciende-la-vida-de-las-mujeres-consejera-dania-ravel\/#article","isPartOf":{"@id":"https:\/\/www.sonoraenequipo.com.mx\/violencia-politica-digital-trasciende-la-vida-de-las-mujeres-consejera-dania-ravel\/"},"author":{"name":"enequipo","@id":"https:\/\/www.sonoraenequipo.com.mx\/#\/schema\/person\/50102df0fb23a8fa9e8effad8fa81386"},"headline":"Violencia pol\u00edtica digital trasciende la vida de las mujeres: Consejera Dania Ravel","datePublished":"2023-08-22T20:34:41+00:00","mainEntityOfPage":{"@id":"https:\/\/www.sonoraenequipo.com.mx\/violencia-politica-digital-trasciende-la-vida-de-las-mujeres-consejera-dania-ravel\/"},"wordCount":1589,"commentCount":0,"publisher":{"@id":"https:\/\/www.sonoraenequipo.com.mx\/#organization"},"image":{"@id":"https:\/\/www.sonoraenequipo.com.mx\/violencia-politica-digital-trasciende-la-vida-de-las-mujeres-consejera-dania-ravel\/#primaryimage"},"thumbnailUrl":"https:\/\/www.sonoraenequipo.com.mx\/storage\/2023\/08\/dania-ravel.jpg","keywords":["G\u00c9NERO","mujer","politica","violencia"],"articleSection":["Rep\u00fablica"],"inLanguage":"es","potentialAction":[{"@type":"CommentAction","name":"Comment","target":["https:\/\/www.sonoraenequipo.com.mx\/violencia-politica-digital-trasciende-la-vida-de-las-mujeres-consejera-dania-ravel\/#respond"]}]},{"@type":"WebPage","@id":"https:\/\/www.sonoraenequipo.com.mx\/violencia-politica-digital-trasciende-la-vida-de-las-mujeres-consejera-dania-ravel\/","url":"https:\/\/www.sonoraenequipo.com.mx\/violencia-politica-digital-trasciende-la-vida-de-las-mujeres-consejera-dania-ravel\/","name":"Sonora en Equipo. Violencia pol\u00edtica digital trasciende la vida de las mujeres: Consejera Dania Ravel Rep\u00fablica","isPartOf":{"@id":"https:\/\/www.sonoraenequipo.com.mx\/#website"},"primaryImageOfPage":{"@id":"https:\/\/www.sonoraenequipo.com.mx\/violencia-politica-digital-trasciende-la-vida-de-las-mujeres-consejera-dania-ravel\/#primaryimage"},"image":{"@id":"https:\/\/www.sonoraenequipo.com.mx\/violencia-politica-digital-trasciende-la-vida-de-las-mujeres-consejera-dania-ravel\/#primaryimage"},"thumbnailUrl":"https:\/\/www.sonoraenequipo.com.mx\/storage\/2023\/08\/dania-ravel.jpg","datePublished":"2023-08-22T20:34:41+00:00","description":"CAJEME, SONORA,MX.\u2500\u2500 \u00a0Clausura INE evento \u201cImpacto de la violencia digital y medi\u00e1tica en las mujeres pol\u00edticas. Testimonios y Estrategias para En Sonora en Equipo publicamos toda la informaci\u00f3n de Sonora, M\u00e9xico y el Mundo de manera oportuna y busca que la libertad de expresi\u00f3n sea real. Visita nuestro medio informativo publicado desde Hermosillo, Sonora. %","breadcrumb":{"@id":"https:\/\/www.sonoraenequipo.com.mx\/violencia-politica-digital-trasciende-la-vida-de-las-mujeres-consejera-dania-ravel\/#breadcrumb"},"inLanguage":"es","potentialAction":[{"@type":"ReadAction","target":["https:\/\/www.sonoraenequipo.com.mx\/violencia-politica-digital-trasciende-la-vida-de-las-mujeres-consejera-dania-ravel\/"]}]},{"@type":"ImageObject","inLanguage":"es","@id":"https:\/\/www.sonoraenequipo.com.mx\/violencia-politica-digital-trasciende-la-vida-de-las-mujeres-consejera-dania-ravel\/#primaryimage","url":"https:\/\/www.sonoraenequipo.com.mx\/storage\/2023\/08\/dania-ravel.jpg","contentUrl":"https:\/\/www.sonoraenequipo.com.mx\/storage\/2023\/08\/dania-ravel.jpg","width":600,"height":400},{"@type":"BreadcrumbList","@id":"https:\/\/www.sonoraenequipo.com.mx\/violencia-politica-digital-trasciende-la-vida-de-las-mujeres-consejera-dania-ravel\/#breadcrumb","itemListElement":[{"@type":"ListItem","position":1,"name":"Portada","item":"https:\/\/www.sonoraenequipo.com.mx\/"},{"@type":"ListItem","position":2,"name":"Violencia pol\u00edtica digital trasciende la vida de las mujeres: Consejera Dania Ravel"}]},{"@type":"WebSite","@id":"https:\/\/www.sonoraenequipo.com.mx\/#website","url":"https:\/\/www.sonoraenequipo.com.mx\/","name":"Sonora en Equipo.","description":"Diario en l\u00ednea con Noticias desde Hermosillo, Sonora","publisher":{"@id":"https:\/\/www.sonoraenequipo.com.mx\/#organization"},"potentialAction":[{"@type":"SearchAction","target":{"@type":"EntryPoint","urlTemplate":"https:\/\/www.sonoraenequipo.com.mx\/?s={search_term_string}"},"query-input":{"@type":"PropertyValueSpecification","valueRequired":true,"valueName":"search_term_string"}}],"inLanguage":"es"},{"@type":"Organization","@id":"https:\/\/www.sonoraenequipo.com.mx\/#organization","name":"Sonoraenequipo.com.mx","url":"https:\/\/www.sonoraenequipo.com.mx\/","logo":{"@type":"ImageObject","inLanguage":"es","@id":"https:\/\/www.sonoraenequipo.com.mx\/#\/schema\/logo\/image\/","url":"https:\/\/www.sonoraenequipo.com.mx\/storage\/2019\/01\/sonoraenequipo_opt.png","contentUrl":"https:\/\/www.sonoraenequipo.com.mx\/storage\/2019\/01\/sonoraenequipo_opt.png","width":375,"height":125,"caption":"Sonoraenequipo.com.mx"},"image":{"@id":"https:\/\/www.sonoraenequipo.com.mx\/#\/schema\/logo\/image\/"},"sameAs":["https:\/\/www.facebook.com\/SonoraEE\/","https:\/\/x.com\/sonoraenequipo","https:\/\/www.youtube.com\/channel\/UC338nW-lPEYmJQs4ZABQ1SQ"]},{"@type":"Person","@id":"https:\/\/www.sonoraenequipo.com.mx\/#\/schema\/person\/50102df0fb23a8fa9e8effad8fa81386","name":"enequipo","image":{"@type":"ImageObject","inLanguage":"es","@id":"https:\/\/www.sonoraenequipo.com.mx\/#\/schema\/person\/image\/","url":"https:\/\/secure.gravatar.com\/avatar\/049821681b589dabc0bc20695993ccebb09f5b5d4d790cd9251b97faac7c652b?s=96&d=blank&r=g","contentUrl":"https:\/\/secure.gravatar.com\/avatar\/049821681b589dabc0bc20695993ccebb09f5b5d4d790cd9251b97faac7c652b?s=96&d=blank&r=g","caption":"enequipo"},"sameAs":["https:\/\/www.facebook.com\/SonoraEE"]}]}},"jetpack_featured_media_url":"https:\/\/www.sonoraenequipo.com.mx\/storage\/2023\/08\/dania-ravel.jpg","_links":{"self":[{"href":"https:\/\/www.sonoraenequipo.com.mx\/api\/wp\/v2\/posts\/173092","targetHints":{"allow":["GET"]}}],"collection":[{"href":"https:\/\/www.sonoraenequipo.com.mx\/api\/wp\/v2\/posts"}],"about":[{"href":"https:\/\/www.sonoraenequipo.com.mx\/api\/wp\/v2\/types\/post"}],"author":[{"embeddable":true,"href":"https:\/\/www.sonoraenequipo.com.mx\/api\/wp\/v2\/users\/1"}],"replies":[{"embeddable":true,"href":"https:\/\/www.sonoraenequipo.com.mx\/api\/wp\/v2\/comments?post=173092"}],"version-history":[{"count":1,"href":"https:\/\/www.sonoraenequipo.com.mx\/api\/wp\/v2\/posts\/173092\/revisions"}],"predecessor-version":[{"id":173094,"href":"https:\/\/www.sonoraenequipo.com.mx\/api\/wp\/v2\/posts\/173092\/revisions\/173094"}],"wp:featuredmedia":[{"embeddable":true,"href":"https:\/\/www.sonoraenequipo.com.mx\/api\/wp\/v2\/media\/173093"}],"wp:attachment":[{"href":"https:\/\/www.sonoraenequipo.com.mx\/api\/wp\/v2\/media?parent=173092"}],"wp:term":[{"taxonomy":"category","embeddable":true,"href":"https:\/\/www.sonoraenequipo.com.mx\/api\/wp\/v2\/categories?post=173092"},{"taxonomy":"post_tag","embeddable":true,"href":"https:\/\/www.sonoraenequipo.com.mx\/api\/wp\/v2\/tags?post=173092"}],"curies":[{"name":"wp","href":"https:\/\/api.w.org\/{rel}","templated":true}]}}