{"id":173121,"date":"2023-08-22T20:54:05","date_gmt":"2023-08-23T03:54:05","guid":{"rendered":"https:\/\/www.sonoraenequipo.com.mx\/?p=173121"},"modified":"2023-08-22T20:54:05","modified_gmt":"2023-08-23T03:54:05","slug":"buscan-poner-fin-a-supuesto-conflicto-laboral-en-mina-san-martin-en-zacatecas","status":"publish","type":"post","link":"https:\/\/www.sonoraenequipo.com.mx\/buscan-poner-fin-a-supuesto-conflicto-laboral-en-mina-san-martin-en-zacatecas\/","title":{"rendered":"Buscan poner fin a\u00a0 supuesto conflicto laboral en Mina san Mart\u00edn en Zacatecas"},"content":{"rendered":"<p>Buscan poner fin a\u00a0 supuesto conflicto laboral en Mina san Mart\u00edn en Zacatecas<\/p>\n<p>\u25baLa Minera acusa a Napole\u00f3n G\u00f3mez Urrutia(actualmente senador por Morena y secretario general del sindicato minero nacional) de alargar el proceso para evitearpagar un laudo definitivo a ex trabajadores por US$ 55 millones m\u00e1s rendimientos acumulados desde 2005 ypresionar para buscar un nuevo cargo con fuero<\/p>\n<p>\u25baEl panel sobre la mina San Mart\u00edn demostrar\u00e1 que no existe violaci\u00f3n a la ley y que la voluntad de los trabajadores mineros es trabajar, dice la empresa.<\/p>\n<p><strong>CIUDAD DE M\u00c9XICO.<\/strong><strong>\u2500\u2500<\/strong> \u00a0En relaci\u00f3n con la solicitud del Gobierno de los Estados Unidos de Am\u00e9rica, paraabrir un Panel bajo las reglas del T-MEC en el que se defina si existi\u00f3 o no denegaci\u00f3n de derechos laborales en la Mina de San Mart\u00edn, en Sombrerete Zacatecas, Industrial Minera M\u00e9xico (IMMSA) informa lo siguiente:<\/p>\n<p>La empresa asume este proceso como una oportunidad para que se confirme, de una vez por todas, que nunca ha violado la Ley y menos ha impedido que sus trabajadores ejerzan sus derechos constitucionales a<\/p>\n<p>tener un trabajo digno y afiliarse a la organizaci\u00f3n sindical de su preferencia.<\/p>\n<p>Para la mina de San Mart\u00edn es importante que se ponga punto final a este episodio que desafortunadamente ha perjudicado a muchos trabajadores y a sus familias por m\u00e1s de 15 a\u00f1os y que se confirme una vez m\u00e1s que en ese centro de trabajo no subsiste huelga alguna, ya que es voluntad de los trabajadores continuar laborando.<\/p>\n<p>No existe justificaci\u00f3n para haber arrebatado a un grupo de trabajadores mineros la mitad de su vida laboral argumentando la existencia de una supuesta huelga. Napole\u00f3n G\u00f3mez Urrutia present\u00f3 la queja que dio origen a este proceso<\/p>\n<p>con dos objetivos: tener un nuevo pretexto para ignorar el laudo definitivo que lo condena a pagar 55 millones de d\u00f3lares m\u00e1s rendimientos acumulados desde 2005 a extrabajadores mineros y generar conflictos para presionar por un nuevo cargo pol\u00edtico que le d\u00e9 fuero.<\/p>\n<p>Industrial Minera M\u00e9xico conf\u00eda plenamente en la actuaci\u00f3n de las Secretar\u00edas de Econom\u00eda y del Trabajo y Previsi\u00f3n Social en el caso de la mina de San Mart\u00edn, actuaci\u00f3n que siempre ha sido apegada a la ley y ha garantizado el pleno respeto a la libre voluntad de sus trabajadores para<\/p>\n<p>ejercer sus derechos. La prioridad para la empresa son sus trabajadores y sus familias. Una comunidad entera en Zacatecas depende del trabajo que se desarrolla en la mina, la apertura de este Panel de Soluci\u00f3n de Controversias, finalmente dar\u00e1 certeza y tranquilidad a todos los habitantes de Sombrerete, Zacatecas. Luego del levantamiento de la huelga, en 2018, la unidad minera San Mart\u00edn ha recibido inversiones por m\u00e1s de 105 millones de d\u00f3lares. En sus instalaciones, seguras, modernas y sustentables, se producen m\u00e1s de un mill\u00f3n 250 mil toneladas de mineral cada a\u00f1o y generan cerca de mil 300 empleos.<\/p>\n<p><strong>Fecha de publicaci\u00f3n martes 22 de agosto \u00a0de 2023<\/strong><\/p>\n","protected":false},"excerpt":{"rendered":"<p>Buscan poner fin a\u00a0 supuesto conflicto laboral en Mina san Mart\u00edn en Zacatecas \u25baLa Minera&#8230;<\/p>\n","protected":false},"author":1,"featured_media":173122,"comment_status":"open","ping_status":"open","sticky":false,"template":"","format":"standard","meta":{"_monsterinsights_skip_tracking":false,"_monsterinsights_sitenote_active":false,"_monsterinsights_sitenote_note":"","_monsterinsights_sitenote_category":0,"footnotes":""},"categories":[5],"tags":[8831,3918,8832],"class_list":["post"],"yoast_head":" \n<title>Sonora en Equipo. Buscan poner fin a\u00a0 supuesto conflicto laboral en Mina san Mart\u00edn en Zacatecas Rep\u00fablica<\/title>\n<meta name=\"description\" content=\"Buscan poner fin a\u00a0 supuesto conflicto laboral en Mina san Mart\u00edn en Zacatecas \u25baLa Minera acusa a Napole\u00f3n G\u00f3mez Urrutia(actualmente senador por Morena y En Sonora en Equipo publicamos toda la informaci\u00f3n de Sonora, M\u00e9xico y el Mundo de manera oportuna y busca que la libertad de expresi\u00f3n sea real. Visita nuestro medio informativo publicado desde Hermosillo, Sonora. %\" \/>\n<meta name=\"robots\" content=\"index, follow, max-snippet:-1, max-image-preview:large, max-video-preview:-1\" \/>\n<link rel=\"canonical\" href=\"https:\/\/www.sonoraenequipo.com.mx\/buscan-poner-fin-a-supuesto-conflicto-laboral-en-mina-san-martin-en-zacatecas\/\" \/>\n<meta property=\"og:locale\" content=\"es_ES\" \/>\n<meta property=\"og:type\" content=\"article\" \/>\n<meta property=\"og:title\" content=\"Sonora en Equipo. Buscan poner fin a\u00a0 supuesto conflicto laboral en Mina san Mart\u00edn en Zacatecas Rep\u00fablica\" \/>\n<meta property=\"og:description\" content=\"Buscan poner fin a\u00a0 supuesto conflicto laboral en Mina san Mart\u00edn en Zacatecas \u25baLa Minera acusa a Napole\u00f3n G\u00f3mez Urrutia(actualmente senador por Morena y En Sonora en Equipo publicamos toda la informaci\u00f3n de Sonora, M\u00e9xico y el Mundo de manera oportuna y busca que la libertad de expresi\u00f3n sea real. Visita nuestro medio informativo publicado desde Hermosillo, Sonora. %\" \/>\n<meta property=\"og:url\" content=\"https:\/\/www.sonoraenequipo.com.mx\/buscan-poner-fin-a-supuesto-conflicto-laboral-en-mina-san-martin-en-zacatecas\/\" \/>\n<meta property=\"og:site_name\" content=\"Sonora en Equipo.\" \/>\n<meta property=\"article:publisher\" content=\"https:\/\/www.facebook.com\/SonoraEE\/\" \/>\n<meta property=\"article:author\" content=\"https:\/\/www.facebook.com\/SonoraEE\" \/>\n<meta property=\"article:published_time\" content=\"2023-08-23T03:54:05+00:00\" \/>\n<meta property=\"og:image\" content=\"https:\/\/www.sonoraenequipo.com.mx\/storage\/2023\/08\/minero.jpg\" \/>\n\t<meta property=\"og:image:width\" content=\"600\" \/>\n\t<meta property=\"og:image:height\" content=\"400\" \/>\n\t<meta property=\"og:image:type\" content=\"image\/jpeg\" \/>\n<meta name=\"author\" content=\"enequipo\" \/>\n<meta name=\"twitter:card\" content=\"summary_large_image\" \/>\n<meta name=\"twitter:creator\" content=\"@sonoraenequipo\" \/>\n<meta name=\"twitter:site\" content=\"@sonoraenequipo\" \/>\n<meta name=\"twitter:label1\" content=\"Escrito por\" \/>\n\t<meta name=\"twitter:data1\" content=\"enequipo\" \/>\n\t<meta name=\"twitter:label2\" content=\"Tiempo de lectura\" \/>\n\t<meta name=\"twitter:data2\" content=\"3 minutos\" \/>\n<script type=\"application\/ld+json\" class=\"yoast-schema-graph\">{\"@context\":\"https:\/\/schema.org\",\"@graph\":[{\"@type\":\"Article\",\"@id\":\"https:\/\/www.sonoraenequipo.com.mx\/buscan-poner-fin-a-supuesto-conflicto-laboral-en-mina-san-martin-en-zacatecas\/#article\",\"isPartOf\":{\"@id\":\"https:\/\/www.sonoraenequipo.com.mx\/buscan-poner-fin-a-supuesto-conflicto-laboral-en-mina-san-martin-en-zacatecas\/\"},\"author\":{\"name\":\"enequipo\",\"@id\":\"https:\/\/www.sonoraenequipo.com.mx\/#\/schema\/person\/50102df0fb23a8fa9e8effad8fa81386\"},\"headline\":\"Buscan poner fin a\u00a0 supuesto conflicto laboral en Mina san Mart\u00edn en Zacatecas\",\"datePublished\":\"2023-08-23T03:54:05+00:00\",\"mainEntityOfPage\":{\"@id\":\"https:\/\/www.sonoraenequipo.com.mx\/buscan-poner-fin-a-supuesto-conflicto-laboral-en-mina-san-martin-en-zacatecas\/\"},\"wordCount\":528,\"commentCount\":0,\"publisher\":{\"@id\":\"https:\/\/www.sonoraenequipo.com.mx\/#organization\"},\"image\":{\"@id\":\"https:\/\/www.sonoraenequipo.com.mx\/buscan-poner-fin-a-supuesto-conflicto-laboral-en-mina-san-martin-en-zacatecas\/#primaryimage\"},\"thumbnailUrl\":\"https:\/\/www.sonoraenequipo.com.mx\/storage\/2023\/08\/minero.jpg\",\"keywords\":[\"mina\",\"Napole\u00f3n G\u00f3mez\",\"san mart\u00edn\"],\"articleSection\":[\"Rep\u00fablica\"],\"inLanguage\":\"es\",\"potentialAction\":[{\"@type\":\"CommentAction\",\"name\":\"Comment\",\"target\":[\"https:\/\/www.sonoraenequipo.com.mx\/buscan-poner-fin-a-supuesto-conflicto-laboral-en-mina-san-martin-en-zacatecas\/#respond\"]}]},{\"@type\":\"WebPage\",\"@id\":\"https:\/\/www.sonoraenequipo.com.mx\/buscan-poner-fin-a-supuesto-conflicto-laboral-en-mina-san-martin-en-zacatecas\/\",\"url\":\"https:\/\/www.sonoraenequipo.com.mx\/buscan-poner-fin-a-supuesto-conflicto-laboral-en-mina-san-martin-en-zacatecas\/\",\"name\":\"Sonora en Equipo. Buscan poner fin a\u00a0 supuesto conflicto laboral en Mina san Mart\u00edn en Zacatecas Rep\u00fablica\",\"isPartOf\":{\"@id\":\"https:\/\/www.sonoraenequipo.com.mx\/#website\"},\"primaryImageOfPage\":{\"@id\":\"https:\/\/www.sonoraenequipo.com.mx\/buscan-poner-fin-a-supuesto-conflicto-laboral-en-mina-san-martin-en-zacatecas\/#primaryimage\"},\"image\":{\"@id\":\"https:\/\/www.sonoraenequipo.com.mx\/buscan-poner-fin-a-supuesto-conflicto-laboral-en-mina-san-martin-en-zacatecas\/#primaryimage\"},\"thumbnailUrl\":\"https:\/\/www.sonoraenequipo.com.mx\/storage\/2023\/08\/minero.jpg\",\"datePublished\":\"2023-08-23T03:54:05+00:00\",\"description\":\"Buscan poner fin a\u00a0 supuesto conflicto laboral en Mina san Mart\u00edn en Zacatecas \u25baLa Minera acusa a Napole\u00f3n G\u00f3mez Urrutia(actualmente senador por Morena y En Sonora en Equipo publicamos toda la informaci\u00f3n de Sonora, M\u00e9xico y el Mundo de manera oportuna y busca que la libertad de expresi\u00f3n sea real. Visita nuestro medio informativo publicado desde Hermosillo, Sonora. %\",\"breadcrumb\":{\"@id\":\"https:\/\/www.sonoraenequipo.com.mx\/buscan-poner-fin-a-supuesto-conflicto-laboral-en-mina-san-martin-en-zacatecas\/#breadcrumb\"},\"inLanguage\":\"es\",\"potentialAction\":[{\"@type\":\"ReadAction\",\"target\":[\"https:\/\/www.sonoraenequipo.com.mx\/buscan-poner-fin-a-supuesto-conflicto-laboral-en-mina-san-martin-en-zacatecas\/\"]}]},{\"@type\":\"ImageObject\",\"inLanguage\":\"es\",\"@id\":\"https:\/\/www.sonoraenequipo.com.mx\/buscan-poner-fin-a-supuesto-conflicto-laboral-en-mina-san-martin-en-zacatecas\/#primaryimage\",\"url\":\"https:\/\/www.sonoraenequipo.com.mx\/storage\/2023\/08\/minero.jpg\",\"contentUrl\":\"https:\/\/www.sonoraenequipo.com.mx\/storage\/2023\/08\/minero.jpg\",\"width\":600,\"height\":400},{\"@type\":\"BreadcrumbList\",\"@id\":\"https:\/\/www.sonoraenequipo.com.mx\/buscan-poner-fin-a-supuesto-conflicto-laboral-en-mina-san-martin-en-zacatecas\/#breadcrumb\",\"itemListElement\":[{\"@type\":\"ListItem\",\"position\":1,\"name\":\"Portada\",\"item\":\"https:\/\/www.sonoraenequipo.com.mx\/\"},{\"@type\":\"ListItem\",\"position\":2,\"name\":\"Buscan poner fin a\u00a0 supuesto conflicto laboral en Mina san Mart\u00edn en Zacatecas\"}]},{\"@type\":\"WebSite\",\"@id\":\"https:\/\/www.sonoraenequipo.com.mx\/#website\",\"url\":\"https:\/\/www.sonoraenequipo.com.mx\/\",\"name\":\"Sonora en Equipo.\",\"description\":\"Diario en l\u00ednea con Noticias desde Hermosillo, Sonora\",\"publisher\":{\"@id\":\"https:\/\/www.sonoraenequipo.com.mx\/#organization\"},\"potentialAction\":[{\"@type\":\"SearchAction\",\"target\":{\"@type\":\"EntryPoint\",\"urlTemplate\":\"https:\/\/www.sonoraenequipo.com.mx\/?s={search_term_string}\"},\"query-input\":{\"@type\":\"PropertyValueSpecification\",\"valueRequired\":true,\"valueName\":\"search_term_string\"}}],\"inLanguage\":\"es\"},{\"@type\":\"Organization\",\"@id\":\"https:\/\/www.sonoraenequipo.com.mx\/#organization\",\"name\":\"Sonoraenequipo.com.mx\",\"url\":\"https:\/\/www.sonoraenequipo.com.mx\/\",\"logo\":{\"@type\":\"ImageObject\",\"inLanguage\":\"es\",\"@id\":\"https:\/\/www.sonoraenequipo.com.mx\/#\/schema\/logo\/image\/\",\"url\":\"https:\/\/www.sonoraenequipo.com.mx\/storage\/2019\/01\/sonoraenequipo_opt.png\",\"contentUrl\":\"https:\/\/www.sonoraenequipo.com.mx\/storage\/2019\/01\/sonoraenequipo_opt.png\",\"width\":375,\"height\":125,\"caption\":\"Sonoraenequipo.com.mx\"},\"image\":{\"@id\":\"https:\/\/www.sonoraenequipo.com.mx\/#\/schema\/logo\/image\/\"},\"sameAs\":[\"https:\/\/www.facebook.com\/SonoraEE\/\",\"https:\/\/x.com\/sonoraenequipo\",\"https:\/\/www.youtube.com\/channel\/UC338nW-lPEYmJQs4ZABQ1SQ\"]},{\"@type\":\"Person\",\"@id\":\"https:\/\/www.sonoraenequipo.com.mx\/#\/schema\/person\/50102df0fb23a8fa9e8effad8fa81386\",\"name\":\"enequipo\",\"image\":{\"@type\":\"ImageObject\",\"inLanguage\":\"es\",\"@id\":\"https:\/\/www.sonoraenequipo.com.mx\/#\/schema\/person\/image\/\",\"url\":\"https:\/\/secure.gravatar.com\/avatar\/049821681b589dabc0bc20695993ccebb09f5b5d4d790cd9251b97faac7c652b?s=96&d=blank&r=g\",\"contentUrl\":\"https:\/\/secure.gravatar.com\/avatar\/049821681b589dabc0bc20695993ccebb09f5b5d4d790cd9251b97faac7c652b?s=96&d=blank&r=g\",\"caption\":\"enequipo\"},\"sameAs\":[\"https:\/\/www.facebook.com\/SonoraEE\"]}]}<\/script>\n ","yoast_head_json":{"title":"Sonora en Equipo. Buscan poner fin a\u00a0 supuesto conflicto laboral en Mina san Mart\u00edn en Zacatecas Rep\u00fablica","description":"Buscan poner fin a\u00a0 supuesto conflicto laboral en Mina san Mart\u00edn en Zacatecas \u25baLa Minera acusa a Napole\u00f3n G\u00f3mez Urrutia(actualmente senador por Morena y En Sonora en Equipo publicamos toda la informaci\u00f3n de Sonora, M\u00e9xico y el Mundo de manera oportuna y busca que la libertad de expresi\u00f3n sea real. Visita nuestro medio informativo publicado desde Hermosillo, Sonora. %","robots":{"index":"index","follow":"follow","max-snippet":"max-snippet:-1","max-image-preview":"max-image-preview:large","max-video-preview":"max-video-preview:-1"},"canonical":"https:\/\/www.sonoraenequipo.com.mx\/buscan-poner-fin-a-supuesto-conflicto-laboral-en-mina-san-martin-en-zacatecas\/","og_locale":"es_ES","og_type":"article","og_title":"Sonora en Equipo. Buscan poner fin a\u00a0 supuesto conflicto laboral en Mina san Mart\u00edn en Zacatecas Rep\u00fablica","og_description":"Buscan poner fin a\u00a0 supuesto conflicto laboral en Mina san Mart\u00edn en Zacatecas \u25baLa Minera acusa a Napole\u00f3n G\u00f3mez Urrutia(actualmente senador por Morena y En Sonora en Equipo publicamos toda la informaci\u00f3n de Sonora, M\u00e9xico y el Mundo de manera oportuna y busca que la libertad de expresi\u00f3n sea real. Visita nuestro medio informativo publicado desde Hermosillo, Sonora. %","og_url":"https:\/\/www.sonoraenequipo.com.mx\/buscan-poner-fin-a-supuesto-conflicto-laboral-en-mina-san-martin-en-zacatecas\/","og_site_name":"Sonora en Equipo.","article_publisher":"https:\/\/www.facebook.com\/SonoraEE\/","article_author":"https:\/\/www.facebook.com\/SonoraEE","article_published_time":"2023-08-23T03:54:05+00:00","og_image":[{"width":600,"height":400,"url":"https:\/\/www.sonoraenequipo.com.mx\/storage\/2023\/08\/minero.jpg","type":"image\/jpeg"}],"author":"enequipo","twitter_card":"summary_large_image","twitter_creator":"@sonoraenequipo","twitter_site":"@sonoraenequipo","twitter_misc":{"Escrito por":"enequipo","Tiempo de lectura":"3 minutos"},"schema":{"@context":"https:\/\/schema.org","@graph":[{"@type":"Article","@id":"https:\/\/www.sonoraenequipo.com.mx\/buscan-poner-fin-a-supuesto-conflicto-laboral-en-mina-san-martin-en-zacatecas\/#article","isPartOf":{"@id":"https:\/\/www.sonoraenequipo.com.mx\/buscan-poner-fin-a-supuesto-conflicto-laboral-en-mina-san-martin-en-zacatecas\/"},"author":{"name":"enequipo","@id":"https:\/\/www.sonoraenequipo.com.mx\/#\/schema\/person\/50102df0fb23a8fa9e8effad8fa81386"},"headline":"Buscan poner fin a\u00a0 supuesto conflicto laboral en Mina san Mart\u00edn en Zacatecas","datePublished":"2023-08-23T03:54:05+00:00","mainEntityOfPage":{"@id":"https:\/\/www.sonoraenequipo.com.mx\/buscan-poner-fin-a-supuesto-conflicto-laboral-en-mina-san-martin-en-zacatecas\/"},"wordCount":528,"commentCount":0,"publisher":{"@id":"https:\/\/www.sonoraenequipo.com.mx\/#organization"},"image":{"@id":"https:\/\/www.sonoraenequipo.com.mx\/buscan-poner-fin-a-supuesto-conflicto-laboral-en-mina-san-martin-en-zacatecas\/#primaryimage"},"thumbnailUrl":"https:\/\/www.sonoraenequipo.com.mx\/storage\/2023\/08\/minero.jpg","keywords":["mina","Napole\u00f3n G\u00f3mez","san mart\u00edn"],"articleSection":["Rep\u00fablica"],"inLanguage":"es","potentialAction":[{"@type":"CommentAction","name":"Comment","target":["https:\/\/www.sonoraenequipo.com.mx\/buscan-poner-fin-a-supuesto-conflicto-laboral-en-mina-san-martin-en-zacatecas\/#respond"]}]},{"@type":"WebPage","@id":"https:\/\/www.sonoraenequipo.com.mx\/buscan-poner-fin-a-supuesto-conflicto-laboral-en-mina-san-martin-en-zacatecas\/","url":"https:\/\/www.sonoraenequipo.com.mx\/buscan-poner-fin-a-supuesto-conflicto-laboral-en-mina-san-martin-en-zacatecas\/","name":"Sonora en Equipo. Buscan poner fin a\u00a0 supuesto conflicto laboral en Mina san Mart\u00edn en Zacatecas Rep\u00fablica","isPartOf":{"@id":"https:\/\/www.sonoraenequipo.com.mx\/#website"},"primaryImageOfPage":{"@id":"https:\/\/www.sonoraenequipo.com.mx\/buscan-poner-fin-a-supuesto-conflicto-laboral-en-mina-san-martin-en-zacatecas\/#primaryimage"},"image":{"@id":"https:\/\/www.sonoraenequipo.com.mx\/buscan-poner-fin-a-supuesto-conflicto-laboral-en-mina-san-martin-en-zacatecas\/#primaryimage"},"thumbnailUrl":"https:\/\/www.sonoraenequipo.com.mx\/storage\/2023\/08\/minero.jpg","datePublished":"2023-08-23T03:54:05+00:00","description":"Buscan poner fin a\u00a0 supuesto conflicto laboral en Mina san Mart\u00edn en Zacatecas \u25baLa Minera acusa a Napole\u00f3n G\u00f3mez Urrutia(actualmente senador por Morena y En Sonora en Equipo publicamos toda la informaci\u00f3n de Sonora, M\u00e9xico y el Mundo de manera oportuna y busca que la libertad de expresi\u00f3n sea real. Visita nuestro medio informativo publicado desde Hermosillo, Sonora. %","breadcrumb":{"@id":"https:\/\/www.sonoraenequipo.com.mx\/buscan-poner-fin-a-supuesto-conflicto-laboral-en-mina-san-martin-en-zacatecas\/#breadcrumb"},"inLanguage":"es","potentialAction":[{"@type":"ReadAction","target":["https:\/\/www.sonoraenequipo.com.mx\/buscan-poner-fin-a-supuesto-conflicto-laboral-en-mina-san-martin-en-zacatecas\/"]}]},{"@type":"ImageObject","inLanguage":"es","@id":"https:\/\/www.sonoraenequipo.com.mx\/buscan-poner-fin-a-supuesto-conflicto-laboral-en-mina-san-martin-en-zacatecas\/#primaryimage","url":"https:\/\/www.sonoraenequipo.com.mx\/storage\/2023\/08\/minero.jpg","contentUrl":"https:\/\/www.sonoraenequipo.com.mx\/storage\/2023\/08\/minero.jpg","width":600,"height":400},{"@type":"BreadcrumbList","@id":"https:\/\/www.sonoraenequipo.com.mx\/buscan-poner-fin-a-supuesto-conflicto-laboral-en-mina-san-martin-en-zacatecas\/#breadcrumb","itemListElement":[{"@type":"ListItem","position":1,"name":"Portada","item":"https:\/\/www.sonoraenequipo.com.mx\/"},{"@type":"ListItem","position":2,"name":"Buscan poner fin a\u00a0 supuesto conflicto laboral en Mina san Mart\u00edn en Zacatecas"}]},{"@type":"WebSite","@id":"https:\/\/www.sonoraenequipo.com.mx\/#website","url":"https:\/\/www.sonoraenequipo.com.mx\/","name":"Sonora en Equipo.","description":"Diario en l\u00ednea con Noticias desde Hermosillo, Sonora","publisher":{"@id":"https:\/\/www.sonoraenequipo.com.mx\/#organization"},"potentialAction":[{"@type":"SearchAction","target":{"@type":"EntryPoint","urlTemplate":"https:\/\/www.sonoraenequipo.com.mx\/?s={search_term_string}"},"query-input":{"@type":"PropertyValueSpecification","valueRequired":true,"valueName":"search_term_string"}}],"inLanguage":"es"},{"@type":"Organization","@id":"https:\/\/www.sonoraenequipo.com.mx\/#organization","name":"Sonoraenequipo.com.mx","url":"https:\/\/www.sonoraenequipo.com.mx\/","logo":{"@type":"ImageObject","inLanguage":"es","@id":"https:\/\/www.sonoraenequipo.com.mx\/#\/schema\/logo\/image\/","url":"https:\/\/www.sonoraenequipo.com.mx\/storage\/2019\/01\/sonoraenequipo_opt.png","contentUrl":"https:\/\/www.sonoraenequipo.com.mx\/storage\/2019\/01\/sonoraenequipo_opt.png","width":375,"height":125,"caption":"Sonoraenequipo.com.mx"},"image":{"@id":"https:\/\/www.sonoraenequipo.com.mx\/#\/schema\/logo\/image\/"},"sameAs":["https:\/\/www.facebook.com\/SonoraEE\/","https:\/\/x.com\/sonoraenequipo","https:\/\/www.youtube.com\/channel\/UC338nW-lPEYmJQs4ZABQ1SQ"]},{"@type":"Person","@id":"https:\/\/www.sonoraenequipo.com.mx\/#\/schema\/person\/50102df0fb23a8fa9e8effad8fa81386","name":"enequipo","image":{"@type":"ImageObject","inLanguage":"es","@id":"https:\/\/www.sonoraenequipo.com.mx\/#\/schema\/person\/image\/","url":"https:\/\/secure.gravatar.com\/avatar\/049821681b589dabc0bc20695993ccebb09f5b5d4d790cd9251b97faac7c652b?s=96&d=blank&r=g","contentUrl":"https:\/\/secure.gravatar.com\/avatar\/049821681b589dabc0bc20695993ccebb09f5b5d4d790cd9251b97faac7c652b?s=96&d=blank&r=g","caption":"enequipo"},"sameAs":["https:\/\/www.facebook.com\/SonoraEE"]}]}},"jetpack_featured_media_url":"https:\/\/www.sonoraenequipo.com.mx\/storage\/2023\/08\/minero.jpg","_links":{"self":[{"href":"https:\/\/www.sonoraenequipo.com.mx\/api\/wp\/v2\/posts\/173121","targetHints":{"allow":["GET"]}}],"collection":[{"href":"https:\/\/www.sonoraenequipo.com.mx\/api\/wp\/v2\/posts"}],"about":[{"href":"https:\/\/www.sonoraenequipo.com.mx\/api\/wp\/v2\/types\/post"}],"author":[{"embeddable":true,"href":"https:\/\/www.sonoraenequipo.com.mx\/api\/wp\/v2\/users\/1"}],"replies":[{"embeddable":true,"href":"https:\/\/www.sonoraenequipo.com.mx\/api\/wp\/v2\/comments?post=173121"}],"version-history":[{"count":1,"href":"https:\/\/www.sonoraenequipo.com.mx\/api\/wp\/v2\/posts\/173121\/revisions"}],"predecessor-version":[{"id":173123,"href":"https:\/\/www.sonoraenequipo.com.mx\/api\/wp\/v2\/posts\/173121\/revisions\/173123"}],"wp:featuredmedia":[{"embeddable":true,"href":"https:\/\/www.sonoraenequipo.com.mx\/api\/wp\/v2\/media\/173122"}],"wp:attachment":[{"href":"https:\/\/www.sonoraenequipo.com.mx\/api\/wp\/v2\/media?parent=173121"}],"wp:term":[{"taxonomy":"category","embeddable":true,"href":"https:\/\/www.sonoraenequipo.com.mx\/api\/wp\/v2\/categories?post=173121"},{"taxonomy":"post_tag","embeddable":true,"href":"https:\/\/www.sonoraenequipo.com.mx\/api\/wp\/v2\/tags?post=173121"}],"curies":[{"name":"wp","href":"https:\/\/api.w.org\/{rel}","templated":true}]}}