{"id":173549,"date":"2023-08-28T13:27:17","date_gmt":"2023-08-28T20:27:17","guid":{"rendered":"https:\/\/www.sonoraenequipo.com.mx\/?p=173549"},"modified":"2023-08-28T13:27:17","modified_gmt":"2023-08-28T20:27:17","slug":"inicia-con-gran-exito-ciclo-escolar-2023-2024-en-sonora-alfonso-durazo","status":"publish","type":"post","link":"https:\/\/www.sonoraenequipo.com.mx\/inicia-con-gran-exito-ciclo-escolar-2023-2024-en-sonora-alfonso-durazo\/","title":{"rendered":"Inicia con gran \u00e9xito ciclo escolar 2023-2024 en Sonora: Alfonso Durazo"},"content":{"rendered":"<p><strong>HERMOSILLO, SONORA,MX.<\/strong><strong>\u2500\u2500<\/strong> Con el retorno a las aulas de m\u00e1s de 486 mil estudiantes de nivel b\u00e1sico, se dio con gran \u00e9xito el arranque del Ciclo Escolar 2023-2024 en Sonora, destac\u00f3 el gobernador Alfonso Durazo Monta\u00f1o, quien encabez\u00f3 la ceremonia oficial del inicio de clases en la Telesecundaria n\u00famero 74 \u201cFrancisco Galaviz G\u00f3mez\u201d, en Hermosillo.<\/p>\n<p>&nbsp;<\/p>\n<p>&nbsp;<\/p>\n<p>&nbsp;<\/p>\n<p>Acompa\u00f1ado por autoridades municipales, estatales y federales, el mandatario estatal mencion\u00f3 que, habiendo superado la etapa de pandemia, los planteles escolares este a\u00f1o se encuentran en completo funcionamiento, para lo cual se realiz\u00f3 una inversi\u00f3n por parte del Gobierno de Sonora superior a los mil millones de pesos.<\/p>\n<p>&nbsp;<\/p>\n<p>&nbsp;<\/p>\n<p>&nbsp;<\/p>\n<p>\u201cLo van a iniciar en mejores condiciones que el a\u00f1o pasado. El a\u00f1o pasado ven\u00edamos cerrando la etapa de la pandemia y encontramos las escuelas en un estado deplorable. En este momento, hemos hecho un esfuerzo muy importante durante este a\u00f1o: una inversi\u00f3n de mil 22 millones de pesos para tener las escuelas en condiciones dignas para prestar su servicio de ense\u00f1anza\u201d, indic\u00f3.<\/p>\n<p>&nbsp;<\/p>\n<p>&nbsp;<\/p>\n<p>&nbsp;<\/p>\n<p>El gobernador Durazo Monta\u00f1o a\u00f1adi\u00f3 que este d\u00eda iniciaron clases tres mil 66 planteles en la entidad, as\u00ed como 47 mil 900 profesoras y profesores regresaron a las aulas a compartir sus conocimientos.<\/p>\n<p>&nbsp;<\/p>\n<p>&nbsp;<\/p>\n<p>&nbsp;<\/p>\n<p>Como parte de la estrategia integral para el inicio de clases que implement\u00f3 el Gobierno de Sonora, el titular del Ejecutivo estatal subray\u00f3 que se fortaleci\u00f3 el servicio del transporte p\u00fablico; en el caso de Hermosillo, con la reciente entrega de camiones, la capital sonorense alcanza 336 unidades disponibles, contra las 250 que hab\u00eda el a\u00f1o anterior. Mientras que en el estado se cont\u00f3 con una fuerza operativa de 650 unidades, con lo cual este regreso a clases se garantiz\u00f3 movilidad segura para las y los estudiantes, adem\u00e1s de seguir con la tarifa preferencial y sin incrementos para el resto de la poblaci\u00f3n.<\/p>\n<p><strong><em>Fecha de publicaci\u00f3n lunes 28 de agosto de 2023<\/em><\/strong><\/p>\n","protected":false},"excerpt":{"rendered":"<p>HERMOSILLO, SONORA,MX.\u2500\u2500 Con el retorno a las aulas de m\u00e1s de 486 mil estudiantes de&#8230;<\/p>\n","protected":false},"author":1,"featured_media":173550,"comment_status":"open","ping_status":"open","sticky":false,"template":"","format":"standard","meta":{"_monsterinsights_skip_tracking":false,"_monsterinsights_sitenote_active":false,"_monsterinsights_sitenote_note":"","_monsterinsights_sitenote_category":0,"footnotes":""},"categories":[22],"tags":[7011,8862],"class_list":["post"],"yoast_head":" \n<title>Sonora en Equipo. Inicia con gran \u00e9xito ciclo escolar 2023-2024 en Sonora: Alfonso Durazo Sonora<\/title>\n<meta name=\"description\" content=\"HERMOSILLO, SONORA,MX.\u2500\u2500 Con el retorno a las aulas de m\u00e1s de 486 mil estudiantes de nivel b\u00e1sico, se dio con gran \u00e9xito el arranque del Ciclo Escolar En Sonora en Equipo publicamos toda la informaci\u00f3n de Sonora, M\u00e9xico y el Mundo de manera oportuna y busca que la libertad de expresi\u00f3n sea real. Visita nuestro medio informativo publicado desde Hermosillo, Sonora. %\" \/>\n<meta name=\"robots\" content=\"index, follow, max-snippet:-1, max-image-preview:large, max-video-preview:-1\" \/>\n<link rel=\"canonical\" href=\"https:\/\/www.sonoraenequipo.com.mx\/inicia-con-gran-exito-ciclo-escolar-2023-2024-en-sonora-alfonso-durazo\/\" \/>\n<meta property=\"og:locale\" content=\"es_ES\" \/>\n<meta property=\"og:type\" content=\"article\" \/>\n<meta property=\"og:title\" content=\"Sonora en Equipo. Inicia con gran \u00e9xito ciclo escolar 2023-2024 en Sonora: Alfonso Durazo Sonora\" \/>\n<meta property=\"og:description\" content=\"HERMOSILLO, SONORA,MX.\u2500\u2500 Con el retorno a las aulas de m\u00e1s de 486 mil estudiantes de nivel b\u00e1sico, se dio con gran \u00e9xito el arranque del Ciclo Escolar En Sonora en Equipo publicamos toda la informaci\u00f3n de Sonora, M\u00e9xico y el Mundo de manera oportuna y busca que la libertad de expresi\u00f3n sea real. Visita nuestro medio informativo publicado desde Hermosillo, Sonora. %\" \/>\n<meta property=\"og:url\" content=\"https:\/\/www.sonoraenequipo.com.mx\/inicia-con-gran-exito-ciclo-escolar-2023-2024-en-sonora-alfonso-durazo\/\" \/>\n<meta property=\"og:site_name\" content=\"Sonora en Equipo.\" \/>\n<meta property=\"article:publisher\" content=\"https:\/\/www.facebook.com\/SonoraEE\/\" \/>\n<meta property=\"article:author\" content=\"https:\/\/www.facebook.com\/SonoraEE\" \/>\n<meta property=\"article:published_time\" content=\"2023-08-28T20:27:17+00:00\" \/>\n<meta property=\"og:image\" content=\"https:\/\/www.sonoraenequipo.com.mx\/storage\/2023\/08\/ciclo-escolar.jpg\" \/>\n\t<meta property=\"og:image:width\" content=\"600\" \/>\n\t<meta property=\"og:image:height\" content=\"400\" \/>\n\t<meta property=\"og:image:type\" content=\"image\/jpeg\" \/>\n<meta name=\"author\" content=\"enequipo\" \/>\n<meta name=\"twitter:card\" content=\"summary_large_image\" \/>\n<meta name=\"twitter:creator\" content=\"@sonoraenequipo\" \/>\n<meta name=\"twitter:site\" content=\"@sonoraenequipo\" \/>\n<meta name=\"twitter:label1\" content=\"Escrito por\" \/>\n\t<meta name=\"twitter:data1\" content=\"enequipo\" \/>\n\t<meta name=\"twitter:label2\" content=\"Tiempo de lectura\" \/>\n\t<meta name=\"twitter:data2\" content=\"2 minutos\" \/>\n<script type=\"application\/ld+json\" class=\"yoast-schema-graph\">{\"@context\":\"https:\/\/schema.org\",\"@graph\":[{\"@type\":\"Article\",\"@id\":\"https:\/\/www.sonoraenequipo.com.mx\/inicia-con-gran-exito-ciclo-escolar-2023-2024-en-sonora-alfonso-durazo\/#article\",\"isPartOf\":{\"@id\":\"https:\/\/www.sonoraenequipo.com.mx\/inicia-con-gran-exito-ciclo-escolar-2023-2024-en-sonora-alfonso-durazo\/\"},\"author\":{\"name\":\"enequipo\",\"@id\":\"https:\/\/www.sonoraenequipo.com.mx\/#\/schema\/person\/50102df0fb23a8fa9e8effad8fa81386\"},\"headline\":\"Inicia con gran \u00e9xito ciclo escolar 2023-2024 en Sonora: Alfonso Durazo\",\"datePublished\":\"2023-08-28T20:27:17+00:00\",\"mainEntityOfPage\":{\"@id\":\"https:\/\/www.sonoraenequipo.com.mx\/inicia-con-gran-exito-ciclo-escolar-2023-2024-en-sonora-alfonso-durazo\/\"},\"wordCount\":347,\"commentCount\":0,\"publisher\":{\"@id\":\"https:\/\/www.sonoraenequipo.com.mx\/#organization\"},\"image\":{\"@id\":\"https:\/\/www.sonoraenequipo.com.mx\/inicia-con-gran-exito-ciclo-escolar-2023-2024-en-sonora-alfonso-durazo\/#primaryimage\"},\"thumbnailUrl\":\"https:\/\/www.sonoraenequipo.com.mx\/storage\/2023\/08\/ciclo-escolar.jpg\",\"keywords\":[\"ciclo\",\"escolar2023-2024\"],\"articleSection\":[\"Sonora\"],\"inLanguage\":\"es\",\"potentialAction\":[{\"@type\":\"CommentAction\",\"name\":\"Comment\",\"target\":[\"https:\/\/www.sonoraenequipo.com.mx\/inicia-con-gran-exito-ciclo-escolar-2023-2024-en-sonora-alfonso-durazo\/#respond\"]}]},{\"@type\":\"WebPage\",\"@id\":\"https:\/\/www.sonoraenequipo.com.mx\/inicia-con-gran-exito-ciclo-escolar-2023-2024-en-sonora-alfonso-durazo\/\",\"url\":\"https:\/\/www.sonoraenequipo.com.mx\/inicia-con-gran-exito-ciclo-escolar-2023-2024-en-sonora-alfonso-durazo\/\",\"name\":\"Sonora en Equipo. Inicia con gran \u00e9xito ciclo escolar 2023-2024 en Sonora: Alfonso Durazo Sonora\",\"isPartOf\":{\"@id\":\"https:\/\/www.sonoraenequipo.com.mx\/#website\"},\"primaryImageOfPage\":{\"@id\":\"https:\/\/www.sonoraenequipo.com.mx\/inicia-con-gran-exito-ciclo-escolar-2023-2024-en-sonora-alfonso-durazo\/#primaryimage\"},\"image\":{\"@id\":\"https:\/\/www.sonoraenequipo.com.mx\/inicia-con-gran-exito-ciclo-escolar-2023-2024-en-sonora-alfonso-durazo\/#primaryimage\"},\"thumbnailUrl\":\"https:\/\/www.sonoraenequipo.com.mx\/storage\/2023\/08\/ciclo-escolar.jpg\",\"datePublished\":\"2023-08-28T20:27:17+00:00\",\"description\":\"HERMOSILLO, SONORA,MX.\u2500\u2500 Con el retorno a las aulas de m\u00e1s de 486 mil estudiantes de nivel b\u00e1sico, se dio con gran \u00e9xito el arranque del Ciclo Escolar En Sonora en Equipo publicamos toda la informaci\u00f3n de Sonora, M\u00e9xico y el Mundo de manera oportuna y busca que la libertad de expresi\u00f3n sea real. Visita nuestro medio informativo publicado desde Hermosillo, Sonora. %\",\"breadcrumb\":{\"@id\":\"https:\/\/www.sonoraenequipo.com.mx\/inicia-con-gran-exito-ciclo-escolar-2023-2024-en-sonora-alfonso-durazo\/#breadcrumb\"},\"inLanguage\":\"es\",\"potentialAction\":[{\"@type\":\"ReadAction\",\"target\":[\"https:\/\/www.sonoraenequipo.com.mx\/inicia-con-gran-exito-ciclo-escolar-2023-2024-en-sonora-alfonso-durazo\/\"]}]},{\"@type\":\"ImageObject\",\"inLanguage\":\"es\",\"@id\":\"https:\/\/www.sonoraenequipo.com.mx\/inicia-con-gran-exito-ciclo-escolar-2023-2024-en-sonora-alfonso-durazo\/#primaryimage\",\"url\":\"https:\/\/www.sonoraenequipo.com.mx\/storage\/2023\/08\/ciclo-escolar.jpg\",\"contentUrl\":\"https:\/\/www.sonoraenequipo.com.mx\/storage\/2023\/08\/ciclo-escolar.jpg\",\"width\":600,\"height\":400},{\"@type\":\"BreadcrumbList\",\"@id\":\"https:\/\/www.sonoraenequipo.com.mx\/inicia-con-gran-exito-ciclo-escolar-2023-2024-en-sonora-alfonso-durazo\/#breadcrumb\",\"itemListElement\":[{\"@type\":\"ListItem\",\"position\":1,\"name\":\"Portada\",\"item\":\"https:\/\/www.sonoraenequipo.com.mx\/\"},{\"@type\":\"ListItem\",\"position\":2,\"name\":\"Inicia con gran \u00e9xito ciclo escolar 2023-2024 en Sonora: Alfonso Durazo\"}]},{\"@type\":\"WebSite\",\"@id\":\"https:\/\/www.sonoraenequipo.com.mx\/#website\",\"url\":\"https:\/\/www.sonoraenequipo.com.mx\/\",\"name\":\"Sonora en Equipo.\",\"description\":\"Diario en l\u00ednea con Noticias desde Hermosillo, Sonora\",\"publisher\":{\"@id\":\"https:\/\/www.sonoraenequipo.com.mx\/#organization\"},\"potentialAction\":[{\"@type\":\"SearchAction\",\"target\":{\"@type\":\"EntryPoint\",\"urlTemplate\":\"https:\/\/www.sonoraenequipo.com.mx\/?s={search_term_string}\"},\"query-input\":{\"@type\":\"PropertyValueSpecification\",\"valueRequired\":true,\"valueName\":\"search_term_string\"}}],\"inLanguage\":\"es\"},{\"@type\":\"Organization\",\"@id\":\"https:\/\/www.sonoraenequipo.com.mx\/#organization\",\"name\":\"Sonoraenequipo.com.mx\",\"url\":\"https:\/\/www.sonoraenequipo.com.mx\/\",\"logo\":{\"@type\":\"ImageObject\",\"inLanguage\":\"es\",\"@id\":\"https:\/\/www.sonoraenequipo.com.mx\/#\/schema\/logo\/image\/\",\"url\":\"https:\/\/www.sonoraenequipo.com.mx\/storage\/2019\/01\/sonoraenequipo_opt.png\",\"contentUrl\":\"https:\/\/www.sonoraenequipo.com.mx\/storage\/2019\/01\/sonoraenequipo_opt.png\",\"width\":375,\"height\":125,\"caption\":\"Sonoraenequipo.com.mx\"},\"image\":{\"@id\":\"https:\/\/www.sonoraenequipo.com.mx\/#\/schema\/logo\/image\/\"},\"sameAs\":[\"https:\/\/www.facebook.com\/SonoraEE\/\",\"https:\/\/x.com\/sonoraenequipo\",\"https:\/\/www.youtube.com\/channel\/UC338nW-lPEYmJQs4ZABQ1SQ\"]},{\"@type\":\"Person\",\"@id\":\"https:\/\/www.sonoraenequipo.com.mx\/#\/schema\/person\/50102df0fb23a8fa9e8effad8fa81386\",\"name\":\"enequipo\",\"image\":{\"@type\":\"ImageObject\",\"inLanguage\":\"es\",\"@id\":\"https:\/\/www.sonoraenequipo.com.mx\/#\/schema\/person\/image\/\",\"url\":\"https:\/\/secure.gravatar.com\/avatar\/049821681b589dabc0bc20695993ccebb09f5b5d4d790cd9251b97faac7c652b?s=96&d=blank&r=g\",\"contentUrl\":\"https:\/\/secure.gravatar.com\/avatar\/049821681b589dabc0bc20695993ccebb09f5b5d4d790cd9251b97faac7c652b?s=96&d=blank&r=g\",\"caption\":\"enequipo\"},\"sameAs\":[\"https:\/\/www.facebook.com\/SonoraEE\"]}]}<\/script>\n ","yoast_head_json":{"title":"Sonora en Equipo. Inicia con gran \u00e9xito ciclo escolar 2023-2024 en Sonora: Alfonso Durazo Sonora","description":"HERMOSILLO, SONORA,MX.\u2500\u2500 Con el retorno a las aulas de m\u00e1s de 486 mil estudiantes de nivel b\u00e1sico, se dio con gran \u00e9xito el arranque del Ciclo Escolar En Sonora en Equipo publicamos toda la informaci\u00f3n de Sonora, M\u00e9xico y el Mundo de manera oportuna y busca que la libertad de expresi\u00f3n sea real. Visita nuestro medio informativo publicado desde Hermosillo, Sonora. %","robots":{"index":"index","follow":"follow","max-snippet":"max-snippet:-1","max-image-preview":"max-image-preview:large","max-video-preview":"max-video-preview:-1"},"canonical":"https:\/\/www.sonoraenequipo.com.mx\/inicia-con-gran-exito-ciclo-escolar-2023-2024-en-sonora-alfonso-durazo\/","og_locale":"es_ES","og_type":"article","og_title":"Sonora en Equipo. Inicia con gran \u00e9xito ciclo escolar 2023-2024 en Sonora: Alfonso Durazo Sonora","og_description":"HERMOSILLO, SONORA,MX.\u2500\u2500 Con el retorno a las aulas de m\u00e1s de 486 mil estudiantes de nivel b\u00e1sico, se dio con gran \u00e9xito el arranque del Ciclo Escolar En Sonora en Equipo publicamos toda la informaci\u00f3n de Sonora, M\u00e9xico y el Mundo de manera oportuna y busca que la libertad de expresi\u00f3n sea real. Visita nuestro medio informativo publicado desde Hermosillo, Sonora. %","og_url":"https:\/\/www.sonoraenequipo.com.mx\/inicia-con-gran-exito-ciclo-escolar-2023-2024-en-sonora-alfonso-durazo\/","og_site_name":"Sonora en Equipo.","article_publisher":"https:\/\/www.facebook.com\/SonoraEE\/","article_author":"https:\/\/www.facebook.com\/SonoraEE","article_published_time":"2023-08-28T20:27:17+00:00","og_image":[{"width":600,"height":400,"url":"https:\/\/www.sonoraenequipo.com.mx\/storage\/2023\/08\/ciclo-escolar.jpg","type":"image\/jpeg"}],"author":"enequipo","twitter_card":"summary_large_image","twitter_creator":"@sonoraenequipo","twitter_site":"@sonoraenequipo","twitter_misc":{"Escrito por":"enequipo","Tiempo de lectura":"2 minutos"},"schema":{"@context":"https:\/\/schema.org","@graph":[{"@type":"Article","@id":"https:\/\/www.sonoraenequipo.com.mx\/inicia-con-gran-exito-ciclo-escolar-2023-2024-en-sonora-alfonso-durazo\/#article","isPartOf":{"@id":"https:\/\/www.sonoraenequipo.com.mx\/inicia-con-gran-exito-ciclo-escolar-2023-2024-en-sonora-alfonso-durazo\/"},"author":{"name":"enequipo","@id":"https:\/\/www.sonoraenequipo.com.mx\/#\/schema\/person\/50102df0fb23a8fa9e8effad8fa81386"},"headline":"Inicia con gran \u00e9xito ciclo escolar 2023-2024 en Sonora: Alfonso Durazo","datePublished":"2023-08-28T20:27:17+00:00","mainEntityOfPage":{"@id":"https:\/\/www.sonoraenequipo.com.mx\/inicia-con-gran-exito-ciclo-escolar-2023-2024-en-sonora-alfonso-durazo\/"},"wordCount":347,"commentCount":0,"publisher":{"@id":"https:\/\/www.sonoraenequipo.com.mx\/#organization"},"image":{"@id":"https:\/\/www.sonoraenequipo.com.mx\/inicia-con-gran-exito-ciclo-escolar-2023-2024-en-sonora-alfonso-durazo\/#primaryimage"},"thumbnailUrl":"https:\/\/www.sonoraenequipo.com.mx\/storage\/2023\/08\/ciclo-escolar.jpg","keywords":["ciclo","escolar2023-2024"],"articleSection":["Sonora"],"inLanguage":"es","potentialAction":[{"@type":"CommentAction","name":"Comment","target":["https:\/\/www.sonoraenequipo.com.mx\/inicia-con-gran-exito-ciclo-escolar-2023-2024-en-sonora-alfonso-durazo\/#respond"]}]},{"@type":"WebPage","@id":"https:\/\/www.sonoraenequipo.com.mx\/inicia-con-gran-exito-ciclo-escolar-2023-2024-en-sonora-alfonso-durazo\/","url":"https:\/\/www.sonoraenequipo.com.mx\/inicia-con-gran-exito-ciclo-escolar-2023-2024-en-sonora-alfonso-durazo\/","name":"Sonora en Equipo. Inicia con gran \u00e9xito ciclo escolar 2023-2024 en Sonora: Alfonso Durazo Sonora","isPartOf":{"@id":"https:\/\/www.sonoraenequipo.com.mx\/#website"},"primaryImageOfPage":{"@id":"https:\/\/www.sonoraenequipo.com.mx\/inicia-con-gran-exito-ciclo-escolar-2023-2024-en-sonora-alfonso-durazo\/#primaryimage"},"image":{"@id":"https:\/\/www.sonoraenequipo.com.mx\/inicia-con-gran-exito-ciclo-escolar-2023-2024-en-sonora-alfonso-durazo\/#primaryimage"},"thumbnailUrl":"https:\/\/www.sonoraenequipo.com.mx\/storage\/2023\/08\/ciclo-escolar.jpg","datePublished":"2023-08-28T20:27:17+00:00","description":"HERMOSILLO, SONORA,MX.\u2500\u2500 Con el retorno a las aulas de m\u00e1s de 486 mil estudiantes de nivel b\u00e1sico, se dio con gran \u00e9xito el arranque del Ciclo Escolar En Sonora en Equipo publicamos toda la informaci\u00f3n de Sonora, M\u00e9xico y el Mundo de manera oportuna y busca que la libertad de expresi\u00f3n sea real. Visita nuestro medio informativo publicado desde Hermosillo, Sonora. %","breadcrumb":{"@id":"https:\/\/www.sonoraenequipo.com.mx\/inicia-con-gran-exito-ciclo-escolar-2023-2024-en-sonora-alfonso-durazo\/#breadcrumb"},"inLanguage":"es","potentialAction":[{"@type":"ReadAction","target":["https:\/\/www.sonoraenequipo.com.mx\/inicia-con-gran-exito-ciclo-escolar-2023-2024-en-sonora-alfonso-durazo\/"]}]},{"@type":"ImageObject","inLanguage":"es","@id":"https:\/\/www.sonoraenequipo.com.mx\/inicia-con-gran-exito-ciclo-escolar-2023-2024-en-sonora-alfonso-durazo\/#primaryimage","url":"https:\/\/www.sonoraenequipo.com.mx\/storage\/2023\/08\/ciclo-escolar.jpg","contentUrl":"https:\/\/www.sonoraenequipo.com.mx\/storage\/2023\/08\/ciclo-escolar.jpg","width":600,"height":400},{"@type":"BreadcrumbList","@id":"https:\/\/www.sonoraenequipo.com.mx\/inicia-con-gran-exito-ciclo-escolar-2023-2024-en-sonora-alfonso-durazo\/#breadcrumb","itemListElement":[{"@type":"ListItem","position":1,"name":"Portada","item":"https:\/\/www.sonoraenequipo.com.mx\/"},{"@type":"ListItem","position":2,"name":"Inicia con gran \u00e9xito ciclo escolar 2023-2024 en Sonora: Alfonso Durazo"}]},{"@type":"WebSite","@id":"https:\/\/www.sonoraenequipo.com.mx\/#website","url":"https:\/\/www.sonoraenequipo.com.mx\/","name":"Sonora en Equipo.","description":"Diario en l\u00ednea con Noticias desde Hermosillo, Sonora","publisher":{"@id":"https:\/\/www.sonoraenequipo.com.mx\/#organization"},"potentialAction":[{"@type":"SearchAction","target":{"@type":"EntryPoint","urlTemplate":"https:\/\/www.sonoraenequipo.com.mx\/?s={search_term_string}"},"query-input":{"@type":"PropertyValueSpecification","valueRequired":true,"valueName":"search_term_string"}}],"inLanguage":"es"},{"@type":"Organization","@id":"https:\/\/www.sonoraenequipo.com.mx\/#organization","name":"Sonoraenequipo.com.mx","url":"https:\/\/www.sonoraenequipo.com.mx\/","logo":{"@type":"ImageObject","inLanguage":"es","@id":"https:\/\/www.sonoraenequipo.com.mx\/#\/schema\/logo\/image\/","url":"https:\/\/www.sonoraenequipo.com.mx\/storage\/2019\/01\/sonoraenequipo_opt.png","contentUrl":"https:\/\/www.sonoraenequipo.com.mx\/storage\/2019\/01\/sonoraenequipo_opt.png","width":375,"height":125,"caption":"Sonoraenequipo.com.mx"},"image":{"@id":"https:\/\/www.sonoraenequipo.com.mx\/#\/schema\/logo\/image\/"},"sameAs":["https:\/\/www.facebook.com\/SonoraEE\/","https:\/\/x.com\/sonoraenequipo","https:\/\/www.youtube.com\/channel\/UC338nW-lPEYmJQs4ZABQ1SQ"]},{"@type":"Person","@id":"https:\/\/www.sonoraenequipo.com.mx\/#\/schema\/person\/50102df0fb23a8fa9e8effad8fa81386","name":"enequipo","image":{"@type":"ImageObject","inLanguage":"es","@id":"https:\/\/www.sonoraenequipo.com.mx\/#\/schema\/person\/image\/","url":"https:\/\/secure.gravatar.com\/avatar\/049821681b589dabc0bc20695993ccebb09f5b5d4d790cd9251b97faac7c652b?s=96&d=blank&r=g","contentUrl":"https:\/\/secure.gravatar.com\/avatar\/049821681b589dabc0bc20695993ccebb09f5b5d4d790cd9251b97faac7c652b?s=96&d=blank&r=g","caption":"enequipo"},"sameAs":["https:\/\/www.facebook.com\/SonoraEE"]}]}},"jetpack_featured_media_url":"https:\/\/www.sonoraenequipo.com.mx\/storage\/2023\/08\/ciclo-escolar.jpg","_links":{"self":[{"href":"https:\/\/www.sonoraenequipo.com.mx\/api\/wp\/v2\/posts\/173549","targetHints":{"allow":["GET"]}}],"collection":[{"href":"https:\/\/www.sonoraenequipo.com.mx\/api\/wp\/v2\/posts"}],"about":[{"href":"https:\/\/www.sonoraenequipo.com.mx\/api\/wp\/v2\/types\/post"}],"author":[{"embeddable":true,"href":"https:\/\/www.sonoraenequipo.com.mx\/api\/wp\/v2\/users\/1"}],"replies":[{"embeddable":true,"href":"https:\/\/www.sonoraenequipo.com.mx\/api\/wp\/v2\/comments?post=173549"}],"version-history":[{"count":1,"href":"https:\/\/www.sonoraenequipo.com.mx\/api\/wp\/v2\/posts\/173549\/revisions"}],"predecessor-version":[{"id":173551,"href":"https:\/\/www.sonoraenequipo.com.mx\/api\/wp\/v2\/posts\/173549\/revisions\/173551"}],"wp:featuredmedia":[{"embeddable":true,"href":"https:\/\/www.sonoraenequipo.com.mx\/api\/wp\/v2\/media\/173550"}],"wp:attachment":[{"href":"https:\/\/www.sonoraenequipo.com.mx\/api\/wp\/v2\/media?parent=173549"}],"wp:term":[{"taxonomy":"category","embeddable":true,"href":"https:\/\/www.sonoraenequipo.com.mx\/api\/wp\/v2\/categories?post=173549"},{"taxonomy":"post_tag","embeddable":true,"href":"https:\/\/www.sonoraenequipo.com.mx\/api\/wp\/v2\/tags?post=173549"}],"curies":[{"name":"wp","href":"https:\/\/api.w.org\/{rel}","templated":true}]}}