{"id":173703,"date":"2023-08-29T21:55:43","date_gmt":"2023-08-30T04:55:43","guid":{"rendered":"https:\/\/www.sonoraenequipo.com.mx\/?p=173703"},"modified":"2023-08-30T08:40:28","modified_gmt":"2023-08-30T15:40:28","slug":"reduce-sonora-tasa-de-desocupacion-por-debajo-de-la-media-nacional-alfonso-durazo","status":"publish","type":"post","link":"https:\/\/www.sonoraenequipo.com.mx\/reduce-sonora-tasa-de-desocupacion-por-debajo-de-la-media-nacional-alfonso-durazo\/","title":{"rendered":"Reduce Sonora tasa de desocupaci\u00f3n por debajo de la media nacional: Alfonso Durazo"},"content":{"rendered":"<p><strong>HERMOSILLO, SONORA,MX.<\/strong><strong>\u2500\u2500<\/strong> Con base en datos proporcionados por el Instituto Nacional de Estad\u00edstica y Geograf\u00eda (Inegi), la tasa de desocupaci\u00f3n en Sonora se redujo a 2.6 por ciento en el segundo trimestre del a\u00f1o, por debajo de la media nacional de 2.8 por ciento, inform\u00f3 el gobernador Alfonso Durazo Monta\u00f1o.<\/p>\n<p>&nbsp;<\/p>\n<p>El mandatario estatal a\u00f1adi\u00f3 que en el primer trimestre de 2023 se ten\u00eda un registro de 41 mil 926 personas desocupadas, mientras que en el segundo trimestre del mismo a\u00f1o dicha cifra baj\u00f3 a 39 mil 71, lo que se traduce en una recuperaci\u00f3n de la situaci\u00f3n laboral.<\/p>\n<p>&nbsp;<\/p>\n<p>Seg\u00fan la Encuesta Nacional de Ocupaci\u00f3n y Empleo (ENOE), en el rubro de desocupaci\u00f3n, Sonora presenta su nivel m\u00e1s bajo para un ciclo igual en los \u00faltimos 18 a\u00f1os.<\/p>\n<p>&nbsp;<\/p>\n<p>\u201cSonora se encuentra en el mejor momento de su historia en materia de empleo y trabajo. Despu\u00e9s de m\u00e1s de 15 a\u00f1os de registrar tasas por encima de los ocho puntos de desempleo, hoy nos encontramos por debajo de la media nacional. Sonora es una tierra de oportunidades y continuaremos trabajando para fortalecer nuestra econom\u00eda, generar desarrollo y que todo se traduzca en un mayor bienestar para las y los sonorenses\u201d, indic\u00f3.<\/p>\n<p>&nbsp;<\/p>\n<p>El gobernador Durazo Monta\u00f1o mencion\u00f3 que se increment\u00f3 la ocupaci\u00f3n en actividades terciarias, reflejando aumentos en el sector de los servicios profesionales, financieros, corporativos y en el comercio.<\/p>\n<p>&nbsp;<\/p>\n<p>Esta reducci\u00f3n de tasa hasta 2.6 puntos significa que ahora 90 mil personas ya cuentan con trabajo formal registrado ante el Instituto Mexicano del Seguro Social (IMSS), lo que representa un paso extraordinario para garantizar mayor seguridad laboral para las y los sonorenses, concluy\u00f3 el gobernador.<\/p>\n<p><strong><em>Fecha de publicaci\u00f3n\u00a0 martes 29 de agosto de 2023<\/em><\/strong><\/p>\n","protected":false},"excerpt":{"rendered":"<p>HERMOSILLO, SONORA,MX.\u2500\u2500 Con base en datos proporcionados por el Instituto Nacional de Estad\u00edstica y Geograf\u00eda&#8230;<\/p>\n","protected":false},"author":1,"featured_media":0,"comment_status":"open","ping_status":"open","sticky":false,"template":"","format":"standard","meta":{"_monsterinsights_skip_tracking":false,"_monsterinsights_sitenote_active":false,"_monsterinsights_sitenote_note":"","_monsterinsights_sitenote_category":0,"footnotes":""},"categories":[6493],"tags":[],"class_list":["post"],"yoast_head":" \n<title>Sonora en Equipo. Reduce Sonora tasa de desocupaci\u00f3n por debajo de la media nacional: Alfonso Durazo<\/title>\n<meta name=\"description\" content=\"HERMOSILLO, SONORA,MX.\u2500\u2500 Con base en datos proporcionados por el Instituto Nacional de Estad\u00edstica y Geograf\u00eda (Inegi), la tasa de desocupaci\u00f3n en Sonora En Sonora en Equipo publicamos toda la informaci\u00f3n de Sonora, M\u00e9xico y el Mundo de manera oportuna y busca que la libertad de expresi\u00f3n sea real. Visita nuestro medio informativo publicado desde Hermosillo, Sonora. %\" \/>\n<meta name=\"robots\" content=\"index, follow, max-snippet:-1, max-image-preview:large, max-video-preview:-1\" \/>\n<link rel=\"canonical\" href=\"https:\/\/www.sonoraenequipo.com.mx\/reduce-sonora-tasa-de-desocupacion-por-debajo-de-la-media-nacional-alfonso-durazo\/\" \/>\n<meta property=\"og:locale\" content=\"es_ES\" \/>\n<meta property=\"og:type\" content=\"article\" \/>\n<meta property=\"og:title\" content=\"Sonora en Equipo. Reduce Sonora tasa de desocupaci\u00f3n por debajo de la media nacional: Alfonso Durazo\" \/>\n<meta property=\"og:description\" content=\"HERMOSILLO, SONORA,MX.\u2500\u2500 Con base en datos proporcionados por el Instituto Nacional de Estad\u00edstica y Geograf\u00eda (Inegi), la tasa de desocupaci\u00f3n en Sonora En Sonora en Equipo publicamos toda la informaci\u00f3n de Sonora, M\u00e9xico y el Mundo de manera oportuna y busca que la libertad de expresi\u00f3n sea real. Visita nuestro medio informativo publicado desde Hermosillo, Sonora. %\" \/>\n<meta property=\"og:url\" content=\"https:\/\/www.sonoraenequipo.com.mx\/reduce-sonora-tasa-de-desocupacion-por-debajo-de-la-media-nacional-alfonso-durazo\/\" \/>\n<meta property=\"og:site_name\" content=\"Sonora en Equipo.\" \/>\n<meta property=\"article:publisher\" content=\"https:\/\/www.facebook.com\/SonoraEE\/\" \/>\n<meta property=\"article:author\" content=\"https:\/\/www.facebook.com\/SonoraEE\" \/>\n<meta property=\"article:published_time\" content=\"2023-08-30T04:55:43+00:00\" \/>\n<meta property=\"article:modified_time\" content=\"2023-08-30T15:40:28+00:00\" \/>\n<meta name=\"author\" content=\"enequipo\" \/>\n<meta name=\"twitter:card\" content=\"summary_large_image\" \/>\n<meta name=\"twitter:creator\" content=\"@sonoraenequipo\" \/>\n<meta name=\"twitter:site\" content=\"@sonoraenequipo\" \/>\n<meta name=\"twitter:label1\" content=\"Escrito por\" \/>\n\t<meta name=\"twitter:data1\" content=\"enequipo\" \/>\n\t<meta name=\"twitter:label2\" content=\"Tiempo de lectura\" \/>\n\t<meta name=\"twitter:data2\" content=\"1 minuto\" \/>\n<script type=\"application\/ld+json\" class=\"yoast-schema-graph\">{\"@context\":\"https:\/\/schema.org\",\"@graph\":[{\"@type\":\"Article\",\"@id\":\"https:\/\/www.sonoraenequipo.com.mx\/reduce-sonora-tasa-de-desocupacion-por-debajo-de-la-media-nacional-alfonso-durazo\/#article\",\"isPartOf\":{\"@id\":\"https:\/\/www.sonoraenequipo.com.mx\/reduce-sonora-tasa-de-desocupacion-por-debajo-de-la-media-nacional-alfonso-durazo\/\"},\"author\":{\"name\":\"enequipo\",\"@id\":\"https:\/\/www.sonoraenequipo.com.mx\/#\/schema\/person\/50102df0fb23a8fa9e8effad8fa81386\"},\"headline\":\"Reduce Sonora tasa de desocupaci\u00f3n por debajo de la media nacional: Alfonso Durazo\",\"datePublished\":\"2023-08-30T04:55:43+00:00\",\"dateModified\":\"2023-08-30T15:40:28+00:00\",\"mainEntityOfPage\":{\"@id\":\"https:\/\/www.sonoraenequipo.com.mx\/reduce-sonora-tasa-de-desocupacion-por-debajo-de-la-media-nacional-alfonso-durazo\/\"},\"wordCount\":312,\"commentCount\":0,\"publisher\":{\"@id\":\"https:\/\/www.sonoraenequipo.com.mx\/#organization\"},\"articleSection\":[\"PALABRAS Y N\u00daMEROS\"],\"inLanguage\":\"es\",\"potentialAction\":[{\"@type\":\"CommentAction\",\"name\":\"Comment\",\"target\":[\"https:\/\/www.sonoraenequipo.com.mx\/reduce-sonora-tasa-de-desocupacion-por-debajo-de-la-media-nacional-alfonso-durazo\/#respond\"]}]},{\"@type\":\"WebPage\",\"@id\":\"https:\/\/www.sonoraenequipo.com.mx\/reduce-sonora-tasa-de-desocupacion-por-debajo-de-la-media-nacional-alfonso-durazo\/\",\"url\":\"https:\/\/www.sonoraenequipo.com.mx\/reduce-sonora-tasa-de-desocupacion-por-debajo-de-la-media-nacional-alfonso-durazo\/\",\"name\":\"Sonora en Equipo. Reduce Sonora tasa de desocupaci\u00f3n por debajo de la media nacional: Alfonso Durazo\",\"isPartOf\":{\"@id\":\"https:\/\/www.sonoraenequipo.com.mx\/#website\"},\"datePublished\":\"2023-08-30T04:55:43+00:00\",\"dateModified\":\"2023-08-30T15:40:28+00:00\",\"description\":\"HERMOSILLO, SONORA,MX.\u2500\u2500 Con base en datos proporcionados por el Instituto Nacional de Estad\u00edstica y Geograf\u00eda (Inegi), la tasa de desocupaci\u00f3n en Sonora En Sonora en Equipo publicamos toda la informaci\u00f3n de Sonora, M\u00e9xico y el Mundo de manera oportuna y busca que la libertad de expresi\u00f3n sea real. Visita nuestro medio informativo publicado desde Hermosillo, Sonora. %\",\"breadcrumb\":{\"@id\":\"https:\/\/www.sonoraenequipo.com.mx\/reduce-sonora-tasa-de-desocupacion-por-debajo-de-la-media-nacional-alfonso-durazo\/#breadcrumb\"},\"inLanguage\":\"es\",\"potentialAction\":[{\"@type\":\"ReadAction\",\"target\":[\"https:\/\/www.sonoraenequipo.com.mx\/reduce-sonora-tasa-de-desocupacion-por-debajo-de-la-media-nacional-alfonso-durazo\/\"]}]},{\"@type\":\"BreadcrumbList\",\"@id\":\"https:\/\/www.sonoraenequipo.com.mx\/reduce-sonora-tasa-de-desocupacion-por-debajo-de-la-media-nacional-alfonso-durazo\/#breadcrumb\",\"itemListElement\":[{\"@type\":\"ListItem\",\"position\":1,\"name\":\"Portada\",\"item\":\"https:\/\/www.sonoraenequipo.com.mx\/\"},{\"@type\":\"ListItem\",\"position\":2,\"name\":\"Reduce Sonora tasa de desocupaci\u00f3n por debajo de la media nacional: Alfonso Durazo\"}]},{\"@type\":\"WebSite\",\"@id\":\"https:\/\/www.sonoraenequipo.com.mx\/#website\",\"url\":\"https:\/\/www.sonoraenequipo.com.mx\/\",\"name\":\"Sonora en Equipo.\",\"description\":\"Diario en l\u00ednea con Noticias desde Hermosillo, Sonora\",\"publisher\":{\"@id\":\"https:\/\/www.sonoraenequipo.com.mx\/#organization\"},\"potentialAction\":[{\"@type\":\"SearchAction\",\"target\":{\"@type\":\"EntryPoint\",\"urlTemplate\":\"https:\/\/www.sonoraenequipo.com.mx\/?s={search_term_string}\"},\"query-input\":{\"@type\":\"PropertyValueSpecification\",\"valueRequired\":true,\"valueName\":\"search_term_string\"}}],\"inLanguage\":\"es\"},{\"@type\":\"Organization\",\"@id\":\"https:\/\/www.sonoraenequipo.com.mx\/#organization\",\"name\":\"Sonoraenequipo.com.mx\",\"url\":\"https:\/\/www.sonoraenequipo.com.mx\/\",\"logo\":{\"@type\":\"ImageObject\",\"inLanguage\":\"es\",\"@id\":\"https:\/\/www.sonoraenequipo.com.mx\/#\/schema\/logo\/image\/\",\"url\":\"https:\/\/www.sonoraenequipo.com.mx\/storage\/2019\/01\/sonoraenequipo_opt.png\",\"contentUrl\":\"https:\/\/www.sonoraenequipo.com.mx\/storage\/2019\/01\/sonoraenequipo_opt.png\",\"width\":375,\"height\":125,\"caption\":\"Sonoraenequipo.com.mx\"},\"image\":{\"@id\":\"https:\/\/www.sonoraenequipo.com.mx\/#\/schema\/logo\/image\/\"},\"sameAs\":[\"https:\/\/www.facebook.com\/SonoraEE\/\",\"https:\/\/x.com\/sonoraenequipo\",\"https:\/\/www.youtube.com\/channel\/UC338nW-lPEYmJQs4ZABQ1SQ\"]},{\"@type\":\"Person\",\"@id\":\"https:\/\/www.sonoraenequipo.com.mx\/#\/schema\/person\/50102df0fb23a8fa9e8effad8fa81386\",\"name\":\"enequipo\",\"image\":{\"@type\":\"ImageObject\",\"inLanguage\":\"es\",\"@id\":\"https:\/\/www.sonoraenequipo.com.mx\/#\/schema\/person\/image\/\",\"url\":\"https:\/\/secure.gravatar.com\/avatar\/049821681b589dabc0bc20695993ccebb09f5b5d4d790cd9251b97faac7c652b?s=96&d=blank&r=g\",\"contentUrl\":\"https:\/\/secure.gravatar.com\/avatar\/049821681b589dabc0bc20695993ccebb09f5b5d4d790cd9251b97faac7c652b?s=96&d=blank&r=g\",\"caption\":\"enequipo\"},\"sameAs\":[\"https:\/\/www.facebook.com\/SonoraEE\"]}]}<\/script>\n ","yoast_head_json":{"title":"Sonora en Equipo. Reduce Sonora tasa de desocupaci\u00f3n por debajo de la media nacional: Alfonso Durazo","description":"HERMOSILLO, SONORA,MX.\u2500\u2500 Con base en datos proporcionados por el Instituto Nacional de Estad\u00edstica y Geograf\u00eda (Inegi), la tasa de desocupaci\u00f3n en Sonora En Sonora en Equipo publicamos toda la informaci\u00f3n de Sonora, M\u00e9xico y el Mundo de manera oportuna y busca que la libertad de expresi\u00f3n sea real. Visita nuestro medio informativo publicado desde Hermosillo, Sonora. %","robots":{"index":"index","follow":"follow","max-snippet":"max-snippet:-1","max-image-preview":"max-image-preview:large","max-video-preview":"max-video-preview:-1"},"canonical":"https:\/\/www.sonoraenequipo.com.mx\/reduce-sonora-tasa-de-desocupacion-por-debajo-de-la-media-nacional-alfonso-durazo\/","og_locale":"es_ES","og_type":"article","og_title":"Sonora en Equipo. Reduce Sonora tasa de desocupaci\u00f3n por debajo de la media nacional: Alfonso Durazo","og_description":"HERMOSILLO, SONORA,MX.\u2500\u2500 Con base en datos proporcionados por el Instituto Nacional de Estad\u00edstica y Geograf\u00eda (Inegi), la tasa de desocupaci\u00f3n en Sonora En Sonora en Equipo publicamos toda la informaci\u00f3n de Sonora, M\u00e9xico y el Mundo de manera oportuna y busca que la libertad de expresi\u00f3n sea real. Visita nuestro medio informativo publicado desde Hermosillo, Sonora. %","og_url":"https:\/\/www.sonoraenequipo.com.mx\/reduce-sonora-tasa-de-desocupacion-por-debajo-de-la-media-nacional-alfonso-durazo\/","og_site_name":"Sonora en Equipo.","article_publisher":"https:\/\/www.facebook.com\/SonoraEE\/","article_author":"https:\/\/www.facebook.com\/SonoraEE","article_published_time":"2023-08-30T04:55:43+00:00","article_modified_time":"2023-08-30T15:40:28+00:00","author":"enequipo","twitter_card":"summary_large_image","twitter_creator":"@sonoraenequipo","twitter_site":"@sonoraenequipo","twitter_misc":{"Escrito por":"enequipo","Tiempo de lectura":"1 minuto"},"schema":{"@context":"https:\/\/schema.org","@graph":[{"@type":"Article","@id":"https:\/\/www.sonoraenequipo.com.mx\/reduce-sonora-tasa-de-desocupacion-por-debajo-de-la-media-nacional-alfonso-durazo\/#article","isPartOf":{"@id":"https:\/\/www.sonoraenequipo.com.mx\/reduce-sonora-tasa-de-desocupacion-por-debajo-de-la-media-nacional-alfonso-durazo\/"},"author":{"name":"enequipo","@id":"https:\/\/www.sonoraenequipo.com.mx\/#\/schema\/person\/50102df0fb23a8fa9e8effad8fa81386"},"headline":"Reduce Sonora tasa de desocupaci\u00f3n por debajo de la media nacional: Alfonso Durazo","datePublished":"2023-08-30T04:55:43+00:00","dateModified":"2023-08-30T15:40:28+00:00","mainEntityOfPage":{"@id":"https:\/\/www.sonoraenequipo.com.mx\/reduce-sonora-tasa-de-desocupacion-por-debajo-de-la-media-nacional-alfonso-durazo\/"},"wordCount":312,"commentCount":0,"publisher":{"@id":"https:\/\/www.sonoraenequipo.com.mx\/#organization"},"articleSection":["PALABRAS Y N\u00daMEROS"],"inLanguage":"es","potentialAction":[{"@type":"CommentAction","name":"Comment","target":["https:\/\/www.sonoraenequipo.com.mx\/reduce-sonora-tasa-de-desocupacion-por-debajo-de-la-media-nacional-alfonso-durazo\/#respond"]}]},{"@type":"WebPage","@id":"https:\/\/www.sonoraenequipo.com.mx\/reduce-sonora-tasa-de-desocupacion-por-debajo-de-la-media-nacional-alfonso-durazo\/","url":"https:\/\/www.sonoraenequipo.com.mx\/reduce-sonora-tasa-de-desocupacion-por-debajo-de-la-media-nacional-alfonso-durazo\/","name":"Sonora en Equipo. Reduce Sonora tasa de desocupaci\u00f3n por debajo de la media nacional: Alfonso Durazo","isPartOf":{"@id":"https:\/\/www.sonoraenequipo.com.mx\/#website"},"datePublished":"2023-08-30T04:55:43+00:00","dateModified":"2023-08-30T15:40:28+00:00","description":"HERMOSILLO, SONORA,MX.\u2500\u2500 Con base en datos proporcionados por el Instituto Nacional de Estad\u00edstica y Geograf\u00eda (Inegi), la tasa de desocupaci\u00f3n en Sonora En Sonora en Equipo publicamos toda la informaci\u00f3n de Sonora, M\u00e9xico y el Mundo de manera oportuna y busca que la libertad de expresi\u00f3n sea real. Visita nuestro medio informativo publicado desde Hermosillo, Sonora. %","breadcrumb":{"@id":"https:\/\/www.sonoraenequipo.com.mx\/reduce-sonora-tasa-de-desocupacion-por-debajo-de-la-media-nacional-alfonso-durazo\/#breadcrumb"},"inLanguage":"es","potentialAction":[{"@type":"ReadAction","target":["https:\/\/www.sonoraenequipo.com.mx\/reduce-sonora-tasa-de-desocupacion-por-debajo-de-la-media-nacional-alfonso-durazo\/"]}]},{"@type":"BreadcrumbList","@id":"https:\/\/www.sonoraenequipo.com.mx\/reduce-sonora-tasa-de-desocupacion-por-debajo-de-la-media-nacional-alfonso-durazo\/#breadcrumb","itemListElement":[{"@type":"ListItem","position":1,"name":"Portada","item":"https:\/\/www.sonoraenequipo.com.mx\/"},{"@type":"ListItem","position":2,"name":"Reduce Sonora tasa de desocupaci\u00f3n por debajo de la media nacional: Alfonso Durazo"}]},{"@type":"WebSite","@id":"https:\/\/www.sonoraenequipo.com.mx\/#website","url":"https:\/\/www.sonoraenequipo.com.mx\/","name":"Sonora en Equipo.","description":"Diario en l\u00ednea con Noticias desde Hermosillo, Sonora","publisher":{"@id":"https:\/\/www.sonoraenequipo.com.mx\/#organization"},"potentialAction":[{"@type":"SearchAction","target":{"@type":"EntryPoint","urlTemplate":"https:\/\/www.sonoraenequipo.com.mx\/?s={search_term_string}"},"query-input":{"@type":"PropertyValueSpecification","valueRequired":true,"valueName":"search_term_string"}}],"inLanguage":"es"},{"@type":"Organization","@id":"https:\/\/www.sonoraenequipo.com.mx\/#organization","name":"Sonoraenequipo.com.mx","url":"https:\/\/www.sonoraenequipo.com.mx\/","logo":{"@type":"ImageObject","inLanguage":"es","@id":"https:\/\/www.sonoraenequipo.com.mx\/#\/schema\/logo\/image\/","url":"https:\/\/www.sonoraenequipo.com.mx\/storage\/2019\/01\/sonoraenequipo_opt.png","contentUrl":"https:\/\/www.sonoraenequipo.com.mx\/storage\/2019\/01\/sonoraenequipo_opt.png","width":375,"height":125,"caption":"Sonoraenequipo.com.mx"},"image":{"@id":"https:\/\/www.sonoraenequipo.com.mx\/#\/schema\/logo\/image\/"},"sameAs":["https:\/\/www.facebook.com\/SonoraEE\/","https:\/\/x.com\/sonoraenequipo","https:\/\/www.youtube.com\/channel\/UC338nW-lPEYmJQs4ZABQ1SQ"]},{"@type":"Person","@id":"https:\/\/www.sonoraenequipo.com.mx\/#\/schema\/person\/50102df0fb23a8fa9e8effad8fa81386","name":"enequipo","image":{"@type":"ImageObject","inLanguage":"es","@id":"https:\/\/www.sonoraenequipo.com.mx\/#\/schema\/person\/image\/","url":"https:\/\/secure.gravatar.com\/avatar\/049821681b589dabc0bc20695993ccebb09f5b5d4d790cd9251b97faac7c652b?s=96&d=blank&r=g","contentUrl":"https:\/\/secure.gravatar.com\/avatar\/049821681b589dabc0bc20695993ccebb09f5b5d4d790cd9251b97faac7c652b?s=96&d=blank&r=g","caption":"enequipo"},"sameAs":["https:\/\/www.facebook.com\/SonoraEE"]}]}},"jetpack_featured_media_url":"","_links":{"self":[{"href":"https:\/\/www.sonoraenequipo.com.mx\/api\/wp\/v2\/posts\/173703","targetHints":{"allow":["GET"]}}],"collection":[{"href":"https:\/\/www.sonoraenequipo.com.mx\/api\/wp\/v2\/posts"}],"about":[{"href":"https:\/\/www.sonoraenequipo.com.mx\/api\/wp\/v2\/types\/post"}],"author":[{"embeddable":true,"href":"https:\/\/www.sonoraenequipo.com.mx\/api\/wp\/v2\/users\/1"}],"replies":[{"embeddable":true,"href":"https:\/\/www.sonoraenequipo.com.mx\/api\/wp\/v2\/comments?post=173703"}],"version-history":[{"count":1,"href":"https:\/\/www.sonoraenequipo.com.mx\/api\/wp\/v2\/posts\/173703\/revisions"}],"predecessor-version":[{"id":173704,"href":"https:\/\/www.sonoraenequipo.com.mx\/api\/wp\/v2\/posts\/173703\/revisions\/173704"}],"wp:attachment":[{"href":"https:\/\/www.sonoraenequipo.com.mx\/api\/wp\/v2\/media?parent=173703"}],"wp:term":[{"taxonomy":"category","embeddable":true,"href":"https:\/\/www.sonoraenequipo.com.mx\/api\/wp\/v2\/categories?post=173703"},{"taxonomy":"post_tag","embeddable":true,"href":"https:\/\/www.sonoraenequipo.com.mx\/api\/wp\/v2\/tags?post=173703"}],"curies":[{"name":"wp","href":"https:\/\/api.w.org\/{rel}","templated":true}]}}