{"id":173709,"date":"2023-08-29T22:37:28","date_gmt":"2023-08-30T05:37:28","guid":{"rendered":"https:\/\/www.sonoraenequipo.com.mx\/?p=173709"},"modified":"2023-08-30T09:14:37","modified_gmt":"2023-08-30T16:14:37","slug":"la-sip-acusa-a-la-fiscal-general-de-guatemala-de-abuso-de-privilegio","status":"publish","type":"post","link":"https:\/\/www.sonoraenequipo.com.mx\/la-sip-acusa-a-la-fiscal-general-de-guatemala-de-abuso-de-privilegio\/","title":{"rendered":"La SIP acusa a la fiscal general de Guatemala de \u201cabuso de privilegio\u201d"},"content":{"rendered":"<p><strong>GUATEMALA.<\/strong> \u2014 La Sociedad Interamericana de Prensa (SIP) dijo este martes (2908.2023), que la fiscal general de Guatemala, Consuelo Porras, incurri\u00f3 en un<em><strong> \u201cabuso de privilegio\u201d<\/strong> <\/em>al haber pedido a la Corte Constitucional que silenciara las cr\u00edticas a su gesti\u00f3n a trav\u00e9s de redes sociales y elogi\u00f3 que su solicitud fuera rechazada.<\/p>\n<p>&nbsp;<\/p>\n<p> <\/p>\n<p>&nbsp;<\/p>\n<p>Porras plante\u00f3 un recurso de amparo al alto cuerpo judicial para que ordenara el uso de la fuerza p\u00fablica en contra de manifestaciones p\u00fablicas y silenciara las cr\u00edticas a su gesti\u00f3n y la de sus allegados a trav\u00e9s de las redes sociales, pero le fue denegado, indic\u00f3 la SIP en un comunicado.<\/p>\n<p>&nbsp;<\/p>\n<p>Michael Greenspon, presidente de la SIP, critic\u00f3 la acci\u00f3n de Porras por considerarla un \u201cabuso de privilegio\u201d y porque, de haberse aprobado, se hubiera constituido en \u201cun grave precedente contra la libertad de expresi\u00f3n\u201d.<\/p>\n<p>&nbsp;<\/p>\n<p>Greenspon, director global de Licencias e Innovaci\u00f3n de Impresi\u00f3n de The New York Times, agreg\u00f3<strong><em>: \u201cEstamos ante un contrasentido a las libertades de expresi\u00f3n y de asociaci\u00f3n, dos ejes fundamentales que invoca el sistema interamericano como derechos humanos inviolables\u201d.<\/em><\/strong><\/p>\n<p>&nbsp;<\/p>\n<p>Con la intenci\u00f3n de preservar su seguridad y la independencia de su instituci\u00f3n, Porras demand\u00f3 que el presidente Alejandro Giammattei; el ministro de Gobernaci\u00f3n, Napole\u00f3n Barrientos, y el director de la Polic\u00eda Nacional Civil, Edwin Adriano L\u00f3pez, usen la fuerza p\u00fablica, cuando sea necesario y excepcionalmente, en contra de manifestaciones no pac\u00edficas, para preservar su seguridad y la independencia de la instituci\u00f3n a su cargo.<\/p>\n<p>&nbsp;<\/p>\n<p>Tambi\u00e9n solicit\u00f3 protecci\u00f3n para el jefe de la Fiscal\u00eda Especial Contra la Impunidad (FECI), Rafael Curruchiche, y para la fiscal Cinthia Monterroso.<\/p>\n<p>&nbsp;<\/p>\n<p>Al procurador de los Derechos Humanos lo exhort\u00f3 a pedir protecci\u00f3n a la Comisi\u00f3n Interamericana de Derechos Humanos (CIDH).<\/p>\n<p>&nbsp;<\/p>\n<p>PUBLICADO EL 29 AGOSTO DE 2023\/ Con informaci\u00f3n de Prensa Libre)<\/p>\n","protected":false},"excerpt":{"rendered":"<p>GUATEMALA. \u2014 La Sociedad Interamericana de Prensa (SIP) dijo este martes (2908.2023), que la fiscal&#8230;<\/p>\n","protected":false},"author":1,"featured_media":173711,"comment_status":"open","ping_status":"open","sticky":false,"template":"","format":"standard","meta":{"_monsterinsights_skip_tracking":false,"_monsterinsights_sitenote_active":false,"_monsterinsights_sitenote_note":"","_monsterinsights_sitenote_category":0,"footnotes":""},"categories":[3],"tags":[],"class_list":["post"],"yoast_head":" \n<title>Sonora en Equipo. La SIP acusa a la fiscal general de Guatemala de \u201cabuso de privilegio\u201d MUNDO<\/title>\n<meta name=\"description\" content=\"GUATEMALA. \u2014 La Sociedad Interamericana de Prensa (SIP) dijo este martes (2908.2023), que la fiscal general de Guatemala, Consuelo Porras, incurri\u00f3 en un En Sonora en Equipo publicamos toda la informaci\u00f3n de Sonora, M\u00e9xico y el Mundo de manera oportuna y busca que la libertad de expresi\u00f3n sea real. Visita nuestro medio informativo publicado desde Hermosillo, Sonora. %\" \/>\n<meta name=\"robots\" content=\"index, follow, max-snippet:-1, max-image-preview:large, max-video-preview:-1\" \/>\n<link rel=\"canonical\" href=\"https:\/\/www.sonoraenequipo.com.mx\/la-sip-acusa-a-la-fiscal-general-de-guatemala-de-abuso-de-privilegio\/\" \/>\n<meta property=\"og:locale\" content=\"es_ES\" \/>\n<meta property=\"og:type\" content=\"article\" \/>\n<meta property=\"og:title\" content=\"Sonora en Equipo. La SIP acusa a la fiscal general de Guatemala de \u201cabuso de privilegio\u201d MUNDO\" \/>\n<meta property=\"og:description\" content=\"GUATEMALA. \u2014 La Sociedad Interamericana de Prensa (SIP) dijo este martes (2908.2023), que la fiscal general de Guatemala, Consuelo Porras, incurri\u00f3 en un En Sonora en Equipo publicamos toda la informaci\u00f3n de Sonora, M\u00e9xico y el Mundo de manera oportuna y busca que la libertad de expresi\u00f3n sea real. Visita nuestro medio informativo publicado desde Hermosillo, Sonora. %\" \/>\n<meta property=\"og:url\" content=\"https:\/\/www.sonoraenequipo.com.mx\/la-sip-acusa-a-la-fiscal-general-de-guatemala-de-abuso-de-privilegio\/\" \/>\n<meta property=\"og:site_name\" content=\"Sonora en Equipo.\" \/>\n<meta property=\"article:publisher\" content=\"https:\/\/www.facebook.com\/SonoraEE\/\" \/>\n<meta property=\"article:author\" content=\"https:\/\/www.facebook.com\/SonoraEE\" \/>\n<meta property=\"article:published_time\" content=\"2023-08-30T05:37:28+00:00\" \/>\n<meta property=\"article:modified_time\" content=\"2023-08-30T16:14:37+00:00\" \/>\n<meta property=\"og:image\" content=\"https:\/\/www.sonoraenequipo.com.mx\/storage\/2023\/08\/La-SIP-acusa-a-la-fiscal-general-de-Guatemala-de-abuso-de-privilegio...-min.jpg\" \/>\n\t<meta property=\"og:image:width\" content=\"900\" \/>\n\t<meta property=\"og:image:height\" content=\"505\" \/>\n\t<meta property=\"og:image:type\" content=\"image\/jpeg\" \/>\n<meta name=\"author\" content=\"enequipo\" \/>\n<meta name=\"twitter:card\" content=\"summary_large_image\" \/>\n<meta name=\"twitter:creator\" content=\"@sonoraenequipo\" \/>\n<meta name=\"twitter:site\" content=\"@sonoraenequipo\" \/>\n<meta name=\"twitter:label1\" content=\"Escrito por\" \/>\n\t<meta name=\"twitter:data1\" content=\"enequipo\" \/>\n\t<meta name=\"twitter:label2\" content=\"Tiempo de lectura\" \/>\n\t<meta name=\"twitter:data2\" content=\"2 minutos\" \/>\n<script type=\"application\/ld+json\" class=\"yoast-schema-graph\">{\"@context\":\"https:\/\/schema.org\",\"@graph\":[{\"@type\":\"Article\",\"@id\":\"https:\/\/www.sonoraenequipo.com.mx\/la-sip-acusa-a-la-fiscal-general-de-guatemala-de-abuso-de-privilegio\/#article\",\"isPartOf\":{\"@id\":\"https:\/\/www.sonoraenequipo.com.mx\/la-sip-acusa-a-la-fiscal-general-de-guatemala-de-abuso-de-privilegio\/\"},\"author\":{\"name\":\"enequipo\",\"@id\":\"https:\/\/www.sonoraenequipo.com.mx\/#\/schema\/person\/50102df0fb23a8fa9e8effad8fa81386\"},\"headline\":\"La SIP acusa a la fiscal general de Guatemala de \u201cabuso de privilegio\u201d\",\"datePublished\":\"2023-08-30T05:37:28+00:00\",\"dateModified\":\"2023-08-30T16:14:37+00:00\",\"mainEntityOfPage\":{\"@id\":\"https:\/\/www.sonoraenequipo.com.mx\/la-sip-acusa-a-la-fiscal-general-de-guatemala-de-abuso-de-privilegio\/\"},\"wordCount\":340,\"commentCount\":0,\"publisher\":{\"@id\":\"https:\/\/www.sonoraenequipo.com.mx\/#organization\"},\"image\":{\"@id\":\"https:\/\/www.sonoraenequipo.com.mx\/la-sip-acusa-a-la-fiscal-general-de-guatemala-de-abuso-de-privilegio\/#primaryimage\"},\"thumbnailUrl\":\"https:\/\/www.sonoraenequipo.com.mx\/storage\/2023\/08\/La-SIP-acusa-a-la-fiscal-general-de-Guatemala-de-abuso-de-privilegio...-min.jpg\",\"articleSection\":[\"MUNDO\"],\"inLanguage\":\"es\",\"potentialAction\":[{\"@type\":\"CommentAction\",\"name\":\"Comment\",\"target\":[\"https:\/\/www.sonoraenequipo.com.mx\/la-sip-acusa-a-la-fiscal-general-de-guatemala-de-abuso-de-privilegio\/#respond\"]}]},{\"@type\":\"WebPage\",\"@id\":\"https:\/\/www.sonoraenequipo.com.mx\/la-sip-acusa-a-la-fiscal-general-de-guatemala-de-abuso-de-privilegio\/\",\"url\":\"https:\/\/www.sonoraenequipo.com.mx\/la-sip-acusa-a-la-fiscal-general-de-guatemala-de-abuso-de-privilegio\/\",\"name\":\"Sonora en Equipo. La SIP acusa a la fiscal general de Guatemala de \u201cabuso de privilegio\u201d MUNDO\",\"isPartOf\":{\"@id\":\"https:\/\/www.sonoraenequipo.com.mx\/#website\"},\"primaryImageOfPage\":{\"@id\":\"https:\/\/www.sonoraenequipo.com.mx\/la-sip-acusa-a-la-fiscal-general-de-guatemala-de-abuso-de-privilegio\/#primaryimage\"},\"image\":{\"@id\":\"https:\/\/www.sonoraenequipo.com.mx\/la-sip-acusa-a-la-fiscal-general-de-guatemala-de-abuso-de-privilegio\/#primaryimage\"},\"thumbnailUrl\":\"https:\/\/www.sonoraenequipo.com.mx\/storage\/2023\/08\/La-SIP-acusa-a-la-fiscal-general-de-Guatemala-de-abuso-de-privilegio...-min.jpg\",\"datePublished\":\"2023-08-30T05:37:28+00:00\",\"dateModified\":\"2023-08-30T16:14:37+00:00\",\"description\":\"GUATEMALA. \u2014 La Sociedad Interamericana de Prensa (SIP) dijo este martes (2908.2023), que la fiscal general de Guatemala, Consuelo Porras, incurri\u00f3 en un En Sonora en Equipo publicamos toda la informaci\u00f3n de Sonora, M\u00e9xico y el Mundo de manera oportuna y busca que la libertad de expresi\u00f3n sea real. Visita nuestro medio informativo publicado desde Hermosillo, Sonora. %\",\"breadcrumb\":{\"@id\":\"https:\/\/www.sonoraenequipo.com.mx\/la-sip-acusa-a-la-fiscal-general-de-guatemala-de-abuso-de-privilegio\/#breadcrumb\"},\"inLanguage\":\"es\",\"potentialAction\":[{\"@type\":\"ReadAction\",\"target\":[\"https:\/\/www.sonoraenequipo.com.mx\/la-sip-acusa-a-la-fiscal-general-de-guatemala-de-abuso-de-privilegio\/\"]}]},{\"@type\":\"ImageObject\",\"inLanguage\":\"es\",\"@id\":\"https:\/\/www.sonoraenequipo.com.mx\/la-sip-acusa-a-la-fiscal-general-de-guatemala-de-abuso-de-privilegio\/#primaryimage\",\"url\":\"https:\/\/www.sonoraenequipo.com.mx\/storage\/2023\/08\/La-SIP-acusa-a-la-fiscal-general-de-Guatemala-de-abuso-de-privilegio...-min.jpg\",\"contentUrl\":\"https:\/\/www.sonoraenequipo.com.mx\/storage\/2023\/08\/La-SIP-acusa-a-la-fiscal-general-de-Guatemala-de-abuso-de-privilegio...-min.jpg\",\"width\":900,\"height\":505},{\"@type\":\"BreadcrumbList\",\"@id\":\"https:\/\/www.sonoraenequipo.com.mx\/la-sip-acusa-a-la-fiscal-general-de-guatemala-de-abuso-de-privilegio\/#breadcrumb\",\"itemListElement\":[{\"@type\":\"ListItem\",\"position\":1,\"name\":\"Portada\",\"item\":\"https:\/\/www.sonoraenequipo.com.mx\/\"},{\"@type\":\"ListItem\",\"position\":2,\"name\":\"La SIP acusa a la fiscal general de Guatemala de \u201cabuso de privilegio\u201d\"}]},{\"@type\":\"WebSite\",\"@id\":\"https:\/\/www.sonoraenequipo.com.mx\/#website\",\"url\":\"https:\/\/www.sonoraenequipo.com.mx\/\",\"name\":\"Sonora en Equipo.\",\"description\":\"Diario en l\u00ednea con Noticias desde Hermosillo, Sonora\",\"publisher\":{\"@id\":\"https:\/\/www.sonoraenequipo.com.mx\/#organization\"},\"potentialAction\":[{\"@type\":\"SearchAction\",\"target\":{\"@type\":\"EntryPoint\",\"urlTemplate\":\"https:\/\/www.sonoraenequipo.com.mx\/?s={search_term_string}\"},\"query-input\":{\"@type\":\"PropertyValueSpecification\",\"valueRequired\":true,\"valueName\":\"search_term_string\"}}],\"inLanguage\":\"es\"},{\"@type\":\"Organization\",\"@id\":\"https:\/\/www.sonoraenequipo.com.mx\/#organization\",\"name\":\"Sonoraenequipo.com.mx\",\"url\":\"https:\/\/www.sonoraenequipo.com.mx\/\",\"logo\":{\"@type\":\"ImageObject\",\"inLanguage\":\"es\",\"@id\":\"https:\/\/www.sonoraenequipo.com.mx\/#\/schema\/logo\/image\/\",\"url\":\"https:\/\/www.sonoraenequipo.com.mx\/storage\/2019\/01\/sonoraenequipo_opt.png\",\"contentUrl\":\"https:\/\/www.sonoraenequipo.com.mx\/storage\/2019\/01\/sonoraenequipo_opt.png\",\"width\":375,\"height\":125,\"caption\":\"Sonoraenequipo.com.mx\"},\"image\":{\"@id\":\"https:\/\/www.sonoraenequipo.com.mx\/#\/schema\/logo\/image\/\"},\"sameAs\":[\"https:\/\/www.facebook.com\/SonoraEE\/\",\"https:\/\/x.com\/sonoraenequipo\",\"https:\/\/www.youtube.com\/channel\/UC338nW-lPEYmJQs4ZABQ1SQ\"]},{\"@type\":\"Person\",\"@id\":\"https:\/\/www.sonoraenequipo.com.mx\/#\/schema\/person\/50102df0fb23a8fa9e8effad8fa81386\",\"name\":\"enequipo\",\"image\":{\"@type\":\"ImageObject\",\"inLanguage\":\"es\",\"@id\":\"https:\/\/www.sonoraenequipo.com.mx\/#\/schema\/person\/image\/\",\"url\":\"https:\/\/secure.gravatar.com\/avatar\/049821681b589dabc0bc20695993ccebb09f5b5d4d790cd9251b97faac7c652b?s=96&d=blank&r=g\",\"contentUrl\":\"https:\/\/secure.gravatar.com\/avatar\/049821681b589dabc0bc20695993ccebb09f5b5d4d790cd9251b97faac7c652b?s=96&d=blank&r=g\",\"caption\":\"enequipo\"},\"sameAs\":[\"https:\/\/www.facebook.com\/SonoraEE\"]}]}<\/script>\n ","yoast_head_json":{"title":"Sonora en Equipo. La SIP acusa a la fiscal general de Guatemala de \u201cabuso de privilegio\u201d MUNDO","description":"GUATEMALA. \u2014 La Sociedad Interamericana de Prensa (SIP) dijo este martes (2908.2023), que la fiscal general de Guatemala, Consuelo Porras, incurri\u00f3 en un En Sonora en Equipo publicamos toda la informaci\u00f3n de Sonora, M\u00e9xico y el Mundo de manera oportuna y busca que la libertad de expresi\u00f3n sea real. Visita nuestro medio informativo publicado desde Hermosillo, Sonora. %","robots":{"index":"index","follow":"follow","max-snippet":"max-snippet:-1","max-image-preview":"max-image-preview:large","max-video-preview":"max-video-preview:-1"},"canonical":"https:\/\/www.sonoraenequipo.com.mx\/la-sip-acusa-a-la-fiscal-general-de-guatemala-de-abuso-de-privilegio\/","og_locale":"es_ES","og_type":"article","og_title":"Sonora en Equipo. La SIP acusa a la fiscal general de Guatemala de \u201cabuso de privilegio\u201d MUNDO","og_description":"GUATEMALA. \u2014 La Sociedad Interamericana de Prensa (SIP) dijo este martes (2908.2023), que la fiscal general de Guatemala, Consuelo Porras, incurri\u00f3 en un En Sonora en Equipo publicamos toda la informaci\u00f3n de Sonora, M\u00e9xico y el Mundo de manera oportuna y busca que la libertad de expresi\u00f3n sea real. Visita nuestro medio informativo publicado desde Hermosillo, Sonora. %","og_url":"https:\/\/www.sonoraenequipo.com.mx\/la-sip-acusa-a-la-fiscal-general-de-guatemala-de-abuso-de-privilegio\/","og_site_name":"Sonora en Equipo.","article_publisher":"https:\/\/www.facebook.com\/SonoraEE\/","article_author":"https:\/\/www.facebook.com\/SonoraEE","article_published_time":"2023-08-30T05:37:28+00:00","article_modified_time":"2023-08-30T16:14:37+00:00","og_image":[{"width":900,"height":505,"url":"https:\/\/www.sonoraenequipo.com.mx\/storage\/2023\/08\/La-SIP-acusa-a-la-fiscal-general-de-Guatemala-de-abuso-de-privilegio...-min.jpg","type":"image\/jpeg"}],"author":"enequipo","twitter_card":"summary_large_image","twitter_creator":"@sonoraenequipo","twitter_site":"@sonoraenequipo","twitter_misc":{"Escrito por":"enequipo","Tiempo de lectura":"2 minutos"},"schema":{"@context":"https:\/\/schema.org","@graph":[{"@type":"Article","@id":"https:\/\/www.sonoraenequipo.com.mx\/la-sip-acusa-a-la-fiscal-general-de-guatemala-de-abuso-de-privilegio\/#article","isPartOf":{"@id":"https:\/\/www.sonoraenequipo.com.mx\/la-sip-acusa-a-la-fiscal-general-de-guatemala-de-abuso-de-privilegio\/"},"author":{"name":"enequipo","@id":"https:\/\/www.sonoraenequipo.com.mx\/#\/schema\/person\/50102df0fb23a8fa9e8effad8fa81386"},"headline":"La SIP acusa a la fiscal general de Guatemala de \u201cabuso de privilegio\u201d","datePublished":"2023-08-30T05:37:28+00:00","dateModified":"2023-08-30T16:14:37+00:00","mainEntityOfPage":{"@id":"https:\/\/www.sonoraenequipo.com.mx\/la-sip-acusa-a-la-fiscal-general-de-guatemala-de-abuso-de-privilegio\/"},"wordCount":340,"commentCount":0,"publisher":{"@id":"https:\/\/www.sonoraenequipo.com.mx\/#organization"},"image":{"@id":"https:\/\/www.sonoraenequipo.com.mx\/la-sip-acusa-a-la-fiscal-general-de-guatemala-de-abuso-de-privilegio\/#primaryimage"},"thumbnailUrl":"https:\/\/www.sonoraenequipo.com.mx\/storage\/2023\/08\/La-SIP-acusa-a-la-fiscal-general-de-Guatemala-de-abuso-de-privilegio...-min.jpg","articleSection":["MUNDO"],"inLanguage":"es","potentialAction":[{"@type":"CommentAction","name":"Comment","target":["https:\/\/www.sonoraenequipo.com.mx\/la-sip-acusa-a-la-fiscal-general-de-guatemala-de-abuso-de-privilegio\/#respond"]}]},{"@type":"WebPage","@id":"https:\/\/www.sonoraenequipo.com.mx\/la-sip-acusa-a-la-fiscal-general-de-guatemala-de-abuso-de-privilegio\/","url":"https:\/\/www.sonoraenequipo.com.mx\/la-sip-acusa-a-la-fiscal-general-de-guatemala-de-abuso-de-privilegio\/","name":"Sonora en Equipo. La SIP acusa a la fiscal general de Guatemala de \u201cabuso de privilegio\u201d MUNDO","isPartOf":{"@id":"https:\/\/www.sonoraenequipo.com.mx\/#website"},"primaryImageOfPage":{"@id":"https:\/\/www.sonoraenequipo.com.mx\/la-sip-acusa-a-la-fiscal-general-de-guatemala-de-abuso-de-privilegio\/#primaryimage"},"image":{"@id":"https:\/\/www.sonoraenequipo.com.mx\/la-sip-acusa-a-la-fiscal-general-de-guatemala-de-abuso-de-privilegio\/#primaryimage"},"thumbnailUrl":"https:\/\/www.sonoraenequipo.com.mx\/storage\/2023\/08\/La-SIP-acusa-a-la-fiscal-general-de-Guatemala-de-abuso-de-privilegio...-min.jpg","datePublished":"2023-08-30T05:37:28+00:00","dateModified":"2023-08-30T16:14:37+00:00","description":"GUATEMALA. \u2014 La Sociedad Interamericana de Prensa (SIP) dijo este martes (2908.2023), que la fiscal general de Guatemala, Consuelo Porras, incurri\u00f3 en un En Sonora en Equipo publicamos toda la informaci\u00f3n de Sonora, M\u00e9xico y el Mundo de manera oportuna y busca que la libertad de expresi\u00f3n sea real. Visita nuestro medio informativo publicado desde Hermosillo, Sonora. %","breadcrumb":{"@id":"https:\/\/www.sonoraenequipo.com.mx\/la-sip-acusa-a-la-fiscal-general-de-guatemala-de-abuso-de-privilegio\/#breadcrumb"},"inLanguage":"es","potentialAction":[{"@type":"ReadAction","target":["https:\/\/www.sonoraenequipo.com.mx\/la-sip-acusa-a-la-fiscal-general-de-guatemala-de-abuso-de-privilegio\/"]}]},{"@type":"ImageObject","inLanguage":"es","@id":"https:\/\/www.sonoraenequipo.com.mx\/la-sip-acusa-a-la-fiscal-general-de-guatemala-de-abuso-de-privilegio\/#primaryimage","url":"https:\/\/www.sonoraenequipo.com.mx\/storage\/2023\/08\/La-SIP-acusa-a-la-fiscal-general-de-Guatemala-de-abuso-de-privilegio...-min.jpg","contentUrl":"https:\/\/www.sonoraenequipo.com.mx\/storage\/2023\/08\/La-SIP-acusa-a-la-fiscal-general-de-Guatemala-de-abuso-de-privilegio...-min.jpg","width":900,"height":505},{"@type":"BreadcrumbList","@id":"https:\/\/www.sonoraenequipo.com.mx\/la-sip-acusa-a-la-fiscal-general-de-guatemala-de-abuso-de-privilegio\/#breadcrumb","itemListElement":[{"@type":"ListItem","position":1,"name":"Portada","item":"https:\/\/www.sonoraenequipo.com.mx\/"},{"@type":"ListItem","position":2,"name":"La SIP acusa a la fiscal general de Guatemala de \u201cabuso de privilegio\u201d"}]},{"@type":"WebSite","@id":"https:\/\/www.sonoraenequipo.com.mx\/#website","url":"https:\/\/www.sonoraenequipo.com.mx\/","name":"Sonora en Equipo.","description":"Diario en l\u00ednea con Noticias desde Hermosillo, Sonora","publisher":{"@id":"https:\/\/www.sonoraenequipo.com.mx\/#organization"},"potentialAction":[{"@type":"SearchAction","target":{"@type":"EntryPoint","urlTemplate":"https:\/\/www.sonoraenequipo.com.mx\/?s={search_term_string}"},"query-input":{"@type":"PropertyValueSpecification","valueRequired":true,"valueName":"search_term_string"}}],"inLanguage":"es"},{"@type":"Organization","@id":"https:\/\/www.sonoraenequipo.com.mx\/#organization","name":"Sonoraenequipo.com.mx","url":"https:\/\/www.sonoraenequipo.com.mx\/","logo":{"@type":"ImageObject","inLanguage":"es","@id":"https:\/\/www.sonoraenequipo.com.mx\/#\/schema\/logo\/image\/","url":"https:\/\/www.sonoraenequipo.com.mx\/storage\/2019\/01\/sonoraenequipo_opt.png","contentUrl":"https:\/\/www.sonoraenequipo.com.mx\/storage\/2019\/01\/sonoraenequipo_opt.png","width":375,"height":125,"caption":"Sonoraenequipo.com.mx"},"image":{"@id":"https:\/\/www.sonoraenequipo.com.mx\/#\/schema\/logo\/image\/"},"sameAs":["https:\/\/www.facebook.com\/SonoraEE\/","https:\/\/x.com\/sonoraenequipo","https:\/\/www.youtube.com\/channel\/UC338nW-lPEYmJQs4ZABQ1SQ"]},{"@type":"Person","@id":"https:\/\/www.sonoraenequipo.com.mx\/#\/schema\/person\/50102df0fb23a8fa9e8effad8fa81386","name":"enequipo","image":{"@type":"ImageObject","inLanguage":"es","@id":"https:\/\/www.sonoraenequipo.com.mx\/#\/schema\/person\/image\/","url":"https:\/\/secure.gravatar.com\/avatar\/049821681b589dabc0bc20695993ccebb09f5b5d4d790cd9251b97faac7c652b?s=96&d=blank&r=g","contentUrl":"https:\/\/secure.gravatar.com\/avatar\/049821681b589dabc0bc20695993ccebb09f5b5d4d790cd9251b97faac7c652b?s=96&d=blank&r=g","caption":"enequipo"},"sameAs":["https:\/\/www.facebook.com\/SonoraEE"]}]}},"jetpack_featured_media_url":"https:\/\/www.sonoraenequipo.com.mx\/storage\/2023\/08\/La-SIP-acusa-a-la-fiscal-general-de-Guatemala-de-abuso-de-privilegio...-min.jpg","_links":{"self":[{"href":"https:\/\/www.sonoraenequipo.com.mx\/api\/wp\/v2\/posts\/173709","targetHints":{"allow":["GET"]}}],"collection":[{"href":"https:\/\/www.sonoraenequipo.com.mx\/api\/wp\/v2\/posts"}],"about":[{"href":"https:\/\/www.sonoraenequipo.com.mx\/api\/wp\/v2\/types\/post"}],"author":[{"embeddable":true,"href":"https:\/\/www.sonoraenequipo.com.mx\/api\/wp\/v2\/users\/1"}],"replies":[{"embeddable":true,"href":"https:\/\/www.sonoraenequipo.com.mx\/api\/wp\/v2\/comments?post=173709"}],"version-history":[{"count":1,"href":"https:\/\/www.sonoraenequipo.com.mx\/api\/wp\/v2\/posts\/173709\/revisions"}],"predecessor-version":[{"id":173713,"href":"https:\/\/www.sonoraenequipo.com.mx\/api\/wp\/v2\/posts\/173709\/revisions\/173713"}],"wp:featuredmedia":[{"embeddable":true,"href":"https:\/\/www.sonoraenequipo.com.mx\/api\/wp\/v2\/media\/173711"}],"wp:attachment":[{"href":"https:\/\/www.sonoraenequipo.com.mx\/api\/wp\/v2\/media?parent=173709"}],"wp:term":[{"taxonomy":"category","embeddable":true,"href":"https:\/\/www.sonoraenequipo.com.mx\/api\/wp\/v2\/categories?post=173709"},{"taxonomy":"post_tag","embeddable":true,"href":"https:\/\/www.sonoraenequipo.com.mx\/api\/wp\/v2\/tags?post=173709"}],"curies":[{"name":"wp","href":"https:\/\/api.w.org\/{rel}","templated":true}]}}