{"id":173718,"date":"2023-08-29T20:21:23","date_gmt":"2023-08-30T03:21:23","guid":{"rendered":"https:\/\/www.sonoraenequipo.com.mx\/?p=173718"},"modified":"2023-08-30T10:09:28","modified_gmt":"2023-08-30T17:09:28","slug":"la-red-social-x-antes-twitter-vuelve-a-aceptar-la-publicidad-politica-en-estados-unidos","status":"publish","type":"post","link":"https:\/\/www.sonoraenequipo.com.mx\/la-red-social-x-antes-twitter-vuelve-a-aceptar-la-publicidad-politica-en-estados-unidos\/","title":{"rendered":"La red social X, antes Twitter, vuelve a aceptar la publicidad pol\u00edtica en Estados Unidos"},"content":{"rendered":"<p><strong>ESTADOS UNIDOS. \u2014<\/strong> La red social X, antes Twitter, anunci\u00f3 este martes que volver\u00e1 a aceptar la publicidad pol\u00edtica en Estados Unidos con el objetivo de monetizar las costosas campa\u00f1as de las elecciones presidenciales que se celebrar\u00e1n en 2024.<\/p>\n<p>&nbsp;<\/p>\n<p> <\/p>\n<p><em><strong>\u201cAprovechando nuestro compromiso con la libre expresi\u00f3n, tambi\u00e9n permitiremos la publicidad pol\u00edtica\u201d<\/strong><\/em>, anunci\u00f3 en un comunicado la compa\u00f1\u00eda de la que Elon Musk es due\u00f1o desde octubre de 2022.<\/p>\n<p>&nbsp;<\/p>\n<p>&nbsp;<\/p>\n<p>Esta decisi\u00f3n revierte la prohibici\u00f3n que la red social tom\u00f3 en 2019, junto antes de las \u00faltimas elecciones presidenciales que se celebraron en 2020.<\/p>\n<p>&nbsp;<\/p>\n<p>En ese momento, el entonces director ejecutivo Jack Dorsey explic\u00f3 la decisi\u00f3n de suspender la publicidad pol\u00edtica a nivel mundial diciendo: <strong>\u201cCreemos que el alcance de los mensajes pol\u00edticos debe ganarse, no comprarse\u201d.<\/strong><\/p>\n<p>&nbsp;<\/p>\n<p>&nbsp;<\/p>\n<p>En el comunicado de hoy, X recalc\u00f3 que la plataforma procurar\u00e1<strong><em> \u201cpreservar el discurso pol\u00edtico libre y abierto\u201d,<\/em><\/strong> a la vez que seguir\u00e1 prohibiendo las publicaciones con<strong><em> \u201ccontenido falso o enga\u00f1oso\u201d.<\/em><\/strong><\/p>\n<p>&nbsp;<\/p>\n<p>&nbsp;<\/p>\n<p><em><strong>\u201cTambi\u00e9n proporcionaremos un centro de transparencia publicitaria global para que todos puedan revisar las publicaciones pol\u00edticas que se promocionan en X, adem\u00e1s de s\u00f3lidos procesos de selecci\u00f3n para garantizar que solo los grupos y campa\u00f1as que re\u00fanan los requisitos puedan anunciarse\u201d<\/strong><\/em>, anota el comunicado.<\/p>\n<p>&nbsp;<\/p>\n<p>El a\u00f1o pasado, Musk permiti\u00f3 al expresidente de Estados Unidos Donald Trump (2017-2021) volver a su red social, despu\u00e9s de que el pol\u00edtico fuese vetado en enero de 2021 por \u201cincitaci\u00f3n a la violencia\u201d tras el asalto al Capitolio del 6 de enero.<\/p>\n<p>&nbsp;<\/p>\n<p>No obstante, Trump volvi\u00f3 a escribir en la red social este 24 de agosto para publicar su fotograf\u00eda bajo arresto policial que le tomaron en la c\u00e1rcel ese mismo d\u00eda y pedir donaciones.<\/p>\n<p>&nbsp;<\/p>\n<p>PUBLICADO EL 29 AGOSTO DE 2023\/ Con informaci\u00f3n de Prensa Libre)<\/p>\n","protected":false},"excerpt":{"rendered":"<p>ESTADOS UNIDOS. \u2014 La red social X, antes Twitter, anunci\u00f3 este martes que volver\u00e1 a&#8230;<\/p>\n","protected":false},"author":1,"featured_media":173719,"comment_status":"open","ping_status":"open","sticky":false,"template":"","format":"standard","meta":{"_monsterinsights_skip_tracking":false,"_monsterinsights_sitenote_active":false,"_monsterinsights_sitenote_note":"","_monsterinsights_sitenote_category":0,"footnotes":""},"categories":[3],"tags":[],"class_list":["post"],"yoast_head":" \n<title>Sonora en Equipo. La red social X, antes Twitter, vuelve a aceptar la publicidad pol\u00edtica en Estados Unidos MUNDO<\/title>\n<meta name=\"description\" content=\"ESTADOS UNIDOS. \u2014 La red social X, antes Twitter, anunci\u00f3 este martes que volver\u00e1 a aceptar la publicidad pol\u00edtica en Estados Unidos con el objetivo de En Sonora en Equipo publicamos toda la informaci\u00f3n de Sonora, M\u00e9xico y el Mundo de manera oportuna y busca que la libertad de expresi\u00f3n sea real. Visita nuestro medio informativo publicado desde Hermosillo, Sonora. %\" \/>\n<meta name=\"robots\" content=\"index, follow, max-snippet:-1, max-image-preview:large, max-video-preview:-1\" \/>\n<link rel=\"canonical\" href=\"https:\/\/www.sonoraenequipo.com.mx\/la-red-social-x-antes-twitter-vuelve-a-aceptar-la-publicidad-politica-en-estados-unidos\/\" \/>\n<meta property=\"og:locale\" content=\"es_ES\" \/>\n<meta property=\"og:type\" content=\"article\" \/>\n<meta property=\"og:title\" content=\"Sonora en Equipo. La red social X, antes Twitter, vuelve a aceptar la publicidad pol\u00edtica en Estados Unidos MUNDO\" \/>\n<meta property=\"og:description\" content=\"ESTADOS UNIDOS. \u2014 La red social X, antes Twitter, anunci\u00f3 este martes que volver\u00e1 a aceptar la publicidad pol\u00edtica en Estados Unidos con el objetivo de En Sonora en Equipo publicamos toda la informaci\u00f3n de Sonora, M\u00e9xico y el Mundo de manera oportuna y busca que la libertad de expresi\u00f3n sea real. Visita nuestro medio informativo publicado desde Hermosillo, Sonora. %\" \/>\n<meta property=\"og:url\" content=\"https:\/\/www.sonoraenequipo.com.mx\/la-red-social-x-antes-twitter-vuelve-a-aceptar-la-publicidad-politica-en-estados-unidos\/\" \/>\n<meta property=\"og:site_name\" content=\"Sonora en Equipo.\" \/>\n<meta property=\"article:publisher\" content=\"https:\/\/www.facebook.com\/SonoraEE\/\" \/>\n<meta property=\"article:author\" content=\"https:\/\/www.facebook.com\/SonoraEE\" \/>\n<meta property=\"article:published_time\" content=\"2023-08-30T03:21:23+00:00\" \/>\n<meta property=\"article:modified_time\" content=\"2023-08-30T17:09:28+00:00\" \/>\n<meta property=\"og:image\" content=\"https:\/\/www.sonoraenequipo.com.mx\/storage\/2023\/08\/politica-y-redx...-min.jpg\" \/>\n\t<meta property=\"og:image:width\" content=\"1100\" \/>\n\t<meta property=\"og:image:height\" content=\"666\" \/>\n\t<meta property=\"og:image:type\" content=\"image\/jpeg\" \/>\n<meta name=\"author\" content=\"enequipo\" \/>\n<meta name=\"twitter:card\" content=\"summary_large_image\" \/>\n<meta name=\"twitter:creator\" content=\"@sonoraenequipo\" \/>\n<meta name=\"twitter:site\" content=\"@sonoraenequipo\" \/>\n<meta name=\"twitter:label1\" content=\"Escrito por\" \/>\n\t<meta name=\"twitter:data1\" content=\"enequipo\" \/>\n\t<meta name=\"twitter:label2\" content=\"Tiempo de lectura\" \/>\n\t<meta name=\"twitter:data2\" content=\"2 minutos\" \/>\n<script type=\"application\/ld+json\" class=\"yoast-schema-graph\">{\"@context\":\"https:\/\/schema.org\",\"@graph\":[{\"@type\":\"Article\",\"@id\":\"https:\/\/www.sonoraenequipo.com.mx\/la-red-social-x-antes-twitter-vuelve-a-aceptar-la-publicidad-politica-en-estados-unidos\/#article\",\"isPartOf\":{\"@id\":\"https:\/\/www.sonoraenequipo.com.mx\/la-red-social-x-antes-twitter-vuelve-a-aceptar-la-publicidad-politica-en-estados-unidos\/\"},\"author\":{\"name\":\"enequipo\",\"@id\":\"https:\/\/www.sonoraenequipo.com.mx\/#\/schema\/person\/50102df0fb23a8fa9e8effad8fa81386\"},\"headline\":\"La red social X, antes Twitter, vuelve a aceptar la publicidad pol\u00edtica en Estados Unidos\",\"datePublished\":\"2023-08-30T03:21:23+00:00\",\"dateModified\":\"2023-08-30T17:09:28+00:00\",\"mainEntityOfPage\":{\"@id\":\"https:\/\/www.sonoraenequipo.com.mx\/la-red-social-x-antes-twitter-vuelve-a-aceptar-la-publicidad-politica-en-estados-unidos\/\"},\"wordCount\":334,\"commentCount\":0,\"publisher\":{\"@id\":\"https:\/\/www.sonoraenequipo.com.mx\/#organization\"},\"image\":{\"@id\":\"https:\/\/www.sonoraenequipo.com.mx\/la-red-social-x-antes-twitter-vuelve-a-aceptar-la-publicidad-politica-en-estados-unidos\/#primaryimage\"},\"thumbnailUrl\":\"https:\/\/www.sonoraenequipo.com.mx\/storage\/2023\/08\/politica-y-redx...-min.jpg\",\"articleSection\":[\"MUNDO\"],\"inLanguage\":\"es\",\"potentialAction\":[{\"@type\":\"CommentAction\",\"name\":\"Comment\",\"target\":[\"https:\/\/www.sonoraenequipo.com.mx\/la-red-social-x-antes-twitter-vuelve-a-aceptar-la-publicidad-politica-en-estados-unidos\/#respond\"]}]},{\"@type\":\"WebPage\",\"@id\":\"https:\/\/www.sonoraenequipo.com.mx\/la-red-social-x-antes-twitter-vuelve-a-aceptar-la-publicidad-politica-en-estados-unidos\/\",\"url\":\"https:\/\/www.sonoraenequipo.com.mx\/la-red-social-x-antes-twitter-vuelve-a-aceptar-la-publicidad-politica-en-estados-unidos\/\",\"name\":\"Sonora en Equipo. La red social X, antes Twitter, vuelve a aceptar la publicidad pol\u00edtica en Estados Unidos MUNDO\",\"isPartOf\":{\"@id\":\"https:\/\/www.sonoraenequipo.com.mx\/#website\"},\"primaryImageOfPage\":{\"@id\":\"https:\/\/www.sonoraenequipo.com.mx\/la-red-social-x-antes-twitter-vuelve-a-aceptar-la-publicidad-politica-en-estados-unidos\/#primaryimage\"},\"image\":{\"@id\":\"https:\/\/www.sonoraenequipo.com.mx\/la-red-social-x-antes-twitter-vuelve-a-aceptar-la-publicidad-politica-en-estados-unidos\/#primaryimage\"},\"thumbnailUrl\":\"https:\/\/www.sonoraenequipo.com.mx\/storage\/2023\/08\/politica-y-redx...-min.jpg\",\"datePublished\":\"2023-08-30T03:21:23+00:00\",\"dateModified\":\"2023-08-30T17:09:28+00:00\",\"description\":\"ESTADOS UNIDOS. \u2014 La red social X, antes Twitter, anunci\u00f3 este martes que volver\u00e1 a aceptar la publicidad pol\u00edtica en Estados Unidos con el objetivo de En Sonora en Equipo publicamos toda la informaci\u00f3n de Sonora, M\u00e9xico y el Mundo de manera oportuna y busca que la libertad de expresi\u00f3n sea real. Visita nuestro medio informativo publicado desde Hermosillo, Sonora. %\",\"breadcrumb\":{\"@id\":\"https:\/\/www.sonoraenequipo.com.mx\/la-red-social-x-antes-twitter-vuelve-a-aceptar-la-publicidad-politica-en-estados-unidos\/#breadcrumb\"},\"inLanguage\":\"es\",\"potentialAction\":[{\"@type\":\"ReadAction\",\"target\":[\"https:\/\/www.sonoraenequipo.com.mx\/la-red-social-x-antes-twitter-vuelve-a-aceptar-la-publicidad-politica-en-estados-unidos\/\"]}]},{\"@type\":\"ImageObject\",\"inLanguage\":\"es\",\"@id\":\"https:\/\/www.sonoraenequipo.com.mx\/la-red-social-x-antes-twitter-vuelve-a-aceptar-la-publicidad-politica-en-estados-unidos\/#primaryimage\",\"url\":\"https:\/\/www.sonoraenequipo.com.mx\/storage\/2023\/08\/politica-y-redx...-min.jpg\",\"contentUrl\":\"https:\/\/www.sonoraenequipo.com.mx\/storage\/2023\/08\/politica-y-redx...-min.jpg\",\"width\":1100,\"height\":666},{\"@type\":\"BreadcrumbList\",\"@id\":\"https:\/\/www.sonoraenequipo.com.mx\/la-red-social-x-antes-twitter-vuelve-a-aceptar-la-publicidad-politica-en-estados-unidos\/#breadcrumb\",\"itemListElement\":[{\"@type\":\"ListItem\",\"position\":1,\"name\":\"Portada\",\"item\":\"https:\/\/www.sonoraenequipo.com.mx\/\"},{\"@type\":\"ListItem\",\"position\":2,\"name\":\"La red social X, antes Twitter, vuelve a aceptar la publicidad pol\u00edtica en Estados Unidos\"}]},{\"@type\":\"WebSite\",\"@id\":\"https:\/\/www.sonoraenequipo.com.mx\/#website\",\"url\":\"https:\/\/www.sonoraenequipo.com.mx\/\",\"name\":\"Sonora en Equipo.\",\"description\":\"Diario en l\u00ednea con Noticias desde Hermosillo, Sonora\",\"publisher\":{\"@id\":\"https:\/\/www.sonoraenequipo.com.mx\/#organization\"},\"potentialAction\":[{\"@type\":\"SearchAction\",\"target\":{\"@type\":\"EntryPoint\",\"urlTemplate\":\"https:\/\/www.sonoraenequipo.com.mx\/?s={search_term_string}\"},\"query-input\":{\"@type\":\"PropertyValueSpecification\",\"valueRequired\":true,\"valueName\":\"search_term_string\"}}],\"inLanguage\":\"es\"},{\"@type\":\"Organization\",\"@id\":\"https:\/\/www.sonoraenequipo.com.mx\/#organization\",\"name\":\"Sonoraenequipo.com.mx\",\"url\":\"https:\/\/www.sonoraenequipo.com.mx\/\",\"logo\":{\"@type\":\"ImageObject\",\"inLanguage\":\"es\",\"@id\":\"https:\/\/www.sonoraenequipo.com.mx\/#\/schema\/logo\/image\/\",\"url\":\"https:\/\/www.sonoraenequipo.com.mx\/storage\/2019\/01\/sonoraenequipo_opt.png\",\"contentUrl\":\"https:\/\/www.sonoraenequipo.com.mx\/storage\/2019\/01\/sonoraenequipo_opt.png\",\"width\":375,\"height\":125,\"caption\":\"Sonoraenequipo.com.mx\"},\"image\":{\"@id\":\"https:\/\/www.sonoraenequipo.com.mx\/#\/schema\/logo\/image\/\"},\"sameAs\":[\"https:\/\/www.facebook.com\/SonoraEE\/\",\"https:\/\/x.com\/sonoraenequipo\",\"https:\/\/www.youtube.com\/channel\/UC338nW-lPEYmJQs4ZABQ1SQ\"]},{\"@type\":\"Person\",\"@id\":\"https:\/\/www.sonoraenequipo.com.mx\/#\/schema\/person\/50102df0fb23a8fa9e8effad8fa81386\",\"name\":\"enequipo\",\"image\":{\"@type\":\"ImageObject\",\"inLanguage\":\"es\",\"@id\":\"https:\/\/www.sonoraenequipo.com.mx\/#\/schema\/person\/image\/\",\"url\":\"https:\/\/secure.gravatar.com\/avatar\/049821681b589dabc0bc20695993ccebb09f5b5d4d790cd9251b97faac7c652b?s=96&d=blank&r=g\",\"contentUrl\":\"https:\/\/secure.gravatar.com\/avatar\/049821681b589dabc0bc20695993ccebb09f5b5d4d790cd9251b97faac7c652b?s=96&d=blank&r=g\",\"caption\":\"enequipo\"},\"sameAs\":[\"https:\/\/www.facebook.com\/SonoraEE\"]}]}<\/script>\n ","yoast_head_json":{"title":"Sonora en Equipo. La red social X, antes Twitter, vuelve a aceptar la publicidad pol\u00edtica en Estados Unidos MUNDO","description":"ESTADOS UNIDOS. \u2014 La red social X, antes Twitter, anunci\u00f3 este martes que volver\u00e1 a aceptar la publicidad pol\u00edtica en Estados Unidos con el objetivo de En Sonora en Equipo publicamos toda la informaci\u00f3n de Sonora, M\u00e9xico y el Mundo de manera oportuna y busca que la libertad de expresi\u00f3n sea real. Visita nuestro medio informativo publicado desde Hermosillo, Sonora. %","robots":{"index":"index","follow":"follow","max-snippet":"max-snippet:-1","max-image-preview":"max-image-preview:large","max-video-preview":"max-video-preview:-1"},"canonical":"https:\/\/www.sonoraenequipo.com.mx\/la-red-social-x-antes-twitter-vuelve-a-aceptar-la-publicidad-politica-en-estados-unidos\/","og_locale":"es_ES","og_type":"article","og_title":"Sonora en Equipo. La red social X, antes Twitter, vuelve a aceptar la publicidad pol\u00edtica en Estados Unidos MUNDO","og_description":"ESTADOS UNIDOS. \u2014 La red social X, antes Twitter, anunci\u00f3 este martes que volver\u00e1 a aceptar la publicidad pol\u00edtica en Estados Unidos con el objetivo de En Sonora en Equipo publicamos toda la informaci\u00f3n de Sonora, M\u00e9xico y el Mundo de manera oportuna y busca que la libertad de expresi\u00f3n sea real. Visita nuestro medio informativo publicado desde Hermosillo, Sonora. %","og_url":"https:\/\/www.sonoraenequipo.com.mx\/la-red-social-x-antes-twitter-vuelve-a-aceptar-la-publicidad-politica-en-estados-unidos\/","og_site_name":"Sonora en Equipo.","article_publisher":"https:\/\/www.facebook.com\/SonoraEE\/","article_author":"https:\/\/www.facebook.com\/SonoraEE","article_published_time":"2023-08-30T03:21:23+00:00","article_modified_time":"2023-08-30T17:09:28+00:00","og_image":[{"width":1100,"height":666,"url":"https:\/\/www.sonoraenequipo.com.mx\/storage\/2023\/08\/politica-y-redx...-min.jpg","type":"image\/jpeg"}],"author":"enequipo","twitter_card":"summary_large_image","twitter_creator":"@sonoraenequipo","twitter_site":"@sonoraenequipo","twitter_misc":{"Escrito por":"enequipo","Tiempo de lectura":"2 minutos"},"schema":{"@context":"https:\/\/schema.org","@graph":[{"@type":"Article","@id":"https:\/\/www.sonoraenequipo.com.mx\/la-red-social-x-antes-twitter-vuelve-a-aceptar-la-publicidad-politica-en-estados-unidos\/#article","isPartOf":{"@id":"https:\/\/www.sonoraenequipo.com.mx\/la-red-social-x-antes-twitter-vuelve-a-aceptar-la-publicidad-politica-en-estados-unidos\/"},"author":{"name":"enequipo","@id":"https:\/\/www.sonoraenequipo.com.mx\/#\/schema\/person\/50102df0fb23a8fa9e8effad8fa81386"},"headline":"La red social X, antes Twitter, vuelve a aceptar la publicidad pol\u00edtica en Estados Unidos","datePublished":"2023-08-30T03:21:23+00:00","dateModified":"2023-08-30T17:09:28+00:00","mainEntityOfPage":{"@id":"https:\/\/www.sonoraenequipo.com.mx\/la-red-social-x-antes-twitter-vuelve-a-aceptar-la-publicidad-politica-en-estados-unidos\/"},"wordCount":334,"commentCount":0,"publisher":{"@id":"https:\/\/www.sonoraenequipo.com.mx\/#organization"},"image":{"@id":"https:\/\/www.sonoraenequipo.com.mx\/la-red-social-x-antes-twitter-vuelve-a-aceptar-la-publicidad-politica-en-estados-unidos\/#primaryimage"},"thumbnailUrl":"https:\/\/www.sonoraenequipo.com.mx\/storage\/2023\/08\/politica-y-redx...-min.jpg","articleSection":["MUNDO"],"inLanguage":"es","potentialAction":[{"@type":"CommentAction","name":"Comment","target":["https:\/\/www.sonoraenequipo.com.mx\/la-red-social-x-antes-twitter-vuelve-a-aceptar-la-publicidad-politica-en-estados-unidos\/#respond"]}]},{"@type":"WebPage","@id":"https:\/\/www.sonoraenequipo.com.mx\/la-red-social-x-antes-twitter-vuelve-a-aceptar-la-publicidad-politica-en-estados-unidos\/","url":"https:\/\/www.sonoraenequipo.com.mx\/la-red-social-x-antes-twitter-vuelve-a-aceptar-la-publicidad-politica-en-estados-unidos\/","name":"Sonora en Equipo. La red social X, antes Twitter, vuelve a aceptar la publicidad pol\u00edtica en Estados Unidos MUNDO","isPartOf":{"@id":"https:\/\/www.sonoraenequipo.com.mx\/#website"},"primaryImageOfPage":{"@id":"https:\/\/www.sonoraenequipo.com.mx\/la-red-social-x-antes-twitter-vuelve-a-aceptar-la-publicidad-politica-en-estados-unidos\/#primaryimage"},"image":{"@id":"https:\/\/www.sonoraenequipo.com.mx\/la-red-social-x-antes-twitter-vuelve-a-aceptar-la-publicidad-politica-en-estados-unidos\/#primaryimage"},"thumbnailUrl":"https:\/\/www.sonoraenequipo.com.mx\/storage\/2023\/08\/politica-y-redx...-min.jpg","datePublished":"2023-08-30T03:21:23+00:00","dateModified":"2023-08-30T17:09:28+00:00","description":"ESTADOS UNIDOS. \u2014 La red social X, antes Twitter, anunci\u00f3 este martes que volver\u00e1 a aceptar la publicidad pol\u00edtica en Estados Unidos con el objetivo de En Sonora en Equipo publicamos toda la informaci\u00f3n de Sonora, M\u00e9xico y el Mundo de manera oportuna y busca que la libertad de expresi\u00f3n sea real. Visita nuestro medio informativo publicado desde Hermosillo, Sonora. %","breadcrumb":{"@id":"https:\/\/www.sonoraenequipo.com.mx\/la-red-social-x-antes-twitter-vuelve-a-aceptar-la-publicidad-politica-en-estados-unidos\/#breadcrumb"},"inLanguage":"es","potentialAction":[{"@type":"ReadAction","target":["https:\/\/www.sonoraenequipo.com.mx\/la-red-social-x-antes-twitter-vuelve-a-aceptar-la-publicidad-politica-en-estados-unidos\/"]}]},{"@type":"ImageObject","inLanguage":"es","@id":"https:\/\/www.sonoraenequipo.com.mx\/la-red-social-x-antes-twitter-vuelve-a-aceptar-la-publicidad-politica-en-estados-unidos\/#primaryimage","url":"https:\/\/www.sonoraenequipo.com.mx\/storage\/2023\/08\/politica-y-redx...-min.jpg","contentUrl":"https:\/\/www.sonoraenequipo.com.mx\/storage\/2023\/08\/politica-y-redx...-min.jpg","width":1100,"height":666},{"@type":"BreadcrumbList","@id":"https:\/\/www.sonoraenequipo.com.mx\/la-red-social-x-antes-twitter-vuelve-a-aceptar-la-publicidad-politica-en-estados-unidos\/#breadcrumb","itemListElement":[{"@type":"ListItem","position":1,"name":"Portada","item":"https:\/\/www.sonoraenequipo.com.mx\/"},{"@type":"ListItem","position":2,"name":"La red social X, antes Twitter, vuelve a aceptar la publicidad pol\u00edtica en Estados Unidos"}]},{"@type":"WebSite","@id":"https:\/\/www.sonoraenequipo.com.mx\/#website","url":"https:\/\/www.sonoraenequipo.com.mx\/","name":"Sonora en Equipo.","description":"Diario en l\u00ednea con Noticias desde Hermosillo, Sonora","publisher":{"@id":"https:\/\/www.sonoraenequipo.com.mx\/#organization"},"potentialAction":[{"@type":"SearchAction","target":{"@type":"EntryPoint","urlTemplate":"https:\/\/www.sonoraenequipo.com.mx\/?s={search_term_string}"},"query-input":{"@type":"PropertyValueSpecification","valueRequired":true,"valueName":"search_term_string"}}],"inLanguage":"es"},{"@type":"Organization","@id":"https:\/\/www.sonoraenequipo.com.mx\/#organization","name":"Sonoraenequipo.com.mx","url":"https:\/\/www.sonoraenequipo.com.mx\/","logo":{"@type":"ImageObject","inLanguage":"es","@id":"https:\/\/www.sonoraenequipo.com.mx\/#\/schema\/logo\/image\/","url":"https:\/\/www.sonoraenequipo.com.mx\/storage\/2019\/01\/sonoraenequipo_opt.png","contentUrl":"https:\/\/www.sonoraenequipo.com.mx\/storage\/2019\/01\/sonoraenequipo_opt.png","width":375,"height":125,"caption":"Sonoraenequipo.com.mx"},"image":{"@id":"https:\/\/www.sonoraenequipo.com.mx\/#\/schema\/logo\/image\/"},"sameAs":["https:\/\/www.facebook.com\/SonoraEE\/","https:\/\/x.com\/sonoraenequipo","https:\/\/www.youtube.com\/channel\/UC338nW-lPEYmJQs4ZABQ1SQ"]},{"@type":"Person","@id":"https:\/\/www.sonoraenequipo.com.mx\/#\/schema\/person\/50102df0fb23a8fa9e8effad8fa81386","name":"enequipo","image":{"@type":"ImageObject","inLanguage":"es","@id":"https:\/\/www.sonoraenequipo.com.mx\/#\/schema\/person\/image\/","url":"https:\/\/secure.gravatar.com\/avatar\/049821681b589dabc0bc20695993ccebb09f5b5d4d790cd9251b97faac7c652b?s=96&d=blank&r=g","contentUrl":"https:\/\/secure.gravatar.com\/avatar\/049821681b589dabc0bc20695993ccebb09f5b5d4d790cd9251b97faac7c652b?s=96&d=blank&r=g","caption":"enequipo"},"sameAs":["https:\/\/www.facebook.com\/SonoraEE"]}]}},"jetpack_featured_media_url":"https:\/\/www.sonoraenequipo.com.mx\/storage\/2023\/08\/politica-y-redx...-min.jpg","_links":{"self":[{"href":"https:\/\/www.sonoraenequipo.com.mx\/api\/wp\/v2\/posts\/173718","targetHints":{"allow":["GET"]}}],"collection":[{"href":"https:\/\/www.sonoraenequipo.com.mx\/api\/wp\/v2\/posts"}],"about":[{"href":"https:\/\/www.sonoraenequipo.com.mx\/api\/wp\/v2\/types\/post"}],"author":[{"embeddable":true,"href":"https:\/\/www.sonoraenequipo.com.mx\/api\/wp\/v2\/users\/1"}],"replies":[{"embeddable":true,"href":"https:\/\/www.sonoraenequipo.com.mx\/api\/wp\/v2\/comments?post=173718"}],"version-history":[{"count":1,"href":"https:\/\/www.sonoraenequipo.com.mx\/api\/wp\/v2\/posts\/173718\/revisions"}],"predecessor-version":[{"id":173720,"href":"https:\/\/www.sonoraenequipo.com.mx\/api\/wp\/v2\/posts\/173718\/revisions\/173720"}],"wp:featuredmedia":[{"embeddable":true,"href":"https:\/\/www.sonoraenequipo.com.mx\/api\/wp\/v2\/media\/173719"}],"wp:attachment":[{"href":"https:\/\/www.sonoraenequipo.com.mx\/api\/wp\/v2\/media?parent=173718"}],"wp:term":[{"taxonomy":"category","embeddable":true,"href":"https:\/\/www.sonoraenequipo.com.mx\/api\/wp\/v2\/categories?post=173718"},{"taxonomy":"post_tag","embeddable":true,"href":"https:\/\/www.sonoraenequipo.com.mx\/api\/wp\/v2\/tags?post=173718"}],"curies":[{"name":"wp","href":"https:\/\/api.w.org\/{rel}","templated":true}]}}