{"id":174180,"date":"2023-09-05T11:48:10","date_gmt":"2023-09-05T18:48:10","guid":{"rendered":"https:\/\/www.sonoraenequipo.com.mx\/?p=174180"},"modified":"2023-09-05T15:28:10","modified_gmt":"2023-09-05T22:28:10","slug":"se-forma-en-el-atlantico-la-depresion-tropical-13-que-puede-llegar-a-ser-un-huracan-mayor","status":"publish","type":"post","link":"https:\/\/www.sonoraenequipo.com.mx\/se-forma-en-el-atlantico-la-depresion-tropical-13-que-puede-llegar-a-ser-un-huracan-mayor\/","title":{"rendered":"Se forma en el Atl\u00e1ntico la depresi\u00f3n tropical 13, que puede llegar a ser un hurac\u00e1n mayor"},"content":{"rendered":"<p><strong>MIAMI, FLORIDA. ESTADOS UNIDOS. \u2014<\/strong> Un \u00e1rea de baja presi\u00f3n en el centro del Atl\u00e1ntico dio paso este martes a la depresi\u00f3n tropical 13, que de acuerdo al Centro Nacional de Huracanes (NHC, en ingl\u00e9s) de EE.UU. ser\u00e1 un hurac\u00e1n mayor hacia finales de esta semana.<\/p>\n<p>&nbsp;<\/p>\n<p> La depresi\u00f3n se ubica a unos 2.295 kil\u00f3metros al este de las Antillas Menores y se desplaza hacia el oeste-noroeste a 24 kil\u00f3metros por hora, una trayectoria que se prev\u00e9 mantenga los pr\u00f3ximos d\u00edas.<\/p>\n<p>&nbsp;<\/p>\n<p>El sistema carga vientos m\u00e1ximos sostenidos de 55 km\/h, pero de acuerdo con los meteor\u00f3logos del NHC en un par de d\u00edas se intensificar\u00e1 hasta llegar a ser el hurac\u00e1n Lee, que el fin de semana alcanzar\u00eda a ser un hurac\u00e1n mayor, es decir de categor\u00eda tres o m\u00e1s en la escala Saffir-Simpson, de una m\u00e1ximo de cinco.<\/p>\n<p>&nbsp;<\/p>\n<p>El desarrollo del cicl\u00f3n ha puesto en alerta a las Islas de Sotavento (Antigua y Barbuda, Monserrat e Islas V\u00edrgenes, entre otras), si bien el NHC se\u00f1al\u00f3 en el primer bolet\u00edn dedicado a este sistema que a\u00fan es prematuro saber a ciencia cierta el impacto que dejar\u00e1 en este conjunto de islas del Caribe.<\/p>\n<p>&nbsp;<\/p>\n<p>La formaci\u00f3n de la depresi\u00f3n 13 de la actual temporada de huracanes en el Atl\u00e1ntico, que concluir\u00e1 el pr\u00f3ximo 1 de noviembre, se da luego de que el mi\u00e9rcoles pasado el poderoso hurac\u00e1n Idalia desembarcar\u00e1 en el noroeste de Florida y prosiguiera sobre el sureste de EEUU.<\/p>\n<p>&nbsp;<\/p>\n<p>&nbsp;<\/p>\n<p>Los meteor\u00f3logos del NHC vigilan tambi\u00e9n este martes una fuerte ola tropical delante de las costas de \u00c1frica Occidental que hacia mediados de esta semana podr\u00eda convertirse en una depresi\u00f3n tropical.<\/p>\n<p>&nbsp;<\/p>\n<p>La ola se mueve con rumbo oeste-noroeste y entre el mi\u00e9rcoles y el jueves podr\u00eda pasar sobre las islas africanas de Cabo Verde.<\/p>\n<p>&nbsp;<\/p>\n<p>&nbsp;<\/p>\n<p>En una actualizaci\u00f3n difundida el pasado 10 de agosto, la Administraci\u00f3n Nacional de Oc\u00e9anos y Atm\u00f3sfera (NOAA, en ingl\u00e9s) de EE.UU. vaticin\u00f3 una temporada de huracanes en el Atl\u00e1ntico \u00abpor encima de lo normal\u00bb, con la formaci\u00f3n de entre 14 y 21 tormentas tropicales, de las cuales entre 6 y 11 ser\u00edan huracanes.<\/p>\n<p>&nbsp;<\/p>\n<p>PUBLICADO EL 05 SEPTIEMBRE DE 2023\/ Con informaci\u00f3n de NOAA\/ND)<\/p>\n","protected":false},"excerpt":{"rendered":"<p>MIAMI, FLORIDA. ESTADOS UNIDOS. \u2014 Un \u00e1rea de baja presi\u00f3n en el centro del Atl\u00e1ntico&#8230;<\/p>\n","protected":false},"author":1,"featured_media":174177,"comment_status":"open","ping_status":"open","sticky":false,"template":"","format":"standard","meta":{"_monsterinsights_skip_tracking":false,"_monsterinsights_sitenote_active":false,"_monsterinsights_sitenote_note":"","_monsterinsights_sitenote_category":0,"footnotes":""},"categories":[3],"tags":[],"class_list":["post"],"yoast_head":" \n<title>Sonora en Equipo. Se forma en el Atl\u00e1ntico la depresi\u00f3n tropical 13, que puede llegar a ser un hurac\u00e1n mayor MUNDO<\/title>\n<meta name=\"description\" content=\"MIAMI, FLORIDA. ESTADOS UNIDOS. \u2014 Un \u00e1rea de baja presi\u00f3n en el centro del Atl\u00e1ntico dio paso este martes a la depresi\u00f3n tropical 13, que de acuerdo al En Sonora en Equipo publicamos toda la informaci\u00f3n de Sonora, M\u00e9xico y el Mundo de manera oportuna y busca que la libertad de expresi\u00f3n sea real. Visita nuestro medio informativo publicado desde Hermosillo, Sonora. %\" \/>\n<meta name=\"robots\" content=\"index, follow, max-snippet:-1, max-image-preview:large, max-video-preview:-1\" \/>\n<link rel=\"canonical\" href=\"https:\/\/www.sonoraenequipo.com.mx\/se-forma-en-el-atlantico-la-depresion-tropical-13-que-puede-llegar-a-ser-un-huracan-mayor\/\" \/>\n<meta property=\"og:locale\" content=\"es_ES\" \/>\n<meta property=\"og:type\" content=\"article\" \/>\n<meta property=\"og:title\" content=\"Sonora en Equipo. Se forma en el Atl\u00e1ntico la depresi\u00f3n tropical 13, que puede llegar a ser un hurac\u00e1n mayor MUNDO\" \/>\n<meta property=\"og:description\" content=\"MIAMI, FLORIDA. ESTADOS UNIDOS. \u2014 Un \u00e1rea de baja presi\u00f3n en el centro del Atl\u00e1ntico dio paso este martes a la depresi\u00f3n tropical 13, que de acuerdo al En Sonora en Equipo publicamos toda la informaci\u00f3n de Sonora, M\u00e9xico y el Mundo de manera oportuna y busca que la libertad de expresi\u00f3n sea real. Visita nuestro medio informativo publicado desde Hermosillo, Sonora. %\" \/>\n<meta property=\"og:url\" content=\"https:\/\/www.sonoraenequipo.com.mx\/se-forma-en-el-atlantico-la-depresion-tropical-13-que-puede-llegar-a-ser-un-huracan-mayor\/\" \/>\n<meta property=\"og:site_name\" content=\"Sonora en Equipo.\" \/>\n<meta property=\"article:publisher\" content=\"https:\/\/www.facebook.com\/SonoraEE\/\" \/>\n<meta property=\"article:author\" content=\"https:\/\/www.facebook.com\/SonoraEE\" \/>\n<meta property=\"article:published_time\" content=\"2023-09-05T18:48:10+00:00\" \/>\n<meta property=\"article:modified_time\" content=\"2023-09-05T22:28:10+00:00\" \/>\n<meta property=\"og:image\" content=\"https:\/\/www.sonoraenequipo.com.mx\/storage\/2023\/09\/Se-forma-en-el-Atlantico-la-depresion-tropical-13-min-1.jpg\" \/>\n\t<meta property=\"og:image:width\" content=\"886\" \/>\n\t<meta property=\"og:image:height\" content=\"555\" \/>\n\t<meta property=\"og:image:type\" content=\"image\/jpeg\" \/>\n<meta name=\"author\" content=\"enequipo\" \/>\n<meta name=\"twitter:card\" content=\"summary_large_image\" \/>\n<meta name=\"twitter:creator\" content=\"@sonoraenequipo\" \/>\n<meta name=\"twitter:site\" content=\"@sonoraenequipo\" \/>\n<meta name=\"twitter:label1\" content=\"Escrito por\" \/>\n\t<meta name=\"twitter:data1\" content=\"enequipo\" \/>\n\t<meta name=\"twitter:label2\" content=\"Tiempo de lectura\" \/>\n\t<meta name=\"twitter:data2\" content=\"2 minutos\" \/>\n<script type=\"application\/ld+json\" class=\"yoast-schema-graph\">{\"@context\":\"https:\/\/schema.org\",\"@graph\":[{\"@type\":\"Article\",\"@id\":\"https:\/\/www.sonoraenequipo.com.mx\/se-forma-en-el-atlantico-la-depresion-tropical-13-que-puede-llegar-a-ser-un-huracan-mayor\/#article\",\"isPartOf\":{\"@id\":\"https:\/\/www.sonoraenequipo.com.mx\/se-forma-en-el-atlantico-la-depresion-tropical-13-que-puede-llegar-a-ser-un-huracan-mayor\/\"},\"author\":{\"name\":\"enequipo\",\"@id\":\"https:\/\/www.sonoraenequipo.com.mx\/#\/schema\/person\/50102df0fb23a8fa9e8effad8fa81386\"},\"headline\":\"Se forma en el Atl\u00e1ntico la depresi\u00f3n tropical 13, que puede llegar a ser un hurac\u00e1n mayor\",\"datePublished\":\"2023-09-05T18:48:10+00:00\",\"dateModified\":\"2023-09-05T22:28:10+00:00\",\"mainEntityOfPage\":{\"@id\":\"https:\/\/www.sonoraenequipo.com.mx\/se-forma-en-el-atlantico-la-depresion-tropical-13-que-puede-llegar-a-ser-un-huracan-mayor\/\"},\"wordCount\":420,\"commentCount\":0,\"publisher\":{\"@id\":\"https:\/\/www.sonoraenequipo.com.mx\/#organization\"},\"image\":{\"@id\":\"https:\/\/www.sonoraenequipo.com.mx\/se-forma-en-el-atlantico-la-depresion-tropical-13-que-puede-llegar-a-ser-un-huracan-mayor\/#primaryimage\"},\"thumbnailUrl\":\"https:\/\/www.sonoraenequipo.com.mx\/storage\/2023\/09\/Se-forma-en-el-Atlantico-la-depresion-tropical-13-min-1.jpg\",\"articleSection\":[\"MUNDO\"],\"inLanguage\":\"es\",\"potentialAction\":[{\"@type\":\"CommentAction\",\"name\":\"Comment\",\"target\":[\"https:\/\/www.sonoraenequipo.com.mx\/se-forma-en-el-atlantico-la-depresion-tropical-13-que-puede-llegar-a-ser-un-huracan-mayor\/#respond\"]}]},{\"@type\":\"WebPage\",\"@id\":\"https:\/\/www.sonoraenequipo.com.mx\/se-forma-en-el-atlantico-la-depresion-tropical-13-que-puede-llegar-a-ser-un-huracan-mayor\/\",\"url\":\"https:\/\/www.sonoraenequipo.com.mx\/se-forma-en-el-atlantico-la-depresion-tropical-13-que-puede-llegar-a-ser-un-huracan-mayor\/\",\"name\":\"Sonora en Equipo. Se forma en el Atl\u00e1ntico la depresi\u00f3n tropical 13, que puede llegar a ser un hurac\u00e1n mayor MUNDO\",\"isPartOf\":{\"@id\":\"https:\/\/www.sonoraenequipo.com.mx\/#website\"},\"primaryImageOfPage\":{\"@id\":\"https:\/\/www.sonoraenequipo.com.mx\/se-forma-en-el-atlantico-la-depresion-tropical-13-que-puede-llegar-a-ser-un-huracan-mayor\/#primaryimage\"},\"image\":{\"@id\":\"https:\/\/www.sonoraenequipo.com.mx\/se-forma-en-el-atlantico-la-depresion-tropical-13-que-puede-llegar-a-ser-un-huracan-mayor\/#primaryimage\"},\"thumbnailUrl\":\"https:\/\/www.sonoraenequipo.com.mx\/storage\/2023\/09\/Se-forma-en-el-Atlantico-la-depresion-tropical-13-min-1.jpg\",\"datePublished\":\"2023-09-05T18:48:10+00:00\",\"dateModified\":\"2023-09-05T22:28:10+00:00\",\"description\":\"MIAMI, FLORIDA. ESTADOS UNIDOS. \u2014 Un \u00e1rea de baja presi\u00f3n en el centro del Atl\u00e1ntico dio paso este martes a la depresi\u00f3n tropical 13, que de acuerdo al En Sonora en Equipo publicamos toda la informaci\u00f3n de Sonora, M\u00e9xico y el Mundo de manera oportuna y busca que la libertad de expresi\u00f3n sea real. Visita nuestro medio informativo publicado desde Hermosillo, Sonora. %\",\"breadcrumb\":{\"@id\":\"https:\/\/www.sonoraenequipo.com.mx\/se-forma-en-el-atlantico-la-depresion-tropical-13-que-puede-llegar-a-ser-un-huracan-mayor\/#breadcrumb\"},\"inLanguage\":\"es\",\"potentialAction\":[{\"@type\":\"ReadAction\",\"target\":[\"https:\/\/www.sonoraenequipo.com.mx\/se-forma-en-el-atlantico-la-depresion-tropical-13-que-puede-llegar-a-ser-un-huracan-mayor\/\"]}]},{\"@type\":\"ImageObject\",\"inLanguage\":\"es\",\"@id\":\"https:\/\/www.sonoraenequipo.com.mx\/se-forma-en-el-atlantico-la-depresion-tropical-13-que-puede-llegar-a-ser-un-huracan-mayor\/#primaryimage\",\"url\":\"https:\/\/www.sonoraenequipo.com.mx\/storage\/2023\/09\/Se-forma-en-el-Atlantico-la-depresion-tropical-13-min-1.jpg\",\"contentUrl\":\"https:\/\/www.sonoraenequipo.com.mx\/storage\/2023\/09\/Se-forma-en-el-Atlantico-la-depresion-tropical-13-min-1.jpg\",\"width\":886,\"height\":555},{\"@type\":\"BreadcrumbList\",\"@id\":\"https:\/\/www.sonoraenequipo.com.mx\/se-forma-en-el-atlantico-la-depresion-tropical-13-que-puede-llegar-a-ser-un-huracan-mayor\/#breadcrumb\",\"itemListElement\":[{\"@type\":\"ListItem\",\"position\":1,\"name\":\"Portada\",\"item\":\"https:\/\/www.sonoraenequipo.com.mx\/\"},{\"@type\":\"ListItem\",\"position\":2,\"name\":\"Se forma en el Atl\u00e1ntico la depresi\u00f3n tropical 13, que puede llegar a ser un hurac\u00e1n mayor\"}]},{\"@type\":\"WebSite\",\"@id\":\"https:\/\/www.sonoraenequipo.com.mx\/#website\",\"url\":\"https:\/\/www.sonoraenequipo.com.mx\/\",\"name\":\"Sonora en Equipo.\",\"description\":\"Diario en l\u00ednea con Noticias desde Hermosillo, Sonora\",\"publisher\":{\"@id\":\"https:\/\/www.sonoraenequipo.com.mx\/#organization\"},\"potentialAction\":[{\"@type\":\"SearchAction\",\"target\":{\"@type\":\"EntryPoint\",\"urlTemplate\":\"https:\/\/www.sonoraenequipo.com.mx\/?s={search_term_string}\"},\"query-input\":{\"@type\":\"PropertyValueSpecification\",\"valueRequired\":true,\"valueName\":\"search_term_string\"}}],\"inLanguage\":\"es\"},{\"@type\":\"Organization\",\"@id\":\"https:\/\/www.sonoraenequipo.com.mx\/#organization\",\"name\":\"Sonoraenequipo.com.mx\",\"url\":\"https:\/\/www.sonoraenequipo.com.mx\/\",\"logo\":{\"@type\":\"ImageObject\",\"inLanguage\":\"es\",\"@id\":\"https:\/\/www.sonoraenequipo.com.mx\/#\/schema\/logo\/image\/\",\"url\":\"https:\/\/www.sonoraenequipo.com.mx\/storage\/2019\/01\/sonoraenequipo_opt.png\",\"contentUrl\":\"https:\/\/www.sonoraenequipo.com.mx\/storage\/2019\/01\/sonoraenequipo_opt.png\",\"width\":375,\"height\":125,\"caption\":\"Sonoraenequipo.com.mx\"},\"image\":{\"@id\":\"https:\/\/www.sonoraenequipo.com.mx\/#\/schema\/logo\/image\/\"},\"sameAs\":[\"https:\/\/www.facebook.com\/SonoraEE\/\",\"https:\/\/x.com\/sonoraenequipo\",\"https:\/\/www.youtube.com\/channel\/UC338nW-lPEYmJQs4ZABQ1SQ\"]},{\"@type\":\"Person\",\"@id\":\"https:\/\/www.sonoraenequipo.com.mx\/#\/schema\/person\/50102df0fb23a8fa9e8effad8fa81386\",\"name\":\"enequipo\",\"image\":{\"@type\":\"ImageObject\",\"inLanguage\":\"es\",\"@id\":\"https:\/\/www.sonoraenequipo.com.mx\/#\/schema\/person\/image\/\",\"url\":\"https:\/\/secure.gravatar.com\/avatar\/049821681b589dabc0bc20695993ccebb09f5b5d4d790cd9251b97faac7c652b?s=96&d=blank&r=g\",\"contentUrl\":\"https:\/\/secure.gravatar.com\/avatar\/049821681b589dabc0bc20695993ccebb09f5b5d4d790cd9251b97faac7c652b?s=96&d=blank&r=g\",\"caption\":\"enequipo\"},\"sameAs\":[\"https:\/\/www.facebook.com\/SonoraEE\"]}]}<\/script>\n ","yoast_head_json":{"title":"Sonora en Equipo. Se forma en el Atl\u00e1ntico la depresi\u00f3n tropical 13, que puede llegar a ser un hurac\u00e1n mayor MUNDO","description":"MIAMI, FLORIDA. ESTADOS UNIDOS. \u2014 Un \u00e1rea de baja presi\u00f3n en el centro del Atl\u00e1ntico dio paso este martes a la depresi\u00f3n tropical 13, que de acuerdo al En Sonora en Equipo publicamos toda la informaci\u00f3n de Sonora, M\u00e9xico y el Mundo de manera oportuna y busca que la libertad de expresi\u00f3n sea real. Visita nuestro medio informativo publicado desde Hermosillo, Sonora. %","robots":{"index":"index","follow":"follow","max-snippet":"max-snippet:-1","max-image-preview":"max-image-preview:large","max-video-preview":"max-video-preview:-1"},"canonical":"https:\/\/www.sonoraenequipo.com.mx\/se-forma-en-el-atlantico-la-depresion-tropical-13-que-puede-llegar-a-ser-un-huracan-mayor\/","og_locale":"es_ES","og_type":"article","og_title":"Sonora en Equipo. Se forma en el Atl\u00e1ntico la depresi\u00f3n tropical 13, que puede llegar a ser un hurac\u00e1n mayor MUNDO","og_description":"MIAMI, FLORIDA. ESTADOS UNIDOS. \u2014 Un \u00e1rea de baja presi\u00f3n en el centro del Atl\u00e1ntico dio paso este martes a la depresi\u00f3n tropical 13, que de acuerdo al En Sonora en Equipo publicamos toda la informaci\u00f3n de Sonora, M\u00e9xico y el Mundo de manera oportuna y busca que la libertad de expresi\u00f3n sea real. Visita nuestro medio informativo publicado desde Hermosillo, Sonora. %","og_url":"https:\/\/www.sonoraenequipo.com.mx\/se-forma-en-el-atlantico-la-depresion-tropical-13-que-puede-llegar-a-ser-un-huracan-mayor\/","og_site_name":"Sonora en Equipo.","article_publisher":"https:\/\/www.facebook.com\/SonoraEE\/","article_author":"https:\/\/www.facebook.com\/SonoraEE","article_published_time":"2023-09-05T18:48:10+00:00","article_modified_time":"2023-09-05T22:28:10+00:00","og_image":[{"width":886,"height":555,"url":"https:\/\/www.sonoraenequipo.com.mx\/storage\/2023\/09\/Se-forma-en-el-Atlantico-la-depresion-tropical-13-min-1.jpg","type":"image\/jpeg"}],"author":"enequipo","twitter_card":"summary_large_image","twitter_creator":"@sonoraenequipo","twitter_site":"@sonoraenequipo","twitter_misc":{"Escrito por":"enequipo","Tiempo de lectura":"2 minutos"},"schema":{"@context":"https:\/\/schema.org","@graph":[{"@type":"Article","@id":"https:\/\/www.sonoraenequipo.com.mx\/se-forma-en-el-atlantico-la-depresion-tropical-13-que-puede-llegar-a-ser-un-huracan-mayor\/#article","isPartOf":{"@id":"https:\/\/www.sonoraenequipo.com.mx\/se-forma-en-el-atlantico-la-depresion-tropical-13-que-puede-llegar-a-ser-un-huracan-mayor\/"},"author":{"name":"enequipo","@id":"https:\/\/www.sonoraenequipo.com.mx\/#\/schema\/person\/50102df0fb23a8fa9e8effad8fa81386"},"headline":"Se forma en el Atl\u00e1ntico la depresi\u00f3n tropical 13, que puede llegar a ser un hurac\u00e1n mayor","datePublished":"2023-09-05T18:48:10+00:00","dateModified":"2023-09-05T22:28:10+00:00","mainEntityOfPage":{"@id":"https:\/\/www.sonoraenequipo.com.mx\/se-forma-en-el-atlantico-la-depresion-tropical-13-que-puede-llegar-a-ser-un-huracan-mayor\/"},"wordCount":420,"commentCount":0,"publisher":{"@id":"https:\/\/www.sonoraenequipo.com.mx\/#organization"},"image":{"@id":"https:\/\/www.sonoraenequipo.com.mx\/se-forma-en-el-atlantico-la-depresion-tropical-13-que-puede-llegar-a-ser-un-huracan-mayor\/#primaryimage"},"thumbnailUrl":"https:\/\/www.sonoraenequipo.com.mx\/storage\/2023\/09\/Se-forma-en-el-Atlantico-la-depresion-tropical-13-min-1.jpg","articleSection":["MUNDO"],"inLanguage":"es","potentialAction":[{"@type":"CommentAction","name":"Comment","target":["https:\/\/www.sonoraenequipo.com.mx\/se-forma-en-el-atlantico-la-depresion-tropical-13-que-puede-llegar-a-ser-un-huracan-mayor\/#respond"]}]},{"@type":"WebPage","@id":"https:\/\/www.sonoraenequipo.com.mx\/se-forma-en-el-atlantico-la-depresion-tropical-13-que-puede-llegar-a-ser-un-huracan-mayor\/","url":"https:\/\/www.sonoraenequipo.com.mx\/se-forma-en-el-atlantico-la-depresion-tropical-13-que-puede-llegar-a-ser-un-huracan-mayor\/","name":"Sonora en Equipo. Se forma en el Atl\u00e1ntico la depresi\u00f3n tropical 13, que puede llegar a ser un hurac\u00e1n mayor MUNDO","isPartOf":{"@id":"https:\/\/www.sonoraenequipo.com.mx\/#website"},"primaryImageOfPage":{"@id":"https:\/\/www.sonoraenequipo.com.mx\/se-forma-en-el-atlantico-la-depresion-tropical-13-que-puede-llegar-a-ser-un-huracan-mayor\/#primaryimage"},"image":{"@id":"https:\/\/www.sonoraenequipo.com.mx\/se-forma-en-el-atlantico-la-depresion-tropical-13-que-puede-llegar-a-ser-un-huracan-mayor\/#primaryimage"},"thumbnailUrl":"https:\/\/www.sonoraenequipo.com.mx\/storage\/2023\/09\/Se-forma-en-el-Atlantico-la-depresion-tropical-13-min-1.jpg","datePublished":"2023-09-05T18:48:10+00:00","dateModified":"2023-09-05T22:28:10+00:00","description":"MIAMI, FLORIDA. ESTADOS UNIDOS. \u2014 Un \u00e1rea de baja presi\u00f3n en el centro del Atl\u00e1ntico dio paso este martes a la depresi\u00f3n tropical 13, que de acuerdo al En Sonora en Equipo publicamos toda la informaci\u00f3n de Sonora, M\u00e9xico y el Mundo de manera oportuna y busca que la libertad de expresi\u00f3n sea real. Visita nuestro medio informativo publicado desde Hermosillo, Sonora. %","breadcrumb":{"@id":"https:\/\/www.sonoraenequipo.com.mx\/se-forma-en-el-atlantico-la-depresion-tropical-13-que-puede-llegar-a-ser-un-huracan-mayor\/#breadcrumb"},"inLanguage":"es","potentialAction":[{"@type":"ReadAction","target":["https:\/\/www.sonoraenequipo.com.mx\/se-forma-en-el-atlantico-la-depresion-tropical-13-que-puede-llegar-a-ser-un-huracan-mayor\/"]}]},{"@type":"ImageObject","inLanguage":"es","@id":"https:\/\/www.sonoraenequipo.com.mx\/se-forma-en-el-atlantico-la-depresion-tropical-13-que-puede-llegar-a-ser-un-huracan-mayor\/#primaryimage","url":"https:\/\/www.sonoraenequipo.com.mx\/storage\/2023\/09\/Se-forma-en-el-Atlantico-la-depresion-tropical-13-min-1.jpg","contentUrl":"https:\/\/www.sonoraenequipo.com.mx\/storage\/2023\/09\/Se-forma-en-el-Atlantico-la-depresion-tropical-13-min-1.jpg","width":886,"height":555},{"@type":"BreadcrumbList","@id":"https:\/\/www.sonoraenequipo.com.mx\/se-forma-en-el-atlantico-la-depresion-tropical-13-que-puede-llegar-a-ser-un-huracan-mayor\/#breadcrumb","itemListElement":[{"@type":"ListItem","position":1,"name":"Portada","item":"https:\/\/www.sonoraenequipo.com.mx\/"},{"@type":"ListItem","position":2,"name":"Se forma en el Atl\u00e1ntico la depresi\u00f3n tropical 13, que puede llegar a ser un hurac\u00e1n mayor"}]},{"@type":"WebSite","@id":"https:\/\/www.sonoraenequipo.com.mx\/#website","url":"https:\/\/www.sonoraenequipo.com.mx\/","name":"Sonora en Equipo.","description":"Diario en l\u00ednea con Noticias desde Hermosillo, Sonora","publisher":{"@id":"https:\/\/www.sonoraenequipo.com.mx\/#organization"},"potentialAction":[{"@type":"SearchAction","target":{"@type":"EntryPoint","urlTemplate":"https:\/\/www.sonoraenequipo.com.mx\/?s={search_term_string}"},"query-input":{"@type":"PropertyValueSpecification","valueRequired":true,"valueName":"search_term_string"}}],"inLanguage":"es"},{"@type":"Organization","@id":"https:\/\/www.sonoraenequipo.com.mx\/#organization","name":"Sonoraenequipo.com.mx","url":"https:\/\/www.sonoraenequipo.com.mx\/","logo":{"@type":"ImageObject","inLanguage":"es","@id":"https:\/\/www.sonoraenequipo.com.mx\/#\/schema\/logo\/image\/","url":"https:\/\/www.sonoraenequipo.com.mx\/storage\/2019\/01\/sonoraenequipo_opt.png","contentUrl":"https:\/\/www.sonoraenequipo.com.mx\/storage\/2019\/01\/sonoraenequipo_opt.png","width":375,"height":125,"caption":"Sonoraenequipo.com.mx"},"image":{"@id":"https:\/\/www.sonoraenequipo.com.mx\/#\/schema\/logo\/image\/"},"sameAs":["https:\/\/www.facebook.com\/SonoraEE\/","https:\/\/x.com\/sonoraenequipo","https:\/\/www.youtube.com\/channel\/UC338nW-lPEYmJQs4ZABQ1SQ"]},{"@type":"Person","@id":"https:\/\/www.sonoraenequipo.com.mx\/#\/schema\/person\/50102df0fb23a8fa9e8effad8fa81386","name":"enequipo","image":{"@type":"ImageObject","inLanguage":"es","@id":"https:\/\/www.sonoraenequipo.com.mx\/#\/schema\/person\/image\/","url":"https:\/\/secure.gravatar.com\/avatar\/049821681b589dabc0bc20695993ccebb09f5b5d4d790cd9251b97faac7c652b?s=96&d=blank&r=g","contentUrl":"https:\/\/secure.gravatar.com\/avatar\/049821681b589dabc0bc20695993ccebb09f5b5d4d790cd9251b97faac7c652b?s=96&d=blank&r=g","caption":"enequipo"},"sameAs":["https:\/\/www.facebook.com\/SonoraEE"]}]}},"jetpack_featured_media_url":"https:\/\/www.sonoraenequipo.com.mx\/storage\/2023\/09\/Se-forma-en-el-Atlantico-la-depresion-tropical-13-min-1.jpg","_links":{"self":[{"href":"https:\/\/www.sonoraenequipo.com.mx\/api\/wp\/v2\/posts\/174180","targetHints":{"allow":["GET"]}}],"collection":[{"href":"https:\/\/www.sonoraenequipo.com.mx\/api\/wp\/v2\/posts"}],"about":[{"href":"https:\/\/www.sonoraenequipo.com.mx\/api\/wp\/v2\/types\/post"}],"author":[{"embeddable":true,"href":"https:\/\/www.sonoraenequipo.com.mx\/api\/wp\/v2\/users\/1"}],"replies":[{"embeddable":true,"href":"https:\/\/www.sonoraenequipo.com.mx\/api\/wp\/v2\/comments?post=174180"}],"version-history":[{"count":1,"href":"https:\/\/www.sonoraenequipo.com.mx\/api\/wp\/v2\/posts\/174180\/revisions"}],"predecessor-version":[{"id":174181,"href":"https:\/\/www.sonoraenequipo.com.mx\/api\/wp\/v2\/posts\/174180\/revisions\/174181"}],"wp:featuredmedia":[{"embeddable":true,"href":"https:\/\/www.sonoraenequipo.com.mx\/api\/wp\/v2\/media\/174177"}],"wp:attachment":[{"href":"https:\/\/www.sonoraenequipo.com.mx\/api\/wp\/v2\/media?parent=174180"}],"wp:term":[{"taxonomy":"category","embeddable":true,"href":"https:\/\/www.sonoraenequipo.com.mx\/api\/wp\/v2\/categories?post=174180"},{"taxonomy":"post_tag","embeddable":true,"href":"https:\/\/www.sonoraenequipo.com.mx\/api\/wp\/v2\/tags?post=174180"}],"curies":[{"name":"wp","href":"https:\/\/api.w.org\/{rel}","templated":true}]}}