{"id":174191,"date":"2023-09-05T12:38:56","date_gmt":"2023-09-05T19:38:56","guid":{"rendered":"https:\/\/www.sonoraenequipo.com.mx\/?p=174191"},"modified":"2023-09-05T15:27:55","modified_gmt":"2023-09-05T22:27:55","slug":"slrc-dan-65-anos-de-prision-a-secuestrador","status":"publish","type":"post","link":"https:\/\/www.sonoraenequipo.com.mx\/slrc-dan-65-anos-de-prision-a-secuestrador\/","title":{"rendered":"SLRC. Dan 65 a\u00f1os de prisi\u00f3n a secuestrador"},"content":{"rendered":"<p><strong>SAN LUIS R\u00cdO COLORADO, SONORA.MX.<\/strong><strong>\u2500\u2500<\/strong> La Fiscal\u00eda General de Justicia del Estado de Sonora (FGJE), obtuvo una sentencia condenatoria contra Cristian Alberto \u201cN\u201d, quien deber\u00e1 cumplir una pena de 65 a\u00f1os en prisi\u00f3n, luego de acreditarse su participaci\u00f3n en el secuestro de una persona, hecho que se registr\u00f3 el 12 de junio de 2020 en San Luis R\u00edo Colorado (SLRC).<\/p>\n<p>&nbsp;<\/p>\n<p>El Juez dict\u00f3 el fallo el pasado 25 de agosto e impuso adem\u00e1s multa al responsable del delito de secuestro agravado por 570 mil 570 pesos, as\u00ed como 30 mil 984 pesos por concepto de la reparaci\u00f3n del da\u00f1o y 11 mil 500 d\u00f3lares estadounidenses, cantidades destinadas en beneficio de la familia de la v\u00edctima como compensaci\u00f3n por los da\u00f1os ocasionados.<\/p>\n<p>&nbsp;<\/p>\n<p>Derivado del expediente del caso, se desprende que la v\u00edctima fue privada de su libertad por fuera de un domicilio en la colonia Sonora, en San Luis R\u00edo Colorado, al ser sorprendido por varios sujetos, entre ellos Cristian Alberto \u201cN\u201d, posteriormente, los captores exigieron un rescate de 11 mil 500 d\u00f3lares para su liberaci\u00f3n.<\/p>\n<p>&nbsp;<\/p>\n<p>La familia realiz\u00f3 el pago, pero los criminales incumplieron con la promesa de liberar a la persona, cuya identidad se encuentra reservada. Hasta la fecha la v\u00edctima sigue desaparecida y se desconoce su paradero, por lo que se mantiene la investigaci\u00f3n del caso.<\/p>\n<p>&nbsp;<\/p>\n<p>Con las pruebas recabadas por la Fiscal\u00eda de Sonora, se acredit\u00f3 la participaci\u00f3n de Cristian Alberto \u201cN\u201d, y el 21 de octubre de 2021 se solicit\u00f3 la orden de aprehensi\u00f3n la cual se ejecut\u00f3 el 25 de noviembre de ese a\u00f1o.<\/p>\n<p>&nbsp;<\/p>\n<p>Las investigaciones del caso contin\u00faan por la Fiscal\u00eda de Sonora para llevar a los responsables ante la justicia y asegurar que enfrenten las consecuencias legales de sus acciones.<\/p>\n<p><strong>Fecha de publicaci\u00f3n\u00a0 martes\u00a0 5 de septiembre de 2023<\/strong><\/p>\n","protected":false},"excerpt":{"rendered":"<p>SAN LUIS R\u00cdO COLORADO, SONORA.MX.\u2500\u2500 La Fiscal\u00eda General de Justicia del Estado de Sonora (FGJE),&#8230;<\/p>\n","protected":false},"author":1,"featured_media":174192,"comment_status":"open","ping_status":"open","sticky":false,"template":"","format":"standard","meta":{"_monsterinsights_skip_tracking":false,"_monsterinsights_sitenote_active":false,"_monsterinsights_sitenote_note":"","_monsterinsights_sitenote_category":0,"footnotes":""},"categories":[3144],"tags":[3434,15],"class_list":["post"],"yoast_head":" \n<title>Sonora en Equipo. SLRC. Dan 65 a\u00f1os de prisi\u00f3n a secuestrador Polic\u00edaca<\/title>\n<meta name=\"description\" content=\"SAN LUIS R\u00cdO COLORADO, SONORA.MX.\u2500\u2500 La Fiscal\u00eda General de Justicia del Estado de Sonora (FGJE), obtuvo una sentencia condenatoria contra Cristian Alberto En Sonora en Equipo publicamos toda la informaci\u00f3n de Sonora, M\u00e9xico y el Mundo de manera oportuna y busca que la libertad de expresi\u00f3n sea real. Visita nuestro medio informativo publicado desde Hermosillo, Sonora. %\" \/>\n<meta name=\"robots\" content=\"index, follow, max-snippet:-1, max-image-preview:large, max-video-preview:-1\" \/>\n<link rel=\"canonical\" href=\"https:\/\/www.sonoraenequipo.com.mx\/slrc-dan-65-anos-de-prision-a-secuestrador\/\" \/>\n<meta property=\"og:locale\" content=\"es_ES\" \/>\n<meta property=\"og:type\" content=\"article\" \/>\n<meta property=\"og:title\" content=\"Sonora en Equipo. SLRC. Dan 65 a\u00f1os de prisi\u00f3n a secuestrador Polic\u00edaca\" \/>\n<meta property=\"og:description\" content=\"SAN LUIS R\u00cdO COLORADO, SONORA.MX.\u2500\u2500 La Fiscal\u00eda General de Justicia del Estado de Sonora (FGJE), obtuvo una sentencia condenatoria contra Cristian Alberto En Sonora en Equipo publicamos toda la informaci\u00f3n de Sonora, M\u00e9xico y el Mundo de manera oportuna y busca que la libertad de expresi\u00f3n sea real. Visita nuestro medio informativo publicado desde Hermosillo, Sonora. %\" \/>\n<meta property=\"og:url\" content=\"https:\/\/www.sonoraenequipo.com.mx\/slrc-dan-65-anos-de-prision-a-secuestrador\/\" \/>\n<meta property=\"og:site_name\" content=\"Sonora en Equipo.\" \/>\n<meta property=\"article:publisher\" content=\"https:\/\/www.facebook.com\/SonoraEE\/\" \/>\n<meta property=\"article:author\" content=\"https:\/\/www.facebook.com\/SonoraEE\" \/>\n<meta property=\"article:published_time\" content=\"2023-09-05T19:38:56+00:00\" \/>\n<meta property=\"article:modified_time\" content=\"2023-09-05T22:27:55+00:00\" \/>\n<meta property=\"og:image\" content=\"https:\/\/www.sonoraenequipo.com.mx\/storage\/2023\/09\/secuestrador.jpg\" \/>\n\t<meta property=\"og:image:width\" content=\"600\" \/>\n\t<meta property=\"og:image:height\" content=\"400\" \/>\n\t<meta property=\"og:image:type\" content=\"image\/jpeg\" \/>\n<meta name=\"author\" content=\"enequipo\" \/>\n<meta name=\"twitter:card\" content=\"summary_large_image\" \/>\n<meta name=\"twitter:creator\" content=\"@sonoraenequipo\" \/>\n<meta name=\"twitter:site\" content=\"@sonoraenequipo\" \/>\n<meta name=\"twitter:label1\" content=\"Escrito por\" \/>\n\t<meta name=\"twitter:data1\" content=\"enequipo\" \/>\n\t<meta name=\"twitter:label2\" content=\"Tiempo de lectura\" \/>\n\t<meta name=\"twitter:data2\" content=\"2 minutos\" \/>\n<script type=\"application\/ld+json\" class=\"yoast-schema-graph\">{\"@context\":\"https:\/\/schema.org\",\"@graph\":[{\"@type\":\"Article\",\"@id\":\"https:\/\/www.sonoraenequipo.com.mx\/slrc-dan-65-anos-de-prision-a-secuestrador\/#article\",\"isPartOf\":{\"@id\":\"https:\/\/www.sonoraenequipo.com.mx\/slrc-dan-65-anos-de-prision-a-secuestrador\/\"},\"author\":{\"name\":\"enequipo\",\"@id\":\"https:\/\/www.sonoraenequipo.com.mx\/#\/schema\/person\/50102df0fb23a8fa9e8effad8fa81386\"},\"headline\":\"SLRC. Dan 65 a\u00f1os de prisi\u00f3n a secuestrador\",\"datePublished\":\"2023-09-05T19:38:56+00:00\",\"dateModified\":\"2023-09-05T22:27:55+00:00\",\"mainEntityOfPage\":{\"@id\":\"https:\/\/www.sonoraenequipo.com.mx\/slrc-dan-65-anos-de-prision-a-secuestrador\/\"},\"wordCount\":320,\"commentCount\":0,\"publisher\":{\"@id\":\"https:\/\/www.sonoraenequipo.com.mx\/#organization\"},\"image\":{\"@id\":\"https:\/\/www.sonoraenequipo.com.mx\/slrc-dan-65-anos-de-prision-a-secuestrador\/#primaryimage\"},\"thumbnailUrl\":\"https:\/\/www.sonoraenequipo.com.mx\/storage\/2023\/09\/secuestrador.jpg\",\"keywords\":[\"secuestro\",\"Sonora\"],\"articleSection\":[\"Polic\u00edaca\"],\"inLanguage\":\"es\",\"potentialAction\":[{\"@type\":\"CommentAction\",\"name\":\"Comment\",\"target\":[\"https:\/\/www.sonoraenequipo.com.mx\/slrc-dan-65-anos-de-prision-a-secuestrador\/#respond\"]}]},{\"@type\":\"WebPage\",\"@id\":\"https:\/\/www.sonoraenequipo.com.mx\/slrc-dan-65-anos-de-prision-a-secuestrador\/\",\"url\":\"https:\/\/www.sonoraenequipo.com.mx\/slrc-dan-65-anos-de-prision-a-secuestrador\/\",\"name\":\"Sonora en Equipo. SLRC. Dan 65 a\u00f1os de prisi\u00f3n a secuestrador Polic\u00edaca\",\"isPartOf\":{\"@id\":\"https:\/\/www.sonoraenequipo.com.mx\/#website\"},\"primaryImageOfPage\":{\"@id\":\"https:\/\/www.sonoraenequipo.com.mx\/slrc-dan-65-anos-de-prision-a-secuestrador\/#primaryimage\"},\"image\":{\"@id\":\"https:\/\/www.sonoraenequipo.com.mx\/slrc-dan-65-anos-de-prision-a-secuestrador\/#primaryimage\"},\"thumbnailUrl\":\"https:\/\/www.sonoraenequipo.com.mx\/storage\/2023\/09\/secuestrador.jpg\",\"datePublished\":\"2023-09-05T19:38:56+00:00\",\"dateModified\":\"2023-09-05T22:27:55+00:00\",\"description\":\"SAN LUIS R\u00cdO COLORADO, SONORA.MX.\u2500\u2500 La Fiscal\u00eda General de Justicia del Estado de Sonora (FGJE), obtuvo una sentencia condenatoria contra Cristian Alberto En Sonora en Equipo publicamos toda la informaci\u00f3n de Sonora, M\u00e9xico y el Mundo de manera oportuna y busca que la libertad de expresi\u00f3n sea real. Visita nuestro medio informativo publicado desde Hermosillo, Sonora. %\",\"breadcrumb\":{\"@id\":\"https:\/\/www.sonoraenequipo.com.mx\/slrc-dan-65-anos-de-prision-a-secuestrador\/#breadcrumb\"},\"inLanguage\":\"es\",\"potentialAction\":[{\"@type\":\"ReadAction\",\"target\":[\"https:\/\/www.sonoraenequipo.com.mx\/slrc-dan-65-anos-de-prision-a-secuestrador\/\"]}]},{\"@type\":\"ImageObject\",\"inLanguage\":\"es\",\"@id\":\"https:\/\/www.sonoraenequipo.com.mx\/slrc-dan-65-anos-de-prision-a-secuestrador\/#primaryimage\",\"url\":\"https:\/\/www.sonoraenequipo.com.mx\/storage\/2023\/09\/secuestrador.jpg\",\"contentUrl\":\"https:\/\/www.sonoraenequipo.com.mx\/storage\/2023\/09\/secuestrador.jpg\",\"width\":600,\"height\":400},{\"@type\":\"BreadcrumbList\",\"@id\":\"https:\/\/www.sonoraenequipo.com.mx\/slrc-dan-65-anos-de-prision-a-secuestrador\/#breadcrumb\",\"itemListElement\":[{\"@type\":\"ListItem\",\"position\":1,\"name\":\"Portada\",\"item\":\"https:\/\/www.sonoraenequipo.com.mx\/\"},{\"@type\":\"ListItem\",\"position\":2,\"name\":\"SLRC. Dan 65 a\u00f1os de prisi\u00f3n a secuestrador\"}]},{\"@type\":\"WebSite\",\"@id\":\"https:\/\/www.sonoraenequipo.com.mx\/#website\",\"url\":\"https:\/\/www.sonoraenequipo.com.mx\/\",\"name\":\"Sonora en Equipo.\",\"description\":\"Diario en l\u00ednea con Noticias desde Hermosillo, Sonora\",\"publisher\":{\"@id\":\"https:\/\/www.sonoraenequipo.com.mx\/#organization\"},\"potentialAction\":[{\"@type\":\"SearchAction\",\"target\":{\"@type\":\"EntryPoint\",\"urlTemplate\":\"https:\/\/www.sonoraenequipo.com.mx\/?s={search_term_string}\"},\"query-input\":{\"@type\":\"PropertyValueSpecification\",\"valueRequired\":true,\"valueName\":\"search_term_string\"}}],\"inLanguage\":\"es\"},{\"@type\":\"Organization\",\"@id\":\"https:\/\/www.sonoraenequipo.com.mx\/#organization\",\"name\":\"Sonoraenequipo.com.mx\",\"url\":\"https:\/\/www.sonoraenequipo.com.mx\/\",\"logo\":{\"@type\":\"ImageObject\",\"inLanguage\":\"es\",\"@id\":\"https:\/\/www.sonoraenequipo.com.mx\/#\/schema\/logo\/image\/\",\"url\":\"https:\/\/www.sonoraenequipo.com.mx\/storage\/2019\/01\/sonoraenequipo_opt.png\",\"contentUrl\":\"https:\/\/www.sonoraenequipo.com.mx\/storage\/2019\/01\/sonoraenequipo_opt.png\",\"width\":375,\"height\":125,\"caption\":\"Sonoraenequipo.com.mx\"},\"image\":{\"@id\":\"https:\/\/www.sonoraenequipo.com.mx\/#\/schema\/logo\/image\/\"},\"sameAs\":[\"https:\/\/www.facebook.com\/SonoraEE\/\",\"https:\/\/x.com\/sonoraenequipo\",\"https:\/\/www.youtube.com\/channel\/UC338nW-lPEYmJQs4ZABQ1SQ\"]},{\"@type\":\"Person\",\"@id\":\"https:\/\/www.sonoraenequipo.com.mx\/#\/schema\/person\/50102df0fb23a8fa9e8effad8fa81386\",\"name\":\"enequipo\",\"image\":{\"@type\":\"ImageObject\",\"inLanguage\":\"es\",\"@id\":\"https:\/\/www.sonoraenequipo.com.mx\/#\/schema\/person\/image\/\",\"url\":\"https:\/\/secure.gravatar.com\/avatar\/049821681b589dabc0bc20695993ccebb09f5b5d4d790cd9251b97faac7c652b?s=96&d=blank&r=g\",\"contentUrl\":\"https:\/\/secure.gravatar.com\/avatar\/049821681b589dabc0bc20695993ccebb09f5b5d4d790cd9251b97faac7c652b?s=96&d=blank&r=g\",\"caption\":\"enequipo\"},\"sameAs\":[\"https:\/\/www.facebook.com\/SonoraEE\"]}]}<\/script>\n ","yoast_head_json":{"title":"Sonora en Equipo. SLRC. Dan 65 a\u00f1os de prisi\u00f3n a secuestrador Polic\u00edaca","description":"SAN LUIS R\u00cdO COLORADO, SONORA.MX.\u2500\u2500 La Fiscal\u00eda General de Justicia del Estado de Sonora (FGJE), obtuvo una sentencia condenatoria contra Cristian Alberto En Sonora en Equipo publicamos toda la informaci\u00f3n de Sonora, M\u00e9xico y el Mundo de manera oportuna y busca que la libertad de expresi\u00f3n sea real. Visita nuestro medio informativo publicado desde Hermosillo, Sonora. %","robots":{"index":"index","follow":"follow","max-snippet":"max-snippet:-1","max-image-preview":"max-image-preview:large","max-video-preview":"max-video-preview:-1"},"canonical":"https:\/\/www.sonoraenequipo.com.mx\/slrc-dan-65-anos-de-prision-a-secuestrador\/","og_locale":"es_ES","og_type":"article","og_title":"Sonora en Equipo. SLRC. Dan 65 a\u00f1os de prisi\u00f3n a secuestrador Polic\u00edaca","og_description":"SAN LUIS R\u00cdO COLORADO, SONORA.MX.\u2500\u2500 La Fiscal\u00eda General de Justicia del Estado de Sonora (FGJE), obtuvo una sentencia condenatoria contra Cristian Alberto En Sonora en Equipo publicamos toda la informaci\u00f3n de Sonora, M\u00e9xico y el Mundo de manera oportuna y busca que la libertad de expresi\u00f3n sea real. Visita nuestro medio informativo publicado desde Hermosillo, Sonora. %","og_url":"https:\/\/www.sonoraenequipo.com.mx\/slrc-dan-65-anos-de-prision-a-secuestrador\/","og_site_name":"Sonora en Equipo.","article_publisher":"https:\/\/www.facebook.com\/SonoraEE\/","article_author":"https:\/\/www.facebook.com\/SonoraEE","article_published_time":"2023-09-05T19:38:56+00:00","article_modified_time":"2023-09-05T22:27:55+00:00","og_image":[{"width":600,"height":400,"url":"https:\/\/www.sonoraenequipo.com.mx\/storage\/2023\/09\/secuestrador.jpg","type":"image\/jpeg"}],"author":"enequipo","twitter_card":"summary_large_image","twitter_creator":"@sonoraenequipo","twitter_site":"@sonoraenequipo","twitter_misc":{"Escrito por":"enequipo","Tiempo de lectura":"2 minutos"},"schema":{"@context":"https:\/\/schema.org","@graph":[{"@type":"Article","@id":"https:\/\/www.sonoraenequipo.com.mx\/slrc-dan-65-anos-de-prision-a-secuestrador\/#article","isPartOf":{"@id":"https:\/\/www.sonoraenequipo.com.mx\/slrc-dan-65-anos-de-prision-a-secuestrador\/"},"author":{"name":"enequipo","@id":"https:\/\/www.sonoraenequipo.com.mx\/#\/schema\/person\/50102df0fb23a8fa9e8effad8fa81386"},"headline":"SLRC. Dan 65 a\u00f1os de prisi\u00f3n a secuestrador","datePublished":"2023-09-05T19:38:56+00:00","dateModified":"2023-09-05T22:27:55+00:00","mainEntityOfPage":{"@id":"https:\/\/www.sonoraenequipo.com.mx\/slrc-dan-65-anos-de-prision-a-secuestrador\/"},"wordCount":320,"commentCount":0,"publisher":{"@id":"https:\/\/www.sonoraenequipo.com.mx\/#organization"},"image":{"@id":"https:\/\/www.sonoraenequipo.com.mx\/slrc-dan-65-anos-de-prision-a-secuestrador\/#primaryimage"},"thumbnailUrl":"https:\/\/www.sonoraenequipo.com.mx\/storage\/2023\/09\/secuestrador.jpg","keywords":["secuestro","Sonora"],"articleSection":["Polic\u00edaca"],"inLanguage":"es","potentialAction":[{"@type":"CommentAction","name":"Comment","target":["https:\/\/www.sonoraenequipo.com.mx\/slrc-dan-65-anos-de-prision-a-secuestrador\/#respond"]}]},{"@type":"WebPage","@id":"https:\/\/www.sonoraenequipo.com.mx\/slrc-dan-65-anos-de-prision-a-secuestrador\/","url":"https:\/\/www.sonoraenequipo.com.mx\/slrc-dan-65-anos-de-prision-a-secuestrador\/","name":"Sonora en Equipo. SLRC. Dan 65 a\u00f1os de prisi\u00f3n a secuestrador Polic\u00edaca","isPartOf":{"@id":"https:\/\/www.sonoraenequipo.com.mx\/#website"},"primaryImageOfPage":{"@id":"https:\/\/www.sonoraenequipo.com.mx\/slrc-dan-65-anos-de-prision-a-secuestrador\/#primaryimage"},"image":{"@id":"https:\/\/www.sonoraenequipo.com.mx\/slrc-dan-65-anos-de-prision-a-secuestrador\/#primaryimage"},"thumbnailUrl":"https:\/\/www.sonoraenequipo.com.mx\/storage\/2023\/09\/secuestrador.jpg","datePublished":"2023-09-05T19:38:56+00:00","dateModified":"2023-09-05T22:27:55+00:00","description":"SAN LUIS R\u00cdO COLORADO, SONORA.MX.\u2500\u2500 La Fiscal\u00eda General de Justicia del Estado de Sonora (FGJE), obtuvo una sentencia condenatoria contra Cristian Alberto En Sonora en Equipo publicamos toda la informaci\u00f3n de Sonora, M\u00e9xico y el Mundo de manera oportuna y busca que la libertad de expresi\u00f3n sea real. Visita nuestro medio informativo publicado desde Hermosillo, Sonora. %","breadcrumb":{"@id":"https:\/\/www.sonoraenequipo.com.mx\/slrc-dan-65-anos-de-prision-a-secuestrador\/#breadcrumb"},"inLanguage":"es","potentialAction":[{"@type":"ReadAction","target":["https:\/\/www.sonoraenequipo.com.mx\/slrc-dan-65-anos-de-prision-a-secuestrador\/"]}]},{"@type":"ImageObject","inLanguage":"es","@id":"https:\/\/www.sonoraenequipo.com.mx\/slrc-dan-65-anos-de-prision-a-secuestrador\/#primaryimage","url":"https:\/\/www.sonoraenequipo.com.mx\/storage\/2023\/09\/secuestrador.jpg","contentUrl":"https:\/\/www.sonoraenequipo.com.mx\/storage\/2023\/09\/secuestrador.jpg","width":600,"height":400},{"@type":"BreadcrumbList","@id":"https:\/\/www.sonoraenequipo.com.mx\/slrc-dan-65-anos-de-prision-a-secuestrador\/#breadcrumb","itemListElement":[{"@type":"ListItem","position":1,"name":"Portada","item":"https:\/\/www.sonoraenequipo.com.mx\/"},{"@type":"ListItem","position":2,"name":"SLRC. Dan 65 a\u00f1os de prisi\u00f3n a secuestrador"}]},{"@type":"WebSite","@id":"https:\/\/www.sonoraenequipo.com.mx\/#website","url":"https:\/\/www.sonoraenequipo.com.mx\/","name":"Sonora en Equipo.","description":"Diario en l\u00ednea con Noticias desde Hermosillo, Sonora","publisher":{"@id":"https:\/\/www.sonoraenequipo.com.mx\/#organization"},"potentialAction":[{"@type":"SearchAction","target":{"@type":"EntryPoint","urlTemplate":"https:\/\/www.sonoraenequipo.com.mx\/?s={search_term_string}"},"query-input":{"@type":"PropertyValueSpecification","valueRequired":true,"valueName":"search_term_string"}}],"inLanguage":"es"},{"@type":"Organization","@id":"https:\/\/www.sonoraenequipo.com.mx\/#organization","name":"Sonoraenequipo.com.mx","url":"https:\/\/www.sonoraenequipo.com.mx\/","logo":{"@type":"ImageObject","inLanguage":"es","@id":"https:\/\/www.sonoraenequipo.com.mx\/#\/schema\/logo\/image\/","url":"https:\/\/www.sonoraenequipo.com.mx\/storage\/2019\/01\/sonoraenequipo_opt.png","contentUrl":"https:\/\/www.sonoraenequipo.com.mx\/storage\/2019\/01\/sonoraenequipo_opt.png","width":375,"height":125,"caption":"Sonoraenequipo.com.mx"},"image":{"@id":"https:\/\/www.sonoraenequipo.com.mx\/#\/schema\/logo\/image\/"},"sameAs":["https:\/\/www.facebook.com\/SonoraEE\/","https:\/\/x.com\/sonoraenequipo","https:\/\/www.youtube.com\/channel\/UC338nW-lPEYmJQs4ZABQ1SQ"]},{"@type":"Person","@id":"https:\/\/www.sonoraenequipo.com.mx\/#\/schema\/person\/50102df0fb23a8fa9e8effad8fa81386","name":"enequipo","image":{"@type":"ImageObject","inLanguage":"es","@id":"https:\/\/www.sonoraenequipo.com.mx\/#\/schema\/person\/image\/","url":"https:\/\/secure.gravatar.com\/avatar\/049821681b589dabc0bc20695993ccebb09f5b5d4d790cd9251b97faac7c652b?s=96&d=blank&r=g","contentUrl":"https:\/\/secure.gravatar.com\/avatar\/049821681b589dabc0bc20695993ccebb09f5b5d4d790cd9251b97faac7c652b?s=96&d=blank&r=g","caption":"enequipo"},"sameAs":["https:\/\/www.facebook.com\/SonoraEE"]}]}},"jetpack_featured_media_url":"https:\/\/www.sonoraenequipo.com.mx\/storage\/2023\/09\/secuestrador.jpg","_links":{"self":[{"href":"https:\/\/www.sonoraenequipo.com.mx\/api\/wp\/v2\/posts\/174191","targetHints":{"allow":["GET"]}}],"collection":[{"href":"https:\/\/www.sonoraenequipo.com.mx\/api\/wp\/v2\/posts"}],"about":[{"href":"https:\/\/www.sonoraenequipo.com.mx\/api\/wp\/v2\/types\/post"}],"author":[{"embeddable":true,"href":"https:\/\/www.sonoraenequipo.com.mx\/api\/wp\/v2\/users\/1"}],"replies":[{"embeddable":true,"href":"https:\/\/www.sonoraenequipo.com.mx\/api\/wp\/v2\/comments?post=174191"}],"version-history":[{"count":1,"href":"https:\/\/www.sonoraenequipo.com.mx\/api\/wp\/v2\/posts\/174191\/revisions"}],"predecessor-version":[{"id":174193,"href":"https:\/\/www.sonoraenequipo.com.mx\/api\/wp\/v2\/posts\/174191\/revisions\/174193"}],"wp:featuredmedia":[{"embeddable":true,"href":"https:\/\/www.sonoraenequipo.com.mx\/api\/wp\/v2\/media\/174192"}],"wp:attachment":[{"href":"https:\/\/www.sonoraenequipo.com.mx\/api\/wp\/v2\/media?parent=174191"}],"wp:term":[{"taxonomy":"category","embeddable":true,"href":"https:\/\/www.sonoraenequipo.com.mx\/api\/wp\/v2\/categories?post=174191"},{"taxonomy":"post_tag","embeddable":true,"href":"https:\/\/www.sonoraenequipo.com.mx\/api\/wp\/v2\/tags?post=174191"}],"curies":[{"name":"wp","href":"https:\/\/api.w.org\/{rel}","templated":true}]}}