{"id":174194,"date":"2023-09-05T13:43:41","date_gmt":"2023-09-05T20:43:41","guid":{"rendered":"https:\/\/www.sonoraenequipo.com.mx\/?p=174194"},"modified":"2023-09-05T15:27:01","modified_gmt":"2023-09-05T22:27:01","slug":"cajeme-da-bienvenida-alcalde-lamarque-cano-a-238-jovenes-construyendo-el-futuro","status":"publish","type":"post","link":"https:\/\/www.sonoraenequipo.com.mx\/cajeme-da-bienvenida-alcalde-lamarque-cano-a-238-jovenes-construyendo-el-futuro\/","title":{"rendered":"CAJEME. Da bienvenida alcalde Lamarque Cano a 238 j\u00f3venes construyendo el futuro"},"content":{"rendered":"<p><strong>CAJEME, SONORA,MX.<\/strong><strong>\u2500\u2500<\/strong> \u00a0Con el fin de que las y los j\u00f3venes cajemenses, que por alguna circunstancia les ha sido imposible seguir estudiando o se encuentran sin empleo, inicien su proceso de capacitaci\u00f3n en cerca de 20 dependencias municipales y universidades de la localidad, el Alcalde Javier Lamarque Cano y la Presidenta del Voluntariado DIF Cajeme, Patricia Pati\u00f1o Fierro, dieron la bienvenida a 238 hombres y mujeres que desde hoy acceden a una beca del programa J\u00f3venes Construyendo el Futuro, por la cantidad 6 mil 310 pesos durante 12 meses, incluyendo seguro m\u00e9dico.<\/p>\n<p>&nbsp;<\/p>\n<p>Al dirigirse a las y los j\u00f3venes que se ven beneficiados con este programa de car\u00e1cter estrictamente social, el Presidente Municipal manifest\u00f3 que la inversi\u00f3n directa en esta etapa de capacitaci\u00f3n es por el orden de 1 mill\u00f3n 501 mil 780 pesos en Cajeme, mientras que a nivel pa\u00eds se han invertido 100 mil millones de pesos a trav\u00e9s del programa J\u00f3venes Construyendo el Futuro, es decir un apoyo federal a la juventud de 14 veces m\u00e1s de los que se invirti\u00f3 en los \u00faltimos seis sexenios.<\/p>\n<p>&nbsp;<\/p>\n<p>\u201cEste es un programa federal de doble v\u00eda, pues no s\u00f3lo brinda la oportunidad de que las y los j\u00f3venes que no est\u00e1n trabajando ni estudiando sean capacitados en alg\u00fan \u00e1rea laboral, sino que, a la vez, subsidia a las propias empresas y gobiernos para disponer de fuerza de trabajo sin que les represente gasto alguno, lo que da como resultado una doble ganancia, de ah\u00ed la nobleza de esta iniciativa que ya se ha convertido en derecho social\u201d, indic\u00f3 el Presidente Municipal.<\/p>\n<p>&nbsp;<\/p>\n<p>Aclar\u00f3 que el programa ha sido criticado por quienes no cuentan con la sensibilidad ni la solidaridad social para comprender que es sumamente necesario apoyar a la juventud para que, por un lado, adquiera experiencia laboral que le abra puertas para ser contratado de manera formal y, por otra parte, para que con la misma beca pueda contribuir a la econom\u00eda familiar y social.<\/p>\n<p>&nbsp;<\/p>\n<p>\u201cA nivel nacional este programa ha becado a 2 millones 600 mil j\u00f3venes, de estos 1 mill\u00f3n 600 mil han quedado con empleo dentro de la misma empresa que les dio la oportunidad de capacitarse, es decir que el 62 por ciento de los beneficiados han obtenido su plaza laboral.<\/p>\n<p>&nbsp;<\/p>\n<p>Por su parte, la tambi\u00e9n Directora General del ITESCA, Patricia Pati\u00f1o Fierro, felicit\u00f3 a las y los j\u00f3venes que se integran a las diferentes dependencias del Ayuntamiento y los invit\u00f3 a formar parte activa en cada una de las \u00e1reas que les corresponden.<\/p>\n<p>&nbsp;<\/p>\n<p>\u201cTener una actividad es algo extraordinario y si la puedes desarrollar cuando eres parte activa de tu comunidad, pues todav\u00eda mucho mejor\u201d, expres\u00f3 la Presidenta del Voluntariado DIF Cajeme.<\/p>\n<p>&nbsp;<\/p>\n<p>El Director del Instituto Cajemense de la Juventud, (ICJ), Fernando F\u00e9lix Garza, se\u00f1al\u00f3 que, gracias a la coordinaci\u00f3n entre municipio, estado y federaci\u00f3n, las y los 238 j\u00f3venes recibir\u00e1n capacitaci\u00f3n durante 8 horas diarias, de lunes a viernes, con seguro m\u00e9dico por parte del IMSS, en distintas dependencias, entre ellas la Secretar\u00eda del Bienestar, DIF, Oomapasc, Seguridad P\u00fablica, Comunicaci\u00f3n Social, Inform\u00e1tica, Instituto Cajemense de la Mujer, Educaci\u00f3n, Deporte, Secretar\u00eda de Econom\u00eda, Central Camionera, Tesorer\u00eda, Rastro Municipal, Imagen Institucional, Desarrollo Urbano, Cultura, Oficial\u00eda Mayor y Sindicatura, entre otras.<\/p>\n<p><strong>Fecha de publicaci\u00f3n\u00a0 martes\u00a0 5 de septiembre de 2023<\/strong><\/p>\n","protected":false},"excerpt":{"rendered":"<p>CAJEME, SONORA,MX.\u2500\u2500 \u00a0Con el fin de que las y los j\u00f3venes cajemenses, que por alguna&#8230;<\/p>\n","protected":false},"author":1,"featured_media":174195,"comment_status":"open","ping_status":"open","sticky":false,"template":"","format":"standard","meta":{"_monsterinsights_skip_tracking":false,"_monsterinsights_sitenote_active":false,"_monsterinsights_sitenote_note":"","_monsterinsights_sitenote_category":0,"footnotes":""},"categories":[4],"tags":[476,1222],"class_list":["post"],"yoast_head":" \n<title>Sonora en Equipo. CAJEME. Da bienvenida alcalde Lamarque Cano a 238 j\u00f3venes construyendo el futuro Municipios<\/title>\n<meta name=\"description\" content=\"CAJEME, SONORA,MX.\u2500\u2500 \u00a0Con el fin de que las y los j\u00f3venes cajemenses, que por alguna circunstancia les ha sido imposible seguir estudiando o se encuentran En Sonora en Equipo publicamos toda la informaci\u00f3n de Sonora, M\u00e9xico y el Mundo de manera oportuna y busca que la libertad de expresi\u00f3n sea real. Visita nuestro medio informativo publicado desde Hermosillo, Sonora. %\" \/>\n<meta name=\"robots\" content=\"index, follow, max-snippet:-1, max-image-preview:large, max-video-preview:-1\" \/>\n<link rel=\"canonical\" href=\"https:\/\/www.sonoraenequipo.com.mx\/cajeme-da-bienvenida-alcalde-lamarque-cano-a-238-jovenes-construyendo-el-futuro\/\" \/>\n<meta property=\"og:locale\" content=\"es_ES\" \/>\n<meta property=\"og:type\" content=\"article\" \/>\n<meta property=\"og:title\" content=\"Sonora en Equipo. CAJEME. Da bienvenida alcalde Lamarque Cano a 238 j\u00f3venes construyendo el futuro Municipios\" \/>\n<meta property=\"og:description\" content=\"CAJEME, SONORA,MX.\u2500\u2500 \u00a0Con el fin de que las y los j\u00f3venes cajemenses, que por alguna circunstancia les ha sido imposible seguir estudiando o se encuentran En Sonora en Equipo publicamos toda la informaci\u00f3n de Sonora, M\u00e9xico y el Mundo de manera oportuna y busca que la libertad de expresi\u00f3n sea real. Visita nuestro medio informativo publicado desde Hermosillo, Sonora. %\" \/>\n<meta property=\"og:url\" content=\"https:\/\/www.sonoraenequipo.com.mx\/cajeme-da-bienvenida-alcalde-lamarque-cano-a-238-jovenes-construyendo-el-futuro\/\" \/>\n<meta property=\"og:site_name\" content=\"Sonora en Equipo.\" \/>\n<meta property=\"article:publisher\" content=\"https:\/\/www.facebook.com\/SonoraEE\/\" \/>\n<meta property=\"article:author\" content=\"https:\/\/www.facebook.com\/SonoraEE\" \/>\n<meta property=\"article:published_time\" content=\"2023-09-05T20:43:41+00:00\" \/>\n<meta property=\"article:modified_time\" content=\"2023-09-05T22:27:01+00:00\" \/>\n<meta property=\"og:image\" content=\"https:\/\/www.sonoraenequipo.com.mx\/storage\/2023\/09\/jovenes.jpg\" \/>\n\t<meta property=\"og:image:width\" content=\"600\" \/>\n\t<meta property=\"og:image:height\" content=\"400\" \/>\n\t<meta property=\"og:image:type\" content=\"image\/jpeg\" \/>\n<meta name=\"author\" content=\"enequipo\" \/>\n<meta name=\"twitter:card\" content=\"summary_large_image\" \/>\n<meta name=\"twitter:creator\" content=\"@sonoraenequipo\" \/>\n<meta name=\"twitter:site\" content=\"@sonoraenequipo\" \/>\n<meta name=\"twitter:label1\" content=\"Escrito por\" \/>\n\t<meta name=\"twitter:data1\" content=\"enequipo\" \/>\n\t<meta name=\"twitter:label2\" content=\"Tiempo de lectura\" \/>\n\t<meta name=\"twitter:data2\" content=\"3 minutos\" \/>\n<script type=\"application\/ld+json\" class=\"yoast-schema-graph\">{\"@context\":\"https:\/\/schema.org\",\"@graph\":[{\"@type\":\"Article\",\"@id\":\"https:\/\/www.sonoraenequipo.com.mx\/cajeme-da-bienvenida-alcalde-lamarque-cano-a-238-jovenes-construyendo-el-futuro\/#article\",\"isPartOf\":{\"@id\":\"https:\/\/www.sonoraenequipo.com.mx\/cajeme-da-bienvenida-alcalde-lamarque-cano-a-238-jovenes-construyendo-el-futuro\/\"},\"author\":{\"name\":\"enequipo\",\"@id\":\"https:\/\/www.sonoraenequipo.com.mx\/#\/schema\/person\/50102df0fb23a8fa9e8effad8fa81386\"},\"headline\":\"CAJEME. Da bienvenida alcalde Lamarque Cano a 238 j\u00f3venes construyendo el futuro\",\"datePublished\":\"2023-09-05T20:43:41+00:00\",\"dateModified\":\"2023-09-05T22:27:01+00:00\",\"mainEntityOfPage\":{\"@id\":\"https:\/\/www.sonoraenequipo.com.mx\/cajeme-da-bienvenida-alcalde-lamarque-cano-a-238-jovenes-construyendo-el-futuro\/\"},\"wordCount\":589,\"commentCount\":0,\"publisher\":{\"@id\":\"https:\/\/www.sonoraenequipo.com.mx\/#organization\"},\"image\":{\"@id\":\"https:\/\/www.sonoraenequipo.com.mx\/cajeme-da-bienvenida-alcalde-lamarque-cano-a-238-jovenes-construyendo-el-futuro\/#primaryimage\"},\"thumbnailUrl\":\"https:\/\/www.sonoraenequipo.com.mx\/storage\/2023\/09\/jovenes.jpg\",\"keywords\":[\"Cajeme\",\"j\u00f3venes\"],\"articleSection\":[\"Municipios\"],\"inLanguage\":\"es\",\"potentialAction\":[{\"@type\":\"CommentAction\",\"name\":\"Comment\",\"target\":[\"https:\/\/www.sonoraenequipo.com.mx\/cajeme-da-bienvenida-alcalde-lamarque-cano-a-238-jovenes-construyendo-el-futuro\/#respond\"]}]},{\"@type\":\"WebPage\",\"@id\":\"https:\/\/www.sonoraenequipo.com.mx\/cajeme-da-bienvenida-alcalde-lamarque-cano-a-238-jovenes-construyendo-el-futuro\/\",\"url\":\"https:\/\/www.sonoraenequipo.com.mx\/cajeme-da-bienvenida-alcalde-lamarque-cano-a-238-jovenes-construyendo-el-futuro\/\",\"name\":\"Sonora en Equipo. CAJEME. Da bienvenida alcalde Lamarque Cano a 238 j\u00f3venes construyendo el futuro Municipios\",\"isPartOf\":{\"@id\":\"https:\/\/www.sonoraenequipo.com.mx\/#website\"},\"primaryImageOfPage\":{\"@id\":\"https:\/\/www.sonoraenequipo.com.mx\/cajeme-da-bienvenida-alcalde-lamarque-cano-a-238-jovenes-construyendo-el-futuro\/#primaryimage\"},\"image\":{\"@id\":\"https:\/\/www.sonoraenequipo.com.mx\/cajeme-da-bienvenida-alcalde-lamarque-cano-a-238-jovenes-construyendo-el-futuro\/#primaryimage\"},\"thumbnailUrl\":\"https:\/\/www.sonoraenequipo.com.mx\/storage\/2023\/09\/jovenes.jpg\",\"datePublished\":\"2023-09-05T20:43:41+00:00\",\"dateModified\":\"2023-09-05T22:27:01+00:00\",\"description\":\"CAJEME, SONORA,MX.\u2500\u2500 \u00a0Con el fin de que las y los j\u00f3venes cajemenses, que por alguna circunstancia les ha sido imposible seguir estudiando o se encuentran En Sonora en Equipo publicamos toda la informaci\u00f3n de Sonora, M\u00e9xico y el Mundo de manera oportuna y busca que la libertad de expresi\u00f3n sea real. Visita nuestro medio informativo publicado desde Hermosillo, Sonora. %\",\"breadcrumb\":{\"@id\":\"https:\/\/www.sonoraenequipo.com.mx\/cajeme-da-bienvenida-alcalde-lamarque-cano-a-238-jovenes-construyendo-el-futuro\/#breadcrumb\"},\"inLanguage\":\"es\",\"potentialAction\":[{\"@type\":\"ReadAction\",\"target\":[\"https:\/\/www.sonoraenequipo.com.mx\/cajeme-da-bienvenida-alcalde-lamarque-cano-a-238-jovenes-construyendo-el-futuro\/\"]}]},{\"@type\":\"ImageObject\",\"inLanguage\":\"es\",\"@id\":\"https:\/\/www.sonoraenequipo.com.mx\/cajeme-da-bienvenida-alcalde-lamarque-cano-a-238-jovenes-construyendo-el-futuro\/#primaryimage\",\"url\":\"https:\/\/www.sonoraenequipo.com.mx\/storage\/2023\/09\/jovenes.jpg\",\"contentUrl\":\"https:\/\/www.sonoraenequipo.com.mx\/storage\/2023\/09\/jovenes.jpg\",\"width\":600,\"height\":400},{\"@type\":\"BreadcrumbList\",\"@id\":\"https:\/\/www.sonoraenequipo.com.mx\/cajeme-da-bienvenida-alcalde-lamarque-cano-a-238-jovenes-construyendo-el-futuro\/#breadcrumb\",\"itemListElement\":[{\"@type\":\"ListItem\",\"position\":1,\"name\":\"Portada\",\"item\":\"https:\/\/www.sonoraenequipo.com.mx\/\"},{\"@type\":\"ListItem\",\"position\":2,\"name\":\"CAJEME. Da bienvenida alcalde Lamarque Cano a 238 j\u00f3venes construyendo el futuro\"}]},{\"@type\":\"WebSite\",\"@id\":\"https:\/\/www.sonoraenequipo.com.mx\/#website\",\"url\":\"https:\/\/www.sonoraenequipo.com.mx\/\",\"name\":\"Sonora en Equipo.\",\"description\":\"Diario en l\u00ednea con Noticias desde Hermosillo, Sonora\",\"publisher\":{\"@id\":\"https:\/\/www.sonoraenequipo.com.mx\/#organization\"},\"potentialAction\":[{\"@type\":\"SearchAction\",\"target\":{\"@type\":\"EntryPoint\",\"urlTemplate\":\"https:\/\/www.sonoraenequipo.com.mx\/?s={search_term_string}\"},\"query-input\":{\"@type\":\"PropertyValueSpecification\",\"valueRequired\":true,\"valueName\":\"search_term_string\"}}],\"inLanguage\":\"es\"},{\"@type\":\"Organization\",\"@id\":\"https:\/\/www.sonoraenequipo.com.mx\/#organization\",\"name\":\"Sonoraenequipo.com.mx\",\"url\":\"https:\/\/www.sonoraenequipo.com.mx\/\",\"logo\":{\"@type\":\"ImageObject\",\"inLanguage\":\"es\",\"@id\":\"https:\/\/www.sonoraenequipo.com.mx\/#\/schema\/logo\/image\/\",\"url\":\"https:\/\/www.sonoraenequipo.com.mx\/storage\/2019\/01\/sonoraenequipo_opt.png\",\"contentUrl\":\"https:\/\/www.sonoraenequipo.com.mx\/storage\/2019\/01\/sonoraenequipo_opt.png\",\"width\":375,\"height\":125,\"caption\":\"Sonoraenequipo.com.mx\"},\"image\":{\"@id\":\"https:\/\/www.sonoraenequipo.com.mx\/#\/schema\/logo\/image\/\"},\"sameAs\":[\"https:\/\/www.facebook.com\/SonoraEE\/\",\"https:\/\/x.com\/sonoraenequipo\",\"https:\/\/www.youtube.com\/channel\/UC338nW-lPEYmJQs4ZABQ1SQ\"]},{\"@type\":\"Person\",\"@id\":\"https:\/\/www.sonoraenequipo.com.mx\/#\/schema\/person\/50102df0fb23a8fa9e8effad8fa81386\",\"name\":\"enequipo\",\"image\":{\"@type\":\"ImageObject\",\"inLanguage\":\"es\",\"@id\":\"https:\/\/www.sonoraenequipo.com.mx\/#\/schema\/person\/image\/\",\"url\":\"https:\/\/secure.gravatar.com\/avatar\/049821681b589dabc0bc20695993ccebb09f5b5d4d790cd9251b97faac7c652b?s=96&d=blank&r=g\",\"contentUrl\":\"https:\/\/secure.gravatar.com\/avatar\/049821681b589dabc0bc20695993ccebb09f5b5d4d790cd9251b97faac7c652b?s=96&d=blank&r=g\",\"caption\":\"enequipo\"},\"sameAs\":[\"https:\/\/www.facebook.com\/SonoraEE\"]}]}<\/script>\n ","yoast_head_json":{"title":"Sonora en Equipo. CAJEME. Da bienvenida alcalde Lamarque Cano a 238 j\u00f3venes construyendo el futuro Municipios","description":"CAJEME, SONORA,MX.\u2500\u2500 \u00a0Con el fin de que las y los j\u00f3venes cajemenses, que por alguna circunstancia les ha sido imposible seguir estudiando o se encuentran En Sonora en Equipo publicamos toda la informaci\u00f3n de Sonora, M\u00e9xico y el Mundo de manera oportuna y busca que la libertad de expresi\u00f3n sea real. Visita nuestro medio informativo publicado desde Hermosillo, Sonora. %","robots":{"index":"index","follow":"follow","max-snippet":"max-snippet:-1","max-image-preview":"max-image-preview:large","max-video-preview":"max-video-preview:-1"},"canonical":"https:\/\/www.sonoraenequipo.com.mx\/cajeme-da-bienvenida-alcalde-lamarque-cano-a-238-jovenes-construyendo-el-futuro\/","og_locale":"es_ES","og_type":"article","og_title":"Sonora en Equipo. CAJEME. Da bienvenida alcalde Lamarque Cano a 238 j\u00f3venes construyendo el futuro Municipios","og_description":"CAJEME, SONORA,MX.\u2500\u2500 \u00a0Con el fin de que las y los j\u00f3venes cajemenses, que por alguna circunstancia les ha sido imposible seguir estudiando o se encuentran En Sonora en Equipo publicamos toda la informaci\u00f3n de Sonora, M\u00e9xico y el Mundo de manera oportuna y busca que la libertad de expresi\u00f3n sea real. Visita nuestro medio informativo publicado desde Hermosillo, Sonora. %","og_url":"https:\/\/www.sonoraenequipo.com.mx\/cajeme-da-bienvenida-alcalde-lamarque-cano-a-238-jovenes-construyendo-el-futuro\/","og_site_name":"Sonora en Equipo.","article_publisher":"https:\/\/www.facebook.com\/SonoraEE\/","article_author":"https:\/\/www.facebook.com\/SonoraEE","article_published_time":"2023-09-05T20:43:41+00:00","article_modified_time":"2023-09-05T22:27:01+00:00","og_image":[{"width":600,"height":400,"url":"https:\/\/www.sonoraenequipo.com.mx\/storage\/2023\/09\/jovenes.jpg","type":"image\/jpeg"}],"author":"enequipo","twitter_card":"summary_large_image","twitter_creator":"@sonoraenequipo","twitter_site":"@sonoraenequipo","twitter_misc":{"Escrito por":"enequipo","Tiempo de lectura":"3 minutos"},"schema":{"@context":"https:\/\/schema.org","@graph":[{"@type":"Article","@id":"https:\/\/www.sonoraenequipo.com.mx\/cajeme-da-bienvenida-alcalde-lamarque-cano-a-238-jovenes-construyendo-el-futuro\/#article","isPartOf":{"@id":"https:\/\/www.sonoraenequipo.com.mx\/cajeme-da-bienvenida-alcalde-lamarque-cano-a-238-jovenes-construyendo-el-futuro\/"},"author":{"name":"enequipo","@id":"https:\/\/www.sonoraenequipo.com.mx\/#\/schema\/person\/50102df0fb23a8fa9e8effad8fa81386"},"headline":"CAJEME. Da bienvenida alcalde Lamarque Cano a 238 j\u00f3venes construyendo el futuro","datePublished":"2023-09-05T20:43:41+00:00","dateModified":"2023-09-05T22:27:01+00:00","mainEntityOfPage":{"@id":"https:\/\/www.sonoraenequipo.com.mx\/cajeme-da-bienvenida-alcalde-lamarque-cano-a-238-jovenes-construyendo-el-futuro\/"},"wordCount":589,"commentCount":0,"publisher":{"@id":"https:\/\/www.sonoraenequipo.com.mx\/#organization"},"image":{"@id":"https:\/\/www.sonoraenequipo.com.mx\/cajeme-da-bienvenida-alcalde-lamarque-cano-a-238-jovenes-construyendo-el-futuro\/#primaryimage"},"thumbnailUrl":"https:\/\/www.sonoraenequipo.com.mx\/storage\/2023\/09\/jovenes.jpg","keywords":["Cajeme","j\u00f3venes"],"articleSection":["Municipios"],"inLanguage":"es","potentialAction":[{"@type":"CommentAction","name":"Comment","target":["https:\/\/www.sonoraenequipo.com.mx\/cajeme-da-bienvenida-alcalde-lamarque-cano-a-238-jovenes-construyendo-el-futuro\/#respond"]}]},{"@type":"WebPage","@id":"https:\/\/www.sonoraenequipo.com.mx\/cajeme-da-bienvenida-alcalde-lamarque-cano-a-238-jovenes-construyendo-el-futuro\/","url":"https:\/\/www.sonoraenequipo.com.mx\/cajeme-da-bienvenida-alcalde-lamarque-cano-a-238-jovenes-construyendo-el-futuro\/","name":"Sonora en Equipo. CAJEME. Da bienvenida alcalde Lamarque Cano a 238 j\u00f3venes construyendo el futuro Municipios","isPartOf":{"@id":"https:\/\/www.sonoraenequipo.com.mx\/#website"},"primaryImageOfPage":{"@id":"https:\/\/www.sonoraenequipo.com.mx\/cajeme-da-bienvenida-alcalde-lamarque-cano-a-238-jovenes-construyendo-el-futuro\/#primaryimage"},"image":{"@id":"https:\/\/www.sonoraenequipo.com.mx\/cajeme-da-bienvenida-alcalde-lamarque-cano-a-238-jovenes-construyendo-el-futuro\/#primaryimage"},"thumbnailUrl":"https:\/\/www.sonoraenequipo.com.mx\/storage\/2023\/09\/jovenes.jpg","datePublished":"2023-09-05T20:43:41+00:00","dateModified":"2023-09-05T22:27:01+00:00","description":"CAJEME, SONORA,MX.\u2500\u2500 \u00a0Con el fin de que las y los j\u00f3venes cajemenses, que por alguna circunstancia les ha sido imposible seguir estudiando o se encuentran En Sonora en Equipo publicamos toda la informaci\u00f3n de Sonora, M\u00e9xico y el Mundo de manera oportuna y busca que la libertad de expresi\u00f3n sea real. Visita nuestro medio informativo publicado desde Hermosillo, Sonora. %","breadcrumb":{"@id":"https:\/\/www.sonoraenequipo.com.mx\/cajeme-da-bienvenida-alcalde-lamarque-cano-a-238-jovenes-construyendo-el-futuro\/#breadcrumb"},"inLanguage":"es","potentialAction":[{"@type":"ReadAction","target":["https:\/\/www.sonoraenequipo.com.mx\/cajeme-da-bienvenida-alcalde-lamarque-cano-a-238-jovenes-construyendo-el-futuro\/"]}]},{"@type":"ImageObject","inLanguage":"es","@id":"https:\/\/www.sonoraenequipo.com.mx\/cajeme-da-bienvenida-alcalde-lamarque-cano-a-238-jovenes-construyendo-el-futuro\/#primaryimage","url":"https:\/\/www.sonoraenequipo.com.mx\/storage\/2023\/09\/jovenes.jpg","contentUrl":"https:\/\/www.sonoraenequipo.com.mx\/storage\/2023\/09\/jovenes.jpg","width":600,"height":400},{"@type":"BreadcrumbList","@id":"https:\/\/www.sonoraenequipo.com.mx\/cajeme-da-bienvenida-alcalde-lamarque-cano-a-238-jovenes-construyendo-el-futuro\/#breadcrumb","itemListElement":[{"@type":"ListItem","position":1,"name":"Portada","item":"https:\/\/www.sonoraenequipo.com.mx\/"},{"@type":"ListItem","position":2,"name":"CAJEME. Da bienvenida alcalde Lamarque Cano a 238 j\u00f3venes construyendo el futuro"}]},{"@type":"WebSite","@id":"https:\/\/www.sonoraenequipo.com.mx\/#website","url":"https:\/\/www.sonoraenequipo.com.mx\/","name":"Sonora en Equipo.","description":"Diario en l\u00ednea con Noticias desde Hermosillo, Sonora","publisher":{"@id":"https:\/\/www.sonoraenequipo.com.mx\/#organization"},"potentialAction":[{"@type":"SearchAction","target":{"@type":"EntryPoint","urlTemplate":"https:\/\/www.sonoraenequipo.com.mx\/?s={search_term_string}"},"query-input":{"@type":"PropertyValueSpecification","valueRequired":true,"valueName":"search_term_string"}}],"inLanguage":"es"},{"@type":"Organization","@id":"https:\/\/www.sonoraenequipo.com.mx\/#organization","name":"Sonoraenequipo.com.mx","url":"https:\/\/www.sonoraenequipo.com.mx\/","logo":{"@type":"ImageObject","inLanguage":"es","@id":"https:\/\/www.sonoraenequipo.com.mx\/#\/schema\/logo\/image\/","url":"https:\/\/www.sonoraenequipo.com.mx\/storage\/2019\/01\/sonoraenequipo_opt.png","contentUrl":"https:\/\/www.sonoraenequipo.com.mx\/storage\/2019\/01\/sonoraenequipo_opt.png","width":375,"height":125,"caption":"Sonoraenequipo.com.mx"},"image":{"@id":"https:\/\/www.sonoraenequipo.com.mx\/#\/schema\/logo\/image\/"},"sameAs":["https:\/\/www.facebook.com\/SonoraEE\/","https:\/\/x.com\/sonoraenequipo","https:\/\/www.youtube.com\/channel\/UC338nW-lPEYmJQs4ZABQ1SQ"]},{"@type":"Person","@id":"https:\/\/www.sonoraenequipo.com.mx\/#\/schema\/person\/50102df0fb23a8fa9e8effad8fa81386","name":"enequipo","image":{"@type":"ImageObject","inLanguage":"es","@id":"https:\/\/www.sonoraenequipo.com.mx\/#\/schema\/person\/image\/","url":"https:\/\/secure.gravatar.com\/avatar\/049821681b589dabc0bc20695993ccebb09f5b5d4d790cd9251b97faac7c652b?s=96&d=blank&r=g","contentUrl":"https:\/\/secure.gravatar.com\/avatar\/049821681b589dabc0bc20695993ccebb09f5b5d4d790cd9251b97faac7c652b?s=96&d=blank&r=g","caption":"enequipo"},"sameAs":["https:\/\/www.facebook.com\/SonoraEE"]}]}},"jetpack_featured_media_url":"https:\/\/www.sonoraenequipo.com.mx\/storage\/2023\/09\/jovenes.jpg","_links":{"self":[{"href":"https:\/\/www.sonoraenequipo.com.mx\/api\/wp\/v2\/posts\/174194","targetHints":{"allow":["GET"]}}],"collection":[{"href":"https:\/\/www.sonoraenequipo.com.mx\/api\/wp\/v2\/posts"}],"about":[{"href":"https:\/\/www.sonoraenequipo.com.mx\/api\/wp\/v2\/types\/post"}],"author":[{"embeddable":true,"href":"https:\/\/www.sonoraenequipo.com.mx\/api\/wp\/v2\/users\/1"}],"replies":[{"embeddable":true,"href":"https:\/\/www.sonoraenequipo.com.mx\/api\/wp\/v2\/comments?post=174194"}],"version-history":[{"count":2,"href":"https:\/\/www.sonoraenequipo.com.mx\/api\/wp\/v2\/posts\/174194\/revisions"}],"predecessor-version":[{"id":174213,"href":"https:\/\/www.sonoraenequipo.com.mx\/api\/wp\/v2\/posts\/174194\/revisions\/174213"}],"wp:featuredmedia":[{"embeddable":true,"href":"https:\/\/www.sonoraenequipo.com.mx\/api\/wp\/v2\/media\/174195"}],"wp:attachment":[{"href":"https:\/\/www.sonoraenequipo.com.mx\/api\/wp\/v2\/media?parent=174194"}],"wp:term":[{"taxonomy":"category","embeddable":true,"href":"https:\/\/www.sonoraenequipo.com.mx\/api\/wp\/v2\/categories?post=174194"},{"taxonomy":"post_tag","embeddable":true,"href":"https:\/\/www.sonoraenequipo.com.mx\/api\/wp\/v2\/tags?post=174194"}],"curies":[{"name":"wp","href":"https:\/\/api.w.org\/{rel}","templated":true}]}}